{"id":9519,"date":"2020-02-02T11:54:12","date_gmt":"2020-02-01T22:17:11","guid":{"rendered":"https:\/\/malaga.salesianos.edu\/familiasalesiana\/blog\/en-busca-del-tesoro-de-don-bosco\/"},"modified":"2020-02-02T12:05:22","modified_gmt":"2020-02-02T11:05:22","slug":"en-busca-del-tesoro-de-don-bosco","status":"publish","type":"post","link":"https:\/\/malaga.salesianos.edu\/familiasalesiana\/blog\/en-busca-del-tesoro-de-don-bosco\/","title":{"rendered":"En busca del Tesoro de Don Bosco"},"content":{"rendered":"<p>[et_pb_section fb_built=\u00bb1&#8243; admin_label=\u00bbsection\u00bb _builder_version=\u00bb3.22.3&#8243; custom_padding=\u00bb2px|0px|54px|0px\u00bb][et_pb_row admin_label=\u00bbrow\u00bb _builder_version=\u00bb3.25&#8243; background_size=\u00bbinitial\u00bb background_position=\u00bbtop_left\u00bb background_repeat=\u00bbrepeat\u00bb][et_pb_column type=\u00bb4_4&#8243; _builder_version=\u00bb3.25&#8243; custom_padding=\u00bb|||\u00bb custom_padding__hover=\u00bb|||\u00bb][et_pb_text admin_label=\u00bbDesarrollo\u00bb _builder_version=\u00bb4.0.6&#8243; text_orientation=\u00bbjustified\u00bb custom_padding=\u00bb0px|||||\u00bb z_index_tablet=\u00bb500&#8243; use_border_color=\u00bboff\u00bb border_color=\u00bb#ffffff\u00bb border_style=\u00bbsolid\u00bb]<\/p>\n<p><em><strong>Tras un mes de actividades especiales, finalizamos enero con la alegr\u00eda de celebrar la festividad de San Juan Bosco, en una jornada llena de alegr\u00eda.<\/strong> <\/em><\/p>\n<p>El viernes, todos nos despertamos con ganas de celebrar. \u00a1Por fin llegaba la Fiesta de San Juan Bosco! Los 31 de enero son d\u00edas muy especiales en nuestro colegio, que es nuestra casa. Son d\u00edas llenos de alegr\u00eda, de compa\u00f1erismo, de actividades divertidas, de convivencia. D\u00edas que siempre llevaremos en nuestros corazones.<\/p>\n<p>La jornada comenz\u00f3 con las Eucarist\u00edas para ESO y Bachillerato, en el Santuario, y para Ciclos Formativos y FPB, en el teatro. Los alumnos de ESO presentaron las carteleras que hab\u00edan trabajado durante este mes en las tutor\u00edas. Los peque\u00f1os de Infantil y Primaria tuvieron tambi\u00e9n sus celebraciones.<\/p>\n<p>Por otra parte, los miembros del AMPA Mam\u00e1 Margarita tambi\u00e9n madrugaron para preparar el desayuno a todos los alumnos del centro. Y es que siempre est\u00e1n dispuestos a ayudar y colaborar en todo lo que pueden.<\/p>\n<p>El resto de la ma\u00f1ana transcurri\u00f3 de un modo distinto seg\u00fan la etapa. Los peque\u00f1os de Infantil se enfrascaron en la b\u00fasqueda del Tesoro de Don Bosco. Y creedme si os cuento que estaba tan escondido que les llev\u00f3 toda la ma\u00f1ana encontrarlo. Estaban entusiasmados. Mientras, el alumnado de Primaria se divirti\u00f3 con distintos juegos en el patio. Las etapas m\u00e1s mayores realizaron actividades distintas por tutor\u00edas: barbacoas, encuentros deportivos, visitas en las que aprendieron juntos sobre temas novedosos, relacionadas con la vocaci\u00f3n o futuras profesiones, o a lugares que no hab\u00edan visitado jam\u00e1s y que descubr\u00edan juntos. Pero todas las actividades tuvieron en com\u00fan la convivencia con el grupo y con los profesores, y la alegr\u00eda de estar juntos.<\/p>\n<p>La jornada finaliz\u00f3 con la solemne Eucarist\u00eda en honor a San Juan Bosco, celebrada en el Santurio a las 19.30 h, y en la que particip\u00f3 toda la Familia Salesiana de M\u00e1laga.<\/p>\n<p>Un a\u00f1o m\u00e1s vivimos un 31 de enero emocionante, lleno de vida, en el que descubrimos un Tesoro, el tesoro de sabernos herederos del precioso legado que Don Bosco nos dej\u00f3.<\/p>\n<p>[\/et_pb_text][et_pb_text _builder_version=\u00bb4.0.6&#8243; hover_enabled=\u00bb0&#8243;]<\/p>\n<p><strong>Galer\u00eda de im\u00e1genes<\/strong><\/p>\n<p>[\/et_pb_text][et_pb_gallery gallery_ids=\u00bb20001,20002,20003,20004,20005,20006,20007,20008,20009,20010,20011,20012,20013,20014,20015,20016,20017,20018,20019,20020,20021,20022,20023,20024,20025,20026,20027,20028,20029,20030,20031,20032,20033,20034,20035,20036,20037,20038,20039,20040,20041,20042,20043,20044,20045,20046,20047,20048,20049,20050,20051,20052,20053,20054,20055,20056,20057,20058,20059,20060,20061,20062,20063,20064,20065,20066,20067,20068,20069,20070,20071,20072,20073,20074,20075,20076,20077,20078,20079,20080&#8243; posts_number=\u00bb12&#8243; show_title_and_caption=\u00bboff\u00bb _builder_version=\u00bb4.0.6&#8243;][\/et_pb_gallery][\/et_pb_column][\/et_pb_row][\/et_pb_section]<\/p>\n","protected":false},"excerpt":{"rendered":"<p>Tras un mes de actividades especiales, finalizamos enero con la alegr\u00eda de celebrar la festividad de San Juan Bosco, en una jornada llena de alegr\u00eda. El viernes, todos nos despertamos con ganas de celebrar. \u00a1Por fin llegaba la Fiesta de San Juan Bosco! Los 31 de enero son d\u00edas muy especiales en nuestro colegio, que [&hellip;]<\/p>\n","protected":false},"author":2,"featured_media":9525,"comment_status":"open","ping_status":"open","sticky":false,"template":"","format":"standard","meta":{"_et_pb_use_builder":"on","_et_pb_old_content":"","_et_gb_content_width":"","footnotes":""},"categories":[113,10,101,112],"tags":[],"class_list":["post-9519","post","type-post","status-publish","format-standard","has-post-thumbnail","hentry","category-casa","category-colegio","category-familia-salesiana","category-santuario"],"yoast_head":"<!-- This site is optimized with the Yoast SEO plugin v28.3 - https:\/\/yoast.com\/product\/yoast-seo-wordpress\/ -->\n<title>En busca del Tesoro de Don Bosco - Familia Salesiana | Salesianos M\u00e1laga<\/title>\n<meta name=\"robots\" content=\"index, follow, max-snippet:-1, max-image-preview:large, max-video-preview:-1\" \/>\n<link rel=\"canonical\" href=\"https:\/\/malaga.salesianos.edu\/familiasalesiana\/blog\/en-busca-del-tesoro-de-don-bosco\/\" \/>\n<meta property=\"og:locale\" content=\"es_ES\" \/>\n<meta property=\"og:type\" content=\"article\" \/>\n<meta property=\"og:title\" content=\"En busca del Tesoro de Don Bosco - Familia Salesiana | Salesianos M\u00e1laga\" \/>\n<meta property=\"og:description\" content=\"Tras un mes de actividades especiales, finalizamos enero con la alegr\u00eda de celebrar la festividad de San Juan Bosco, en una jornada llena de alegr\u00eda. El viernes, todos nos despertamos con ganas de celebrar. \u00a1Por fin llegaba la Fiesta de San Juan Bosco! Los 31 de enero son d\u00edas muy especiales en nuestro colegio, que [&hellip;]\" \/>\n<meta property=\"og:url\" content=\"https:\/\/malaga.salesianos.edu\/familiasalesiana\/blog\/en-busca-del-tesoro-de-don-bosco\/\" \/>\n<meta property=\"og:site_name\" content=\"Familia Salesiana | Salesianos M\u00e1laga\" \/>\n<meta property=\"article:published_time\" content=\"2020-02-01T22:17:11+00:00\" \/>\n<meta property=\"article:modified_time\" content=\"2020-02-02T11:05:22+00:00\" \/>\n<meta property=\"og:image\" content=\"https:\/\/malaga.salesianos.edu\/familiasalesiana\/wp-content\/uploads\/sites\/8\/2020\/02\/SolemneEucaristia_1.jpg\" \/>\n\t<meta property=\"og:image:width\" content=\"2048\" \/>\n\t<meta property=\"og:image:height\" content=\"1536\" \/>\n\t<meta property=\"og:image:type\" content=\"image\/jpeg\" \/>\n<meta name=\"author\" content=\"Comunicaci\u00f3n MLG\" \/>\n<meta name=\"twitter:card\" content=\"summary_large_image\" \/>\n<meta name=\"twitter:label1\" content=\"Escrito por\" \/>\n\t<meta name=\"twitter:data1\" content=\"Comunicaci\u00f3n MLG\" \/>\n\t<meta name=\"twitter:label2\" content=\"Tiempo de lectura\" \/>\n\t<meta name=\"twitter:data2\" content=\"2 minutos\" \/>\n<script type=\"application\/ld+json\" class=\"yoast-schema-graph\">{\"@context\":\"https:\\\/\\\/schema.org\",\"@graph\":[{\"@type\":\"Article\",\"@id\":\"https:\\\/\\\/malaga.salesianos.edu\\\/familiasalesiana\\\/blog\\\/en-busca-del-tesoro-de-don-bosco\\\/#article\",\"isPartOf\":{\"@id\":\"https:\\\/\\\/malaga.salesianos.edu\\\/familiasalesiana\\\/blog\\\/en-busca-del-tesoro-de-don-bosco\\\/\"},\"author\":{\"name\":\"Comunicaci\u00f3n MLG\",\"@id\":\"https:\\\/\\\/malaga.salesianos.edu\\\/familiasalesiana\\\/#\\\/schema\\\/person\\\/fd7e7b338b40e1c817a659fe5fce718b\"},\"headline\":\"En busca del Tesoro de Don Bosco\",\"datePublished\":\"2020-02-01T22:17:11+00:00\",\"dateModified\":\"2020-02-02T11:05:22+00:00\",\"mainEntityOfPage\":{\"@id\":\"https:\\\/\\\/malaga.salesianos.edu\\\/familiasalesiana\\\/blog\\\/en-busca-del-tesoro-de-don-bosco\\\/\"},\"wordCount\":495,\"commentCount\":0,\"image\":{\"@id\":\"https:\\\/\\\/malaga.salesianos.edu\\\/familiasalesiana\\\/blog\\\/en-busca-del-tesoro-de-don-bosco\\\/#primaryimage\"},\"thumbnailUrl\":\"https:\\\/\\\/malaga.salesianos.edu\\\/familiasalesiana\\\/wp-content\\\/uploads\\\/sites\\\/8\\\/2020\\\/02\\\/SolemneEucaristia_1.jpg\",\"articleSection\":[\"Casa\",\"Colegio\",\"Familia Salesiana\",\"Santuario\"],\"inLanguage\":\"es\",\"potentialAction\":[{\"@type\":\"CommentAction\",\"name\":\"Comment\",\"target\":[\"https:\\\/\\\/malaga.salesianos.edu\\\/familiasalesiana\\\/blog\\\/en-busca-del-tesoro-de-don-bosco\\\/#respond\"]}]},{\"@type\":\"WebPage\",\"@id\":\"https:\\\/\\\/malaga.salesianos.edu\\\/familiasalesiana\\\/blog\\\/en-busca-del-tesoro-de-don-bosco\\\/\",\"url\":\"https:\\\/\\\/malaga.salesianos.edu\\\/familiasalesiana\\\/blog\\\/en-busca-del-tesoro-de-don-bosco\\\/\",\"name\":\"En busca del Tesoro de Don Bosco - Familia Salesiana | Salesianos M\u00e1laga\",\"isPartOf\":{\"@id\":\"https:\\\/\\\/malaga.salesianos.edu\\\/familiasalesiana\\\/#website\"},\"primaryImageOfPage\":{\"@id\":\"https:\\\/\\\/malaga.salesianos.edu\\\/familiasalesiana\\\/blog\\\/en-busca-del-tesoro-de-don-bosco\\\/#primaryimage\"},\"image\":{\"@id\":\"https:\\\/\\\/malaga.salesianos.edu\\\/familiasalesiana\\\/blog\\\/en-busca-del-tesoro-de-don-bosco\\\/#primaryimage\"},\"thumbnailUrl\":\"https:\\\/\\\/malaga.salesianos.edu\\\/familiasalesiana\\\/wp-content\\\/uploads\\\/sites\\\/8\\\/2020\\\/02\\\/SolemneEucaristia_1.jpg\",\"datePublished\":\"2020-02-01T22:17:11+00:00\",\"dateModified\":\"2020-02-02T11:05:22+00:00\",\"author\":{\"@id\":\"https:\\\/\\\/malaga.salesianos.edu\\\/familiasalesiana\\\/#\\\/schema\\\/person\\\/fd7e7b338b40e1c817a659fe5fce718b\"},\"breadcrumb\":{\"@id\":\"https:\\\/\\\/malaga.salesianos.edu\\\/familiasalesiana\\\/blog\\\/en-busca-del-tesoro-de-don-bosco\\\/#breadcrumb\"},\"inLanguage\":\"es\",\"potentialAction\":[{\"@type\":\"ReadAction\",\"target\":[\"https:\\\/\\\/malaga.salesianos.edu\\\/familiasalesiana\\\/blog\\\/en-busca-del-tesoro-de-don-bosco\\\/\"]}]},{\"@type\":\"ImageObject\",\"inLanguage\":\"es\",\"@id\":\"https:\\\/\\\/malaga.salesianos.edu\\\/familiasalesiana\\\/blog\\\/en-busca-del-tesoro-de-don-bosco\\\/#primaryimage\",\"url\":\"https:\\\/\\\/malaga.salesianos.edu\\\/familiasalesiana\\\/wp-content\\\/uploads\\\/sites\\\/8\\\/2020\\\/02\\\/SolemneEucaristia_1.jpg\",\"contentUrl\":\"https:\\\/\\\/malaga.salesianos.edu\\\/familiasalesiana\\\/wp-content\\\/uploads\\\/sites\\\/8\\\/2020\\\/02\\\/SolemneEucaristia_1.jpg\",\"width\":2048,\"height\":1536},{\"@type\":\"BreadcrumbList\",\"@id\":\"https:\\\/\\\/malaga.salesianos.edu\\\/familiasalesiana\\\/blog\\\/en-busca-del-tesoro-de-don-bosco\\\/#breadcrumb\",\"itemListElement\":[{\"@type\":\"ListItem\",\"position\":1,\"name\":\"Portada\",\"item\":\"https:\\\/\\\/malaga.salesianos.edu\\\/familiasalesiana\\\/\"},{\"@type\":\"ListItem\",\"position\":2,\"name\":\"En busca del Tesoro de Don Bosco\"}]},{\"@type\":\"WebSite\",\"@id\":\"https:\\\/\\\/malaga.salesianos.edu\\\/familiasalesiana\\\/#website\",\"url\":\"https:\\\/\\\/malaga.salesianos.edu\\\/familiasalesiana\\\/\",\"name\":\"Familia Salesiana | Salesianos M\u00e1laga\",\"description\":\"Familia Salesiana | Salesianos M\u00e1laga, ADMA, Asociaci\u00f3n de antiguos alumnos, Hermandad Salesiana, Salesianos Cooperadores\",\"potentialAction\":[{\"@type\":\"SearchAction\",\"target\":{\"@type\":\"EntryPoint\",\"urlTemplate\":\"https:\\\/\\\/malaga.salesianos.edu\\\/familiasalesiana\\\/?s={search_term_string}\"},\"query-input\":{\"@type\":\"PropertyValueSpecification\",\"valueRequired\":true,\"valueName\":\"search_term_string\"}}],\"inLanguage\":\"es\"},{\"@type\":\"Person\",\"@id\":\"https:\\\/\\\/malaga.salesianos.edu\\\/familiasalesiana\\\/#\\\/schema\\\/person\\\/fd7e7b338b40e1c817a659fe5fce718b\",\"name\":\"Comunicaci\u00f3n MLG\",\"image\":{\"@type\":\"ImageObject\",\"inLanguage\":\"es\",\"@id\":\"https:\\\/\\\/secure.gravatar.com\\\/avatar\\\/2ce5c66be6c7ab6b098b2ac29099a68d1cdb824afbb8aadf744614ce719778ff?s=96&d=mm&r=g\",\"url\":\"https:\\\/\\\/secure.gravatar.com\\\/avatar\\\/2ce5c66be6c7ab6b098b2ac29099a68d1cdb824afbb8aadf744614ce719778ff?s=96&d=mm&r=g\",\"contentUrl\":\"https:\\\/\\\/secure.gravatar.com\\\/avatar\\\/2ce5c66be6c7ab6b098b2ac29099a68d1cdb824afbb8aadf744614ce719778ff?s=96&d=mm&r=g\",\"caption\":\"Comunicaci\u00f3n MLG\"}}]}<\/script>\n<!-- \/ Yoast SEO plugin. -->","yoast_head_json":{"title":"En busca del Tesoro de Don Bosco - Familia Salesiana | Salesianos M\u00e1laga","robots":{"index":"index","follow":"follow","max-snippet":"max-snippet:-1","max-image-preview":"max-image-preview:large","max-video-preview":"max-video-preview:-1"},"canonical":"https:\/\/malaga.salesianos.edu\/familiasalesiana\/blog\/en-busca-del-tesoro-de-don-bosco\/","og_locale":"es_ES","og_type":"article","og_title":"En busca del Tesoro de Don Bosco - Familia Salesiana | Salesianos M\u00e1laga","og_description":"Tras un mes de actividades especiales, finalizamos enero con la alegr\u00eda de celebrar la festividad de San Juan Bosco, en una jornada llena de alegr\u00eda. El viernes, todos nos despertamos con ganas de celebrar. \u00a1Por fin llegaba la Fiesta de San Juan Bosco! Los 31 de enero son d\u00edas muy especiales en nuestro colegio, que [&hellip;]","og_url":"https:\/\/malaga.salesianos.edu\/familiasalesiana\/blog\/en-busca-del-tesoro-de-don-bosco\/","og_site_name":"Familia Salesiana | Salesianos M\u00e1laga","article_published_time":"2020-02-01T22:17:11+00:00","article_modified_time":"2020-02-02T11:05:22+00:00","og_image":[{"width":2048,"height":1536,"url":"https:\/\/malaga.salesianos.edu\/familiasalesiana\/wp-content\/uploads\/sites\/8\/2020\/02\/SolemneEucaristia_1.jpg","type":"image\/jpeg"}],"author":"Comunicaci\u00f3n MLG","twitter_card":"summary_large_image","twitter_misc":{"Escrito por":"Comunicaci\u00f3n MLG","Tiempo de lectura":"2 minutos"},"schema":{"@context":"https:\/\/schema.org","@graph":[{"@type":"Article","@id":"https:\/\/malaga.salesianos.edu\/familiasalesiana\/blog\/en-busca-del-tesoro-de-don-bosco\/#article","isPartOf":{"@id":"https:\/\/malaga.salesianos.edu\/familiasalesiana\/blog\/en-busca-del-tesoro-de-don-bosco\/"},"author":{"name":"Comunicaci\u00f3n MLG","@id":"https:\/\/malaga.salesianos.edu\/familiasalesiana\/#\/schema\/person\/fd7e7b338b40e1c817a659fe5fce718b"},"headline":"En busca del Tesoro de Don Bosco","datePublished":"2020-02-01T22:17:11+00:00","dateModified":"2020-02-02T11:05:22+00:00","mainEntityOfPage":{"@id":"https:\/\/malaga.salesianos.edu\/familiasalesiana\/blog\/en-busca-del-tesoro-de-don-bosco\/"},"wordCount":495,"commentCount":0,"image":{"@id":"https:\/\/malaga.salesianos.edu\/familiasalesiana\/blog\/en-busca-del-tesoro-de-don-bosco\/#primaryimage"},"thumbnailUrl":"https:\/\/malaga.salesianos.edu\/familiasalesiana\/wp-content\/uploads\/sites\/8\/2020\/02\/SolemneEucaristia_1.jpg","articleSection":["Casa","Colegio","Familia Salesiana","Santuario"],"inLanguage":"es","potentialAction":[{"@type":"CommentAction","name":"Comment","target":["https:\/\/malaga.salesianos.edu\/familiasalesiana\/blog\/en-busca-del-tesoro-de-don-bosco\/#respond"]}]},{"@type":"WebPage","@id":"https:\/\/malaga.salesianos.edu\/familiasalesiana\/blog\/en-busca-del-tesoro-de-don-bosco\/","url":"https:\/\/malaga.salesianos.edu\/familiasalesiana\/blog\/en-busca-del-tesoro-de-don-bosco\/","name":"En busca del Tesoro de Don Bosco - Familia Salesiana | Salesianos M\u00e1laga","isPartOf":{"@id":"https:\/\/malaga.salesianos.edu\/familiasalesiana\/#website"},"primaryImageOfPage":{"@id":"https:\/\/malaga.salesianos.edu\/familiasalesiana\/blog\/en-busca-del-tesoro-de-don-bosco\/#primaryimage"},"image":{"@id":"https:\/\/malaga.salesianos.edu\/familiasalesiana\/blog\/en-busca-del-tesoro-de-don-bosco\/#primaryimage"},"thumbnailUrl":"https:\/\/malaga.salesianos.edu\/familiasalesiana\/wp-content\/uploads\/sites\/8\/2020\/02\/SolemneEucaristia_1.jpg","datePublished":"2020-02-01T22:17:11+00:00","dateModified":"2020-02-02T11:05:22+00:00","author":{"@id":"https:\/\/malaga.salesianos.edu\/familiasalesiana\/#\/schema\/person\/fd7e7b338b40e1c817a659fe5fce718b"},"breadcrumb":{"@id":"https:\/\/malaga.salesianos.edu\/familiasalesiana\/blog\/en-busca-del-tesoro-de-don-bosco\/#breadcrumb"},"inLanguage":"es","potentialAction":[{"@type":"ReadAction","target":["https:\/\/malaga.salesianos.edu\/familiasalesiana\/blog\/en-busca-del-tesoro-de-don-bosco\/"]}]},{"@type":"ImageObject","inLanguage":"es","@id":"https:\/\/malaga.salesianos.edu\/familiasalesiana\/blog\/en-busca-del-tesoro-de-don-bosco\/#primaryimage","url":"https:\/\/malaga.salesianos.edu\/familiasalesiana\/wp-content\/uploads\/sites\/8\/2020\/02\/SolemneEucaristia_1.jpg","contentUrl":"https:\/\/malaga.salesianos.edu\/familiasalesiana\/wp-content\/uploads\/sites\/8\/2020\/02\/SolemneEucaristia_1.jpg","width":2048,"height":1536},{"@type":"BreadcrumbList","@id":"https:\/\/malaga.salesianos.edu\/familiasalesiana\/blog\/en-busca-del-tesoro-de-don-bosco\/#breadcrumb","itemListElement":[{"@type":"ListItem","position":1,"name":"Portada","item":"https:\/\/malaga.salesianos.edu\/familiasalesiana\/"},{"@type":"ListItem","position":2,"name":"En busca del Tesoro de Don Bosco"}]},{"@type":"WebSite","@id":"https:\/\/malaga.salesianos.edu\/familiasalesiana\/#website","url":"https:\/\/malaga.salesianos.edu\/familiasalesiana\/","name":"Familia Salesiana | Salesianos M\u00e1laga","description":"Familia Salesiana | Salesianos M\u00e1laga, ADMA, Asociaci\u00f3n de antiguos alumnos, Hermandad Salesiana, Salesianos Cooperadores","potentialAction":[{"@type":"SearchAction","target":{"@type":"EntryPoint","urlTemplate":"https:\/\/malaga.salesianos.edu\/familiasalesiana\/?s={search_term_string}"},"query-input":{"@type":"PropertyValueSpecification","valueRequired":true,"valueName":"search_term_string"}}],"inLanguage":"es"},{"@type":"Person","@id":"https:\/\/malaga.salesianos.edu\/familiasalesiana\/#\/schema\/person\/fd7e7b338b40e1c817a659fe5fce718b","name":"Comunicaci\u00f3n MLG","image":{"@type":"ImageObject","inLanguage":"es","@id":"https:\/\/secure.gravatar.com\/avatar\/2ce5c66be6c7ab6b098b2ac29099a68d1cdb824afbb8aadf744614ce719778ff?s=96&d=mm&r=g","url":"https:\/\/secure.gravatar.com\/avatar\/2ce5c66be6c7ab6b098b2ac29099a68d1cdb824afbb8aadf744614ce719778ff?s=96&d=mm&r=g","contentUrl":"https:\/\/secure.gravatar.com\/avatar\/2ce5c66be6c7ab6b098b2ac29099a68d1cdb824afbb8aadf744614ce719778ff?s=96&d=mm&r=g","caption":"Comunicaci\u00f3n MLG"}}]}},"_links":{"self":[{"href":"https:\/\/malaga.salesianos.edu\/familiasalesiana\/wp-json\/wp\/v2\/posts\/9519","targetHints":{"allow":["GET"]}}],"collection":[{"href":"https:\/\/malaga.salesianos.edu\/familiasalesiana\/wp-json\/wp\/v2\/posts"}],"about":[{"href":"https:\/\/malaga.salesianos.edu\/familiasalesiana\/wp-json\/wp\/v2\/types\/post"}],"author":[{"embeddable":true,"href":"https:\/\/malaga.salesianos.edu\/familiasalesiana\/wp-json\/wp\/v2\/users\/2"}],"replies":[{"embeddable":true,"href":"https:\/\/malaga.salesianos.edu\/familiasalesiana\/wp-json\/wp\/v2\/comments?post=9519"}],"version-history":[{"count":6,"href":"https:\/\/malaga.salesianos.edu\/familiasalesiana\/wp-json\/wp\/v2\/posts\/9519\/revisions"}],"predecessor-version":[{"id":9526,"href":"https:\/\/malaga.salesianos.edu\/familiasalesiana\/wp-json\/wp\/v2\/posts\/9519\/revisions\/9526"}],"wp:featuredmedia":[{"embeddable":true,"href":"https:\/\/malaga.salesianos.edu\/familiasalesiana\/wp-json\/wp\/v2\/media\/9525"}],"wp:attachment":[{"href":"https:\/\/malaga.salesianos.edu\/familiasalesiana\/wp-json\/wp\/v2\/media?parent=9519"}],"wp:term":[{"taxonomy":"category","embeddable":true,"href":"https:\/\/malaga.salesianos.edu\/familiasalesiana\/wp-json\/wp\/v2\/categories?post=9519"},{"taxonomy":"post_tag","embeddable":true,"href":"https:\/\/malaga.salesianos.edu\/familiasalesiana\/wp-json\/wp\/v2\/tags?post=9519"}],"curies":[{"name":"wp","href":"https:\/\/api.w.org\/{rel}","templated":true}]}}