{"id":9382,"date":"2019-04-30T14:11:35","date_gmt":"2019-04-30T12:11:35","guid":{"rendered":"https:\/\/malaga.salesianos.edu\/familiasalesiana\/blog\/encuentro-de-d-angel-asurmendi-con-la-familia-salesiana-de-malaga\/"},"modified":"2019-04-30T14:11:36","modified_gmt":"2019-04-30T12:11:36","slug":"encuentro-de-d-angel-asurmendi-con-la-familia-salesiana-de-malaga","status":"publish","type":"post","link":"https:\/\/malaga.salesianos.edu\/familiasalesiana\/blog\/encuentro-de-d-angel-asurmendi-con-la-familia-salesiana-de-malaga\/","title":{"rendered":"Encuentro de D. \u00c1ngel Asurmendi con la Familia Salesiana de M\u00e1laga"},"content":{"rendered":"<p>[et_pb_section bb_built=\u00bb1&#8243; admin_label=\u00bbsection\u00bb _builder_version=\u00bb3.0.47&#8243; custom_padding=\u00bb2px|0px|54px|0px\u00bb inner_width=\u00bbauto\u00bb inner_max_width=\u00bbnone\u00bb][et_pb_row admin_label=\u00bbrow\u00bb _builder_version=\u00bb3.0.47&#8243; background_size=\u00bbinitial\u00bb background_position=\u00bbtop_left\u00bb background_repeat=\u00bbrepeat\u00bb width=\u00bb80%\u00bb max_width=\u00bb1080px\u00bb][et_pb_column type=\u00bb4_4&#8243;][et_pb_text admin_label=\u00bbDesarrollo\u00bb _builder_version=\u00bb3.22.5&#8243; text_orientation=\u00bbjustified\u00bb use_border_color=\u00bboff\u00bb border_color=\u00bb#ffffff\u00bb border_style=\u00bbsolid\u00bb text_text_shadow_horizontal_length=\u00bbtext_text_shadow_style,%91object Object%93&#8243; text_text_shadow_vertical_length=\u00bbtext_text_shadow_style,%91object Object%93&#8243; text_text_shadow_blur_strength=\u00bbtext_text_shadow_style,%91object Object%93&#8243; link_text_shadow_horizontal_length=\u00bblink_text_shadow_style,%91object Object%93&#8243; link_text_shadow_vertical_length=\u00bblink_text_shadow_style,%91object Object%93&#8243; link_text_shadow_blur_strength=\u00bblink_text_shadow_style,%91object Object%93&#8243; ul_text_shadow_horizontal_length=\u00bbul_text_shadow_style,%91object Object%93&#8243; ul_text_shadow_vertical_length=\u00bbul_text_shadow_style,%91object Object%93&#8243; ul_text_shadow_blur_strength=\u00bbul_text_shadow_style,%91object Object%93&#8243; ol_text_shadow_horizontal_length=\u00bbol_text_shadow_style,%91object Object%93&#8243; ol_text_shadow_vertical_length=\u00bbol_text_shadow_style,%91object Object%93&#8243; ol_text_shadow_blur_strength=\u00bbol_text_shadow_style,%91object Object%93&#8243; quote_text_shadow_horizontal_length=\u00bbquote_text_shadow_style,%91object Object%93&#8243; quote_text_shadow_vertical_length=\u00bbquote_text_shadow_style,%91object Object%93&#8243; quote_text_shadow_blur_strength=\u00bbquote_text_shadow_style,%91object Object%93&#8243; header_text_shadow_horizontal_length=\u00bbheader_text_shadow_style,%91object Object%93&#8243; header_text_shadow_vertical_length=\u00bbheader_text_shadow_style,%91object Object%93&#8243; header_text_shadow_blur_strength=\u00bbheader_text_shadow_style,%91object Object%93&#8243; header_2_text_shadow_horizontal_length=\u00bbheader_2_text_shadow_style,%91object Object%93&#8243; header_2_text_shadow_vertical_length=\u00bbheader_2_text_shadow_style,%91object Object%93&#8243; header_2_text_shadow_blur_strength=\u00bbheader_2_text_shadow_style,%91object Object%93&#8243; header_3_text_shadow_horizontal_length=\u00bbheader_3_text_shadow_style,%91object Object%93&#8243; header_3_text_shadow_vertical_length=\u00bbheader_3_text_shadow_style,%91object Object%93&#8243; header_3_text_shadow_blur_strength=\u00bbheader_3_text_shadow_style,%91object Object%93&#8243; header_4_text_shadow_horizontal_length=\u00bbheader_4_text_shadow_style,%91object Object%93&#8243; header_4_text_shadow_vertical_length=\u00bbheader_4_text_shadow_style,%91object Object%93&#8243; header_4_text_shadow_blur_strength=\u00bbheader_4_text_shadow_style,%91object Object%93&#8243; header_5_text_shadow_horizontal_length=\u00bbheader_5_text_shadow_style,%91object Object%93&#8243; header_5_text_shadow_vertical_length=\u00bbheader_5_text_shadow_style,%91object Object%93&#8243; header_5_text_shadow_blur_strength=\u00bbheader_5_text_shadow_style,%91object Object%93&#8243; header_6_text_shadow_horizontal_length=\u00bbheader_6_text_shadow_style,%91object Object%93&#8243; header_6_text_shadow_vertical_length=\u00bbheader_6_text_shadow_style,%91object Object%93&#8243; header_6_text_shadow_blur_strength=\u00bbheader_6_text_shadow_style,%91object Object%93&#8243; z_index_tablet=\u00bb500&#8243;]<\/p>\n<p><strong>Del 29 de abril al 1 de mayo, la Casa Salesiana de M\u00e1laga recibe la visita de nuestro Inspector, en este a\u00f1o tan especial en el que celebramos el 125 aniversario de la presencia salesiana en M\u00e1laga. <\/strong><\/p>\n<p>En su primera jornada, nuestro Inspector se reuni\u00f3 con miembros del Equipo Directivo del colegio y con la Comunidad Salesiana de M\u00e1laga. Por la tarde tuvo lugar el encuentro con la Familia Salesiana de M\u00e1laga, al que asistieron m\u00e1s de una treintena de representantes de los distintos grupos de la casa: Antiguos Alumnos, Cooperadores Salesianos, ADMA, Hermandad Salesiana, Centro Juvenil, Colegio, Plataformas Sociales, Catequesis, Grupo de Liturgia, etc.<\/p>\n<p>Durante algo m\u00e1s de una hora, nuestro Inspector se interes\u00f3 por la marcha de cada uno de los grupos. A continuaci\u00f3n, comparti\u00f3 informaci\u00f3n detallada sobre el reci\u00e9n concluido Cap\u00edtulo Inspectorial, celebrado del 25 al 27 de abril en Mart\u00ed-Colodar, ofreciendo una visi\u00f3n muy interesante y completa sobre el presente y futuro de la Obra Salesiana en nuestra Inspector\u00eda, que cuenta en la actualidad con m\u00e1s de 70 presencias en distintas localidades.<\/p>\n<p>Para finalizar, hizo una reflexi\u00f3n sobre la alegr\u00eda, como se\u00f1a de identidad salesiana, e invit\u00f3 a los presentes a vivir este tiempo de Pascua llenos de alegr\u00eda y optimismo. Anim\u00f3 a la Familia Salesiana de M\u00e1laga a seguir, desde los distintos grupos, colaborando y buscando sinergias, \u201ctejiendo las mimbres\u201d para construir un s\u00f3lido cesto que de soporte a la Obra Salesiana de M\u00e1laga.<\/p>\n<p>\u00c1ngel Asurmendi Mart\u00ednez naci\u00f3 el 27 de febrero de 1952 en Mendavia (Navarra). Fue nombrado Inspector de la Inspector\u00eda Salesiana M\u00aa Auxiliadora para el sexenio 2018-2024. A lo largo de su vida salesiana ha desarrollado diversas funciones, entre ellas, la de Vicario Provincial. Agradecemos su visita que es, sin duda, un est\u00edmulo para unir a\u00fan m\u00e1s los lazos existentes en la Familia Salesiana de M\u00e1laga; un mensaje que cobra especial sentido en este 125 aniversario de la presencia salesiana en M\u00e1laga.<\/p>\n<p>\u00a0<\/p>\n<p>[\/et_pb_text][et_pb_gallery gallery_ids=\u00bb17465,17464,17463,17462,17461,17460,17459&#8243; gallery_orderby=\u00bbrand\u00bb show_title_and_caption=\u00bboff\u00bb _builder_version=\u00bb3.22.5&#8243; hover_overlay_color=\u00bbrgba(255,255,255,0.9)\u00bb text_shadow_horizontal_length=\u00bbtext_shadow_style,%91object Object%93&#8243; text_shadow_vertical_length=\u00bbtext_shadow_style,%91object Object%93&#8243; text_shadow_blur_strength=\u00bbtext_shadow_style,%91object Object%93&#8243; title_text_shadow_horizontal_length=\u00bbtitle_text_shadow_style,%91object Object%93&#8243; title_text_shadow_vertical_length=\u00bbtitle_text_shadow_style,%91object Object%93&#8243; title_text_shadow_blur_strength=\u00bbtitle_text_shadow_style,%91object Object%93&#8243; caption_text_shadow_horizontal_length=\u00bbcaption_text_shadow_style,%91object Object%93&#8243; caption_text_shadow_vertical_length=\u00bbcaption_text_shadow_style,%91object Object%93&#8243; caption_text_shadow_blur_strength=\u00bbcaption_text_shadow_style,%91object Object%93&#8243; pagination_text_shadow_horizontal_length=\u00bbpagination_text_shadow_style,%91object Object%93&#8243; pagination_text_shadow_vertical_length=\u00bbpagination_text_shadow_style,%91object Object%93&#8243; pagination_text_shadow_blur_strength=\u00bbpagination_text_shadow_style,%91object Object%93&#8243; z_index_tablet=\u00bb500&#8243; \/][\/et_pb_column][\/et_pb_row][\/et_pb_section]<\/p>\n","protected":false},"excerpt":{"rendered":"<p>Del 29 de abril al 1 de mayo, la Casa Salesiana de M\u00e1laga recibe la visita de nuestro Inspector, en este a\u00f1o tan especial en el que celebramos el 125 aniversario.<\/p>\n","protected":false},"author":2,"featured_media":9383,"comment_status":"open","ping_status":"open","sticky":false,"template":"","format":"standard","meta":{"_et_pb_use_builder":"on","_et_pb_old_content":"","_et_gb_content_width":"","footnotes":""},"categories":[168,113,137,101],"tags":[],"class_list":["post-9382","post","type-post","status-publish","format-standard","has-post-thumbnail","hentry","category-125-aniversario","category-casa","category-destacado-familia-salesiana","category-familia-salesiana"],"yoast_head":"<!-- This site is optimized with the Yoast SEO plugin v28.3 - https:\/\/yoast.com\/product\/yoast-seo-wordpress\/ -->\n<title>Encuentro de D. \u00c1ngel Asurmendi con la Familia Salesiana de M\u00e1laga - Familia Salesiana | Salesianos M\u00e1laga<\/title>\n<meta name=\"robots\" content=\"index, follow, max-snippet:-1, max-image-preview:large, max-video-preview:-1\" \/>\n<link rel=\"canonical\" href=\"https:\/\/malaga.salesianos.edu\/familiasalesiana\/blog\/encuentro-de-d-angel-asurmendi-con-la-familia-salesiana-de-malaga\/\" \/>\n<meta property=\"og:locale\" content=\"es_ES\" \/>\n<meta property=\"og:type\" content=\"article\" \/>\n<meta property=\"og:title\" content=\"Encuentro de D. \u00c1ngel Asurmendi con la Familia Salesiana de M\u00e1laga - Familia Salesiana | Salesianos M\u00e1laga\" \/>\n<meta property=\"og:description\" content=\"Del 29 de abril al 1 de mayo, la Casa Salesiana de M\u00e1laga recibe la visita de nuestro Inspector, en este a\u00f1o tan especial en el que celebramos el 125 aniversario.\" \/>\n<meta property=\"og:url\" content=\"https:\/\/malaga.salesianos.edu\/familiasalesiana\/blog\/encuentro-de-d-angel-asurmendi-con-la-familia-salesiana-de-malaga\/\" \/>\n<meta property=\"og:site_name\" content=\"Familia Salesiana | Salesianos M\u00e1laga\" \/>\n<meta property=\"article:published_time\" content=\"2019-04-30T12:11:35+00:00\" \/>\n<meta property=\"article:modified_time\" content=\"2019-04-30T12:11:36+00:00\" \/>\n<meta property=\"og:image\" content=\"https:\/\/malaga.salesianos.edu\/familiasalesiana\/wp-content\/uploads\/sites\/8\/2019\/04\/EncuentroInspector_FamiliaSalesiana_3.jpg\" \/>\n\t<meta property=\"og:image:width\" content=\"1280\" \/>\n\t<meta property=\"og:image:height\" content=\"703\" \/>\n\t<meta property=\"og:image:type\" content=\"image\/jpeg\" \/>\n<meta name=\"author\" content=\"Comunicaci\u00f3n MLG\" \/>\n<meta name=\"twitter:card\" content=\"summary_large_image\" \/>\n<meta name=\"twitter:label1\" content=\"Escrito por\" \/>\n\t<meta name=\"twitter:data1\" content=\"Comunicaci\u00f3n MLG\" \/>\n\t<meta name=\"twitter:label2\" content=\"Tiempo de lectura\" \/>\n\t<meta name=\"twitter:data2\" content=\"5 minutos\" \/>\n<script type=\"application\/ld+json\" class=\"yoast-schema-graph\">{\"@context\":\"https:\\\/\\\/schema.org\",\"@graph\":[{\"@type\":\"Article\",\"@id\":\"https:\\\/\\\/malaga.salesianos.edu\\\/familiasalesiana\\\/blog\\\/encuentro-de-d-angel-asurmendi-con-la-familia-salesiana-de-malaga\\\/#article\",\"isPartOf\":{\"@id\":\"https:\\\/\\\/malaga.salesianos.edu\\\/familiasalesiana\\\/blog\\\/encuentro-de-d-angel-asurmendi-con-la-familia-salesiana-de-malaga\\\/\"},\"author\":{\"name\":\"Comunicaci\u00f3n MLG\",\"@id\":\"https:\\\/\\\/malaga.salesianos.edu\\\/familiasalesiana\\\/#\\\/schema\\\/person\\\/fd7e7b338b40e1c817a659fe5fce718b\"},\"headline\":\"Encuentro de D. \u00c1ngel Asurmendi con la Familia Salesiana de M\u00e1laga\",\"datePublished\":\"2019-04-30T12:11:35+00:00\",\"dateModified\":\"2019-04-30T12:11:36+00:00\",\"mainEntityOfPage\":{\"@id\":\"https:\\\/\\\/malaga.salesianos.edu\\\/familiasalesiana\\\/blog\\\/encuentro-de-d-angel-asurmendi-con-la-familia-salesiana-de-malaga\\\/\"},\"wordCount\":948,\"commentCount\":0,\"image\":{\"@id\":\"https:\\\/\\\/malaga.salesianos.edu\\\/familiasalesiana\\\/blog\\\/encuentro-de-d-angel-asurmendi-con-la-familia-salesiana-de-malaga\\\/#primaryimage\"},\"thumbnailUrl\":\"https:\\\/\\\/malaga.salesianos.edu\\\/familiasalesiana\\\/wp-content\\\/uploads\\\/sites\\\/8\\\/2019\\\/04\\\/EncuentroInspector_FamiliaSalesiana_3.jpg\",\"articleSection\":[\"125 aniversario\",\"Casa\",\"Destacado Familia Salesiana\",\"Familia Salesiana\"],\"inLanguage\":\"es\",\"potentialAction\":[{\"@type\":\"CommentAction\",\"name\":\"Comment\",\"target\":[\"https:\\\/\\\/malaga.salesianos.edu\\\/familiasalesiana\\\/blog\\\/encuentro-de-d-angel-asurmendi-con-la-familia-salesiana-de-malaga\\\/#respond\"]}]},{\"@type\":\"WebPage\",\"@id\":\"https:\\\/\\\/malaga.salesianos.edu\\\/familiasalesiana\\\/blog\\\/encuentro-de-d-angel-asurmendi-con-la-familia-salesiana-de-malaga\\\/\",\"url\":\"https:\\\/\\\/malaga.salesianos.edu\\\/familiasalesiana\\\/blog\\\/encuentro-de-d-angel-asurmendi-con-la-familia-salesiana-de-malaga\\\/\",\"name\":\"Encuentro de D. \u00c1ngel Asurmendi con la Familia Salesiana de M\u00e1laga - Familia Salesiana | Salesianos M\u00e1laga\",\"isPartOf\":{\"@id\":\"https:\\\/\\\/malaga.salesianos.edu\\\/familiasalesiana\\\/#website\"},\"primaryImageOfPage\":{\"@id\":\"https:\\\/\\\/malaga.salesianos.edu\\\/familiasalesiana\\\/blog\\\/encuentro-de-d-angel-asurmendi-con-la-familia-salesiana-de-malaga\\\/#primaryimage\"},\"image\":{\"@id\":\"https:\\\/\\\/malaga.salesianos.edu\\\/familiasalesiana\\\/blog\\\/encuentro-de-d-angel-asurmendi-con-la-familia-salesiana-de-malaga\\\/#primaryimage\"},\"thumbnailUrl\":\"https:\\\/\\\/malaga.salesianos.edu\\\/familiasalesiana\\\/wp-content\\\/uploads\\\/sites\\\/8\\\/2019\\\/04\\\/EncuentroInspector_FamiliaSalesiana_3.jpg\",\"datePublished\":\"2019-04-30T12:11:35+00:00\",\"dateModified\":\"2019-04-30T12:11:36+00:00\",\"author\":{\"@id\":\"https:\\\/\\\/malaga.salesianos.edu\\\/familiasalesiana\\\/#\\\/schema\\\/person\\\/fd7e7b338b40e1c817a659fe5fce718b\"},\"breadcrumb\":{\"@id\":\"https:\\\/\\\/malaga.salesianos.edu\\\/familiasalesiana\\\/blog\\\/encuentro-de-d-angel-asurmendi-con-la-familia-salesiana-de-malaga\\\/#breadcrumb\"},\"inLanguage\":\"es\",\"potentialAction\":[{\"@type\":\"ReadAction\",\"target\":[\"https:\\\/\\\/malaga.salesianos.edu\\\/familiasalesiana\\\/blog\\\/encuentro-de-d-angel-asurmendi-con-la-familia-salesiana-de-malaga\\\/\"]}]},{\"@type\":\"ImageObject\",\"inLanguage\":\"es\",\"@id\":\"https:\\\/\\\/malaga.salesianos.edu\\\/familiasalesiana\\\/blog\\\/encuentro-de-d-angel-asurmendi-con-la-familia-salesiana-de-malaga\\\/#primaryimage\",\"url\":\"https:\\\/\\\/malaga.salesianos.edu\\\/familiasalesiana\\\/wp-content\\\/uploads\\\/sites\\\/8\\\/2019\\\/04\\\/EncuentroInspector_FamiliaSalesiana_3.jpg\",\"contentUrl\":\"https:\\\/\\\/malaga.salesianos.edu\\\/familiasalesiana\\\/wp-content\\\/uploads\\\/sites\\\/8\\\/2019\\\/04\\\/EncuentroInspector_FamiliaSalesiana_3.jpg\",\"width\":1280,\"height\":703},{\"@type\":\"BreadcrumbList\",\"@id\":\"https:\\\/\\\/malaga.salesianos.edu\\\/familiasalesiana\\\/blog\\\/encuentro-de-d-angel-asurmendi-con-la-familia-salesiana-de-malaga\\\/#breadcrumb\",\"itemListElement\":[{\"@type\":\"ListItem\",\"position\":1,\"name\":\"Portada\",\"item\":\"https:\\\/\\\/malaga.salesianos.edu\\\/familiasalesiana\\\/\"},{\"@type\":\"ListItem\",\"position\":2,\"name\":\"Encuentro de D. \u00c1ngel Asurmendi con la Familia Salesiana de M\u00e1laga\"}]},{\"@type\":\"WebSite\",\"@id\":\"https:\\\/\\\/malaga.salesianos.edu\\\/familiasalesiana\\\/#website\",\"url\":\"https:\\\/\\\/malaga.salesianos.edu\\\/familiasalesiana\\\/\",\"name\":\"Familia Salesiana | Salesianos M\u00e1laga\",\"description\":\"Familia Salesiana | Salesianos M\u00e1laga, ADMA, Asociaci\u00f3n de antiguos alumnos, Hermandad Salesiana, Salesianos Cooperadores\",\"potentialAction\":[{\"@type\":\"SearchAction\",\"target\":{\"@type\":\"EntryPoint\",\"urlTemplate\":\"https:\\\/\\\/malaga.salesianos.edu\\\/familiasalesiana\\\/?s={search_term_string}\"},\"query-input\":{\"@type\":\"PropertyValueSpecification\",\"valueRequired\":true,\"valueName\":\"search_term_string\"}}],\"inLanguage\":\"es\"},{\"@type\":\"Person\",\"@id\":\"https:\\\/\\\/malaga.salesianos.edu\\\/familiasalesiana\\\/#\\\/schema\\\/person\\\/fd7e7b338b40e1c817a659fe5fce718b\",\"name\":\"Comunicaci\u00f3n MLG\",\"image\":{\"@type\":\"ImageObject\",\"inLanguage\":\"es\",\"@id\":\"https:\\\/\\\/secure.gravatar.com\\\/avatar\\\/2ce5c66be6c7ab6b098b2ac29099a68d1cdb824afbb8aadf744614ce719778ff?s=96&d=mm&r=g\",\"url\":\"https:\\\/\\\/secure.gravatar.com\\\/avatar\\\/2ce5c66be6c7ab6b098b2ac29099a68d1cdb824afbb8aadf744614ce719778ff?s=96&d=mm&r=g\",\"contentUrl\":\"https:\\\/\\\/secure.gravatar.com\\\/avatar\\\/2ce5c66be6c7ab6b098b2ac29099a68d1cdb824afbb8aadf744614ce719778ff?s=96&d=mm&r=g\",\"caption\":\"Comunicaci\u00f3n MLG\"}}]}<\/script>\n<!-- \/ Yoast SEO plugin. -->","yoast_head_json":{"title":"Encuentro de D. \u00c1ngel Asurmendi con la Familia Salesiana de M\u00e1laga - Familia Salesiana | Salesianos M\u00e1laga","robots":{"index":"index","follow":"follow","max-snippet":"max-snippet:-1","max-image-preview":"max-image-preview:large","max-video-preview":"max-video-preview:-1"},"canonical":"https:\/\/malaga.salesianos.edu\/familiasalesiana\/blog\/encuentro-de-d-angel-asurmendi-con-la-familia-salesiana-de-malaga\/","og_locale":"es_ES","og_type":"article","og_title":"Encuentro de D. \u00c1ngel Asurmendi con la Familia Salesiana de M\u00e1laga - Familia Salesiana | Salesianos M\u00e1laga","og_description":"Del 29 de abril al 1 de mayo, la Casa Salesiana de M\u00e1laga recibe la visita de nuestro Inspector, en este a\u00f1o tan especial en el que celebramos el 125 aniversario.","og_url":"https:\/\/malaga.salesianos.edu\/familiasalesiana\/blog\/encuentro-de-d-angel-asurmendi-con-la-familia-salesiana-de-malaga\/","og_site_name":"Familia Salesiana | Salesianos M\u00e1laga","article_published_time":"2019-04-30T12:11:35+00:00","article_modified_time":"2019-04-30T12:11:36+00:00","og_image":[{"width":1280,"height":703,"url":"https:\/\/malaga.salesianos.edu\/familiasalesiana\/wp-content\/uploads\/sites\/8\/2019\/04\/EncuentroInspector_FamiliaSalesiana_3.jpg","type":"image\/jpeg"}],"author":"Comunicaci\u00f3n MLG","twitter_card":"summary_large_image","twitter_misc":{"Escrito por":"Comunicaci\u00f3n MLG","Tiempo de lectura":"5 minutos"},"schema":{"@context":"https:\/\/schema.org","@graph":[{"@type":"Article","@id":"https:\/\/malaga.salesianos.edu\/familiasalesiana\/blog\/encuentro-de-d-angel-asurmendi-con-la-familia-salesiana-de-malaga\/#article","isPartOf":{"@id":"https:\/\/malaga.salesianos.edu\/familiasalesiana\/blog\/encuentro-de-d-angel-asurmendi-con-la-familia-salesiana-de-malaga\/"},"author":{"name":"Comunicaci\u00f3n MLG","@id":"https:\/\/malaga.salesianos.edu\/familiasalesiana\/#\/schema\/person\/fd7e7b338b40e1c817a659fe5fce718b"},"headline":"Encuentro de D. \u00c1ngel Asurmendi con la Familia Salesiana de M\u00e1laga","datePublished":"2019-04-30T12:11:35+00:00","dateModified":"2019-04-30T12:11:36+00:00","mainEntityOfPage":{"@id":"https:\/\/malaga.salesianos.edu\/familiasalesiana\/blog\/encuentro-de-d-angel-asurmendi-con-la-familia-salesiana-de-malaga\/"},"wordCount":948,"commentCount":0,"image":{"@id":"https:\/\/malaga.salesianos.edu\/familiasalesiana\/blog\/encuentro-de-d-angel-asurmendi-con-la-familia-salesiana-de-malaga\/#primaryimage"},"thumbnailUrl":"https:\/\/malaga.salesianos.edu\/familiasalesiana\/wp-content\/uploads\/sites\/8\/2019\/04\/EncuentroInspector_FamiliaSalesiana_3.jpg","articleSection":["125 aniversario","Casa","Destacado Familia Salesiana","Familia Salesiana"],"inLanguage":"es","potentialAction":[{"@type":"CommentAction","name":"Comment","target":["https:\/\/malaga.salesianos.edu\/familiasalesiana\/blog\/encuentro-de-d-angel-asurmendi-con-la-familia-salesiana-de-malaga\/#respond"]}]},{"@type":"WebPage","@id":"https:\/\/malaga.salesianos.edu\/familiasalesiana\/blog\/encuentro-de-d-angel-asurmendi-con-la-familia-salesiana-de-malaga\/","url":"https:\/\/malaga.salesianos.edu\/familiasalesiana\/blog\/encuentro-de-d-angel-asurmendi-con-la-familia-salesiana-de-malaga\/","name":"Encuentro de D. \u00c1ngel Asurmendi con la Familia Salesiana de M\u00e1laga - Familia Salesiana | Salesianos M\u00e1laga","isPartOf":{"@id":"https:\/\/malaga.salesianos.edu\/familiasalesiana\/#website"},"primaryImageOfPage":{"@id":"https:\/\/malaga.salesianos.edu\/familiasalesiana\/blog\/encuentro-de-d-angel-asurmendi-con-la-familia-salesiana-de-malaga\/#primaryimage"},"image":{"@id":"https:\/\/malaga.salesianos.edu\/familiasalesiana\/blog\/encuentro-de-d-angel-asurmendi-con-la-familia-salesiana-de-malaga\/#primaryimage"},"thumbnailUrl":"https:\/\/malaga.salesianos.edu\/familiasalesiana\/wp-content\/uploads\/sites\/8\/2019\/04\/EncuentroInspector_FamiliaSalesiana_3.jpg","datePublished":"2019-04-30T12:11:35+00:00","dateModified":"2019-04-30T12:11:36+00:00","author":{"@id":"https:\/\/malaga.salesianos.edu\/familiasalesiana\/#\/schema\/person\/fd7e7b338b40e1c817a659fe5fce718b"},"breadcrumb":{"@id":"https:\/\/malaga.salesianos.edu\/familiasalesiana\/blog\/encuentro-de-d-angel-asurmendi-con-la-familia-salesiana-de-malaga\/#breadcrumb"},"inLanguage":"es","potentialAction":[{"@type":"ReadAction","target":["https:\/\/malaga.salesianos.edu\/familiasalesiana\/blog\/encuentro-de-d-angel-asurmendi-con-la-familia-salesiana-de-malaga\/"]}]},{"@type":"ImageObject","inLanguage":"es","@id":"https:\/\/malaga.salesianos.edu\/familiasalesiana\/blog\/encuentro-de-d-angel-asurmendi-con-la-familia-salesiana-de-malaga\/#primaryimage","url":"https:\/\/malaga.salesianos.edu\/familiasalesiana\/wp-content\/uploads\/sites\/8\/2019\/04\/EncuentroInspector_FamiliaSalesiana_3.jpg","contentUrl":"https:\/\/malaga.salesianos.edu\/familiasalesiana\/wp-content\/uploads\/sites\/8\/2019\/04\/EncuentroInspector_FamiliaSalesiana_3.jpg","width":1280,"height":703},{"@type":"BreadcrumbList","@id":"https:\/\/malaga.salesianos.edu\/familiasalesiana\/blog\/encuentro-de-d-angel-asurmendi-con-la-familia-salesiana-de-malaga\/#breadcrumb","itemListElement":[{"@type":"ListItem","position":1,"name":"Portada","item":"https:\/\/malaga.salesianos.edu\/familiasalesiana\/"},{"@type":"ListItem","position":2,"name":"Encuentro de D. \u00c1ngel Asurmendi con la Familia Salesiana de M\u00e1laga"}]},{"@type":"WebSite","@id":"https:\/\/malaga.salesianos.edu\/familiasalesiana\/#website","url":"https:\/\/malaga.salesianos.edu\/familiasalesiana\/","name":"Familia Salesiana | Salesianos M\u00e1laga","description":"Familia Salesiana | Salesianos M\u00e1laga, ADMA, Asociaci\u00f3n de antiguos alumnos, Hermandad Salesiana, Salesianos Cooperadores","potentialAction":[{"@type":"SearchAction","target":{"@type":"EntryPoint","urlTemplate":"https:\/\/malaga.salesianos.edu\/familiasalesiana\/?s={search_term_string}"},"query-input":{"@type":"PropertyValueSpecification","valueRequired":true,"valueName":"search_term_string"}}],"inLanguage":"es"},{"@type":"Person","@id":"https:\/\/malaga.salesianos.edu\/familiasalesiana\/#\/schema\/person\/fd7e7b338b40e1c817a659fe5fce718b","name":"Comunicaci\u00f3n MLG","image":{"@type":"ImageObject","inLanguage":"es","@id":"https:\/\/secure.gravatar.com\/avatar\/2ce5c66be6c7ab6b098b2ac29099a68d1cdb824afbb8aadf744614ce719778ff?s=96&d=mm&r=g","url":"https:\/\/secure.gravatar.com\/avatar\/2ce5c66be6c7ab6b098b2ac29099a68d1cdb824afbb8aadf744614ce719778ff?s=96&d=mm&r=g","contentUrl":"https:\/\/secure.gravatar.com\/avatar\/2ce5c66be6c7ab6b098b2ac29099a68d1cdb824afbb8aadf744614ce719778ff?s=96&d=mm&r=g","caption":"Comunicaci\u00f3n MLG"}}]}},"_links":{"self":[{"href":"https:\/\/malaga.salesianos.edu\/familiasalesiana\/wp-json\/wp\/v2\/posts\/9382","targetHints":{"allow":["GET"]}}],"collection":[{"href":"https:\/\/malaga.salesianos.edu\/familiasalesiana\/wp-json\/wp\/v2\/posts"}],"about":[{"href":"https:\/\/malaga.salesianos.edu\/familiasalesiana\/wp-json\/wp\/v2\/types\/post"}],"author":[{"embeddable":true,"href":"https:\/\/malaga.salesianos.edu\/familiasalesiana\/wp-json\/wp\/v2\/users\/2"}],"replies":[{"embeddable":true,"href":"https:\/\/malaga.salesianos.edu\/familiasalesiana\/wp-json\/wp\/v2\/comments?post=9382"}],"version-history":[{"count":1,"href":"https:\/\/malaga.salesianos.edu\/familiasalesiana\/wp-json\/wp\/v2\/posts\/9382\/revisions"}],"predecessor-version":[{"id":9384,"href":"https:\/\/malaga.salesianos.edu\/familiasalesiana\/wp-json\/wp\/v2\/posts\/9382\/revisions\/9384"}],"wp:featuredmedia":[{"embeddable":true,"href":"https:\/\/malaga.salesianos.edu\/familiasalesiana\/wp-json\/wp\/v2\/media\/9383"}],"wp:attachment":[{"href":"https:\/\/malaga.salesianos.edu\/familiasalesiana\/wp-json\/wp\/v2\/media?parent=9382"}],"wp:term":[{"taxonomy":"category","embeddable":true,"href":"https:\/\/malaga.salesianos.edu\/familiasalesiana\/wp-json\/wp\/v2\/categories?post=9382"},{"taxonomy":"post_tag","embeddable":true,"href":"https:\/\/malaga.salesianos.edu\/familiasalesiana\/wp-json\/wp\/v2\/tags?post=9382"}],"curies":[{"name":"wp","href":"https:\/\/api.w.org\/{rel}","templated":true}]}}