{"id":9356,"date":"2019-04-09T11:13:54","date_gmt":"2019-04-09T09:13:54","guid":{"rendered":"https:\/\/malaga.salesianos.edu\/familiasalesiana\/blog\/traslado-de-los-titulares-de-nuestra-hermandad-salesiana-al-trono-procesional\/"},"modified":"2019-04-09T12:21:41","modified_gmt":"2019-04-09T10:21:41","slug":"traslado-de-los-titulares-de-nuestra-hermandad-salesiana-al-trono-procesional","status":"publish","type":"post","link":"https:\/\/malaga.salesianos.edu\/familiasalesiana\/blog\/traslado-de-los-titulares-de-nuestra-hermandad-salesiana-al-trono-procesional\/","title":{"rendered":"Traslado de los Titulares de nuestra Hermandad Salesiana al Trono Procesional"},"content":{"rendered":"<p>[et_pb_section bb_built=\u00bb1&#8243; admin_label=\u00bbsection\u00bb _builder_version=\u00bb3.0.47&#8243; custom_padding=\u00bb2px|0px|54px|0px\u00bb][et_pb_row admin_label=\u00bbrow\u00bb _builder_version=\u00bb3.0.47&#8243; background_size=\u00bbinitial\u00bb background_position=\u00bbtop_left\u00bb background_repeat=\u00bbrepeat\u00bb][et_pb_column type=\u00bb4_4&#8243;][et_pb_text admin_label=\u00bbDesarrollo\u00bb _builder_version=\u00bb3.21.4&#8243; text_orientation=\u00bbjustified\u00bb use_border_color=\u00bboff\u00bb border_color=\u00bb#ffffff\u00bb border_style=\u00bbsolid\u00bb z_index_tablet=\u00bb500&#8243;]<\/p>\n<p>El Mi\u00e9rcoles de Pasi\u00f3n, 10 de abril, tendr\u00e1 lugar el Traslado de Nuestros Titulares a su Trono Procesional.<\/p>\n<p class=\"m_2754884164954863340default-style\">El acto consta de dos partes consecutivas. Primeramente, la tradicional Petici\u00f3n de Venia a Mar\u00eda Auxiliadora (20.45 hrs) en el interior del Santuario. El Hermano Mayor, en nombre de toda la Hermandad pide la bendici\u00f3n y protecci\u00f3n de la Sant\u00edsima Virgen para la Estaci\u00f3n de Penitencia y, finalmente, impone una medalla de la Hermandad al Ni\u00f1o Jes\u00fas, que permanece con ella puesta hasta que finaliza la procesi\u00f3n del Mi\u00e9rcoles Santo.<\/p>\n<p>La segunda parte es propiamente el Traslado (21 hrs.) que consiste en cruzar la calle Eduardo Dom\u00ednguez \u00c1vila \u00fanicamente. Los Hermanos forman un pasillo de cirios entre el Santuario y la Casa Hermandad por entre el cual avanzan los Titulares. La entronizaci\u00f3n del Se\u00f1or de las Penas se realiza de forma p\u00fablica, con las puertas de la Casa abierta y en ambiente de silencio y oraci\u00f3n.<\/p>\n<p>Durante el Traslado acompa\u00f1a musicalmente la Escolan\u00eda del Colegio San Estanislao de Kotska.<\/p>\n<p class=\"m_-5692705519188967947default-style\">Una vez que el Se\u00f1or de las Penas y su Bendita Madre del Auxilio hayan sido Trasladados a Su Casa Hermandad el mi\u00e9rcoles y para facilitar la visita de hermanos y devotos a los Titulares se van a disponer los siguientes horarios de apertura:<\/p>\n<p>Viernes de Dolores de 10 a 13 hrs. y de 18.30 a 21 hrs.<\/p>\n<p>S\u00e1bado de Pasi\u00f3n: de 11 a 13 hrs y de 18.30 a 21 hrs.<\/p>\n<p>Domingo de Ramos y Lunes Santo de 11 a 13 hrs. Cerrada por la tarde.<\/p>\n<p>El Martes Santo permanecer\u00e1 cerrada por los preparativos propios de la Estaci\u00f3n de Penitencia.<\/p>\n<p>En la ma\u00f1ana del Mi\u00e9rcoles Santo estar\u00e1 abierta de 11.30 a 13 hrs. A las 12 del mediod\u00eda se rezar\u00e1 el Angelus a la Sant\u00edsima Virgen del Auxilio.<\/p>\n<div class=\"m_2754884164954863340io-ox-signature\">\n<p>Vocal\u00eda de Comunicaci\u00f3n<\/p>\n<p>Hermandad Salesiana de M\u00e1laga<\/p>\n<\/div>\n<p>[\/et_pb_text][et_pb_image _builder_version=\u00bb3.21.1&#8243; src=\u00bbhttps:\/\/malaga.salesianos.edu\/wp-content\/uploads\/2018\/04\/Friso_hermandad_G.png\u00bb animation_style=\u00bbfade\u00bb z_index_tablet=\u00bb500&#8243; show_in_lightbox=\u00bbon\u00bb \/][\/et_pb_column][\/et_pb_row][\/et_pb_section]<\/p>\n","protected":false},"excerpt":{"rendered":"<p>El pr\u00f3ximo Mi\u00e9rcoles de Pasi\u00f3n, 10 de abril, tendr\u00e1 lugar el Traslado de Nuestros Titulares a su Trono Procesional. El acto consta de dos partes consecutivas.<\/p>\n","protected":false},"author":2,"featured_media":9357,"comment_status":"open","ping_status":"open","sticky":false,"template":"","format":"standard","meta":{"_et_pb_use_builder":"on","_et_pb_old_content":"","_et_gb_content_width":"","footnotes":""},"categories":[9,101],"tags":[123],"class_list":["post-9356","post","type-post","status-publish","format-standard","has-post-thumbnail","hentry","category-cofradia","category-familia-salesiana","tag-hermandad-salesiana"],"yoast_head":"<!-- This site is optimized with the Yoast SEO plugin v28.3 - https:\/\/yoast.com\/product\/yoast-seo-wordpress\/ -->\n<title>Traslado de los Titulares de nuestra Hermandad Salesiana al Trono Procesional - Familia Salesiana | Salesianos M\u00e1laga<\/title>\n<meta name=\"robots\" content=\"index, follow, max-snippet:-1, max-image-preview:large, max-video-preview:-1\" \/>\n<link rel=\"canonical\" href=\"https:\/\/malaga.salesianos.edu\/familiasalesiana\/blog\/traslado-de-los-titulares-de-nuestra-hermandad-salesiana-al-trono-procesional\/\" \/>\n<meta property=\"og:locale\" content=\"es_ES\" \/>\n<meta property=\"og:type\" content=\"article\" \/>\n<meta property=\"og:title\" content=\"Traslado de los Titulares de nuestra Hermandad Salesiana al Trono Procesional - Familia Salesiana | Salesianos M\u00e1laga\" \/>\n<meta property=\"og:description\" content=\"El pr\u00f3ximo Mi\u00e9rcoles de Pasi\u00f3n, 10 de abril, tendr\u00e1 lugar el Traslado de Nuestros Titulares a su Trono Procesional. El acto consta de dos partes consecutivas.\" \/>\n<meta property=\"og:url\" content=\"https:\/\/malaga.salesianos.edu\/familiasalesiana\/blog\/traslado-de-los-titulares-de-nuestra-hermandad-salesiana-al-trono-procesional\/\" \/>\n<meta property=\"og:site_name\" content=\"Familia Salesiana | Salesianos M\u00e1laga\" \/>\n<meta property=\"article:published_time\" content=\"2019-04-09T09:13:54+00:00\" \/>\n<meta property=\"article:modified_time\" content=\"2019-04-09T10:21:41+00:00\" \/>\n<meta property=\"og:image\" content=\"https:\/\/malaga.salesianos.edu\/familiasalesiana\/wp-content\/uploads\/sites\/8\/2019\/04\/Hermandad-Salesiana-Traslado.jpg\" \/>\n\t<meta property=\"og:image:width\" content=\"1440\" \/>\n\t<meta property=\"og:image:height\" content=\"960\" \/>\n\t<meta property=\"og:image:type\" content=\"image\/jpeg\" \/>\n<meta name=\"author\" content=\"Comunicaci\u00f3n MLG\" \/>\n<meta name=\"twitter:card\" content=\"summary_large_image\" \/>\n<meta name=\"twitter:label1\" content=\"Escrito por\" \/>\n\t<meta name=\"twitter:data1\" content=\"Comunicaci\u00f3n MLG\" \/>\n\t<meta name=\"twitter:label2\" content=\"Tiempo de lectura\" \/>\n\t<meta name=\"twitter:data2\" content=\"2 minutos\" \/>\n<script type=\"application\/ld+json\" class=\"yoast-schema-graph\">{\"@context\":\"https:\\\/\\\/schema.org\",\"@graph\":[{\"@type\":\"Article\",\"@id\":\"https:\\\/\\\/malaga.salesianos.edu\\\/familiasalesiana\\\/blog\\\/traslado-de-los-titulares-de-nuestra-hermandad-salesiana-al-trono-procesional\\\/#article\",\"isPartOf\":{\"@id\":\"https:\\\/\\\/malaga.salesianos.edu\\\/familiasalesiana\\\/blog\\\/traslado-de-los-titulares-de-nuestra-hermandad-salesiana-al-trono-procesional\\\/\"},\"author\":{\"name\":\"Comunicaci\u00f3n MLG\",\"@id\":\"https:\\\/\\\/malaga.salesianos.edu\\\/familiasalesiana\\\/#\\\/schema\\\/person\\\/fd7e7b338b40e1c817a659fe5fce718b\"},\"headline\":\"Traslado de los Titulares de nuestra Hermandad Salesiana al Trono Procesional\",\"datePublished\":\"2019-04-09T09:13:54+00:00\",\"dateModified\":\"2019-04-09T10:21:41+00:00\",\"mainEntityOfPage\":{\"@id\":\"https:\\\/\\\/malaga.salesianos.edu\\\/familiasalesiana\\\/blog\\\/traslado-de-los-titulares-de-nuestra-hermandad-salesiana-al-trono-procesional\\\/\"},\"wordCount\":429,\"commentCount\":0,\"image\":{\"@id\":\"https:\\\/\\\/malaga.salesianos.edu\\\/familiasalesiana\\\/blog\\\/traslado-de-los-titulares-de-nuestra-hermandad-salesiana-al-trono-procesional\\\/#primaryimage\"},\"thumbnailUrl\":\"https:\\\/\\\/malaga.salesianos.edu\\\/familiasalesiana\\\/wp-content\\\/uploads\\\/sites\\\/8\\\/2019\\\/04\\\/Hermandad-Salesiana-Traslado.jpg\",\"keywords\":[\"Hermandad Salesiana\"],\"articleSection\":[\"Cofrad\u00eda\",\"Familia Salesiana\"],\"inLanguage\":\"es\",\"potentialAction\":[{\"@type\":\"CommentAction\",\"name\":\"Comment\",\"target\":[\"https:\\\/\\\/malaga.salesianos.edu\\\/familiasalesiana\\\/blog\\\/traslado-de-los-titulares-de-nuestra-hermandad-salesiana-al-trono-procesional\\\/#respond\"]}]},{\"@type\":\"WebPage\",\"@id\":\"https:\\\/\\\/malaga.salesianos.edu\\\/familiasalesiana\\\/blog\\\/traslado-de-los-titulares-de-nuestra-hermandad-salesiana-al-trono-procesional\\\/\",\"url\":\"https:\\\/\\\/malaga.salesianos.edu\\\/familiasalesiana\\\/blog\\\/traslado-de-los-titulares-de-nuestra-hermandad-salesiana-al-trono-procesional\\\/\",\"name\":\"Traslado de los Titulares de nuestra Hermandad Salesiana al Trono Procesional - Familia Salesiana | Salesianos M\u00e1laga\",\"isPartOf\":{\"@id\":\"https:\\\/\\\/malaga.salesianos.edu\\\/familiasalesiana\\\/#website\"},\"primaryImageOfPage\":{\"@id\":\"https:\\\/\\\/malaga.salesianos.edu\\\/familiasalesiana\\\/blog\\\/traslado-de-los-titulares-de-nuestra-hermandad-salesiana-al-trono-procesional\\\/#primaryimage\"},\"image\":{\"@id\":\"https:\\\/\\\/malaga.salesianos.edu\\\/familiasalesiana\\\/blog\\\/traslado-de-los-titulares-de-nuestra-hermandad-salesiana-al-trono-procesional\\\/#primaryimage\"},\"thumbnailUrl\":\"https:\\\/\\\/malaga.salesianos.edu\\\/familiasalesiana\\\/wp-content\\\/uploads\\\/sites\\\/8\\\/2019\\\/04\\\/Hermandad-Salesiana-Traslado.jpg\",\"datePublished\":\"2019-04-09T09:13:54+00:00\",\"dateModified\":\"2019-04-09T10:21:41+00:00\",\"author\":{\"@id\":\"https:\\\/\\\/malaga.salesianos.edu\\\/familiasalesiana\\\/#\\\/schema\\\/person\\\/fd7e7b338b40e1c817a659fe5fce718b\"},\"breadcrumb\":{\"@id\":\"https:\\\/\\\/malaga.salesianos.edu\\\/familiasalesiana\\\/blog\\\/traslado-de-los-titulares-de-nuestra-hermandad-salesiana-al-trono-procesional\\\/#breadcrumb\"},\"inLanguage\":\"es\",\"potentialAction\":[{\"@type\":\"ReadAction\",\"target\":[\"https:\\\/\\\/malaga.salesianos.edu\\\/familiasalesiana\\\/blog\\\/traslado-de-los-titulares-de-nuestra-hermandad-salesiana-al-trono-procesional\\\/\"]}]},{\"@type\":\"ImageObject\",\"inLanguage\":\"es\",\"@id\":\"https:\\\/\\\/malaga.salesianos.edu\\\/familiasalesiana\\\/blog\\\/traslado-de-los-titulares-de-nuestra-hermandad-salesiana-al-trono-procesional\\\/#primaryimage\",\"url\":\"https:\\\/\\\/malaga.salesianos.edu\\\/familiasalesiana\\\/wp-content\\\/uploads\\\/sites\\\/8\\\/2019\\\/04\\\/Hermandad-Salesiana-Traslado.jpg\",\"contentUrl\":\"https:\\\/\\\/malaga.salesianos.edu\\\/familiasalesiana\\\/wp-content\\\/uploads\\\/sites\\\/8\\\/2019\\\/04\\\/Hermandad-Salesiana-Traslado.jpg\",\"width\":1440,\"height\":960},{\"@type\":\"BreadcrumbList\",\"@id\":\"https:\\\/\\\/malaga.salesianos.edu\\\/familiasalesiana\\\/blog\\\/traslado-de-los-titulares-de-nuestra-hermandad-salesiana-al-trono-procesional\\\/#breadcrumb\",\"itemListElement\":[{\"@type\":\"ListItem\",\"position\":1,\"name\":\"Portada\",\"item\":\"https:\\\/\\\/malaga.salesianos.edu\\\/familiasalesiana\\\/\"},{\"@type\":\"ListItem\",\"position\":2,\"name\":\"Traslado de los Titulares de nuestra Hermandad Salesiana al Trono Procesional\"}]},{\"@type\":\"WebSite\",\"@id\":\"https:\\\/\\\/malaga.salesianos.edu\\\/familiasalesiana\\\/#website\",\"url\":\"https:\\\/\\\/malaga.salesianos.edu\\\/familiasalesiana\\\/\",\"name\":\"Familia Salesiana | Salesianos M\u00e1laga\",\"description\":\"Familia Salesiana | Salesianos M\u00e1laga, ADMA, Asociaci\u00f3n de antiguos alumnos, Hermandad Salesiana, Salesianos Cooperadores\",\"potentialAction\":[{\"@type\":\"SearchAction\",\"target\":{\"@type\":\"EntryPoint\",\"urlTemplate\":\"https:\\\/\\\/malaga.salesianos.edu\\\/familiasalesiana\\\/?s={search_term_string}\"},\"query-input\":{\"@type\":\"PropertyValueSpecification\",\"valueRequired\":true,\"valueName\":\"search_term_string\"}}],\"inLanguage\":\"es\"},{\"@type\":\"Person\",\"@id\":\"https:\\\/\\\/malaga.salesianos.edu\\\/familiasalesiana\\\/#\\\/schema\\\/person\\\/fd7e7b338b40e1c817a659fe5fce718b\",\"name\":\"Comunicaci\u00f3n MLG\",\"image\":{\"@type\":\"ImageObject\",\"inLanguage\":\"es\",\"@id\":\"https:\\\/\\\/secure.gravatar.com\\\/avatar\\\/2ce5c66be6c7ab6b098b2ac29099a68d1cdb824afbb8aadf744614ce719778ff?s=96&d=mm&r=g\",\"url\":\"https:\\\/\\\/secure.gravatar.com\\\/avatar\\\/2ce5c66be6c7ab6b098b2ac29099a68d1cdb824afbb8aadf744614ce719778ff?s=96&d=mm&r=g\",\"contentUrl\":\"https:\\\/\\\/secure.gravatar.com\\\/avatar\\\/2ce5c66be6c7ab6b098b2ac29099a68d1cdb824afbb8aadf744614ce719778ff?s=96&d=mm&r=g\",\"caption\":\"Comunicaci\u00f3n MLG\"}}]}<\/script>\n<!-- \/ Yoast SEO plugin. -->","yoast_head_json":{"title":"Traslado de los Titulares de nuestra Hermandad Salesiana al Trono Procesional - Familia Salesiana | Salesianos M\u00e1laga","robots":{"index":"index","follow":"follow","max-snippet":"max-snippet:-1","max-image-preview":"max-image-preview:large","max-video-preview":"max-video-preview:-1"},"canonical":"https:\/\/malaga.salesianos.edu\/familiasalesiana\/blog\/traslado-de-los-titulares-de-nuestra-hermandad-salesiana-al-trono-procesional\/","og_locale":"es_ES","og_type":"article","og_title":"Traslado de los Titulares de nuestra Hermandad Salesiana al Trono Procesional - Familia Salesiana | Salesianos M\u00e1laga","og_description":"El pr\u00f3ximo Mi\u00e9rcoles de Pasi\u00f3n, 10 de abril, tendr\u00e1 lugar el Traslado de Nuestros Titulares a su Trono Procesional. El acto consta de dos partes consecutivas.","og_url":"https:\/\/malaga.salesianos.edu\/familiasalesiana\/blog\/traslado-de-los-titulares-de-nuestra-hermandad-salesiana-al-trono-procesional\/","og_site_name":"Familia Salesiana | Salesianos M\u00e1laga","article_published_time":"2019-04-09T09:13:54+00:00","article_modified_time":"2019-04-09T10:21:41+00:00","og_image":[{"width":1440,"height":960,"url":"https:\/\/malaga.salesianos.edu\/familiasalesiana\/wp-content\/uploads\/sites\/8\/2019\/04\/Hermandad-Salesiana-Traslado.jpg","type":"image\/jpeg"}],"author":"Comunicaci\u00f3n MLG","twitter_card":"summary_large_image","twitter_misc":{"Escrito por":"Comunicaci\u00f3n MLG","Tiempo de lectura":"2 minutos"},"schema":{"@context":"https:\/\/schema.org","@graph":[{"@type":"Article","@id":"https:\/\/malaga.salesianos.edu\/familiasalesiana\/blog\/traslado-de-los-titulares-de-nuestra-hermandad-salesiana-al-trono-procesional\/#article","isPartOf":{"@id":"https:\/\/malaga.salesianos.edu\/familiasalesiana\/blog\/traslado-de-los-titulares-de-nuestra-hermandad-salesiana-al-trono-procesional\/"},"author":{"name":"Comunicaci\u00f3n MLG","@id":"https:\/\/malaga.salesianos.edu\/familiasalesiana\/#\/schema\/person\/fd7e7b338b40e1c817a659fe5fce718b"},"headline":"Traslado de los Titulares de nuestra Hermandad Salesiana al Trono Procesional","datePublished":"2019-04-09T09:13:54+00:00","dateModified":"2019-04-09T10:21:41+00:00","mainEntityOfPage":{"@id":"https:\/\/malaga.salesianos.edu\/familiasalesiana\/blog\/traslado-de-los-titulares-de-nuestra-hermandad-salesiana-al-trono-procesional\/"},"wordCount":429,"commentCount":0,"image":{"@id":"https:\/\/malaga.salesianos.edu\/familiasalesiana\/blog\/traslado-de-los-titulares-de-nuestra-hermandad-salesiana-al-trono-procesional\/#primaryimage"},"thumbnailUrl":"https:\/\/malaga.salesianos.edu\/familiasalesiana\/wp-content\/uploads\/sites\/8\/2019\/04\/Hermandad-Salesiana-Traslado.jpg","keywords":["Hermandad Salesiana"],"articleSection":["Cofrad\u00eda","Familia Salesiana"],"inLanguage":"es","potentialAction":[{"@type":"CommentAction","name":"Comment","target":["https:\/\/malaga.salesianos.edu\/familiasalesiana\/blog\/traslado-de-los-titulares-de-nuestra-hermandad-salesiana-al-trono-procesional\/#respond"]}]},{"@type":"WebPage","@id":"https:\/\/malaga.salesianos.edu\/familiasalesiana\/blog\/traslado-de-los-titulares-de-nuestra-hermandad-salesiana-al-trono-procesional\/","url":"https:\/\/malaga.salesianos.edu\/familiasalesiana\/blog\/traslado-de-los-titulares-de-nuestra-hermandad-salesiana-al-trono-procesional\/","name":"Traslado de los Titulares de nuestra Hermandad Salesiana al Trono Procesional - Familia Salesiana | Salesianos M\u00e1laga","isPartOf":{"@id":"https:\/\/malaga.salesianos.edu\/familiasalesiana\/#website"},"primaryImageOfPage":{"@id":"https:\/\/malaga.salesianos.edu\/familiasalesiana\/blog\/traslado-de-los-titulares-de-nuestra-hermandad-salesiana-al-trono-procesional\/#primaryimage"},"image":{"@id":"https:\/\/malaga.salesianos.edu\/familiasalesiana\/blog\/traslado-de-los-titulares-de-nuestra-hermandad-salesiana-al-trono-procesional\/#primaryimage"},"thumbnailUrl":"https:\/\/malaga.salesianos.edu\/familiasalesiana\/wp-content\/uploads\/sites\/8\/2019\/04\/Hermandad-Salesiana-Traslado.jpg","datePublished":"2019-04-09T09:13:54+00:00","dateModified":"2019-04-09T10:21:41+00:00","author":{"@id":"https:\/\/malaga.salesianos.edu\/familiasalesiana\/#\/schema\/person\/fd7e7b338b40e1c817a659fe5fce718b"},"breadcrumb":{"@id":"https:\/\/malaga.salesianos.edu\/familiasalesiana\/blog\/traslado-de-los-titulares-de-nuestra-hermandad-salesiana-al-trono-procesional\/#breadcrumb"},"inLanguage":"es","potentialAction":[{"@type":"ReadAction","target":["https:\/\/malaga.salesianos.edu\/familiasalesiana\/blog\/traslado-de-los-titulares-de-nuestra-hermandad-salesiana-al-trono-procesional\/"]}]},{"@type":"ImageObject","inLanguage":"es","@id":"https:\/\/malaga.salesianos.edu\/familiasalesiana\/blog\/traslado-de-los-titulares-de-nuestra-hermandad-salesiana-al-trono-procesional\/#primaryimage","url":"https:\/\/malaga.salesianos.edu\/familiasalesiana\/wp-content\/uploads\/sites\/8\/2019\/04\/Hermandad-Salesiana-Traslado.jpg","contentUrl":"https:\/\/malaga.salesianos.edu\/familiasalesiana\/wp-content\/uploads\/sites\/8\/2019\/04\/Hermandad-Salesiana-Traslado.jpg","width":1440,"height":960},{"@type":"BreadcrumbList","@id":"https:\/\/malaga.salesianos.edu\/familiasalesiana\/blog\/traslado-de-los-titulares-de-nuestra-hermandad-salesiana-al-trono-procesional\/#breadcrumb","itemListElement":[{"@type":"ListItem","position":1,"name":"Portada","item":"https:\/\/malaga.salesianos.edu\/familiasalesiana\/"},{"@type":"ListItem","position":2,"name":"Traslado de los Titulares de nuestra Hermandad Salesiana al Trono Procesional"}]},{"@type":"WebSite","@id":"https:\/\/malaga.salesianos.edu\/familiasalesiana\/#website","url":"https:\/\/malaga.salesianos.edu\/familiasalesiana\/","name":"Familia Salesiana | Salesianos M\u00e1laga","description":"Familia Salesiana | Salesianos M\u00e1laga, ADMA, Asociaci\u00f3n de antiguos alumnos, Hermandad Salesiana, Salesianos Cooperadores","potentialAction":[{"@type":"SearchAction","target":{"@type":"EntryPoint","urlTemplate":"https:\/\/malaga.salesianos.edu\/familiasalesiana\/?s={search_term_string}"},"query-input":{"@type":"PropertyValueSpecification","valueRequired":true,"valueName":"search_term_string"}}],"inLanguage":"es"},{"@type":"Person","@id":"https:\/\/malaga.salesianos.edu\/familiasalesiana\/#\/schema\/person\/fd7e7b338b40e1c817a659fe5fce718b","name":"Comunicaci\u00f3n MLG","image":{"@type":"ImageObject","inLanguage":"es","@id":"https:\/\/secure.gravatar.com\/avatar\/2ce5c66be6c7ab6b098b2ac29099a68d1cdb824afbb8aadf744614ce719778ff?s=96&d=mm&r=g","url":"https:\/\/secure.gravatar.com\/avatar\/2ce5c66be6c7ab6b098b2ac29099a68d1cdb824afbb8aadf744614ce719778ff?s=96&d=mm&r=g","contentUrl":"https:\/\/secure.gravatar.com\/avatar\/2ce5c66be6c7ab6b098b2ac29099a68d1cdb824afbb8aadf744614ce719778ff?s=96&d=mm&r=g","caption":"Comunicaci\u00f3n MLG"}}]}},"_links":{"self":[{"href":"https:\/\/malaga.salesianos.edu\/familiasalesiana\/wp-json\/wp\/v2\/posts\/9356","targetHints":{"allow":["GET"]}}],"collection":[{"href":"https:\/\/malaga.salesianos.edu\/familiasalesiana\/wp-json\/wp\/v2\/posts"}],"about":[{"href":"https:\/\/malaga.salesianos.edu\/familiasalesiana\/wp-json\/wp\/v2\/types\/post"}],"author":[{"embeddable":true,"href":"https:\/\/malaga.salesianos.edu\/familiasalesiana\/wp-json\/wp\/v2\/users\/2"}],"replies":[{"embeddable":true,"href":"https:\/\/malaga.salesianos.edu\/familiasalesiana\/wp-json\/wp\/v2\/comments?post=9356"}],"version-history":[{"count":2,"href":"https:\/\/malaga.salesianos.edu\/familiasalesiana\/wp-json\/wp\/v2\/posts\/9356\/revisions"}],"predecessor-version":[{"id":9359,"href":"https:\/\/malaga.salesianos.edu\/familiasalesiana\/wp-json\/wp\/v2\/posts\/9356\/revisions\/9359"}],"wp:featuredmedia":[{"embeddable":true,"href":"https:\/\/malaga.salesianos.edu\/familiasalesiana\/wp-json\/wp\/v2\/media\/9357"}],"wp:attachment":[{"href":"https:\/\/malaga.salesianos.edu\/familiasalesiana\/wp-json\/wp\/v2\/media?parent=9356"}],"wp:term":[{"taxonomy":"category","embeddable":true,"href":"https:\/\/malaga.salesianos.edu\/familiasalesiana\/wp-json\/wp\/v2\/categories?post=9356"},{"taxonomy":"post_tag","embeddable":true,"href":"https:\/\/malaga.salesianos.edu\/familiasalesiana\/wp-json\/wp\/v2\/tags?post=9356"}],"curies":[{"name":"wp","href":"https:\/\/api.w.org\/{rel}","templated":true}]}}