{"id":9317,"date":"2019-04-07T20:37:31","date_gmt":"2019-04-07T18:37:31","guid":{"rendered":"https:\/\/malaga.salesianos.edu\/familiasalesiana\/blog\/agradecimientos-primera-parte-del-125-aniversario\/"},"modified":"2019-04-07T21:05:27","modified_gmt":"2019-04-07T19:05:27","slug":"agradecimientos-primera-parte-del-125-aniversario","status":"publish","type":"post","link":"https:\/\/malaga.salesianos.edu\/familiasalesiana\/blog\/agradecimientos-primera-parte-del-125-aniversario\/","title":{"rendered":"Agradecimientos. Primera parte del 125 aniversario"},"content":{"rendered":"<p>[et_pb_section bb_built=\u00bb1&#8243; admin_label=\u00bbsection\u00bb _builder_version=\u00bb3.0.47&#8243; custom_padding=\u00bb2px|0px|54px|0px\u00bb][et_pb_row admin_label=\u00bbrow\u00bb _builder_version=\u00bb3.0.47&#8243; background_size=\u00bbinitial\u00bb background_position=\u00bbtop_left\u00bb background_repeat=\u00bbrepeat\u00bb][et_pb_column type=\u00bb4_4&#8243;][et_pb_text admin_label=\u00bbEntradilla\u00bb _builder_version=\u00bb3.21.4&#8243; text_font=\u00bb|on|||\u00bb text_orientation=\u00bbjustified\u00bb use_border_color=\u00bboff\u00bb border_color=\u00bb#ffffff\u00bb border_style=\u00bbsolid\u00bb z_index_tablet=\u00bb500&#8243;]<\/p>\n<p><strong><em>\u201cLa ampl\u00edsima familia salesiana de M\u00e1laga irradia de manera positiva un compromiso ciudadano que ayuda a construir ciudad sobre la base de su ideario\u201d (Exmo Sr. D. Francisco de la Torre, alcalde de M\u00e1laga en nuestro libro \u201c125 a\u00f1os ABRAZANDO LA VIDA\u201d).<\/em><\/strong><\/p>\n<p>[\/et_pb_text][et_pb_testimonial author=\u00bbAntonio Gil\u00bb portrait_url=\u00bbhttps:\/\/malaga.salesianos.edu\/wp-content\/uploads\/2018\/09\/Antonio-Gil-1819.jpg\u00bb _builder_version=\u00bb3.21.4&#8243; job_title=\u00bbDirector\u00bb company_name=\u00bbSalesianos M\u00e1laga\u00bb quote_icon_background_color=\u00bb#f5f5f5&#8243; z_index_tablet=\u00bb500&#8243;]<\/p>\n<p class=\"Standard\" style=\"text-align: justify; text-justify: inter-ideograph;\"><em><span style=\"font-size: 11.0pt; font-family: 'Arial',sans-serif;\">Ya han pasado muchas cosas, hemos cumplido algunos sue\u00f1os, hemos so\u00f1ado otros que nos abren a nuevos horizontes, hemos disfrutado mucha creatividad, nos hemos emocionado en momentos, hemos aplaudido retazos de belleza inolvidables en este primer tramo del 125 aniversario de la llegada de los Salesianos a esta M\u00e1laga so\u00f1adora y emprendedora\u2026 y, en nombre de D. Bosco, de la Congregaci\u00f3n y de toda nuestra \u201campl\u00edsima familia salesiana&#8230;\u201d a la que agradece y felicita la primera autoridad, junto a su persona, siempre cercna a todas las autoridades y personalidades que nos hab\u00e9is dado el apoyo y honrado con vuestra presencia\u2026 \u00a1gracias!.<\/span><\/em><\/p>\n<p>[\/et_pb_testimonial][et_pb_text admin_label=\u00bbDesarrollo\u00bb _builder_version=\u00bb3.21.4&#8243; text_orientation=\u00bbjustified\u00bb use_border_color=\u00bboff\u00bb border_color=\u00bb#ffffff\u00bb border_style=\u00bbsolid\u00bb z_index_tablet=\u00bb500&#8243;]<\/p>\n<p>S\u00ed y gracias a todos y cada uno: direcci\u00f3n, administraci\u00f3n, equipos\u2026 ni\u00f1os y j\u00f3venes, profes, pas, equipo de comunicaci\u00f3n, grupos de la familia, centro juvenil, ss.cc.,adma, hermandad, adesa, aa.aa.db., amigos\u2026 Gracias a ti, por tu aportaci\u00f3n,\u00a0 por regalarnos tu tiempo, tu arte, tu esfuerzo, por tu palabra de \u00e1nimo, por tu presencia cuando has podido y deseado, por tu abrazo, por tu emoci\u00f3n compartida\u2026<\/p>\n<p>Y porque \u2018recordar es volver a vivir\u2019\u2026 <strong><u>ven conmigo a rehacer el camino <\/u><\/strong><u>con coraz\u00f3n abierto<\/u> de nuevo a recuerdos y emociones&#8230;<u>8 diciembre 2018<\/u> (Inmaculada), inicio\u00a0 con ofrenda floral a \u201cElla\u201d\u2026 emotiva, llena color y sentimiento de vida salesiana y recuerdo\u00a0\u00a0 \u00a1BUEN INICIO!; y acomp\u00e1\u00f1ame\u00a0 al exterior para contemplar juntos la gran pancarta anunciadora invitando a vivir el acontecimiento, era el <u>11 de enero 2019<\/u>; y en ese mismo mes de D. Bosco, <u>d\u00eda 26<\/u> la presentaci\u00f3n del LIBRO: \u201c125 a\u00f1os ABRAZANDO LA VIDA\u201d, y del HIMNO: \u201cSeguimos creando vida\u201d con teatro lleno, autoridades y toda nuestra gente y \u00a1qu\u00e9 artistas!, ofreci\u00e9ndonos una espectacular, hermos\u00edsima, emotiva y salesiana gala art\u00edsitica. Momento para encuadrar en el rico devenir de nuestra casa salesiana; y el <u>27, domingo<\/u> celebraci\u00f3n con el Santuario lleno como homenaje a los bienhechores de 125 a\u00f1os, en la persona del Dr G\u00e1lvez y nuestros hermanos ss.cc. renovando su promesa de fidelidad.<\/p>\n<p><u>31, jueves<\/u> Fiesta de SAN JUAN BOSCO, centro de nuestro homenaje, el so\u00f1ador que se instal\u00f3 aqu\u00ed, a trav\u00e9s de sus hijos, y ya no supo irse. Gran fiesta, disfrutada por toda la comunidad educativa con nuestros ni\u00f1os y j\u00f3venes record\u00e1ndonos, a trav\u00e9s de sus disfraces, lo grande que es el mundo salesiano\u2026 Gracias tambi\u00e9n por ello.<\/p>\n<p>Y seguimos juntos recorriendo lo vivido. Llega <u>febrero 2019 el d\u00eda 2<\/u> ,S\u00e1bado la \u2019fiesta de la uni\u00f3n\u2019. Bello encuentro de antiguos alumnos y profesores de hoy y de los que ya no est\u00e1n en el Colegio pero que siguen con \u2018alma salesiana\u2019 y as\u00ed, de forma muy emotiva lo expresaron en momentos donde palpitaba un \u2018pellizquito\u2019 del coraz\u00f3n de D. Bosco. Y m\u00e1s tarde ese mismo d\u00eda, la presentaci\u00f3n oficial e iluminaci\u00f3n del \u2018mapamundi salesiano\u2019\u2026 \u201cdesde M\u00e1laga al mundo\u201d, art\u00edstico, espectcular, mostrando la grandeza de la Congregaci\u00f3n, presentado con mucho arte y no menos cari\u00f1o\u2026 \u00a1gracias!<\/p>\n<p>Y, s\u00edgueme, que nos adentramos ya en <u>MARZO 2019,<\/u> y despu\u00e9s de unos cuantos d\u00edas disfrutando en nuestra retina y en nuestro coraz\u00f3n tanta historia viva, llega el d\u00eda <strong><u>3<\/u><\/strong><u>0, s\u00e1bado: <\/u>\u00a0Fiesta de los j\u00f3venes en el 125 aniversario a cargo del centro juvenil \u201cFrancisco M\u00edguez\u201d,que la organiza y anima. M\u00e1s de 500 adolescentes y j\u00f3venes de nuestra casa, de nuestro colegio, nuestras plataformas sociales y de otros centros y lugares, un extraordinario grupo de animadores, profesores y grupos de la familia salesiana\u2026 celebraci\u00f3n, deporte, fiesta, alegr\u00eda\u2026 seguro que D. Bosco estaba tan contento como t\u00fa\u2026 y como yo<\/p>\n<p>Y todav\u00eda este <u>mismo d\u00eda 30<\/u>, nos regala la Hermandad un bello preg\u00f3n protagonizado por la Banda del Cautivo con un acto arm\u00f3nico, hermoso, po\u00e9tico envuelto en estupendas piezas musicales y rubricada con la presentaci\u00f3n del cartel para esta semana santa\u2026 y el d<u>\u00eda 3<\/u>1, domingo en Eucarist\u00eda en Familia y \u00faltimo d\u00eda de mes con recuerdo especial a D. Bosco, la gran celebraci\u00f3n de la fiesta de la Hermandad, solemne, devota y llena de momentos, incluyendo la entrega de la cruz al grupo de ni\u00f1os que har\u00e1n su primerra comuni\u00f3n\u2026<\/p>\n<p>Hasta aqu\u00ed la primera parte de nuestro recorrido del 125 aniversario, pero ya te advierto que la vida sigue y en el pr\u00f3ximo curso habr\u00e1 nuevas sorpresas y alguna espectacular\u2026<\/p>\n<p>\u00bfQu\u00e9 te ha parecido, amigo?&#8230;\u00a1\u00a1EXTRAORDINARIO!!?\u2026 Ahora entiendes por qu\u00e9 tengo que, concluir expresando un \u00a1\u00a1\u00a1G R A C I A S!!! en plural, lleno de emoci\u00f3n y con los mejores deseos tambi\u00e9n para ti\u2026 Continuar\u00e1.<\/p>\n<p>[\/et_pb_text][et_pb_cta admin_label=\u00bbConoce nuestros programas europeos\u00bb title=\u00bbConoce toda la informaci\u00f3n sobre el 125 aniversario\u00bb button_text=\u00bbM\u00e1s Informaci\u00f3n\u00bb button_url=\u00bbhttps:\/\/malaga.salesianos.edu\/125aniversario\/\u00bb background_image=\u00bbhttps:\/\/malaga.salesianos.edu\/wp-content\/uploads\/2019\/01\/Cabeceracole125rev1_1800.jpg\u00bb saved_tabs=\u00bball\u00bb background_repeat=\u00bbrepeat\u00bb _builder_version=\u00bb3.21.4&#8243; background_blend=\u00bbsoft-light\u00bb url_new_window=\u00bbon\u00bb z_index_tablet=\u00bb500&#8243; \/][et_pb_image animation_style=\u00bbbounce\u00bb src=\u00bbhttps:\/\/malaga.salesianos.edu\/wp-content\/uploads\/2018\/11\/Logo125apaisado.jpg\u00bb _builder_version=\u00bb3.20.2&#8243; \/][\/et_pb_column][\/et_pb_row][\/et_pb_section]<\/p>\n","protected":false},"excerpt":{"rendered":"<p>Don Antonio Gil, director de la Casa Salesiana de M\u00e1laga, da las gracias y anima a seguir viviendo con ilusi\u00f3n el 125 aniversario y los pr\u00f3ximos eventos que quedan por vivir.<\/p>\n","protected":false},"author":11,"featured_media":9321,"comment_status":"open","ping_status":"open","sticky":false,"template":"","format":"standard","meta":{"_et_pb_use_builder":"on","_et_pb_old_content":"","_et_gb_content_width":"","footnotes":""},"categories":[168,113,137],"tags":[27],"class_list":["post-9317","post","type-post","status-publish","format-standard","has-post-thumbnail","hentry","category-125-aniversario","category-casa","category-destacado-familia-salesiana","tag-celebraciones"],"yoast_head":"<!-- This site is optimized with the Yoast SEO plugin v28.3 - https:\/\/yoast.com\/product\/yoast-seo-wordpress\/ -->\n<title>Agradecimientos. Primera parte del 125 aniversario - Familia Salesiana | Salesianos M\u00e1laga<\/title>\n<meta name=\"robots\" content=\"index, follow, max-snippet:-1, max-image-preview:large, max-video-preview:-1\" \/>\n<link rel=\"canonical\" href=\"https:\/\/malaga.salesianos.edu\/familiasalesiana\/blog\/agradecimientos-primera-parte-del-125-aniversario\/\" \/>\n<meta property=\"og:locale\" content=\"es_ES\" \/>\n<meta property=\"og:type\" content=\"article\" \/>\n<meta property=\"og:title\" content=\"Agradecimientos. Primera parte del 125 aniversario - Familia Salesiana | Salesianos M\u00e1laga\" \/>\n<meta property=\"og:description\" content=\"Don Antonio Gil, director de la Casa Salesiana de M\u00e1laga, da las gracias y anima a seguir viviendo con ilusi\u00f3n el 125 aniversario y los pr\u00f3ximos eventos que quedan por vivir.\" \/>\n<meta property=\"og:url\" content=\"https:\/\/malaga.salesianos.edu\/familiasalesiana\/blog\/agradecimientos-primera-parte-del-125-aniversario\/\" \/>\n<meta property=\"og:site_name\" content=\"Familia Salesiana | Salesianos M\u00e1laga\" \/>\n<meta property=\"article:published_time\" content=\"2019-04-07T18:37:31+00:00\" \/>\n<meta property=\"article:modified_time\" content=\"2019-04-07T19:05:27+00:00\" \/>\n<meta property=\"og:image\" content=\"https:\/\/malaga.salesianos.edu\/familiasalesiana\/wp-content\/uploads\/sites\/8\/2019\/04\/125aniversario.jpg\" \/>\n\t<meta property=\"og:image:width\" content=\"924\" \/>\n\t<meta property=\"og:image:height\" content=\"1280\" \/>\n\t<meta property=\"og:image:type\" content=\"image\/jpeg\" \/>\n<meta name=\"twitter:card\" content=\"summary_large_image\" \/>\n<meta name=\"twitter:label1\" content=\"Escrito por\" \/>\n\t<meta name=\"twitter:data1\" content=\"\" \/>\n\t<meta name=\"twitter:label2\" content=\"Tiempo de lectura\" \/>\n\t<meta name=\"twitter:data2\" content=\"5 minutos\" \/>\n<script type=\"application\/ld+json\" class=\"yoast-schema-graph\">{\"@context\":\"https:\\\/\\\/schema.org\",\"@graph\":[{\"@type\":\"Article\",\"@id\":\"https:\\\/\\\/malaga.salesianos.edu\\\/familiasalesiana\\\/blog\\\/agradecimientos-primera-parte-del-125-aniversario\\\/#article\",\"isPartOf\":{\"@id\":\"https:\\\/\\\/malaga.salesianos.edu\\\/familiasalesiana\\\/blog\\\/agradecimientos-primera-parte-del-125-aniversario\\\/\"},\"author\":{\"name\":\"\",\"@id\":\"\"},\"headline\":\"Agradecimientos. Primera parte del 125 aniversario\",\"datePublished\":\"2019-04-07T18:37:31+00:00\",\"dateModified\":\"2019-04-07T19:05:27+00:00\",\"mainEntityOfPage\":{\"@id\":\"https:\\\/\\\/malaga.salesianos.edu\\\/familiasalesiana\\\/blog\\\/agradecimientos-primera-parte-del-125-aniversario\\\/\"},\"wordCount\":1060,\"commentCount\":0,\"image\":{\"@id\":\"https:\\\/\\\/malaga.salesianos.edu\\\/familiasalesiana\\\/blog\\\/agradecimientos-primera-parte-del-125-aniversario\\\/#primaryimage\"},\"thumbnailUrl\":\"https:\\\/\\\/malaga.salesianos.edu\\\/familiasalesiana\\\/wp-content\\\/uploads\\\/sites\\\/8\\\/2019\\\/04\\\/125aniversario.jpg\",\"keywords\":[\"Celebraciones\"],\"articleSection\":[\"125 aniversario\",\"Casa\",\"Destacado Familia Salesiana\"],\"inLanguage\":\"es\",\"potentialAction\":[{\"@type\":\"CommentAction\",\"name\":\"Comment\",\"target\":[\"https:\\\/\\\/malaga.salesianos.edu\\\/familiasalesiana\\\/blog\\\/agradecimientos-primera-parte-del-125-aniversario\\\/#respond\"]}]},{\"@type\":\"WebPage\",\"@id\":\"https:\\\/\\\/malaga.salesianos.edu\\\/familiasalesiana\\\/blog\\\/agradecimientos-primera-parte-del-125-aniversario\\\/\",\"url\":\"https:\\\/\\\/malaga.salesianos.edu\\\/familiasalesiana\\\/blog\\\/agradecimientos-primera-parte-del-125-aniversario\\\/\",\"name\":\"Agradecimientos. Primera parte del 125 aniversario - Familia Salesiana | Salesianos M\u00e1laga\",\"isPartOf\":{\"@id\":\"https:\\\/\\\/malaga.salesianos.edu\\\/familiasalesiana\\\/#website\"},\"primaryImageOfPage\":{\"@id\":\"https:\\\/\\\/malaga.salesianos.edu\\\/familiasalesiana\\\/blog\\\/agradecimientos-primera-parte-del-125-aniversario\\\/#primaryimage\"},\"image\":{\"@id\":\"https:\\\/\\\/malaga.salesianos.edu\\\/familiasalesiana\\\/blog\\\/agradecimientos-primera-parte-del-125-aniversario\\\/#primaryimage\"},\"thumbnailUrl\":\"https:\\\/\\\/malaga.salesianos.edu\\\/familiasalesiana\\\/wp-content\\\/uploads\\\/sites\\\/8\\\/2019\\\/04\\\/125aniversario.jpg\",\"datePublished\":\"2019-04-07T18:37:31+00:00\",\"dateModified\":\"2019-04-07T19:05:27+00:00\",\"author\":{\"@id\":\"\"},\"breadcrumb\":{\"@id\":\"https:\\\/\\\/malaga.salesianos.edu\\\/familiasalesiana\\\/blog\\\/agradecimientos-primera-parte-del-125-aniversario\\\/#breadcrumb\"},\"inLanguage\":\"es\",\"potentialAction\":[{\"@type\":\"ReadAction\",\"target\":[\"https:\\\/\\\/malaga.salesianos.edu\\\/familiasalesiana\\\/blog\\\/agradecimientos-primera-parte-del-125-aniversario\\\/\"]}]},{\"@type\":\"ImageObject\",\"inLanguage\":\"es\",\"@id\":\"https:\\\/\\\/malaga.salesianos.edu\\\/familiasalesiana\\\/blog\\\/agradecimientos-primera-parte-del-125-aniversario\\\/#primaryimage\",\"url\":\"https:\\\/\\\/malaga.salesianos.edu\\\/familiasalesiana\\\/wp-content\\\/uploads\\\/sites\\\/8\\\/2019\\\/04\\\/125aniversario.jpg\",\"contentUrl\":\"https:\\\/\\\/malaga.salesianos.edu\\\/familiasalesiana\\\/wp-content\\\/uploads\\\/sites\\\/8\\\/2019\\\/04\\\/125aniversario.jpg\",\"width\":924,\"height\":1280},{\"@type\":\"BreadcrumbList\",\"@id\":\"https:\\\/\\\/malaga.salesianos.edu\\\/familiasalesiana\\\/blog\\\/agradecimientos-primera-parte-del-125-aniversario\\\/#breadcrumb\",\"itemListElement\":[{\"@type\":\"ListItem\",\"position\":1,\"name\":\"Portada\",\"item\":\"https:\\\/\\\/malaga.salesianos.edu\\\/familiasalesiana\\\/\"},{\"@type\":\"ListItem\",\"position\":2,\"name\":\"Agradecimientos. Primera parte del 125 aniversario\"}]},{\"@type\":\"WebSite\",\"@id\":\"https:\\\/\\\/malaga.salesianos.edu\\\/familiasalesiana\\\/#website\",\"url\":\"https:\\\/\\\/malaga.salesianos.edu\\\/familiasalesiana\\\/\",\"name\":\"Familia Salesiana | Salesianos M\u00e1laga\",\"description\":\"Familia Salesiana | Salesianos M\u00e1laga, ADMA, Asociaci\u00f3n de antiguos alumnos, Hermandad Salesiana, Salesianos Cooperadores\",\"potentialAction\":[{\"@type\":\"SearchAction\",\"target\":{\"@type\":\"EntryPoint\",\"urlTemplate\":\"https:\\\/\\\/malaga.salesianos.edu\\\/familiasalesiana\\\/?s={search_term_string}\"},\"query-input\":{\"@type\":\"PropertyValueSpecification\",\"valueRequired\":true,\"valueName\":\"search_term_string\"}}],\"inLanguage\":\"es\"},{\"@type\":\"Person\",\"@id\":\"\"}]}<\/script>\n<!-- \/ Yoast SEO plugin. -->","yoast_head_json":{"title":"Agradecimientos. Primera parte del 125 aniversario - Familia Salesiana | Salesianos M\u00e1laga","robots":{"index":"index","follow":"follow","max-snippet":"max-snippet:-1","max-image-preview":"max-image-preview:large","max-video-preview":"max-video-preview:-1"},"canonical":"https:\/\/malaga.salesianos.edu\/familiasalesiana\/blog\/agradecimientos-primera-parte-del-125-aniversario\/","og_locale":"es_ES","og_type":"article","og_title":"Agradecimientos. Primera parte del 125 aniversario - Familia Salesiana | Salesianos M\u00e1laga","og_description":"Don Antonio Gil, director de la Casa Salesiana de M\u00e1laga, da las gracias y anima a seguir viviendo con ilusi\u00f3n el 125 aniversario y los pr\u00f3ximos eventos que quedan por vivir.","og_url":"https:\/\/malaga.salesianos.edu\/familiasalesiana\/blog\/agradecimientos-primera-parte-del-125-aniversario\/","og_site_name":"Familia Salesiana | Salesianos M\u00e1laga","article_published_time":"2019-04-07T18:37:31+00:00","article_modified_time":"2019-04-07T19:05:27+00:00","og_image":[{"width":924,"height":1280,"url":"https:\/\/malaga.salesianos.edu\/familiasalesiana\/wp-content\/uploads\/sites\/8\/2019\/04\/125aniversario.jpg","type":"image\/jpeg"}],"twitter_card":"summary_large_image","twitter_misc":{"Escrito por":"","Tiempo de lectura":"5 minutos"},"schema":{"@context":"https:\/\/schema.org","@graph":[{"@type":"Article","@id":"https:\/\/malaga.salesianos.edu\/familiasalesiana\/blog\/agradecimientos-primera-parte-del-125-aniversario\/#article","isPartOf":{"@id":"https:\/\/malaga.salesianos.edu\/familiasalesiana\/blog\/agradecimientos-primera-parte-del-125-aniversario\/"},"author":{"name":"","@id":""},"headline":"Agradecimientos. Primera parte del 125 aniversario","datePublished":"2019-04-07T18:37:31+00:00","dateModified":"2019-04-07T19:05:27+00:00","mainEntityOfPage":{"@id":"https:\/\/malaga.salesianos.edu\/familiasalesiana\/blog\/agradecimientos-primera-parte-del-125-aniversario\/"},"wordCount":1060,"commentCount":0,"image":{"@id":"https:\/\/malaga.salesianos.edu\/familiasalesiana\/blog\/agradecimientos-primera-parte-del-125-aniversario\/#primaryimage"},"thumbnailUrl":"https:\/\/malaga.salesianos.edu\/familiasalesiana\/wp-content\/uploads\/sites\/8\/2019\/04\/125aniversario.jpg","keywords":["Celebraciones"],"articleSection":["125 aniversario","Casa","Destacado Familia Salesiana"],"inLanguage":"es","potentialAction":[{"@type":"CommentAction","name":"Comment","target":["https:\/\/malaga.salesianos.edu\/familiasalesiana\/blog\/agradecimientos-primera-parte-del-125-aniversario\/#respond"]}]},{"@type":"WebPage","@id":"https:\/\/malaga.salesianos.edu\/familiasalesiana\/blog\/agradecimientos-primera-parte-del-125-aniversario\/","url":"https:\/\/malaga.salesianos.edu\/familiasalesiana\/blog\/agradecimientos-primera-parte-del-125-aniversario\/","name":"Agradecimientos. Primera parte del 125 aniversario - Familia Salesiana | Salesianos M\u00e1laga","isPartOf":{"@id":"https:\/\/malaga.salesianos.edu\/familiasalesiana\/#website"},"primaryImageOfPage":{"@id":"https:\/\/malaga.salesianos.edu\/familiasalesiana\/blog\/agradecimientos-primera-parte-del-125-aniversario\/#primaryimage"},"image":{"@id":"https:\/\/malaga.salesianos.edu\/familiasalesiana\/blog\/agradecimientos-primera-parte-del-125-aniversario\/#primaryimage"},"thumbnailUrl":"https:\/\/malaga.salesianos.edu\/familiasalesiana\/wp-content\/uploads\/sites\/8\/2019\/04\/125aniversario.jpg","datePublished":"2019-04-07T18:37:31+00:00","dateModified":"2019-04-07T19:05:27+00:00","author":{"@id":""},"breadcrumb":{"@id":"https:\/\/malaga.salesianos.edu\/familiasalesiana\/blog\/agradecimientos-primera-parte-del-125-aniversario\/#breadcrumb"},"inLanguage":"es","potentialAction":[{"@type":"ReadAction","target":["https:\/\/malaga.salesianos.edu\/familiasalesiana\/blog\/agradecimientos-primera-parte-del-125-aniversario\/"]}]},{"@type":"ImageObject","inLanguage":"es","@id":"https:\/\/malaga.salesianos.edu\/familiasalesiana\/blog\/agradecimientos-primera-parte-del-125-aniversario\/#primaryimage","url":"https:\/\/malaga.salesianos.edu\/familiasalesiana\/wp-content\/uploads\/sites\/8\/2019\/04\/125aniversario.jpg","contentUrl":"https:\/\/malaga.salesianos.edu\/familiasalesiana\/wp-content\/uploads\/sites\/8\/2019\/04\/125aniversario.jpg","width":924,"height":1280},{"@type":"BreadcrumbList","@id":"https:\/\/malaga.salesianos.edu\/familiasalesiana\/blog\/agradecimientos-primera-parte-del-125-aniversario\/#breadcrumb","itemListElement":[{"@type":"ListItem","position":1,"name":"Portada","item":"https:\/\/malaga.salesianos.edu\/familiasalesiana\/"},{"@type":"ListItem","position":2,"name":"Agradecimientos. Primera parte del 125 aniversario"}]},{"@type":"WebSite","@id":"https:\/\/malaga.salesianos.edu\/familiasalesiana\/#website","url":"https:\/\/malaga.salesianos.edu\/familiasalesiana\/","name":"Familia Salesiana | Salesianos M\u00e1laga","description":"Familia Salesiana | Salesianos M\u00e1laga, ADMA, Asociaci\u00f3n de antiguos alumnos, Hermandad Salesiana, Salesianos Cooperadores","potentialAction":[{"@type":"SearchAction","target":{"@type":"EntryPoint","urlTemplate":"https:\/\/malaga.salesianos.edu\/familiasalesiana\/?s={search_term_string}"},"query-input":{"@type":"PropertyValueSpecification","valueRequired":true,"valueName":"search_term_string"}}],"inLanguage":"es"},{"@type":"Person","@id":""}]}},"_links":{"self":[{"href":"https:\/\/malaga.salesianos.edu\/familiasalesiana\/wp-json\/wp\/v2\/posts\/9317","targetHints":{"allow":["GET"]}}],"collection":[{"href":"https:\/\/malaga.salesianos.edu\/familiasalesiana\/wp-json\/wp\/v2\/posts"}],"about":[{"href":"https:\/\/malaga.salesianos.edu\/familiasalesiana\/wp-json\/wp\/v2\/types\/post"}],"author":[{"embeddable":true,"href":"https:\/\/malaga.salesianos.edu\/familiasalesiana\/wp-json\/wp\/v2\/users\/11"}],"replies":[{"embeddable":true,"href":"https:\/\/malaga.salesianos.edu\/familiasalesiana\/wp-json\/wp\/v2\/comments?post=9317"}],"version-history":[{"count":4,"href":"https:\/\/malaga.salesianos.edu\/familiasalesiana\/wp-json\/wp\/v2\/posts\/9317\/revisions"}],"predecessor-version":[{"id":9324,"href":"https:\/\/malaga.salesianos.edu\/familiasalesiana\/wp-json\/wp\/v2\/posts\/9317\/revisions\/9324"}],"wp:featuredmedia":[{"embeddable":true,"href":"https:\/\/malaga.salesianos.edu\/familiasalesiana\/wp-json\/wp\/v2\/media\/9321"}],"wp:attachment":[{"href":"https:\/\/malaga.salesianos.edu\/familiasalesiana\/wp-json\/wp\/v2\/media?parent=9317"}],"wp:term":[{"taxonomy":"category","embeddable":true,"href":"https:\/\/malaga.salesianos.edu\/familiasalesiana\/wp-json\/wp\/v2\/categories?post=9317"},{"taxonomy":"post_tag","embeddable":true,"href":"https:\/\/malaga.salesianos.edu\/familiasalesiana\/wp-json\/wp\/v2\/tags?post=9317"}],"curies":[{"name":"wp","href":"https:\/\/api.w.org\/{rel}","templated":true}]}}