{"id":9238,"date":"2019-03-14T15:26:35","date_gmt":"2019-03-14T14:10:21","guid":{"rendered":"https:\/\/malaga.salesianos.edu\/familiasalesiana\/blog\/recuerdo-agradecimiento-e-invitacion\/"},"modified":"2019-03-14T15:28:13","modified_gmt":"2019-03-14T14:28:13","slug":"recuerdo-agradecimiento-e-invitacion","status":"publish","type":"post","link":"https:\/\/malaga.salesianos.edu\/familiasalesiana\/blog\/recuerdo-agradecimiento-e-invitacion\/","title":{"rendered":"Recuerdo, agradecimiento e invitaci\u00f3n"},"content":{"rendered":"<p>[et_pb_section fb_built=\u00bb1&#8243; admin_label=\u00bbsection\u00bb _builder_version=\u00bb3.0.47&#8243; custom_padding=\u00bb2px|0px|54px|0px\u00bb][et_pb_row admin_label=\u00bbrow\u00bb _builder_version=\u00bb3.0.47&#8243; background_size=\u00bbinitial\u00bb background_position=\u00bbtop_left\u00bb background_repeat=\u00bbrepeat\u00bb][et_pb_column type=\u00bb4_4&#8243; _builder_version=\u00bb3.0.47&#8243;][et_pb_text admin_label=\u00bbEntradilla\u00bb _builder_version=\u00bb3.19.18&#8243; text_font=\u00bb|on|||\u00bb text_orientation=\u00bbjustified\u00bb use_border_color=\u00bboff\u00bb border_color=\u00bb#ffffff\u00bb border_style=\u00bbsolid\u00bb]<\/p>\n<p><strong><i>Don Antonio Gil, director de la Casa Salesiana de M\u00e1laga, da las gracias e invita a seguir viviendo con ilusi\u00f3n el 125 aniversario recordando los pr\u00f3ximos eventos.<\/i><\/strong><\/p>\n<p>[\/et_pb_text][et_pb_divider color=\u00bb#d6d6d6&#8243; _builder_version=\u00bb3.19.18&#8243;][\/et_pb_divider][et_pb_testimonial author=\u00bbAntonio Gil\u00bb portrait_url=\u00bbhttps:\/\/malaga.salesianos.edu\/wp-content\/uploads\/2018\/09\/Antonio-Gil-1819.jpg\u00bb _builder_version=\u00bb3.20.2&#8243; job_title=\u00bbDirector\u00bb company_name=\u00bbSalesianos M\u00e1laga\u00bb]<\/p>\n<p><em>Tras las<strong> experiencias vividas y disfrutadas ya<\/strong>, <\/em><strong><em>(<\/em><\/strong><em>Fiesta D. Bosco, libro, Himno, Fiesta Uni\u00f3n, Mapamundi salesiano, Bendici\u00f3n Casa Hermandad \/ Campo de Trabajo \/ Campamento Urbano \/ Inmersi\u00f3n ling\u00fc\u00edstica \/ Visita Delegados de Pastoral Escolar \/ Ensayos Musical \/Semana Blanca\u2026)<\/em><\/p>\n<p><em>un <strong>GRACIAS <\/strong>muy sincero y continuamos la vida en cada uno de nuestros ambientes y deseosos de seguir viviendo con la misma ilusi\u00f3n del principio, nuestro 125 aniversario. Nos quedan por disfrutar importantes acontecimientos a los que, <strong>en nombre de D. Bosco, os invito a participar<\/strong>, para seguir haciendo grande nuestra Familia Salesiana.<\/em><\/p>\n<p>En nombre de Don Bosco, a toda la Familia Salesiana y Amigos\u2026 Un abrazo<\/p>\n<p>[\/et_pb_testimonial][et_pb_text admin_label=\u00bbDesarrollo\u00bb _builder_version=\u00bb3.20.2&#8243; text_orientation=\u00bbjustified\u00bb use_border_color=\u00bboff\u00bb border_color=\u00bb#ffffff\u00bb border_style=\u00bbsolid\u00bb]<\/p>\n<p>Ya en <strong>MARZO 2019<\/strong> y entrados en Cuaresma, nos llega una celebraci\u00f3n entra\u00f1able; el pr\u00f3ximo d\u00eda <strong>15, viernes: <\/strong><strong>VIA CRUCIS<\/strong> <strong>por las calles de nuestra barriada<\/strong>, recordando a Jes\u00fas que desde la Cruz nos regala a su Madre. Momento de unirnos ante problemas y dificultades \u2013cruces- como familia creyente. Lo est\u00e1n preparando con mimo y eficacia nuestra <strong>HERMANDAD SALESIANA.<\/strong> Lo iniciaremos en nuestro Santuario a las 20 horas. Si puedes y deseas, \u00a1gracias por venir!<\/p>\n<p>\u00a0<strong>D\u00eda 23, s\u00e1bado de 17 a 19 horas <\/strong><strong>RETIRO de Cuaresma<\/strong><strong>,<\/strong> preparando la PASCUA. Tiempo para cuidar la fragilidad rezando juntos; tiempo para un recuerdo agradecido; tiempo para aprender a amar; tiempo para cultivar la alegr\u00eda&#8230; Pensado para todos y todas. Si quieres y puedes\u2026 nos daremos paz.<strong style=\"font-size: 14px;\">\u00a0 \u00a0 \u00a0 \u00a0 \u00a0 \u00a0 \u00a0 \u00a0 \u00a0 \u00a0 \u00a0 \u00a0<\/strong><\/p>\n<p><strong>El 30, s\u00e1bado: <\/strong><strong>GRAN FIESTA DE LA JUVENTUD (MJS<\/strong><strong>),<\/strong> cerca de Don Bosco en nuestro 125 aniversario; <strong>lo est\u00e1 preparando<\/strong> con responsabilidad e ilusi\u00f3n joven <strong>nuestro CENTRO JUVENIL<\/strong>. Ya nos adelantan el horario previsto con mucha alegr\u00eda y mucha fiesta\u2026<em>10.00h \u2013 Bienvenida \/ 11.00h \u2013 Eucarist\u00eda \/ 12.00h \u2013 Deportes y talleres \/ 14.00h \u2013 Almuerzo \/ 15.30h \u2013 Deporte y talleres \/ 17.00h \u2013 Entrega de premios \/ 18.00h \u2013 Despedida<\/em>\u2026 Cita muy especial, para los j\u00f3venes y cuantos tenemos coraz\u00f3n joven heredado del So\u00f1ador Juan Bosco\u2026<\/p>\n<p>&nbsp;<\/p>\n<p><strong>\u2026siempre en camino tras las huellas del Santo de los J\u00f3venes\u2026<\/strong><\/p>\n<p><strong>\u201cSO\u00d1AMOS JUNTOS\u201d<\/strong><\/p>\n<p>[\/et_pb_text][et_pb_divider color=\u00bb#d6d6d6&#8243; _builder_version=\u00bb3.19.18&#8243;][\/et_pb_divider][\/et_pb_column][\/et_pb_row][et_pb_row _builder_version=\u00bb3.20.2&#8243;][et_pb_column type=\u00bb4_4&#8243; _builder_version=\u00bb3.20.2&#8243;][et_pb_image animation_style=\u00bbbounce\u00bb src=\u00bbhttps:\/\/malaga.salesianos.edu\/wp-content\/uploads\/2018\/11\/Logo125apaisado.jpg\u00bb _builder_version=\u00bb3.20.2&#8243;][\/et_pb_image][\/et_pb_column][\/et_pb_row][\/et_pb_section]<\/p>\n","protected":false},"excerpt":{"rendered":"<p>Don Antonio Gil, director de la Casa Salesiana de M\u00e1laga, da las gracias e invita a seguir viviendo con ilusi\u00f3n el 125 aniversario, recordando los pr\u00f3ximos eventos.<\/p>\n","protected":false},"author":11,"featured_media":9239,"comment_status":"open","ping_status":"open","sticky":false,"template":"","format":"standard","meta":{"_et_pb_use_builder":"on","_et_pb_old_content":"","_et_gb_content_width":"","footnotes":""},"categories":[168,113,101],"tags":[],"class_list":["post-9238","post","type-post","status-publish","format-standard","has-post-thumbnail","hentry","category-125-aniversario","category-casa","category-familia-salesiana"],"yoast_head":"<!-- This site is optimized with the Yoast SEO plugin v28.3 - https:\/\/yoast.com\/product\/yoast-seo-wordpress\/ -->\n<title>Recuerdo, agradecimiento e invitaci\u00f3n - Familia Salesiana | Salesianos M\u00e1laga<\/title>\n<meta name=\"robots\" content=\"index, follow, max-snippet:-1, max-image-preview:large, max-video-preview:-1\" \/>\n<link rel=\"canonical\" href=\"https:\/\/malaga.salesianos.edu\/familiasalesiana\/blog\/recuerdo-agradecimiento-e-invitacion\/\" \/>\n<meta property=\"og:locale\" content=\"es_ES\" \/>\n<meta property=\"og:type\" content=\"article\" \/>\n<meta property=\"og:title\" content=\"Recuerdo, agradecimiento e invitaci\u00f3n - Familia Salesiana | Salesianos M\u00e1laga\" \/>\n<meta property=\"og:description\" content=\"Don Antonio Gil, director de la Casa Salesiana de M\u00e1laga, da las gracias e invita a seguir viviendo con ilusi\u00f3n el 125 aniversario, recordando los pr\u00f3ximos eventos.\" \/>\n<meta property=\"og:url\" content=\"https:\/\/malaga.salesianos.edu\/familiasalesiana\/blog\/recuerdo-agradecimiento-e-invitacion\/\" \/>\n<meta property=\"og:site_name\" content=\"Familia Salesiana | Salesianos M\u00e1laga\" \/>\n<meta property=\"article:published_time\" content=\"2019-03-14T14:10:21+00:00\" \/>\n<meta property=\"article:modified_time\" content=\"2019-03-14T14:28:13+00:00\" \/>\n<meta property=\"og:image\" content=\"https:\/\/malaga.salesianos.edu\/familiasalesiana\/wp-content\/uploads\/sites\/8\/2019\/03\/Don_Bosco_dia_31_enero_2019.jpg\" \/>\n\t<meta property=\"og:image:width\" content=\"1280\" \/>\n\t<meta property=\"og:image:height\" content=\"960\" \/>\n\t<meta property=\"og:image:type\" content=\"image\/jpeg\" \/>\n<meta name=\"twitter:card\" content=\"summary_large_image\" \/>\n<meta name=\"twitter:label1\" content=\"Escrito por\" \/>\n\t<meta name=\"twitter:data1\" content=\"\" \/>\n\t<meta name=\"twitter:label2\" content=\"Tiempo de lectura\" \/>\n\t<meta name=\"twitter:data2\" content=\"3 minutos\" \/>\n<script type=\"application\/ld+json\" class=\"yoast-schema-graph\">{\"@context\":\"https:\\\/\\\/schema.org\",\"@graph\":[{\"@type\":\"Article\",\"@id\":\"https:\\\/\\\/malaga.salesianos.edu\\\/familiasalesiana\\\/blog\\\/recuerdo-agradecimiento-e-invitacion\\\/#article\",\"isPartOf\":{\"@id\":\"https:\\\/\\\/malaga.salesianos.edu\\\/familiasalesiana\\\/blog\\\/recuerdo-agradecimiento-e-invitacion\\\/\"},\"author\":{\"name\":\"\",\"@id\":\"\"},\"headline\":\"Recuerdo, agradecimiento e invitaci\u00f3n\",\"datePublished\":\"2019-03-14T14:10:21+00:00\",\"dateModified\":\"2019-03-14T14:28:13+00:00\",\"mainEntityOfPage\":{\"@id\":\"https:\\\/\\\/malaga.salesianos.edu\\\/familiasalesiana\\\/blog\\\/recuerdo-agradecimiento-e-invitacion\\\/\"},\"wordCount\":554,\"commentCount\":0,\"image\":{\"@id\":\"https:\\\/\\\/malaga.salesianos.edu\\\/familiasalesiana\\\/blog\\\/recuerdo-agradecimiento-e-invitacion\\\/#primaryimage\"},\"thumbnailUrl\":\"https:\\\/\\\/malaga.salesianos.edu\\\/familiasalesiana\\\/wp-content\\\/uploads\\\/sites\\\/8\\\/2019\\\/03\\\/Don_Bosco_dia_31_enero_2019.jpg\",\"articleSection\":[\"125 aniversario\",\"Casa\",\"Familia Salesiana\"],\"inLanguage\":\"es\",\"potentialAction\":[{\"@type\":\"CommentAction\",\"name\":\"Comment\",\"target\":[\"https:\\\/\\\/malaga.salesianos.edu\\\/familiasalesiana\\\/blog\\\/recuerdo-agradecimiento-e-invitacion\\\/#respond\"]}]},{\"@type\":\"WebPage\",\"@id\":\"https:\\\/\\\/malaga.salesianos.edu\\\/familiasalesiana\\\/blog\\\/recuerdo-agradecimiento-e-invitacion\\\/\",\"url\":\"https:\\\/\\\/malaga.salesianos.edu\\\/familiasalesiana\\\/blog\\\/recuerdo-agradecimiento-e-invitacion\\\/\",\"name\":\"Recuerdo, agradecimiento e invitaci\u00f3n - Familia Salesiana | Salesianos M\u00e1laga\",\"isPartOf\":{\"@id\":\"https:\\\/\\\/malaga.salesianos.edu\\\/familiasalesiana\\\/#website\"},\"primaryImageOfPage\":{\"@id\":\"https:\\\/\\\/malaga.salesianos.edu\\\/familiasalesiana\\\/blog\\\/recuerdo-agradecimiento-e-invitacion\\\/#primaryimage\"},\"image\":{\"@id\":\"https:\\\/\\\/malaga.salesianos.edu\\\/familiasalesiana\\\/blog\\\/recuerdo-agradecimiento-e-invitacion\\\/#primaryimage\"},\"thumbnailUrl\":\"https:\\\/\\\/malaga.salesianos.edu\\\/familiasalesiana\\\/wp-content\\\/uploads\\\/sites\\\/8\\\/2019\\\/03\\\/Don_Bosco_dia_31_enero_2019.jpg\",\"datePublished\":\"2019-03-14T14:10:21+00:00\",\"dateModified\":\"2019-03-14T14:28:13+00:00\",\"author\":{\"@id\":\"\"},\"breadcrumb\":{\"@id\":\"https:\\\/\\\/malaga.salesianos.edu\\\/familiasalesiana\\\/blog\\\/recuerdo-agradecimiento-e-invitacion\\\/#breadcrumb\"},\"inLanguage\":\"es\",\"potentialAction\":[{\"@type\":\"ReadAction\",\"target\":[\"https:\\\/\\\/malaga.salesianos.edu\\\/familiasalesiana\\\/blog\\\/recuerdo-agradecimiento-e-invitacion\\\/\"]}]},{\"@type\":\"ImageObject\",\"inLanguage\":\"es\",\"@id\":\"https:\\\/\\\/malaga.salesianos.edu\\\/familiasalesiana\\\/blog\\\/recuerdo-agradecimiento-e-invitacion\\\/#primaryimage\",\"url\":\"https:\\\/\\\/malaga.salesianos.edu\\\/familiasalesiana\\\/wp-content\\\/uploads\\\/sites\\\/8\\\/2019\\\/03\\\/Don_Bosco_dia_31_enero_2019.jpg\",\"contentUrl\":\"https:\\\/\\\/malaga.salesianos.edu\\\/familiasalesiana\\\/wp-content\\\/uploads\\\/sites\\\/8\\\/2019\\\/03\\\/Don_Bosco_dia_31_enero_2019.jpg\",\"width\":1280,\"height\":960},{\"@type\":\"BreadcrumbList\",\"@id\":\"https:\\\/\\\/malaga.salesianos.edu\\\/familiasalesiana\\\/blog\\\/recuerdo-agradecimiento-e-invitacion\\\/#breadcrumb\",\"itemListElement\":[{\"@type\":\"ListItem\",\"position\":1,\"name\":\"Portada\",\"item\":\"https:\\\/\\\/malaga.salesianos.edu\\\/familiasalesiana\\\/\"},{\"@type\":\"ListItem\",\"position\":2,\"name\":\"Recuerdo, agradecimiento e invitaci\u00f3n\"}]},{\"@type\":\"WebSite\",\"@id\":\"https:\\\/\\\/malaga.salesianos.edu\\\/familiasalesiana\\\/#website\",\"url\":\"https:\\\/\\\/malaga.salesianos.edu\\\/familiasalesiana\\\/\",\"name\":\"Familia Salesiana | Salesianos M\u00e1laga\",\"description\":\"Familia Salesiana | Salesianos M\u00e1laga, ADMA, Asociaci\u00f3n de antiguos alumnos, Hermandad Salesiana, Salesianos Cooperadores\",\"potentialAction\":[{\"@type\":\"SearchAction\",\"target\":{\"@type\":\"EntryPoint\",\"urlTemplate\":\"https:\\\/\\\/malaga.salesianos.edu\\\/familiasalesiana\\\/?s={search_term_string}\"},\"query-input\":{\"@type\":\"PropertyValueSpecification\",\"valueRequired\":true,\"valueName\":\"search_term_string\"}}],\"inLanguage\":\"es\"},{\"@type\":\"Person\",\"@id\":\"\"}]}<\/script>\n<!-- \/ Yoast SEO plugin. -->","yoast_head_json":{"title":"Recuerdo, agradecimiento e invitaci\u00f3n - Familia Salesiana | Salesianos M\u00e1laga","robots":{"index":"index","follow":"follow","max-snippet":"max-snippet:-1","max-image-preview":"max-image-preview:large","max-video-preview":"max-video-preview:-1"},"canonical":"https:\/\/malaga.salesianos.edu\/familiasalesiana\/blog\/recuerdo-agradecimiento-e-invitacion\/","og_locale":"es_ES","og_type":"article","og_title":"Recuerdo, agradecimiento e invitaci\u00f3n - Familia Salesiana | Salesianos M\u00e1laga","og_description":"Don Antonio Gil, director de la Casa Salesiana de M\u00e1laga, da las gracias e invita a seguir viviendo con ilusi\u00f3n el 125 aniversario, recordando los pr\u00f3ximos eventos.","og_url":"https:\/\/malaga.salesianos.edu\/familiasalesiana\/blog\/recuerdo-agradecimiento-e-invitacion\/","og_site_name":"Familia Salesiana | Salesianos M\u00e1laga","article_published_time":"2019-03-14T14:10:21+00:00","article_modified_time":"2019-03-14T14:28:13+00:00","og_image":[{"width":1280,"height":960,"url":"https:\/\/malaga.salesianos.edu\/familiasalesiana\/wp-content\/uploads\/sites\/8\/2019\/03\/Don_Bosco_dia_31_enero_2019.jpg","type":"image\/jpeg"}],"twitter_card":"summary_large_image","twitter_misc":{"Escrito por":"","Tiempo de lectura":"3 minutos"},"schema":{"@context":"https:\/\/schema.org","@graph":[{"@type":"Article","@id":"https:\/\/malaga.salesianos.edu\/familiasalesiana\/blog\/recuerdo-agradecimiento-e-invitacion\/#article","isPartOf":{"@id":"https:\/\/malaga.salesianos.edu\/familiasalesiana\/blog\/recuerdo-agradecimiento-e-invitacion\/"},"author":{"name":"","@id":""},"headline":"Recuerdo, agradecimiento e invitaci\u00f3n","datePublished":"2019-03-14T14:10:21+00:00","dateModified":"2019-03-14T14:28:13+00:00","mainEntityOfPage":{"@id":"https:\/\/malaga.salesianos.edu\/familiasalesiana\/blog\/recuerdo-agradecimiento-e-invitacion\/"},"wordCount":554,"commentCount":0,"image":{"@id":"https:\/\/malaga.salesianos.edu\/familiasalesiana\/blog\/recuerdo-agradecimiento-e-invitacion\/#primaryimage"},"thumbnailUrl":"https:\/\/malaga.salesianos.edu\/familiasalesiana\/wp-content\/uploads\/sites\/8\/2019\/03\/Don_Bosco_dia_31_enero_2019.jpg","articleSection":["125 aniversario","Casa","Familia Salesiana"],"inLanguage":"es","potentialAction":[{"@type":"CommentAction","name":"Comment","target":["https:\/\/malaga.salesianos.edu\/familiasalesiana\/blog\/recuerdo-agradecimiento-e-invitacion\/#respond"]}]},{"@type":"WebPage","@id":"https:\/\/malaga.salesianos.edu\/familiasalesiana\/blog\/recuerdo-agradecimiento-e-invitacion\/","url":"https:\/\/malaga.salesianos.edu\/familiasalesiana\/blog\/recuerdo-agradecimiento-e-invitacion\/","name":"Recuerdo, agradecimiento e invitaci\u00f3n - Familia Salesiana | Salesianos M\u00e1laga","isPartOf":{"@id":"https:\/\/malaga.salesianos.edu\/familiasalesiana\/#website"},"primaryImageOfPage":{"@id":"https:\/\/malaga.salesianos.edu\/familiasalesiana\/blog\/recuerdo-agradecimiento-e-invitacion\/#primaryimage"},"image":{"@id":"https:\/\/malaga.salesianos.edu\/familiasalesiana\/blog\/recuerdo-agradecimiento-e-invitacion\/#primaryimage"},"thumbnailUrl":"https:\/\/malaga.salesianos.edu\/familiasalesiana\/wp-content\/uploads\/sites\/8\/2019\/03\/Don_Bosco_dia_31_enero_2019.jpg","datePublished":"2019-03-14T14:10:21+00:00","dateModified":"2019-03-14T14:28:13+00:00","author":{"@id":""},"breadcrumb":{"@id":"https:\/\/malaga.salesianos.edu\/familiasalesiana\/blog\/recuerdo-agradecimiento-e-invitacion\/#breadcrumb"},"inLanguage":"es","potentialAction":[{"@type":"ReadAction","target":["https:\/\/malaga.salesianos.edu\/familiasalesiana\/blog\/recuerdo-agradecimiento-e-invitacion\/"]}]},{"@type":"ImageObject","inLanguage":"es","@id":"https:\/\/malaga.salesianos.edu\/familiasalesiana\/blog\/recuerdo-agradecimiento-e-invitacion\/#primaryimage","url":"https:\/\/malaga.salesianos.edu\/familiasalesiana\/wp-content\/uploads\/sites\/8\/2019\/03\/Don_Bosco_dia_31_enero_2019.jpg","contentUrl":"https:\/\/malaga.salesianos.edu\/familiasalesiana\/wp-content\/uploads\/sites\/8\/2019\/03\/Don_Bosco_dia_31_enero_2019.jpg","width":1280,"height":960},{"@type":"BreadcrumbList","@id":"https:\/\/malaga.salesianos.edu\/familiasalesiana\/blog\/recuerdo-agradecimiento-e-invitacion\/#breadcrumb","itemListElement":[{"@type":"ListItem","position":1,"name":"Portada","item":"https:\/\/malaga.salesianos.edu\/familiasalesiana\/"},{"@type":"ListItem","position":2,"name":"Recuerdo, agradecimiento e invitaci\u00f3n"}]},{"@type":"WebSite","@id":"https:\/\/malaga.salesianos.edu\/familiasalesiana\/#website","url":"https:\/\/malaga.salesianos.edu\/familiasalesiana\/","name":"Familia Salesiana | Salesianos M\u00e1laga","description":"Familia Salesiana | Salesianos M\u00e1laga, ADMA, Asociaci\u00f3n de antiguos alumnos, Hermandad Salesiana, Salesianos Cooperadores","potentialAction":[{"@type":"SearchAction","target":{"@type":"EntryPoint","urlTemplate":"https:\/\/malaga.salesianos.edu\/familiasalesiana\/?s={search_term_string}"},"query-input":{"@type":"PropertyValueSpecification","valueRequired":true,"valueName":"search_term_string"}}],"inLanguage":"es"},{"@type":"Person","@id":""}]}},"_links":{"self":[{"href":"https:\/\/malaga.salesianos.edu\/familiasalesiana\/wp-json\/wp\/v2\/posts\/9238","targetHints":{"allow":["GET"]}}],"collection":[{"href":"https:\/\/malaga.salesianos.edu\/familiasalesiana\/wp-json\/wp\/v2\/posts"}],"about":[{"href":"https:\/\/malaga.salesianos.edu\/familiasalesiana\/wp-json\/wp\/v2\/types\/post"}],"author":[{"embeddable":true,"href":"https:\/\/malaga.salesianos.edu\/familiasalesiana\/wp-json\/wp\/v2\/users\/11"}],"replies":[{"embeddable":true,"href":"https:\/\/malaga.salesianos.edu\/familiasalesiana\/wp-json\/wp\/v2\/comments?post=9238"}],"version-history":[{"count":4,"href":"https:\/\/malaga.salesianos.edu\/familiasalesiana\/wp-json\/wp\/v2\/posts\/9238\/revisions"}],"predecessor-version":[{"id":9243,"href":"https:\/\/malaga.salesianos.edu\/familiasalesiana\/wp-json\/wp\/v2\/posts\/9238\/revisions\/9243"}],"wp:featuredmedia":[{"embeddable":true,"href":"https:\/\/malaga.salesianos.edu\/familiasalesiana\/wp-json\/wp\/v2\/media\/9239"}],"wp:attachment":[{"href":"https:\/\/malaga.salesianos.edu\/familiasalesiana\/wp-json\/wp\/v2\/media?parent=9238"}],"wp:term":[{"taxonomy":"category","embeddable":true,"href":"https:\/\/malaga.salesianos.edu\/familiasalesiana\/wp-json\/wp\/v2\/categories?post=9238"},{"taxonomy":"post_tag","embeddable":true,"href":"https:\/\/malaga.salesianos.edu\/familiasalesiana\/wp-json\/wp\/v2\/tags?post=9238"}],"curies":[{"name":"wp","href":"https:\/\/api.w.org\/{rel}","templated":true}]}}