{"id":9227,"date":"2019-03-08T23:29:50","date_gmt":"2019-03-08T22:23:33","guid":{"rendered":"https:\/\/malaga.salesianos.edu\/familiasalesiana\/blog\/el-obispo-de-malaga-bendice-la-nueva-casa-hermandad-de-nuestra-hermandad-salesiana\/"},"modified":"2019-03-08T23:36:54","modified_gmt":"2019-03-08T22:36:54","slug":"el-obispo-de-malaga-bendice-la-nueva-casa-hermandad-de-nuestra-hermandad-salesiana","status":"publish","type":"post","link":"https:\/\/malaga.salesianos.edu\/familiasalesiana\/blog\/el-obispo-de-malaga-bendice-la-nueva-casa-hermandad-de-nuestra-hermandad-salesiana\/","title":{"rendered":"El obispo de M\u00e1laga bendice nuestra nueva casa hermandad"},"content":{"rendered":"<p>[et_pb_section fb_built=\u00bb1&#8243; admin_label=\u00bbsection\u00bb _builder_version=\u00bb3.0.47&#8243; custom_padding=\u00bb2px|0px|54px|0px\u00bb][et_pb_row admin_label=\u00bbrow\u00bb _builder_version=\u00bb3.0.47&#8243; background_size=\u00bbinitial\u00bb background_position=\u00bbtop_left\u00bb background_repeat=\u00bbrepeat\u00bb][et_pb_column type=\u00bb4_4&#8243; _builder_version=\u00bb3.0.47&#8243;][et_pb_text admin_label=\u00bbEntradilla\u00bb _builder_version=\u00bb3.19.18&#8243; text_font=\u00bb|on|||\u00bb text_orientation=\u00bbjustified\u00bb use_border_color=\u00bboff\u00bb border_color=\u00bb#ffffff\u00bb border_style=\u00bbsolid\u00bb]<\/p>\n<p><em>La inauguraci\u00f3n oficial, celebrada el pasado 24 de febrero, cont\u00f3 con la bendici\u00f3n del obispo, Jes\u00fas Catal\u00e1, y con la presencia del alcalde, Francisco de la Torre.<\/em><\/p>\n<p>[\/et_pb_text][et_pb_divider color=\u00bb#d6d6d6&#8243; _builder_version=\u00bb3.19.18&#8243;][\/et_pb_divider][et_pb_text admin_label=\u00bbDesarrollo\u00bb _builder_version=\u00bb3.19.18&#8243; text_orientation=\u00bbjustified\u00bb use_border_color=\u00bboff\u00bb border_color=\u00bb#ffffff\u00bb border_style=\u00bbsolid\u00bb]<\/p>\n<p>En una ma\u00f1ana que comenz\u00f3 dubitativa, nubes y claros en el cielo malague\u00f1o, conforme transcurr\u00eda la ma\u00f1ana se abri\u00f3 el cielo y qued\u00f3 una radiante jornada. A las doce nos encaminamos a la eucarist\u00eda, donde se nos pidi\u00f3 perdonar a nuestros enemigos, al finalizar la misma y con tal mandato nos encaminamos a nuestra, por entonces, oficiosa Casa de Hermandad, cruzando la calle colmados de ilusi\u00f3n ante lo que, de seguro, se convertir\u00eda en un d\u00eda hist\u00f3rico.<\/p>\n<p>Prontamente, en el n\u00famero veintis\u00e9is de la calle Eduardo Dom\u00ednguez \u00c1vila, epicentro en aquel instante del barrio de Capuchinos, se congregaron un nutrido grupo de hermanos, fieles, familiares , amigos, miembros de la junta de gobierno, las ilustres personalidades de nuestra M\u00e1laga cofrade; el alcalde; D. Francisco de la Torre, el Sr. Obispo, Monse\u00f1or Jes\u00fas Catal\u00e1, el presidente de la agrupaci\u00f3n de cofrad\u00edas, D. Pablo Atencia, el concejal de econom\u00eda Antonio Gil y la concejala de cultura y distrito centro, Gemma del Corral, el director de la casa Salesiana, D. Antonio Gil Prieto y la miembros de la comunidad salesiana, adem\u00e1s de los grupos de la casa salesiana, hermanos mayores de varias hermandades de pasi\u00f3n y gloria , todas personas ilustres que forman o \u00a0han formado parte la joven, pero intensa historia de nuestra hermandad.<\/p>\n<p>El sal\u00f3n de tronos y los pisos superiores se llenaron con avidez, llegando a congregarse una peque\u00f1a multitud que creo un ambiente c\u00e1lido y acogedor.\u00a0 Entre constantes saludos y parabienes, casi sin darnos cuenta, al borde de las dos menos veinte, se comenz\u00f3 con el acto oficial de bendici\u00f3n.<\/p>\n<p>Nuestro secretario, Jos\u00e9 Manuel G\u00f3mez, dio la palabra a nuestro hermano mayor y Juan Manuel Le\u00f3n, ley\u00f3 un discurso donde, se mezclaron, los distintos sentimientos generados a lo largo de la costosa y no exenta de contratiempos, construcci\u00f3n de la Casa de Hermandad. En este discurso no faltaron, entrelaz\u00e1ndose y solap\u00e1ndose, sentimientos como; la alegr\u00eda, la sorpresa, el anhelo, el desasosiego, el desvelo, la valent\u00eda, etc\u2026 evocaci\u00f3n de los sentidos durante el \u00faltimo a\u00f1o de construcci\u00f3n.<\/p>\n<p>El discurso continu\u00f3 con la felicitaci\u00f3n por la culminaci\u00f3n de la obra y el trabajo bien hecho. Agradecimientos al constructor por su tes\u00f3n y buen hacer, a David Rodr\u00edguez como mano derecha del proyecto, por su constancia y dedicaci\u00f3n, a la junta de gobierno por su trabajo incansable, ilusi\u00f3n y esp\u00edritu de superaci\u00f3n, a los hermanos, por su paciencia y apoyo abnegado y a las entidades locales por su inestimable ayuda, todo ello puso el colof\u00f3n al discurso.<\/p>\n<p>\u00a0<span style=\"font-size: 14px;\">En esos momentos la emoci\u00f3n, la alegr\u00eda y la satisfacci\u00f3n, se desbordaban por los cuatro costados del hogar cofrade salesiano. M\u00e1s de una l\u00e1grima furtiva se derramaba ante la imposibilidad de frenar, de contener, los sentimientos guardados en lo m\u00e1s profundo de nuestras almas, durante todos estos a\u00f1os. Son muchas las personas y muchos los esfuerzos realizados en estos treinta a\u00f1os para conseguir un lugar digno y la evocaci\u00f3n, rememorando las penalidades y los anhelos, de los que estamos y de los que ya no est\u00e1n, asaltaron nuestros pensamientos.<\/span><\/p>\n<p>Seguidamente tom\u00f3 la palabra el constructor de tan magna obra, D. Juan Cabello devolviendo el agradecimiento por haber permitido materializar un sue\u00f1o largamente esperado. Desde unas intensas palabras, que nos llegaron al coraz\u00f3n, nos narr\u00f3 su pasado Salesiano, sus inicios humildes en el colegio de Antequera y como se llen\u00f3 de los valores salesianos, sinti\u00e9ndose por ello eternamente agradecido. Nos confes\u00f3 que desde hac\u00eda tiempo se sent\u00eda en deuda con los Salesianos. Confes\u00f3 que, con nuestra llamada, sinti\u00f3 que pod\u00eda saldar parcialmente esa deuda, que su coraz\u00f3n palpit\u00f3 con esta obra y que sinti\u00f3 en su interior una satisfacci\u00f3n inmensa al culminarla. La cuenta queda parcialmente saldada.<\/p>\n<p>A continuaci\u00f3n, el alcalde de M\u00e1laga, mostr\u00f3 su regocijo por la finalizaci\u00f3n de la obra y por el proceso institucional seguido. En un momento record\u00f3 la cesi\u00f3n, en primera instancia, de los primeros terrenos, en El Ejido y como se produjo el acertado cambio. Tambi\u00e9n nos dio unas pinceladas de la historia del acueducto de San Telmo, y como se hab\u00eda realizado una magn\u00edfica actuaci\u00f3n para conservar dicho legado, reconoci\u00f3, en complicidad con el Obispo, las dificultades de todo proyecto y obra. Por \u00faltimo, puso en valor importancia de la presencia Salesiana en M\u00e1laga y de nuestra cofrad\u00eda en el panorama cofrade.<\/p>\n<p>Posteriormente el se\u00f1or Obispo, comenz\u00f3 con el acto, propiamente dicho, de la bendici\u00f3n de la Casa. Se realizaron varias lecturas por parte de nuestro director espiritual, D. Lorenzo Molina, David Rodr\u00edguez y Jos\u00e9 Manuel Molina, entre ellos se ley\u00f3 el pasaje del evangelio que representa nuestra hermandad, \u201c<em>Stabat Mater<\/em>\u201d.<\/p>\n<p>De entre las palabras del se\u00f1or Obispo, nos quedamos con su exhortaci\u00f3n a resolver las dificultades en familia, a saber perdonar a nuestro pr\u00f3jimo, a crear v\u00ednculos con nuestros hermanos y sobre todo nos dej\u00f3 un gran regalo en forma de met\u00e1fora, donde el santuario de Mar\u00eda Auxiliadora y el colegio se convert\u00edan en manantiales de f\u00e9 cristiana, a un lado y otro de la calle, utilizando el acueducto como s\u00edmil.<\/p>\n<p>Por \u00faltimo, nos record\u00f3 que viv\u00edamos una efem\u00e9ride, que no era una casualidad, ya que coincide con el 125 aniversario de la presencia salesiana en M\u00e1laga, y en una fecha tan evocadora como lo es un 24. El devenir de nuestra cofrad\u00eda est\u00e1 cargada de signos, se\u00f1ales y hechos por los que estamos seguro de que ella, la Virgen Auxiliadora, en su d\u00eda, lo ha hecho todo y ellos, El Se\u00f1or de Las Penas y su madre del Auxilio, as\u00ed lo han querido.<\/p>\n<p>Durante el acto se realiz\u00f3 un rezo en forma de recordatorio por la p\u00e9rdida de D. Antonio Cesar Fern\u00e1ndez (SDB), en el atentado de Burkina Faso, Dios lo acoja y lo guarde.<\/p>\n<p>Seguidamente se destap\u00f3 el azulejo conmemorativo de la bendici\u00f3n de nuestra Casa de Hermandad, leyendo el hermano mayor lo que all\u00ed rezaba para el p\u00fablico asistente.<\/p>\n<p>Nos quedamos con la satisfacci\u00f3n de congratularnos con las palabras que all\u00ed rezan para la posteridad; \u201cdedicaci\u00f3n\u201d y \u201cempe\u00f1o\u201d que siempre han sido m\u00e1ximas de la hermandad y su junta de gobierno, y otras como \u00a0\u201cgu\u00eda\u201d y \u201cprotecci\u00f3n\u201d baluarte de nuestra bendita madre Auxiliadora.<\/p>\n<p>Despu\u00e9s se pas\u00f3 a realizar la bendici\u00f3n, por aspersi\u00f3n, de todas las estancias y dependencias de la casa, cre\u00e1ndose un sequito de autoridades que recorri\u00f3 todas las plantas de la edificaci\u00f3n.<\/p>\n<p>En el sal\u00f3n de tronos se acentuaron las caras de alegr\u00eda y satisfacci\u00f3n a la espera de finalizar el acto, tarea realizada por Don Antonio Gil, y sus buenas tardes Salesianas, dej\u00e1ndonos una perla, una frase para la posteridad, como colof\u00f3n de tan ansiado acto, invit\u00e1ndonos al amor fraterno, con una humilde y sentida frase, \u201cdejaros querer , all\u00ed donde os lleve el destino , dad y recibid amor. Desde \u00e9sta, t\u00fa cofrad\u00eda, tomamos las palabras de nuestro director, con la firme intenci\u00f3n de dejarnos querer. Querido hermano, siempre eres bienvenido a \u00e9sta, tu casa, las puertas siempre est\u00e1n abiertas.<\/p>\n<p>Queremos, deseamos, que este acto sea el punto de partida, el pistoletazo de salida para dar vida a nuestra Casa de Hermandad Salesiana. Nuestra cofrad\u00eda tiene ahora una casa que acoge, un resguardo de fe cristiana, un cobijo de hermanos, un manantial fraterno salesiano, un hogar que abraza, como 125 a\u00f1os llevan abrazando la Vida nuestro colegio Salesiano, una simiente de futuros cofrades salesianos y el centro de la<\/p>\n<p>Para finalizar, despu\u00e9s de la bendici\u00f3n, se invit\u00f3 a los asistentes a un coctel con variedad de delicias gastron\u00f3micas, cre\u00e1ndose un ambiente de convivencia y fraternidad.<\/p>\n<p>Recordaremos este d\u00eda con gozo como el culmen de treinta a\u00f1os de caminar por el desierto, como el fin de un largo camino, para llegar con alegr\u00eda a la Casa prometida. Comienza el a\u00f1o cero de vivencias cofrades salesianas en t\u00fa casa. \u00a1Viv\u00e1mosla!<\/p>\n<p>&nbsp;<\/p>\n<p>Esta es mi casa y de aqu\u00ed saldr\u00e1 mi gloria.<\/p>\n<p>&nbsp;<\/p>\n<p>Jos\u00e9 M\u00aa L\u00f3pez Caballero<\/p>\n<p>[\/et_pb_text][et_pb_divider color=\u00bb#d6d6d6&#8243; _builder_version=\u00bb3.19.18&#8243;][\/et_pb_divider][et_pb_gallery gallery_ids=\u00bb16655,16656,16657,16658,16659,16660,16661&#8243; gallery_orderby=\u00bbrand\u00bb show_title_and_caption=\u00bboff\u00bb _builder_version=\u00bb3.19.18&#8243;][\/et_pb_gallery][et_pb_image animation_style=\u00bbfade\u00bb src=\u00bbhttps:\/\/malaga.salesianos.edu\/wp-content\/uploads\/2018\/04\/Friso_hermandad_G.png\u00bb _builder_version=\u00bb3.19.18&#8243;][\/et_pb_image][\/et_pb_column][\/et_pb_row][\/et_pb_section]<\/p>\n","protected":false},"excerpt":{"rendered":"<p>La inauguraci\u00f3n oficial, celebrada el 24 de febrero, cont\u00f3 con la bendici\u00f3n del obispo, Jes\u00fas Catal\u00e1, y con la presencia del alcalde, Francisco de la Torre.<\/p>\n","protected":false},"author":12,"featured_media":9228,"comment_status":"open","ping_status":"open","sticky":false,"template":"","format":"standard","meta":{"_et_pb_use_builder":"on","_et_pb_old_content":"","_et_gb_content_width":"","footnotes":""},"categories":[168,113,9,101],"tags":[122],"class_list":["post-9227","post","type-post","status-publish","format-standard","has-post-thumbnail","hentry","category-125-aniversario","category-casa","category-cofradia","category-familia-salesiana","tag-cofradia"],"yoast_head":"<!-- This site is optimized with the Yoast SEO plugin v28.3 - https:\/\/yoast.com\/product\/yoast-seo-wordpress\/ -->\n<title>El obispo de M\u00e1laga bendice nuestra nueva casa hermandad - Familia Salesiana | Salesianos M\u00e1laga<\/title>\n<meta name=\"robots\" content=\"index, follow, max-snippet:-1, max-image-preview:large, max-video-preview:-1\" \/>\n<link rel=\"canonical\" href=\"https:\/\/malaga.salesianos.edu\/familiasalesiana\/blog\/el-obispo-de-malaga-bendice-la-nueva-casa-hermandad-de-nuestra-hermandad-salesiana\/\" \/>\n<meta property=\"og:locale\" content=\"es_ES\" \/>\n<meta property=\"og:type\" content=\"article\" \/>\n<meta property=\"og:title\" content=\"El obispo de M\u00e1laga bendice nuestra nueva casa hermandad - Familia Salesiana | Salesianos M\u00e1laga\" \/>\n<meta property=\"og:description\" content=\"La inauguraci\u00f3n oficial, celebrada el 24 de febrero, cont\u00f3 con la bendici\u00f3n del obispo, Jes\u00fas Catal\u00e1, y con la presencia del alcalde, Francisco de la Torre.\" \/>\n<meta property=\"og:url\" content=\"https:\/\/malaga.salesianos.edu\/familiasalesiana\/blog\/el-obispo-de-malaga-bendice-la-nueva-casa-hermandad-de-nuestra-hermandad-salesiana\/\" \/>\n<meta property=\"og:site_name\" content=\"Familia Salesiana | Salesianos M\u00e1laga\" \/>\n<meta property=\"article:published_time\" content=\"2019-03-08T22:23:33+00:00\" \/>\n<meta property=\"article:modified_time\" content=\"2019-03-08T22:36:54+00:00\" \/>\n<meta property=\"og:image\" content=\"https:\/\/malaga.salesianos.edu\/familiasalesiana\/wp-content\/uploads\/sites\/8\/2019\/03\/MG_6486.jpg\" \/>\n\t<meta property=\"og:image:width\" content=\"1280\" \/>\n\t<meta property=\"og:image:height\" content=\"853\" \/>\n\t<meta property=\"og:image:type\" content=\"image\/jpeg\" \/>\n<meta name=\"twitter:card\" content=\"summary_large_image\" \/>\n<meta name=\"twitter:label1\" content=\"Escrito por\" \/>\n\t<meta name=\"twitter:data1\" content=\"\" \/>\n\t<meta name=\"twitter:label2\" content=\"Tiempo de lectura\" \/>\n\t<meta name=\"twitter:data2\" content=\"8 minutos\" \/>\n<script type=\"application\/ld+json\" class=\"yoast-schema-graph\">{\"@context\":\"https:\\\/\\\/schema.org\",\"@graph\":[{\"@type\":\"Article\",\"@id\":\"https:\\\/\\\/malaga.salesianos.edu\\\/familiasalesiana\\\/blog\\\/el-obispo-de-malaga-bendice-la-nueva-casa-hermandad-de-nuestra-hermandad-salesiana\\\/#article\",\"isPartOf\":{\"@id\":\"https:\\\/\\\/malaga.salesianos.edu\\\/familiasalesiana\\\/blog\\\/el-obispo-de-malaga-bendice-la-nueva-casa-hermandad-de-nuestra-hermandad-salesiana\\\/\"},\"author\":{\"name\":\"\",\"@id\":\"\"},\"headline\":\"El obispo de M\u00e1laga bendice nuestra nueva casa hermandad\",\"datePublished\":\"2019-03-08T22:23:33+00:00\",\"dateModified\":\"2019-03-08T22:36:54+00:00\",\"mainEntityOfPage\":{\"@id\":\"https:\\\/\\\/malaga.salesianos.edu\\\/familiasalesiana\\\/blog\\\/el-obispo-de-malaga-bendice-la-nueva-casa-hermandad-de-nuestra-hermandad-salesiana\\\/\"},\"wordCount\":1624,\"commentCount\":0,\"image\":{\"@id\":\"https:\\\/\\\/malaga.salesianos.edu\\\/familiasalesiana\\\/blog\\\/el-obispo-de-malaga-bendice-la-nueva-casa-hermandad-de-nuestra-hermandad-salesiana\\\/#primaryimage\"},\"thumbnailUrl\":\"https:\\\/\\\/malaga.salesianos.edu\\\/familiasalesiana\\\/wp-content\\\/uploads\\\/sites\\\/8\\\/2019\\\/03\\\/MG_6486.jpg\",\"keywords\":[\"Cofrad\u00eda\"],\"articleSection\":[\"125 aniversario\",\"Casa\",\"Cofrad\u00eda\",\"Familia Salesiana\"],\"inLanguage\":\"es\",\"potentialAction\":[{\"@type\":\"CommentAction\",\"name\":\"Comment\",\"target\":[\"https:\\\/\\\/malaga.salesianos.edu\\\/familiasalesiana\\\/blog\\\/el-obispo-de-malaga-bendice-la-nueva-casa-hermandad-de-nuestra-hermandad-salesiana\\\/#respond\"]}]},{\"@type\":\"WebPage\",\"@id\":\"https:\\\/\\\/malaga.salesianos.edu\\\/familiasalesiana\\\/blog\\\/el-obispo-de-malaga-bendice-la-nueva-casa-hermandad-de-nuestra-hermandad-salesiana\\\/\",\"url\":\"https:\\\/\\\/malaga.salesianos.edu\\\/familiasalesiana\\\/blog\\\/el-obispo-de-malaga-bendice-la-nueva-casa-hermandad-de-nuestra-hermandad-salesiana\\\/\",\"name\":\"El obispo de M\u00e1laga bendice nuestra nueva casa hermandad - Familia Salesiana | Salesianos M\u00e1laga\",\"isPartOf\":{\"@id\":\"https:\\\/\\\/malaga.salesianos.edu\\\/familiasalesiana\\\/#website\"},\"primaryImageOfPage\":{\"@id\":\"https:\\\/\\\/malaga.salesianos.edu\\\/familiasalesiana\\\/blog\\\/el-obispo-de-malaga-bendice-la-nueva-casa-hermandad-de-nuestra-hermandad-salesiana\\\/#primaryimage\"},\"image\":{\"@id\":\"https:\\\/\\\/malaga.salesianos.edu\\\/familiasalesiana\\\/blog\\\/el-obispo-de-malaga-bendice-la-nueva-casa-hermandad-de-nuestra-hermandad-salesiana\\\/#primaryimage\"},\"thumbnailUrl\":\"https:\\\/\\\/malaga.salesianos.edu\\\/familiasalesiana\\\/wp-content\\\/uploads\\\/sites\\\/8\\\/2019\\\/03\\\/MG_6486.jpg\",\"datePublished\":\"2019-03-08T22:23:33+00:00\",\"dateModified\":\"2019-03-08T22:36:54+00:00\",\"author\":{\"@id\":\"\"},\"breadcrumb\":{\"@id\":\"https:\\\/\\\/malaga.salesianos.edu\\\/familiasalesiana\\\/blog\\\/el-obispo-de-malaga-bendice-la-nueva-casa-hermandad-de-nuestra-hermandad-salesiana\\\/#breadcrumb\"},\"inLanguage\":\"es\",\"potentialAction\":[{\"@type\":\"ReadAction\",\"target\":[\"https:\\\/\\\/malaga.salesianos.edu\\\/familiasalesiana\\\/blog\\\/el-obispo-de-malaga-bendice-la-nueva-casa-hermandad-de-nuestra-hermandad-salesiana\\\/\"]}]},{\"@type\":\"ImageObject\",\"inLanguage\":\"es\",\"@id\":\"https:\\\/\\\/malaga.salesianos.edu\\\/familiasalesiana\\\/blog\\\/el-obispo-de-malaga-bendice-la-nueva-casa-hermandad-de-nuestra-hermandad-salesiana\\\/#primaryimage\",\"url\":\"https:\\\/\\\/malaga.salesianos.edu\\\/familiasalesiana\\\/wp-content\\\/uploads\\\/sites\\\/8\\\/2019\\\/03\\\/MG_6486.jpg\",\"contentUrl\":\"https:\\\/\\\/malaga.salesianos.edu\\\/familiasalesiana\\\/wp-content\\\/uploads\\\/sites\\\/8\\\/2019\\\/03\\\/MG_6486.jpg\",\"width\":1280,\"height\":853},{\"@type\":\"BreadcrumbList\",\"@id\":\"https:\\\/\\\/malaga.salesianos.edu\\\/familiasalesiana\\\/blog\\\/el-obispo-de-malaga-bendice-la-nueva-casa-hermandad-de-nuestra-hermandad-salesiana\\\/#breadcrumb\",\"itemListElement\":[{\"@type\":\"ListItem\",\"position\":1,\"name\":\"Portada\",\"item\":\"https:\\\/\\\/malaga.salesianos.edu\\\/familiasalesiana\\\/\"},{\"@type\":\"ListItem\",\"position\":2,\"name\":\"El obispo de M\u00e1laga bendice nuestra nueva casa hermandad\"}]},{\"@type\":\"WebSite\",\"@id\":\"https:\\\/\\\/malaga.salesianos.edu\\\/familiasalesiana\\\/#website\",\"url\":\"https:\\\/\\\/malaga.salesianos.edu\\\/familiasalesiana\\\/\",\"name\":\"Familia Salesiana | Salesianos M\u00e1laga\",\"description\":\"Familia Salesiana | Salesianos M\u00e1laga, ADMA, Asociaci\u00f3n de antiguos alumnos, Hermandad Salesiana, Salesianos Cooperadores\",\"potentialAction\":[{\"@type\":\"SearchAction\",\"target\":{\"@type\":\"EntryPoint\",\"urlTemplate\":\"https:\\\/\\\/malaga.salesianos.edu\\\/familiasalesiana\\\/?s={search_term_string}\"},\"query-input\":{\"@type\":\"PropertyValueSpecification\",\"valueRequired\":true,\"valueName\":\"search_term_string\"}}],\"inLanguage\":\"es\"},{\"@type\":\"Person\",\"@id\":\"\"}]}<\/script>\n<!-- \/ Yoast SEO plugin. -->","yoast_head_json":{"title":"El obispo de M\u00e1laga bendice nuestra nueva casa hermandad - Familia Salesiana | Salesianos M\u00e1laga","robots":{"index":"index","follow":"follow","max-snippet":"max-snippet:-1","max-image-preview":"max-image-preview:large","max-video-preview":"max-video-preview:-1"},"canonical":"https:\/\/malaga.salesianos.edu\/familiasalesiana\/blog\/el-obispo-de-malaga-bendice-la-nueva-casa-hermandad-de-nuestra-hermandad-salesiana\/","og_locale":"es_ES","og_type":"article","og_title":"El obispo de M\u00e1laga bendice nuestra nueva casa hermandad - Familia Salesiana | Salesianos M\u00e1laga","og_description":"La inauguraci\u00f3n oficial, celebrada el 24 de febrero, cont\u00f3 con la bendici\u00f3n del obispo, Jes\u00fas Catal\u00e1, y con la presencia del alcalde, Francisco de la Torre.","og_url":"https:\/\/malaga.salesianos.edu\/familiasalesiana\/blog\/el-obispo-de-malaga-bendice-la-nueva-casa-hermandad-de-nuestra-hermandad-salesiana\/","og_site_name":"Familia Salesiana | Salesianos M\u00e1laga","article_published_time":"2019-03-08T22:23:33+00:00","article_modified_time":"2019-03-08T22:36:54+00:00","og_image":[{"width":1280,"height":853,"url":"https:\/\/malaga.salesianos.edu\/familiasalesiana\/wp-content\/uploads\/sites\/8\/2019\/03\/MG_6486.jpg","type":"image\/jpeg"}],"twitter_card":"summary_large_image","twitter_misc":{"Escrito por":"","Tiempo de lectura":"8 minutos"},"schema":{"@context":"https:\/\/schema.org","@graph":[{"@type":"Article","@id":"https:\/\/malaga.salesianos.edu\/familiasalesiana\/blog\/el-obispo-de-malaga-bendice-la-nueva-casa-hermandad-de-nuestra-hermandad-salesiana\/#article","isPartOf":{"@id":"https:\/\/malaga.salesianos.edu\/familiasalesiana\/blog\/el-obispo-de-malaga-bendice-la-nueva-casa-hermandad-de-nuestra-hermandad-salesiana\/"},"author":{"name":"","@id":""},"headline":"El obispo de M\u00e1laga bendice nuestra nueva casa hermandad","datePublished":"2019-03-08T22:23:33+00:00","dateModified":"2019-03-08T22:36:54+00:00","mainEntityOfPage":{"@id":"https:\/\/malaga.salesianos.edu\/familiasalesiana\/blog\/el-obispo-de-malaga-bendice-la-nueva-casa-hermandad-de-nuestra-hermandad-salesiana\/"},"wordCount":1624,"commentCount":0,"image":{"@id":"https:\/\/malaga.salesianos.edu\/familiasalesiana\/blog\/el-obispo-de-malaga-bendice-la-nueva-casa-hermandad-de-nuestra-hermandad-salesiana\/#primaryimage"},"thumbnailUrl":"https:\/\/malaga.salesianos.edu\/familiasalesiana\/wp-content\/uploads\/sites\/8\/2019\/03\/MG_6486.jpg","keywords":["Cofrad\u00eda"],"articleSection":["125 aniversario","Casa","Cofrad\u00eda","Familia Salesiana"],"inLanguage":"es","potentialAction":[{"@type":"CommentAction","name":"Comment","target":["https:\/\/malaga.salesianos.edu\/familiasalesiana\/blog\/el-obispo-de-malaga-bendice-la-nueva-casa-hermandad-de-nuestra-hermandad-salesiana\/#respond"]}]},{"@type":"WebPage","@id":"https:\/\/malaga.salesianos.edu\/familiasalesiana\/blog\/el-obispo-de-malaga-bendice-la-nueva-casa-hermandad-de-nuestra-hermandad-salesiana\/","url":"https:\/\/malaga.salesianos.edu\/familiasalesiana\/blog\/el-obispo-de-malaga-bendice-la-nueva-casa-hermandad-de-nuestra-hermandad-salesiana\/","name":"El obispo de M\u00e1laga bendice nuestra nueva casa hermandad - Familia Salesiana | Salesianos M\u00e1laga","isPartOf":{"@id":"https:\/\/malaga.salesianos.edu\/familiasalesiana\/#website"},"primaryImageOfPage":{"@id":"https:\/\/malaga.salesianos.edu\/familiasalesiana\/blog\/el-obispo-de-malaga-bendice-la-nueva-casa-hermandad-de-nuestra-hermandad-salesiana\/#primaryimage"},"image":{"@id":"https:\/\/malaga.salesianos.edu\/familiasalesiana\/blog\/el-obispo-de-malaga-bendice-la-nueva-casa-hermandad-de-nuestra-hermandad-salesiana\/#primaryimage"},"thumbnailUrl":"https:\/\/malaga.salesianos.edu\/familiasalesiana\/wp-content\/uploads\/sites\/8\/2019\/03\/MG_6486.jpg","datePublished":"2019-03-08T22:23:33+00:00","dateModified":"2019-03-08T22:36:54+00:00","author":{"@id":""},"breadcrumb":{"@id":"https:\/\/malaga.salesianos.edu\/familiasalesiana\/blog\/el-obispo-de-malaga-bendice-la-nueva-casa-hermandad-de-nuestra-hermandad-salesiana\/#breadcrumb"},"inLanguage":"es","potentialAction":[{"@type":"ReadAction","target":["https:\/\/malaga.salesianos.edu\/familiasalesiana\/blog\/el-obispo-de-malaga-bendice-la-nueva-casa-hermandad-de-nuestra-hermandad-salesiana\/"]}]},{"@type":"ImageObject","inLanguage":"es","@id":"https:\/\/malaga.salesianos.edu\/familiasalesiana\/blog\/el-obispo-de-malaga-bendice-la-nueva-casa-hermandad-de-nuestra-hermandad-salesiana\/#primaryimage","url":"https:\/\/malaga.salesianos.edu\/familiasalesiana\/wp-content\/uploads\/sites\/8\/2019\/03\/MG_6486.jpg","contentUrl":"https:\/\/malaga.salesianos.edu\/familiasalesiana\/wp-content\/uploads\/sites\/8\/2019\/03\/MG_6486.jpg","width":1280,"height":853},{"@type":"BreadcrumbList","@id":"https:\/\/malaga.salesianos.edu\/familiasalesiana\/blog\/el-obispo-de-malaga-bendice-la-nueva-casa-hermandad-de-nuestra-hermandad-salesiana\/#breadcrumb","itemListElement":[{"@type":"ListItem","position":1,"name":"Portada","item":"https:\/\/malaga.salesianos.edu\/familiasalesiana\/"},{"@type":"ListItem","position":2,"name":"El obispo de M\u00e1laga bendice nuestra nueva casa hermandad"}]},{"@type":"WebSite","@id":"https:\/\/malaga.salesianos.edu\/familiasalesiana\/#website","url":"https:\/\/malaga.salesianos.edu\/familiasalesiana\/","name":"Familia Salesiana | Salesianos M\u00e1laga","description":"Familia Salesiana | Salesianos M\u00e1laga, ADMA, Asociaci\u00f3n de antiguos alumnos, Hermandad Salesiana, Salesianos Cooperadores","potentialAction":[{"@type":"SearchAction","target":{"@type":"EntryPoint","urlTemplate":"https:\/\/malaga.salesianos.edu\/familiasalesiana\/?s={search_term_string}"},"query-input":{"@type":"PropertyValueSpecification","valueRequired":true,"valueName":"search_term_string"}}],"inLanguage":"es"},{"@type":"Person","@id":""}]}},"_links":{"self":[{"href":"https:\/\/malaga.salesianos.edu\/familiasalesiana\/wp-json\/wp\/v2\/posts\/9227","targetHints":{"allow":["GET"]}}],"collection":[{"href":"https:\/\/malaga.salesianos.edu\/familiasalesiana\/wp-json\/wp\/v2\/posts"}],"about":[{"href":"https:\/\/malaga.salesianos.edu\/familiasalesiana\/wp-json\/wp\/v2\/types\/post"}],"author":[{"embeddable":true,"href":"https:\/\/malaga.salesianos.edu\/familiasalesiana\/wp-json\/wp\/v2\/users\/12"}],"replies":[{"embeddable":true,"href":"https:\/\/malaga.salesianos.edu\/familiasalesiana\/wp-json\/wp\/v2\/comments?post=9227"}],"version-history":[{"count":6,"href":"https:\/\/malaga.salesianos.edu\/familiasalesiana\/wp-json\/wp\/v2\/posts\/9227\/revisions"}],"predecessor-version":[{"id":9234,"href":"https:\/\/malaga.salesianos.edu\/familiasalesiana\/wp-json\/wp\/v2\/posts\/9227\/revisions\/9234"}],"wp:featuredmedia":[{"embeddable":true,"href":"https:\/\/malaga.salesianos.edu\/familiasalesiana\/wp-json\/wp\/v2\/media\/9228"}],"wp:attachment":[{"href":"https:\/\/malaga.salesianos.edu\/familiasalesiana\/wp-json\/wp\/v2\/media?parent=9227"}],"wp:term":[{"taxonomy":"category","embeddable":true,"href":"https:\/\/malaga.salesianos.edu\/familiasalesiana\/wp-json\/wp\/v2\/categories?post=9227"},{"taxonomy":"post_tag","embeddable":true,"href":"https:\/\/malaga.salesianos.edu\/familiasalesiana\/wp-json\/wp\/v2\/tags?post=9227"}],"curies":[{"name":"wp","href":"https:\/\/api.w.org\/{rel}","templated":true}]}}