{"id":9222,"date":"2019-03-05T10:46:48","date_gmt":"2019-03-05T09:34:26","guid":{"rendered":"https:\/\/malaga.salesianos.edu\/familiasalesiana\/blog\/comienza-el-tallaje-para-portar-las-andas-del-senor-de-las-penas\/"},"modified":"2019-03-05T12:04:25","modified_gmt":"2019-03-05T11:04:25","slug":"comienza-el-tallaje-para-portar-las-andas-del-senor-de-las-penas","status":"publish","type":"post","link":"https:\/\/malaga.salesianos.edu\/familiasalesiana\/blog\/comienza-el-tallaje-para-portar-las-andas-del-senor-de-las-penas\/","title":{"rendered":"Comienza el tallaje para portar las andas del Se\u00f1or de las Penas"},"content":{"rendered":"<p>[et_pb_section fb_built=\u00bb1&#8243; admin_label=\u00bbsection\u00bb _builder_version=\u00bb3.0.47&#8243; custom_padding=\u00bb2px|0px|54px|0px\u00bb][et_pb_row admin_label=\u00bbrow\u00bb _builder_version=\u00bb3.0.47&#8243; background_size=\u00bbinitial\u00bb background_position=\u00bbtop_left\u00bb background_repeat=\u00bbrepeat\u00bb][et_pb_column type=\u00bb4_4&#8243; _builder_version=\u00bb3.0.47&#8243;][et_pb_text admin_label=\u00bbEntradilla\u00bb _builder_version=\u00bb3.19.18&#8243; text_font=\u00bb|on|||\u00bb text_orientation=\u00bbjustified\u00bb use_border_color=\u00bboff\u00bb border_color=\u00bb#ffffff\u00bb border_style=\u00bbsolid\u00bb]<\/p>\n<p>Hoy comienza el tallaje para portar las andas del Se\u00f1or de las Penas en el V\u00eda Crucis de la Familia Salesiana del 15 de marzo.<\/p>\n<p>[\/et_pb_text][et_pb_divider color=\u00bb#d6d6d6&#8243; _builder_version=\u00bb3.19.18&#8243;][\/et_pb_divider][et_pb_text admin_label=\u00bbDesarrollo\u00bb _builder_version=\u00bb3.19.18&#8243; text_orientation=\u00bbjustified\u00bb use_border_color=\u00bboff\u00bb border_color=\u00bb#ffffff\u00bb border_style=\u00bbsolid\u00bb]<\/p>\n<p class=\"m_-1717313785664893011default-style\">Aquellos hermanos que deseen portar las andas del Se\u00f1or de las Penas en el V\u00eda Crucis de la Familia Salesiana del pr\u00f3ximo 15 de marzo pueden acudir a inscribirse a nuestra Casa Hermandad los d\u00edas 5, 7, 11 y 12 de marzo, de 20 a 21.30 hrs. Tambi\u00e9n podr\u00e1n inscribirse en las mismas fechas para participar como ac\u00f3lito.<\/p>\n<p>El V\u00eda Crucis tiene car\u00e1cter solidario, por ello aunque no se pide donativo de salida, se solicita material escolar que ir\u00e1 destinado a los talleres para j\u00f3venes en riesgo de exclusi\u00f3n social que tiene abiertos la Fundaci\u00f3n Don Bosco en varios barrios de M\u00e1laga. Tambi\u00e9n se podr\u00e1 entregar el material escolar durante el propio desarrollo del V\u00eda Crucis en la calle.<\/p>\n<p>&nbsp;<\/p>\n<div class=\"m_-1717313785664893011io-ox-signature\">\n<p><span>Vocal\u00eda de Comunicaci\u00f3n<\/span><\/p>\n<p><span>Hermandad Salesiana de M\u00e1laga<\/span><\/p>\n<\/div>\n<p>[\/et_pb_text][et_pb_divider color=\u00bb#d6d6d6&#8243; _builder_version=\u00bb3.19.18&#8243;][\/et_pb_divider][et_pb_gallery gallery_ids=\u00bb16638,16639&#8243; gallery_orderby=\u00bbrand\u00bb show_title_and_caption=\u00bboff\u00bb _builder_version=\u00bb3.19.18&#8243; box_shadow_style_image=\u00bbpreset2&#8243; animation_style=\u00bbfade\u00bb][\/et_pb_gallery][et_pb_image src=\u00bbhttps:\/\/malaga.salesianos.edu\/wp-content\/uploads\/2018\/04\/Friso_hermandad_G.png\u00bb _builder_version=\u00bb3.19.18&#8243;][\/et_pb_image][\/et_pb_column][\/et_pb_row][\/et_pb_section]<\/p>\n","protected":false},"excerpt":{"rendered":"<p>Hoy comienza el tallaje para portar las andas del Se\u00f1or de las Penas en el V\u00eda Crucis de la Familia Salesiana del 15 de marzo.<\/p>\n","protected":false},"author":12,"featured_media":9223,"comment_status":"open","ping_status":"open","sticky":false,"template":"","format":"standard","meta":{"_et_pb_use_builder":"on","_et_pb_old_content":"","_et_gb_content_width":"","footnotes":""},"categories":[113,9,137,101],"tags":[122],"class_list":["post-9222","post","type-post","status-publish","format-standard","has-post-thumbnail","hentry","category-casa","category-cofradia","category-destacado-familia-salesiana","category-familia-salesiana","tag-cofradia"],"yoast_head":"<!-- This site is optimized with the Yoast SEO plugin v28.3 - https:\/\/yoast.com\/product\/yoast-seo-wordpress\/ -->\n<title>Comienza el tallaje para portar las andas del Se\u00f1or de las Penas - Familia Salesiana | Salesianos M\u00e1laga<\/title>\n<meta name=\"robots\" content=\"index, follow, max-snippet:-1, max-image-preview:large, max-video-preview:-1\" \/>\n<link rel=\"canonical\" href=\"https:\/\/malaga.salesianos.edu\/familiasalesiana\/blog\/comienza-el-tallaje-para-portar-las-andas-del-senor-de-las-penas\/\" \/>\n<meta property=\"og:locale\" content=\"es_ES\" \/>\n<meta property=\"og:type\" content=\"article\" \/>\n<meta property=\"og:title\" content=\"Comienza el tallaje para portar las andas del Se\u00f1or de las Penas - Familia Salesiana | Salesianos M\u00e1laga\" \/>\n<meta property=\"og:description\" content=\"Hoy comienza el tallaje para portar las andas del Se\u00f1or de las Penas en el V\u00eda Crucis de la Familia Salesiana del 15 de marzo.\" \/>\n<meta property=\"og:url\" content=\"https:\/\/malaga.salesianos.edu\/familiasalesiana\/blog\/comienza-el-tallaje-para-portar-las-andas-del-senor-de-las-penas\/\" \/>\n<meta property=\"og:site_name\" content=\"Familia Salesiana | Salesianos M\u00e1laga\" \/>\n<meta property=\"article:published_time\" content=\"2019-03-05T09:34:26+00:00\" \/>\n<meta property=\"article:modified_time\" content=\"2019-03-05T11:04:25+00:00\" \/>\n<meta property=\"og:image\" content=\"https:\/\/malaga.salesianos.edu\/familiasalesiana\/wp-content\/uploads\/sites\/8\/2019\/03\/IMG_1866.jpg\" \/>\n\t<meta property=\"og:image:width\" content=\"957\" \/>\n\t<meta property=\"og:image:height\" content=\"741\" \/>\n\t<meta property=\"og:image:type\" content=\"image\/jpeg\" \/>\n<meta name=\"twitter:card\" content=\"summary_large_image\" \/>\n<meta name=\"twitter:label1\" content=\"Escrito por\" \/>\n\t<meta name=\"twitter:data1\" content=\"\" \/>\n\t<meta name=\"twitter:label2\" content=\"Tiempo de lectura\" \/>\n\t<meta name=\"twitter:data2\" content=\"2 minutos\" \/>\n<script type=\"application\/ld+json\" class=\"yoast-schema-graph\">{\"@context\":\"https:\\\/\\\/schema.org\",\"@graph\":[{\"@type\":\"Article\",\"@id\":\"https:\\\/\\\/malaga.salesianos.edu\\\/familiasalesiana\\\/blog\\\/comienza-el-tallaje-para-portar-las-andas-del-senor-de-las-penas\\\/#article\",\"isPartOf\":{\"@id\":\"https:\\\/\\\/malaga.salesianos.edu\\\/familiasalesiana\\\/blog\\\/comienza-el-tallaje-para-portar-las-andas-del-senor-de-las-penas\\\/\"},\"author\":{\"name\":\"\",\"@id\":\"\"},\"headline\":\"Comienza el tallaje para portar las andas del Se\u00f1or de las Penas\",\"datePublished\":\"2019-03-05T09:34:26+00:00\",\"dateModified\":\"2019-03-05T11:04:25+00:00\",\"mainEntityOfPage\":{\"@id\":\"https:\\\/\\\/malaga.salesianos.edu\\\/familiasalesiana\\\/blog\\\/comienza-el-tallaje-para-portar-las-andas-del-senor-de-las-penas\\\/\"},\"wordCount\":346,\"commentCount\":0,\"image\":{\"@id\":\"https:\\\/\\\/malaga.salesianos.edu\\\/familiasalesiana\\\/blog\\\/comienza-el-tallaje-para-portar-las-andas-del-senor-de-las-penas\\\/#primaryimage\"},\"thumbnailUrl\":\"https:\\\/\\\/malaga.salesianos.edu\\\/familiasalesiana\\\/wp-content\\\/uploads\\\/sites\\\/8\\\/2019\\\/03\\\/IMG_1866.jpg\",\"keywords\":[\"Cofrad\u00eda\"],\"articleSection\":[\"Casa\",\"Cofrad\u00eda\",\"Destacado Familia Salesiana\",\"Familia Salesiana\"],\"inLanguage\":\"es\",\"potentialAction\":[{\"@type\":\"CommentAction\",\"name\":\"Comment\",\"target\":[\"https:\\\/\\\/malaga.salesianos.edu\\\/familiasalesiana\\\/blog\\\/comienza-el-tallaje-para-portar-las-andas-del-senor-de-las-penas\\\/#respond\"]}]},{\"@type\":\"WebPage\",\"@id\":\"https:\\\/\\\/malaga.salesianos.edu\\\/familiasalesiana\\\/blog\\\/comienza-el-tallaje-para-portar-las-andas-del-senor-de-las-penas\\\/\",\"url\":\"https:\\\/\\\/malaga.salesianos.edu\\\/familiasalesiana\\\/blog\\\/comienza-el-tallaje-para-portar-las-andas-del-senor-de-las-penas\\\/\",\"name\":\"Comienza el tallaje para portar las andas del Se\u00f1or de las Penas - Familia Salesiana | Salesianos M\u00e1laga\",\"isPartOf\":{\"@id\":\"https:\\\/\\\/malaga.salesianos.edu\\\/familiasalesiana\\\/#website\"},\"primaryImageOfPage\":{\"@id\":\"https:\\\/\\\/malaga.salesianos.edu\\\/familiasalesiana\\\/blog\\\/comienza-el-tallaje-para-portar-las-andas-del-senor-de-las-penas\\\/#primaryimage\"},\"image\":{\"@id\":\"https:\\\/\\\/malaga.salesianos.edu\\\/familiasalesiana\\\/blog\\\/comienza-el-tallaje-para-portar-las-andas-del-senor-de-las-penas\\\/#primaryimage\"},\"thumbnailUrl\":\"https:\\\/\\\/malaga.salesianos.edu\\\/familiasalesiana\\\/wp-content\\\/uploads\\\/sites\\\/8\\\/2019\\\/03\\\/IMG_1866.jpg\",\"datePublished\":\"2019-03-05T09:34:26+00:00\",\"dateModified\":\"2019-03-05T11:04:25+00:00\",\"author\":{\"@id\":\"\"},\"breadcrumb\":{\"@id\":\"https:\\\/\\\/malaga.salesianos.edu\\\/familiasalesiana\\\/blog\\\/comienza-el-tallaje-para-portar-las-andas-del-senor-de-las-penas\\\/#breadcrumb\"},\"inLanguage\":\"es\",\"potentialAction\":[{\"@type\":\"ReadAction\",\"target\":[\"https:\\\/\\\/malaga.salesianos.edu\\\/familiasalesiana\\\/blog\\\/comienza-el-tallaje-para-portar-las-andas-del-senor-de-las-penas\\\/\"]}]},{\"@type\":\"ImageObject\",\"inLanguage\":\"es\",\"@id\":\"https:\\\/\\\/malaga.salesianos.edu\\\/familiasalesiana\\\/blog\\\/comienza-el-tallaje-para-portar-las-andas-del-senor-de-las-penas\\\/#primaryimage\",\"url\":\"https:\\\/\\\/malaga.salesianos.edu\\\/familiasalesiana\\\/wp-content\\\/uploads\\\/sites\\\/8\\\/2019\\\/03\\\/IMG_1866.jpg\",\"contentUrl\":\"https:\\\/\\\/malaga.salesianos.edu\\\/familiasalesiana\\\/wp-content\\\/uploads\\\/sites\\\/8\\\/2019\\\/03\\\/IMG_1866.jpg\",\"width\":957,\"height\":741},{\"@type\":\"BreadcrumbList\",\"@id\":\"https:\\\/\\\/malaga.salesianos.edu\\\/familiasalesiana\\\/blog\\\/comienza-el-tallaje-para-portar-las-andas-del-senor-de-las-penas\\\/#breadcrumb\",\"itemListElement\":[{\"@type\":\"ListItem\",\"position\":1,\"name\":\"Portada\",\"item\":\"https:\\\/\\\/malaga.salesianos.edu\\\/familiasalesiana\\\/\"},{\"@type\":\"ListItem\",\"position\":2,\"name\":\"Comienza el tallaje para portar las andas del Se\u00f1or de las Penas\"}]},{\"@type\":\"WebSite\",\"@id\":\"https:\\\/\\\/malaga.salesianos.edu\\\/familiasalesiana\\\/#website\",\"url\":\"https:\\\/\\\/malaga.salesianos.edu\\\/familiasalesiana\\\/\",\"name\":\"Familia Salesiana | Salesianos M\u00e1laga\",\"description\":\"Familia Salesiana | Salesianos M\u00e1laga, ADMA, Asociaci\u00f3n de antiguos alumnos, Hermandad Salesiana, Salesianos Cooperadores\",\"potentialAction\":[{\"@type\":\"SearchAction\",\"target\":{\"@type\":\"EntryPoint\",\"urlTemplate\":\"https:\\\/\\\/malaga.salesianos.edu\\\/familiasalesiana\\\/?s={search_term_string}\"},\"query-input\":{\"@type\":\"PropertyValueSpecification\",\"valueRequired\":true,\"valueName\":\"search_term_string\"}}],\"inLanguage\":\"es\"},{\"@type\":\"Person\",\"@id\":\"\"}]}<\/script>\n<!-- \/ Yoast SEO plugin. -->","yoast_head_json":{"title":"Comienza el tallaje para portar las andas del Se\u00f1or de las Penas - Familia Salesiana | Salesianos M\u00e1laga","robots":{"index":"index","follow":"follow","max-snippet":"max-snippet:-1","max-image-preview":"max-image-preview:large","max-video-preview":"max-video-preview:-1"},"canonical":"https:\/\/malaga.salesianos.edu\/familiasalesiana\/blog\/comienza-el-tallaje-para-portar-las-andas-del-senor-de-las-penas\/","og_locale":"es_ES","og_type":"article","og_title":"Comienza el tallaje para portar las andas del Se\u00f1or de las Penas - Familia Salesiana | Salesianos M\u00e1laga","og_description":"Hoy comienza el tallaje para portar las andas del Se\u00f1or de las Penas en el V\u00eda Crucis de la Familia Salesiana del 15 de marzo.","og_url":"https:\/\/malaga.salesianos.edu\/familiasalesiana\/blog\/comienza-el-tallaje-para-portar-las-andas-del-senor-de-las-penas\/","og_site_name":"Familia Salesiana | Salesianos M\u00e1laga","article_published_time":"2019-03-05T09:34:26+00:00","article_modified_time":"2019-03-05T11:04:25+00:00","og_image":[{"width":957,"height":741,"url":"https:\/\/malaga.salesianos.edu\/familiasalesiana\/wp-content\/uploads\/sites\/8\/2019\/03\/IMG_1866.jpg","type":"image\/jpeg"}],"twitter_card":"summary_large_image","twitter_misc":{"Escrito por":"","Tiempo de lectura":"2 minutos"},"schema":{"@context":"https:\/\/schema.org","@graph":[{"@type":"Article","@id":"https:\/\/malaga.salesianos.edu\/familiasalesiana\/blog\/comienza-el-tallaje-para-portar-las-andas-del-senor-de-las-penas\/#article","isPartOf":{"@id":"https:\/\/malaga.salesianos.edu\/familiasalesiana\/blog\/comienza-el-tallaje-para-portar-las-andas-del-senor-de-las-penas\/"},"author":{"name":"","@id":""},"headline":"Comienza el tallaje para portar las andas del Se\u00f1or de las Penas","datePublished":"2019-03-05T09:34:26+00:00","dateModified":"2019-03-05T11:04:25+00:00","mainEntityOfPage":{"@id":"https:\/\/malaga.salesianos.edu\/familiasalesiana\/blog\/comienza-el-tallaje-para-portar-las-andas-del-senor-de-las-penas\/"},"wordCount":346,"commentCount":0,"image":{"@id":"https:\/\/malaga.salesianos.edu\/familiasalesiana\/blog\/comienza-el-tallaje-para-portar-las-andas-del-senor-de-las-penas\/#primaryimage"},"thumbnailUrl":"https:\/\/malaga.salesianos.edu\/familiasalesiana\/wp-content\/uploads\/sites\/8\/2019\/03\/IMG_1866.jpg","keywords":["Cofrad\u00eda"],"articleSection":["Casa","Cofrad\u00eda","Destacado Familia Salesiana","Familia Salesiana"],"inLanguage":"es","potentialAction":[{"@type":"CommentAction","name":"Comment","target":["https:\/\/malaga.salesianos.edu\/familiasalesiana\/blog\/comienza-el-tallaje-para-portar-las-andas-del-senor-de-las-penas\/#respond"]}]},{"@type":"WebPage","@id":"https:\/\/malaga.salesianos.edu\/familiasalesiana\/blog\/comienza-el-tallaje-para-portar-las-andas-del-senor-de-las-penas\/","url":"https:\/\/malaga.salesianos.edu\/familiasalesiana\/blog\/comienza-el-tallaje-para-portar-las-andas-del-senor-de-las-penas\/","name":"Comienza el tallaje para portar las andas del Se\u00f1or de las Penas - Familia Salesiana | Salesianos M\u00e1laga","isPartOf":{"@id":"https:\/\/malaga.salesianos.edu\/familiasalesiana\/#website"},"primaryImageOfPage":{"@id":"https:\/\/malaga.salesianos.edu\/familiasalesiana\/blog\/comienza-el-tallaje-para-portar-las-andas-del-senor-de-las-penas\/#primaryimage"},"image":{"@id":"https:\/\/malaga.salesianos.edu\/familiasalesiana\/blog\/comienza-el-tallaje-para-portar-las-andas-del-senor-de-las-penas\/#primaryimage"},"thumbnailUrl":"https:\/\/malaga.salesianos.edu\/familiasalesiana\/wp-content\/uploads\/sites\/8\/2019\/03\/IMG_1866.jpg","datePublished":"2019-03-05T09:34:26+00:00","dateModified":"2019-03-05T11:04:25+00:00","author":{"@id":""},"breadcrumb":{"@id":"https:\/\/malaga.salesianos.edu\/familiasalesiana\/blog\/comienza-el-tallaje-para-portar-las-andas-del-senor-de-las-penas\/#breadcrumb"},"inLanguage":"es","potentialAction":[{"@type":"ReadAction","target":["https:\/\/malaga.salesianos.edu\/familiasalesiana\/blog\/comienza-el-tallaje-para-portar-las-andas-del-senor-de-las-penas\/"]}]},{"@type":"ImageObject","inLanguage":"es","@id":"https:\/\/malaga.salesianos.edu\/familiasalesiana\/blog\/comienza-el-tallaje-para-portar-las-andas-del-senor-de-las-penas\/#primaryimage","url":"https:\/\/malaga.salesianos.edu\/familiasalesiana\/wp-content\/uploads\/sites\/8\/2019\/03\/IMG_1866.jpg","contentUrl":"https:\/\/malaga.salesianos.edu\/familiasalesiana\/wp-content\/uploads\/sites\/8\/2019\/03\/IMG_1866.jpg","width":957,"height":741},{"@type":"BreadcrumbList","@id":"https:\/\/malaga.salesianos.edu\/familiasalesiana\/blog\/comienza-el-tallaje-para-portar-las-andas-del-senor-de-las-penas\/#breadcrumb","itemListElement":[{"@type":"ListItem","position":1,"name":"Portada","item":"https:\/\/malaga.salesianos.edu\/familiasalesiana\/"},{"@type":"ListItem","position":2,"name":"Comienza el tallaje para portar las andas del Se\u00f1or de las Penas"}]},{"@type":"WebSite","@id":"https:\/\/malaga.salesianos.edu\/familiasalesiana\/#website","url":"https:\/\/malaga.salesianos.edu\/familiasalesiana\/","name":"Familia Salesiana | Salesianos M\u00e1laga","description":"Familia Salesiana | Salesianos M\u00e1laga, ADMA, Asociaci\u00f3n de antiguos alumnos, Hermandad Salesiana, Salesianos Cooperadores","potentialAction":[{"@type":"SearchAction","target":{"@type":"EntryPoint","urlTemplate":"https:\/\/malaga.salesianos.edu\/familiasalesiana\/?s={search_term_string}"},"query-input":{"@type":"PropertyValueSpecification","valueRequired":true,"valueName":"search_term_string"}}],"inLanguage":"es"},{"@type":"Person","@id":""}]}},"_links":{"self":[{"href":"https:\/\/malaga.salesianos.edu\/familiasalesiana\/wp-json\/wp\/v2\/posts\/9222","targetHints":{"allow":["GET"]}}],"collection":[{"href":"https:\/\/malaga.salesianos.edu\/familiasalesiana\/wp-json\/wp\/v2\/posts"}],"about":[{"href":"https:\/\/malaga.salesianos.edu\/familiasalesiana\/wp-json\/wp\/v2\/types\/post"}],"author":[{"embeddable":true,"href":"https:\/\/malaga.salesianos.edu\/familiasalesiana\/wp-json\/wp\/v2\/users\/12"}],"replies":[{"embeddable":true,"href":"https:\/\/malaga.salesianos.edu\/familiasalesiana\/wp-json\/wp\/v2\/comments?post=9222"}],"version-history":[{"count":3,"href":"https:\/\/malaga.salesianos.edu\/familiasalesiana\/wp-json\/wp\/v2\/posts\/9222\/revisions"}],"predecessor-version":[{"id":9226,"href":"https:\/\/malaga.salesianos.edu\/familiasalesiana\/wp-json\/wp\/v2\/posts\/9222\/revisions\/9226"}],"wp:featuredmedia":[{"embeddable":true,"href":"https:\/\/malaga.salesianos.edu\/familiasalesiana\/wp-json\/wp\/v2\/media\/9223"}],"wp:attachment":[{"href":"https:\/\/malaga.salesianos.edu\/familiasalesiana\/wp-json\/wp\/v2\/media?parent=9222"}],"wp:term":[{"taxonomy":"category","embeddable":true,"href":"https:\/\/malaga.salesianos.edu\/familiasalesiana\/wp-json\/wp\/v2\/categories?post=9222"},{"taxonomy":"post_tag","embeddable":true,"href":"https:\/\/malaga.salesianos.edu\/familiasalesiana\/wp-json\/wp\/v2\/tags?post=9222"}],"curies":[{"name":"wp","href":"https:\/\/api.w.org\/{rel}","templated":true}]}}