{"id":9165,"date":"2019-02-10T14:42:15","date_gmt":"2019-02-10T13:42:15","guid":{"rendered":"https:\/\/malaga.salesianos.edu\/familiasalesiana\/blog\/sois-formidables-vaya-recorrido-125-anos-3\/"},"modified":"2019-02-18T22:44:17","modified_gmt":"2019-02-18T21:44:17","slug":"sois-formidables-vaya-recorrido-125-anos","status":"publish","type":"post","link":"https:\/\/malaga.salesianos.edu\/familiasalesiana\/blog\/sois-formidables-vaya-recorrido-125-anos\/","title":{"rendered":"\u00a1\u00a1SOIS FORMIDABLES!! \u00a1vaya recorrido! 125 a\u00f1os&#8230;"},"content":{"rendered":"<p>[et_pb_section bb_built=\u00bb1&#8243; admin_label=\u00bbsection\u00bb custom_padding=\u00bb2px|0px|54px|0px\u00bb][et_pb_row admin_label=\u00bbrow\u00bb background_position=\u00bbtop_left\u00bb background_repeat=\u00bbrepeat\u00bb background_size=\u00bbinitial\u00bb][et_pb_column type=\u00bb4_4&#8243;][et_pb_text admin_label=\u00bbEntradilla\u00bb text_font=\u00bb|on|||\u00bb text_orientation=\u00bbjustified\u00bb use_border_color=\u00bboff\u00bb border_color=\u00bb#ffffff\u00bb border_style=\u00bbsolid\u00bb _builder_version=\u00bb3.19.13&#8243;]<\/p>\n<p><em><strong>Primer trecho del 125 aniversario brillantemente recorrido. M<\/strong><strong>ucha gente generosa, much\u00edsimo trabajo, muchas horas, mucho esfuerzo, mucho \u00e1nimo y mucho esp\u00edritu salesiano.<\/strong><\/em><\/p>\n<hr \/>\n<p>[\/et_pb_text][et_pb_text admin_label=\u00bbDesarrollo\u00bb text_orientation=\u00bbjustified\u00bb use_border_color=\u00bboff\u00bb border_color=\u00bb#ffffff\u00bb border_style=\u00bbsolid\u00bb _builder_version=\u00bb3.19.13&#8243;]<\/p>\n<div id=\"attachment_14482\" style=\"width: 160px\" class=\"wp-caption alignleft\"><img loading=\"lazy\" decoding=\"async\" aria-describedby=\"caption-attachment-14482\" class=\"wp-image-8476 size-thumbnail\" src=\"https:\/\/malaga.salesianos.edu\/familiasalesiana\/wp-content\/uploads\/sites\/8\/2019\/02\/Antonio-Gil-1819-150x150.jpg\" alt=\"\" width=\"150\" height=\"150\" \/><p id=\"caption-attachment-14482\" class=\"wp-caption-text\">D. Antonio Gil, director.<\/p><\/div>\n<p>Desde el 8 de diciembre 2018 hacia el 8 de diciembre 2019.<\/p>\n<p>Primer trecho brillantemente recorrido.<\/p>\n<blockquote>\n<p><em>Te regalo este ramillete de expresiones que yo he recibido tambi\u00e9n de ti, de vosotras, de much@s, como un hermoso \u2018milagro\u2019\u2026<\/em><\/p>\n<\/blockquote>\n<p>\u00a0<\/p>\n<p><strong>8 de diciembre 2018:<\/strong> <strong>\u00a1QUE NO FALTE TU FLOR!<\/strong><\/p>\n<p><em>La Ofrenda floral a la Madre Auxiliadora. <\/em><\/p>\n<div id=\"attachment_15482\" style=\"width: 160px\" class=\"wp-caption alignleft\"><img loading=\"lazy\" decoding=\"async\" aria-describedby=\"caption-attachment-15482\" class=\"wp-image-8752 size-thumbnail\" src=\"https:\/\/malaga.salesianos.edu\/familiasalesiana\/wp-content\/uploads\/sites\/8\/2019\/02\/IMG_20181208_120632-150x150.jpg\" alt=\"\" width=\"150\" height=\"150\" \/><p id=\"caption-attachment-15482\" class=\"wp-caption-text\">Ofrenda floral a M\u00aa Auxiliadora<\/p><\/div>\n<p>Fue un momento: emotivo, solemne, \u00edntimo \/ original, <strong>participado<\/strong>, muy familiar, muy salesiano \/ sobresaliente\u2026,\u00a0entra\u00f1able, precioso y\u00a0muy nuestro, \u00a1qu\u00e9 grande es mar\u00eda auxiliadora! \/ con belleza y armon\u00eda \/ la acci\u00f3n de gracias de la eucarist\u00eda en familia. muy participada, momento de familia. emocionante!! y sobresaliente. inicio sencillo del 125 pero con mucho sentido y profundidad salesiana. <strong>emoci\u00f3n<\/strong>, uni\u00f3n, familia \/ bonito, bello \/con devoci\u00f3n emotiva, cercana y familiar\/ gener\u00f3 expectativas e ilusiones por lo que estaba por venir \/ belleza y armon\u00eda \/ muy<strong> familiar<\/strong> \/ salesiana. vivido en familia \/ con sentimiento \/ cuando volv\u00ed de viaje, lo primero que hice fue preguntar, aunque no hac\u00eda falta y ya se sab\u00eda: inmenso, espectacular. Excelente \/ me gusto especialmente porque se vio claramente cuantos grupos diferentes tenemos en la casa. hacerlo visible as\u00ed nos hace sentirnos m\u00e1s unidos e ilusionados<\/p>\n<p>\u00a0<\/p>\n<p><strong>26 de enero 2019<\/strong><strong>.GALA DE PRESENTACI\u00d3N. <\/strong><\/p>\n<p><strong>En su conjunto: <\/strong>extraordinaria \/ una presentaci\u00f3n espectacular \/ a la altura del libro y el himno que se presentaban \/ emotivo y \u00fanico \/ genial. emocionante!! \/ sobresaliente \/ vibrante.<\/p>\n<p>\u00a0<\/p>\n<p><strong>DEL LIBRO \u201c125 A\u00d1OS abrazando la vida\u201d;<\/strong><\/p>\n<div id=\"attachment_16273\" style=\"width: 160px\" class=\"wp-caption alignleft\"><a href=\"https:\/\/malaga.salesianos.edu\/familiasalesiana\/wp-content\/uploads\/sites\/8\/2019\/02\/libro.jpg\"><img loading=\"lazy\" decoding=\"async\" aria-describedby=\"caption-attachment-16273\" class=\"wp-image-9134 size-thumbnail\" src=\"https:\/\/malaga.salesianos.edu\/familiasalesiana\/wp-content\/uploads\/sites\/8\/2019\/02\/libro-150x150.jpg\" alt=\"\" width=\"150\" height=\"150\" \/><\/a><p id=\"caption-attachment-16273\" class=\"wp-caption-text\">Presentaci\u00f3n del libro<\/p><\/div>\n<p>Espectacular, sobresaliente, emotivo \/ a lo grande, extraordinario, evocador \/ <strong>espectacular<\/strong>, especial \/ muy trabajada. Orgulloso de d\u00f3nde estamos: historia vivida y compartida \/ nuestra historia. el \u2018leitmotiv\u2019 de nuestra vida \/ <strong>emocionante!!<\/strong> y sobresaliente \/ presentaci\u00f3n impecable, mucho nivel. bien cuidada la invitaci\u00f3n a personalidades. expres\u00f3 bien la profundidad de nuestros or\u00edgenes. un momento a la altura de lo que celebramos \/ por la representaci\u00f3n institucional y la excelente presentaci\u00f3n desde el sentimiento que animaba a conocer el libro y vivir el 125 \/. elegante, profundo \/ sue\u00f1os, ilusiones \/. historia viva y compartida \/ presentaci\u00f3n impecable, exquisita, rigurosa, entretenida \/ una carga de energ\u00eda para seguir sembrando el legado \/ respuesta a M\u00e1laga. muy, muy emotiva \/, acogedora. Interesante \/ <strong>alucinante<\/strong>, no pod\u00eda quitar la vista del escenario \/ me encant\u00f3 \/ un acto muy bien preparado!!! \/<strong> impresionante<\/strong>, muy digno \/ un acto de altura&#8230;<\/p>\n<p>\u00a0<\/p>\n<p><strong>y del HIMNO \u201cSeguimos creando vida\u201d:<\/strong><\/p>\n<div id=\"attachment_16274\" style=\"width: 160px\" class=\"wp-caption alignleft\"><a href=\"https:\/\/malaga.salesianos.edu\/familiasalesiana\/wp-content\/uploads\/sites\/8\/2019\/02\/himno.jpg\"><img loading=\"lazy\" decoding=\"async\" aria-describedby=\"caption-attachment-16274\" class=\"size-thumbnail wp-image-9136\" src=\"https:\/\/malaga.salesianos.edu\/familiasalesiana\/wp-content\/uploads\/sites\/8\/2019\/02\/himno-150x150.jpg\" alt=\"\" width=\"150\" height=\"150\" \/><\/a><p id=\"caption-attachment-16274\" class=\"wp-caption-text\">Presentaci\u00f3n del himno<\/p><\/div>\n<p>Excelente, bonito, precioso \/ mel\u00f3dico, moderno, atrayente \/ m\u00fasica elegante y potente, hermosa letra, interpretaci\u00f3n: magistral \/ extraordinario, sobresaliente \/ genial, muy salesiano\/ muy pegadizo. Maravilloso \/ precioso y con un estribillo muy <strong>pegadizo<\/strong> \/ emotivo \/ nos suena a unidad, familia \/ la letra es preciosa. gana cuando es interpretada por una voz y una guitarra solo \/.emocionante!! y sobresaliente. \/ <strong>motivador,<\/strong> engancha, alegre \/ refleja la vida y las ilusiones de nuestra casa \/ profundo \/ sentimental, sincero, con alma con pasi\u00f3n \/ transmite alegr\u00eda, ilusi\u00f3n y sentido \/ musicalmente es muy bueno \/ colosal, tremendo \/ <strong>emocionante<\/strong> \/ esperanzador, brillante, sentimientos \/ bonito, salesiano; frescura, vitalidad, \u201cpedazo de himno\u201d \/ genial \/ muy pegadizo y a la vez motivante \/ recoge los frutos de un trabajo bien hecho\u2026<\/p>\n<p>\u00a0<\/p>\n<p><strong>31 de enero 2019<\/strong><strong> FIESTA DON BOSCO.<\/strong><\/p>\n<p>\u00a0<\/p>\n<p><u><\/u><u><\/u><strong><u>MAYORES<\/u><\/strong><strong>:<\/strong> Disfraces del mundo (mayores): originales, graciosos, simp\u00e1ticos, atrayentes, culminados con la estupenda presentaci\u00f3n en SEGALERVA y un muy agradable espect\u00e1culo lleno de matices. Disfraces del mundo y actuaciones (mayores): Momento precioso \/ muy festivo, alegre y salesiano \/ es algo que recordar\u00e1n siempre.<\/p>\n<p><strong><u>PEQUES:<\/u><\/strong> Disfraces sorprendentes incluidas Se\u00f1os y Profes: simpat\u00eda, <strong>alegr\u00eda, creatividad, ilusi\u00f3n<\/strong>\u2026 y diversi\u00f3n \/ caras de felicidad en Infantil y Primaria.<\/p>\n<div id=\"attachment_16110\" style=\"width: 160px\" class=\"wp-caption alignleft\"><a href=\"https:\/\/malaga.salesianos.edu\/familiasalesiana\/wp-content\/uploads\/sites\/8\/2019\/02\/IMG_20190131_112339.jpg\"><img loading=\"lazy\" decoding=\"async\" aria-describedby=\"caption-attachment-16110\" class=\"wp-image-9199 size-thumbnail\" src=\"https:\/\/malaga.salesianos.edu\/familiasalesiana\/wp-content\/uploads\/sites\/8\/2019\/02\/IMG_20190131_112339-150x150.jpg\" alt=\"\" width=\"150\" height=\"150\" \/><\/a><p id=\"caption-attachment-16110\" class=\"wp-caption-text\">Fiesta de D. Bosco en Segalerva<\/p><\/div>\n<p><strong><u>LA FIESTA EN CONJUNTO<\/u><\/strong><strong>:<\/strong> <strong>Profesorado implicado<\/strong> \/ inmejorable divertida \/ organizada, familiar, compartida \/ ilusionante. especial, muy trabajada \/ genial, muy colorida y<strong> participativa<\/strong> \/ sensacional, impresionante con imaginaci\u00f3n e ingenio \/ sentimiento de formar una gran familia \/. tanto profesores como alumnos pasamos un d\u00eda estupendo con cohesi\u00f3n, alegr\u00eda, implicaci\u00f3n \/ un cansancio fecundo \/ gran fiesta, similar a la de otro tiempo en el mismo d\u00eda \/ ambiente festivo y muy salesiano. nos divertimos todos&#8230;. emocionante!! y sobresaliente. recuerdos de mis a\u00f1os de alumna en el centro, me encant\u00f3, actividad que se recuerda, aunque pasen los a\u00f1os \/ seg\u00fan palabras de mis hijas: \u201cla mejor fiesta de Don Bosco que hemos vivido\u201d \/ compa\u00f1erismo, alegr\u00eda, risas \/ contentos, participaci\u00f3n, animado, colorido. mucho colorido y participativa. Divertida \/ ilusi\u00f3n y <strong>alegr\u00eda<\/strong> en estado puro \/ una visi\u00f3n \u00fanica de centro. Admirable \/ llena de creatividad, imaginaci\u00f3n, alegr\u00eda, sonrisas \/ uni\u00f3n, cohesi\u00f3n de centro. alegre y divertida<strong>. \u00a1muy salesiana!<\/strong> \u00a1y como yo! Estas ideas son las que hace que nuestro cole sea una familia \/ hay que realizar m\u00e1s actividades a nivel de todo el centro desde la infantil que exista esa verticalidad y donde el profesorado se implique \/ este formato de fiesta de Don Bosco, con todos sus alicientes, creo que deber\u00eda repetirse m\u00e1s veces\u2026<\/p>\n<p><strong>\u00a0<\/strong><\/p>\n<p><strong>2 de febrero 2019:<\/strong><\/p>\n<div id=\"attachment_16161\" style=\"width: 160px\" class=\"wp-caption alignleft\"><a href=\"https:\/\/malaga.salesianos.edu\/familiasalesiana\/wp-content\/uploads\/sites\/8\/2019\/02\/Portada_noticia_fiesta-de-la-Union-1.jpg\"><img loading=\"lazy\" decoding=\"async\" aria-describedby=\"caption-attachment-16161\" class=\"size-thumbnail wp-image-9140\" src=\"https:\/\/malaga.salesianos.edu\/familiasalesiana\/wp-content\/uploads\/sites\/8\/2019\/02\/Portada_noticia_fiesta-de-la-Union-1-150x150.jpg\" alt=\"\" width=\"150\" height=\"150\" \/><\/a><p id=\"caption-attachment-16161\" class=\"wp-caption-text\">Fiesta de la uni\u00f3n<\/p><\/div>\n<p><strong><u>FIESTA DE LA UNI\u00d3N<\/u><\/strong><strong>:<\/strong> Aut\u00e9ntica fiesta de<strong> UNI\u00d3N<\/strong>: Salesianos, Antiguos Alumnos, Profes de ayer y hoy, personal de administraci\u00f3n y servicios: ambiente, recueros \/ conmovedora, emotiva y de ambiente <strong>muy salesiano<\/strong> \/. recuerdos, uni\u00f3n, alegr\u00eda. tradici\u00f3n y empe\u00f1o \/ un momento entra\u00f1able donde pudimos compartir las experiencias vividas por antiguos alumnos y antiguos profesores \/\u00a0 estupendo; buena asistencia y buena idea de invitar a exprofesores \/ <strong>emotiva<\/strong> \/ recuerdos de mis a\u00f1os de alumna en el centro, me encant\u00f3 \/ actividad que se recuerda aunque pasen los a\u00f1os \/ por los ecos que me han llegado: \u201cmaravillosa \/ \u201cuna fiesta de la uni\u00f3n como hac\u00eda a\u00f1os no se viv\u00eda\u201d \/\u00a0 emotiva, escuchando las vivencias, te planteas: sigamos adelante!!!!!!!!!!!!!<\/p>\n<p>\u00a0<\/p>\n<p><strong>2 de febrero 2019<\/strong><\/p>\n<div id=\"attachment_16211\" style=\"width: 160px\" class=\"wp-caption alignleft\"><a href=\"https:\/\/malaga.salesianos.edu\/familiasalesiana\/wp-content\/uploads\/sites\/8\/2019\/02\/mapamundi-2.jpg\"><img loading=\"lazy\" decoding=\"async\" aria-describedby=\"caption-attachment-16211\" class=\"wp-image-9126 size-thumbnail\" src=\"https:\/\/malaga.salesianos.edu\/familiasalesiana\/wp-content\/uploads\/sites\/8\/2019\/02\/mapamundi-2-150x150.jpg\" alt=\"\" width=\"150\" height=\"150\" \/><\/a><p id=\"caption-attachment-16211\" class=\"wp-caption-text\">Mapamundi Salesiano<\/p><\/div>\n<p><strong>ILUMINACION DEL <u>MAPAMUNDI SALESIANO<\/u><\/strong><strong>.<\/strong> se ha disfrutado con <strong>admiraci\u00f3n<\/strong> y se comentado: espectacular, maravilloso, sorprendente \/ genial, m\u00e1gico, especial \/ <strong>\u00a0<\/strong>sobresaliente, precioso \/ trabajo<strong> participativo<\/strong> \u00a1\u00a1fant\u00e1stico!! Impresionante \/ estoy seguro que muchos colegios salesianos van a copiar la idea como proyecto de ciclos medios y superiores \/ simb\u00f3lico, representativo \/ globalizador,\u2018concienciador\u2019. <strong>emocionante!!<\/strong> \/ sobresaliente, inimaginable \/ recuerdo \u00fanico aunque pase el tiempo \/ impresionante trabajo que logr\u00f3 transmitir lo grande y extensa que es nuestra familia haci\u00e9ndote sentir parte de la gran obra de Don Bosco \/ trascendente \/ gran esfuerzo \/ trabajo, luz, presencia \/ admirable, fino, original \/ fant\u00e1stico \/ apertura al mundo \/. cada vez que lo miro, me siento part\u00edcipe de un todo y no estamos solos: somos much\u00edsimos con un mismo ideal \/ original, creativo, <strong>innovador<\/strong>, llamativo&#8230; maravilloso. precioso el resultado y muy interesante y cuidada la puesta en escena \/ el sentido del gesto qued\u00f3 muy claro \/ queda para la historia para que nos sintamos parte de la obra de Don Bosco en el mundo\u2026<\/p>\n<p><em>(s\u00f3lo hay una queja de la que no nos sentimos responsables que pudo parecer un poco lento, o largo pero s\u00f3lo debido a la desagradable sensaci\u00f3n t\u00e9rmica: <strong>\u00a1\u00a1qu\u00e9 fr\u00edo!!)<\/strong><\/em><\/p>\n<p><strong>3 de febrero<\/strong><\/p>\n<div id=\"attachment_16275\" style=\"width: 160px\" class=\"wp-caption alignleft\"><a href=\"https:\/\/malaga.salesianos.edu\/familiasalesiana\/wp-content\/uploads\/sites\/8\/2019\/02\/eucaristia_salesinos_cooperadores.jpeg\"><img loading=\"lazy\" decoding=\"async\" aria-describedby=\"caption-attachment-16275\" class=\"size-thumbnail wp-image-9143\" src=\"https:\/\/malaga.salesianos.edu\/familiasalesiana\/wp-content\/uploads\/sites\/8\/2019\/02\/eucaristia_salesinos_cooperadores-150x150.jpeg\" alt=\"\" width=\"150\" height=\"150\" \/><\/a><p id=\"caption-attachment-16275\" class=\"wp-caption-text\">Eucarist\u00eda Salesianos Cooperadores<\/p><\/div>\n<p><strong>EUCARIST\u00cdA DE <u>ACCI\u00d3N DE GRACIAS<\/u><\/strong> Coincidi\u00f3 con la presencia del encuentro regional de salesianos cooperadores, que la enriqueci\u00f3 \/ una <strong>gran familia<\/strong> \/ experiencia enriquecedoras \/ lo mejor que puedo decir es lo que me llegaba de hermanos SSCC de otras casas: <em>\u201cse respiraba de verdad sentimiento de <strong>familia y unidad<\/strong>\u201d<\/em>. experiencias compartidas. Alguien conclu\u00eda: hemos de <em>seguir trabajando en esta l\u00ednea de unidad y de ir rompiendo nuestras fronteras internas. Nos<\/em> <em>har\u00e1 crecer como familia y en responsabilidad y corresponsabilidad. agradable y acogedora<\/em>\u201d.<\/p>\n<p>\u00a0<\/p>\n<p>\u2026 muchas gracias por tanto compartido \u2026<\/p>\n<p>\u00a0<\/p>\n<p><strong>\u2026 Cerramos con algunas afirmaciones y sensaciones personales \u2026manteniendo el anonimato \u201cpara que las puedas hacer tuyas\u201d\u2026<\/strong><\/p>\n<blockquote>\n<p><em>De verdad \u2018eres, sois, somos\u2019 so\u00f1adores para enriquecer la vida, hacer felices a nuestros ni\u00f1os y j\u00f3venes, engancharnos como familia salesiana y disfrutar del carisma de San Juan Bosco\u2026<\/em><\/p>\n<\/blockquote>\n<blockquote>\n<p><em>Estimado Antonio: Los actos est\u00e1n resultando un \u00e9xito. Muchas gracias por tanto&#8230;<\/em><\/p>\n<\/blockquote>\n<blockquote>\n<p><em>En mi opini\u00f3n todo lo vivido hasta ahora ha sido especial y \u00fanico. Tengo que destacar que gracias a estos actos siento al claustro m\u00e1s unido ya que vivimos momentos muy emotivos juntos, y lo m\u00e1s importante, las familias del centro est\u00e1n sintiendo que tambi\u00e9n forman parte de esta gran familia y creo que esto era necesario&#8230;\u00a0<\/em><\/p>\n<\/blockquote>\n<blockquote>\n<p><em>Estoy muy contenta de pertenecer a esta gran familia. Cuando comenc\u00e9 hace ya m\u00e1s de un a\u00f1o,no sab\u00eda lo que me iba a encontrar, si realmente encajar\u00eda aqu\u00ed. Sin embargo, estoy encantada con el cari\u00f1o y la alegr\u00eda que se demuestra cada d\u00eda en las aulas y en nuestro hermoso patio. Muy agradecida, tambi\u00e9n, por todo lo recibido y por supuesto, por poder formar parte de esta etapa tan bonita e importante como son \u00a1los 125 a\u00f1os!.<\/em><\/p>\n<\/blockquote>\n<blockquote>\n<p><em>En la organizaci\u00f3n de los actos del programa de eventos del 125 hubiera puesto un acto cada mes para no saturar, y a\u00f1adir\u00eda actividades que nunca se hace solo para el 125, no hubiera a\u00f1adido actividades que se hacen como actividades para el 125 como: novenas, verbena, procesi\u00f3n, v\u00eda crucis esas se hacen sino otras distintas&#8230;..<\/em><\/p>\n<\/blockquote>\n<p><strong><em>Alguien escribe sencillamente: <\/em><\/strong><\/p>\n<blockquote>\n<p><em>Gracias, Antonio, por estar siempre atento a nuestras opiniones. Un beso. <strong>\u00a1\u00a1TODO MUY BIEN<\/strong>!!&#8230; Y otro \u2018alguien\u2019, expresa contundente.<strong> \u00a1\u00a1TODO SOBRESALIENTE!! <\/strong>Con otra frase expresada podemos concluir: \u00a1\u00a1TODO MUY SALESIANO!!<\/em><\/p>\n<\/blockquote>\n<p>Estamos mejorando y generando un \u2018nuevo esp\u00edritu de familia\u2019 m\u00e1s visible y m\u00e1s profundo&#8230;<\/p>\n<p><em>\u00a0Y ahora s\u00ed concluyo yo que no he sido m\u00e1s que privilegiado transmisor de lo que hab\u00e9is enviado, y os puedo asegurar que son muchas personas del colegio y de los diversos ambientes de nuestra Familia. Por ello concluyo muy agradecido:<\/em><\/p>\n<p><em>MUCHAS GRACIAS por tanta aportaci\u00f3n, tanto esfuerzo y tan hermosamente logrado\u2026 y a\u00fan nos quedan muchos sue\u00f1os por cumplir\u2026 Las palabras en negrito son algunas de las que m\u00e1s se repiten\u2026<\/em><\/p>\n<p><em>Y para conseguir todo ello con tanta calidad y tantos matices\u2026 mucha gente generosa, much\u00edsimo trabajo, muchas horas, mucho esfuerzo, mucho \u00e1nimo y mucho esp\u00edritu salesiano. Como alguien comentaba: <strong>\u201c\u00a1CONTENTO TIENE QUE ESTAR DON BOSCO!\u201d<\/strong><\/em><\/p>\n<p><em>No he puesto protagonistas-nombres propios \u2013 cada cual con su personal aportaci\u00f3n-, para que <u>T\u00da<\/u> \u2018puedas hacerlo todo tuyo\u2019\u2026 pero en mi coraz\u00f3n y lo que es m\u00e1s importante en el de Don Bosco est\u00e1n vuestros nombres propios<\/em><em>\u2026 \u00a1\u00a1\u00a1GRACIAS!!!<\/em><\/p>\n<p>[\/et_pb_text][et_pb_image _builder_version=\u00bb3.19.13&#8243; src=\u00bbhttps:\/\/malaga.salesianos.edu\/wp-content\/uploads\/2018\/11\/Logo125apaisado.jpg\u00bb animation_style=\u00bbzoom\u00bb \/][\/et_pb_column][\/et_pb_row][\/et_pb_section]<\/p>\n","protected":false},"excerpt":{"rendered":"<p>Primer trecho del 125 aniversario brillantemente recorrido. Mucha gente generosa, much\u00edsimo trabajo, muchas horas, mucho \u00e1nimo y mucho esp\u00edritu salesiano.<\/p>\n","protected":false},"author":11,"featured_media":8738,"comment_status":"open","ping_status":"open","sticky":false,"template":"","format":"standard","meta":{"_et_pb_use_builder":"on","_et_pb_old_content":"","_et_gb_content_width":"","footnotes":""},"categories":[168,113,101],"tags":[],"class_list":["post-9165","post","type-post","status-publish","format-standard","has-post-thumbnail","hentry","category-125-aniversario","category-casa","category-familia-salesiana"],"yoast_head":"<!-- This site is optimized with the Yoast SEO plugin v28.3 - https:\/\/yoast.com\/product\/yoast-seo-wordpress\/ -->\n<title>\u00a1\u00a1SOIS FORMIDABLES!! \u00a1vaya recorrido! 125 a\u00f1os&#8230; - Familia Salesiana | Salesianos M\u00e1laga<\/title>\n<meta name=\"robots\" content=\"index, follow, max-snippet:-1, max-image-preview:large, max-video-preview:-1\" \/>\n<link rel=\"canonical\" href=\"https:\/\/malaga.salesianos.edu\/familiasalesiana\/blog\/sois-formidables-vaya-recorrido-125-anos\/\" \/>\n<meta property=\"og:locale\" content=\"es_ES\" \/>\n<meta property=\"og:type\" content=\"article\" \/>\n<meta property=\"og:title\" content=\"\u00a1\u00a1SOIS FORMIDABLES!! \u00a1vaya recorrido! 125 a\u00f1os&#8230; - Familia Salesiana | Salesianos M\u00e1laga\" \/>\n<meta property=\"og:description\" content=\"Primer trecho del 125 aniversario brillantemente recorrido. Mucha gente generosa, much\u00edsimo trabajo, muchas horas, mucho \u00e1nimo y mucho esp\u00edritu salesiano.\" \/>\n<meta property=\"og:url\" content=\"https:\/\/malaga.salesianos.edu\/familiasalesiana\/blog\/sois-formidables-vaya-recorrido-125-anos\/\" \/>\n<meta property=\"og:site_name\" content=\"Familia Salesiana | Salesianos M\u00e1laga\" \/>\n<meta property=\"article:published_time\" content=\"2019-02-10T13:42:15+00:00\" \/>\n<meta property=\"article:modified_time\" content=\"2019-02-18T21:44:17+00:00\" \/>\n<meta property=\"og:image\" content=\"https:\/\/malaga.salesianos.edu\/familiasalesiana\/wp-content\/uploads\/sites\/8\/2018\/12\/Lona_1819_1280px_rec.jpg\" \/>\n\t<meta property=\"og:image:width\" content=\"1\" \/>\n\t<meta property=\"og:image:height\" content=\"1\" \/>\n\t<meta property=\"og:image:type\" content=\"image\/jpeg\" \/>\n<meta name=\"twitter:card\" content=\"summary_large_image\" \/>\n<meta name=\"twitter:label1\" content=\"Escrito por\" \/>\n\t<meta name=\"twitter:data1\" content=\"\" \/>\n\t<meta name=\"twitter:label2\" content=\"Tiempo de lectura\" \/>\n\t<meta name=\"twitter:data2\" content=\"10 minutos\" \/>\n<script type=\"application\/ld+json\" class=\"yoast-schema-graph\">{\"@context\":\"https:\\\/\\\/schema.org\",\"@graph\":[{\"@type\":\"Article\",\"@id\":\"https:\\\/\\\/malaga.salesianos.edu\\\/familiasalesiana\\\/blog\\\/sois-formidables-vaya-recorrido-125-anos\\\/#article\",\"isPartOf\":{\"@id\":\"https:\\\/\\\/malaga.salesianos.edu\\\/familiasalesiana\\\/blog\\\/sois-formidables-vaya-recorrido-125-anos\\\/\"},\"author\":{\"name\":\"\",\"@id\":\"\"},\"headline\":\"\u00a1\u00a1SOIS FORMIDABLES!! \u00a1vaya recorrido! 125 a\u00f1os&#8230;\",\"datePublished\":\"2019-02-10T13:42:15+00:00\",\"dateModified\":\"2019-02-18T21:44:17+00:00\",\"mainEntityOfPage\":{\"@id\":\"https:\\\/\\\/malaga.salesianos.edu\\\/familiasalesiana\\\/blog\\\/sois-formidables-vaya-recorrido-125-anos\\\/\"},\"wordCount\":1910,\"commentCount\":0,\"image\":{\"@id\":\"https:\\\/\\\/malaga.salesianos.edu\\\/familiasalesiana\\\/blog\\\/sois-formidables-vaya-recorrido-125-anos\\\/#primaryimage\"},\"thumbnailUrl\":\"https:\\\/\\\/malaga.salesianos.edu\\\/familiasalesiana\\\/wp-content\\\/uploads\\\/sites\\\/8\\\/2018\\\/12\\\/Lona_1819_1280px_rec.jpg\",\"articleSection\":[\"125 aniversario\",\"Casa\",\"Familia Salesiana\"],\"inLanguage\":\"es\",\"potentialAction\":[{\"@type\":\"CommentAction\",\"name\":\"Comment\",\"target\":[\"https:\\\/\\\/malaga.salesianos.edu\\\/familiasalesiana\\\/blog\\\/sois-formidables-vaya-recorrido-125-anos\\\/#respond\"]}]},{\"@type\":\"WebPage\",\"@id\":\"https:\\\/\\\/malaga.salesianos.edu\\\/familiasalesiana\\\/blog\\\/sois-formidables-vaya-recorrido-125-anos\\\/\",\"url\":\"https:\\\/\\\/malaga.salesianos.edu\\\/familiasalesiana\\\/blog\\\/sois-formidables-vaya-recorrido-125-anos\\\/\",\"name\":\"\u00a1\u00a1SOIS FORMIDABLES!! \u00a1vaya recorrido! 125 a\u00f1os&#8230; - Familia Salesiana | Salesianos M\u00e1laga\",\"isPartOf\":{\"@id\":\"https:\\\/\\\/malaga.salesianos.edu\\\/familiasalesiana\\\/#website\"},\"primaryImageOfPage\":{\"@id\":\"https:\\\/\\\/malaga.salesianos.edu\\\/familiasalesiana\\\/blog\\\/sois-formidables-vaya-recorrido-125-anos\\\/#primaryimage\"},\"image\":{\"@id\":\"https:\\\/\\\/malaga.salesianos.edu\\\/familiasalesiana\\\/blog\\\/sois-formidables-vaya-recorrido-125-anos\\\/#primaryimage\"},\"thumbnailUrl\":\"https:\\\/\\\/malaga.salesianos.edu\\\/familiasalesiana\\\/wp-content\\\/uploads\\\/sites\\\/8\\\/2018\\\/12\\\/Lona_1819_1280px_rec.jpg\",\"datePublished\":\"2019-02-10T13:42:15+00:00\",\"dateModified\":\"2019-02-18T21:44:17+00:00\",\"author\":{\"@id\":\"\"},\"breadcrumb\":{\"@id\":\"https:\\\/\\\/malaga.salesianos.edu\\\/familiasalesiana\\\/blog\\\/sois-formidables-vaya-recorrido-125-anos\\\/#breadcrumb\"},\"inLanguage\":\"es\",\"potentialAction\":[{\"@type\":\"ReadAction\",\"target\":[\"https:\\\/\\\/malaga.salesianos.edu\\\/familiasalesiana\\\/blog\\\/sois-formidables-vaya-recorrido-125-anos\\\/\"]}]},{\"@type\":\"ImageObject\",\"inLanguage\":\"es\",\"@id\":\"https:\\\/\\\/malaga.salesianos.edu\\\/familiasalesiana\\\/blog\\\/sois-formidables-vaya-recorrido-125-anos\\\/#primaryimage\",\"url\":\"https:\\\/\\\/malaga.salesianos.edu\\\/familiasalesiana\\\/wp-content\\\/uploads\\\/sites\\\/8\\\/2018\\\/12\\\/Lona_1819_1280px_rec.jpg\",\"contentUrl\":\"https:\\\/\\\/malaga.salesianos.edu\\\/familiasalesiana\\\/wp-content\\\/uploads\\\/sites\\\/8\\\/2018\\\/12\\\/Lona_1819_1280px_rec.jpg\"},{\"@type\":\"BreadcrumbList\",\"@id\":\"https:\\\/\\\/malaga.salesianos.edu\\\/familiasalesiana\\\/blog\\\/sois-formidables-vaya-recorrido-125-anos\\\/#breadcrumb\",\"itemListElement\":[{\"@type\":\"ListItem\",\"position\":1,\"name\":\"Portada\",\"item\":\"https:\\\/\\\/malaga.salesianos.edu\\\/familiasalesiana\\\/\"},{\"@type\":\"ListItem\",\"position\":2,\"name\":\"\u00a1\u00a1SOIS FORMIDABLES!! \u00a1vaya recorrido! 125 a\u00f1os&#8230;\"}]},{\"@type\":\"WebSite\",\"@id\":\"https:\\\/\\\/malaga.salesianos.edu\\\/familiasalesiana\\\/#website\",\"url\":\"https:\\\/\\\/malaga.salesianos.edu\\\/familiasalesiana\\\/\",\"name\":\"Familia Salesiana | Salesianos M\u00e1laga\",\"description\":\"Familia Salesiana | Salesianos M\u00e1laga, ADMA, Asociaci\u00f3n de antiguos alumnos, Hermandad Salesiana, Salesianos Cooperadores\",\"potentialAction\":[{\"@type\":\"SearchAction\",\"target\":{\"@type\":\"EntryPoint\",\"urlTemplate\":\"https:\\\/\\\/malaga.salesianos.edu\\\/familiasalesiana\\\/?s={search_term_string}\"},\"query-input\":{\"@type\":\"PropertyValueSpecification\",\"valueRequired\":true,\"valueName\":\"search_term_string\"}}],\"inLanguage\":\"es\"},{\"@type\":\"Person\",\"@id\":\"\"}]}<\/script>\n<!-- \/ Yoast SEO plugin. -->","yoast_head_json":{"title":"\u00a1\u00a1SOIS FORMIDABLES!! \u00a1vaya recorrido! 125 a\u00f1os&#8230; - Familia Salesiana | Salesianos M\u00e1laga","robots":{"index":"index","follow":"follow","max-snippet":"max-snippet:-1","max-image-preview":"max-image-preview:large","max-video-preview":"max-video-preview:-1"},"canonical":"https:\/\/malaga.salesianos.edu\/familiasalesiana\/blog\/sois-formidables-vaya-recorrido-125-anos\/","og_locale":"es_ES","og_type":"article","og_title":"\u00a1\u00a1SOIS FORMIDABLES!! \u00a1vaya recorrido! 125 a\u00f1os&#8230; - Familia Salesiana | Salesianos M\u00e1laga","og_description":"Primer trecho del 125 aniversario brillantemente recorrido. Mucha gente generosa, much\u00edsimo trabajo, muchas horas, mucho \u00e1nimo y mucho esp\u00edritu salesiano.","og_url":"https:\/\/malaga.salesianos.edu\/familiasalesiana\/blog\/sois-formidables-vaya-recorrido-125-anos\/","og_site_name":"Familia Salesiana | Salesianos M\u00e1laga","article_published_time":"2019-02-10T13:42:15+00:00","article_modified_time":"2019-02-18T21:44:17+00:00","og_image":[{"url":"https:\/\/malaga.salesianos.edu\/familiasalesiana\/wp-content\/uploads\/sites\/8\/2018\/12\/Lona_1819_1280px_rec.jpg","width":1,"height":1,"type":"image\/jpeg"}],"twitter_card":"summary_large_image","twitter_misc":{"Escrito por":"","Tiempo de lectura":"10 minutos"},"schema":{"@context":"https:\/\/schema.org","@graph":[{"@type":"Article","@id":"https:\/\/malaga.salesianos.edu\/familiasalesiana\/blog\/sois-formidables-vaya-recorrido-125-anos\/#article","isPartOf":{"@id":"https:\/\/malaga.salesianos.edu\/familiasalesiana\/blog\/sois-formidables-vaya-recorrido-125-anos\/"},"author":{"name":"","@id":""},"headline":"\u00a1\u00a1SOIS FORMIDABLES!! \u00a1vaya recorrido! 125 a\u00f1os&#8230;","datePublished":"2019-02-10T13:42:15+00:00","dateModified":"2019-02-18T21:44:17+00:00","mainEntityOfPage":{"@id":"https:\/\/malaga.salesianos.edu\/familiasalesiana\/blog\/sois-formidables-vaya-recorrido-125-anos\/"},"wordCount":1910,"commentCount":0,"image":{"@id":"https:\/\/malaga.salesianos.edu\/familiasalesiana\/blog\/sois-formidables-vaya-recorrido-125-anos\/#primaryimage"},"thumbnailUrl":"https:\/\/malaga.salesianos.edu\/familiasalesiana\/wp-content\/uploads\/sites\/8\/2018\/12\/Lona_1819_1280px_rec.jpg","articleSection":["125 aniversario","Casa","Familia Salesiana"],"inLanguage":"es","potentialAction":[{"@type":"CommentAction","name":"Comment","target":["https:\/\/malaga.salesianos.edu\/familiasalesiana\/blog\/sois-formidables-vaya-recorrido-125-anos\/#respond"]}]},{"@type":"WebPage","@id":"https:\/\/malaga.salesianos.edu\/familiasalesiana\/blog\/sois-formidables-vaya-recorrido-125-anos\/","url":"https:\/\/malaga.salesianos.edu\/familiasalesiana\/blog\/sois-formidables-vaya-recorrido-125-anos\/","name":"\u00a1\u00a1SOIS FORMIDABLES!! \u00a1vaya recorrido! 125 a\u00f1os&#8230; - Familia Salesiana | Salesianos M\u00e1laga","isPartOf":{"@id":"https:\/\/malaga.salesianos.edu\/familiasalesiana\/#website"},"primaryImageOfPage":{"@id":"https:\/\/malaga.salesianos.edu\/familiasalesiana\/blog\/sois-formidables-vaya-recorrido-125-anos\/#primaryimage"},"image":{"@id":"https:\/\/malaga.salesianos.edu\/familiasalesiana\/blog\/sois-formidables-vaya-recorrido-125-anos\/#primaryimage"},"thumbnailUrl":"https:\/\/malaga.salesianos.edu\/familiasalesiana\/wp-content\/uploads\/sites\/8\/2018\/12\/Lona_1819_1280px_rec.jpg","datePublished":"2019-02-10T13:42:15+00:00","dateModified":"2019-02-18T21:44:17+00:00","author":{"@id":""},"breadcrumb":{"@id":"https:\/\/malaga.salesianos.edu\/familiasalesiana\/blog\/sois-formidables-vaya-recorrido-125-anos\/#breadcrumb"},"inLanguage":"es","potentialAction":[{"@type":"ReadAction","target":["https:\/\/malaga.salesianos.edu\/familiasalesiana\/blog\/sois-formidables-vaya-recorrido-125-anos\/"]}]},{"@type":"ImageObject","inLanguage":"es","@id":"https:\/\/malaga.salesianos.edu\/familiasalesiana\/blog\/sois-formidables-vaya-recorrido-125-anos\/#primaryimage","url":"https:\/\/malaga.salesianos.edu\/familiasalesiana\/wp-content\/uploads\/sites\/8\/2018\/12\/Lona_1819_1280px_rec.jpg","contentUrl":"https:\/\/malaga.salesianos.edu\/familiasalesiana\/wp-content\/uploads\/sites\/8\/2018\/12\/Lona_1819_1280px_rec.jpg"},{"@type":"BreadcrumbList","@id":"https:\/\/malaga.salesianos.edu\/familiasalesiana\/blog\/sois-formidables-vaya-recorrido-125-anos\/#breadcrumb","itemListElement":[{"@type":"ListItem","position":1,"name":"Portada","item":"https:\/\/malaga.salesianos.edu\/familiasalesiana\/"},{"@type":"ListItem","position":2,"name":"\u00a1\u00a1SOIS FORMIDABLES!! \u00a1vaya recorrido! 125 a\u00f1os&#8230;"}]},{"@type":"WebSite","@id":"https:\/\/malaga.salesianos.edu\/familiasalesiana\/#website","url":"https:\/\/malaga.salesianos.edu\/familiasalesiana\/","name":"Familia Salesiana | Salesianos M\u00e1laga","description":"Familia Salesiana | Salesianos M\u00e1laga, ADMA, Asociaci\u00f3n de antiguos alumnos, Hermandad Salesiana, Salesianos Cooperadores","potentialAction":[{"@type":"SearchAction","target":{"@type":"EntryPoint","urlTemplate":"https:\/\/malaga.salesianos.edu\/familiasalesiana\/?s={search_term_string}"},"query-input":{"@type":"PropertyValueSpecification","valueRequired":true,"valueName":"search_term_string"}}],"inLanguage":"es"},{"@type":"Person","@id":""}]}},"_links":{"self":[{"href":"https:\/\/malaga.salesianos.edu\/familiasalesiana\/wp-json\/wp\/v2\/posts\/9165","targetHints":{"allow":["GET"]}}],"collection":[{"href":"https:\/\/malaga.salesianos.edu\/familiasalesiana\/wp-json\/wp\/v2\/posts"}],"about":[{"href":"https:\/\/malaga.salesianos.edu\/familiasalesiana\/wp-json\/wp\/v2\/types\/post"}],"author":[{"embeddable":true,"href":"https:\/\/malaga.salesianos.edu\/familiasalesiana\/wp-json\/wp\/v2\/users\/11"}],"replies":[{"embeddable":true,"href":"https:\/\/malaga.salesianos.edu\/familiasalesiana\/wp-json\/wp\/v2\/comments?post=9165"}],"version-history":[{"count":17,"href":"https:\/\/malaga.salesianos.edu\/familiasalesiana\/wp-json\/wp\/v2\/posts\/9165\/revisions"}],"predecessor-version":[{"id":9218,"href":"https:\/\/malaga.salesianos.edu\/familiasalesiana\/wp-json\/wp\/v2\/posts\/9165\/revisions\/9218"}],"wp:featuredmedia":[{"embeddable":true,"href":"https:\/\/malaga.salesianos.edu\/familiasalesiana\/wp-json\/wp\/v2\/media\/8738"}],"wp:attachment":[{"href":"https:\/\/malaga.salesianos.edu\/familiasalesiana\/wp-json\/wp\/v2\/media?parent=9165"}],"wp:term":[{"taxonomy":"category","embeddable":true,"href":"https:\/\/malaga.salesianos.edu\/familiasalesiana\/wp-json\/wp\/v2\/categories?post=9165"},{"taxonomy":"post_tag","embeddable":true,"href":"https:\/\/malaga.salesianos.edu\/familiasalesiana\/wp-json\/wp\/v2\/tags?post=9165"}],"curies":[{"name":"wp","href":"https:\/\/api.w.org\/{rel}","templated":true}]}}