{"id":9048,"date":"2019-01-31T00:10:48","date_gmt":"2019-01-30T22:58:48","guid":{"rendered":"https:\/\/malaga.salesianos.edu\/familiasalesiana\/blog\/felicidades-por-lo-ya-vivido\/"},"modified":"2019-01-31T00:49:42","modified_gmt":"2019-01-30T23:49:42","slug":"felicidades-por-lo-ya-vivido","status":"publish","type":"post","link":"https:\/\/malaga.salesianos.edu\/familiasalesiana\/blog\/felicidades-por-lo-ya-vivido\/","title":{"rendered":"Felicidades por lo ya vivido, feliz d\u00eda de D. Bosco"},"content":{"rendered":"<p>[et_pb_section bb_built=\u00bb1&#8243; admin_label=\u00bbsection\u00bb custom_padding=\u00bb2px|0px|54px|0px\u00bb][et_pb_row admin_label=\u00bbrow\u00bb background_position=\u00bbtop_left\u00bb background_repeat=\u00bbrepeat\u00bb background_size=\u00bbinitial\u00bb][et_pb_column type=\u00bb4_4&#8243;][et_pb_text admin_label=\u00bbEntradilla\u00bb text_font=\u00bb|on|||\u00bb text_orientation=\u00bbjustified\u00bb use_border_color=\u00bboff\u00bb border_color=\u00bb#ffffff\u00bb border_style=\u00bbsolid\u00bb _builder_version=\u00bb3.19.9&#8243;]<\/p>\n<p><em><strong>Mensaje del Director a la Familia Salesiana en la Fiesta de D. Bosco 31 de Enero 2019.<\/strong><\/em><\/p>\n<hr \/>\n<p>[\/et_pb_text][et_pb_text admin_label=\u00bbDesarrollo\u00bb text_orientation=\u00bbjustified\u00bb use_border_color=\u00bboff\u00bb border_color=\u00bb#ffffff\u00bb border_style=\u00bbsolid\u00bb _builder_version=\u00bb3.19.9&#8243;]<\/p>\n<div id=\"attachment_7925\" style=\"width: 310px\" class=\"wp-caption alignleft\"><img loading=\"lazy\" decoding=\"async\" aria-describedby=\"caption-attachment-7925\" class=\"wp-image-9079 size-medium\" src=\"https:\/\/malaga.salesianos.edu\/familiasalesiana\/wp-content\/uploads\/sites\/8\/2019\/01\/Antonio-Gil-300x188.jpg\" alt=\"\" width=\"300\" height=\"188\" srcset=\"https:\/\/malaga.salesianos.edu\/familiasalesiana\/wp-content\/uploads\/sites\/8\/2019\/01\/Antonio-Gil-300x188.jpg 300w, https:\/\/malaga.salesianos.edu\/familiasalesiana\/wp-content\/uploads\/sites\/8\/2019\/01\/Antonio-Gil-400x250.jpg 400w, https:\/\/malaga.salesianos.edu\/familiasalesiana\/wp-content\/uploads\/sites\/8\/2019\/01\/Antonio-Gil.jpg 640w\" sizes=\"(max-width: 300px) 100vw, 300px\" \/><p id=\"caption-attachment-7925\" class=\"wp-caption-text\">D. Antonio Gil Prieto, director de Salesianos M\u00e1laga.<\/p><\/div>\n<p><strong>Si en estos primeros compases del 125 aniversario hemos vivido tanto y con tanta intensidad, cu\u00e1nto se habr\u00e1 vivido en esta casa desde aquel 1894\u2026 Si os dec\u00eda el a\u00f1o pasado en esta fiesta en honor del Padre, Maestro y Amigo de los j\u00f3venes que NUESTRA CASA SE VISTE DE FIESTA, qu\u00e9 os puedo decir en este a\u00f1o\u2026 jubilar, intenso e ilusionante\u2026<\/strong><\/p>\n<p><em>Flores, libro, himno, mapamundi\u2026 celebraciones, fiestas, encuentros\u2026 deseos, ilusiones, sue\u00f1os\u2026 y haci\u00e9ndolo posible \u00a1mucho trabajo, esfuerzo, generosidad, entrega! De tanta gente\u2026 <\/em><\/p>\n<p>Apropi\u00e1ndome de unas palabras del Rector Mayor que nos ha dejado en nuestro Libro (p.7)<em> \u201cquisiera tener un coraz\u00f3n como el de D. Bosco para abrazar y bendecir vuestra generosa propuesta de intenciones y sue\u00f1os nuevos\u2026 Os doy las gracias por lo vivido y os animo a seguir abriendo desde ese \u2018coqueto\u2019 patio salesiano de San Bartolom\u00e9, nuevos horizontes imitando el vuelo de las gaviotas que os visitan\u2026\u201d<\/em><\/p>\n<p>Pues s\u00ed, con Don. Bosco seguiremos haciendo vida los nuevos sue\u00f1os\u2026anclados en la alegr\u00eda, en la fiesta, dando calor cada d\u00eda con generoso esfuerzo por encima de fr\u00edos y cansancios especialmente a lo largo de este 2019 tan nuestro, tan vivo, tan fuerte, tan ilusionante\u2026 Gracias por estar ah\u00ed\u2026 <strong>FELIZ D\u00cdA DE SAN JUAN BOSCO<\/strong> a todos y cada uno, porque en el coraz\u00f3n si cab\u00e9is todos\u2026 <strong>NUESTRA CASA SE VISTA DE FIESTA<\/strong>\u2026 que no decaiga\u2026<\/p>\n<div id=\"attachment_16046\" style=\"width: 310px\" class=\"wp-caption alignright\"><img loading=\"lazy\" decoding=\"async\" aria-describedby=\"caption-attachment-16046\" class=\"wp-image-9051 size-medium\" src=\"https:\/\/malaga.salesianos.edu\/familiasalesiana\/wp-content\/uploads\/sites\/8\/2019\/01\/Himno-125-aniversario-directo-300x200.jpg\" alt=\"\" width=\"300\" height=\"200\" srcset=\"https:\/\/malaga.salesianos.edu\/familiasalesiana\/wp-content\/uploads\/sites\/8\/2019\/01\/Himno-125-aniversario-directo-300x200.jpg 300w, https:\/\/malaga.salesianos.edu\/familiasalesiana\/wp-content\/uploads\/sites\/8\/2019\/01\/Himno-125-aniversario-directo.jpg 559w\" sizes=\"(max-width: 300px) 100vw, 300px\" \/><p id=\"caption-attachment-16046\" class=\"wp-caption-text\">Himno del 125 aniversario de Salesianos M\u00e1laga.<\/p><\/div>\n<p><b>\u00a0<\/b><\/p>\n<blockquote>\n<p><strong>\u2026 Y SIN DEJAR DE SO\u00d1AR<\/strong><\/p>\n<p><strong>SEGUIMOS CREANDO VIDA,<\/strong><\/p>\n<p><strong>ENTRE AZUL DE CIELO Y MAR<\/strong><\/p>\n<p><strong>SUSURRANDO MELOD\u00cdAS\u2026<\/strong><\/p>\n<\/blockquote>\n<p>\u00a0<\/p>\n<p>\u00a0<\/p>\n<p>[\/et_pb_text][et_pb_audio _builder_version=\u00bb3.19.9&#8243; title=\u00bbSEGUIMOS CREANDO VIDA\u00bb artist_name=\u00bbLETRA: Antonio Gil Prieto       M\u00daSICA: Jes\u00fas Jim\u00e9nez P\u00e9rez\u00bb album_name=\u00bbHimno 125 aniversario Salesianos M\u00e1laga\u00bb audio=\u00bbhttps:\/\/malaga.salesianos.edu\/wp-content\/uploads\/2019\/01\/Himno-salesianosMaster-1-1.mp3&#8243; image_url=\u00bbhttps:\/\/malaga.salesianos.edu\/wp-content\/uploads\/2019\/01\/PORTADACDFRONT2rev2.jpg\u00bb saved_tabs=\u00bball\u00bb \/][et_pb_text admin_label=\u00bbDesarrollo\u00bb text_orientation=\u00bbjustified\u00bb use_border_color=\u00bboff\u00bb border_color=\u00bb#ffffff\u00bb border_style=\u00bbsolid\u00bb _builder_version=\u00bb3.19.9&#8243;]<\/p>\n<div class=\"mceTemp\">\u00a0<\/div>\n<p>Deseo que esta felicitaci\u00f3n, festiva y familiar, llegue todos los trabajadores de esta Casa\u00a0<em>\u2013cargos directivos, profesores, educadores, administraci\u00f3n y servicios, animadores juveniles\u2026 padres y madres-, a nuestros peques de Infantil, preadolescentes de Primaria, adolescentes de ESO, j\u00f3venes de Bach., de Formaci\u00f3n Profesional b\u00e1sica, de Ciclos\u2026 y a toda la FAMILIA SALESIANA y tantos devotos de la Auxiliadora y amigos de D. Bosco<\/em><\/p>\n<p><strong>\u00a1FELIZ FIESTA DE DON BOSCO 2019!<\/strong><\/p>\n<p><strong>CON MI ABRAZO<\/strong><\/p>\n<p>Antonio<\/p>\n<p>[\/et_pb_text][et_pb_image _builder_version=\u00bb3.19.9&#8243; src=\u00bbhttps:\/\/malaga.salesianos.edu\/wp-content\/uploads\/2019\/01\/Don-Bosco-2019.png\u00bb animation_style=\u00bbzoom\u00bb \/][\/et_pb_column][\/et_pb_row][\/et_pb_section]<\/p>\n","protected":false},"excerpt":{"rendered":"<p>Mensaje del Director a la Familia Salesiana por la Fiesta de D. Bosco, 31 de Enero 2019, en los primeros compases del 125 aniversario de Salesianos M\u00e1laga.<\/p>\n","protected":false},"author":11,"featured_media":9053,"comment_status":"open","ping_status":"open","sticky":false,"template":"","format":"standard","meta":{"_et_pb_use_builder":"on","_et_pb_old_content":"","_et_gb_content_width":"","footnotes":""},"categories":[168,101],"tags":[],"class_list":["post-9048","post","type-post","status-publish","format-standard","has-post-thumbnail","hentry","category-125-aniversario","category-familia-salesiana"],"yoast_head":"<!-- This site is optimized with the Yoast SEO plugin v28.3 - https:\/\/yoast.com\/product\/yoast-seo-wordpress\/ -->\n<title>Felicidades por lo ya vivido, feliz d\u00eda de D. Bosco - Familia Salesiana | Salesianos M\u00e1laga<\/title>\n<meta name=\"robots\" content=\"index, follow, max-snippet:-1, max-image-preview:large, max-video-preview:-1\" \/>\n<link rel=\"canonical\" href=\"https:\/\/malaga.salesianos.edu\/familiasalesiana\/blog\/felicidades-por-lo-ya-vivido\/\" \/>\n<meta property=\"og:locale\" content=\"es_ES\" \/>\n<meta property=\"og:type\" content=\"article\" \/>\n<meta property=\"og:title\" content=\"Felicidades por lo ya vivido, feliz d\u00eda de D. Bosco - Familia Salesiana | Salesianos M\u00e1laga\" \/>\n<meta property=\"og:description\" content=\"Mensaje del Director a la Familia Salesiana por la Fiesta de D. Bosco, 31 de Enero 2019, en los primeros compases del 125 aniversario de Salesianos M\u00e1laga.\" \/>\n<meta property=\"og:url\" content=\"https:\/\/malaga.salesianos.edu\/familiasalesiana\/blog\/felicidades-por-lo-ya-vivido\/\" \/>\n<meta property=\"og:site_name\" content=\"Familia Salesiana | Salesianos M\u00e1laga\" \/>\n<meta property=\"article:published_time\" content=\"2019-01-30T22:58:48+00:00\" \/>\n<meta property=\"article:modified_time\" content=\"2019-01-30T23:49:42+00:00\" \/>\n<meta property=\"og:image\" content=\"https:\/\/malaga.salesianos.edu\/familiasalesiana\/wp-content\/uploads\/sites\/8\/2019\/01\/FELIZ-FIESTA-DE-DON-BOSCO-2019_2_1280.jpg\" \/>\n\t<meta property=\"og:image:width\" content=\"1280\" \/>\n\t<meta property=\"og:image:height\" content=\"796\" \/>\n\t<meta property=\"og:image:type\" content=\"image\/jpeg\" \/>\n<meta name=\"twitter:card\" content=\"summary_large_image\" \/>\n<meta name=\"twitter:label1\" content=\"Escrito por\" \/>\n\t<meta name=\"twitter:data1\" content=\"\" \/>\n\t<meta name=\"twitter:label2\" content=\"Tiempo de lectura\" \/>\n\t<meta name=\"twitter:data2\" content=\"3 minutos\" \/>\n<script type=\"application\/ld+json\" class=\"yoast-schema-graph\">{\"@context\":\"https:\\\/\\\/schema.org\",\"@graph\":[{\"@type\":\"Article\",\"@id\":\"https:\\\/\\\/malaga.salesianos.edu\\\/familiasalesiana\\\/blog\\\/felicidades-por-lo-ya-vivido\\\/#article\",\"isPartOf\":{\"@id\":\"https:\\\/\\\/malaga.salesianos.edu\\\/familiasalesiana\\\/blog\\\/felicidades-por-lo-ya-vivido\\\/\"},\"author\":{\"name\":\"\",\"@id\":\"\"},\"headline\":\"Felicidades por lo ya vivido, feliz d\u00eda de D. Bosco\",\"datePublished\":\"2019-01-30T22:58:48+00:00\",\"dateModified\":\"2019-01-30T23:49:42+00:00\",\"mainEntityOfPage\":{\"@id\":\"https:\\\/\\\/malaga.salesianos.edu\\\/familiasalesiana\\\/blog\\\/felicidades-por-lo-ya-vivido\\\/\"},\"wordCount\":582,\"commentCount\":0,\"image\":{\"@id\":\"https:\\\/\\\/malaga.salesianos.edu\\\/familiasalesiana\\\/blog\\\/felicidades-por-lo-ya-vivido\\\/#primaryimage\"},\"thumbnailUrl\":\"https:\\\/\\\/malaga.salesianos.edu\\\/familiasalesiana\\\/wp-content\\\/uploads\\\/sites\\\/8\\\/2019\\\/01\\\/FELIZ-FIESTA-DE-DON-BOSCO-2019_2_1280.jpg\",\"articleSection\":[\"125 aniversario\",\"Familia Salesiana\"],\"inLanguage\":\"es\",\"potentialAction\":[{\"@type\":\"CommentAction\",\"name\":\"Comment\",\"target\":[\"https:\\\/\\\/malaga.salesianos.edu\\\/familiasalesiana\\\/blog\\\/felicidades-por-lo-ya-vivido\\\/#respond\"]}]},{\"@type\":\"WebPage\",\"@id\":\"https:\\\/\\\/malaga.salesianos.edu\\\/familiasalesiana\\\/blog\\\/felicidades-por-lo-ya-vivido\\\/\",\"url\":\"https:\\\/\\\/malaga.salesianos.edu\\\/familiasalesiana\\\/blog\\\/felicidades-por-lo-ya-vivido\\\/\",\"name\":\"Felicidades por lo ya vivido, feliz d\u00eda de D. Bosco - Familia Salesiana | Salesianos M\u00e1laga\",\"isPartOf\":{\"@id\":\"https:\\\/\\\/malaga.salesianos.edu\\\/familiasalesiana\\\/#website\"},\"primaryImageOfPage\":{\"@id\":\"https:\\\/\\\/malaga.salesianos.edu\\\/familiasalesiana\\\/blog\\\/felicidades-por-lo-ya-vivido\\\/#primaryimage\"},\"image\":{\"@id\":\"https:\\\/\\\/malaga.salesianos.edu\\\/familiasalesiana\\\/blog\\\/felicidades-por-lo-ya-vivido\\\/#primaryimage\"},\"thumbnailUrl\":\"https:\\\/\\\/malaga.salesianos.edu\\\/familiasalesiana\\\/wp-content\\\/uploads\\\/sites\\\/8\\\/2019\\\/01\\\/FELIZ-FIESTA-DE-DON-BOSCO-2019_2_1280.jpg\",\"datePublished\":\"2019-01-30T22:58:48+00:00\",\"dateModified\":\"2019-01-30T23:49:42+00:00\",\"author\":{\"@id\":\"\"},\"breadcrumb\":{\"@id\":\"https:\\\/\\\/malaga.salesianos.edu\\\/familiasalesiana\\\/blog\\\/felicidades-por-lo-ya-vivido\\\/#breadcrumb\"},\"inLanguage\":\"es\",\"potentialAction\":[{\"@type\":\"ReadAction\",\"target\":[\"https:\\\/\\\/malaga.salesianos.edu\\\/familiasalesiana\\\/blog\\\/felicidades-por-lo-ya-vivido\\\/\"]}]},{\"@type\":\"ImageObject\",\"inLanguage\":\"es\",\"@id\":\"https:\\\/\\\/malaga.salesianos.edu\\\/familiasalesiana\\\/blog\\\/felicidades-por-lo-ya-vivido\\\/#primaryimage\",\"url\":\"https:\\\/\\\/malaga.salesianos.edu\\\/familiasalesiana\\\/wp-content\\\/uploads\\\/sites\\\/8\\\/2019\\\/01\\\/FELIZ-FIESTA-DE-DON-BOSCO-2019_2_1280.jpg\",\"contentUrl\":\"https:\\\/\\\/malaga.salesianos.edu\\\/familiasalesiana\\\/wp-content\\\/uploads\\\/sites\\\/8\\\/2019\\\/01\\\/FELIZ-FIESTA-DE-DON-BOSCO-2019_2_1280.jpg\",\"width\":1280,\"height\":796},{\"@type\":\"BreadcrumbList\",\"@id\":\"https:\\\/\\\/malaga.salesianos.edu\\\/familiasalesiana\\\/blog\\\/felicidades-por-lo-ya-vivido\\\/#breadcrumb\",\"itemListElement\":[{\"@type\":\"ListItem\",\"position\":1,\"name\":\"Portada\",\"item\":\"https:\\\/\\\/malaga.salesianos.edu\\\/familiasalesiana\\\/\"},{\"@type\":\"ListItem\",\"position\":2,\"name\":\"Felicidades por lo ya vivido, feliz d\u00eda de D. Bosco\"}]},{\"@type\":\"WebSite\",\"@id\":\"https:\\\/\\\/malaga.salesianos.edu\\\/familiasalesiana\\\/#website\",\"url\":\"https:\\\/\\\/malaga.salesianos.edu\\\/familiasalesiana\\\/\",\"name\":\"Familia Salesiana | Salesianos M\u00e1laga\",\"description\":\"Familia Salesiana | Salesianos M\u00e1laga, ADMA, Asociaci\u00f3n de antiguos alumnos, Hermandad Salesiana, Salesianos Cooperadores\",\"potentialAction\":[{\"@type\":\"SearchAction\",\"target\":{\"@type\":\"EntryPoint\",\"urlTemplate\":\"https:\\\/\\\/malaga.salesianos.edu\\\/familiasalesiana\\\/?s={search_term_string}\"},\"query-input\":{\"@type\":\"PropertyValueSpecification\",\"valueRequired\":true,\"valueName\":\"search_term_string\"}}],\"inLanguage\":\"es\"},{\"@type\":\"Person\",\"@id\":\"\"}]}<\/script>\n<!-- \/ Yoast SEO plugin. -->","yoast_head_json":{"title":"Felicidades por lo ya vivido, feliz d\u00eda de D. Bosco - Familia Salesiana | Salesianos M\u00e1laga","robots":{"index":"index","follow":"follow","max-snippet":"max-snippet:-1","max-image-preview":"max-image-preview:large","max-video-preview":"max-video-preview:-1"},"canonical":"https:\/\/malaga.salesianos.edu\/familiasalesiana\/blog\/felicidades-por-lo-ya-vivido\/","og_locale":"es_ES","og_type":"article","og_title":"Felicidades por lo ya vivido, feliz d\u00eda de D. Bosco - Familia Salesiana | Salesianos M\u00e1laga","og_description":"Mensaje del Director a la Familia Salesiana por la Fiesta de D. Bosco, 31 de Enero 2019, en los primeros compases del 125 aniversario de Salesianos M\u00e1laga.","og_url":"https:\/\/malaga.salesianos.edu\/familiasalesiana\/blog\/felicidades-por-lo-ya-vivido\/","og_site_name":"Familia Salesiana | Salesianos M\u00e1laga","article_published_time":"2019-01-30T22:58:48+00:00","article_modified_time":"2019-01-30T23:49:42+00:00","og_image":[{"width":1280,"height":796,"url":"https:\/\/malaga.salesianos.edu\/familiasalesiana\/wp-content\/uploads\/sites\/8\/2019\/01\/FELIZ-FIESTA-DE-DON-BOSCO-2019_2_1280.jpg","type":"image\/jpeg"}],"twitter_card":"summary_large_image","twitter_misc":{"Escrito por":"","Tiempo de lectura":"3 minutos"},"schema":{"@context":"https:\/\/schema.org","@graph":[{"@type":"Article","@id":"https:\/\/malaga.salesianos.edu\/familiasalesiana\/blog\/felicidades-por-lo-ya-vivido\/#article","isPartOf":{"@id":"https:\/\/malaga.salesianos.edu\/familiasalesiana\/blog\/felicidades-por-lo-ya-vivido\/"},"author":{"name":"","@id":""},"headline":"Felicidades por lo ya vivido, feliz d\u00eda de D. Bosco","datePublished":"2019-01-30T22:58:48+00:00","dateModified":"2019-01-30T23:49:42+00:00","mainEntityOfPage":{"@id":"https:\/\/malaga.salesianos.edu\/familiasalesiana\/blog\/felicidades-por-lo-ya-vivido\/"},"wordCount":582,"commentCount":0,"image":{"@id":"https:\/\/malaga.salesianos.edu\/familiasalesiana\/blog\/felicidades-por-lo-ya-vivido\/#primaryimage"},"thumbnailUrl":"https:\/\/malaga.salesianos.edu\/familiasalesiana\/wp-content\/uploads\/sites\/8\/2019\/01\/FELIZ-FIESTA-DE-DON-BOSCO-2019_2_1280.jpg","articleSection":["125 aniversario","Familia Salesiana"],"inLanguage":"es","potentialAction":[{"@type":"CommentAction","name":"Comment","target":["https:\/\/malaga.salesianos.edu\/familiasalesiana\/blog\/felicidades-por-lo-ya-vivido\/#respond"]}]},{"@type":"WebPage","@id":"https:\/\/malaga.salesianos.edu\/familiasalesiana\/blog\/felicidades-por-lo-ya-vivido\/","url":"https:\/\/malaga.salesianos.edu\/familiasalesiana\/blog\/felicidades-por-lo-ya-vivido\/","name":"Felicidades por lo ya vivido, feliz d\u00eda de D. Bosco - Familia Salesiana | Salesianos M\u00e1laga","isPartOf":{"@id":"https:\/\/malaga.salesianos.edu\/familiasalesiana\/#website"},"primaryImageOfPage":{"@id":"https:\/\/malaga.salesianos.edu\/familiasalesiana\/blog\/felicidades-por-lo-ya-vivido\/#primaryimage"},"image":{"@id":"https:\/\/malaga.salesianos.edu\/familiasalesiana\/blog\/felicidades-por-lo-ya-vivido\/#primaryimage"},"thumbnailUrl":"https:\/\/malaga.salesianos.edu\/familiasalesiana\/wp-content\/uploads\/sites\/8\/2019\/01\/FELIZ-FIESTA-DE-DON-BOSCO-2019_2_1280.jpg","datePublished":"2019-01-30T22:58:48+00:00","dateModified":"2019-01-30T23:49:42+00:00","author":{"@id":""},"breadcrumb":{"@id":"https:\/\/malaga.salesianos.edu\/familiasalesiana\/blog\/felicidades-por-lo-ya-vivido\/#breadcrumb"},"inLanguage":"es","potentialAction":[{"@type":"ReadAction","target":["https:\/\/malaga.salesianos.edu\/familiasalesiana\/blog\/felicidades-por-lo-ya-vivido\/"]}]},{"@type":"ImageObject","inLanguage":"es","@id":"https:\/\/malaga.salesianos.edu\/familiasalesiana\/blog\/felicidades-por-lo-ya-vivido\/#primaryimage","url":"https:\/\/malaga.salesianos.edu\/familiasalesiana\/wp-content\/uploads\/sites\/8\/2019\/01\/FELIZ-FIESTA-DE-DON-BOSCO-2019_2_1280.jpg","contentUrl":"https:\/\/malaga.salesianos.edu\/familiasalesiana\/wp-content\/uploads\/sites\/8\/2019\/01\/FELIZ-FIESTA-DE-DON-BOSCO-2019_2_1280.jpg","width":1280,"height":796},{"@type":"BreadcrumbList","@id":"https:\/\/malaga.salesianos.edu\/familiasalesiana\/blog\/felicidades-por-lo-ya-vivido\/#breadcrumb","itemListElement":[{"@type":"ListItem","position":1,"name":"Portada","item":"https:\/\/malaga.salesianos.edu\/familiasalesiana\/"},{"@type":"ListItem","position":2,"name":"Felicidades por lo ya vivido, feliz d\u00eda de D. Bosco"}]},{"@type":"WebSite","@id":"https:\/\/malaga.salesianos.edu\/familiasalesiana\/#website","url":"https:\/\/malaga.salesianos.edu\/familiasalesiana\/","name":"Familia Salesiana | Salesianos M\u00e1laga","description":"Familia Salesiana | Salesianos M\u00e1laga, ADMA, Asociaci\u00f3n de antiguos alumnos, Hermandad Salesiana, Salesianos Cooperadores","potentialAction":[{"@type":"SearchAction","target":{"@type":"EntryPoint","urlTemplate":"https:\/\/malaga.salesianos.edu\/familiasalesiana\/?s={search_term_string}"},"query-input":{"@type":"PropertyValueSpecification","valueRequired":true,"valueName":"search_term_string"}}],"inLanguage":"es"},{"@type":"Person","@id":""}]}},"_links":{"self":[{"href":"https:\/\/malaga.salesianos.edu\/familiasalesiana\/wp-json\/wp\/v2\/posts\/9048","targetHints":{"allow":["GET"]}}],"collection":[{"href":"https:\/\/malaga.salesianos.edu\/familiasalesiana\/wp-json\/wp\/v2\/posts"}],"about":[{"href":"https:\/\/malaga.salesianos.edu\/familiasalesiana\/wp-json\/wp\/v2\/types\/post"}],"author":[{"embeddable":true,"href":"https:\/\/malaga.salesianos.edu\/familiasalesiana\/wp-json\/wp\/v2\/users\/11"}],"replies":[{"embeddable":true,"href":"https:\/\/malaga.salesianos.edu\/familiasalesiana\/wp-json\/wp\/v2\/comments?post=9048"}],"version-history":[{"count":23,"href":"https:\/\/malaga.salesianos.edu\/familiasalesiana\/wp-json\/wp\/v2\/posts\/9048\/revisions"}],"predecessor-version":[{"id":9081,"href":"https:\/\/malaga.salesianos.edu\/familiasalesiana\/wp-json\/wp\/v2\/posts\/9048\/revisions\/9081"}],"wp:featuredmedia":[{"embeddable":true,"href":"https:\/\/malaga.salesianos.edu\/familiasalesiana\/wp-json\/wp\/v2\/media\/9053"}],"wp:attachment":[{"href":"https:\/\/malaga.salesianos.edu\/familiasalesiana\/wp-json\/wp\/v2\/media?parent=9048"}],"wp:term":[{"taxonomy":"category","embeddable":true,"href":"https:\/\/malaga.salesianos.edu\/familiasalesiana\/wp-json\/wp\/v2\/categories?post=9048"},{"taxonomy":"post_tag","embeddable":true,"href":"https:\/\/malaga.salesianos.edu\/familiasalesiana\/wp-json\/wp\/v2\/tags?post=9048"}],"curies":[{"name":"wp","href":"https:\/\/api.w.org\/{rel}","templated":true}]}}