{"id":9016,"date":"2019-01-29T00:20:44","date_gmt":"2019-01-28T23:20:44","guid":{"rendered":"https:\/\/malaga.salesianos.edu\/familiasalesiana\/blog\/gala-de-presentacion-del-libro-y-del-himno-125-aniversario-de-la-vida-salesiana-en-malaga\/"},"modified":"2019-02-19T00:03:41","modified_gmt":"2019-02-18T23:03:41","slug":"gala-de-presentacion-del-libro-y-del-himno-125-aniversario-de-la-vida-salesiana-en-malaga","status":"publish","type":"post","link":"https:\/\/malaga.salesianos.edu\/familiasalesiana\/blog\/gala-de-presentacion-del-libro-y-del-himno-125-aniversario-de-la-vida-salesiana-en-malaga\/","title":{"rendered":"As\u00ed vivimos la presentaci\u00f3n del libro y el himno de nuestro 125 aniversario"},"content":{"rendered":"<p>[et_pb_section bb_built=\u00bb1&#8243; admin_label=\u00bbsection\u00bb custom_padding=\u00bb2px|0px|54px|0px\u00bb][et_pb_row admin_label=\u00bbrow\u00bb background_position=\u00bbtop_left\u00bb background_repeat=\u00bbrepeat\u00bb background_size=\u00bbinitial\u00bb][et_pb_column type=\u00bb4_4&#8243;][et_pb_text admin_label=\u00bbEntradilla\u00bb text_font=\u00bb|on|||\u00bb text_orientation=\u00bbjustified\u00bb use_border_color=\u00bboff\u00bb border_color=\u00bb#ffffff\u00bb border_style=\u00bbsolid\u00bb _builder_version=\u00bb3.19.9&#8243;]<\/p>\n<p class=\"Standard\" style=\"text-align: justify; text-justify: inter-ideograph;\"><strong><i><span style=\"font-family: 'Arial',sans-serif;\">El pasado s\u00e1bado 26 de enero, pudimos disfrutar de un emotivo acto en el que hicimos un recorrido por el pasado, presente y futuro de la presencia salesiana en M\u00e1laga.<\/span><\/i><\/strong><\/p>\n<hr \/>\n<p>[\/et_pb_text][et_pb_text admin_label=\u00bbDesarrollo\u00bb text_orientation=\u00bbjustified\u00bb use_border_color=\u00bboff\u00bb border_color=\u00bb#ffffff\u00bb border_style=\u00bbsolid\u00bb _builder_version=\u00bb3.19.9&#8243;]<\/p>\n<p><strong>Viernes 25 de enero 2019.<\/strong><\/p>\n<p>Hacia las 10 de la ma\u00f1ana recibimos las cajas con el libro \u201c125 a\u00f1os ABRAZANDO LA VIDA\u201d. Abrimos una con emoci\u00f3n; la presentaci\u00f3n es muy buena y el resultado es muy interesante y atractivo. Casi al mismo tiempo llega el CD del himno \u201cSeguimos creando vida\u201d, con una car\u00e1tula sensacional.<\/p>\n<p>Todo est\u00e1 listo para el acto que celebraremos ma\u00f1ana; todo preparado con mimo por un enorme y excelente grupo de personas: t\u00e9cnicos, presentadores, artistas, azafatas\u2026 todos coordinados por D. Juan Salvador Garc\u00eda, nuestro responsable de protocolo. El equipo ha estado ensayando toda la semana.<\/p>\n<p><strong>S\u00e1bado 26 de enero de 2019.<\/strong><\/p>\n<p>La ma\u00f1ana la ocupa el \u00faltimo ensayo general, en el que se palpa la emoci\u00f3n por el momento que se acerca. A las 17:30 h. se abren al p\u00fablico las puertas de nuestro Teatro \u201cRafael Moreno\u201d, que poco a poco se va llenando. Contamos con la presencia del Obispo de la Di\u00f3cesis <strong>Mons. Jes\u00fas Catal\u00e1 <\/strong>y el Sr. Alcalde de la ciudad de M\u00e1laga <strong>D. Francisco de la Torre, acompa\u00f1ados de diversas y muy significativas autoridades. <\/strong><\/p>\n<p>Nuestro acto va tomando tintes de gala, con un aforo completo y un gran ambiente, lleno de expectaci\u00f3n.\u00a0 Y a partir de las 18 h. todo va transcurriendo con el cuidado de cada detalle y el buen hacer que <strong>D. Juan Salvador<\/strong><strong> Garc\u00eda<\/strong>, transmite al equipo, al estilo de un director de orquesta.<\/p>\n<p>Tras los saludos iniciales, bienvenida y acogida, <strong>D. Antonio Gil<\/strong>, director de la presencia salesiana en M\u00e1laga, se dirige a los asistentes para dedicar un recuerdo al reci\u00e9n fallecido Card. Fernando Sebasti\u00e1n y a Julen Rosell\u00f3, el ni\u00f1o cuyo cuerpo apareci\u00f3 en el pozo de Total\u00e1n (en el malague\u00f1o barrio de El Palo). En memoria de ambos se realiz\u00f3 una oraci\u00f3n y ofrecimos este acto.<\/p>\n<p>Nos sentimos muy agradecidos por la presencia tanto del Sr Obispo y del Sr Alcalde, como del resto de autoridades pues, a causa indicada de los mencionados sucesos, tuvieron una jornada ajetreada.<\/p>\n<p>Comienza el acto con el saludo del presentador, <strong>D. Carlos Javier Mu\u00f1oz<\/strong>, agradeciendo la presencia a cada una de las autoridades y dando paso al saludo de bienvenida, sentido y emotivo, que <strong>D\u00f1a. Mar\u00eda Teresa Escobar<\/strong>, vicepresidenta de ADMA, realiza en nombre de la Familia Salesiana y que el p\u00fablico premia con una ovaci\u00f3n.<\/p>\n<p>Proseguimos con <strong>D. Miguel \u00c1ngel Garc\u00eda<\/strong> y su hermano <strong>D. Jes\u00fas Garc\u00eda<\/strong>, que tejen un interesante recorrido por las p\u00e1ginas del <strong>libro <em>\u201c125 a\u00f1os ABRAZANDO LA VIDA\u201d<\/em><\/strong>. Comienza Miguel \u00c1ngel hablando sobre el autor, D. Antonio Gil, recordando momentos biograf\u00eda y su vida como salesiano para, a partir de ah\u00ed, presentar las motivaciones, cap\u00edtulos, poemas, ilustraciones y atractivos de la publicaci\u00f3n. Los aplausos rubrican la brillante presentaci\u00f3n, muy bien enlazada y con mucho coraz\u00f3n, apoyada en poemas del libro que recita con elegante profundidad Jes\u00fas e hist\u00f3ricas fotograf\u00edas preparadas con mimo por <strong>D. Alfonso Vicente<\/strong>.<\/p>\n<p>Con mucho arte tambi\u00e9n y elegancia se presenta a continuaci\u00f3n el <strong>himno<\/strong> del 125 aniversario, <strong><em>\u201cSeguimos creando vida\u201d<\/em><\/strong>, glosando con voz en off sobre el fondo musical de la composici\u00f3n en riguroso directo el sentido y el porqu\u00e9, para acabar interpret\u00e1ndolo brillantemente, metiendo al p\u00fablico en una atm\u00f3sfera elegante, hasta crear una emotiva coreograf\u00eda con las luces de los m\u00f3viles, rica y salesiana. Una interpretaci\u00f3n del agrado de todos, que finaliz\u00f3 con grandes ovaciones y con el p\u00fablico puesto en pie. Una excelente creaci\u00f3n de gran equipo de artistas, de esforzados profesionales con creatividad salesiana:<\/p>\n<p><em>COMPOSICI\u00d3N MUSICAL: Jes\u00fas Jim\u00e9nez P\u00e9rez (SSCC) &#8211; ARREGLOS y VOCES: Francisco Javier Fern\u00e1ndez Rosas &#8211; SECUENCIADORES Y MASTERING: Jonathan Van Romapeym &#8211; VOZ Y COROS: M\u00aa del Pilar Garrido Molina (MAPI) &#8211; PIANOS: Daniel Salazar Gait\u00e1n\u00a0 &#8211; ADJUNTO DE POSTPRODUCCI\u00d3N Y TECLADOS: Enrique Torres Moreno.<\/em><\/p>\n<p>A continuaci\u00f3n, la intervenci\u00f3n del <strong>Sr. Alcalde<\/strong>, quien recuerda el buen hacer de los salesianos, que trabajan por formar <em>\u201chonrados ciudadanos\u201d<\/em> y que recorre, con la maestr\u00eda y el cari\u00f1o \u2018bosquiano\u2019 que siempre demuestra a los Salesianos, desde los inicios precarios de aquel 1894 hasta la rotunda realidad de hoy con el espl\u00e9ndido trabajo educativo que tanto ha ayudado y lo sigue haciendo a la transformaci\u00f3n de M\u00e1laga, a trav\u00e9s de una rica e inteligente educaci\u00f3n, siguiendo tambi\u00e9n el hilo del libro&#8230;<\/p>\n<p>Seguidamente realiza su intervenci\u00f3n el <strong>Sr. Obispo,<\/strong> recordando que a los alumnos salesianos tambi\u00e9n se les inculca la belleza y el compromiso de ser <em>\u201cbuenos cristianos\u201d<\/em>; el Pastor de la Di\u00f3cesis nos anima a seguir mostrando el esp\u00edritu salesiano educando a la adolescencia y juventud, tarea nada f\u00e1cil hoy, con la generosidad que siempre muestran los salesianos, ayud\u00e1ndoles a vivir en la alegr\u00eda, caracter\u00edstica tan propia de la educaci\u00f3n de D. Bosco.<\/p>\n<p>Cierra el acto <strong>el director,<\/strong> D. Antonio Gil, agradeciendo la presencia de las autoridades, de toda la Familia Salesiana y del p\u00fablico asistente y a todos cuantos han preparado con tanto esfuerzo y elegancia este momento, proclamando, como conclusi\u00f3n, el poema con que se cierra el libro:<\/p>\n<p><strong>\u00a0<\/strong><\/p>\n<blockquote>\n<p><strong>Juntemos todas las manos para la danza final<\/strong><\/p>\n<p><strong>\u00a0<\/strong><\/p>\n<p>Juntemos todas las manos y hagamos una gran danza<\/p>\n<p>de 125 a\u00f1os de una historia con mucha alma\u2026<\/p>\n<p>sea con m\u00fasica suave, muy solemne, duende y vida<\/p>\n<p>entrelazando los pasos con comp\u00e1s y, en armon\u00eda<\/p>\n<p>y que nuestros labios llenen todo el lugar de sonrisas<\/p>\n<p>125 a\u00f1os y siempre abrazando vidas\u2026<\/p>\n<p>hagamos un corro grande con nuestras manos unidas.<\/p>\n<p>\u00a0<\/p>\n<p>Juntemos todas las manos haciendo esta danza nueva,<\/p>\n<p>pues si todos nos juntamos nuestra historia se recrea,<\/p>\n<p>125 a\u00f1os abrazando vidas nuevas.<\/p>\n<p>Juntemos todas las manos aqu\u00ed bajo las estrellas\u2026<\/p>\n<p>Y que quepan en el corro muchas m\u00e1s vidas que llegan<\/p>\n<p>\u00a0<\/p>\n<p>Con las manos juntas somos m\u00e1s convincentes y grandes.<\/p>\n<p>somos, conjunto, poema, muro, cadena y enlace\u2026<\/p>\n<p>\u00a0<\/p>\n<p>Juntemos todas las manos donde la danza nos lleva.<\/p>\n<p>seamos volc\u00e1n, marea, cielo, mar, y nueva tierra<\/p>\n<p>para seguir enlazando muchas manos en futuro<\/p>\n<p>con D. Bosco abrazar vidas seguir\u00e1 siendo seguro.<\/p>\n<p>\u00a0<\/p>\n<p>Venid ni\u00f1os a la danza, j\u00f3venes danzar la vida<\/p>\n<p>Y venid padres y madres que aqu\u00ed el Se\u00f1or os invita<\/p>\n<p>Juntemos todas las manos y hagamos una gran fiesta<\/p>\n<p>de 125 a\u00f1os de esta historia que es tan nuestra\u2026<\/p>\n<p>\u00a1Y AGITEMOS NUESTRAS MANOS COMO UNA LLUVIA DE ESTRELLAS!<\/p>\n<\/blockquote>\n<p>En este momento final, aparece una bell\u00edsima coreograf\u00eda con un grupo de ni\u00f1os, j\u00f3venes y adultos, que elevan sus manos creando armon\u00eda y familia. Una imagen que comienza siendo una silueta, una sombra tras una pantalla, y que, al elevarse esta, se convierte en vida que acompa\u00f1an los acordes y preciosas voces de Mapi y Javier y de todo el p\u00fablico, entonando una parte del Himno&#8230;<\/p>\n<p>Dejamos constancia de la encomiable labor de nuestro Departamento de Comunicaci\u00f3n (Enrique Vilches, Eva S\u00e1nchez, \u00c1ngel Parra, Alfonso Vicente, Carmen Tineo), que transmitieron en directo este acto, lo cual les agradecemos profundamente. Ha sido, en fin, una gala, preciosa, equilibrada, elegante, din\u00e1mica, de calidad evidente y muy salesiana. Gracias a todos\u2026<\/p>\n<p>Los ecos recibidos avalan y mejoran lo que aqu\u00ed queda dicho. Sigue la vida y sigue la fiesta con D. Bosco y por la Auxiliadora en nuestro 125 aniversario\u2026 \u00a1\u00a1\u00a1GRACIAS!!!<\/p>\n<p>\u00a0\u00a0\u00a0\u00a0\u00a0\u00a0\u00a0\u00a0\u00a0\u00a0\u00a0<\/p>\n<p>[\/et_pb_text][et_pb_text admin_label=\u00bbT\u00edtulo Galer\u00eda\u00bb _builder_version=\u00bb3.10&#8243;]<\/p>\n<blockquote>\n<h3><strong>Galer\u00eda de fotos:<\/strong><\/h3>\n<\/blockquote>\n<p>[\/et_pb_text][et_pb_gallery gallery_ids=\u00bb15988,15987,15986,15985,15984,15989,15993&#8243; posts_number=\u00bb8&#8243; show_title_and_caption=\u00bboff\u00bb zoom_icon_color=\u00bb#d12525&#8243; hover_overlay_color=\u00bbrgba(255,255,255,0.9)\u00bb use_border_color=\u00bboff\u00bb border_color=\u00bb#ffffff\u00bb border_style=\u00bbsolid\u00bb _builder_version=\u00bb3.19.9&#8243; \/][et_pb_text admin_label=\u00bbT\u00edtulo Galer\u00eda\u00bb _builder_version=\u00bb3.19.9&#8243;]<\/p>\n<blockquote>\n<h3><strong>Himno oficial:<\/strong><\/h3>\n<\/blockquote>\n<p>[\/et_pb_text][et_pb_audio _builder_version=\u00bb3.19.9&#8243; title=\u00bbSEGUIMOS CREANDO VIDA\u00bb artist_name=\u00bbLETRA: Antonio Gil Prieto       M\u00daSICA: Jes\u00fas Jim\u00e9nez P\u00e9rez\u00bb album_name=\u00bbHimno 125 aniversario Salesianos M\u00e1laga\u00bb audio=\u00bbhttps:\/\/malaga.salesianos.edu\/wp-content\/uploads\/2019\/01\/Himno-salesianosMaster-1-1.mp3&#8243; image_url=\u00bbhttps:\/\/malaga.salesianos.edu\/wp-content\/uploads\/2019\/01\/PORTADACDFRONT2rev2.jpg\u00bb \/][et_pb_text admin_label=\u00bbT\u00edtulo Galer\u00eda\u00bb _builder_version=\u00bb3.19.9&#8243;]<\/p>\n<blockquote>\n<h3><strong>Retransmisi\u00f3n de la gala en directo:<\/strong><\/h3>\n<\/blockquote>\n<p>[\/et_pb_text][et_pb_video _builder_version=\u00bb3.19.9&#8243; src=\u00bbhttps:\/\/www.youtube.com\/watch?v=bMIZSbllfuA\u00bb image_src=\u00bbhttps:\/\/malaga.salesianos.edu\/wp-content\/uploads\/2019\/01\/Portadanuevarev4a_rec.jpg\u00bb \/][et_pb_image _builder_version=\u00bb3.19.9&#8243; src=\u00bbhttps:\/\/malaga.salesianos.edu\/wp-content\/uploads\/2018\/11\/Logo125apaisado.jpg\u00bb animation_style=\u00bbzoom\u00bb \/][\/et_pb_column][\/et_pb_row][\/et_pb_section]<\/p>\n","protected":false},"excerpt":{"rendered":"<p>El pasado s\u00e1bado 26 de enero, pudimos disfrutar de un emotivo acto en el que hicimos un recorrido por el pasado, presente y futuro de la presencia salesiana en M\u00e1laga.<\/p>\n","protected":false},"author":11,"featured_media":9017,"comment_status":"open","ping_status":"open","sticky":false,"template":"","format":"standard","meta":{"_et_pb_use_builder":"on","_et_pb_old_content":"","_et_gb_content_width":"","footnotes":""},"categories":[168,113,101,171],"tags":[],"class_list":["post-9016","post","type-post","status-publish","format-standard","has-post-thumbnail","hentry","category-125-aniversario","category-casa","category-familia-salesiana","category-publicaciones"],"yoast_head":"<!-- This site is optimized with the Yoast SEO plugin v28.3 - https:\/\/yoast.com\/product\/yoast-seo-wordpress\/ -->\n<title>As\u00ed vivimos la presentaci\u00f3n del libro y el himno de nuestro 125 aniversario - Familia Salesiana | Salesianos M\u00e1laga<\/title>\n<meta name=\"robots\" content=\"index, follow, max-snippet:-1, max-image-preview:large, max-video-preview:-1\" \/>\n<link rel=\"canonical\" href=\"https:\/\/malaga.salesianos.edu\/familiasalesiana\/blog\/gala-de-presentacion-del-libro-y-del-himno-125-aniversario-de-la-vida-salesiana-en-malaga\/\" \/>\n<meta property=\"og:locale\" content=\"es_ES\" \/>\n<meta property=\"og:type\" content=\"article\" \/>\n<meta property=\"og:title\" content=\"As\u00ed vivimos la presentaci\u00f3n del libro y el himno de nuestro 125 aniversario - Familia Salesiana | Salesianos M\u00e1laga\" \/>\n<meta property=\"og:description\" content=\"El pasado s\u00e1bado 26 de enero, pudimos disfrutar de un emotivo acto en el que hicimos un recorrido por el pasado, presente y futuro de la presencia salesiana en M\u00e1laga.\" \/>\n<meta property=\"og:url\" content=\"https:\/\/malaga.salesianos.edu\/familiasalesiana\/blog\/gala-de-presentacion-del-libro-y-del-himno-125-aniversario-de-la-vida-salesiana-en-malaga\/\" \/>\n<meta property=\"og:site_name\" content=\"Familia Salesiana | Salesianos M\u00e1laga\" \/>\n<meta property=\"article:published_time\" content=\"2019-01-28T23:20:44+00:00\" \/>\n<meta property=\"article:modified_time\" content=\"2019-02-18T23:03:41+00:00\" \/>\n<meta property=\"og:image\" content=\"https:\/\/malaga.salesianos.edu\/familiasalesiana\/wp-content\/uploads\/sites\/8\/2019\/01\/IMG_20190126_193037.jpg\" \/>\n\t<meta property=\"og:image:width\" content=\"1\" \/>\n\t<meta property=\"og:image:height\" content=\"1\" \/>\n\t<meta property=\"og:image:type\" content=\"image\/jpeg\" \/>\n<meta name=\"twitter:card\" content=\"summary_large_image\" \/>\n<meta name=\"twitter:label1\" content=\"Escrito por\" \/>\n\t<meta name=\"twitter:data1\" content=\"\" \/>\n\t<meta name=\"twitter:label2\" content=\"Tiempo de lectura\" \/>\n\t<meta name=\"twitter:data2\" content=\"8 minutos\" \/>\n<script type=\"application\/ld+json\" class=\"yoast-schema-graph\">{\"@context\":\"https:\\\/\\\/schema.org\",\"@graph\":[{\"@type\":\"Article\",\"@id\":\"https:\\\/\\\/malaga.salesianos.edu\\\/familiasalesiana\\\/blog\\\/gala-de-presentacion-del-libro-y-del-himno-125-aniversario-de-la-vida-salesiana-en-malaga\\\/#article\",\"isPartOf\":{\"@id\":\"https:\\\/\\\/malaga.salesianos.edu\\\/familiasalesiana\\\/blog\\\/gala-de-presentacion-del-libro-y-del-himno-125-aniversario-de-la-vida-salesiana-en-malaga\\\/\"},\"author\":{\"name\":\"\",\"@id\":\"\"},\"headline\":\"As\u00ed vivimos la presentaci\u00f3n del libro y el himno de nuestro 125 aniversario\",\"datePublished\":\"2019-01-28T23:20:44+00:00\",\"dateModified\":\"2019-02-18T23:03:41+00:00\",\"mainEntityOfPage\":{\"@id\":\"https:\\\/\\\/malaga.salesianos.edu\\\/familiasalesiana\\\/blog\\\/gala-de-presentacion-del-libro-y-del-himno-125-aniversario-de-la-vida-salesiana-en-malaga\\\/\"},\"wordCount\":1580,\"commentCount\":0,\"image\":{\"@id\":\"https:\\\/\\\/malaga.salesianos.edu\\\/familiasalesiana\\\/blog\\\/gala-de-presentacion-del-libro-y-del-himno-125-aniversario-de-la-vida-salesiana-en-malaga\\\/#primaryimage\"},\"thumbnailUrl\":\"https:\\\/\\\/malaga.salesianos.edu\\\/familiasalesiana\\\/wp-content\\\/uploads\\\/sites\\\/8\\\/2019\\\/01\\\/IMG_20190126_193037.jpg\",\"articleSection\":[\"125 aniversario\",\"Casa\",\"Familia Salesiana\",\"Publicaciones\"],\"inLanguage\":\"es\",\"potentialAction\":[{\"@type\":\"CommentAction\",\"name\":\"Comment\",\"target\":[\"https:\\\/\\\/malaga.salesianos.edu\\\/familiasalesiana\\\/blog\\\/gala-de-presentacion-del-libro-y-del-himno-125-aniversario-de-la-vida-salesiana-en-malaga\\\/#respond\"]}]},{\"@type\":\"WebPage\",\"@id\":\"https:\\\/\\\/malaga.salesianos.edu\\\/familiasalesiana\\\/blog\\\/gala-de-presentacion-del-libro-y-del-himno-125-aniversario-de-la-vida-salesiana-en-malaga\\\/\",\"url\":\"https:\\\/\\\/malaga.salesianos.edu\\\/familiasalesiana\\\/blog\\\/gala-de-presentacion-del-libro-y-del-himno-125-aniversario-de-la-vida-salesiana-en-malaga\\\/\",\"name\":\"As\u00ed vivimos la presentaci\u00f3n del libro y el himno de nuestro 125 aniversario - Familia Salesiana | Salesianos M\u00e1laga\",\"isPartOf\":{\"@id\":\"https:\\\/\\\/malaga.salesianos.edu\\\/familiasalesiana\\\/#website\"},\"primaryImageOfPage\":{\"@id\":\"https:\\\/\\\/malaga.salesianos.edu\\\/familiasalesiana\\\/blog\\\/gala-de-presentacion-del-libro-y-del-himno-125-aniversario-de-la-vida-salesiana-en-malaga\\\/#primaryimage\"},\"image\":{\"@id\":\"https:\\\/\\\/malaga.salesianos.edu\\\/familiasalesiana\\\/blog\\\/gala-de-presentacion-del-libro-y-del-himno-125-aniversario-de-la-vida-salesiana-en-malaga\\\/#primaryimage\"},\"thumbnailUrl\":\"https:\\\/\\\/malaga.salesianos.edu\\\/familiasalesiana\\\/wp-content\\\/uploads\\\/sites\\\/8\\\/2019\\\/01\\\/IMG_20190126_193037.jpg\",\"datePublished\":\"2019-01-28T23:20:44+00:00\",\"dateModified\":\"2019-02-18T23:03:41+00:00\",\"author\":{\"@id\":\"\"},\"breadcrumb\":{\"@id\":\"https:\\\/\\\/malaga.salesianos.edu\\\/familiasalesiana\\\/blog\\\/gala-de-presentacion-del-libro-y-del-himno-125-aniversario-de-la-vida-salesiana-en-malaga\\\/#breadcrumb\"},\"inLanguage\":\"es\",\"potentialAction\":[{\"@type\":\"ReadAction\",\"target\":[\"https:\\\/\\\/malaga.salesianos.edu\\\/familiasalesiana\\\/blog\\\/gala-de-presentacion-del-libro-y-del-himno-125-aniversario-de-la-vida-salesiana-en-malaga\\\/\"]}]},{\"@type\":\"ImageObject\",\"inLanguage\":\"es\",\"@id\":\"https:\\\/\\\/malaga.salesianos.edu\\\/familiasalesiana\\\/blog\\\/gala-de-presentacion-del-libro-y-del-himno-125-aniversario-de-la-vida-salesiana-en-malaga\\\/#primaryimage\",\"url\":\"https:\\\/\\\/malaga.salesianos.edu\\\/familiasalesiana\\\/wp-content\\\/uploads\\\/sites\\\/8\\\/2019\\\/01\\\/IMG_20190126_193037.jpg\",\"contentUrl\":\"https:\\\/\\\/malaga.salesianos.edu\\\/familiasalesiana\\\/wp-content\\\/uploads\\\/sites\\\/8\\\/2019\\\/01\\\/IMG_20190126_193037.jpg\"},{\"@type\":\"BreadcrumbList\",\"@id\":\"https:\\\/\\\/malaga.salesianos.edu\\\/familiasalesiana\\\/blog\\\/gala-de-presentacion-del-libro-y-del-himno-125-aniversario-de-la-vida-salesiana-en-malaga\\\/#breadcrumb\",\"itemListElement\":[{\"@type\":\"ListItem\",\"position\":1,\"name\":\"Portada\",\"item\":\"https:\\\/\\\/malaga.salesianos.edu\\\/familiasalesiana\\\/\"},{\"@type\":\"ListItem\",\"position\":2,\"name\":\"As\u00ed vivimos la presentaci\u00f3n del libro y el himno de nuestro 125 aniversario\"}]},{\"@type\":\"WebSite\",\"@id\":\"https:\\\/\\\/malaga.salesianos.edu\\\/familiasalesiana\\\/#website\",\"url\":\"https:\\\/\\\/malaga.salesianos.edu\\\/familiasalesiana\\\/\",\"name\":\"Familia Salesiana | Salesianos M\u00e1laga\",\"description\":\"Familia Salesiana | Salesianos M\u00e1laga, ADMA, Asociaci\u00f3n de antiguos alumnos, Hermandad Salesiana, Salesianos Cooperadores\",\"potentialAction\":[{\"@type\":\"SearchAction\",\"target\":{\"@type\":\"EntryPoint\",\"urlTemplate\":\"https:\\\/\\\/malaga.salesianos.edu\\\/familiasalesiana\\\/?s={search_term_string}\"},\"query-input\":{\"@type\":\"PropertyValueSpecification\",\"valueRequired\":true,\"valueName\":\"search_term_string\"}}],\"inLanguage\":\"es\"},{\"@type\":\"Person\",\"@id\":\"\"}]}<\/script>\n<!-- \/ Yoast SEO plugin. -->","yoast_head_json":{"title":"As\u00ed vivimos la presentaci\u00f3n del libro y el himno de nuestro 125 aniversario - Familia Salesiana | Salesianos M\u00e1laga","robots":{"index":"index","follow":"follow","max-snippet":"max-snippet:-1","max-image-preview":"max-image-preview:large","max-video-preview":"max-video-preview:-1"},"canonical":"https:\/\/malaga.salesianos.edu\/familiasalesiana\/blog\/gala-de-presentacion-del-libro-y-del-himno-125-aniversario-de-la-vida-salesiana-en-malaga\/","og_locale":"es_ES","og_type":"article","og_title":"As\u00ed vivimos la presentaci\u00f3n del libro y el himno de nuestro 125 aniversario - Familia Salesiana | Salesianos M\u00e1laga","og_description":"El pasado s\u00e1bado 26 de enero, pudimos disfrutar de un emotivo acto en el que hicimos un recorrido por el pasado, presente y futuro de la presencia salesiana en M\u00e1laga.","og_url":"https:\/\/malaga.salesianos.edu\/familiasalesiana\/blog\/gala-de-presentacion-del-libro-y-del-himno-125-aniversario-de-la-vida-salesiana-en-malaga\/","og_site_name":"Familia Salesiana | Salesianos M\u00e1laga","article_published_time":"2019-01-28T23:20:44+00:00","article_modified_time":"2019-02-18T23:03:41+00:00","og_image":[{"url":"https:\/\/malaga.salesianos.edu\/familiasalesiana\/wp-content\/uploads\/sites\/8\/2019\/01\/IMG_20190126_193037.jpg","width":1,"height":1,"type":"image\/jpeg"}],"twitter_card":"summary_large_image","twitter_misc":{"Escrito por":"","Tiempo de lectura":"8 minutos"},"schema":{"@context":"https:\/\/schema.org","@graph":[{"@type":"Article","@id":"https:\/\/malaga.salesianos.edu\/familiasalesiana\/blog\/gala-de-presentacion-del-libro-y-del-himno-125-aniversario-de-la-vida-salesiana-en-malaga\/#article","isPartOf":{"@id":"https:\/\/malaga.salesianos.edu\/familiasalesiana\/blog\/gala-de-presentacion-del-libro-y-del-himno-125-aniversario-de-la-vida-salesiana-en-malaga\/"},"author":{"name":"","@id":""},"headline":"As\u00ed vivimos la presentaci\u00f3n del libro y el himno de nuestro 125 aniversario","datePublished":"2019-01-28T23:20:44+00:00","dateModified":"2019-02-18T23:03:41+00:00","mainEntityOfPage":{"@id":"https:\/\/malaga.salesianos.edu\/familiasalesiana\/blog\/gala-de-presentacion-del-libro-y-del-himno-125-aniversario-de-la-vida-salesiana-en-malaga\/"},"wordCount":1580,"commentCount":0,"image":{"@id":"https:\/\/malaga.salesianos.edu\/familiasalesiana\/blog\/gala-de-presentacion-del-libro-y-del-himno-125-aniversario-de-la-vida-salesiana-en-malaga\/#primaryimage"},"thumbnailUrl":"https:\/\/malaga.salesianos.edu\/familiasalesiana\/wp-content\/uploads\/sites\/8\/2019\/01\/IMG_20190126_193037.jpg","articleSection":["125 aniversario","Casa","Familia Salesiana","Publicaciones"],"inLanguage":"es","potentialAction":[{"@type":"CommentAction","name":"Comment","target":["https:\/\/malaga.salesianos.edu\/familiasalesiana\/blog\/gala-de-presentacion-del-libro-y-del-himno-125-aniversario-de-la-vida-salesiana-en-malaga\/#respond"]}]},{"@type":"WebPage","@id":"https:\/\/malaga.salesianos.edu\/familiasalesiana\/blog\/gala-de-presentacion-del-libro-y-del-himno-125-aniversario-de-la-vida-salesiana-en-malaga\/","url":"https:\/\/malaga.salesianos.edu\/familiasalesiana\/blog\/gala-de-presentacion-del-libro-y-del-himno-125-aniversario-de-la-vida-salesiana-en-malaga\/","name":"As\u00ed vivimos la presentaci\u00f3n del libro y el himno de nuestro 125 aniversario - Familia Salesiana | Salesianos M\u00e1laga","isPartOf":{"@id":"https:\/\/malaga.salesianos.edu\/familiasalesiana\/#website"},"primaryImageOfPage":{"@id":"https:\/\/malaga.salesianos.edu\/familiasalesiana\/blog\/gala-de-presentacion-del-libro-y-del-himno-125-aniversario-de-la-vida-salesiana-en-malaga\/#primaryimage"},"image":{"@id":"https:\/\/malaga.salesianos.edu\/familiasalesiana\/blog\/gala-de-presentacion-del-libro-y-del-himno-125-aniversario-de-la-vida-salesiana-en-malaga\/#primaryimage"},"thumbnailUrl":"https:\/\/malaga.salesianos.edu\/familiasalesiana\/wp-content\/uploads\/sites\/8\/2019\/01\/IMG_20190126_193037.jpg","datePublished":"2019-01-28T23:20:44+00:00","dateModified":"2019-02-18T23:03:41+00:00","author":{"@id":""},"breadcrumb":{"@id":"https:\/\/malaga.salesianos.edu\/familiasalesiana\/blog\/gala-de-presentacion-del-libro-y-del-himno-125-aniversario-de-la-vida-salesiana-en-malaga\/#breadcrumb"},"inLanguage":"es","potentialAction":[{"@type":"ReadAction","target":["https:\/\/malaga.salesianos.edu\/familiasalesiana\/blog\/gala-de-presentacion-del-libro-y-del-himno-125-aniversario-de-la-vida-salesiana-en-malaga\/"]}]},{"@type":"ImageObject","inLanguage":"es","@id":"https:\/\/malaga.salesianos.edu\/familiasalesiana\/blog\/gala-de-presentacion-del-libro-y-del-himno-125-aniversario-de-la-vida-salesiana-en-malaga\/#primaryimage","url":"https:\/\/malaga.salesianos.edu\/familiasalesiana\/wp-content\/uploads\/sites\/8\/2019\/01\/IMG_20190126_193037.jpg","contentUrl":"https:\/\/malaga.salesianos.edu\/familiasalesiana\/wp-content\/uploads\/sites\/8\/2019\/01\/IMG_20190126_193037.jpg"},{"@type":"BreadcrumbList","@id":"https:\/\/malaga.salesianos.edu\/familiasalesiana\/blog\/gala-de-presentacion-del-libro-y-del-himno-125-aniversario-de-la-vida-salesiana-en-malaga\/#breadcrumb","itemListElement":[{"@type":"ListItem","position":1,"name":"Portada","item":"https:\/\/malaga.salesianos.edu\/familiasalesiana\/"},{"@type":"ListItem","position":2,"name":"As\u00ed vivimos la presentaci\u00f3n del libro y el himno de nuestro 125 aniversario"}]},{"@type":"WebSite","@id":"https:\/\/malaga.salesianos.edu\/familiasalesiana\/#website","url":"https:\/\/malaga.salesianos.edu\/familiasalesiana\/","name":"Familia Salesiana | Salesianos M\u00e1laga","description":"Familia Salesiana | Salesianos M\u00e1laga, ADMA, Asociaci\u00f3n de antiguos alumnos, Hermandad Salesiana, Salesianos Cooperadores","potentialAction":[{"@type":"SearchAction","target":{"@type":"EntryPoint","urlTemplate":"https:\/\/malaga.salesianos.edu\/familiasalesiana\/?s={search_term_string}"},"query-input":{"@type":"PropertyValueSpecification","valueRequired":true,"valueName":"search_term_string"}}],"inLanguage":"es"},{"@type":"Person","@id":""}]}},"_links":{"self":[{"href":"https:\/\/malaga.salesianos.edu\/familiasalesiana\/wp-json\/wp\/v2\/posts\/9016","targetHints":{"allow":["GET"]}}],"collection":[{"href":"https:\/\/malaga.salesianos.edu\/familiasalesiana\/wp-json\/wp\/v2\/posts"}],"about":[{"href":"https:\/\/malaga.salesianos.edu\/familiasalesiana\/wp-json\/wp\/v2\/types\/post"}],"author":[{"embeddable":true,"href":"https:\/\/malaga.salesianos.edu\/familiasalesiana\/wp-json\/wp\/v2\/users\/11"}],"replies":[{"embeddable":true,"href":"https:\/\/malaga.salesianos.edu\/familiasalesiana\/wp-json\/wp\/v2\/comments?post=9016"}],"version-history":[{"count":8,"href":"https:\/\/malaga.salesianos.edu\/familiasalesiana\/wp-json\/wp\/v2\/posts\/9016\/revisions"}],"predecessor-version":[{"id":9042,"href":"https:\/\/malaga.salesianos.edu\/familiasalesiana\/wp-json\/wp\/v2\/posts\/9016\/revisions\/9042"}],"wp:featuredmedia":[{"embeddable":true,"href":"https:\/\/malaga.salesianos.edu\/familiasalesiana\/wp-json\/wp\/v2\/media\/9017"}],"wp:attachment":[{"href":"https:\/\/malaga.salesianos.edu\/familiasalesiana\/wp-json\/wp\/v2\/media?parent=9016"}],"wp:term":[{"taxonomy":"category","embeddable":true,"href":"https:\/\/malaga.salesianos.edu\/familiasalesiana\/wp-json\/wp\/v2\/categories?post=9016"},{"taxonomy":"post_tag","embeddable":true,"href":"https:\/\/malaga.salesianos.edu\/familiasalesiana\/wp-json\/wp\/v2\/tags?post=9016"}],"curies":[{"name":"wp","href":"https:\/\/api.w.org\/{rel}","templated":true}]}}