{"id":9003,"date":"2019-01-24T09:31:14","date_gmt":"2019-01-24T08:31:14","guid":{"rendered":"https:\/\/malaga.salesianos.edu\/familiasalesiana\/blog\/feliz-fiesta-de-nuestro-patron-san-francisco-de-sales\/"},"modified":"2019-01-24T09:33:45","modified_gmt":"2019-01-24T08:33:45","slug":"feliz-fiesta-de-nuestro-patron-san-francisco-de-sales","status":"publish","type":"post","link":"https:\/\/malaga.salesianos.edu\/familiasalesiana\/blog\/feliz-fiesta-de-nuestro-patron-san-francisco-de-sales\/","title":{"rendered":"Feliz fiesta de nuestro patr\u00f3n San Francisco de Sales"},"content":{"rendered":"<p>[et_pb_section bb_built=\u00bb1&#8243; admin_label=\u00bbsection\u00bb custom_padding=\u00bb2px|0px|54px|0px\u00bb][et_pb_row admin_label=\u00bbrow\u00bb background_position=\u00bbtop_left\u00bb background_repeat=\u00bbrepeat\u00bb background_size=\u00bbinitial\u00bb][et_pb_column type=\u00bb4_4&#8243;][et_pb_text admin_label=\u00bbEntradilla\u00bb text_font=\u00bb|on|||\u00bb text_orientation=\u00bbjustified\u00bb use_border_color=\u00bboff\u00bb border_color=\u00bb#ffffff\u00bb border_style=\u00bbsolid\u00bb _builder_version=\u00bb3.19.7&#8243;]<\/p>\n<p style=\"text-align: left;\" align=\"center\"><em><strong>Hoy 24 de enero celebramos la festividad de San Francisco de Sales. Le pedimos su bendici\u00f3n y su fortaleza en la fe y generosidad en la entrega.<\/strong><\/em><\/p>\n<hr \/>\n<p>[\/et_pb_text][et_pb_text admin_label=\u00bbDesarrollo\u00bb text_orientation=\u00bbjustified\u00bb use_border_color=\u00bboff\u00bb border_color=\u00bb#ffffff\u00bb border_style=\u00bbsolid\u00bb _builder_version=\u00bb3.19.7&#8243;]<\/p>\n<p class=\"Standard\" style=\"text-align: justify; text-justify: inter-ideograph;\"><span style=\"font-family: 'Arial',sans-serif;\">Nace en Aboya en 1567. Obispo de Ginebra en 1602. Educ\u00f3 al pueblo cristiano en los caminos de la espiritualidad\u2026 Intuy\u00f3 la importancia de la persona y promocion\u00f3 la cultura, tratando a todos con bondad y amabilidad, con dulzura y sabidur\u00eda. Muri\u00f3 en Lyon en 1622.<\/span><\/p>\n<p class=\"Standard\" style=\"text-align: justify; text-justify: inter-ideograph;\"><span style=\"font-family: 'Arial',sans-serif;\">\u00a0<\/span><span style=\"font-family: 'Arial',sans-serif;\">Atra\u00eddo por su caridad apost\u00f3lica y por la dulzura y paciencia evang\u00e9lica, <b>D.Bosco lo adopt\u00f3 como modelo y protector de su misi\u00f3n entre los j\u00f3venes<\/b>\u2026 <b>Nos llamaremos SALESIANOS<\/b> en su honor, dijo a sus primeros hijos. Es el<b> titular y PATRONO<\/b> de la <b>Sociedad de San Francisco de Sales:<\/b> SALESIANOS DE DON BOSCO Es Tambi\u00e9n <b>patr\u00f3n de los periodistas<\/b>\u2026<\/span><\/p>\n<p class=\"Standard\" style=\"text-align: justify; text-justify: inter-ideograph;\"><span style=\"font-family: 'Arial',sans-serif;\">\u00a0<\/span><span style=\"font-family: 'Arial',sans-serif;\">Por todo ello en este d\u00eda de nuestro 125 aniversario, rodeados de acontecimientos: <b>\u00a1FELICIDADES!<\/b> Y esta tarde, recordando tambi\u00e9n la <b>Conmemoraci\u00f3n Mensual de Mar\u00eda Auxiliadora<\/b> te INVITO y me invito a celebrarlo en la <b>EUCARIST\u00cdA de las 19.30<\/b> horas. Rezaremos juntos, nos felicitaremos y nos daremos un abrazo de paz\u2026 Si `puedes y deseas \u00a1BIENVENIDO!<\/span><\/p>\n<p>[\/et_pb_text][et_pb_image _builder_version=\u00bb3.19.7&#8243; src=\u00bbhttps:\/\/malaga.salesianos.edu\/wp-content\/uploads\/2018\/11\/Logo125apaisado.jpg\u00bb animation_style=\u00bbfade\u00bb \/][\/et_pb_column][\/et_pb_row][\/et_pb_section]<\/p>\n","protected":false},"excerpt":{"rendered":"<p>Hoy 24 de enero celebramos la festividad de San Francisco de Sales. Le pedimos su bendici\u00f3n y su fortaleza en la fe y generosidad en la entrega.<\/p>\n","protected":false},"author":11,"featured_media":9004,"comment_status":"open","ping_status":"open","sticky":false,"template":"","format":"standard","meta":{"_et_pb_use_builder":"on","_et_pb_old_content":"<p>[et_pb_section bb_built=\"1\" admin_label=\"section\" custom_padding=\"2px|0px|54px|0px\"][et_pb_row admin_label=\"row\" background_position=\"top_left\" background_repeat=\"repeat\" background_size=\"initial\"][et_pb_column type=\"4_4\"][et_pb_text admin_label=\"Entradilla\" text_font=\"|on|||\" text_orientation=\"justified\" use_border_color=\"off\" border_color=\"#ffffff\" border_style=\"solid\" _builder_version=\"3.19.7\"]<\/p><p><em><b>Los alumnos de 2\u00ba de ESO han sido los primeros en utilizar los ordenadores disponibles para esta etapa que servir\u00e1n como un recurso m\u00e1s dentro del aula.<\/b><\/em><\/p><hr \/><p>[\/et_pb_text][et_pb_text admin_label=\"Desarrollo\" text_orientation=\"justified\" use_border_color=\"off\" border_color=\"#ffffff\" border_style=\"solid\" _builder_version=\"3.10\"]<\/p><p style=\"font-weight: 400;\">El centro ha propiciado para la etapa de la ESO, sesenta ordenadores port\u00e1tiles para que los alumnos de Secundaria puedan proyectar su trabajo atendiendo a las nuevas metodolog\u00edas y a las TICS.<\/p><p style=\"font-weight: 400;\">Este nuevo recurso propiciar\u00e1 que el profesorado pueda llevar a cabo y planificar, dentro de su programaci\u00f3n, diferentes actividades relacionadas con las nuevas metodolog\u00edas y tecnolog\u00edas, para as\u00ed acercar al alumnado a nuestra realidad y prepararlos de cara al futuro.<\/p><p style=\"font-weight: 400;\">Esta nueva iniciativa es un paso m\u00e1s hacia la direcci\u00f3n que ha tomado nuestro Centro: buscar que nuestros alumnos experimenten y se desarrollen en diversas aptitudes, necesarias para ser competentes en estudios posteriores y para el mundo laboral.<\/p><p>[\/et_pb_text][et_pb_text admin_label=\"T\u00edtulo Galer\u00eda\" _builder_version=\"3.10\"]<\/p><blockquote><h3><strong>Galer\u00eda de fotos:<\/strong><\/h3><\/blockquote><p>[\/et_pb_text][et_pb_gallery gallery_ids=\"14266,14265,14264,14263\" posts_number=\"8\" show_title_and_caption=\"off\" zoom_icon_color=\"#d12525\" hover_overlay_color=\"rgba(255,255,255,0.9)\" use_border_color=\"off\" border_color=\"#ffffff\" border_style=\"solid\" _builder_version=\"3.7\" \/][\/et_pb_column][\/et_pb_row][\/et_pb_section]<\/p>","_et_gb_content_width":"","footnotes":""},"categories":[113,101],"tags":[],"class_list":["post-9003","post","type-post","status-publish","format-standard","has-post-thumbnail","hentry","category-casa","category-familia-salesiana"],"yoast_head":"<!-- This site is optimized with the Yoast SEO plugin v28.3 - https:\/\/yoast.com\/product\/yoast-seo-wordpress\/ -->\n<title>Feliz fiesta de nuestro patr\u00f3n San Francisco de Sales - Familia Salesiana | Salesianos M\u00e1laga<\/title>\n<meta name=\"robots\" content=\"index, follow, max-snippet:-1, max-image-preview:large, max-video-preview:-1\" \/>\n<link rel=\"canonical\" href=\"https:\/\/malaga.salesianos.edu\/familiasalesiana\/blog\/feliz-fiesta-de-nuestro-patron-san-francisco-de-sales\/\" \/>\n<meta property=\"og:locale\" content=\"es_ES\" \/>\n<meta property=\"og:type\" content=\"article\" \/>\n<meta property=\"og:title\" content=\"Feliz fiesta de nuestro patr\u00f3n San Francisco de Sales - Familia Salesiana | Salesianos M\u00e1laga\" \/>\n<meta property=\"og:description\" content=\"Hoy 24 de enero celebramos la festividad de San Francisco de Sales. Le pedimos su bendici\u00f3n y su fortaleza en la fe y generosidad en la entrega.\" \/>\n<meta property=\"og:url\" content=\"https:\/\/malaga.salesianos.edu\/familiasalesiana\/blog\/feliz-fiesta-de-nuestro-patron-san-francisco-de-sales\/\" \/>\n<meta property=\"og:site_name\" content=\"Familia Salesiana | Salesianos M\u00e1laga\" \/>\n<meta property=\"article:published_time\" content=\"2019-01-24T08:31:14+00:00\" \/>\n<meta property=\"article:modified_time\" content=\"2019-01-24T08:33:45+00:00\" \/>\n<meta property=\"og:image\" content=\"https:\/\/malaga.salesianos.edu\/familiasalesiana\/wp-content\/uploads\/sites\/8\/2019\/01\/San-Francisco-de-Sales_Santuario.jpg\" \/>\n\t<meta property=\"og:image:width\" content=\"900\" \/>\n\t<meta property=\"og:image:height\" content=\"562\" \/>\n\t<meta property=\"og:image:type\" content=\"image\/jpeg\" \/>\n<meta name=\"twitter:card\" content=\"summary_large_image\" \/>\n<meta name=\"twitter:label1\" content=\"Escrito por\" \/>\n\t<meta name=\"twitter:data1\" content=\"\" \/>\n\t<meta name=\"twitter:label2\" content=\"Tiempo de lectura\" \/>\n\t<meta name=\"twitter:data2\" content=\"2 minutos\" \/>\n<script type=\"application\/ld+json\" class=\"yoast-schema-graph\">{\"@context\":\"https:\\\/\\\/schema.org\",\"@graph\":[{\"@type\":\"Article\",\"@id\":\"https:\\\/\\\/malaga.salesianos.edu\\\/familiasalesiana\\\/blog\\\/feliz-fiesta-de-nuestro-patron-san-francisco-de-sales\\\/#article\",\"isPartOf\":{\"@id\":\"https:\\\/\\\/malaga.salesianos.edu\\\/familiasalesiana\\\/blog\\\/feliz-fiesta-de-nuestro-patron-san-francisco-de-sales\\\/\"},\"author\":{\"name\":\"\",\"@id\":\"\"},\"headline\":\"Feliz fiesta de nuestro patr\u00f3n San Francisco de Sales\",\"datePublished\":\"2019-01-24T08:31:14+00:00\",\"dateModified\":\"2019-01-24T08:33:45+00:00\",\"mainEntityOfPage\":{\"@id\":\"https:\\\/\\\/malaga.salesianos.edu\\\/familiasalesiana\\\/blog\\\/feliz-fiesta-de-nuestro-patron-san-francisco-de-sales\\\/\"},\"wordCount\":318,\"commentCount\":0,\"image\":{\"@id\":\"https:\\\/\\\/malaga.salesianos.edu\\\/familiasalesiana\\\/blog\\\/feliz-fiesta-de-nuestro-patron-san-francisco-de-sales\\\/#primaryimage\"},\"thumbnailUrl\":\"https:\\\/\\\/malaga.salesianos.edu\\\/familiasalesiana\\\/wp-content\\\/uploads\\\/sites\\\/8\\\/2019\\\/01\\\/San-Francisco-de-Sales_Santuario.jpg\",\"articleSection\":[\"Casa\",\"Familia Salesiana\"],\"inLanguage\":\"es\",\"potentialAction\":[{\"@type\":\"CommentAction\",\"name\":\"Comment\",\"target\":[\"https:\\\/\\\/malaga.salesianos.edu\\\/familiasalesiana\\\/blog\\\/feliz-fiesta-de-nuestro-patron-san-francisco-de-sales\\\/#respond\"]}]},{\"@type\":\"WebPage\",\"@id\":\"https:\\\/\\\/malaga.salesianos.edu\\\/familiasalesiana\\\/blog\\\/feliz-fiesta-de-nuestro-patron-san-francisco-de-sales\\\/\",\"url\":\"https:\\\/\\\/malaga.salesianos.edu\\\/familiasalesiana\\\/blog\\\/feliz-fiesta-de-nuestro-patron-san-francisco-de-sales\\\/\",\"name\":\"Feliz fiesta de nuestro patr\u00f3n San Francisco de Sales - Familia Salesiana | Salesianos M\u00e1laga\",\"isPartOf\":{\"@id\":\"https:\\\/\\\/malaga.salesianos.edu\\\/familiasalesiana\\\/#website\"},\"primaryImageOfPage\":{\"@id\":\"https:\\\/\\\/malaga.salesianos.edu\\\/familiasalesiana\\\/blog\\\/feliz-fiesta-de-nuestro-patron-san-francisco-de-sales\\\/#primaryimage\"},\"image\":{\"@id\":\"https:\\\/\\\/malaga.salesianos.edu\\\/familiasalesiana\\\/blog\\\/feliz-fiesta-de-nuestro-patron-san-francisco-de-sales\\\/#primaryimage\"},\"thumbnailUrl\":\"https:\\\/\\\/malaga.salesianos.edu\\\/familiasalesiana\\\/wp-content\\\/uploads\\\/sites\\\/8\\\/2019\\\/01\\\/San-Francisco-de-Sales_Santuario.jpg\",\"datePublished\":\"2019-01-24T08:31:14+00:00\",\"dateModified\":\"2019-01-24T08:33:45+00:00\",\"author\":{\"@id\":\"\"},\"breadcrumb\":{\"@id\":\"https:\\\/\\\/malaga.salesianos.edu\\\/familiasalesiana\\\/blog\\\/feliz-fiesta-de-nuestro-patron-san-francisco-de-sales\\\/#breadcrumb\"},\"inLanguage\":\"es\",\"potentialAction\":[{\"@type\":\"ReadAction\",\"target\":[\"https:\\\/\\\/malaga.salesianos.edu\\\/familiasalesiana\\\/blog\\\/feliz-fiesta-de-nuestro-patron-san-francisco-de-sales\\\/\"]}]},{\"@type\":\"ImageObject\",\"inLanguage\":\"es\",\"@id\":\"https:\\\/\\\/malaga.salesianos.edu\\\/familiasalesiana\\\/blog\\\/feliz-fiesta-de-nuestro-patron-san-francisco-de-sales\\\/#primaryimage\",\"url\":\"https:\\\/\\\/malaga.salesianos.edu\\\/familiasalesiana\\\/wp-content\\\/uploads\\\/sites\\\/8\\\/2019\\\/01\\\/San-Francisco-de-Sales_Santuario.jpg\",\"contentUrl\":\"https:\\\/\\\/malaga.salesianos.edu\\\/familiasalesiana\\\/wp-content\\\/uploads\\\/sites\\\/8\\\/2019\\\/01\\\/San-Francisco-de-Sales_Santuario.jpg\",\"width\":900,\"height\":562},{\"@type\":\"BreadcrumbList\",\"@id\":\"https:\\\/\\\/malaga.salesianos.edu\\\/familiasalesiana\\\/blog\\\/feliz-fiesta-de-nuestro-patron-san-francisco-de-sales\\\/#breadcrumb\",\"itemListElement\":[{\"@type\":\"ListItem\",\"position\":1,\"name\":\"Portada\",\"item\":\"https:\\\/\\\/malaga.salesianos.edu\\\/familiasalesiana\\\/\"},{\"@type\":\"ListItem\",\"position\":2,\"name\":\"Feliz fiesta de nuestro patr\u00f3n San Francisco de Sales\"}]},{\"@type\":\"WebSite\",\"@id\":\"https:\\\/\\\/malaga.salesianos.edu\\\/familiasalesiana\\\/#website\",\"url\":\"https:\\\/\\\/malaga.salesianos.edu\\\/familiasalesiana\\\/\",\"name\":\"Familia Salesiana | Salesianos M\u00e1laga\",\"description\":\"Familia Salesiana | Salesianos M\u00e1laga, ADMA, Asociaci\u00f3n de antiguos alumnos, Hermandad Salesiana, Salesianos Cooperadores\",\"potentialAction\":[{\"@type\":\"SearchAction\",\"target\":{\"@type\":\"EntryPoint\",\"urlTemplate\":\"https:\\\/\\\/malaga.salesianos.edu\\\/familiasalesiana\\\/?s={search_term_string}\"},\"query-input\":{\"@type\":\"PropertyValueSpecification\",\"valueRequired\":true,\"valueName\":\"search_term_string\"}}],\"inLanguage\":\"es\"},{\"@type\":\"Person\",\"@id\":\"\"}]}<\/script>\n<!-- \/ Yoast SEO plugin. -->","yoast_head_json":{"title":"Feliz fiesta de nuestro patr\u00f3n San Francisco de Sales - Familia Salesiana | Salesianos M\u00e1laga","robots":{"index":"index","follow":"follow","max-snippet":"max-snippet:-1","max-image-preview":"max-image-preview:large","max-video-preview":"max-video-preview:-1"},"canonical":"https:\/\/malaga.salesianos.edu\/familiasalesiana\/blog\/feliz-fiesta-de-nuestro-patron-san-francisco-de-sales\/","og_locale":"es_ES","og_type":"article","og_title":"Feliz fiesta de nuestro patr\u00f3n San Francisco de Sales - Familia Salesiana | Salesianos M\u00e1laga","og_description":"Hoy 24 de enero celebramos la festividad de San Francisco de Sales. Le pedimos su bendici\u00f3n y su fortaleza en la fe y generosidad en la entrega.","og_url":"https:\/\/malaga.salesianos.edu\/familiasalesiana\/blog\/feliz-fiesta-de-nuestro-patron-san-francisco-de-sales\/","og_site_name":"Familia Salesiana | Salesianos M\u00e1laga","article_published_time":"2019-01-24T08:31:14+00:00","article_modified_time":"2019-01-24T08:33:45+00:00","og_image":[{"width":900,"height":562,"url":"https:\/\/malaga.salesianos.edu\/familiasalesiana\/wp-content\/uploads\/sites\/8\/2019\/01\/San-Francisco-de-Sales_Santuario.jpg","type":"image\/jpeg"}],"twitter_card":"summary_large_image","twitter_misc":{"Escrito por":"","Tiempo de lectura":"2 minutos"},"schema":{"@context":"https:\/\/schema.org","@graph":[{"@type":"Article","@id":"https:\/\/malaga.salesianos.edu\/familiasalesiana\/blog\/feliz-fiesta-de-nuestro-patron-san-francisco-de-sales\/#article","isPartOf":{"@id":"https:\/\/malaga.salesianos.edu\/familiasalesiana\/blog\/feliz-fiesta-de-nuestro-patron-san-francisco-de-sales\/"},"author":{"name":"","@id":""},"headline":"Feliz fiesta de nuestro patr\u00f3n San Francisco de Sales","datePublished":"2019-01-24T08:31:14+00:00","dateModified":"2019-01-24T08:33:45+00:00","mainEntityOfPage":{"@id":"https:\/\/malaga.salesianos.edu\/familiasalesiana\/blog\/feliz-fiesta-de-nuestro-patron-san-francisco-de-sales\/"},"wordCount":318,"commentCount":0,"image":{"@id":"https:\/\/malaga.salesianos.edu\/familiasalesiana\/blog\/feliz-fiesta-de-nuestro-patron-san-francisco-de-sales\/#primaryimage"},"thumbnailUrl":"https:\/\/malaga.salesianos.edu\/familiasalesiana\/wp-content\/uploads\/sites\/8\/2019\/01\/San-Francisco-de-Sales_Santuario.jpg","articleSection":["Casa","Familia Salesiana"],"inLanguage":"es","potentialAction":[{"@type":"CommentAction","name":"Comment","target":["https:\/\/malaga.salesianos.edu\/familiasalesiana\/blog\/feliz-fiesta-de-nuestro-patron-san-francisco-de-sales\/#respond"]}]},{"@type":"WebPage","@id":"https:\/\/malaga.salesianos.edu\/familiasalesiana\/blog\/feliz-fiesta-de-nuestro-patron-san-francisco-de-sales\/","url":"https:\/\/malaga.salesianos.edu\/familiasalesiana\/blog\/feliz-fiesta-de-nuestro-patron-san-francisco-de-sales\/","name":"Feliz fiesta de nuestro patr\u00f3n San Francisco de Sales - Familia Salesiana | Salesianos M\u00e1laga","isPartOf":{"@id":"https:\/\/malaga.salesianos.edu\/familiasalesiana\/#website"},"primaryImageOfPage":{"@id":"https:\/\/malaga.salesianos.edu\/familiasalesiana\/blog\/feliz-fiesta-de-nuestro-patron-san-francisco-de-sales\/#primaryimage"},"image":{"@id":"https:\/\/malaga.salesianos.edu\/familiasalesiana\/blog\/feliz-fiesta-de-nuestro-patron-san-francisco-de-sales\/#primaryimage"},"thumbnailUrl":"https:\/\/malaga.salesianos.edu\/familiasalesiana\/wp-content\/uploads\/sites\/8\/2019\/01\/San-Francisco-de-Sales_Santuario.jpg","datePublished":"2019-01-24T08:31:14+00:00","dateModified":"2019-01-24T08:33:45+00:00","author":{"@id":""},"breadcrumb":{"@id":"https:\/\/malaga.salesianos.edu\/familiasalesiana\/blog\/feliz-fiesta-de-nuestro-patron-san-francisco-de-sales\/#breadcrumb"},"inLanguage":"es","potentialAction":[{"@type":"ReadAction","target":["https:\/\/malaga.salesianos.edu\/familiasalesiana\/blog\/feliz-fiesta-de-nuestro-patron-san-francisco-de-sales\/"]}]},{"@type":"ImageObject","inLanguage":"es","@id":"https:\/\/malaga.salesianos.edu\/familiasalesiana\/blog\/feliz-fiesta-de-nuestro-patron-san-francisco-de-sales\/#primaryimage","url":"https:\/\/malaga.salesianos.edu\/familiasalesiana\/wp-content\/uploads\/sites\/8\/2019\/01\/San-Francisco-de-Sales_Santuario.jpg","contentUrl":"https:\/\/malaga.salesianos.edu\/familiasalesiana\/wp-content\/uploads\/sites\/8\/2019\/01\/San-Francisco-de-Sales_Santuario.jpg","width":900,"height":562},{"@type":"BreadcrumbList","@id":"https:\/\/malaga.salesianos.edu\/familiasalesiana\/blog\/feliz-fiesta-de-nuestro-patron-san-francisco-de-sales\/#breadcrumb","itemListElement":[{"@type":"ListItem","position":1,"name":"Portada","item":"https:\/\/malaga.salesianos.edu\/familiasalesiana\/"},{"@type":"ListItem","position":2,"name":"Feliz fiesta de nuestro patr\u00f3n San Francisco de Sales"}]},{"@type":"WebSite","@id":"https:\/\/malaga.salesianos.edu\/familiasalesiana\/#website","url":"https:\/\/malaga.salesianos.edu\/familiasalesiana\/","name":"Familia Salesiana | Salesianos M\u00e1laga","description":"Familia Salesiana | Salesianos M\u00e1laga, ADMA, Asociaci\u00f3n de antiguos alumnos, Hermandad Salesiana, Salesianos Cooperadores","potentialAction":[{"@type":"SearchAction","target":{"@type":"EntryPoint","urlTemplate":"https:\/\/malaga.salesianos.edu\/familiasalesiana\/?s={search_term_string}"},"query-input":{"@type":"PropertyValueSpecification","valueRequired":true,"valueName":"search_term_string"}}],"inLanguage":"es"},{"@type":"Person","@id":""}]}},"_links":{"self":[{"href":"https:\/\/malaga.salesianos.edu\/familiasalesiana\/wp-json\/wp\/v2\/posts\/9003","targetHints":{"allow":["GET"]}}],"collection":[{"href":"https:\/\/malaga.salesianos.edu\/familiasalesiana\/wp-json\/wp\/v2\/posts"}],"about":[{"href":"https:\/\/malaga.salesianos.edu\/familiasalesiana\/wp-json\/wp\/v2\/types\/post"}],"author":[{"embeddable":true,"href":"https:\/\/malaga.salesianos.edu\/familiasalesiana\/wp-json\/wp\/v2\/users\/11"}],"replies":[{"embeddable":true,"href":"https:\/\/malaga.salesianos.edu\/familiasalesiana\/wp-json\/wp\/v2\/comments?post=9003"}],"version-history":[{"count":2,"href":"https:\/\/malaga.salesianos.edu\/familiasalesiana\/wp-json\/wp\/v2\/posts\/9003\/revisions"}],"predecessor-version":[{"id":9006,"href":"https:\/\/malaga.salesianos.edu\/familiasalesiana\/wp-json\/wp\/v2\/posts\/9003\/revisions\/9006"}],"wp:featuredmedia":[{"embeddable":true,"href":"https:\/\/malaga.salesianos.edu\/familiasalesiana\/wp-json\/wp\/v2\/media\/9004"}],"wp:attachment":[{"href":"https:\/\/malaga.salesianos.edu\/familiasalesiana\/wp-json\/wp\/v2\/media?parent=9003"}],"wp:term":[{"taxonomy":"category","embeddable":true,"href":"https:\/\/malaga.salesianos.edu\/familiasalesiana\/wp-json\/wp\/v2\/categories?post=9003"},{"taxonomy":"post_tag","embeddable":true,"href":"https:\/\/malaga.salesianos.edu\/familiasalesiana\/wp-json\/wp\/v2\/tags?post=9003"}],"curies":[{"name":"wp","href":"https:\/\/api.w.org\/{rel}","templated":true}]}}