{"id":8999,"date":"2019-01-23T13:18:33","date_gmt":"2019-01-23T12:18:33","guid":{"rendered":"https:\/\/malaga.salesianos.edu\/familiasalesiana\/blog\/acto-de-presentacion-del-himno-y-libro-del-125-aniversario-de-salesianos-malaga\/"},"modified":"2019-01-25T12:06:01","modified_gmt":"2019-01-25T11:06:01","slug":"acto-de-presentacion-del-himno-y-libro-del-125-aniversario-de-salesianos-malaga","status":"publish","type":"post","link":"https:\/\/malaga.salesianos.edu\/familiasalesiana\/blog\/acto-de-presentacion-del-himno-y-libro-del-125-aniversario-de-salesianos-malaga\/","title":{"rendered":"Acto de presentaci\u00f3n del himno y  libro del 125 aniversario de Salesianos M\u00e1laga"},"content":{"rendered":"<p>[et_pb_section bb_built=\u00bb1&#8243; admin_label=\u00bbsection\u00bb custom_padding=\u00bb2px|0px|54px|0px\u00bb][et_pb_row admin_label=\u00bbrow\u00bb background_position=\u00bbtop_left\u00bb background_repeat=\u00bbrepeat\u00bb background_size=\u00bbinitial\u00bb][et_pb_column type=\u00bb4_4&#8243;][et_pb_text admin_label=\u00bbEntradilla\u00bb text_font=\u00bb|on|||\u00bb text_orientation=\u00bbjustified\u00bb use_border_color=\u00bboff\u00bb border_color=\u00bb#ffffff\u00bb border_style=\u00bbsolid\u00bb _builder_version=\u00bb3.19.7&#8243;]<\/p>\n<p><em><b>El pr\u00f3ximo s\u00e1bado 26 de enero a las 18h en el Teatro Salesiano tendr\u00e1 lugar el acto de presentaci\u00f3n del himno oficial y el libro del 125 aniversario de la presencia salesiana en M\u00e1laga.<\/b><\/em><\/p>\n<hr \/>\n<p>[\/et_pb_text][et_pb_text admin_label=\u00bbDesarrollo\u00bb text_orientation=\u00bbjustified\u00bb use_border_color=\u00bboff\u00bb border_color=\u00bb#ffffff\u00bb border_style=\u00bbsolid\u00bb _builder_version=\u00bb3.19.8&#8243;]<\/p>\n<p style=\"font-weight: 400;\">Siguiendo con las actividades programadas con motivo del 125 aniversario de Salesianos M\u00e1laga, el pr\u00f3ximo s\u00e1bado 26 de enero a las 18:00h, tendr\u00e1 lugar el acto de presentaci\u00f3n del himno oficial titulado \u00abSeguimos creando vida\u00bb y del libro \u00ab125 a\u00f1os abrazando la vida\u00bb.<\/p>\n<ul>\n<li><strong>Himno \u00abSeguimos creando vida\u00bb.<\/strong><\/li>\n<\/ul>\n<p>Letra y m\u00fasica: Antonio Gil, Jes\u00fas Jim\u00e9nez.<\/p>\n<p>Arreglos: Jonathan Van Romapey, Quique Torres.<\/p>\n<p>Voces e instrumentaci\u00f3n: Javier F. Rosas, Javier M. Buend\u00eda, M\u00aa Mar Garrido (Mapi), Daniel Salazar, Jesus Jim\u00e9nez.<\/p>\n<ul>\n<li><strong>Libro \u00ab125 a\u00f1os abrazando la vida\u00bb.<\/strong><\/li>\n<\/ul>\n<p>Libro con texto agradable, cercano y fresco, donde se narran muchas experiencias de vida, recuerdos y emociones de nuestra Casa Salesiana.<\/p>\n<p>El acto tendr\u00e1 lugar en el teatro \u00abRafael Moreno\u00bb del Colegio Salesiano y asistir\u00e1n los miembros de la familia salesiana, distintas personalidades de nuestra ciudad y el p\u00fablico en general.<\/p>\n<p>[\/et_pb_text][et_pb_image _builder_version=\u00bb3.19.7&#8243; src=\u00bbhttps:\/\/malaga.salesianos.edu\/wp-content\/uploads\/2019\/01\/Presentacion_libro_125_aniversario_1280.jpg\u00bb show_in_lightbox=\u00bbon\u00bb animation_style=\u00bbfade\u00bb \/][et_pb_image _builder_version=\u00bb3.19.7&#8243; src=\u00bbhttps:\/\/malaga.salesianos.edu\/wp-content\/uploads\/2018\/11\/Logo125apaisado.jpg\u00bb show_in_lightbox=\u00bbon\u00bb animation_style=\u00bbfade\u00bb \/][\/et_pb_column][\/et_pb_row][\/et_pb_section]<\/p>\n","protected":false},"excerpt":{"rendered":"<p>El pr\u00f3ximo 26 de enero a las 18h en el Teatro Salesiano tendr\u00e1 lugar el acto de presentaci\u00f3n del himno oficial y el libro del 125 aniversario.<\/p>\n","protected":false},"author":2,"featured_media":9000,"comment_status":"open","ping_status":"open","sticky":false,"template":"","format":"standard","meta":{"_et_pb_use_builder":"on","_et_pb_old_content":"<p>[et_pb_section bb_built=\"1\" admin_label=\"section\" custom_padding=\"2px|0px|54px|0px\"][et_pb_row admin_label=\"row\" background_position=\"top_left\" background_repeat=\"repeat\" background_size=\"initial\"][et_pb_column type=\"4_4\"][et_pb_text admin_label=\"Entradilla\" text_font=\"|on|||\" text_orientation=\"justified\" use_border_color=\"off\" border_color=\"#ffffff\" border_style=\"solid\" _builder_version=\"3.19.7\"]<\/p><p><em><b>El pr\u00f3ximo s\u00e1bado 26 de enero a las 18h en el teatro Salesiano tendr\u00e1 lugar el acto de presentaci\u00f3n del himno oficial y el libro del 125 aniversario de la presencia salesiana en M\u00e1laga.<\/b><\/em><\/p><hr \/><p>[\/et_pb_text][et_pb_text admin_label=\"Desarrollo\" text_orientation=\"justified\" use_border_color=\"off\" border_color=\"#ffffff\" border_style=\"solid\" _builder_version=\"3.10\"]<\/p><p style=\"font-weight: 400;\">El centro ha propiciado para la etapa de la ESO, sesenta ordenadores port\u00e1tiles para que los alumnos de Secundaria puedan proyectar su trabajo atendiendo a las nuevas metodolog\u00edas y a las TICS.<\/p><p style=\"font-weight: 400;\">Este nuevo recurso propiciar\u00e1 que el profesorado pueda llevar a cabo y planificar, dentro de su programaci\u00f3n, diferentes actividades relacionadas con las nuevas metodolog\u00edas y tecnolog\u00edas, para as\u00ed acercar al alumnado a nuestra realidad y prepararlos de cara al futuro.<\/p><p style=\"font-weight: 400;\">Esta nueva iniciativa es un paso m\u00e1s hacia la direcci\u00f3n que ha tomado nuestro Centro: buscar que nuestros alumnos experimenten y se desarrollen en diversas aptitudes, necesarias para ser competentes en estudios posteriores y para el mundo laboral.<\/p><p>[\/et_pb_text][et_pb_text admin_label=\"T\u00edtulo Galer\u00eda\" _builder_version=\"3.10\"]<\/p><blockquote><h3><strong>Galer\u00eda de fotos:<\/strong><\/h3><\/blockquote><p>[\/et_pb_text][et_pb_gallery gallery_ids=\"14266,14265,14264,14263\" posts_number=\"8\" show_title_and_caption=\"off\" zoom_icon_color=\"#d12525\" hover_overlay_color=\"rgba(255,255,255,0.9)\" use_border_color=\"off\" border_color=\"#ffffff\" border_style=\"solid\" _builder_version=\"3.7\" \/][\/et_pb_column][\/et_pb_row][\/et_pb_section]<\/p>","_et_gb_content_width":"","footnotes":""},"categories":[168,113,101],"tags":[],"class_list":["post-8999","post","type-post","status-publish","format-standard","has-post-thumbnail","hentry","category-125-aniversario","category-casa","category-familia-salesiana"],"yoast_head":"<!-- This site is optimized with the Yoast SEO plugin v28.3 - https:\/\/yoast.com\/product\/yoast-seo-wordpress\/ -->\n<title>Acto de presentaci\u00f3n del himno y libro del 125 aniversario de Salesianos M\u00e1laga - Familia Salesiana | Salesianos M\u00e1laga<\/title>\n<meta name=\"robots\" content=\"index, follow, max-snippet:-1, max-image-preview:large, max-video-preview:-1\" \/>\n<link rel=\"canonical\" href=\"https:\/\/malaga.salesianos.edu\/familiasalesiana\/blog\/acto-de-presentacion-del-himno-y-libro-del-125-aniversario-de-salesianos-malaga\/\" \/>\n<meta property=\"og:locale\" content=\"es_ES\" \/>\n<meta property=\"og:type\" content=\"article\" \/>\n<meta property=\"og:title\" content=\"Acto de presentaci\u00f3n del himno y libro del 125 aniversario de Salesianos M\u00e1laga - Familia Salesiana | Salesianos M\u00e1laga\" \/>\n<meta property=\"og:description\" content=\"El pr\u00f3ximo 26 de enero a las 18h en el Teatro Salesiano tendr\u00e1 lugar el acto de presentaci\u00f3n del himno oficial y el libro del 125 aniversario.\" \/>\n<meta property=\"og:url\" content=\"https:\/\/malaga.salesianos.edu\/familiasalesiana\/blog\/acto-de-presentacion-del-himno-y-libro-del-125-aniversario-de-salesianos-malaga\/\" \/>\n<meta property=\"og:site_name\" content=\"Familia Salesiana | Salesianos M\u00e1laga\" \/>\n<meta property=\"article:published_time\" content=\"2019-01-23T12:18:33+00:00\" \/>\n<meta property=\"article:modified_time\" content=\"2019-01-25T11:06:01+00:00\" \/>\n<meta property=\"og:image\" content=\"https:\/\/malaga.salesianos.edu\/familiasalesiana\/wp-content\/uploads\/sites\/8\/2019\/01\/Portadanuevarev4a_rec.jpg\" \/>\n\t<meta property=\"og:image:width\" content=\"1280\" \/>\n\t<meta property=\"og:image:height\" content=\"776\" \/>\n\t<meta property=\"og:image:type\" content=\"image\/jpeg\" \/>\n<meta name=\"author\" content=\"Comunicaci\u00f3n MLG\" \/>\n<meta name=\"twitter:card\" content=\"summary_large_image\" \/>\n<meta name=\"twitter:label1\" content=\"Escrito por\" \/>\n\t<meta name=\"twitter:data1\" content=\"Comunicaci\u00f3n MLG\" \/>\n\t<meta name=\"twitter:label2\" content=\"Tiempo de lectura\" \/>\n\t<meta name=\"twitter:data2\" content=\"2 minutos\" \/>\n<script type=\"application\/ld+json\" class=\"yoast-schema-graph\">{\"@context\":\"https:\\\/\\\/schema.org\",\"@graph\":[{\"@type\":\"Article\",\"@id\":\"https:\\\/\\\/malaga.salesianos.edu\\\/familiasalesiana\\\/blog\\\/acto-de-presentacion-del-himno-y-libro-del-125-aniversario-de-salesianos-malaga\\\/#article\",\"isPartOf\":{\"@id\":\"https:\\\/\\\/malaga.salesianos.edu\\\/familiasalesiana\\\/blog\\\/acto-de-presentacion-del-himno-y-libro-del-125-aniversario-de-salesianos-malaga\\\/\"},\"author\":{\"name\":\"Comunicaci\u00f3n MLG\",\"@id\":\"https:\\\/\\\/malaga.salesianos.edu\\\/familiasalesiana\\\/#\\\/schema\\\/person\\\/fd7e7b338b40e1c817a659fe5fce718b\"},\"headline\":\"Acto de presentaci\u00f3n del himno y libro del 125 aniversario de Salesianos M\u00e1laga\",\"datePublished\":\"2019-01-23T12:18:33+00:00\",\"dateModified\":\"2019-01-25T11:06:01+00:00\",\"mainEntityOfPage\":{\"@id\":\"https:\\\/\\\/malaga.salesianos.edu\\\/familiasalesiana\\\/blog\\\/acto-de-presentacion-del-himno-y-libro-del-125-aniversario-de-salesianos-malaga\\\/\"},\"wordCount\":333,\"commentCount\":0,\"image\":{\"@id\":\"https:\\\/\\\/malaga.salesianos.edu\\\/familiasalesiana\\\/blog\\\/acto-de-presentacion-del-himno-y-libro-del-125-aniversario-de-salesianos-malaga\\\/#primaryimage\"},\"thumbnailUrl\":\"https:\\\/\\\/malaga.salesianos.edu\\\/familiasalesiana\\\/wp-content\\\/uploads\\\/sites\\\/8\\\/2019\\\/01\\\/Portadanuevarev4a_rec.jpg\",\"articleSection\":[\"125 aniversario\",\"Casa\",\"Familia Salesiana\"],\"inLanguage\":\"es\",\"potentialAction\":[{\"@type\":\"CommentAction\",\"name\":\"Comment\",\"target\":[\"https:\\\/\\\/malaga.salesianos.edu\\\/familiasalesiana\\\/blog\\\/acto-de-presentacion-del-himno-y-libro-del-125-aniversario-de-salesianos-malaga\\\/#respond\"]}]},{\"@type\":\"WebPage\",\"@id\":\"https:\\\/\\\/malaga.salesianos.edu\\\/familiasalesiana\\\/blog\\\/acto-de-presentacion-del-himno-y-libro-del-125-aniversario-de-salesianos-malaga\\\/\",\"url\":\"https:\\\/\\\/malaga.salesianos.edu\\\/familiasalesiana\\\/blog\\\/acto-de-presentacion-del-himno-y-libro-del-125-aniversario-de-salesianos-malaga\\\/\",\"name\":\"Acto de presentaci\u00f3n del himno y libro del 125 aniversario de Salesianos M\u00e1laga - Familia Salesiana | Salesianos M\u00e1laga\",\"isPartOf\":{\"@id\":\"https:\\\/\\\/malaga.salesianos.edu\\\/familiasalesiana\\\/#website\"},\"primaryImageOfPage\":{\"@id\":\"https:\\\/\\\/malaga.salesianos.edu\\\/familiasalesiana\\\/blog\\\/acto-de-presentacion-del-himno-y-libro-del-125-aniversario-de-salesianos-malaga\\\/#primaryimage\"},\"image\":{\"@id\":\"https:\\\/\\\/malaga.salesianos.edu\\\/familiasalesiana\\\/blog\\\/acto-de-presentacion-del-himno-y-libro-del-125-aniversario-de-salesianos-malaga\\\/#primaryimage\"},\"thumbnailUrl\":\"https:\\\/\\\/malaga.salesianos.edu\\\/familiasalesiana\\\/wp-content\\\/uploads\\\/sites\\\/8\\\/2019\\\/01\\\/Portadanuevarev4a_rec.jpg\",\"datePublished\":\"2019-01-23T12:18:33+00:00\",\"dateModified\":\"2019-01-25T11:06:01+00:00\",\"author\":{\"@id\":\"https:\\\/\\\/malaga.salesianos.edu\\\/familiasalesiana\\\/#\\\/schema\\\/person\\\/fd7e7b338b40e1c817a659fe5fce718b\"},\"breadcrumb\":{\"@id\":\"https:\\\/\\\/malaga.salesianos.edu\\\/familiasalesiana\\\/blog\\\/acto-de-presentacion-del-himno-y-libro-del-125-aniversario-de-salesianos-malaga\\\/#breadcrumb\"},\"inLanguage\":\"es\",\"potentialAction\":[{\"@type\":\"ReadAction\",\"target\":[\"https:\\\/\\\/malaga.salesianos.edu\\\/familiasalesiana\\\/blog\\\/acto-de-presentacion-del-himno-y-libro-del-125-aniversario-de-salesianos-malaga\\\/\"]}]},{\"@type\":\"ImageObject\",\"inLanguage\":\"es\",\"@id\":\"https:\\\/\\\/malaga.salesianos.edu\\\/familiasalesiana\\\/blog\\\/acto-de-presentacion-del-himno-y-libro-del-125-aniversario-de-salesianos-malaga\\\/#primaryimage\",\"url\":\"https:\\\/\\\/malaga.salesianos.edu\\\/familiasalesiana\\\/wp-content\\\/uploads\\\/sites\\\/8\\\/2019\\\/01\\\/Portadanuevarev4a_rec.jpg\",\"contentUrl\":\"https:\\\/\\\/malaga.salesianos.edu\\\/familiasalesiana\\\/wp-content\\\/uploads\\\/sites\\\/8\\\/2019\\\/01\\\/Portadanuevarev4a_rec.jpg\",\"width\":1280,\"height\":776},{\"@type\":\"BreadcrumbList\",\"@id\":\"https:\\\/\\\/malaga.salesianos.edu\\\/familiasalesiana\\\/blog\\\/acto-de-presentacion-del-himno-y-libro-del-125-aniversario-de-salesianos-malaga\\\/#breadcrumb\",\"itemListElement\":[{\"@type\":\"ListItem\",\"position\":1,\"name\":\"Portada\",\"item\":\"https:\\\/\\\/malaga.salesianos.edu\\\/familiasalesiana\\\/\"},{\"@type\":\"ListItem\",\"position\":2,\"name\":\"Acto de presentaci\u00f3n del himno y libro del 125 aniversario de Salesianos M\u00e1laga\"}]},{\"@type\":\"WebSite\",\"@id\":\"https:\\\/\\\/malaga.salesianos.edu\\\/familiasalesiana\\\/#website\",\"url\":\"https:\\\/\\\/malaga.salesianos.edu\\\/familiasalesiana\\\/\",\"name\":\"Familia Salesiana | Salesianos M\u00e1laga\",\"description\":\"Familia Salesiana | Salesianos M\u00e1laga, ADMA, Asociaci\u00f3n de antiguos alumnos, Hermandad Salesiana, Salesianos Cooperadores\",\"potentialAction\":[{\"@type\":\"SearchAction\",\"target\":{\"@type\":\"EntryPoint\",\"urlTemplate\":\"https:\\\/\\\/malaga.salesianos.edu\\\/familiasalesiana\\\/?s={search_term_string}\"},\"query-input\":{\"@type\":\"PropertyValueSpecification\",\"valueRequired\":true,\"valueName\":\"search_term_string\"}}],\"inLanguage\":\"es\"},{\"@type\":\"Person\",\"@id\":\"https:\\\/\\\/malaga.salesianos.edu\\\/familiasalesiana\\\/#\\\/schema\\\/person\\\/fd7e7b338b40e1c817a659fe5fce718b\",\"name\":\"Comunicaci\u00f3n MLG\",\"image\":{\"@type\":\"ImageObject\",\"inLanguage\":\"es\",\"@id\":\"https:\\\/\\\/secure.gravatar.com\\\/avatar\\\/2ce5c66be6c7ab6b098b2ac29099a68d1cdb824afbb8aadf744614ce719778ff?s=96&d=mm&r=g\",\"url\":\"https:\\\/\\\/secure.gravatar.com\\\/avatar\\\/2ce5c66be6c7ab6b098b2ac29099a68d1cdb824afbb8aadf744614ce719778ff?s=96&d=mm&r=g\",\"contentUrl\":\"https:\\\/\\\/secure.gravatar.com\\\/avatar\\\/2ce5c66be6c7ab6b098b2ac29099a68d1cdb824afbb8aadf744614ce719778ff?s=96&d=mm&r=g\",\"caption\":\"Comunicaci\u00f3n MLG\"}}]}<\/script>\n<!-- \/ Yoast SEO plugin. -->","yoast_head_json":{"title":"Acto de presentaci\u00f3n del himno y libro del 125 aniversario de Salesianos M\u00e1laga - Familia Salesiana | Salesianos M\u00e1laga","robots":{"index":"index","follow":"follow","max-snippet":"max-snippet:-1","max-image-preview":"max-image-preview:large","max-video-preview":"max-video-preview:-1"},"canonical":"https:\/\/malaga.salesianos.edu\/familiasalesiana\/blog\/acto-de-presentacion-del-himno-y-libro-del-125-aniversario-de-salesianos-malaga\/","og_locale":"es_ES","og_type":"article","og_title":"Acto de presentaci\u00f3n del himno y libro del 125 aniversario de Salesianos M\u00e1laga - Familia Salesiana | Salesianos M\u00e1laga","og_description":"El pr\u00f3ximo 26 de enero a las 18h en el Teatro Salesiano tendr\u00e1 lugar el acto de presentaci\u00f3n del himno oficial y el libro del 125 aniversario.","og_url":"https:\/\/malaga.salesianos.edu\/familiasalesiana\/blog\/acto-de-presentacion-del-himno-y-libro-del-125-aniversario-de-salesianos-malaga\/","og_site_name":"Familia Salesiana | Salesianos M\u00e1laga","article_published_time":"2019-01-23T12:18:33+00:00","article_modified_time":"2019-01-25T11:06:01+00:00","og_image":[{"width":1280,"height":776,"url":"https:\/\/malaga.salesianos.edu\/familiasalesiana\/wp-content\/uploads\/sites\/8\/2019\/01\/Portadanuevarev4a_rec.jpg","type":"image\/jpeg"}],"author":"Comunicaci\u00f3n MLG","twitter_card":"summary_large_image","twitter_misc":{"Escrito por":"Comunicaci\u00f3n MLG","Tiempo de lectura":"2 minutos"},"schema":{"@context":"https:\/\/schema.org","@graph":[{"@type":"Article","@id":"https:\/\/malaga.salesianos.edu\/familiasalesiana\/blog\/acto-de-presentacion-del-himno-y-libro-del-125-aniversario-de-salesianos-malaga\/#article","isPartOf":{"@id":"https:\/\/malaga.salesianos.edu\/familiasalesiana\/blog\/acto-de-presentacion-del-himno-y-libro-del-125-aniversario-de-salesianos-malaga\/"},"author":{"name":"Comunicaci\u00f3n MLG","@id":"https:\/\/malaga.salesianos.edu\/familiasalesiana\/#\/schema\/person\/fd7e7b338b40e1c817a659fe5fce718b"},"headline":"Acto de presentaci\u00f3n del himno y libro del 125 aniversario de Salesianos M\u00e1laga","datePublished":"2019-01-23T12:18:33+00:00","dateModified":"2019-01-25T11:06:01+00:00","mainEntityOfPage":{"@id":"https:\/\/malaga.salesianos.edu\/familiasalesiana\/blog\/acto-de-presentacion-del-himno-y-libro-del-125-aniversario-de-salesianos-malaga\/"},"wordCount":333,"commentCount":0,"image":{"@id":"https:\/\/malaga.salesianos.edu\/familiasalesiana\/blog\/acto-de-presentacion-del-himno-y-libro-del-125-aniversario-de-salesianos-malaga\/#primaryimage"},"thumbnailUrl":"https:\/\/malaga.salesianos.edu\/familiasalesiana\/wp-content\/uploads\/sites\/8\/2019\/01\/Portadanuevarev4a_rec.jpg","articleSection":["125 aniversario","Casa","Familia Salesiana"],"inLanguage":"es","potentialAction":[{"@type":"CommentAction","name":"Comment","target":["https:\/\/malaga.salesianos.edu\/familiasalesiana\/blog\/acto-de-presentacion-del-himno-y-libro-del-125-aniversario-de-salesianos-malaga\/#respond"]}]},{"@type":"WebPage","@id":"https:\/\/malaga.salesianos.edu\/familiasalesiana\/blog\/acto-de-presentacion-del-himno-y-libro-del-125-aniversario-de-salesianos-malaga\/","url":"https:\/\/malaga.salesianos.edu\/familiasalesiana\/blog\/acto-de-presentacion-del-himno-y-libro-del-125-aniversario-de-salesianos-malaga\/","name":"Acto de presentaci\u00f3n del himno y libro del 125 aniversario de Salesianos M\u00e1laga - Familia Salesiana | Salesianos M\u00e1laga","isPartOf":{"@id":"https:\/\/malaga.salesianos.edu\/familiasalesiana\/#website"},"primaryImageOfPage":{"@id":"https:\/\/malaga.salesianos.edu\/familiasalesiana\/blog\/acto-de-presentacion-del-himno-y-libro-del-125-aniversario-de-salesianos-malaga\/#primaryimage"},"image":{"@id":"https:\/\/malaga.salesianos.edu\/familiasalesiana\/blog\/acto-de-presentacion-del-himno-y-libro-del-125-aniversario-de-salesianos-malaga\/#primaryimage"},"thumbnailUrl":"https:\/\/malaga.salesianos.edu\/familiasalesiana\/wp-content\/uploads\/sites\/8\/2019\/01\/Portadanuevarev4a_rec.jpg","datePublished":"2019-01-23T12:18:33+00:00","dateModified":"2019-01-25T11:06:01+00:00","author":{"@id":"https:\/\/malaga.salesianos.edu\/familiasalesiana\/#\/schema\/person\/fd7e7b338b40e1c817a659fe5fce718b"},"breadcrumb":{"@id":"https:\/\/malaga.salesianos.edu\/familiasalesiana\/blog\/acto-de-presentacion-del-himno-y-libro-del-125-aniversario-de-salesianos-malaga\/#breadcrumb"},"inLanguage":"es","potentialAction":[{"@type":"ReadAction","target":["https:\/\/malaga.salesianos.edu\/familiasalesiana\/blog\/acto-de-presentacion-del-himno-y-libro-del-125-aniversario-de-salesianos-malaga\/"]}]},{"@type":"ImageObject","inLanguage":"es","@id":"https:\/\/malaga.salesianos.edu\/familiasalesiana\/blog\/acto-de-presentacion-del-himno-y-libro-del-125-aniversario-de-salesianos-malaga\/#primaryimage","url":"https:\/\/malaga.salesianos.edu\/familiasalesiana\/wp-content\/uploads\/sites\/8\/2019\/01\/Portadanuevarev4a_rec.jpg","contentUrl":"https:\/\/malaga.salesianos.edu\/familiasalesiana\/wp-content\/uploads\/sites\/8\/2019\/01\/Portadanuevarev4a_rec.jpg","width":1280,"height":776},{"@type":"BreadcrumbList","@id":"https:\/\/malaga.salesianos.edu\/familiasalesiana\/blog\/acto-de-presentacion-del-himno-y-libro-del-125-aniversario-de-salesianos-malaga\/#breadcrumb","itemListElement":[{"@type":"ListItem","position":1,"name":"Portada","item":"https:\/\/malaga.salesianos.edu\/familiasalesiana\/"},{"@type":"ListItem","position":2,"name":"Acto de presentaci\u00f3n del himno y libro del 125 aniversario de Salesianos M\u00e1laga"}]},{"@type":"WebSite","@id":"https:\/\/malaga.salesianos.edu\/familiasalesiana\/#website","url":"https:\/\/malaga.salesianos.edu\/familiasalesiana\/","name":"Familia Salesiana | Salesianos M\u00e1laga","description":"Familia Salesiana | Salesianos M\u00e1laga, ADMA, Asociaci\u00f3n de antiguos alumnos, Hermandad Salesiana, Salesianos Cooperadores","potentialAction":[{"@type":"SearchAction","target":{"@type":"EntryPoint","urlTemplate":"https:\/\/malaga.salesianos.edu\/familiasalesiana\/?s={search_term_string}"},"query-input":{"@type":"PropertyValueSpecification","valueRequired":true,"valueName":"search_term_string"}}],"inLanguage":"es"},{"@type":"Person","@id":"https:\/\/malaga.salesianos.edu\/familiasalesiana\/#\/schema\/person\/fd7e7b338b40e1c817a659fe5fce718b","name":"Comunicaci\u00f3n MLG","image":{"@type":"ImageObject","inLanguage":"es","@id":"https:\/\/secure.gravatar.com\/avatar\/2ce5c66be6c7ab6b098b2ac29099a68d1cdb824afbb8aadf744614ce719778ff?s=96&d=mm&r=g","url":"https:\/\/secure.gravatar.com\/avatar\/2ce5c66be6c7ab6b098b2ac29099a68d1cdb824afbb8aadf744614ce719778ff?s=96&d=mm&r=g","contentUrl":"https:\/\/secure.gravatar.com\/avatar\/2ce5c66be6c7ab6b098b2ac29099a68d1cdb824afbb8aadf744614ce719778ff?s=96&d=mm&r=g","caption":"Comunicaci\u00f3n MLG"}}]}},"_links":{"self":[{"href":"https:\/\/malaga.salesianos.edu\/familiasalesiana\/wp-json\/wp\/v2\/posts\/8999","targetHints":{"allow":["GET"]}}],"collection":[{"href":"https:\/\/malaga.salesianos.edu\/familiasalesiana\/wp-json\/wp\/v2\/posts"}],"about":[{"href":"https:\/\/malaga.salesianos.edu\/familiasalesiana\/wp-json\/wp\/v2\/types\/post"}],"author":[{"embeddable":true,"href":"https:\/\/malaga.salesianos.edu\/familiasalesiana\/wp-json\/wp\/v2\/users\/2"}],"replies":[{"embeddable":true,"href":"https:\/\/malaga.salesianos.edu\/familiasalesiana\/wp-json\/wp\/v2\/comments?post=8999"}],"version-history":[{"count":3,"href":"https:\/\/malaga.salesianos.edu\/familiasalesiana\/wp-json\/wp\/v2\/posts\/8999\/revisions"}],"predecessor-version":[{"id":9007,"href":"https:\/\/malaga.salesianos.edu\/familiasalesiana\/wp-json\/wp\/v2\/posts\/8999\/revisions\/9007"}],"wp:featuredmedia":[{"embeddable":true,"href":"https:\/\/malaga.salesianos.edu\/familiasalesiana\/wp-json\/wp\/v2\/media\/9000"}],"wp:attachment":[{"href":"https:\/\/malaga.salesianos.edu\/familiasalesiana\/wp-json\/wp\/v2\/media?parent=8999"}],"wp:term":[{"taxonomy":"category","embeddable":true,"href":"https:\/\/malaga.salesianos.edu\/familiasalesiana\/wp-json\/wp\/v2\/categories?post=8999"},{"taxonomy":"post_tag","embeddable":true,"href":"https:\/\/malaga.salesianos.edu\/familiasalesiana\/wp-json\/wp\/v2\/tags?post=8999"}],"curies":[{"name":"wp","href":"https:\/\/api.w.org\/{rel}","templated":true}]}}