{"id":8882,"date":"2019-01-21T14:02:11","date_gmt":"2019-01-21T13:02:11","guid":{"rendered":"https:\/\/malaga.salesianos.edu\/familiasalesiana\/blog\/salesianos-en-malaga-125-anos\/"},"modified":"2019-01-21T14:17:55","modified_gmt":"2019-01-21T13:17:55","slug":"salesianos-en-malaga-125-anos","status":"publish","type":"post","link":"https:\/\/malaga.salesianos.edu\/familiasalesiana\/blog\/salesianos-en-malaga-125-anos\/","title":{"rendered":"Salesianos en M\u00e1laga, 125 a\u00f1os"},"content":{"rendered":"<p>[et_pb_section bb_built=\u00bb1&#8243; admin_label=\u00bbsection\u00bb custom_padding=\u00bb2px|0px|54px|0px\u00bb][et_pb_row admin_label=\u00bbrow\u00bb background_position=\u00bbtop_left\u00bb background_repeat=\u00bbrepeat\u00bb background_size=\u00bbinitial\u00bb][et_pb_column type=\u00bb4_4&#8243;][et_pb_text admin_label=\u00bbEntradilla\u00bb text_font=\u00bb|on|||\u00bb text_orientation=\u00bbjustified\u00bb use_border_color=\u00bboff\u00bb border_color=\u00bb#ffffff\u00bb border_style=\u00bbsolid\u00bb _builder_version=\u00bb3.19.6&#8243;]<\/p>\n<p><em><b>Art\u00edculo de D. Jos\u00e9 Diego Farr\u00e9, profesor del Colegio Salesiano \u00abSan Bartolom\u00e9\u00bb, sobre el 125 aniversario de Salesianos M\u00e1laga y publicado en Diario Sur.<\/b><\/em><\/p>\n<hr \/>\n<p>[\/et_pb_text][et_pb_text admin_label=\u00bbDesarrollo\u00bb text_orientation=\u00bbjustified\u00bb use_border_color=\u00bboff\u00bb border_color=\u00bb#ffffff\u00bb border_style=\u00bbsolid\u00bb _builder_version=\u00bb3.19.6&#8243;]<\/p>\n<div id=\"attachment_15508\" style=\"width: 252px\" class=\"wp-caption alignleft\"><a href=\"https:\/\/malaga.salesianos.edu\/familiasalesiana\/wp-content\/uploads\/sites\/8\/2019\/01\/Don-Bosco-fuenteolletas.jpg\"><img loading=\"lazy\" decoding=\"async\" aria-describedby=\"caption-attachment-15508\" class=\"wp-image-8883\" src=\"https:\/\/malaga.salesianos.edu\/familiasalesiana\/wp-content\/uploads\/sites\/8\/2019\/01\/Don-Bosco-fuenteolletas-225x300.jpg\" alt=\"\" width=\"242\" height=\"322\" srcset=\"https:\/\/malaga.salesianos.edu\/familiasalesiana\/wp-content\/uploads\/sites\/8\/2019\/01\/Don-Bosco-fuenteolletas-225x300.jpg 225w, https:\/\/malaga.salesianos.edu\/familiasalesiana\/wp-content\/uploads\/sites\/8\/2019\/01\/Don-Bosco-fuenteolletas-768x1024.jpg 768w, https:\/\/malaga.salesianos.edu\/familiasalesiana\/wp-content\/uploads\/sites\/8\/2019\/01\/Don-Bosco-fuenteolletas-1080x1440.jpg 1080w, https:\/\/malaga.salesianos.edu\/familiasalesiana\/wp-content\/uploads\/sites\/8\/2019\/01\/Don-Bosco-fuenteolletas.jpg 1200w\" sizes=\"(max-width: 242px) 100vw, 242px\" \/><\/a><p id=\"caption-attachment-15508\" class=\"wp-caption-text\">Monumento a D. Bosco en la plaza de Fuente Olletas<\/p><\/div>\n<p>La presencia salesiana en M\u00e1laga cumple 125 a\u00f1os. Efem\u00e9rides que la amplia familia salesiana malague\u00f1a cumple con emoci\u00f3n y alegr\u00eda. Emoci\u00f3n por tanto vivido en circunstancias a veces muy dif\u00edciles y alegr\u00eda al contemplar la floreciente realidad actual de la obra de los hijos de Don Bosco en M\u00e1laga. En estos 125 a\u00f1os la realidad social de nuestra ciudad ha cambiado mucho pero no por eso ha dejado de ser necesaria la aplicaci\u00f3n del \u201cm\u00e9todo preventivo\u201d, del que hablaremos m\u00e1s adelante, en una juventud desorientada que vive en un mundo confuso y cambiante.\u00a0\u00a0<\/p>\n<p>Les invito, queridos lectores a que echemos una mirada a la M\u00e1laga de 1.894. La ciudad (y su entorno), a\u00f1os antes floreciente e industriosa, est\u00e1 en plena decadencia. La filoxera, que ha hundido el comercio de vino y pasas, y una profunda crisis financiera e industrial mantienen a la ciudad bajo m\u00ednimos. M\u00e1laga hab\u00eda conocido d\u00edas mejores. Cientos de familias, tanto en el campo como en la urbe, se ve\u00edan\u00a0 de la noche a la ma\u00f1ana en la m\u00e1s oscura miseria. Cientos de ni\u00f1os y de j\u00f3venes vagaban por los arrabales malacitanos sin futuro ni formaci\u00f3n alguna para poder salir adelante. Son las miserias del primer capitalismo que ser\u00e1 un semillero de ideas revolucionarias, muchas de las cuales salpicar\u00edan de sangre a la ciudad, y a los salesianos malague\u00f1os durante la Guerra Civil.<\/p>\n<div id=\"attachment_15915\" style=\"width: 310px\" class=\"wp-caption alignright\"><a href=\"https:\/\/malaga.salesianos.edu\/familiasalesiana\/wp-content\/uploads\/sites\/8\/2019\/01\/Fachada-del-colegio-desde-la-esquina-de-la-iglesia.jpg\"><img loading=\"lazy\" decoding=\"async\" aria-describedby=\"caption-attachment-15915\" class=\"wp-image-8885 size-medium\" src=\"https:\/\/malaga.salesianos.edu\/familiasalesiana\/wp-content\/uploads\/sites\/8\/2019\/01\/Fachada-del-colegio-desde-la-esquina-de-la-iglesia-300x202.jpg\" alt=\"\" width=\"300\" height=\"202\" srcset=\"https:\/\/malaga.salesianos.edu\/familiasalesiana\/wp-content\/uploads\/sites\/8\/2019\/01\/Fachada-del-colegio-desde-la-esquina-de-la-iglesia-300x202.jpg 300w, https:\/\/malaga.salesianos.edu\/familiasalesiana\/wp-content\/uploads\/sites\/8\/2019\/01\/Fachada-del-colegio-desde-la-esquina-de-la-iglesia-768x518.jpg 768w, https:\/\/malaga.salesianos.edu\/familiasalesiana\/wp-content\/uploads\/sites\/8\/2019\/01\/Fachada-del-colegio-desde-la-esquina-de-la-iglesia.jpg 1024w\" sizes=\"(max-width: 300px) 100vw, 300px\" \/><\/a><p id=\"caption-attachment-15915\" class=\"wp-caption-text\">Fachada del Colegio desde la esquina de la Iglesia<\/p><\/div>\n<p>Cuando los hijos de Don Bosco llegan a la maltrecha M\u00e1laga sus ojos, ya acostumbrados a ver muchas miserias, pudieron, seguramente contemplar escenas muy tristes. Primero en el Oratorio desde 1894 y desde 1.897 en nuestro Colegio Salesiano de \u201cSan Bartolom\u00e9\u201d, fueron recogiendo y acogiendo a cuantos ni\u00f1os y j\u00f3venes desamparados les permit\u00edan sus pobres medios econ\u00f3micos, que ir\u00e1n a m\u00e1s gracias a las donaciones de quienes se dan cuenta del problema y de que los salesianos con su\u00a0 \u201cm\u00e9todo preventivo\u201d ofrecen soluciones reales y no ut\u00f3picas. Estos primeros y heroicos salesianos sal\u00edan por la ma\u00f1ana con un carrito y se tra\u00edan en \u00e9l a ni\u00f1os de la c\u00e1rcel o que malviv\u00edan entre ruinas y escombros y estaban en tan mal estado de salud que no pod\u00edan casi ni andar. Parece sacado de un follet\u00edn, pero las cr\u00f3nicas de la Casa Salesiana malague\u00f1a (que se salvaron de ser quemadas en la guerra gracias a las copias enviadas a la Casa Madre de Utrera) no mienten.<\/p>\n<p>Y en las aulas y los talleres de nuestro colegio de \u201cSan Bartolom\u00e9\u201d recib\u00edan una formaci\u00f3n como personas, dignificando su vida, gracias al cari\u00f1o y al trato humanizado (revolucionario en la pedagog\u00eda de su tiempo) que son la marca distintiva del \u201cM\u00e9todo Preventivo en la Educaci\u00f3n\u201d, y una formaci\u00f3n profesional que les permit\u00eda salir adelante y formar familia. Hay que dejar claro que la obra de Don Bosco no es simplemente una \u201cobra p\u00eda\u201d sufragada por la burgues\u00eda de su tiempo para acallar conciencias .Si fuera as\u00ed\u00a0 no hubiera sobrevivido al paso del tiempo. Se trata de una respuesta social y realista a un problema tan evidente como poco atendido.\u00a0<\/p>\n<div id=\"attachment_1996\" style=\"width: 310px\" class=\"wp-caption alignleft\"><img loading=\"lazy\" decoding=\"async\" aria-describedby=\"caption-attachment-1996\" class=\"wp-image-8887 size-medium\" src=\"https:\/\/malaga.salesianos.edu\/familiasalesiana\/wp-content\/uploads\/sites\/8\/2019\/01\/taller-de-ajuste-con-el-profesor-y-sus-alumnos-300x211.jpg\" alt=\"\" width=\"300\" height=\"211\" srcset=\"https:\/\/malaga.salesianos.edu\/familiasalesiana\/wp-content\/uploads\/sites\/8\/2019\/01\/taller-de-ajuste-con-el-profesor-y-sus-alumnos-300x211.jpg 300w, https:\/\/malaga.salesianos.edu\/familiasalesiana\/wp-content\/uploads\/sites\/8\/2019\/01\/taller-de-ajuste-con-el-profesor-y-sus-alumnos-768x540.jpg 768w, https:\/\/malaga.salesianos.edu\/familiasalesiana\/wp-content\/uploads\/sites\/8\/2019\/01\/taller-de-ajuste-con-el-profesor-y-sus-alumnos.jpg 1024w\" sizes=\"(max-width: 300px) 100vw, 300px\" \/><p id=\"caption-attachment-1996\" class=\"wp-caption-text\">Taller de ajuste con el profesor y sus alumnos<\/p><\/div>\n<p>En los 125 a\u00f1os de presencia en M\u00e1laga la aplicaci\u00f3n del sistema educativo de Don Bosco no ha dejado de atender a los j\u00f3venes en una labor a la vez profundamente evangelizadora y laboralmente formativa. Hoy los salesianos no tienen carrito para recoger ni\u00f1os abandonados, hambrientos y enfermos. No. Pero hay nuevas pobrezas, nuevas miserias y nuevos retos. Hemos mejorado mucho en lo material pero el alma juvenil sigue padeciendo\u00a0 las\u00a0 mismas lacras y quiz\u00e1s algunas nuevas provenientes de la desintegraci\u00f3n de la vida familiar, el hundimiento de los criterios morales y el relativismo con el que los j\u00f3venes encaran su vida. Los salesianos afrontan las \u201cnuevas pobrezas\u201d juveniles partiendo de una visi\u00f3n esperanzadora de la juventud. En nuestros centros creemos en los j\u00f3venes y los hacemos protagonistas de su educaci\u00f3n y su futuro.<\/p>\n<p>En su M\u00e9todo Preventivo Don Bosco , situando\u00a0 al educador como un tutor que ba\u00f1a al ni\u00f1o en una atm\u00f3sfera permanente de alegr\u00eda, para que\u00a0 las almas infantiles y juveniles se dilaten, destierren el aburrimiento y para que nazca la confianza entre el alumno y el educador, crea un sistema educativo fascinante que sedujo a miles de personas en todo el mundo y que permiti\u00f3 el emerger triunfante y casi mete\u00f3rico de la Sociedad Salesiana.<\/p>\n<div id=\"attachment_15878\" style=\"width: 310px\" class=\"wp-caption alignright\"><a href=\"https:\/\/malaga.salesianos.edu\/familiasalesiana\/wp-content\/uploads\/sites\/8\/2019\/01\/Salesianos_Colegio_exterior_1280.jpg\"><img loading=\"lazy\" decoding=\"async\" aria-describedby=\"caption-attachment-15878\" class=\"wp-image-8869 size-medium\" src=\"https:\/\/malaga.salesianos.edu\/familiasalesiana\/wp-content\/uploads\/sites\/8\/2019\/01\/Salesianos_Colegio_exterior_1280-300x206.jpg\" alt=\"\" width=\"300\" height=\"206\" srcset=\"https:\/\/malaga.salesianos.edu\/familiasalesiana\/wp-content\/uploads\/sites\/8\/2019\/01\/Salesianos_Colegio_exterior_1280-300x206.jpg 300w, https:\/\/malaga.salesianos.edu\/familiasalesiana\/wp-content\/uploads\/sites\/8\/2019\/01\/Salesianos_Colegio_exterior_1280-768x526.jpg 768w, https:\/\/malaga.salesianos.edu\/familiasalesiana\/wp-content\/uploads\/sites\/8\/2019\/01\/Salesianos_Colegio_exterior_1280-1024x702.jpg 1024w, https:\/\/malaga.salesianos.edu\/familiasalesiana\/wp-content\/uploads\/sites\/8\/2019\/01\/Salesianos_Colegio_exterior_1280-1080x740.jpg 1080w, https:\/\/malaga.salesianos.edu\/familiasalesiana\/wp-content\/uploads\/sites\/8\/2019\/01\/Salesianos_Colegio_exterior_1280.jpg 1280w\" sizes=\"(max-width: 300px) 100vw, 300px\" \/><\/a><p id=\"caption-attachment-15878\" class=\"wp-caption-text\">Fachada actual de Salesianos M\u00e1laga<\/p><\/div>\n<p>Y es, pues, esta alegr\u00eda educadora, este ganarse el coraz\u00f3n del alumno, el que permite eliminar los castigos f\u00edsicos e ignominiosos, que Don Bosco repudia clara y tajantemente en su m\u00e9todo: \u201cSin amor no puede haber confianza y sin confianza no puede haber educaci\u00f3n\u201d.<\/p>\n<p>Es, por tanto, la educaci\u00f3n salesiana un resultado del amor. Cuando el\u00a0 alumno se siente en un ambiente familiar en el que es querido y aceptado como persona ( y pensemos en los primeros alumnos de los colegios salesianos: ni\u00f1os abandonados, desechos de la sociedad de su tiempo) se produce el milagro por el que el maestro tiene con seguridad en sus manos el coraz\u00f3n del alumno y puede con procedimientos suaves, sin choques ni sacudimientos, llevarlo hacia la cultura y la religi\u00f3n.<\/p>\n<p>\u00a0<\/p>\n<p>Y eso ha permitido a la Sociedad Salesiana estar activamente presente en m\u00e1s de 130 pa\u00edses a lo largo y ancho de nuestro atribulado planeta. Una suerte para nuestra ciudad el contar con una de estas presencias salesianas. Y los malague\u00f1os lo saben y por eso arropan a la obra de los hijos de Don Bosco, que cuentan con la Medalla de la Ciudad, con cari\u00f1o y con lealtad. \u00a1Feliz 125 aniversario!<\/p>\n<p><strong>JOS\u00c9 DIEGO FARR\u00c9 PORTALES<\/strong>. Profesor del Colegio Salesiano.<\/p>\n<p>PUBLICADO EN\u00a0 DIARIO SUR. 20-1-19<\/p>\n<p>[\/et_pb_text][et_pb_image _builder_version=\u00bb3.19.6&#8243; src=\u00bbhttps:\/\/malaga.salesianos.edu\/wp-content\/uploads\/2018\/11\/Logo125apaisado.jpg\u00bb show_in_lightbox=\u00bbon\u00bb animation_style=\u00bbbounce\u00bb \/][\/et_pb_column][\/et_pb_row][\/et_pb_section]<\/p>\n","protected":false},"excerpt":{"rendered":"<p>Art\u00edculo de D. Jos\u00e9 Diego Farr\u00e9, profesor del Colegio Salesiano \u00abSan Bartolom\u00e9\u00bb, sobre el 125 aniversario de Salesianos M\u00e1laga y publicado en Diario Sur.<\/p>\n","protected":false},"author":49,"featured_media":8611,"comment_status":"open","ping_status":"open","sticky":false,"template":"","format":"standard","meta":{"_et_pb_use_builder":"on","_et_pb_old_content":"","_et_gb_content_width":"","footnotes":""},"categories":[168,113,101],"tags":[],"class_list":["post-8882","post","type-post","status-publish","format-standard","has-post-thumbnail","hentry","category-125-aniversario","category-casa","category-familia-salesiana"],"yoast_head":"<!-- This site is optimized with the Yoast SEO plugin v28.3 - https:\/\/yoast.com\/product\/yoast-seo-wordpress\/ -->\n<title>Salesianos en M\u00e1laga, 125 a\u00f1os - Familia Salesiana | Salesianos M\u00e1laga<\/title>\n<meta name=\"robots\" content=\"index, follow, max-snippet:-1, max-image-preview:large, max-video-preview:-1\" \/>\n<link rel=\"canonical\" href=\"https:\/\/malaga.salesianos.edu\/familiasalesiana\/blog\/salesianos-en-malaga-125-anos\/\" \/>\n<meta property=\"og:locale\" content=\"es_ES\" \/>\n<meta property=\"og:type\" content=\"article\" \/>\n<meta property=\"og:title\" content=\"Salesianos en M\u00e1laga, 125 a\u00f1os - Familia Salesiana | Salesianos M\u00e1laga\" \/>\n<meta property=\"og:description\" content=\"Art\u00edculo de D. Jos\u00e9 Diego Farr\u00e9, profesor del Colegio Salesiano &quot;San Bartolom\u00e9&quot;, sobre el 125 aniversario de Salesianos M\u00e1laga y publicado en Diario Sur.\" \/>\n<meta property=\"og:url\" content=\"https:\/\/malaga.salesianos.edu\/familiasalesiana\/blog\/salesianos-en-malaga-125-anos\/\" \/>\n<meta property=\"og:site_name\" content=\"Familia Salesiana | Salesianos M\u00e1laga\" \/>\n<meta property=\"article:published_time\" content=\"2019-01-21T13:02:11+00:00\" \/>\n<meta property=\"article:modified_time\" content=\"2019-01-21T13:17:55+00:00\" \/>\n<meta property=\"og:image\" content=\"https:\/\/malaga.salesianos.edu\/familiasalesiana\/wp-content\/uploads\/sites\/8\/2018\/11\/Santuario.jpg\" \/>\n\t<meta property=\"og:image:width\" content=\"1\" \/>\n\t<meta property=\"og:image:height\" content=\"1\" \/>\n\t<meta property=\"og:image:type\" content=\"image\/jpeg\" \/>\n<meta name=\"twitter:card\" content=\"summary_large_image\" \/>\n<meta name=\"twitter:label1\" content=\"Escrito por\" \/>\n\t<meta name=\"twitter:data1\" content=\"\" \/>\n\t<meta name=\"twitter:label2\" content=\"Tiempo de lectura\" \/>\n\t<meta name=\"twitter:data2\" content=\"6 minutos\" \/>\n<script type=\"application\/ld+json\" class=\"yoast-schema-graph\">{\"@context\":\"https:\\\/\\\/schema.org\",\"@graph\":[{\"@type\":\"Article\",\"@id\":\"https:\\\/\\\/malaga.salesianos.edu\\\/familiasalesiana\\\/blog\\\/salesianos-en-malaga-125-anos\\\/#article\",\"isPartOf\":{\"@id\":\"https:\\\/\\\/malaga.salesianos.edu\\\/familiasalesiana\\\/blog\\\/salesianos-en-malaga-125-anos\\\/\"},\"author\":{\"name\":\"\",\"@id\":\"\"},\"headline\":\"Salesianos en M\u00e1laga, 125 a\u00f1os\",\"datePublished\":\"2019-01-21T13:02:11+00:00\",\"dateModified\":\"2019-01-21T13:17:55+00:00\",\"mainEntityOfPage\":{\"@id\":\"https:\\\/\\\/malaga.salesianos.edu\\\/familiasalesiana\\\/blog\\\/salesianos-en-malaga-125-anos\\\/\"},\"wordCount\":1209,\"commentCount\":0,\"image\":{\"@id\":\"https:\\\/\\\/malaga.salesianos.edu\\\/familiasalesiana\\\/blog\\\/salesianos-en-malaga-125-anos\\\/#primaryimage\"},\"thumbnailUrl\":\"https:\\\/\\\/malaga.salesianos.edu\\\/familiasalesiana\\\/wp-content\\\/uploads\\\/sites\\\/8\\\/2018\\\/11\\\/Santuario.jpg\",\"articleSection\":[\"125 aniversario\",\"Casa\",\"Familia Salesiana\"],\"inLanguage\":\"es\",\"potentialAction\":[{\"@type\":\"CommentAction\",\"name\":\"Comment\",\"target\":[\"https:\\\/\\\/malaga.salesianos.edu\\\/familiasalesiana\\\/blog\\\/salesianos-en-malaga-125-anos\\\/#respond\"]}]},{\"@type\":\"WebPage\",\"@id\":\"https:\\\/\\\/malaga.salesianos.edu\\\/familiasalesiana\\\/blog\\\/salesianos-en-malaga-125-anos\\\/\",\"url\":\"https:\\\/\\\/malaga.salesianos.edu\\\/familiasalesiana\\\/blog\\\/salesianos-en-malaga-125-anos\\\/\",\"name\":\"Salesianos en M\u00e1laga, 125 a\u00f1os - Familia Salesiana | Salesianos M\u00e1laga\",\"isPartOf\":{\"@id\":\"https:\\\/\\\/malaga.salesianos.edu\\\/familiasalesiana\\\/#website\"},\"primaryImageOfPage\":{\"@id\":\"https:\\\/\\\/malaga.salesianos.edu\\\/familiasalesiana\\\/blog\\\/salesianos-en-malaga-125-anos\\\/#primaryimage\"},\"image\":{\"@id\":\"https:\\\/\\\/malaga.salesianos.edu\\\/familiasalesiana\\\/blog\\\/salesianos-en-malaga-125-anos\\\/#primaryimage\"},\"thumbnailUrl\":\"https:\\\/\\\/malaga.salesianos.edu\\\/familiasalesiana\\\/wp-content\\\/uploads\\\/sites\\\/8\\\/2018\\\/11\\\/Santuario.jpg\",\"datePublished\":\"2019-01-21T13:02:11+00:00\",\"dateModified\":\"2019-01-21T13:17:55+00:00\",\"author\":{\"@id\":\"\"},\"breadcrumb\":{\"@id\":\"https:\\\/\\\/malaga.salesianos.edu\\\/familiasalesiana\\\/blog\\\/salesianos-en-malaga-125-anos\\\/#breadcrumb\"},\"inLanguage\":\"es\",\"potentialAction\":[{\"@type\":\"ReadAction\",\"target\":[\"https:\\\/\\\/malaga.salesianos.edu\\\/familiasalesiana\\\/blog\\\/salesianos-en-malaga-125-anos\\\/\"]}]},{\"@type\":\"ImageObject\",\"inLanguage\":\"es\",\"@id\":\"https:\\\/\\\/malaga.salesianos.edu\\\/familiasalesiana\\\/blog\\\/salesianos-en-malaga-125-anos\\\/#primaryimage\",\"url\":\"https:\\\/\\\/malaga.salesianos.edu\\\/familiasalesiana\\\/wp-content\\\/uploads\\\/sites\\\/8\\\/2018\\\/11\\\/Santuario.jpg\",\"contentUrl\":\"https:\\\/\\\/malaga.salesianos.edu\\\/familiasalesiana\\\/wp-content\\\/uploads\\\/sites\\\/8\\\/2018\\\/11\\\/Santuario.jpg\"},{\"@type\":\"BreadcrumbList\",\"@id\":\"https:\\\/\\\/malaga.salesianos.edu\\\/familiasalesiana\\\/blog\\\/salesianos-en-malaga-125-anos\\\/#breadcrumb\",\"itemListElement\":[{\"@type\":\"ListItem\",\"position\":1,\"name\":\"Portada\",\"item\":\"https:\\\/\\\/malaga.salesianos.edu\\\/familiasalesiana\\\/\"},{\"@type\":\"ListItem\",\"position\":2,\"name\":\"Salesianos en M\u00e1laga, 125 a\u00f1os\"}]},{\"@type\":\"WebSite\",\"@id\":\"https:\\\/\\\/malaga.salesianos.edu\\\/familiasalesiana\\\/#website\",\"url\":\"https:\\\/\\\/malaga.salesianos.edu\\\/familiasalesiana\\\/\",\"name\":\"Familia Salesiana | Salesianos M\u00e1laga\",\"description\":\"Familia Salesiana | Salesianos M\u00e1laga, ADMA, Asociaci\u00f3n de antiguos alumnos, Hermandad Salesiana, Salesianos Cooperadores\",\"potentialAction\":[{\"@type\":\"SearchAction\",\"target\":{\"@type\":\"EntryPoint\",\"urlTemplate\":\"https:\\\/\\\/malaga.salesianos.edu\\\/familiasalesiana\\\/?s={search_term_string}\"},\"query-input\":{\"@type\":\"PropertyValueSpecification\",\"valueRequired\":true,\"valueName\":\"search_term_string\"}}],\"inLanguage\":\"es\"},{\"@type\":\"Person\",\"@id\":\"\"}]}<\/script>\n<!-- \/ Yoast SEO plugin. -->","yoast_head_json":{"title":"Salesianos en M\u00e1laga, 125 a\u00f1os - Familia Salesiana | Salesianos M\u00e1laga","robots":{"index":"index","follow":"follow","max-snippet":"max-snippet:-1","max-image-preview":"max-image-preview:large","max-video-preview":"max-video-preview:-1"},"canonical":"https:\/\/malaga.salesianos.edu\/familiasalesiana\/blog\/salesianos-en-malaga-125-anos\/","og_locale":"es_ES","og_type":"article","og_title":"Salesianos en M\u00e1laga, 125 a\u00f1os - Familia Salesiana | Salesianos M\u00e1laga","og_description":"Art\u00edculo de D. Jos\u00e9 Diego Farr\u00e9, profesor del Colegio Salesiano \"San Bartolom\u00e9\", sobre el 125 aniversario de Salesianos M\u00e1laga y publicado en Diario Sur.","og_url":"https:\/\/malaga.salesianos.edu\/familiasalesiana\/blog\/salesianos-en-malaga-125-anos\/","og_site_name":"Familia Salesiana | Salesianos M\u00e1laga","article_published_time":"2019-01-21T13:02:11+00:00","article_modified_time":"2019-01-21T13:17:55+00:00","og_image":[{"url":"https:\/\/malaga.salesianos.edu\/familiasalesiana\/wp-content\/uploads\/sites\/8\/2018\/11\/Santuario.jpg","width":1,"height":1,"type":"image\/jpeg"}],"twitter_card":"summary_large_image","twitter_misc":{"Escrito por":"","Tiempo de lectura":"6 minutos"},"schema":{"@context":"https:\/\/schema.org","@graph":[{"@type":"Article","@id":"https:\/\/malaga.salesianos.edu\/familiasalesiana\/blog\/salesianos-en-malaga-125-anos\/#article","isPartOf":{"@id":"https:\/\/malaga.salesianos.edu\/familiasalesiana\/blog\/salesianos-en-malaga-125-anos\/"},"author":{"name":"","@id":""},"headline":"Salesianos en M\u00e1laga, 125 a\u00f1os","datePublished":"2019-01-21T13:02:11+00:00","dateModified":"2019-01-21T13:17:55+00:00","mainEntityOfPage":{"@id":"https:\/\/malaga.salesianos.edu\/familiasalesiana\/blog\/salesianos-en-malaga-125-anos\/"},"wordCount":1209,"commentCount":0,"image":{"@id":"https:\/\/malaga.salesianos.edu\/familiasalesiana\/blog\/salesianos-en-malaga-125-anos\/#primaryimage"},"thumbnailUrl":"https:\/\/malaga.salesianos.edu\/familiasalesiana\/wp-content\/uploads\/sites\/8\/2018\/11\/Santuario.jpg","articleSection":["125 aniversario","Casa","Familia Salesiana"],"inLanguage":"es","potentialAction":[{"@type":"CommentAction","name":"Comment","target":["https:\/\/malaga.salesianos.edu\/familiasalesiana\/blog\/salesianos-en-malaga-125-anos\/#respond"]}]},{"@type":"WebPage","@id":"https:\/\/malaga.salesianos.edu\/familiasalesiana\/blog\/salesianos-en-malaga-125-anos\/","url":"https:\/\/malaga.salesianos.edu\/familiasalesiana\/blog\/salesianos-en-malaga-125-anos\/","name":"Salesianos en M\u00e1laga, 125 a\u00f1os - Familia Salesiana | Salesianos M\u00e1laga","isPartOf":{"@id":"https:\/\/malaga.salesianos.edu\/familiasalesiana\/#website"},"primaryImageOfPage":{"@id":"https:\/\/malaga.salesianos.edu\/familiasalesiana\/blog\/salesianos-en-malaga-125-anos\/#primaryimage"},"image":{"@id":"https:\/\/malaga.salesianos.edu\/familiasalesiana\/blog\/salesianos-en-malaga-125-anos\/#primaryimage"},"thumbnailUrl":"https:\/\/malaga.salesianos.edu\/familiasalesiana\/wp-content\/uploads\/sites\/8\/2018\/11\/Santuario.jpg","datePublished":"2019-01-21T13:02:11+00:00","dateModified":"2019-01-21T13:17:55+00:00","author":{"@id":""},"breadcrumb":{"@id":"https:\/\/malaga.salesianos.edu\/familiasalesiana\/blog\/salesianos-en-malaga-125-anos\/#breadcrumb"},"inLanguage":"es","potentialAction":[{"@type":"ReadAction","target":["https:\/\/malaga.salesianos.edu\/familiasalesiana\/blog\/salesianos-en-malaga-125-anos\/"]}]},{"@type":"ImageObject","inLanguage":"es","@id":"https:\/\/malaga.salesianos.edu\/familiasalesiana\/blog\/salesianos-en-malaga-125-anos\/#primaryimage","url":"https:\/\/malaga.salesianos.edu\/familiasalesiana\/wp-content\/uploads\/sites\/8\/2018\/11\/Santuario.jpg","contentUrl":"https:\/\/malaga.salesianos.edu\/familiasalesiana\/wp-content\/uploads\/sites\/8\/2018\/11\/Santuario.jpg"},{"@type":"BreadcrumbList","@id":"https:\/\/malaga.salesianos.edu\/familiasalesiana\/blog\/salesianos-en-malaga-125-anos\/#breadcrumb","itemListElement":[{"@type":"ListItem","position":1,"name":"Portada","item":"https:\/\/malaga.salesianos.edu\/familiasalesiana\/"},{"@type":"ListItem","position":2,"name":"Salesianos en M\u00e1laga, 125 a\u00f1os"}]},{"@type":"WebSite","@id":"https:\/\/malaga.salesianos.edu\/familiasalesiana\/#website","url":"https:\/\/malaga.salesianos.edu\/familiasalesiana\/","name":"Familia Salesiana | Salesianos M\u00e1laga","description":"Familia Salesiana | Salesianos M\u00e1laga, ADMA, Asociaci\u00f3n de antiguos alumnos, Hermandad Salesiana, Salesianos Cooperadores","potentialAction":[{"@type":"SearchAction","target":{"@type":"EntryPoint","urlTemplate":"https:\/\/malaga.salesianos.edu\/familiasalesiana\/?s={search_term_string}"},"query-input":{"@type":"PropertyValueSpecification","valueRequired":true,"valueName":"search_term_string"}}],"inLanguage":"es"},{"@type":"Person","@id":""}]}},"_links":{"self":[{"href":"https:\/\/malaga.salesianos.edu\/familiasalesiana\/wp-json\/wp\/v2\/posts\/8882","targetHints":{"allow":["GET"]}}],"collection":[{"href":"https:\/\/malaga.salesianos.edu\/familiasalesiana\/wp-json\/wp\/v2\/posts"}],"about":[{"href":"https:\/\/malaga.salesianos.edu\/familiasalesiana\/wp-json\/wp\/v2\/types\/post"}],"author":[{"embeddable":true,"href":"https:\/\/malaga.salesianos.edu\/familiasalesiana\/wp-json\/wp\/v2\/users\/49"}],"replies":[{"embeddable":true,"href":"https:\/\/malaga.salesianos.edu\/familiasalesiana\/wp-json\/wp\/v2\/comments?post=8882"}],"version-history":[{"count":59,"href":"https:\/\/malaga.salesianos.edu\/familiasalesiana\/wp-json\/wp\/v2\/posts\/8882\/revisions"}],"predecessor-version":[{"id":8994,"href":"https:\/\/malaga.salesianos.edu\/familiasalesiana\/wp-json\/wp\/v2\/posts\/8882\/revisions\/8994"}],"wp:featuredmedia":[{"embeddable":true,"href":"https:\/\/malaga.salesianos.edu\/familiasalesiana\/wp-json\/wp\/v2\/media\/8611"}],"wp:attachment":[{"href":"https:\/\/malaga.salesianos.edu\/familiasalesiana\/wp-json\/wp\/v2\/media?parent=8882"}],"wp:term":[{"taxonomy":"category","embeddable":true,"href":"https:\/\/malaga.salesianos.edu\/familiasalesiana\/wp-json\/wp\/v2\/categories?post=8882"},{"taxonomy":"post_tag","embeddable":true,"href":"https:\/\/malaga.salesianos.edu\/familiasalesiana\/wp-json\/wp\/v2\/tags?post=8882"}],"curies":[{"name":"wp","href":"https:\/\/api.w.org\/{rel}","templated":true}]}}