{"id":8824,"date":"2018-12-30T20:39:32","date_gmt":"2018-12-30T19:39:32","guid":{"rendered":"https:\/\/malaga.salesianos.edu\/familiasalesiana\/blog\/2019-no-es-un-ano-cualquiera\/"},"modified":"2019-01-07T22:03:25","modified_gmt":"2019-01-07T21:03:25","slug":"2019-no-es-un-ano-cualquiera","status":"publish","type":"post","link":"https:\/\/malaga.salesianos.edu\/familiasalesiana\/blog\/2019-no-es-un-ano-cualquiera\/","title":{"rendered":"2019, no es un a\u00f1o cualquiera"},"content":{"rendered":"<p>[et_pb_section bb_built=\u00bb1&#8243; admin_label=\u00bbsection\u00bb custom_padding=\u00bb2px|0px|54px|0px\u00bb][et_pb_row admin_label=\u00bbrow\u00bb background_position=\u00bbtop_left\u00bb background_repeat=\u00bbrepeat\u00bb background_size=\u00bbinitial\u00bb][et_pb_column type=\u00bb4_4&#8243;][et_pb_text admin_label=\u00bbEntradilla\u00bb text_font=\u00bb|on|||\u00bb text_orientation=\u00bbjustified\u00bb use_border_color=\u00bboff\u00bb border_color=\u00bb#ffffff\u00bb border_style=\u00bbsolid\u00bb _builder_version=\u00bb3.19&#8243;]<\/p>\n<p><em><strong>2019 Seguimos so\u00f1ando juntos con ellos, por ellos, por todos.<\/strong><\/em><\/p>\n<hr \/>\n<p>[\/et_pb_text][et_pb_text admin_label=\u00bbDesarrollo\u00bb text_orientation=\u00bbjustified\u00bb use_border_color=\u00bboff\u00bb border_color=\u00bb#ffffff\u00bb border_style=\u00bbsolid\u00bb _builder_version=\u00bb3.19&#8243;]<\/p>\n<div id=\"attachment_15742\" style=\"width: 160px\" class=\"wp-caption alignleft\"><img loading=\"lazy\" decoding=\"async\" aria-describedby=\"caption-attachment-15742\" class=\"wp-image-8810 size-thumbnail\" src=\"https:\/\/malaga.salesianos.edu\/familiasalesiana\/wp-content\/uploads\/sites\/8\/2019\/01\/antonio-Gil-150x150.jpg\" alt=\"\" width=\"150\" height=\"150\" \/><p id=\"caption-attachment-15742\" class=\"wp-caption-text\">D. Antonio Gil, Director<\/p><\/div>\n<p class=\"Standard\" style=\"text-align: justify; text-justify: inter-ideograph;\"><span style=\"font-family: 'Arial',sans-serif;\">La sutil frontera entre el \u00faltimo minuto de este 31 de diciembre y el primero del 1 de enero se convierte para ti y para m\u00ed, querida Familia Salesiana, educadores todos y amigos, en un territorio simb\u00f3lico, y nos ofrece una oportunidad real de atesorar en el coraz\u00f3n sue\u00f1os, ilusiones, encerrando en un instante 125 a\u00f1os &#8230;\u00a1FELIZ ANIVERSARIO!<\/span><\/p>\n<p><span style=\"font-family: 'Arial',sans-serif;\">Ayer 2018 era otro a\u00f1o, durante el que hemos preparado con mimo momentos que deseamos llenos de vida en 2019, inquietudes y deseos, pero ma\u00f1ana es ya otro a\u00f1o, y viene henchido de vida para celebrar, y revivir muchos sue\u00f1os de 125 a\u00f1os.<\/span><\/p>\n<p><span style=\"font-family: 'Arial',sans-serif;\">Y aunque aparentemente amanecer\u00e1 con el mismo sol, los d\u00edas iguales, el mismo aire, el mismo ambiente, la misma semana, todo puede ser distinto, m\u00e1s emotivo, m\u00e1s pleno, m\u00e1s jubilar&#8230;<\/span><span style=\"font-family: 'Arial',sans-serif;\">\u00a0<\/span><\/p>\n<p><span style=\"font-family: 'Arial',sans-serif;\">Mutuamente nos debemos invitar a lograr que todas tus ma\u00f1anas en 2019 sean brillantes, ll\u00e9nate de optimismo, saborea conmigo los acontecimientos\u2026 porque t\u00fa y yo SO\u00d1AMOS JUNTOS. Desde los primeros minutos de este enero, que nos llena D. Bosco, caminaremos juntos con paz, amor, afirmados en la fe, con esperanzas nuevas, ayudando y sirviendo a los dem\u00e1s, cerquita de Dios con Dios para caminar de su mano&#8230; 125 a\u00f1os despu\u00e9s&#8230;bendecidos por Ella, la Madre del Ni\u00f1o-Dios.<\/span><\/p>\n<p><span style=\"font-family: 'Arial',sans-serif;\">Y los Reyes har\u00e1n vida el mensaje de paz como un gran regalo. S\u00ed, la sutil frontera entre el \u00faltimo minuto de este 31 de diciembre18 y el primero de ma\u00f1ana 1 de enero19\u2026 marca la historia de esta Casa con un \u00a1gracias! por el pasado, con un \u00a1bienvenid@! a la aventura de vivir profundamente un tiempo nuevo\u2026 125 a\u00f1os despu\u00e9s, porque el 2019 NO ES UN A\u00d1O CUALQUIERA<\/span><\/p>\n<p><span style=\"font-family: 'Arial',sans-serif;\">Un abrazo, <\/span>Antonio<\/p>\n<p>[\/et_pb_text][et_pb_image _builder_version=\u00bb3.19.3&#8243; src=\u00bbhttps:\/\/malaga.salesianos.edu\/wp-content\/uploads\/2019\/01\/Feliz-2019.png\u00bb animation_style=\u00bbroll\u00bb \/][\/et_pb_column][\/et_pb_row][\/et_pb_section]<\/p>\n","protected":false},"excerpt":{"rendered":"<p>La sutil frontera entre el \u00faltimo minuto de este 31 de diciembre y el primero del 1 de enero nos ofrece una oportunidad real de atesorar en el coraz\u00f3n sue\u00f1os, ilusiones, encerrando en un instante 125 a\u00f1os \u2026\u00a1FELIZ ANIVERSARIO!<\/p>\n","protected":false},"author":11,"featured_media":8842,"comment_status":"open","ping_status":"open","sticky":false,"template":"","format":"standard","meta":{"_et_pb_use_builder":"on","_et_pb_old_content":"","_et_gb_content_width":"","footnotes":""},"categories":[168,113,10,169,101],"tags":[],"class_list":["post-8824","post","type-post","status-publish","format-standard","has-post-thumbnail","hentry","category-125-aniversario","category-casa","category-colegio","category-destacado-1","category-familia-salesiana"],"yoast_head":"<!-- This site is optimized with the Yoast SEO plugin v28.3 - https:\/\/yoast.com\/product\/yoast-seo-wordpress\/ -->\n<title>2019, no es un a\u00f1o cualquiera - Familia Salesiana | Salesianos M\u00e1laga<\/title>\n<meta name=\"robots\" content=\"index, follow, max-snippet:-1, max-image-preview:large, max-video-preview:-1\" \/>\n<link rel=\"canonical\" href=\"https:\/\/malaga.salesianos.edu\/familiasalesiana\/blog\/2019-no-es-un-ano-cualquiera\/\" \/>\n<meta property=\"og:locale\" content=\"es_ES\" \/>\n<meta property=\"og:type\" content=\"article\" \/>\n<meta property=\"og:title\" content=\"2019, no es un a\u00f1o cualquiera - Familia Salesiana | Salesianos M\u00e1laga\" \/>\n<meta property=\"og:description\" content=\"La sutil frontera entre el \u00faltimo minuto de este 31 de diciembre y el primero del 1 de enero nos ofrece una oportunidad real de atesorar en el coraz\u00f3n sue\u00f1os, ilusiones, encerrando en un instante 125 a\u00f1os \u2026\u00a1FELIZ ANIVERSARIO!\" \/>\n<meta property=\"og:url\" content=\"https:\/\/malaga.salesianos.edu\/familiasalesiana\/blog\/2019-no-es-un-ano-cualquiera\/\" \/>\n<meta property=\"og:site_name\" content=\"Familia Salesiana | Salesianos M\u00e1laga\" \/>\n<meta property=\"article:published_time\" content=\"2018-12-30T19:39:32+00:00\" \/>\n<meta property=\"article:modified_time\" content=\"2019-01-07T21:03:25+00:00\" \/>\n<meta property=\"og:image\" content=\"https:\/\/malaga.salesianos.edu\/familiasalesiana\/wp-content\/uploads\/sites\/8\/2019\/01\/Feliz-2019-1080x675_rec.png\" \/>\n\t<meta property=\"og:image:width\" content=\"1080\" \/>\n\t<meta property=\"og:image:height\" content=\"640\" \/>\n\t<meta property=\"og:image:type\" content=\"image\/png\" \/>\n<meta name=\"twitter:card\" content=\"summary_large_image\" \/>\n<meta name=\"twitter:label1\" content=\"Escrito por\" \/>\n\t<meta name=\"twitter:data1\" content=\"\" \/>\n\t<meta name=\"twitter:label2\" content=\"Tiempo de lectura\" \/>\n\t<meta name=\"twitter:data2\" content=\"2 minutos\" \/>\n<script type=\"application\/ld+json\" class=\"yoast-schema-graph\">{\"@context\":\"https:\\\/\\\/schema.org\",\"@graph\":[{\"@type\":\"Article\",\"@id\":\"https:\\\/\\\/malaga.salesianos.edu\\\/familiasalesiana\\\/blog\\\/2019-no-es-un-ano-cualquiera\\\/#article\",\"isPartOf\":{\"@id\":\"https:\\\/\\\/malaga.salesianos.edu\\\/familiasalesiana\\\/blog\\\/2019-no-es-un-ano-cualquiera\\\/\"},\"author\":{\"name\":\"\",\"@id\":\"\"},\"headline\":\"2019, no es un a\u00f1o cualquiera\",\"datePublished\":\"2018-12-30T19:39:32+00:00\",\"dateModified\":\"2019-01-07T21:03:25+00:00\",\"mainEntityOfPage\":{\"@id\":\"https:\\\/\\\/malaga.salesianos.edu\\\/familiasalesiana\\\/blog\\\/2019-no-es-un-ano-cualquiera\\\/\"},\"wordCount\":431,\"commentCount\":0,\"image\":{\"@id\":\"https:\\\/\\\/malaga.salesianos.edu\\\/familiasalesiana\\\/blog\\\/2019-no-es-un-ano-cualquiera\\\/#primaryimage\"},\"thumbnailUrl\":\"https:\\\/\\\/malaga.salesianos.edu\\\/familiasalesiana\\\/wp-content\\\/uploads\\\/sites\\\/8\\\/2019\\\/01\\\/Feliz-2019-1080x675_rec.png\",\"articleSection\":[\"125 aniversario\",\"Casa\",\"Colegio\",\"Destacado Colegio\",\"Familia Salesiana\"],\"inLanguage\":\"es\",\"potentialAction\":[{\"@type\":\"CommentAction\",\"name\":\"Comment\",\"target\":[\"https:\\\/\\\/malaga.salesianos.edu\\\/familiasalesiana\\\/blog\\\/2019-no-es-un-ano-cualquiera\\\/#respond\"]}]},{\"@type\":\"WebPage\",\"@id\":\"https:\\\/\\\/malaga.salesianos.edu\\\/familiasalesiana\\\/blog\\\/2019-no-es-un-ano-cualquiera\\\/\",\"url\":\"https:\\\/\\\/malaga.salesianos.edu\\\/familiasalesiana\\\/blog\\\/2019-no-es-un-ano-cualquiera\\\/\",\"name\":\"2019, no es un a\u00f1o cualquiera - Familia Salesiana | Salesianos M\u00e1laga\",\"isPartOf\":{\"@id\":\"https:\\\/\\\/malaga.salesianos.edu\\\/familiasalesiana\\\/#website\"},\"primaryImageOfPage\":{\"@id\":\"https:\\\/\\\/malaga.salesianos.edu\\\/familiasalesiana\\\/blog\\\/2019-no-es-un-ano-cualquiera\\\/#primaryimage\"},\"image\":{\"@id\":\"https:\\\/\\\/malaga.salesianos.edu\\\/familiasalesiana\\\/blog\\\/2019-no-es-un-ano-cualquiera\\\/#primaryimage\"},\"thumbnailUrl\":\"https:\\\/\\\/malaga.salesianos.edu\\\/familiasalesiana\\\/wp-content\\\/uploads\\\/sites\\\/8\\\/2019\\\/01\\\/Feliz-2019-1080x675_rec.png\",\"datePublished\":\"2018-12-30T19:39:32+00:00\",\"dateModified\":\"2019-01-07T21:03:25+00:00\",\"author\":{\"@id\":\"\"},\"breadcrumb\":{\"@id\":\"https:\\\/\\\/malaga.salesianos.edu\\\/familiasalesiana\\\/blog\\\/2019-no-es-un-ano-cualquiera\\\/#breadcrumb\"},\"inLanguage\":\"es\",\"potentialAction\":[{\"@type\":\"ReadAction\",\"target\":[\"https:\\\/\\\/malaga.salesianos.edu\\\/familiasalesiana\\\/blog\\\/2019-no-es-un-ano-cualquiera\\\/\"]}]},{\"@type\":\"ImageObject\",\"inLanguage\":\"es\",\"@id\":\"https:\\\/\\\/malaga.salesianos.edu\\\/familiasalesiana\\\/blog\\\/2019-no-es-un-ano-cualquiera\\\/#primaryimage\",\"url\":\"https:\\\/\\\/malaga.salesianos.edu\\\/familiasalesiana\\\/wp-content\\\/uploads\\\/sites\\\/8\\\/2019\\\/01\\\/Feliz-2019-1080x675_rec.png\",\"contentUrl\":\"https:\\\/\\\/malaga.salesianos.edu\\\/familiasalesiana\\\/wp-content\\\/uploads\\\/sites\\\/8\\\/2019\\\/01\\\/Feliz-2019-1080x675_rec.png\",\"width\":1080,\"height\":640},{\"@type\":\"BreadcrumbList\",\"@id\":\"https:\\\/\\\/malaga.salesianos.edu\\\/familiasalesiana\\\/blog\\\/2019-no-es-un-ano-cualquiera\\\/#breadcrumb\",\"itemListElement\":[{\"@type\":\"ListItem\",\"position\":1,\"name\":\"Portada\",\"item\":\"https:\\\/\\\/malaga.salesianos.edu\\\/familiasalesiana\\\/\"},{\"@type\":\"ListItem\",\"position\":2,\"name\":\"2019, no es un a\u00f1o cualquiera\"}]},{\"@type\":\"WebSite\",\"@id\":\"https:\\\/\\\/malaga.salesianos.edu\\\/familiasalesiana\\\/#website\",\"url\":\"https:\\\/\\\/malaga.salesianos.edu\\\/familiasalesiana\\\/\",\"name\":\"Familia Salesiana | Salesianos M\u00e1laga\",\"description\":\"Familia Salesiana | Salesianos M\u00e1laga, ADMA, Asociaci\u00f3n de antiguos alumnos, Hermandad Salesiana, Salesianos Cooperadores\",\"potentialAction\":[{\"@type\":\"SearchAction\",\"target\":{\"@type\":\"EntryPoint\",\"urlTemplate\":\"https:\\\/\\\/malaga.salesianos.edu\\\/familiasalesiana\\\/?s={search_term_string}\"},\"query-input\":{\"@type\":\"PropertyValueSpecification\",\"valueRequired\":true,\"valueName\":\"search_term_string\"}}],\"inLanguage\":\"es\"},{\"@type\":\"Person\",\"@id\":\"\"}]}<\/script>\n<!-- \/ Yoast SEO plugin. -->","yoast_head_json":{"title":"2019, no es un a\u00f1o cualquiera - Familia Salesiana | Salesianos M\u00e1laga","robots":{"index":"index","follow":"follow","max-snippet":"max-snippet:-1","max-image-preview":"max-image-preview:large","max-video-preview":"max-video-preview:-1"},"canonical":"https:\/\/malaga.salesianos.edu\/familiasalesiana\/blog\/2019-no-es-un-ano-cualquiera\/","og_locale":"es_ES","og_type":"article","og_title":"2019, no es un a\u00f1o cualquiera - Familia Salesiana | Salesianos M\u00e1laga","og_description":"La sutil frontera entre el \u00faltimo minuto de este 31 de diciembre y el primero del 1 de enero nos ofrece una oportunidad real de atesorar en el coraz\u00f3n sue\u00f1os, ilusiones, encerrando en un instante 125 a\u00f1os \u2026\u00a1FELIZ ANIVERSARIO!","og_url":"https:\/\/malaga.salesianos.edu\/familiasalesiana\/blog\/2019-no-es-un-ano-cualquiera\/","og_site_name":"Familia Salesiana | Salesianos M\u00e1laga","article_published_time":"2018-12-30T19:39:32+00:00","article_modified_time":"2019-01-07T21:03:25+00:00","og_image":[{"width":1080,"height":640,"url":"https:\/\/malaga.salesianos.edu\/familiasalesiana\/wp-content\/uploads\/sites\/8\/2019\/01\/Feliz-2019-1080x675_rec.png","type":"image\/png"}],"twitter_card":"summary_large_image","twitter_misc":{"Escrito por":"","Tiempo de lectura":"2 minutos"},"schema":{"@context":"https:\/\/schema.org","@graph":[{"@type":"Article","@id":"https:\/\/malaga.salesianos.edu\/familiasalesiana\/blog\/2019-no-es-un-ano-cualquiera\/#article","isPartOf":{"@id":"https:\/\/malaga.salesianos.edu\/familiasalesiana\/blog\/2019-no-es-un-ano-cualquiera\/"},"author":{"name":"","@id":""},"headline":"2019, no es un a\u00f1o cualquiera","datePublished":"2018-12-30T19:39:32+00:00","dateModified":"2019-01-07T21:03:25+00:00","mainEntityOfPage":{"@id":"https:\/\/malaga.salesianos.edu\/familiasalesiana\/blog\/2019-no-es-un-ano-cualquiera\/"},"wordCount":431,"commentCount":0,"image":{"@id":"https:\/\/malaga.salesianos.edu\/familiasalesiana\/blog\/2019-no-es-un-ano-cualquiera\/#primaryimage"},"thumbnailUrl":"https:\/\/malaga.salesianos.edu\/familiasalesiana\/wp-content\/uploads\/sites\/8\/2019\/01\/Feliz-2019-1080x675_rec.png","articleSection":["125 aniversario","Casa","Colegio","Destacado Colegio","Familia Salesiana"],"inLanguage":"es","potentialAction":[{"@type":"CommentAction","name":"Comment","target":["https:\/\/malaga.salesianos.edu\/familiasalesiana\/blog\/2019-no-es-un-ano-cualquiera\/#respond"]}]},{"@type":"WebPage","@id":"https:\/\/malaga.salesianos.edu\/familiasalesiana\/blog\/2019-no-es-un-ano-cualquiera\/","url":"https:\/\/malaga.salesianos.edu\/familiasalesiana\/blog\/2019-no-es-un-ano-cualquiera\/","name":"2019, no es un a\u00f1o cualquiera - Familia Salesiana | Salesianos M\u00e1laga","isPartOf":{"@id":"https:\/\/malaga.salesianos.edu\/familiasalesiana\/#website"},"primaryImageOfPage":{"@id":"https:\/\/malaga.salesianos.edu\/familiasalesiana\/blog\/2019-no-es-un-ano-cualquiera\/#primaryimage"},"image":{"@id":"https:\/\/malaga.salesianos.edu\/familiasalesiana\/blog\/2019-no-es-un-ano-cualquiera\/#primaryimage"},"thumbnailUrl":"https:\/\/malaga.salesianos.edu\/familiasalesiana\/wp-content\/uploads\/sites\/8\/2019\/01\/Feliz-2019-1080x675_rec.png","datePublished":"2018-12-30T19:39:32+00:00","dateModified":"2019-01-07T21:03:25+00:00","author":{"@id":""},"breadcrumb":{"@id":"https:\/\/malaga.salesianos.edu\/familiasalesiana\/blog\/2019-no-es-un-ano-cualquiera\/#breadcrumb"},"inLanguage":"es","potentialAction":[{"@type":"ReadAction","target":["https:\/\/malaga.salesianos.edu\/familiasalesiana\/blog\/2019-no-es-un-ano-cualquiera\/"]}]},{"@type":"ImageObject","inLanguage":"es","@id":"https:\/\/malaga.salesianos.edu\/familiasalesiana\/blog\/2019-no-es-un-ano-cualquiera\/#primaryimage","url":"https:\/\/malaga.salesianos.edu\/familiasalesiana\/wp-content\/uploads\/sites\/8\/2019\/01\/Feliz-2019-1080x675_rec.png","contentUrl":"https:\/\/malaga.salesianos.edu\/familiasalesiana\/wp-content\/uploads\/sites\/8\/2019\/01\/Feliz-2019-1080x675_rec.png","width":1080,"height":640},{"@type":"BreadcrumbList","@id":"https:\/\/malaga.salesianos.edu\/familiasalesiana\/blog\/2019-no-es-un-ano-cualquiera\/#breadcrumb","itemListElement":[{"@type":"ListItem","position":1,"name":"Portada","item":"https:\/\/malaga.salesianos.edu\/familiasalesiana\/"},{"@type":"ListItem","position":2,"name":"2019, no es un a\u00f1o cualquiera"}]},{"@type":"WebSite","@id":"https:\/\/malaga.salesianos.edu\/familiasalesiana\/#website","url":"https:\/\/malaga.salesianos.edu\/familiasalesiana\/","name":"Familia Salesiana | Salesianos M\u00e1laga","description":"Familia Salesiana | Salesianos M\u00e1laga, ADMA, Asociaci\u00f3n de antiguos alumnos, Hermandad Salesiana, Salesianos Cooperadores","potentialAction":[{"@type":"SearchAction","target":{"@type":"EntryPoint","urlTemplate":"https:\/\/malaga.salesianos.edu\/familiasalesiana\/?s={search_term_string}"},"query-input":{"@type":"PropertyValueSpecification","valueRequired":true,"valueName":"search_term_string"}}],"inLanguage":"es"},{"@type":"Person","@id":""}]}},"_links":{"self":[{"href":"https:\/\/malaga.salesianos.edu\/familiasalesiana\/wp-json\/wp\/v2\/posts\/8824","targetHints":{"allow":["GET"]}}],"collection":[{"href":"https:\/\/malaga.salesianos.edu\/familiasalesiana\/wp-json\/wp\/v2\/posts"}],"about":[{"href":"https:\/\/malaga.salesianos.edu\/familiasalesiana\/wp-json\/wp\/v2\/types\/post"}],"author":[{"embeddable":true,"href":"https:\/\/malaga.salesianos.edu\/familiasalesiana\/wp-json\/wp\/v2\/users\/11"}],"replies":[{"embeddable":true,"href":"https:\/\/malaga.salesianos.edu\/familiasalesiana\/wp-json\/wp\/v2\/comments?post=8824"}],"version-history":[{"count":15,"href":"https:\/\/malaga.salesianos.edu\/familiasalesiana\/wp-json\/wp\/v2\/posts\/8824\/revisions"}],"predecessor-version":[{"id":8841,"href":"https:\/\/malaga.salesianos.edu\/familiasalesiana\/wp-json\/wp\/v2\/posts\/8824\/revisions\/8841"}],"wp:featuredmedia":[{"embeddable":true,"href":"https:\/\/malaga.salesianos.edu\/familiasalesiana\/wp-json\/wp\/v2\/media\/8842"}],"wp:attachment":[{"href":"https:\/\/malaga.salesianos.edu\/familiasalesiana\/wp-json\/wp\/v2\/media?parent=8824"}],"wp:term":[{"taxonomy":"category","embeddable":true,"href":"https:\/\/malaga.salesianos.edu\/familiasalesiana\/wp-json\/wp\/v2\/categories?post=8824"},{"taxonomy":"post_tag","embeddable":true,"href":"https:\/\/malaga.salesianos.edu\/familiasalesiana\/wp-json\/wp\/v2\/tags?post=8824"}],"curies":[{"name":"wp","href":"https:\/\/api.w.org\/{rel}","templated":true}]}}