{"id":8745,"date":"2018-12-08T00:30:13","date_gmt":"2018-12-07T23:30:13","guid":{"rendered":"https:\/\/malaga.salesianos.edu\/familiasalesiana\/blog\/8-diciembre-2018-8-diciembre-2019-a-toda-la-familia-salesiana-de-malaga-felicidades\/"},"modified":"2018-12-08T00:30:15","modified_gmt":"2018-12-07T23:30:15","slug":"8-diciembre-2018-8-diciembre-2019-a-toda-la-familia-salesiana-de-malaga-felicidades","status":"publish","type":"post","link":"https:\/\/malaga.salesianos.edu\/familiasalesiana\/blog\/8-diciembre-2018-8-diciembre-2019-a-toda-la-familia-salesiana-de-malaga-felicidades\/","title":{"rendered":"8 diciembre 2018 &#8211; 8 diciembre 2019. A toda la FAMILIA SALESIANA de M\u00c1LAGA: \u00a1FELICIDADES!"},"content":{"rendered":"<p>[et_pb_section bb_built=\u00bb1&#8243; admin_label=\u00bbsection\u00bb custom_padding=\u00bb2px|0px|54px|0px\u00bb][et_pb_row admin_label=\u00bbrow\u00bb background_position=\u00bbtop_left\u00bb background_repeat=\u00bbrepeat\u00bb background_size=\u00bbinitial\u00bb][et_pb_column type=\u00bb4_4&#8243;][et_pb_text admin_label=\u00bbEntradilla\u00bb text_font=\u00bb|on|||\u00bb text_orientation=\u00bbjustified\u00bb use_border_color=\u00bboff\u00bb border_color=\u00bb#ffffff\u00bb border_style=\u00bbsolid\u00bb _builder_version=\u00bb3.17.6&#8243;]<\/p>\n<p class=\"Standard\" style=\"text-align: left;\" align=\"center\"><em><strong><span style=\"font-family: 'Arial Black',sans-serif;\">A partir de hoy, 8 de diciembre de 2018, comienzan los actos conmemorativos del 125 aniversario de la presencia Salesiana en M\u00e1laga.<\/span><\/strong><\/em><\/p>\n<hr \/>\n<p>[\/et_pb_text][et_pb_text admin_label=\u00bbDesarrollo\u00bb text_orientation=\u00bbjustified\u00bb use_border_color=\u00bboff\u00bb border_color=\u00bb#ffffff\u00bb border_style=\u00bbsolid\u00bb _builder_version=\u00bb3.17.6&#8243;]<\/p>\n<p><img loading=\"lazy\" decoding=\"async\" class=\"alignleft size-full wp-image-8746\" src=\"https:\/\/malaga.salesianos.edu\/familiasalesiana\/wp-content\/uploads\/sites\/8\/2018\/12\/Don_Bosco_Maria_Auxiliadora.jpg\" alt=\"\" width=\"400\" height=\"375\" srcset=\"https:\/\/malaga.salesianos.edu\/familiasalesiana\/wp-content\/uploads\/sites\/8\/2018\/12\/Don_Bosco_Maria_Auxiliadora.jpg 400w, https:\/\/malaga.salesianos.edu\/familiasalesiana\/wp-content\/uploads\/sites\/8\/2018\/12\/Don_Bosco_Maria_Auxiliadora-300x281.jpg 300w\" sizes=\"(max-width: 400px) 100vw, 400px\" \/><strong>\u2026 PORQUE COMENZAMOS A CUMPLIR 125 A\u00d1OS, Y PORQUE A PARTIR DE HOY ALBERGAMOS MUCHOS M\u00c1S SUE\u00d1OS \u2026<\/strong><\/p>\n<p>\u00a0<\/p>\n<blockquote>\n<p><strong><em>y comenzamos as\u00ed<br \/>con flores e ilusionados<br \/>un camino muy cargado <br \/>de sue\u00f1os para vivir;<br \/>m\u00e1s de cien a\u00f1os que aqu\u00ed<br \/>iniciamos con pasi\u00f3n,<br \/>llevando en el coraz\u00f3n,<br \/>tu imagen y tu consuelo;<br \/>haciendo grande este sue\u00f1o<br \/>que Don Bosco nos leg\u00f3<\/em><\/strong><\/p>\n<\/blockquote>\n<p>\u00a0<\/p>\n<p>\u00a0<\/p>\n<p><em>Gracias ni\u00f1os y j\u00f3venes, alumnos y alumnas, gracias querido claustro de profesores-educadores, trabajadores todos de casa, gracias queridos padres y madres. Gracias querida Familia Salesiana toda de todos los ambientes y Asociaciones\u2026 Gracias M\u00e1laga<\/em><\/p>\n<p><em>Que la MADRE INMACULADA-AUXILIADORA, hoy nos llene nuestra m\u00e1s que centenaria casa de sus dones, de su ternura maternal&#8230;<\/em><\/p>\n<p><em>Y FELICES FIESTAS DE NAVIDAD 2018 \u2026<\/em><\/p>\n<p>Y en nombre de D. Bosco y juntos, vamos ya, desde hoy, a compartir la acci\u00f3n de gracias por los que hicieron historia en esta casa; con nuestro esfuerzo generoso, para llenar de vida como vamos haciendo un presente ilusionante y con un gran sue\u00f1o para todo el 2019, desde el primer solemne encuentro el d\u00eda 26 de enero, cuando cantemos el HIMNO por primera vez y gustemos el LIBRO: \u201c125 a\u00f1os ABRAZANDO LA VIDA\u201d, que nos van a presentar lleno de experiencias vitales y requiebros de emoci\u00f3n, hasta los d\u00edas 7 y 8 de diciembre 2019, con un impresionante espect\u00e1culo: MUSICAL \u201cDON BOSCO\u201d y la gran CELEBRACI\u00d3N FINAL del 8 de diciembre, de nuevo la INMACULADA con la presidencia del sucesor de Don Bosco, nuestro RECTOR MAYOR D. \u00c1ngel Fern\u00e1ndez Artime\u2026 Y muchas cosas m\u00e1s que iremos celebrando&#8230;<\/p>\n<p>\u00a1FELIZ 125 ANIVERSARIO CON TANTO AMOR Y TANTA ENTREGA!<\/p>\n<p><strong>AMIGO, AMIGA\u2026<\/strong><\/p>\n<blockquote>\n<p><strong>Mira siempre hacia delante<\/strong><\/p>\n<p><strong>no te detengas jam\u00e1s\u2026<\/strong><\/p>\n<p><strong>evita el vuelo rasante,<\/strong><\/p>\n<p><strong>el\u00e9vate sin dudar\u2026<\/strong><\/p>\n<p><strong>Bien sabes t\u00fa que el camino<\/strong><\/p>\n<p><strong>se va haciendo al caminar;<\/strong><\/p>\n<p><strong>mira siempre al infinito:<\/strong><\/p>\n<p><em><strong>no tengas miedo a volar\u2026<\/strong><\/em><\/p>\n<\/blockquote>\n<p><em><strong>Antonio, director<\/strong><\/em><\/p>\n<p>[\/et_pb_text][et_pb_image _builder_version=\u00bb3.17.6&#8243; src=\u00bbhttps:\/\/malaga.salesianos.edu\/wp-content\/uploads\/2018\/12\/LOGO_CABECERA_WEB_125ANIVERSARIO_640_FINAL.jpg\u00bb animation_style=\u00bbzoom\u00bb \/][\/et_pb_column][\/et_pb_row][\/et_pb_section]<\/p>\n","protected":false},"excerpt":{"rendered":"<p>A partir de hoy, 8 de diciembre de 2018, comienzan los actos conmemorativos del 125 aniversario de la presencia Salesiana en M\u00e1laga.<\/p>\n","protected":false},"author":11,"featured_media":8748,"comment_status":"open","ping_status":"open","sticky":false,"template":"","format":"standard","meta":{"_et_pb_use_builder":"on","_et_pb_old_content":"","_et_gb_content_width":"","footnotes":""},"categories":[168,113,101],"tags":[],"class_list":["post-8745","post","type-post","status-publish","format-standard","has-post-thumbnail","hentry","category-125-aniversario","category-casa","category-familia-salesiana"],"yoast_head":"<!-- This site is optimized with the Yoast SEO plugin v28.3 - https:\/\/yoast.com\/product\/yoast-seo-wordpress\/ -->\n<title>8 diciembre 2018 &#8211; 8 diciembre 2019. A toda la FAMILIA SALESIANA de M\u00c1LAGA: \u00a1FELICIDADES! - Familia Salesiana | Salesianos M\u00e1laga<\/title>\n<meta name=\"robots\" content=\"index, follow, max-snippet:-1, max-image-preview:large, max-video-preview:-1\" \/>\n<link rel=\"canonical\" href=\"https:\/\/malaga.salesianos.edu\/familiasalesiana\/blog\/8-diciembre-2018-8-diciembre-2019-a-toda-la-familia-salesiana-de-malaga-felicidades\/\" \/>\n<meta property=\"og:locale\" content=\"es_ES\" \/>\n<meta property=\"og:type\" content=\"article\" \/>\n<meta property=\"og:title\" content=\"8 diciembre 2018 &#8211; 8 diciembre 2019. A toda la FAMILIA SALESIANA de M\u00c1LAGA: \u00a1FELICIDADES! - Familia Salesiana | Salesianos M\u00e1laga\" \/>\n<meta property=\"og:description\" content=\"A partir de hoy, 8 de diciembre de 2018, comienzan los actos conmemorativos del 125 aniversario de la presencia Salesiana en M\u00e1laga.\" \/>\n<meta property=\"og:url\" content=\"https:\/\/malaga.salesianos.edu\/familiasalesiana\/blog\/8-diciembre-2018-8-diciembre-2019-a-toda-la-familia-salesiana-de-malaga-felicidades\/\" \/>\n<meta property=\"og:site_name\" content=\"Familia Salesiana | Salesianos M\u00e1laga\" \/>\n<meta property=\"article:published_time\" content=\"2018-12-07T23:30:13+00:00\" \/>\n<meta property=\"article:modified_time\" content=\"2018-12-07T23:30:15+00:00\" \/>\n<meta property=\"og:image\" content=\"https:\/\/malaga.salesianos.edu\/familiasalesiana\/wp-content\/uploads\/sites\/8\/2018\/12\/125-aniversario_Don_Bosco.jpg\" \/>\n\t<meta property=\"og:image:width\" content=\"1080\" \/>\n\t<meta property=\"og:image:height\" content=\"752\" \/>\n\t<meta property=\"og:image:type\" content=\"image\/jpeg\" \/>\n<meta name=\"twitter:card\" content=\"summary_large_image\" \/>\n<meta name=\"twitter:label1\" content=\"Escrito por\" \/>\n\t<meta name=\"twitter:data1\" content=\"\" \/>\n\t<meta name=\"twitter:label2\" content=\"Tiempo de lectura\" \/>\n\t<meta name=\"twitter:data2\" content=\"2 minutos\" \/>\n<script type=\"application\/ld+json\" class=\"yoast-schema-graph\">{\"@context\":\"https:\\\/\\\/schema.org\",\"@graph\":[{\"@type\":\"Article\",\"@id\":\"https:\\\/\\\/malaga.salesianos.edu\\\/familiasalesiana\\\/blog\\\/8-diciembre-2018-8-diciembre-2019-a-toda-la-familia-salesiana-de-malaga-felicidades\\\/#article\",\"isPartOf\":{\"@id\":\"https:\\\/\\\/malaga.salesianos.edu\\\/familiasalesiana\\\/blog\\\/8-diciembre-2018-8-diciembre-2019-a-toda-la-familia-salesiana-de-malaga-felicidades\\\/\"},\"author\":{\"name\":\"\",\"@id\":\"\"},\"headline\":\"8 diciembre 2018 &#8211; 8 diciembre 2019. A toda la FAMILIA SALESIANA de M\u00c1LAGA: \u00a1FELICIDADES!\",\"datePublished\":\"2018-12-07T23:30:13+00:00\",\"dateModified\":\"2018-12-07T23:30:15+00:00\",\"mainEntityOfPage\":{\"@id\":\"https:\\\/\\\/malaga.salesianos.edu\\\/familiasalesiana\\\/blog\\\/8-diciembre-2018-8-diciembre-2019-a-toda-la-familia-salesiana-de-malaga-felicidades\\\/\"},\"wordCount\":463,\"commentCount\":0,\"image\":{\"@id\":\"https:\\\/\\\/malaga.salesianos.edu\\\/familiasalesiana\\\/blog\\\/8-diciembre-2018-8-diciembre-2019-a-toda-la-familia-salesiana-de-malaga-felicidades\\\/#primaryimage\"},\"thumbnailUrl\":\"https:\\\/\\\/malaga.salesianos.edu\\\/familiasalesiana\\\/wp-content\\\/uploads\\\/sites\\\/8\\\/2018\\\/12\\\/125-aniversario_Don_Bosco.jpg\",\"articleSection\":[\"125 aniversario\",\"Casa\",\"Familia Salesiana\"],\"inLanguage\":\"es\",\"potentialAction\":[{\"@type\":\"CommentAction\",\"name\":\"Comment\",\"target\":[\"https:\\\/\\\/malaga.salesianos.edu\\\/familiasalesiana\\\/blog\\\/8-diciembre-2018-8-diciembre-2019-a-toda-la-familia-salesiana-de-malaga-felicidades\\\/#respond\"]}]},{\"@type\":\"WebPage\",\"@id\":\"https:\\\/\\\/malaga.salesianos.edu\\\/familiasalesiana\\\/blog\\\/8-diciembre-2018-8-diciembre-2019-a-toda-la-familia-salesiana-de-malaga-felicidades\\\/\",\"url\":\"https:\\\/\\\/malaga.salesianos.edu\\\/familiasalesiana\\\/blog\\\/8-diciembre-2018-8-diciembre-2019-a-toda-la-familia-salesiana-de-malaga-felicidades\\\/\",\"name\":\"8 diciembre 2018 &#8211; 8 diciembre 2019. A toda la FAMILIA SALESIANA de M\u00c1LAGA: \u00a1FELICIDADES! - Familia Salesiana | Salesianos M\u00e1laga\",\"isPartOf\":{\"@id\":\"https:\\\/\\\/malaga.salesianos.edu\\\/familiasalesiana\\\/#website\"},\"primaryImageOfPage\":{\"@id\":\"https:\\\/\\\/malaga.salesianos.edu\\\/familiasalesiana\\\/blog\\\/8-diciembre-2018-8-diciembre-2019-a-toda-la-familia-salesiana-de-malaga-felicidades\\\/#primaryimage\"},\"image\":{\"@id\":\"https:\\\/\\\/malaga.salesianos.edu\\\/familiasalesiana\\\/blog\\\/8-diciembre-2018-8-diciembre-2019-a-toda-la-familia-salesiana-de-malaga-felicidades\\\/#primaryimage\"},\"thumbnailUrl\":\"https:\\\/\\\/malaga.salesianos.edu\\\/familiasalesiana\\\/wp-content\\\/uploads\\\/sites\\\/8\\\/2018\\\/12\\\/125-aniversario_Don_Bosco.jpg\",\"datePublished\":\"2018-12-07T23:30:13+00:00\",\"dateModified\":\"2018-12-07T23:30:15+00:00\",\"author\":{\"@id\":\"\"},\"breadcrumb\":{\"@id\":\"https:\\\/\\\/malaga.salesianos.edu\\\/familiasalesiana\\\/blog\\\/8-diciembre-2018-8-diciembre-2019-a-toda-la-familia-salesiana-de-malaga-felicidades\\\/#breadcrumb\"},\"inLanguage\":\"es\",\"potentialAction\":[{\"@type\":\"ReadAction\",\"target\":[\"https:\\\/\\\/malaga.salesianos.edu\\\/familiasalesiana\\\/blog\\\/8-diciembre-2018-8-diciembre-2019-a-toda-la-familia-salesiana-de-malaga-felicidades\\\/\"]}]},{\"@type\":\"ImageObject\",\"inLanguage\":\"es\",\"@id\":\"https:\\\/\\\/malaga.salesianos.edu\\\/familiasalesiana\\\/blog\\\/8-diciembre-2018-8-diciembre-2019-a-toda-la-familia-salesiana-de-malaga-felicidades\\\/#primaryimage\",\"url\":\"https:\\\/\\\/malaga.salesianos.edu\\\/familiasalesiana\\\/wp-content\\\/uploads\\\/sites\\\/8\\\/2018\\\/12\\\/125-aniversario_Don_Bosco.jpg\",\"contentUrl\":\"https:\\\/\\\/malaga.salesianos.edu\\\/familiasalesiana\\\/wp-content\\\/uploads\\\/sites\\\/8\\\/2018\\\/12\\\/125-aniversario_Don_Bosco.jpg\",\"width\":1080,\"height\":752},{\"@type\":\"BreadcrumbList\",\"@id\":\"https:\\\/\\\/malaga.salesianos.edu\\\/familiasalesiana\\\/blog\\\/8-diciembre-2018-8-diciembre-2019-a-toda-la-familia-salesiana-de-malaga-felicidades\\\/#breadcrumb\",\"itemListElement\":[{\"@type\":\"ListItem\",\"position\":1,\"name\":\"Portada\",\"item\":\"https:\\\/\\\/malaga.salesianos.edu\\\/familiasalesiana\\\/\"},{\"@type\":\"ListItem\",\"position\":2,\"name\":\"8 diciembre 2018 &#8211; 8 diciembre 2019. A toda la FAMILIA SALESIANA de M\u00c1LAGA: \u00a1FELICIDADES!\"}]},{\"@type\":\"WebSite\",\"@id\":\"https:\\\/\\\/malaga.salesianos.edu\\\/familiasalesiana\\\/#website\",\"url\":\"https:\\\/\\\/malaga.salesianos.edu\\\/familiasalesiana\\\/\",\"name\":\"Familia Salesiana | Salesianos M\u00e1laga\",\"description\":\"Familia Salesiana | Salesianos M\u00e1laga, ADMA, Asociaci\u00f3n de antiguos alumnos, Hermandad Salesiana, Salesianos Cooperadores\",\"potentialAction\":[{\"@type\":\"SearchAction\",\"target\":{\"@type\":\"EntryPoint\",\"urlTemplate\":\"https:\\\/\\\/malaga.salesianos.edu\\\/familiasalesiana\\\/?s={search_term_string}\"},\"query-input\":{\"@type\":\"PropertyValueSpecification\",\"valueRequired\":true,\"valueName\":\"search_term_string\"}}],\"inLanguage\":\"es\"},{\"@type\":\"Person\",\"@id\":\"\"}]}<\/script>\n<!-- \/ Yoast SEO plugin. -->","yoast_head_json":{"title":"8 diciembre 2018 &#8211; 8 diciembre 2019. A toda la FAMILIA SALESIANA de M\u00c1LAGA: \u00a1FELICIDADES! - Familia Salesiana | Salesianos M\u00e1laga","robots":{"index":"index","follow":"follow","max-snippet":"max-snippet:-1","max-image-preview":"max-image-preview:large","max-video-preview":"max-video-preview:-1"},"canonical":"https:\/\/malaga.salesianos.edu\/familiasalesiana\/blog\/8-diciembre-2018-8-diciembre-2019-a-toda-la-familia-salesiana-de-malaga-felicidades\/","og_locale":"es_ES","og_type":"article","og_title":"8 diciembre 2018 &#8211; 8 diciembre 2019. A toda la FAMILIA SALESIANA de M\u00c1LAGA: \u00a1FELICIDADES! - Familia Salesiana | Salesianos M\u00e1laga","og_description":"A partir de hoy, 8 de diciembre de 2018, comienzan los actos conmemorativos del 125 aniversario de la presencia Salesiana en M\u00e1laga.","og_url":"https:\/\/malaga.salesianos.edu\/familiasalesiana\/blog\/8-diciembre-2018-8-diciembre-2019-a-toda-la-familia-salesiana-de-malaga-felicidades\/","og_site_name":"Familia Salesiana | Salesianos M\u00e1laga","article_published_time":"2018-12-07T23:30:13+00:00","article_modified_time":"2018-12-07T23:30:15+00:00","og_image":[{"width":1080,"height":752,"url":"https:\/\/malaga.salesianos.edu\/familiasalesiana\/wp-content\/uploads\/sites\/8\/2018\/12\/125-aniversario_Don_Bosco.jpg","type":"image\/jpeg"}],"twitter_card":"summary_large_image","twitter_misc":{"Escrito por":"","Tiempo de lectura":"2 minutos"},"schema":{"@context":"https:\/\/schema.org","@graph":[{"@type":"Article","@id":"https:\/\/malaga.salesianos.edu\/familiasalesiana\/blog\/8-diciembre-2018-8-diciembre-2019-a-toda-la-familia-salesiana-de-malaga-felicidades\/#article","isPartOf":{"@id":"https:\/\/malaga.salesianos.edu\/familiasalesiana\/blog\/8-diciembre-2018-8-diciembre-2019-a-toda-la-familia-salesiana-de-malaga-felicidades\/"},"author":{"name":"","@id":""},"headline":"8 diciembre 2018 &#8211; 8 diciembre 2019. A toda la FAMILIA SALESIANA de M\u00c1LAGA: \u00a1FELICIDADES!","datePublished":"2018-12-07T23:30:13+00:00","dateModified":"2018-12-07T23:30:15+00:00","mainEntityOfPage":{"@id":"https:\/\/malaga.salesianos.edu\/familiasalesiana\/blog\/8-diciembre-2018-8-diciembre-2019-a-toda-la-familia-salesiana-de-malaga-felicidades\/"},"wordCount":463,"commentCount":0,"image":{"@id":"https:\/\/malaga.salesianos.edu\/familiasalesiana\/blog\/8-diciembre-2018-8-diciembre-2019-a-toda-la-familia-salesiana-de-malaga-felicidades\/#primaryimage"},"thumbnailUrl":"https:\/\/malaga.salesianos.edu\/familiasalesiana\/wp-content\/uploads\/sites\/8\/2018\/12\/125-aniversario_Don_Bosco.jpg","articleSection":["125 aniversario","Casa","Familia Salesiana"],"inLanguage":"es","potentialAction":[{"@type":"CommentAction","name":"Comment","target":["https:\/\/malaga.salesianos.edu\/familiasalesiana\/blog\/8-diciembre-2018-8-diciembre-2019-a-toda-la-familia-salesiana-de-malaga-felicidades\/#respond"]}]},{"@type":"WebPage","@id":"https:\/\/malaga.salesianos.edu\/familiasalesiana\/blog\/8-diciembre-2018-8-diciembre-2019-a-toda-la-familia-salesiana-de-malaga-felicidades\/","url":"https:\/\/malaga.salesianos.edu\/familiasalesiana\/blog\/8-diciembre-2018-8-diciembre-2019-a-toda-la-familia-salesiana-de-malaga-felicidades\/","name":"8 diciembre 2018 &#8211; 8 diciembre 2019. A toda la FAMILIA SALESIANA de M\u00c1LAGA: \u00a1FELICIDADES! - Familia Salesiana | Salesianos M\u00e1laga","isPartOf":{"@id":"https:\/\/malaga.salesianos.edu\/familiasalesiana\/#website"},"primaryImageOfPage":{"@id":"https:\/\/malaga.salesianos.edu\/familiasalesiana\/blog\/8-diciembre-2018-8-diciembre-2019-a-toda-la-familia-salesiana-de-malaga-felicidades\/#primaryimage"},"image":{"@id":"https:\/\/malaga.salesianos.edu\/familiasalesiana\/blog\/8-diciembre-2018-8-diciembre-2019-a-toda-la-familia-salesiana-de-malaga-felicidades\/#primaryimage"},"thumbnailUrl":"https:\/\/malaga.salesianos.edu\/familiasalesiana\/wp-content\/uploads\/sites\/8\/2018\/12\/125-aniversario_Don_Bosco.jpg","datePublished":"2018-12-07T23:30:13+00:00","dateModified":"2018-12-07T23:30:15+00:00","author":{"@id":""},"breadcrumb":{"@id":"https:\/\/malaga.salesianos.edu\/familiasalesiana\/blog\/8-diciembre-2018-8-diciembre-2019-a-toda-la-familia-salesiana-de-malaga-felicidades\/#breadcrumb"},"inLanguage":"es","potentialAction":[{"@type":"ReadAction","target":["https:\/\/malaga.salesianos.edu\/familiasalesiana\/blog\/8-diciembre-2018-8-diciembre-2019-a-toda-la-familia-salesiana-de-malaga-felicidades\/"]}]},{"@type":"ImageObject","inLanguage":"es","@id":"https:\/\/malaga.salesianos.edu\/familiasalesiana\/blog\/8-diciembre-2018-8-diciembre-2019-a-toda-la-familia-salesiana-de-malaga-felicidades\/#primaryimage","url":"https:\/\/malaga.salesianos.edu\/familiasalesiana\/wp-content\/uploads\/sites\/8\/2018\/12\/125-aniversario_Don_Bosco.jpg","contentUrl":"https:\/\/malaga.salesianos.edu\/familiasalesiana\/wp-content\/uploads\/sites\/8\/2018\/12\/125-aniversario_Don_Bosco.jpg","width":1080,"height":752},{"@type":"BreadcrumbList","@id":"https:\/\/malaga.salesianos.edu\/familiasalesiana\/blog\/8-diciembre-2018-8-diciembre-2019-a-toda-la-familia-salesiana-de-malaga-felicidades\/#breadcrumb","itemListElement":[{"@type":"ListItem","position":1,"name":"Portada","item":"https:\/\/malaga.salesianos.edu\/familiasalesiana\/"},{"@type":"ListItem","position":2,"name":"8 diciembre 2018 &#8211; 8 diciembre 2019. A toda la FAMILIA SALESIANA de M\u00c1LAGA: \u00a1FELICIDADES!"}]},{"@type":"WebSite","@id":"https:\/\/malaga.salesianos.edu\/familiasalesiana\/#website","url":"https:\/\/malaga.salesianos.edu\/familiasalesiana\/","name":"Familia Salesiana | Salesianos M\u00e1laga","description":"Familia Salesiana | Salesianos M\u00e1laga, ADMA, Asociaci\u00f3n de antiguos alumnos, Hermandad Salesiana, Salesianos Cooperadores","potentialAction":[{"@type":"SearchAction","target":{"@type":"EntryPoint","urlTemplate":"https:\/\/malaga.salesianos.edu\/familiasalesiana\/?s={search_term_string}"},"query-input":{"@type":"PropertyValueSpecification","valueRequired":true,"valueName":"search_term_string"}}],"inLanguage":"es"},{"@type":"Person","@id":""}]}},"_links":{"self":[{"href":"https:\/\/malaga.salesianos.edu\/familiasalesiana\/wp-json\/wp\/v2\/posts\/8745","targetHints":{"allow":["GET"]}}],"collection":[{"href":"https:\/\/malaga.salesianos.edu\/familiasalesiana\/wp-json\/wp\/v2\/posts"}],"about":[{"href":"https:\/\/malaga.salesianos.edu\/familiasalesiana\/wp-json\/wp\/v2\/types\/post"}],"author":[{"embeddable":true,"href":"https:\/\/malaga.salesianos.edu\/familiasalesiana\/wp-json\/wp\/v2\/users\/11"}],"replies":[{"embeddable":true,"href":"https:\/\/malaga.salesianos.edu\/familiasalesiana\/wp-json\/wp\/v2\/comments?post=8745"}],"version-history":[{"count":3,"href":"https:\/\/malaga.salesianos.edu\/familiasalesiana\/wp-json\/wp\/v2\/posts\/8745\/revisions"}],"predecessor-version":[{"id":8750,"href":"https:\/\/malaga.salesianos.edu\/familiasalesiana\/wp-json\/wp\/v2\/posts\/8745\/revisions\/8750"}],"wp:featuredmedia":[{"embeddable":true,"href":"https:\/\/malaga.salesianos.edu\/familiasalesiana\/wp-json\/wp\/v2\/media\/8748"}],"wp:attachment":[{"href":"https:\/\/malaga.salesianos.edu\/familiasalesiana\/wp-json\/wp\/v2\/media?parent=8745"}],"wp:term":[{"taxonomy":"category","embeddable":true,"href":"https:\/\/malaga.salesianos.edu\/familiasalesiana\/wp-json\/wp\/v2\/categories?post=8745"},{"taxonomy":"post_tag","embeddable":true,"href":"https:\/\/malaga.salesianos.edu\/familiasalesiana\/wp-json\/wp\/v2\/tags?post=8745"}],"curies":[{"name":"wp","href":"https:\/\/api.w.org\/{rel}","templated":true}]}}