{"id":8694,"date":"2018-11-20T21:41:37","date_gmt":"2018-11-20T20:41:37","guid":{"rendered":"https:\/\/malaga.salesianos.edu\/familiasalesiana\/blog\/125-anos-abrazando-la-vida-3\/"},"modified":"2018-11-20T22:44:20","modified_gmt":"2018-11-20T21:44:20","slug":"125-anos-abrazando-la-vida-3","status":"publish","type":"post","link":"https:\/\/malaga.salesianos.edu\/familiasalesiana\/blog\/125-anos-abrazando-la-vida-3\/","title":{"rendered":"\u201c125 a\u00f1os ABRAZANDO LA VIDA\u201d (3)"},"content":{"rendered":"<p>[et_pb_section bb_built=\u00bb1&#8243; admin_label=\u00bbsection\u00bb custom_padding=\u00bb2px|0px|54px|0px\u00bb][et_pb_row admin_label=\u00bbrow\u00bb background_position=\u00bbtop_left\u00bb background_repeat=\u00bbrepeat\u00bb background_size=\u00bbinitial\u00bb][et_pb_column type=\u00bb4_4&#8243;][et_pb_text admin_label=\u00bbEntradilla\u00bb text_font=\u00bb|on|||\u00bb text_orientation=\u00bbjustified\u00bb use_border_color=\u00bboff\u00bb border_color=\u00bb#ffffff\u00bb border_style=\u00bbsolid\u00bb _builder_version=\u00bb3.17.6&#8243;]<\/p>\n<p><em><b>La persona, tu persona es el gran regalo que la vida nos ofrece cada d\u00eda. En esta tercera reflexi\u00f3n que os queremos regalar, partimos de esta convicci\u00f3n.<\/b><\/em><\/p>\n<hr \/>\n<p>[\/et_pb_text][et_pb_text admin_label=\u00bbDesarrollo\u00bb text_orientation=\u00bbjustified\u00bb use_border_color=\u00bboff\u00bb border_color=\u00bb#ffffff\u00bb border_style=\u00bbsolid\u00bb _builder_version=\u00bb3.17.6&#8243;]<\/p>\n<p><strong>CAMINANDO AL FUTURO CON ESPERANZA<\/strong><\/p>\n<p><img loading=\"lazy\" decoding=\"async\" class=\"alignleft size-thumbnail wp-image-8324\" src=\"https:\/\/malaga.salesianos.edu\/familiasalesiana\/wp-content\/uploads\/sites\/8\/2018\/11\/Antonio_Gil-e1524509227536-150x150.jpg\" alt=\"\" width=\"150\" height=\"150\" \/>La persona, tu persona es el gran regalo que la vida nos ofrece cada d\u00eda. En esta tercera reflexi\u00f3n que os queremos regalar, partimos de esta convicci\u00f3n.<\/p>\n<p>Y entre esos maravillosos regalos <em>(la suma de tantas personas)<\/em> que dan sentido a nuestro caminar os saludamos a todos cordialmente y, permitidme, que especialmente me refiera en esta ocasi\u00f3n, a todos los j\u00f3venes:<\/p>\n<p>&nbsp;<\/p>\n<p>&nbsp;<\/p>\n<blockquote>\n<p style=\"text-align: left;\"><em><strong>A ti, joven, porque sue\u00f1as<\/strong><\/em><\/p>\n<p style=\"text-align: left;\"><em><strong>y surge de tu garganta<\/strong><\/em><\/p>\n<p style=\"text-align: left;\"><em><strong>un \u00a1gracias! que alegre canta<\/strong><\/em><\/p>\n<p style=\"text-align: left;\"><em><strong>porque tu experiencia es buena,<\/strong><\/em><\/p>\n<p style=\"text-align: left;\"><em><strong>a nosotros nos ense\u00f1as<\/strong><\/em><\/p>\n<p style=\"text-align: left;\"><em><strong>que el Colegio por ti vela\u2026<\/strong><\/em><\/p>\n<p style=\"text-align: left;\"><em><strong>Nuestras gracias m\u00e1s sinceras,<\/strong><\/em><\/p>\n<p style=\"text-align: left;\"><em><strong>y seguimos a tu lado.<\/strong><\/em><\/p>\n<p style=\"text-align: left;\"><em><strong>Tu felicidad cuidamos,<\/strong><\/em><\/p>\n<p style=\"text-align: left;\"><em><strong>\u00a1te gu\u00ede tu buena estrella!<\/strong><\/em><\/p>\n<\/blockquote>\n<p>Y tambi\u00e9n a todos los miembros de la amplia Familia Salesiana de M\u00e1laga\u2026 De esta convicci\u00f3n surge una necesidad, la de entregar lo mejor que cada cual, cada persona, tenemos, con todos los dones que se nos han regalado y que vamos transformando en vida a golpe de generosidad para seguir creciendo. Se trata de <strong>dar vida a lo que se ama <\/strong>y sentirse tambi\u00e9n amado, que es buena f\u00f3rmula para ser siempre suficientemente feliz:<\/p>\n<blockquote>\n<p><em><strong>La Familia Salesiana<\/strong><\/em><\/p>\n<p><em><strong>vive en sus diversas ramas,<\/strong><\/em><\/p>\n<p><em><strong>el plan al que Dios le llama<\/strong><\/em><\/p>\n<p><em><strong>alegre y esperanzada;<\/strong><\/em><\/p>\n<p><em><strong>la Auxiliadora la ampara<\/strong><\/em><\/p>\n<p><em><strong>y su Reina la proclaman;<\/strong><\/em><\/p>\n<p><em><strong>Mantienen viva la llama<\/strong><\/em><\/p>\n<p><em><strong>entre bonanzas y luchas<\/strong><\/em><\/p>\n<p><em><strong>dando vida a lo que aman.<\/strong><\/em><\/p>\n<\/blockquote>\n<p><em>\u201cUna de las caracter\u00edsticas de la misi\u00f3n salesiana es la opci\u00f3n preferencial por los j\u00f3venes, para ofrecerles posibilidades de trabajo, entusiasmo por la vida y esperanza en el futuro, anim\u00e1ndoles a renovar la sociedad para dejarla mejor que la encontraron.<\/em><\/p>\n<p><em>Los Salesianos han promovido la acci\u00f3n evangelizadora en M\u00e1laga, siendo testigos de la fe y ofreciendo m\u00e1rtires en la \u00e9poca de persecuci\u00f3n religiosa. Han potenciado la religiosidad popular, sobre todo a trav\u00e9s de la devoci\u00f3n mariana con la figura de Mar\u00eda Auxiliadora<strong>\u201d\u00a0 (+ Jes\u00fas Catal\u00e1, obispo de M\u00e1laga, para nuestro libro \u201c125 a\u00f1os ABRAZANDO LA VIDA\u201d).<\/strong><\/em><\/p>\n<p>Con estas bellas y fraternas palabras del Pastor de nuestra Di\u00f3cesis os dejamos la reflexi\u00f3n que dese\u00e9is hacer y os indicamos el camino previsto para estos \u2018primeros\u2019 125 a\u00f1os de vida, de amor educativo de esta presencia salesiana.<\/p>\n<p>Para enriquecer lo que ya tenemos, para agradecer de forma especial a muchas personas que est\u00e1n comprometidas, para que todo esto nos enriquezca y nos ayude a sentir la alegr\u00eda del trabajo bien hecho, tan propio tambi\u00e9n del estilo evang\u00e9lico &#8211; salesiano, os invitamos a los siguientes acontecimiento y actos previstos para la fiesta del 125 aniversario: Y para que nada te pierdas, toma nota.<\/p>\n<p>Comenzamos el<strong> 8 de DICIEMBRE 2018<\/strong> que es s\u00e1bado y solemnidad de la Inmaculada. Y el primer acto ser\u00e1 una <strong>Ofrenda Floral<\/strong> \u201cQUE NO FALTE TU FLOR\u201d, t\u00fa traes la que m\u00e1s te guste, la tuya, y t\u00fa la depositas a los pies de la Madre al inicio de la Eucarist\u00eda. Ser\u00e1 una elegante y profunda manifestaci\u00f3n para abrir este a\u00f1o jubilar.<\/p>\n<p>\u00a0Y seguimos ya en <strong>ENERO 2019<\/strong>, alrededor de la Fiesta de D. Bosco, a quien ponemos como intercesor. <strong>El 26, s\u00e1bado Presentaci\u00f3n del LIBRO: \u201c125 a\u00f1os ABRAZANDO LA VIDA\u201d<\/strong>, precedido por la presentaci\u00f3n e<strong> interpretaci\u00f3n del HIMNO del 125 aniversario<\/strong> creado para la ocasi\u00f3n con el sugerente t\u00edtulo \u201cSEGUIMOS CREANDO VIDA\u201d. Ser\u00e1 a las 18hs en el sal\u00f3n &#8211; teatro. <strong>El 27, domingo homenaje bienhechores<\/strong> en la persona del Dr G\u00e1lvez en la Eucarist\u00eda en Familia de las 12h.;y el 31, jueves la Fiesta de SAN JUAN BOSCO que nos re\u00fane en la Eucarist\u00eda de las 19.30h.<\/p>\n<p>En <strong>FEBRERO 2019, d\u00eda 02 s\u00e1bado.- AA.AA.DB.- Fiesta de la Uni\u00f3n<\/strong>. Nos uniremos los Antiguos Alumnos de tantas generaciones y tambi\u00e9n <strong>profesores<\/strong> los actuales y los que ya no est\u00e1n en el Colegio, a los que con afecto salesiano invitamos. Concluir\u00e1 la fiesta con la presentaci\u00f3n oficial del <strong>MAPAMUNDI SALESIANO<\/strong>: M\u00e1laga abierta al mundo. Ser\u00e1 ya anochecido y se unir\u00e1 en el acto coraz\u00f3n y sentimiento.<strong>\u00a0<\/strong><\/p>\n<p>Resaltamos en el mes de <strong>MARZO 2019, el d\u00eda 15<\/strong>,<strong> viernes<\/strong> un solemne VIA CRUCIS por el barrio; y el <strong>d\u00eda 30, s\u00e1bado<\/strong>, -\u00a1<u>atenci\u00f3n j\u00f3venes<\/u>!- <strong>gran FIESTA-CONCENTRACI\u00d3N DE J\u00d3VENES de toda M\u00e1laga<\/strong> honrando a San Juan Bosco 125 despu\u00e9s con mucho ritmo y mucha fiesta.<\/p>\n<p>Y en <strong>MAYO 2019 el 11, s\u00e1bado<\/strong>, gran encuentro en Familia para disfrute de todos, ni\u00f1os, j\u00f3venes y adultos, con la<strong> FIESTA-VERBENA<\/strong>; la <strong>NOVENA<\/strong> en honor de Mar\u00eda Auxiliadora del <strong>15, mi\u00e9rcoles al-23, jueves;<\/strong> el <strong>24, viernes.- Solemnidad de MARIA AUXILIADORA<\/strong>; la <strong>EUCARIST\u00cdA EN en el PATIO<\/strong> por la ma\u00f1ana. Con la entrega de <strong>Premios de la \u201ccarta a D. Bosco desde M\u00e1laga, 125 a\u00f1os despu\u00e9s\u201d<\/strong>. Por la tarde, 19.30, nos uniremos toda la Familia en la Eucarist\u00eda. El <strong>25, s\u00e1bado<\/strong>\u00a0 <strong>SOLEMNE PROCESI\u00d3N de Mar\u00eda Auxiliadora<\/strong>, D. Bosco y Domingo Savio por las calles del barrio Capuchinos.<\/p>\n<p>El <strong>26, domingo a las 11h, Asamblea de Familia Salesiana<\/strong> y a continuaci\u00f3n\u00a0 <strong>Eucarist\u00eda en Familia a las 12h<\/strong><\/p>\n<p>Y ya <u>en el curso 2019-2020,<\/u> en <strong>OCTUBRE 2019, tendr\u00edamos el 4<\/strong>, viernes la INAUGURACI\u00d3N de una significativa <strong>EXPO de FOTOS<\/strong> de la larga historia de 125 a\u00f1os.<\/p>\n<p>Y en <strong>DICIEMBRE 2019<\/strong>, cerrando este gran a\u00f1o de celebraciones, con la PRESENCIA DEL <strong>RECTOR MAYOR<\/strong>, X sucesor de San Juan Bosco, el d\u00eda <strong>07 s\u00e1bado gran estreno del MUSICAL \u201cDON BOSCO\u201d en directo en el <u>Teatro Cervantes<\/u><\/strong> de nuestra ciudad de M\u00e1laga, con una impresionante adaptaci\u00f3n de nuestros m\u00fasicos, cuadro t\u00e9cnico y j\u00f3venes en escena. Vibraremos juntos-<\/p>\n<p>Y el d\u00eda <strong>08 domingo<\/strong>, solemnidad de la <strong>INMACULADA, la Eucarist\u00eda de acci\u00f3n de gracias que nos preside el Rector Mayor D. \u00c1ngel Fern\u00e1ndez Artime, <\/strong><em>-todo un honor y una bendici\u00f3n-,<\/em> concluyendo los actos del 125 aniversario. Al final, <strong>DESPEDIDA DEL RECTOR MAYOR<\/strong><strong>\u00a0\u00a0\u00a0\u00a0 <\/strong><\/p>\n<p><em>\u2026\u201dde puntillas desde el inicio\u201d, seguro, anduvo Mar\u00eda Auxiliadora entre el azul de mar y cielo, tocando corazones y \u201clogrando maravillas\u201d y desde nuestro Santuario sigue tendiendo su manto azul, y los Hijos de D. Bosco siguen sembrando en aquel surco labrado con tes\u00f3n, y el \u00e1rbol ha crecido, \u00a1vaya si ha crecido!&#8230; 125 a\u00f1os\u2026, aniversario, efem\u00e9ride, sue\u00f1o y realidad\u2026 Que no falten los salmos de alabanza, que salte gozoso el optimismo vital de D. Bosco, entre el azul cielo y el azul mar de M\u00e1laga\u2026<\/em><\/p>\n<p><em>\u00a1C\u00f3mo no vamos a caminar hacia el futuro con una inquebrantable esperanza!<\/em><\/p>\n<p>\u00a0En nombre de Don Bosco un abrazo grande que nos una a todos<strong>.<\/strong><\/p>\n<p><strong>Antonio<\/strong><\/p>\n<blockquote>\n<h3><strong>Art\u00edculos relacionados<\/strong><\/h3>\n<\/blockquote>\n<ul>\n<li class=\"entry-title\"><a href=\"https:\/\/malaga.salesianos.edu\/blog\/125-anos-abrazando-la-vida\/\">125 a\u00f1os abrazando la vida<\/a><\/li>\n<li class=\"entry-title\"><a href=\"https:\/\/malaga.salesianos.edu\/blog\/solo-falta-un-mes\/\">\u00a1S\u00f3lo Falta un mes!<\/a><\/li>\n<li class=\"entry-title\"><a href=\"https:\/\/malaga.salesianos.edu\/blog\/125-anos-abrazando-la-vida-2\/\">\u201c125 a\u00f1os ABRAZANDO LA VIDA\u201d (2)<\/a><\/li>\n<\/ul>\n<p>[\/et_pb_text][et_pb_image _builder_version=\u00bb3.17.6&#8243; src=\u00bbhttps:\/\/malaga.salesianos.edu\/wp-content\/uploads\/2018\/11\/Logo125apaisado.jpg\u00bb animation_style=\u00bbbounce\u00bb \/][\/et_pb_column][\/et_pb_row][\/et_pb_section]<\/p>\n","protected":false},"excerpt":{"rendered":"<p>La persona, tu persona es el gran regalo que la vida nos ofrece cada d\u00eda. En esta tercera reflexi\u00f3n que os queremos regalar, partimos de esta convicci\u00f3n.<\/p>\n","protected":false},"author":11,"featured_media":8326,"comment_status":"open","ping_status":"open","sticky":false,"template":"","format":"standard","meta":{"_et_pb_use_builder":"on","_et_pb_old_content":"","_et_gb_content_width":"","footnotes":""},"categories":[168,113,101],"tags":[],"class_list":["post-8694","post","type-post","status-publish","format-standard","has-post-thumbnail","hentry","category-125-aniversario","category-casa","category-familia-salesiana"],"yoast_head":"<!-- This site is optimized with the Yoast SEO plugin v28.3 - https:\/\/yoast.com\/product\/yoast-seo-wordpress\/ -->\n<title>\u201c125 a\u00f1os ABRAZANDO LA VIDA\u201d (3) - Familia Salesiana | Salesianos M\u00e1laga<\/title>\n<meta name=\"robots\" content=\"index, follow, max-snippet:-1, max-image-preview:large, max-video-preview:-1\" \/>\n<link rel=\"canonical\" href=\"https:\/\/malaga.salesianos.edu\/familiasalesiana\/blog\/125-anos-abrazando-la-vida-3\/\" \/>\n<meta property=\"og:locale\" content=\"es_ES\" \/>\n<meta property=\"og:type\" content=\"article\" \/>\n<meta property=\"og:title\" content=\"\u201c125 a\u00f1os ABRAZANDO LA VIDA\u201d (3) - Familia Salesiana | Salesianos M\u00e1laga\" \/>\n<meta property=\"og:description\" content=\"La persona, tu persona es el gran regalo que la vida nos ofrece cada d\u00eda. En esta tercera reflexi\u00f3n que os queremos regalar, partimos de esta convicci\u00f3n.\" \/>\n<meta property=\"og:url\" content=\"https:\/\/malaga.salesianos.edu\/familiasalesiana\/blog\/125-anos-abrazando-la-vida-3\/\" \/>\n<meta property=\"og:site_name\" content=\"Familia Salesiana | Salesianos M\u00e1laga\" \/>\n<meta property=\"article:published_time\" content=\"2018-11-20T20:41:37+00:00\" \/>\n<meta property=\"article:modified_time\" content=\"2018-11-20T21:44:20+00:00\" \/>\n<meta property=\"og:image\" content=\"https:\/\/malaga.salesianos.edu\/familiasalesiana\/wp-content\/uploads\/sites\/8\/2018\/04\/Don_Bosco_malaga_2.jpg\" \/>\n\t<meta property=\"og:image:width\" content=\"1\" \/>\n\t<meta property=\"og:image:height\" content=\"1\" \/>\n\t<meta property=\"og:image:type\" content=\"image\/jpeg\" \/>\n<meta name=\"twitter:card\" content=\"summary_large_image\" \/>\n<meta name=\"twitter:label1\" content=\"Escrito por\" \/>\n\t<meta name=\"twitter:data1\" content=\"\" \/>\n\t<meta name=\"twitter:label2\" content=\"Tiempo de lectura\" \/>\n\t<meta name=\"twitter:data2\" content=\"7 minutos\" \/>\n<script type=\"application\/ld+json\" class=\"yoast-schema-graph\">{\"@context\":\"https:\\\/\\\/schema.org\",\"@graph\":[{\"@type\":\"Article\",\"@id\":\"https:\\\/\\\/malaga.salesianos.edu\\\/familiasalesiana\\\/blog\\\/125-anos-abrazando-la-vida-3\\\/#article\",\"isPartOf\":{\"@id\":\"https:\\\/\\\/malaga.salesianos.edu\\\/familiasalesiana\\\/blog\\\/125-anos-abrazando-la-vida-3\\\/\"},\"author\":{\"name\":\"\",\"@id\":\"\"},\"headline\":\"\u201c125 a\u00f1os ABRAZANDO LA VIDA\u201d (3)\",\"datePublished\":\"2018-11-20T20:41:37+00:00\",\"dateModified\":\"2018-11-20T21:44:20+00:00\",\"mainEntityOfPage\":{\"@id\":\"https:\\\/\\\/malaga.salesianos.edu\\\/familiasalesiana\\\/blog\\\/125-anos-abrazando-la-vida-3\\\/\"},\"wordCount\":1306,\"commentCount\":0,\"image\":{\"@id\":\"https:\\\/\\\/malaga.salesianos.edu\\\/familiasalesiana\\\/blog\\\/125-anos-abrazando-la-vida-3\\\/#primaryimage\"},\"thumbnailUrl\":\"https:\\\/\\\/malaga.salesianos.edu\\\/familiasalesiana\\\/wp-content\\\/uploads\\\/sites\\\/8\\\/2018\\\/04\\\/Don_Bosco_malaga_2.jpg\",\"articleSection\":[\"125 aniversario\",\"Casa\",\"Familia Salesiana\"],\"inLanguage\":\"es\",\"potentialAction\":[{\"@type\":\"CommentAction\",\"name\":\"Comment\",\"target\":[\"https:\\\/\\\/malaga.salesianos.edu\\\/familiasalesiana\\\/blog\\\/125-anos-abrazando-la-vida-3\\\/#respond\"]}]},{\"@type\":\"WebPage\",\"@id\":\"https:\\\/\\\/malaga.salesianos.edu\\\/familiasalesiana\\\/blog\\\/125-anos-abrazando-la-vida-3\\\/\",\"url\":\"https:\\\/\\\/malaga.salesianos.edu\\\/familiasalesiana\\\/blog\\\/125-anos-abrazando-la-vida-3\\\/\",\"name\":\"\u201c125 a\u00f1os ABRAZANDO LA VIDA\u201d (3) - Familia Salesiana | Salesianos M\u00e1laga\",\"isPartOf\":{\"@id\":\"https:\\\/\\\/malaga.salesianos.edu\\\/familiasalesiana\\\/#website\"},\"primaryImageOfPage\":{\"@id\":\"https:\\\/\\\/malaga.salesianos.edu\\\/familiasalesiana\\\/blog\\\/125-anos-abrazando-la-vida-3\\\/#primaryimage\"},\"image\":{\"@id\":\"https:\\\/\\\/malaga.salesianos.edu\\\/familiasalesiana\\\/blog\\\/125-anos-abrazando-la-vida-3\\\/#primaryimage\"},\"thumbnailUrl\":\"https:\\\/\\\/malaga.salesianos.edu\\\/familiasalesiana\\\/wp-content\\\/uploads\\\/sites\\\/8\\\/2018\\\/04\\\/Don_Bosco_malaga_2.jpg\",\"datePublished\":\"2018-11-20T20:41:37+00:00\",\"dateModified\":\"2018-11-20T21:44:20+00:00\",\"author\":{\"@id\":\"\"},\"breadcrumb\":{\"@id\":\"https:\\\/\\\/malaga.salesianos.edu\\\/familiasalesiana\\\/blog\\\/125-anos-abrazando-la-vida-3\\\/#breadcrumb\"},\"inLanguage\":\"es\",\"potentialAction\":[{\"@type\":\"ReadAction\",\"target\":[\"https:\\\/\\\/malaga.salesianos.edu\\\/familiasalesiana\\\/blog\\\/125-anos-abrazando-la-vida-3\\\/\"]}]},{\"@type\":\"ImageObject\",\"inLanguage\":\"es\",\"@id\":\"https:\\\/\\\/malaga.salesianos.edu\\\/familiasalesiana\\\/blog\\\/125-anos-abrazando-la-vida-3\\\/#primaryimage\",\"url\":\"https:\\\/\\\/malaga.salesianos.edu\\\/familiasalesiana\\\/wp-content\\\/uploads\\\/sites\\\/8\\\/2018\\\/04\\\/Don_Bosco_malaga_2.jpg\",\"contentUrl\":\"https:\\\/\\\/malaga.salesianos.edu\\\/familiasalesiana\\\/wp-content\\\/uploads\\\/sites\\\/8\\\/2018\\\/04\\\/Don_Bosco_malaga_2.jpg\"},{\"@type\":\"BreadcrumbList\",\"@id\":\"https:\\\/\\\/malaga.salesianos.edu\\\/familiasalesiana\\\/blog\\\/125-anos-abrazando-la-vida-3\\\/#breadcrumb\",\"itemListElement\":[{\"@type\":\"ListItem\",\"position\":1,\"name\":\"Portada\",\"item\":\"https:\\\/\\\/malaga.salesianos.edu\\\/familiasalesiana\\\/\"},{\"@type\":\"ListItem\",\"position\":2,\"name\":\"\u201c125 a\u00f1os ABRAZANDO LA VIDA\u201d (3)\"}]},{\"@type\":\"WebSite\",\"@id\":\"https:\\\/\\\/malaga.salesianos.edu\\\/familiasalesiana\\\/#website\",\"url\":\"https:\\\/\\\/malaga.salesianos.edu\\\/familiasalesiana\\\/\",\"name\":\"Familia Salesiana | Salesianos M\u00e1laga\",\"description\":\"Familia Salesiana | Salesianos M\u00e1laga, ADMA, Asociaci\u00f3n de antiguos alumnos, Hermandad Salesiana, Salesianos Cooperadores\",\"potentialAction\":[{\"@type\":\"SearchAction\",\"target\":{\"@type\":\"EntryPoint\",\"urlTemplate\":\"https:\\\/\\\/malaga.salesianos.edu\\\/familiasalesiana\\\/?s={search_term_string}\"},\"query-input\":{\"@type\":\"PropertyValueSpecification\",\"valueRequired\":true,\"valueName\":\"search_term_string\"}}],\"inLanguage\":\"es\"},{\"@type\":\"Person\",\"@id\":\"\"}]}<\/script>\n<!-- \/ Yoast SEO plugin. -->","yoast_head_json":{"title":"\u201c125 a\u00f1os ABRAZANDO LA VIDA\u201d (3) - Familia Salesiana | Salesianos M\u00e1laga","robots":{"index":"index","follow":"follow","max-snippet":"max-snippet:-1","max-image-preview":"max-image-preview:large","max-video-preview":"max-video-preview:-1"},"canonical":"https:\/\/malaga.salesianos.edu\/familiasalesiana\/blog\/125-anos-abrazando-la-vida-3\/","og_locale":"es_ES","og_type":"article","og_title":"\u201c125 a\u00f1os ABRAZANDO LA VIDA\u201d (3) - Familia Salesiana | Salesianos M\u00e1laga","og_description":"La persona, tu persona es el gran regalo que la vida nos ofrece cada d\u00eda. En esta tercera reflexi\u00f3n que os queremos regalar, partimos de esta convicci\u00f3n.","og_url":"https:\/\/malaga.salesianos.edu\/familiasalesiana\/blog\/125-anos-abrazando-la-vida-3\/","og_site_name":"Familia Salesiana | Salesianos M\u00e1laga","article_published_time":"2018-11-20T20:41:37+00:00","article_modified_time":"2018-11-20T21:44:20+00:00","og_image":[{"url":"https:\/\/malaga.salesianos.edu\/familiasalesiana\/wp-content\/uploads\/sites\/8\/2018\/04\/Don_Bosco_malaga_2.jpg","width":1,"height":1,"type":"image\/jpeg"}],"twitter_card":"summary_large_image","twitter_misc":{"Escrito por":"","Tiempo de lectura":"7 minutos"},"schema":{"@context":"https:\/\/schema.org","@graph":[{"@type":"Article","@id":"https:\/\/malaga.salesianos.edu\/familiasalesiana\/blog\/125-anos-abrazando-la-vida-3\/#article","isPartOf":{"@id":"https:\/\/malaga.salesianos.edu\/familiasalesiana\/blog\/125-anos-abrazando-la-vida-3\/"},"author":{"name":"","@id":""},"headline":"\u201c125 a\u00f1os ABRAZANDO LA VIDA\u201d (3)","datePublished":"2018-11-20T20:41:37+00:00","dateModified":"2018-11-20T21:44:20+00:00","mainEntityOfPage":{"@id":"https:\/\/malaga.salesianos.edu\/familiasalesiana\/blog\/125-anos-abrazando-la-vida-3\/"},"wordCount":1306,"commentCount":0,"image":{"@id":"https:\/\/malaga.salesianos.edu\/familiasalesiana\/blog\/125-anos-abrazando-la-vida-3\/#primaryimage"},"thumbnailUrl":"https:\/\/malaga.salesianos.edu\/familiasalesiana\/wp-content\/uploads\/sites\/8\/2018\/04\/Don_Bosco_malaga_2.jpg","articleSection":["125 aniversario","Casa","Familia Salesiana"],"inLanguage":"es","potentialAction":[{"@type":"CommentAction","name":"Comment","target":["https:\/\/malaga.salesianos.edu\/familiasalesiana\/blog\/125-anos-abrazando-la-vida-3\/#respond"]}]},{"@type":"WebPage","@id":"https:\/\/malaga.salesianos.edu\/familiasalesiana\/blog\/125-anos-abrazando-la-vida-3\/","url":"https:\/\/malaga.salesianos.edu\/familiasalesiana\/blog\/125-anos-abrazando-la-vida-3\/","name":"\u201c125 a\u00f1os ABRAZANDO LA VIDA\u201d (3) - Familia Salesiana | Salesianos M\u00e1laga","isPartOf":{"@id":"https:\/\/malaga.salesianos.edu\/familiasalesiana\/#website"},"primaryImageOfPage":{"@id":"https:\/\/malaga.salesianos.edu\/familiasalesiana\/blog\/125-anos-abrazando-la-vida-3\/#primaryimage"},"image":{"@id":"https:\/\/malaga.salesianos.edu\/familiasalesiana\/blog\/125-anos-abrazando-la-vida-3\/#primaryimage"},"thumbnailUrl":"https:\/\/malaga.salesianos.edu\/familiasalesiana\/wp-content\/uploads\/sites\/8\/2018\/04\/Don_Bosco_malaga_2.jpg","datePublished":"2018-11-20T20:41:37+00:00","dateModified":"2018-11-20T21:44:20+00:00","author":{"@id":""},"breadcrumb":{"@id":"https:\/\/malaga.salesianos.edu\/familiasalesiana\/blog\/125-anos-abrazando-la-vida-3\/#breadcrumb"},"inLanguage":"es","potentialAction":[{"@type":"ReadAction","target":["https:\/\/malaga.salesianos.edu\/familiasalesiana\/blog\/125-anos-abrazando-la-vida-3\/"]}]},{"@type":"ImageObject","inLanguage":"es","@id":"https:\/\/malaga.salesianos.edu\/familiasalesiana\/blog\/125-anos-abrazando-la-vida-3\/#primaryimage","url":"https:\/\/malaga.salesianos.edu\/familiasalesiana\/wp-content\/uploads\/sites\/8\/2018\/04\/Don_Bosco_malaga_2.jpg","contentUrl":"https:\/\/malaga.salesianos.edu\/familiasalesiana\/wp-content\/uploads\/sites\/8\/2018\/04\/Don_Bosco_malaga_2.jpg"},{"@type":"BreadcrumbList","@id":"https:\/\/malaga.salesianos.edu\/familiasalesiana\/blog\/125-anos-abrazando-la-vida-3\/#breadcrumb","itemListElement":[{"@type":"ListItem","position":1,"name":"Portada","item":"https:\/\/malaga.salesianos.edu\/familiasalesiana\/"},{"@type":"ListItem","position":2,"name":"\u201c125 a\u00f1os ABRAZANDO LA VIDA\u201d (3)"}]},{"@type":"WebSite","@id":"https:\/\/malaga.salesianos.edu\/familiasalesiana\/#website","url":"https:\/\/malaga.salesianos.edu\/familiasalesiana\/","name":"Familia Salesiana | Salesianos M\u00e1laga","description":"Familia Salesiana | Salesianos M\u00e1laga, ADMA, Asociaci\u00f3n de antiguos alumnos, Hermandad Salesiana, Salesianos Cooperadores","potentialAction":[{"@type":"SearchAction","target":{"@type":"EntryPoint","urlTemplate":"https:\/\/malaga.salesianos.edu\/familiasalesiana\/?s={search_term_string}"},"query-input":{"@type":"PropertyValueSpecification","valueRequired":true,"valueName":"search_term_string"}}],"inLanguage":"es"},{"@type":"Person","@id":""}]}},"_links":{"self":[{"href":"https:\/\/malaga.salesianos.edu\/familiasalesiana\/wp-json\/wp\/v2\/posts\/8694","targetHints":{"allow":["GET"]}}],"collection":[{"href":"https:\/\/malaga.salesianos.edu\/familiasalesiana\/wp-json\/wp\/v2\/posts"}],"about":[{"href":"https:\/\/malaga.salesianos.edu\/familiasalesiana\/wp-json\/wp\/v2\/types\/post"}],"author":[{"embeddable":true,"href":"https:\/\/malaga.salesianos.edu\/familiasalesiana\/wp-json\/wp\/v2\/users\/11"}],"replies":[{"embeddable":true,"href":"https:\/\/malaga.salesianos.edu\/familiasalesiana\/wp-json\/wp\/v2\/comments?post=8694"}],"version-history":[{"count":11,"href":"https:\/\/malaga.salesianos.edu\/familiasalesiana\/wp-json\/wp\/v2\/posts\/8694\/revisions"}],"predecessor-version":[{"id":8705,"href":"https:\/\/malaga.salesianos.edu\/familiasalesiana\/wp-json\/wp\/v2\/posts\/8694\/revisions\/8705"}],"wp:featuredmedia":[{"embeddable":true,"href":"https:\/\/malaga.salesianos.edu\/familiasalesiana\/wp-json\/wp\/v2\/media\/8326"}],"wp:attachment":[{"href":"https:\/\/malaga.salesianos.edu\/familiasalesiana\/wp-json\/wp\/v2\/media?parent=8694"}],"wp:term":[{"taxonomy":"category","embeddable":true,"href":"https:\/\/malaga.salesianos.edu\/familiasalesiana\/wp-json\/wp\/v2\/categories?post=8694"},{"taxonomy":"post_tag","embeddable":true,"href":"https:\/\/malaga.salesianos.edu\/familiasalesiana\/wp-json\/wp\/v2\/tags?post=8694"}],"curies":[{"name":"wp","href":"https:\/\/api.w.org\/{rel}","templated":true}]}}