{"id":8638,"date":"2018-11-13T00:02:11","date_gmt":"2018-11-12T22:08:11","guid":{"rendered":"https:\/\/malaga.salesianos.edu\/familiasalesiana\/blog\/125-anos-abrazando-la-vida-2\/"},"modified":"2018-11-13T00:31:03","modified_gmt":"2018-11-12T23:31:03","slug":"125-anos-abrazando-la-vida-2","status":"publish","type":"post","link":"https:\/\/malaga.salesianos.edu\/familiasalesiana\/blog\/125-anos-abrazando-la-vida-2\/","title":{"rendered":"\u201c125 a\u00f1os ABRAZANDO LA VIDA\u201d (2)"},"content":{"rendered":"<p>[et_pb_section bb_built=\u00bb1&#8243; admin_label=\u00bbsection\u00bb custom_padding=\u00bb2px|0px|54px|0px\u00bb][et_pb_row admin_label=\u00bbrow\u00bb background_position=\u00bbtop_left\u00bb background_repeat=\u00bbrepeat\u00bb background_size=\u00bbinitial\u00bb][et_pb_column type=\u00bb4_4&#8243;][et_pb_text admin_label=\u00bbEntradilla\u00bb text_font=\u00bb|on|||\u00bb text_orientation=\u00bbjustified\u00bb use_border_color=\u00bboff\u00bb border_color=\u00bb#ffffff\u00bb border_style=\u00bbsolid\u00bb _builder_version=\u00bb3.17.6&#8243;]<\/p>\n<p><em><strong>En esta segunda entrega, preparando el a\u00f1o jubilar 2019, en que se cumplen los 125 a\u00f1os de la presencia salesiana en nuestra ciudad, os recordamos, siempre agradecidos, el rico presente que estamos viviendo.<\/strong><\/em><\/p>\n<hr \/>\n<p>[\/et_pb_text][et_pb_text admin_label=\u00bbDesarrollo\u00bb text_orientation=\u00bbjustified\u00bb use_border_color=\u00bboff\u00bb border_color=\u00bb#ffffff\u00bb border_style=\u00bbsolid\u00bb _builder_version=\u00bb3.17.6&#8243;]<\/p>\n<p><strong>VIVIENDO EL PRESENTE CON GENEROSIDAD<\/strong><\/p>\n<p><strong><img loading=\"lazy\" decoding=\"async\" class=\"alignleft size-thumbnail wp-image-8324\" src=\"https:\/\/malaga.salesianos.edu\/familiasalesiana\/wp-content\/uploads\/sites\/8\/2018\/11\/Antonio_Gil-e1524509227536-150x150.jpg\" alt=\"\" width=\"150\" height=\"150\" \/><\/strong>En esta segunda entrega, preparando el a\u00f1o jubilar 2019, en que se cumplen los 125 a\u00f1os de la presencia salesiana en nuestra ciudad, os recordamos, siempre agradecidos, el rico presente que estamos viviendo; con un colegio \u201cSan Batolom\u00e9\u201d, repleto de ni\u00f1os, adolescentes y j\u00f3venes y un cuadro rico y apasionado de trabajadores \u2013 <em>educadores, que nos permiten seguir volando alto-<\/em>. As\u00ed enlazamos el pasado y el presente, de forma po\u00e9tica y estimulante: VAMOS ALZANDO EL VUELO<\/p>\n<p>\u00a0<\/p>\n<blockquote>\n<p>\u00a0<\/p>\n<p><em><strong>Ya nuestra fantas\u00eda ha empezado a volar,<\/strong><\/em><\/p>\n<p><em><strong>fecundando la tierra con un dulce rumor<\/strong><\/em><\/p>\n<p><em><strong>EL BARRIO CAPUCHINOS, fue propicio lugar<\/strong><\/em><\/p>\n<p><em><strong>una tierra que canta al amor con humor.<\/strong><\/em><\/p>\n<p>\u00a0<\/p>\n<p><em><strong>El Se\u00f1or se hizo fuerte como piedra angular<\/strong><\/em><\/p>\n<p><em><strong>bajo el manto irisado y azul del claro cielo,<\/strong><\/em><\/p>\n<p><em><strong>y el patio salesiano pedestal singular<\/strong><\/em><\/p>\n<p><em><strong>donde muchos j\u00f3venes ir\u00e1n alzando el vuelo.<\/strong><\/em><\/p>\n<p>\u00a0<\/p>\n<p><em><strong>Inicio ilusionante para una bella historia<\/strong><\/em><\/p>\n<p><em><strong>vamos alzando el vuelo al ritmo de los a\u00f1os<\/strong><\/em><\/p>\n<p><em><strong>y meciendo el vaiv\u00e9n, fracasos y victorias,<\/strong><\/em><\/p>\n<p><em><strong>igual que la mostaza \u00e9ste se har\u00e1 un gran \u00e1rbol.<\/strong><\/em><\/p>\n<p>\u00a0<\/p>\n<p><em><strong>La casa se hace grande y son muchos los hijos<\/strong><\/em><\/p>\n<p><em><strong>y van necesitando crear para crecer;<\/strong><\/em><\/p>\n<p><em><strong>canto, alegr\u00eda, danza, los esfuerzos prolijos<\/strong><\/em><\/p>\n<p><em><strong>de un estilo muy propio de entender el quehacer.<\/strong><\/em><\/p>\n<\/blockquote>\n<p><em>\u201cAhora, en esta fecha tan especial en la que celebr\u00e1is el 125 aniversario del inicio de la intensa y fruct\u00edfera actividad salesiana en M\u00e1laga, creo que se hace necesario destacar el papel realizado por todos los que intervienen en el impulso de la educaci\u00f3n y de la formaci\u00f3n para el empleo en nuestra ciudad.<\/em><\/p>\n<p><em>La ampl\u00edsima familia salesiana de M\u00e1laga irradia de manera positiva un compromiso ciudadano que ayuda a construir ciudad sobre la base de su ideario. M\u00e1s all\u00e1 de las distintas visiones que se pueden aportar a la hora de enfocar la actividad educativa, todas son enriquecedoras y suponen un activo extraordinario con beneficios valios\u00edsimos\u201d <\/em><em>(<strong>Francisco de la Torre Alcalde de M\u00e1laga para nuestro libro \u201c125 a\u00f1os ABRAZANDO LA VIDA\u201d)<\/strong><\/em><\/p>\n<p>Estas sentidas palabras de la primera autoridad de nuestra ciudad, que agradecemos, profundamente, son tambi\u00e9n un aliciente para seguir, ilusionados\u00a0 nuestra aventura de amor educativo, en bien especialmente de los ni\u00f1os y j\u00f3venes malacitanos con los que queremos seguir sembrando el carisma del Padre, Maestro y Amigo de los j\u00f3venes, nuestro D. Bosco.<\/p>\n<p>Permitidme expresaros una profunda convicci\u00f3n: En la experiencia educativa salesiana, y as\u00ed lo intentamos vivir en este presente rico y vital, la generosidad es el camino abierto a la felicidad. La educaci\u00f3n integral en el Sistema Preventivo de D. Bosco basada, seg\u00fan la intuici\u00f3n genial del Padre y Maestro de los j\u00f3venes, en la raz\u00f3n, la religi\u00f3n y el amor, solamente se puede llevar adelante con una gran dosis de generosidad, pues es a tiempo pleno, y siempre abierta a las nuevas situaciones y exigencias de una calidad alimentada con los grandes valores del evangelio. Lo hermoso es que en esa entrega sin tregua se cimienta la felicidad del educador con estilo salesiano.<\/p>\n<p>La raz\u00f3n implica gran capacidad de di\u00e1logo, de escucha para que la comunicaci\u00f3n sea fluida y eficaz. La religi\u00f3n nos ayuda a ir a lo esencial, donde realmente est\u00e1n los grandes valores y s\u00f3lo con generosidad se puede traansirar con eficzcia por esta senda. Y el amor, que D. Bosco nos ha transmitido de forma muy concreta, llena de detalles <em>(como sugiere la palabra italiana que \u00e9l manejaba y propon\u00eda: \u2018amorevolezza\u2019),<\/em> de amor pr\u00e1ctico, amor expresado \u201cpalabritas al o\u00eddo\u201d nos dir\u00e1 el mismo. Atenci\u00f3n continua, cercan\u00eda eficaz,\u2026 Todo ello implica un alto grado de generosidad: pero tambi\u00e9n este estilo educativo lleva en su esencia sentirse realizado y feliz.<\/p>\n<p>As\u00ed nos lo expresa D. Bosco y as\u00ed lo hemos heredado de mucha gente generosa, positiva y optimista y as\u00ed lo seguimos viviendo para logar tambi\u00e9n que nuestros muchachos sean y vivan como <em>\u201cbuenos cristianos y honrados ciudadanos\u201d (D. Bosco)<\/em><\/p>\n<p>A partir del 8 de diciembre de 2018 y durante todo el 2019 lo seguiremos recordando , viviendo y celebrando al ritmo de los en acontecimientos <em>(que os especificaremos en una siguiente entrega).<\/em> Queremos seguir siendo creativos y os seguimos invitando a la participaci\u00f3n. Que de verdad sigamos percibiendo que \u201cSO\u00d1AMOS JUNTOS\u201d<\/p>\n<p>Con afecto salesiano<\/p>\n<p>Antonio<\/p>\n<blockquote>\n<h2>Enlace de inter\u00e9s<\/h2>\n<\/blockquote>\n<ul>\n<li><a href=\"https:\/\/malaga.salesianos.edu\/historia-de-los-salesianos-en-malaga\/\">Historia de los Salesianos en M\u00e1laga<\/a><\/li>\n<\/ul>\n<p>[\/et_pb_text][\/et_pb_column][\/et_pb_row][\/et_pb_section]<\/p>\n","protected":false},"excerpt":{"rendered":"<p>En esta segunda entrega, preparando el a\u00f1o jubilar 2019, en que se cumplen los 125 a\u00f1os de la presencia salesiana en nuestra ciudad, os recordamos, siempre agradecidos, el rico presente que estamos viviendo.<\/p>\n","protected":false},"author":11,"featured_media":8640,"comment_status":"open","ping_status":"open","sticky":false,"template":"","format":"standard","meta":{"_et_pb_use_builder":"on","_et_pb_old_content":"","_et_gb_content_width":"","footnotes":""},"categories":[168,113,137,101],"tags":[],"class_list":["post-8638","post","type-post","status-publish","format-standard","has-post-thumbnail","hentry","category-125-aniversario","category-casa","category-destacado-familia-salesiana","category-familia-salesiana"],"yoast_head":"<!-- This site is optimized with the Yoast SEO plugin v28.3 - https:\/\/yoast.com\/product\/yoast-seo-wordpress\/ -->\n<title>\u201c125 a\u00f1os ABRAZANDO LA VIDA\u201d (2) - Familia Salesiana | Salesianos M\u00e1laga<\/title>\n<meta name=\"robots\" content=\"index, follow, max-snippet:-1, max-image-preview:large, max-video-preview:-1\" \/>\n<link rel=\"canonical\" href=\"https:\/\/malaga.salesianos.edu\/familiasalesiana\/blog\/125-anos-abrazando-la-vida-2\/\" \/>\n<meta property=\"og:locale\" content=\"es_ES\" \/>\n<meta property=\"og:type\" content=\"article\" \/>\n<meta property=\"og:title\" content=\"\u201c125 a\u00f1os ABRAZANDO LA VIDA\u201d (2) - Familia Salesiana | Salesianos M\u00e1laga\" \/>\n<meta property=\"og:description\" content=\"En esta segunda entrega, preparando el a\u00f1o jubilar 2019, en que se cumplen los 125 a\u00f1os de la presencia salesiana en nuestra ciudad, os recordamos, siempre agradecidos, el rico presente que estamos viviendo.\" \/>\n<meta property=\"og:url\" content=\"https:\/\/malaga.salesianos.edu\/familiasalesiana\/blog\/125-anos-abrazando-la-vida-2\/\" \/>\n<meta property=\"og:site_name\" content=\"Familia Salesiana | Salesianos M\u00e1laga\" \/>\n<meta property=\"article:published_time\" content=\"2018-11-12T22:08:11+00:00\" \/>\n<meta property=\"article:modified_time\" content=\"2018-11-12T23:31:03+00:00\" \/>\n<meta property=\"og:image\" content=\"https:\/\/malaga.salesianos.edu\/familiasalesiana\/wp-content\/uploads\/sites\/8\/2018\/11\/Fachada-del-colegio-desde-la-esquina-de-la-puerta-principal.jpg\" \/>\n\t<meta property=\"og:image:width\" content=\"1024\" \/>\n\t<meta property=\"og:image:height\" content=\"687\" \/>\n\t<meta property=\"og:image:type\" content=\"image\/jpeg\" \/>\n<meta name=\"twitter:card\" content=\"summary_large_image\" \/>\n<meta name=\"twitter:label1\" content=\"Escrito por\" \/>\n\t<meta name=\"twitter:data1\" content=\"\" \/>\n\t<meta name=\"twitter:label2\" content=\"Tiempo de lectura\" \/>\n\t<meta name=\"twitter:data2\" content=\"4 minutos\" \/>\n<script type=\"application\/ld+json\" class=\"yoast-schema-graph\">{\"@context\":\"https:\\\/\\\/schema.org\",\"@graph\":[{\"@type\":\"Article\",\"@id\":\"https:\\\/\\\/malaga.salesianos.edu\\\/familiasalesiana\\\/blog\\\/125-anos-abrazando-la-vida-2\\\/#article\",\"isPartOf\":{\"@id\":\"https:\\\/\\\/malaga.salesianos.edu\\\/familiasalesiana\\\/blog\\\/125-anos-abrazando-la-vida-2\\\/\"},\"author\":{\"name\":\"\",\"@id\":\"\"},\"headline\":\"\u201c125 a\u00f1os ABRAZANDO LA VIDA\u201d (2)\",\"datePublished\":\"2018-11-12T22:08:11+00:00\",\"dateModified\":\"2018-11-12T23:31:03+00:00\",\"mainEntityOfPage\":{\"@id\":\"https:\\\/\\\/malaga.salesianos.edu\\\/familiasalesiana\\\/blog\\\/125-anos-abrazando-la-vida-2\\\/\"},\"wordCount\":877,\"commentCount\":0,\"image\":{\"@id\":\"https:\\\/\\\/malaga.salesianos.edu\\\/familiasalesiana\\\/blog\\\/125-anos-abrazando-la-vida-2\\\/#primaryimage\"},\"thumbnailUrl\":\"https:\\\/\\\/malaga.salesianos.edu\\\/familiasalesiana\\\/wp-content\\\/uploads\\\/sites\\\/8\\\/2018\\\/11\\\/Fachada-del-colegio-desde-la-esquina-de-la-puerta-principal.jpg\",\"articleSection\":[\"125 aniversario\",\"Casa\",\"Destacado Familia Salesiana\",\"Familia Salesiana\"],\"inLanguage\":\"es\",\"potentialAction\":[{\"@type\":\"CommentAction\",\"name\":\"Comment\",\"target\":[\"https:\\\/\\\/malaga.salesianos.edu\\\/familiasalesiana\\\/blog\\\/125-anos-abrazando-la-vida-2\\\/#respond\"]}]},{\"@type\":\"WebPage\",\"@id\":\"https:\\\/\\\/malaga.salesianos.edu\\\/familiasalesiana\\\/blog\\\/125-anos-abrazando-la-vida-2\\\/\",\"url\":\"https:\\\/\\\/malaga.salesianos.edu\\\/familiasalesiana\\\/blog\\\/125-anos-abrazando-la-vida-2\\\/\",\"name\":\"\u201c125 a\u00f1os ABRAZANDO LA VIDA\u201d (2) - Familia Salesiana | Salesianos M\u00e1laga\",\"isPartOf\":{\"@id\":\"https:\\\/\\\/malaga.salesianos.edu\\\/familiasalesiana\\\/#website\"},\"primaryImageOfPage\":{\"@id\":\"https:\\\/\\\/malaga.salesianos.edu\\\/familiasalesiana\\\/blog\\\/125-anos-abrazando-la-vida-2\\\/#primaryimage\"},\"image\":{\"@id\":\"https:\\\/\\\/malaga.salesianos.edu\\\/familiasalesiana\\\/blog\\\/125-anos-abrazando-la-vida-2\\\/#primaryimage\"},\"thumbnailUrl\":\"https:\\\/\\\/malaga.salesianos.edu\\\/familiasalesiana\\\/wp-content\\\/uploads\\\/sites\\\/8\\\/2018\\\/11\\\/Fachada-del-colegio-desde-la-esquina-de-la-puerta-principal.jpg\",\"datePublished\":\"2018-11-12T22:08:11+00:00\",\"dateModified\":\"2018-11-12T23:31:03+00:00\",\"author\":{\"@id\":\"\"},\"breadcrumb\":{\"@id\":\"https:\\\/\\\/malaga.salesianos.edu\\\/familiasalesiana\\\/blog\\\/125-anos-abrazando-la-vida-2\\\/#breadcrumb\"},\"inLanguage\":\"es\",\"potentialAction\":[{\"@type\":\"ReadAction\",\"target\":[\"https:\\\/\\\/malaga.salesianos.edu\\\/familiasalesiana\\\/blog\\\/125-anos-abrazando-la-vida-2\\\/\"]}]},{\"@type\":\"ImageObject\",\"inLanguage\":\"es\",\"@id\":\"https:\\\/\\\/malaga.salesianos.edu\\\/familiasalesiana\\\/blog\\\/125-anos-abrazando-la-vida-2\\\/#primaryimage\",\"url\":\"https:\\\/\\\/malaga.salesianos.edu\\\/familiasalesiana\\\/wp-content\\\/uploads\\\/sites\\\/8\\\/2018\\\/11\\\/Fachada-del-colegio-desde-la-esquina-de-la-puerta-principal.jpg\",\"contentUrl\":\"https:\\\/\\\/malaga.salesianos.edu\\\/familiasalesiana\\\/wp-content\\\/uploads\\\/sites\\\/8\\\/2018\\\/11\\\/Fachada-del-colegio-desde-la-esquina-de-la-puerta-principal.jpg\",\"width\":1024,\"height\":687},{\"@type\":\"BreadcrumbList\",\"@id\":\"https:\\\/\\\/malaga.salesianos.edu\\\/familiasalesiana\\\/blog\\\/125-anos-abrazando-la-vida-2\\\/#breadcrumb\",\"itemListElement\":[{\"@type\":\"ListItem\",\"position\":1,\"name\":\"Portada\",\"item\":\"https:\\\/\\\/malaga.salesianos.edu\\\/familiasalesiana\\\/\"},{\"@type\":\"ListItem\",\"position\":2,\"name\":\"\u201c125 a\u00f1os ABRAZANDO LA VIDA\u201d (2)\"}]},{\"@type\":\"WebSite\",\"@id\":\"https:\\\/\\\/malaga.salesianos.edu\\\/familiasalesiana\\\/#website\",\"url\":\"https:\\\/\\\/malaga.salesianos.edu\\\/familiasalesiana\\\/\",\"name\":\"Familia Salesiana | Salesianos M\u00e1laga\",\"description\":\"Familia Salesiana | Salesianos M\u00e1laga, ADMA, Asociaci\u00f3n de antiguos alumnos, Hermandad Salesiana, Salesianos Cooperadores\",\"potentialAction\":[{\"@type\":\"SearchAction\",\"target\":{\"@type\":\"EntryPoint\",\"urlTemplate\":\"https:\\\/\\\/malaga.salesianos.edu\\\/familiasalesiana\\\/?s={search_term_string}\"},\"query-input\":{\"@type\":\"PropertyValueSpecification\",\"valueRequired\":true,\"valueName\":\"search_term_string\"}}],\"inLanguage\":\"es\"},{\"@type\":\"Person\",\"@id\":\"\"}]}<\/script>\n<!-- \/ Yoast SEO plugin. -->","yoast_head_json":{"title":"\u201c125 a\u00f1os ABRAZANDO LA VIDA\u201d (2) - Familia Salesiana | Salesianos M\u00e1laga","robots":{"index":"index","follow":"follow","max-snippet":"max-snippet:-1","max-image-preview":"max-image-preview:large","max-video-preview":"max-video-preview:-1"},"canonical":"https:\/\/malaga.salesianos.edu\/familiasalesiana\/blog\/125-anos-abrazando-la-vida-2\/","og_locale":"es_ES","og_type":"article","og_title":"\u201c125 a\u00f1os ABRAZANDO LA VIDA\u201d (2) - Familia Salesiana | Salesianos M\u00e1laga","og_description":"En esta segunda entrega, preparando el a\u00f1o jubilar 2019, en que se cumplen los 125 a\u00f1os de la presencia salesiana en nuestra ciudad, os recordamos, siempre agradecidos, el rico presente que estamos viviendo.","og_url":"https:\/\/malaga.salesianos.edu\/familiasalesiana\/blog\/125-anos-abrazando-la-vida-2\/","og_site_name":"Familia Salesiana | Salesianos M\u00e1laga","article_published_time":"2018-11-12T22:08:11+00:00","article_modified_time":"2018-11-12T23:31:03+00:00","og_image":[{"width":1024,"height":687,"url":"https:\/\/malaga.salesianos.edu\/familiasalesiana\/wp-content\/uploads\/sites\/8\/2018\/11\/Fachada-del-colegio-desde-la-esquina-de-la-puerta-principal.jpg","type":"image\/jpeg"}],"twitter_card":"summary_large_image","twitter_misc":{"Escrito por":"","Tiempo de lectura":"4 minutos"},"schema":{"@context":"https:\/\/schema.org","@graph":[{"@type":"Article","@id":"https:\/\/malaga.salesianos.edu\/familiasalesiana\/blog\/125-anos-abrazando-la-vida-2\/#article","isPartOf":{"@id":"https:\/\/malaga.salesianos.edu\/familiasalesiana\/blog\/125-anos-abrazando-la-vida-2\/"},"author":{"name":"","@id":""},"headline":"\u201c125 a\u00f1os ABRAZANDO LA VIDA\u201d (2)","datePublished":"2018-11-12T22:08:11+00:00","dateModified":"2018-11-12T23:31:03+00:00","mainEntityOfPage":{"@id":"https:\/\/malaga.salesianos.edu\/familiasalesiana\/blog\/125-anos-abrazando-la-vida-2\/"},"wordCount":877,"commentCount":0,"image":{"@id":"https:\/\/malaga.salesianos.edu\/familiasalesiana\/blog\/125-anos-abrazando-la-vida-2\/#primaryimage"},"thumbnailUrl":"https:\/\/malaga.salesianos.edu\/familiasalesiana\/wp-content\/uploads\/sites\/8\/2018\/11\/Fachada-del-colegio-desde-la-esquina-de-la-puerta-principal.jpg","articleSection":["125 aniversario","Casa","Destacado Familia Salesiana","Familia Salesiana"],"inLanguage":"es","potentialAction":[{"@type":"CommentAction","name":"Comment","target":["https:\/\/malaga.salesianos.edu\/familiasalesiana\/blog\/125-anos-abrazando-la-vida-2\/#respond"]}]},{"@type":"WebPage","@id":"https:\/\/malaga.salesianos.edu\/familiasalesiana\/blog\/125-anos-abrazando-la-vida-2\/","url":"https:\/\/malaga.salesianos.edu\/familiasalesiana\/blog\/125-anos-abrazando-la-vida-2\/","name":"\u201c125 a\u00f1os ABRAZANDO LA VIDA\u201d (2) - Familia Salesiana | Salesianos M\u00e1laga","isPartOf":{"@id":"https:\/\/malaga.salesianos.edu\/familiasalesiana\/#website"},"primaryImageOfPage":{"@id":"https:\/\/malaga.salesianos.edu\/familiasalesiana\/blog\/125-anos-abrazando-la-vida-2\/#primaryimage"},"image":{"@id":"https:\/\/malaga.salesianos.edu\/familiasalesiana\/blog\/125-anos-abrazando-la-vida-2\/#primaryimage"},"thumbnailUrl":"https:\/\/malaga.salesianos.edu\/familiasalesiana\/wp-content\/uploads\/sites\/8\/2018\/11\/Fachada-del-colegio-desde-la-esquina-de-la-puerta-principal.jpg","datePublished":"2018-11-12T22:08:11+00:00","dateModified":"2018-11-12T23:31:03+00:00","author":{"@id":""},"breadcrumb":{"@id":"https:\/\/malaga.salesianos.edu\/familiasalesiana\/blog\/125-anos-abrazando-la-vida-2\/#breadcrumb"},"inLanguage":"es","potentialAction":[{"@type":"ReadAction","target":["https:\/\/malaga.salesianos.edu\/familiasalesiana\/blog\/125-anos-abrazando-la-vida-2\/"]}]},{"@type":"ImageObject","inLanguage":"es","@id":"https:\/\/malaga.salesianos.edu\/familiasalesiana\/blog\/125-anos-abrazando-la-vida-2\/#primaryimage","url":"https:\/\/malaga.salesianos.edu\/familiasalesiana\/wp-content\/uploads\/sites\/8\/2018\/11\/Fachada-del-colegio-desde-la-esquina-de-la-puerta-principal.jpg","contentUrl":"https:\/\/malaga.salesianos.edu\/familiasalesiana\/wp-content\/uploads\/sites\/8\/2018\/11\/Fachada-del-colegio-desde-la-esquina-de-la-puerta-principal.jpg","width":1024,"height":687},{"@type":"BreadcrumbList","@id":"https:\/\/malaga.salesianos.edu\/familiasalesiana\/blog\/125-anos-abrazando-la-vida-2\/#breadcrumb","itemListElement":[{"@type":"ListItem","position":1,"name":"Portada","item":"https:\/\/malaga.salesianos.edu\/familiasalesiana\/"},{"@type":"ListItem","position":2,"name":"\u201c125 a\u00f1os ABRAZANDO LA VIDA\u201d (2)"}]},{"@type":"WebSite","@id":"https:\/\/malaga.salesianos.edu\/familiasalesiana\/#website","url":"https:\/\/malaga.salesianos.edu\/familiasalesiana\/","name":"Familia Salesiana | Salesianos M\u00e1laga","description":"Familia Salesiana | Salesianos M\u00e1laga, ADMA, Asociaci\u00f3n de antiguos alumnos, Hermandad Salesiana, Salesianos Cooperadores","potentialAction":[{"@type":"SearchAction","target":{"@type":"EntryPoint","urlTemplate":"https:\/\/malaga.salesianos.edu\/familiasalesiana\/?s={search_term_string}"},"query-input":{"@type":"PropertyValueSpecification","valueRequired":true,"valueName":"search_term_string"}}],"inLanguage":"es"},{"@type":"Person","@id":""}]}},"_links":{"self":[{"href":"https:\/\/malaga.salesianos.edu\/familiasalesiana\/wp-json\/wp\/v2\/posts\/8638","targetHints":{"allow":["GET"]}}],"collection":[{"href":"https:\/\/malaga.salesianos.edu\/familiasalesiana\/wp-json\/wp\/v2\/posts"}],"about":[{"href":"https:\/\/malaga.salesianos.edu\/familiasalesiana\/wp-json\/wp\/v2\/types\/post"}],"author":[{"embeddable":true,"href":"https:\/\/malaga.salesianos.edu\/familiasalesiana\/wp-json\/wp\/v2\/users\/11"}],"replies":[{"embeddable":true,"href":"https:\/\/malaga.salesianos.edu\/familiasalesiana\/wp-json\/wp\/v2\/comments?post=8638"}],"version-history":[{"count":6,"href":"https:\/\/malaga.salesianos.edu\/familiasalesiana\/wp-json\/wp\/v2\/posts\/8638\/revisions"}],"predecessor-version":[{"id":8646,"href":"https:\/\/malaga.salesianos.edu\/familiasalesiana\/wp-json\/wp\/v2\/posts\/8638\/revisions\/8646"}],"wp:featuredmedia":[{"embeddable":true,"href":"https:\/\/malaga.salesianos.edu\/familiasalesiana\/wp-json\/wp\/v2\/media\/8640"}],"wp:attachment":[{"href":"https:\/\/malaga.salesianos.edu\/familiasalesiana\/wp-json\/wp\/v2\/media?parent=8638"}],"wp:term":[{"taxonomy":"category","embeddable":true,"href":"https:\/\/malaga.salesianos.edu\/familiasalesiana\/wp-json\/wp\/v2\/categories?post=8638"},{"taxonomy":"post_tag","embeddable":true,"href":"https:\/\/malaga.salesianos.edu\/familiasalesiana\/wp-json\/wp\/v2\/tags?post=8638"}],"curies":[{"name":"wp","href":"https:\/\/api.w.org\/{rel}","templated":true}]}}