{"id":8613,"date":"2018-11-08T00:01:09","date_gmt":"2018-11-07T21:53:09","guid":{"rendered":"https:\/\/malaga.salesianos.edu\/familiasalesiana\/blog\/solo-falta-un-mes\/"},"modified":"2018-11-08T07:14:24","modified_gmt":"2018-11-08T06:14:24","slug":"solo-falta-un-mes","status":"publish","type":"post","link":"https:\/\/malaga.salesianos.edu\/familiasalesiana\/blog\/solo-falta-un-mes\/","title":{"rendered":"\u00a1S\u00f3lo Falta un mes!"},"content":{"rendered":"<p>[et_pb_section bb_built=\u00bb1&#8243; admin_label=\u00bbsection\u00bb custom_padding=\u00bb2px|0px|54px|0px\u00bb][et_pb_row admin_label=\u00bbrow\u00bb background_position=\u00bbtop_left\u00bb background_repeat=\u00bbrepeat\u00bb background_size=\u00bbinitial\u00bb][et_pb_column type=\u00bb4_4&#8243;][et_pb_text admin_label=\u00bbEntradilla\u00bb text_font=\u00bb|on|||\u00bb text_orientation=\u00bbjustified\u00bb use_border_color=\u00bboff\u00bb border_color=\u00bb#ffffff\u00bb border_style=\u00bbsolid\u00bb _builder_version=\u00bb3.17.6&#8243;]<\/p>\n<p><strong><em>El recuerdo emocionado\u00a0de \u2018125 a\u00f1os de amor educativo\u2019 siguiendo a D. Bosco, iluminados por el manto azul de Mar\u00eda Auxiliadora, comenzamos a CELEBRARLO el d\u00eda 8 de diciembre.<\/em><\/strong><\/p>\n<hr \/>\n<p>[\/et_pb_text][et_pb_text admin_label=\u00bbDesarrollo\u00bb text_orientation=\u00bbjustified\u00bb use_border_color=\u00bboff\u00bb border_color=\u00bb#ffffff\u00bb border_style=\u00bbsolid\u00bb _builder_version=\u00bb3.17.6&#8243;]<\/p>\n<p><strong><img loading=\"lazy\" decoding=\"async\" class=\"alignleft wp-image-8614 \" src=\"https:\/\/malaga.salesianos.edu\/familiasalesiana\/wp-content\/uploads\/sites\/8\/2018\/11\/logo125.jpg\" alt=\"\" width=\"201\" height=\"254\" srcset=\"https:\/\/malaga.salesianos.edu\/familiasalesiana\/wp-content\/uploads\/sites\/8\/2018\/11\/logo125.jpg 1366w, https:\/\/malaga.salesianos.edu\/familiasalesiana\/wp-content\/uploads\/sites\/8\/2018\/11\/logo125-237x300.jpg 237w, https:\/\/malaga.salesianos.edu\/familiasalesiana\/wp-content\/uploads\/sites\/8\/2018\/11\/logo125-768x973.jpg 768w, https:\/\/malaga.salesianos.edu\/familiasalesiana\/wp-content\/uploads\/sites\/8\/2018\/11\/logo125-808x1024.jpg 808w, https:\/\/malaga.salesianos.edu\/familiasalesiana\/wp-content\/uploads\/sites\/8\/2018\/11\/logo125-1080x1369.jpg 1080w\" sizes=\"(max-width: 201px) 100vw, 201px\" \/>8 diciembre 1894 \u2013 8 diciembre 2019<\/strong><\/p>\n<p><strong>J\u00d3VENES Y FAMILIA SALESIANA<\/strong> <strong>M\u00c1LAGA<\/strong><\/p>\n<p><strong>El recuerdo emocionado<\/strong> \u2013<em>que iremos recorriendo<\/em>&#8211; de \u2018125 a\u00f1os de amor educativo\u2019 siguiendo a D. Bosco, iluminados por el manto azul de Mar\u00eda Auxiliadora, <strong>comenzamos a CELEBRARLO el d\u00eda 8 de diciembre 2018: FIESTA DE LA INMACULADA.<\/strong> Ser\u00e1 la APERTURA de todo lo que viviremos a lo largo del A\u00d1O 2019<\/p>\n<p><strong>\u00a1SIEMPRE CON MAR\u00cdA \u201cINMACULADA \u2013 AUXILIADORA\u201d!<\/strong><\/p>\n<p><strong>Un 8 de diciembre de 1841, <\/strong>Don Bosco tiene aquel primer encuentro con el joven Bartolom\u00e9 Garelli, inicio de una historia de amor educativo inacabable\u2026<\/p>\n<p><strong>El 8 de diciembre de 1894, <\/strong>los primeros salesianos llegados a M\u00e1laga comienzan su generosa entrega\u00a0 en bien de todos: ni\u00f1os, j\u00f3venes y mayores, aqu\u00ed en M\u00e1laga<\/p>\n<p><strong><u>El 8 de diciembre de 2018<\/u><\/strong><strong>, <\/strong>nosotros seremos tambi\u00e9n los protagonistas de esta historia continuada de 125 a\u00f1os<\/p>\n<p><strong>El 8 de diciembre de 2019, con la presencia del X sucesor de San Juan Bosco, el Rector Mayor de la Congregaci\u00f3n <\/strong>cerraremos el a\u00f1o jubilar y continuaremos un futuro, lleno de vida\u2026<\/p>\n<p><strong>\u00a0<\/strong><\/p>\n<p><strong>\u00bfC\u00d3MO LO HAREMOS?<\/strong><\/p>\n<p><strong>CON UNA OFRENDA FLORAL, <\/strong>con el slogan \u201cQUE NO FALTE TU FLOR\u201d. \u00c9sta es la idea significativa y personal, \u00a1<u>que no falte tu flor<\/u>!, tu recuerdo a la Virgen, tu deseo, tu detalle, tu beso, tu oraci\u00f3n&#8230;<\/p>\n<p><u>Ven a las 12h<\/u> <em>(ni\u00f1os, j\u00f3venes, mayores, familias\u2026 pero siempre t\u00fa personalmente)<\/em> al Santuario con esa flor que t\u00fa hayas elegido para ella, para la Madre\u2026 y ya te indicar\u00e1n c\u00f3mo la vas a presentar. Y todos juntos cantaremos y celebraremos Eucarist\u00eda\u2026<\/p>\n<p><strong>Ser\u00e1 la apertura, bello inicio de muchos d\u00edas de recuerdo y fiesta. \u201c125 a\u00f1os bien merecen la pena\u201d<\/strong><\/p>\n<p><strong>RECUERDA\u2026 8 DICIEMBRE 2018 \u00b7 12h EN EL SANTUARIO<\/strong><\/p>\n<p><strong>TOMA BUENA NOTA EN TU AGENDA. S\u00d3LO FALTA UN MES -8 noviembre &#8211; 8 diciembre- Y COMENZAMOS A CELEBRAR JUNTOS\u2026 \u00a1\u00a1QUE NO FALTE TU FLOR\u201d<\/strong><\/p>\n<p><strong>\u00a1S\u00d3LO FALTA UN MES!<\/strong><\/p>\n<p>[\/et_pb_text][\/et_pb_column][\/et_pb_row][\/et_pb_section]<\/p>\n","protected":false},"excerpt":{"rendered":"<p>El recuerdo emocionado\u00a0de \u2018125 a\u00f1os de amor educativo\u2019 siguiendo a D. Bosco, iluminados por el manto azul de Mar\u00eda Auxiliadora, comenzamos a CELEBRARLO el d\u00eda 8 de diciembre.<\/p>\n","protected":false},"author":11,"featured_media":8616,"comment_status":"open","ping_status":"open","sticky":false,"template":"","format":"standard","meta":{"_et_pb_use_builder":"on","_et_pb_old_content":"","_et_gb_content_width":"","footnotes":""},"categories":[168,113,101],"tags":[],"class_list":["post-8613","post","type-post","status-publish","format-standard","has-post-thumbnail","hentry","category-125-aniversario","category-casa","category-familia-salesiana"],"yoast_head":"<!-- This site is optimized with the Yoast SEO plugin v28.3 - https:\/\/yoast.com\/product\/yoast-seo-wordpress\/ -->\n<title>\u00a1S\u00f3lo Falta un mes! - Familia Salesiana | Salesianos M\u00e1laga<\/title>\n<meta name=\"robots\" content=\"index, follow, max-snippet:-1, max-image-preview:large, max-video-preview:-1\" \/>\n<link rel=\"canonical\" href=\"https:\/\/malaga.salesianos.edu\/familiasalesiana\/blog\/solo-falta-un-mes\/\" \/>\n<meta property=\"og:locale\" content=\"es_ES\" \/>\n<meta property=\"og:type\" content=\"article\" \/>\n<meta property=\"og:title\" content=\"\u00a1S\u00f3lo Falta un mes! - Familia Salesiana | Salesianos M\u00e1laga\" \/>\n<meta property=\"og:description\" content=\"El recuerdo emocionado\u00a0de \u2018125 a\u00f1os de amor educativo\u2019 siguiendo a D. Bosco, iluminados por el manto azul de Mar\u00eda Auxiliadora, comenzamos a CELEBRARLO el d\u00eda 8 de diciembre.\" \/>\n<meta property=\"og:url\" content=\"https:\/\/malaga.salesianos.edu\/familiasalesiana\/blog\/solo-falta-un-mes\/\" \/>\n<meta property=\"og:site_name\" content=\"Familia Salesiana | Salesianos M\u00e1laga\" \/>\n<meta property=\"article:published_time\" content=\"2018-11-07T21:53:09+00:00\" \/>\n<meta property=\"article:modified_time\" content=\"2018-11-08T06:14:24+00:00\" \/>\n<meta property=\"og:image\" content=\"https:\/\/malaga.salesianos.edu\/familiasalesiana\/wp-content\/uploads\/sites\/8\/2018\/11\/Foto-Claustro-Lema_presentacion-2.jpg\" \/>\n\t<meta property=\"og:image:width\" content=\"1280\" \/>\n\t<meta property=\"og:image:height\" content=\"717\" \/>\n\t<meta property=\"og:image:type\" content=\"image\/jpeg\" \/>\n<meta name=\"twitter:card\" content=\"summary_large_image\" \/>\n<meta name=\"twitter:label1\" content=\"Escrito por\" \/>\n\t<meta name=\"twitter:data1\" content=\"\" \/>\n\t<meta name=\"twitter:label2\" content=\"Tiempo de lectura\" \/>\n\t<meta name=\"twitter:data2\" content=\"2 minutos\" \/>\n<script type=\"application\/ld+json\" class=\"yoast-schema-graph\">{\"@context\":\"https:\\\/\\\/schema.org\",\"@graph\":[{\"@type\":\"Article\",\"@id\":\"https:\\\/\\\/malaga.salesianos.edu\\\/familiasalesiana\\\/blog\\\/solo-falta-un-mes\\\/#article\",\"isPartOf\":{\"@id\":\"https:\\\/\\\/malaga.salesianos.edu\\\/familiasalesiana\\\/blog\\\/solo-falta-un-mes\\\/\"},\"author\":{\"name\":\"\",\"@id\":\"\"},\"headline\":\"\u00a1S\u00f3lo Falta un mes!\",\"datePublished\":\"2018-11-07T21:53:09+00:00\",\"dateModified\":\"2018-11-08T06:14:24+00:00\",\"mainEntityOfPage\":{\"@id\":\"https:\\\/\\\/malaga.salesianos.edu\\\/familiasalesiana\\\/blog\\\/solo-falta-un-mes\\\/\"},\"wordCount\":441,\"commentCount\":0,\"image\":{\"@id\":\"https:\\\/\\\/malaga.salesianos.edu\\\/familiasalesiana\\\/blog\\\/solo-falta-un-mes\\\/#primaryimage\"},\"thumbnailUrl\":\"https:\\\/\\\/malaga.salesianos.edu\\\/familiasalesiana\\\/wp-content\\\/uploads\\\/sites\\\/8\\\/2018\\\/11\\\/Foto-Claustro-Lema_presentacion-2.jpg\",\"articleSection\":[\"125 aniversario\",\"Casa\",\"Familia Salesiana\"],\"inLanguage\":\"es\",\"potentialAction\":[{\"@type\":\"CommentAction\",\"name\":\"Comment\",\"target\":[\"https:\\\/\\\/malaga.salesianos.edu\\\/familiasalesiana\\\/blog\\\/solo-falta-un-mes\\\/#respond\"]}]},{\"@type\":\"WebPage\",\"@id\":\"https:\\\/\\\/malaga.salesianos.edu\\\/familiasalesiana\\\/blog\\\/solo-falta-un-mes\\\/\",\"url\":\"https:\\\/\\\/malaga.salesianos.edu\\\/familiasalesiana\\\/blog\\\/solo-falta-un-mes\\\/\",\"name\":\"\u00a1S\u00f3lo Falta un mes! - Familia Salesiana | Salesianos M\u00e1laga\",\"isPartOf\":{\"@id\":\"https:\\\/\\\/malaga.salesianos.edu\\\/familiasalesiana\\\/#website\"},\"primaryImageOfPage\":{\"@id\":\"https:\\\/\\\/malaga.salesianos.edu\\\/familiasalesiana\\\/blog\\\/solo-falta-un-mes\\\/#primaryimage\"},\"image\":{\"@id\":\"https:\\\/\\\/malaga.salesianos.edu\\\/familiasalesiana\\\/blog\\\/solo-falta-un-mes\\\/#primaryimage\"},\"thumbnailUrl\":\"https:\\\/\\\/malaga.salesianos.edu\\\/familiasalesiana\\\/wp-content\\\/uploads\\\/sites\\\/8\\\/2018\\\/11\\\/Foto-Claustro-Lema_presentacion-2.jpg\",\"datePublished\":\"2018-11-07T21:53:09+00:00\",\"dateModified\":\"2018-11-08T06:14:24+00:00\",\"author\":{\"@id\":\"\"},\"breadcrumb\":{\"@id\":\"https:\\\/\\\/malaga.salesianos.edu\\\/familiasalesiana\\\/blog\\\/solo-falta-un-mes\\\/#breadcrumb\"},\"inLanguage\":\"es\",\"potentialAction\":[{\"@type\":\"ReadAction\",\"target\":[\"https:\\\/\\\/malaga.salesianos.edu\\\/familiasalesiana\\\/blog\\\/solo-falta-un-mes\\\/\"]}]},{\"@type\":\"ImageObject\",\"inLanguage\":\"es\",\"@id\":\"https:\\\/\\\/malaga.salesianos.edu\\\/familiasalesiana\\\/blog\\\/solo-falta-un-mes\\\/#primaryimage\",\"url\":\"https:\\\/\\\/malaga.salesianos.edu\\\/familiasalesiana\\\/wp-content\\\/uploads\\\/sites\\\/8\\\/2018\\\/11\\\/Foto-Claustro-Lema_presentacion-2.jpg\",\"contentUrl\":\"https:\\\/\\\/malaga.salesianos.edu\\\/familiasalesiana\\\/wp-content\\\/uploads\\\/sites\\\/8\\\/2018\\\/11\\\/Foto-Claustro-Lema_presentacion-2.jpg\",\"width\":1280,\"height\":717},{\"@type\":\"BreadcrumbList\",\"@id\":\"https:\\\/\\\/malaga.salesianos.edu\\\/familiasalesiana\\\/blog\\\/solo-falta-un-mes\\\/#breadcrumb\",\"itemListElement\":[{\"@type\":\"ListItem\",\"position\":1,\"name\":\"Portada\",\"item\":\"https:\\\/\\\/malaga.salesianos.edu\\\/familiasalesiana\\\/\"},{\"@type\":\"ListItem\",\"position\":2,\"name\":\"\u00a1S\u00f3lo Falta un mes!\"}]},{\"@type\":\"WebSite\",\"@id\":\"https:\\\/\\\/malaga.salesianos.edu\\\/familiasalesiana\\\/#website\",\"url\":\"https:\\\/\\\/malaga.salesianos.edu\\\/familiasalesiana\\\/\",\"name\":\"Familia Salesiana | Salesianos M\u00e1laga\",\"description\":\"Familia Salesiana | Salesianos M\u00e1laga, ADMA, Asociaci\u00f3n de antiguos alumnos, Hermandad Salesiana, Salesianos Cooperadores\",\"potentialAction\":[{\"@type\":\"SearchAction\",\"target\":{\"@type\":\"EntryPoint\",\"urlTemplate\":\"https:\\\/\\\/malaga.salesianos.edu\\\/familiasalesiana\\\/?s={search_term_string}\"},\"query-input\":{\"@type\":\"PropertyValueSpecification\",\"valueRequired\":true,\"valueName\":\"search_term_string\"}}],\"inLanguage\":\"es\"},{\"@type\":\"Person\",\"@id\":\"\"}]}<\/script>\n<!-- \/ Yoast SEO plugin. -->","yoast_head_json":{"title":"\u00a1S\u00f3lo Falta un mes! - Familia Salesiana | Salesianos M\u00e1laga","robots":{"index":"index","follow":"follow","max-snippet":"max-snippet:-1","max-image-preview":"max-image-preview:large","max-video-preview":"max-video-preview:-1"},"canonical":"https:\/\/malaga.salesianos.edu\/familiasalesiana\/blog\/solo-falta-un-mes\/","og_locale":"es_ES","og_type":"article","og_title":"\u00a1S\u00f3lo Falta un mes! - Familia Salesiana | Salesianos M\u00e1laga","og_description":"El recuerdo emocionado\u00a0de \u2018125 a\u00f1os de amor educativo\u2019 siguiendo a D. Bosco, iluminados por el manto azul de Mar\u00eda Auxiliadora, comenzamos a CELEBRARLO el d\u00eda 8 de diciembre.","og_url":"https:\/\/malaga.salesianos.edu\/familiasalesiana\/blog\/solo-falta-un-mes\/","og_site_name":"Familia Salesiana | Salesianos M\u00e1laga","article_published_time":"2018-11-07T21:53:09+00:00","article_modified_time":"2018-11-08T06:14:24+00:00","og_image":[{"width":1280,"height":717,"url":"https:\/\/malaga.salesianos.edu\/familiasalesiana\/wp-content\/uploads\/sites\/8\/2018\/11\/Foto-Claustro-Lema_presentacion-2.jpg","type":"image\/jpeg"}],"twitter_card":"summary_large_image","twitter_misc":{"Escrito por":"","Tiempo de lectura":"2 minutos"},"schema":{"@context":"https:\/\/schema.org","@graph":[{"@type":"Article","@id":"https:\/\/malaga.salesianos.edu\/familiasalesiana\/blog\/solo-falta-un-mes\/#article","isPartOf":{"@id":"https:\/\/malaga.salesianos.edu\/familiasalesiana\/blog\/solo-falta-un-mes\/"},"author":{"name":"","@id":""},"headline":"\u00a1S\u00f3lo Falta un mes!","datePublished":"2018-11-07T21:53:09+00:00","dateModified":"2018-11-08T06:14:24+00:00","mainEntityOfPage":{"@id":"https:\/\/malaga.salesianos.edu\/familiasalesiana\/blog\/solo-falta-un-mes\/"},"wordCount":441,"commentCount":0,"image":{"@id":"https:\/\/malaga.salesianos.edu\/familiasalesiana\/blog\/solo-falta-un-mes\/#primaryimage"},"thumbnailUrl":"https:\/\/malaga.salesianos.edu\/familiasalesiana\/wp-content\/uploads\/sites\/8\/2018\/11\/Foto-Claustro-Lema_presentacion-2.jpg","articleSection":["125 aniversario","Casa","Familia Salesiana"],"inLanguage":"es","potentialAction":[{"@type":"CommentAction","name":"Comment","target":["https:\/\/malaga.salesianos.edu\/familiasalesiana\/blog\/solo-falta-un-mes\/#respond"]}]},{"@type":"WebPage","@id":"https:\/\/malaga.salesianos.edu\/familiasalesiana\/blog\/solo-falta-un-mes\/","url":"https:\/\/malaga.salesianos.edu\/familiasalesiana\/blog\/solo-falta-un-mes\/","name":"\u00a1S\u00f3lo Falta un mes! - Familia Salesiana | Salesianos M\u00e1laga","isPartOf":{"@id":"https:\/\/malaga.salesianos.edu\/familiasalesiana\/#website"},"primaryImageOfPage":{"@id":"https:\/\/malaga.salesianos.edu\/familiasalesiana\/blog\/solo-falta-un-mes\/#primaryimage"},"image":{"@id":"https:\/\/malaga.salesianos.edu\/familiasalesiana\/blog\/solo-falta-un-mes\/#primaryimage"},"thumbnailUrl":"https:\/\/malaga.salesianos.edu\/familiasalesiana\/wp-content\/uploads\/sites\/8\/2018\/11\/Foto-Claustro-Lema_presentacion-2.jpg","datePublished":"2018-11-07T21:53:09+00:00","dateModified":"2018-11-08T06:14:24+00:00","author":{"@id":""},"breadcrumb":{"@id":"https:\/\/malaga.salesianos.edu\/familiasalesiana\/blog\/solo-falta-un-mes\/#breadcrumb"},"inLanguage":"es","potentialAction":[{"@type":"ReadAction","target":["https:\/\/malaga.salesianos.edu\/familiasalesiana\/blog\/solo-falta-un-mes\/"]}]},{"@type":"ImageObject","inLanguage":"es","@id":"https:\/\/malaga.salesianos.edu\/familiasalesiana\/blog\/solo-falta-un-mes\/#primaryimage","url":"https:\/\/malaga.salesianos.edu\/familiasalesiana\/wp-content\/uploads\/sites\/8\/2018\/11\/Foto-Claustro-Lema_presentacion-2.jpg","contentUrl":"https:\/\/malaga.salesianos.edu\/familiasalesiana\/wp-content\/uploads\/sites\/8\/2018\/11\/Foto-Claustro-Lema_presentacion-2.jpg","width":1280,"height":717},{"@type":"BreadcrumbList","@id":"https:\/\/malaga.salesianos.edu\/familiasalesiana\/blog\/solo-falta-un-mes\/#breadcrumb","itemListElement":[{"@type":"ListItem","position":1,"name":"Portada","item":"https:\/\/malaga.salesianos.edu\/familiasalesiana\/"},{"@type":"ListItem","position":2,"name":"\u00a1S\u00f3lo Falta un mes!"}]},{"@type":"WebSite","@id":"https:\/\/malaga.salesianos.edu\/familiasalesiana\/#website","url":"https:\/\/malaga.salesianos.edu\/familiasalesiana\/","name":"Familia Salesiana | Salesianos M\u00e1laga","description":"Familia Salesiana | Salesianos M\u00e1laga, ADMA, Asociaci\u00f3n de antiguos alumnos, Hermandad Salesiana, Salesianos Cooperadores","potentialAction":[{"@type":"SearchAction","target":{"@type":"EntryPoint","urlTemplate":"https:\/\/malaga.salesianos.edu\/familiasalesiana\/?s={search_term_string}"},"query-input":{"@type":"PropertyValueSpecification","valueRequired":true,"valueName":"search_term_string"}}],"inLanguage":"es"},{"@type":"Person","@id":""}]}},"_links":{"self":[{"href":"https:\/\/malaga.salesianos.edu\/familiasalesiana\/wp-json\/wp\/v2\/posts\/8613","targetHints":{"allow":["GET"]}}],"collection":[{"href":"https:\/\/malaga.salesianos.edu\/familiasalesiana\/wp-json\/wp\/v2\/posts"}],"about":[{"href":"https:\/\/malaga.salesianos.edu\/familiasalesiana\/wp-json\/wp\/v2\/types\/post"}],"author":[{"embeddable":true,"href":"https:\/\/malaga.salesianos.edu\/familiasalesiana\/wp-json\/wp\/v2\/users\/11"}],"replies":[{"embeddable":true,"href":"https:\/\/malaga.salesianos.edu\/familiasalesiana\/wp-json\/wp\/v2\/comments?post=8613"}],"version-history":[{"count":7,"href":"https:\/\/malaga.salesianos.edu\/familiasalesiana\/wp-json\/wp\/v2\/posts\/8613\/revisions"}],"predecessor-version":[{"id":8623,"href":"https:\/\/malaga.salesianos.edu\/familiasalesiana\/wp-json\/wp\/v2\/posts\/8613\/revisions\/8623"}],"wp:featuredmedia":[{"embeddable":true,"href":"https:\/\/malaga.salesianos.edu\/familiasalesiana\/wp-json\/wp\/v2\/media\/8616"}],"wp:attachment":[{"href":"https:\/\/malaga.salesianos.edu\/familiasalesiana\/wp-json\/wp\/v2\/media?parent=8613"}],"wp:term":[{"taxonomy":"category","embeddable":true,"href":"https:\/\/malaga.salesianos.edu\/familiasalesiana\/wp-json\/wp\/v2\/categories?post=8613"},{"taxonomy":"post_tag","embeddable":true,"href":"https:\/\/malaga.salesianos.edu\/familiasalesiana\/wp-json\/wp\/v2\/tags?post=8613"}],"curies":[{"name":"wp","href":"https:\/\/api.w.org\/{rel}","templated":true}]}}