{"id":8610,"date":"2018-11-06T14:30:22","date_gmt":"2018-11-06T13:30:22","guid":{"rendered":"https:\/\/malaga.salesianos.edu\/familiasalesiana\/blog\/125-anos-abrazando-la-vida\/"},"modified":"2018-11-06T14:30:22","modified_gmt":"2018-11-06T13:30:22","slug":"125-anos-abrazando-la-vida","status":"publish","type":"post","link":"https:\/\/malaga.salesianos.edu\/familiasalesiana\/blog\/125-anos-abrazando-la-vida\/","title":{"rendered":"125 a\u00f1os abrazando la vida"},"content":{"rendered":"<p>[et_pb_section bb_built=\u00bb1&#8243; admin_label=\u00bbsection\u00bb custom_padding=\u00bb2px|0px|54px|0px\u00bb][et_pb_row admin_label=\u00bbrow\u00bb background_position=\u00bbtop_left\u00bb background_repeat=\u00bbrepeat\u00bb background_size=\u00bbinitial\u00bb][et_pb_column type=\u00bb4_4&#8243;][et_pb_text admin_label=\u00bbEntradilla\u00bb text_font=\u00bb|on|||\u00bb text_orientation=\u00bbjustified\u00bb use_border_color=\u00bboff\u00bb border_color=\u00bb#ffffff\u00bb border_style=\u00bbsolid\u00bb _builder_version=\u00bb3.17.6&#8243;]<\/p>\n<p><em><strong>En 1894 se instalan definitivamente los Salesianos en esta tierra bendita de M\u00e1laga, con la convicci\u00f3n de que \u201cDios lo quiere\u201d en este Colegio \u201cSan Bartolom\u00e9\u201d y la creciente Familia Salesiana&#8230;<\/strong><\/em><\/p>\n<hr \/>\n<p>[\/et_pb_text][et_pb_text admin_label=\u00bbDesarrollo\u00bb text_orientation=\u00bbjustified\u00bb use_border_color=\u00bboff\u00bb border_color=\u00bb#ffffff\u00bb border_style=\u00bbsolid\u00bb _builder_version=\u00bb3.17.6&#8243;]<\/p>\n<p><strong>MIRANDO EL PASADO CON GRATITUD<\/strong><\/p>\n<p>En 1894 se instalan definitivamente los Salesianos en esta tierra bendita de M\u00e1laga, con la convicci\u00f3n de que \u201cDios lo quiere\u201d en este Colegio \u201cSan Bartolom\u00e9\u201d y la creciente Familia Salesiana, y comienza a ser \u2018la casa de todos\u2019, especialmente de ni\u00f1os y j\u00f3venes y \u2018m\u00e1s para los que m\u00e1s lo necesiten\u2019. El carisma de D. Bosco era \u2018necesario\u2019 para la ciudad y especialmente para este barrio de Capuchinos. Os apunto un recorte hist\u00f3rico que aparec\u00eda en el <em>\u201cBolet\u00edn Salesiano\u201d<\/em> en el mes de marzo de 1895.<strong>\u00a0<\/strong><\/p>\n<p><em>\u201cDespu\u00e9s de superar numerosos obst\u00e1culos y dificultades suscitadas por el infierno, y merced al celo infatigable y al amor del Ilmo Prelado, se ha podido abrir la casa salesiana de M\u00e1laga que de d\u00eda en d\u00eda es m\u00e1s frecuentada. Ya se han empezado algunos talleres con s\u00f3lo uno o dos ni\u00f1os. Humildes principios, es verdad, como todas las obras de Don Bosco; pero que por esto mismo dan mucho que esperar pues es cosa experimentada que a tan humildes principios suele corresponder extraordinario desarrollo. Quiera Dios que as\u00ed sea para bien de esta ciudad tan necesitada y tan escasa de instituciones religiosas&#8230; A su inauguraci\u00f3n asistieron las autoridades, y su Ilustr\u00edsima, que pronunci\u00f3 un elocuente discurso alusivo al acto\u201d<\/em><strong>\u00a0<\/strong><\/p>\n<p>Y un grupito de salesianos seg\u00fan el coraz\u00f3n de D. Bosco y so\u00f1adores a su estilo, a los que se fueron uniendo tantas personas malague\u00f1as con coraz\u00f3n cada vez m\u00e1s salesiano lo hicieron posible. Seguro que la Madre Auxiliadora, -la Virgen de D. Bosc-, anduvo de puntillas tocando corazones y tendiendo manos. Ahora cuando vamos a celebrar los 125 a\u00f1os, ilusionados, llenos de gratitud y reconocimiento recogemos la rica herencia que generaci\u00f3n tras generaci\u00f3n nos ha legado\u2026 Y miramos este pasado llenos de gratitud<\/p>\n<blockquote>\n<p><strong><br \/>\u00a0\u00a0\u00a0\u00a0\u00a0\u00a0<em>A vuestras vidas de gloria<\/em><\/strong><\/p>\n<p><strong><em>\u00a0\u00a0\u00a0\u00a0\u00a0 que hoy admirado contemplo;<\/em><\/strong><\/p>\n<p><strong><em>\u00a0\u00a0\u00a0\u00a0\u00a0 agradeciendo el ejemplo<\/em><\/strong><\/p>\n<p><strong><em>\u00a0\u00a0\u00a0\u00a0\u00a0 os va esta dedicatoria,<\/em><\/strong><\/p>\n<p><strong><em>\u00a0\u00a0\u00a0\u00a0\u00a0 que nos trae a la memoria<\/em><\/strong><\/p>\n<p><strong><em>\u00a0\u00a0\u00a0\u00a0\u00a0 las haza\u00f1as del pasado;<\/em><\/strong><\/p>\n<p><strong><em>\u00a0\u00a0\u00a0\u00a0\u00a0 Vuestro af\u00e1n ilusionado<\/em><\/strong><\/p>\n<p><strong><em>\u00a0\u00a0\u00a0\u00a0\u00a0 en salesiano vivir<\/em><\/strong><\/p>\n<p><strong><em>\u00a0\u00a0\u00a0\u00a0\u00a0 y a los muchachos servir<\/em><\/strong><\/p>\n<p><strong><em>\u00a0\u00a0\u00a0\u00a0\u00a0 de D. Bosco enamorados.<\/em><\/strong><\/p>\n<\/blockquote>\n<p>\u00a0<\/p>\n<p>Nuestro Rector Mayor, D. \u00c1ngel Fern\u00e1ndez Artime, X sucesor de San Juan Bosco, y que nos visitar\u00e1 para cerrar los actos de tan hermosa efem\u00e9ride, como se recoge en el Libro: \u201c125 a\u00f1os ABRAZANDO LA VIDA\u201d, recordatorio, que todos podremos tener y disfrutar a partir del final del mes de enero 2019 nos dice<em>: \u201cMe uno a vosotros en las efem\u00e9rides de este a\u00f1o de gracia 2019. me parece muy hermoso lo expresado en el texto, porque as\u00ed se ha vivido y lo veo tan lleno de vida, que os agradezco esta invitaci\u00f3n, y me reafirmo en algo que es muy cierto, que DON BOSCO NOS ENSE\u00d1\u00d3 QUE DIOS NOS QUIERE SIEMPRE FELICES\u201d <\/em><\/p>\n<p>Y en un hermoso ejercicio de imaginaci\u00f3n de lo que fue, mientras disfrutamos lo que es, la rica herencia&#8230;<\/p>\n<blockquote>\n<p><strong>\u201cImagino los albores<\/strong><\/p>\n<p><strong>de vuestra entrega y tes\u00f3n;<\/strong><\/p>\n<p><strong>El desvelo y la oraci\u00f3n,<\/strong><\/p>\n<p><strong>vuestras ansias y temores;<\/strong><\/p>\n<p><strong>Con rostros ilusionados<\/strong><\/p>\n<p><strong>de aquellos ni\u00f1os amados,<\/strong><\/p>\n<p><strong>recibidos cada d\u00eda<\/strong><\/p>\n<p><strong>con esfuerzo y alegr\u00eda\u2026<\/strong><\/p>\n<p><strong>\u00a1Profetas enamorados!<\/strong><\/p>\n<\/blockquote>\n<p>\u00a0<\/p>\n<p>Y del coraz\u00f3n surge la gratitud y la alabanza. Gracias a cuantos disteis vida al sue\u00f1o de D. Bosco en estas latitudes; a cuantos os propusisteis iluminar con esfuerzo generoso esta \u2018costa del sol\u2019; Gracias a tantas buenas gentes, familia salesiana, profesores, educadores, padres y madres, antiguos alumnos, que supisteis cultivar la peque\u00f1a semilla ca\u00edda en esta tierra labrada con con generoso esfuerzo, constancia y muchos sue\u00f1os inacabados que hoy siguen abriendo esperanzas en el camino. Gracias a esta tierra que se extiende con el dulce ondear de las azules aguas del mediterr\u00e1neo y apunta siempre m\u00e1s arriba, hacia el azul del cielo luminoso y abierto.<\/p>\n<p>Sue\u00f1os recortados en el horizonte de final del siglo XIX, con irisaciones tensas del atardecer\u2026 y all\u00ed comenz\u00f3 esta historia\u2026 cuando aquellos salesianos y pioneros y familia salesiana incipiente, <em>-gentes de pro y de intr\u00e9pido coraje-<\/em>, los de la primera hora, lograron el milagro\u2026 que otros muchos continuamos\u2026<\/p>\n<p>Gracias, porque mirando al pasado con gratitud, nos llenamos de fuerza y coraje para disfrutando un presente rico, <em>-Salesianos-M\u00e1laga-<\/em>,y nos disponemos a seguir abriendo un futuro de horizontes evocadores, llenos de poes\u00eda y sue\u00f1os.<\/p>\n<p>Gracias, M\u00e1laga. Desde estas l\u00edneas os queremos hacer part\u00edcipes a cuantos dese\u00e9is, <em>-en la casa de D. Bosco cabemos todos-,<\/em> a uniros y disfrutar de la celebraci\u00f3n gozosa de estos \u201c125 a\u00f1os ABRAZANDO LA VIDA\u201d<\/p>\n<p>Antonio, director<\/p>\n<blockquote>\n<h2>Enlace de inter\u00e9s<\/h2>\n<\/blockquote>\n<ul>\n<li><a href=\"https:\/\/malaga.salesianos.edu\/historia-de-los-salesianos-en-malaga\/\">Historia de los Salesianos en M\u00e1laga<\/a><\/li>\n<\/ul>\n<p>[\/et_pb_text][\/et_pb_column][\/et_pb_row][\/et_pb_section]<\/p>\n","protected":false},"excerpt":{"rendered":"<p>En 1894 se instalan definitivamente los Salesianos en esta tierra bendita de M\u00e1laga, con la convicci\u00f3n de que \u201cDios lo quiere\u201d en este Colegio \u201cSan Bartolom\u00e9\u201d y la creciente Familia Salesiana&#8230;<\/p>\n","protected":false},"author":2,"featured_media":8611,"comment_status":"open","ping_status":"open","sticky":false,"template":"","format":"standard","meta":{"_et_pb_use_builder":"on","_et_pb_old_content":"","_et_gb_content_width":"","footnotes":""},"categories":[168,113,101],"tags":[],"class_list":["post-8610","post","type-post","status-publish","format-standard","has-post-thumbnail","hentry","category-125-aniversario","category-casa","category-familia-salesiana"],"yoast_head":"<!-- This site is optimized with the Yoast SEO plugin v28.3 - https:\/\/yoast.com\/product\/yoast-seo-wordpress\/ -->\n<title>125 a\u00f1os abrazando la vida - Familia Salesiana | Salesianos M\u00e1laga<\/title>\n<meta name=\"robots\" content=\"index, follow, max-snippet:-1, max-image-preview:large, max-video-preview:-1\" \/>\n<link rel=\"canonical\" href=\"https:\/\/malaga.salesianos.edu\/familiasalesiana\/blog\/125-anos-abrazando-la-vida\/\" \/>\n<meta property=\"og:locale\" content=\"es_ES\" \/>\n<meta property=\"og:type\" content=\"article\" \/>\n<meta property=\"og:title\" content=\"125 a\u00f1os abrazando la vida - Familia Salesiana | Salesianos M\u00e1laga\" \/>\n<meta property=\"og:description\" content=\"En 1894 se instalan definitivamente los Salesianos en esta tierra bendita de M\u00e1laga, con la convicci\u00f3n de que \u201cDios lo quiere\u201d en este Colegio \u201cSan Bartolom\u00e9\u201d y la creciente Familia Salesiana...\" \/>\n<meta property=\"og:url\" content=\"https:\/\/malaga.salesianos.edu\/familiasalesiana\/blog\/125-anos-abrazando-la-vida\/\" \/>\n<meta property=\"og:site_name\" content=\"Familia Salesiana | Salesianos M\u00e1laga\" \/>\n<meta property=\"article:published_time\" content=\"2018-11-06T13:30:22+00:00\" \/>\n<meta property=\"og:image\" content=\"https:\/\/malaga.salesianos.edu\/familiasalesiana\/wp-content\/uploads\/sites\/8\/2018\/11\/Santuario.jpg\" \/>\n\t<meta property=\"og:image:width\" content=\"1\" \/>\n\t<meta property=\"og:image:height\" content=\"1\" \/>\n\t<meta property=\"og:image:type\" content=\"image\/jpeg\" \/>\n<meta name=\"author\" content=\"Comunicaci\u00f3n MLG\" \/>\n<meta name=\"twitter:card\" content=\"summary_large_image\" \/>\n<meta name=\"twitter:label1\" content=\"Escrito por\" \/>\n\t<meta name=\"twitter:data1\" content=\"Comunicaci\u00f3n MLG\" \/>\n\t<meta name=\"twitter:label2\" content=\"Tiempo de lectura\" \/>\n\t<meta name=\"twitter:data2\" content=\"5 minutos\" \/>\n<script type=\"application\/ld+json\" class=\"yoast-schema-graph\">{\"@context\":\"https:\\\/\\\/schema.org\",\"@graph\":[{\"@type\":\"Article\",\"@id\":\"https:\\\/\\\/malaga.salesianos.edu\\\/familiasalesiana\\\/blog\\\/125-anos-abrazando-la-vida\\\/#article\",\"isPartOf\":{\"@id\":\"https:\\\/\\\/malaga.salesianos.edu\\\/familiasalesiana\\\/blog\\\/125-anos-abrazando-la-vida\\\/\"},\"author\":{\"name\":\"Comunicaci\u00f3n MLG\",\"@id\":\"https:\\\/\\\/malaga.salesianos.edu\\\/familiasalesiana\\\/#\\\/schema\\\/person\\\/fd7e7b338b40e1c817a659fe5fce718b\"},\"headline\":\"125 a\u00f1os abrazando la vida\",\"datePublished\":\"2018-11-06T13:30:22+00:00\",\"mainEntityOfPage\":{\"@id\":\"https:\\\/\\\/malaga.salesianos.edu\\\/familiasalesiana\\\/blog\\\/125-anos-abrazando-la-vida\\\/\"},\"wordCount\":922,\"commentCount\":0,\"image\":{\"@id\":\"https:\\\/\\\/malaga.salesianos.edu\\\/familiasalesiana\\\/blog\\\/125-anos-abrazando-la-vida\\\/#primaryimage\"},\"thumbnailUrl\":\"https:\\\/\\\/malaga.salesianos.edu\\\/familiasalesiana\\\/wp-content\\\/uploads\\\/sites\\\/8\\\/2018\\\/11\\\/Santuario.jpg\",\"articleSection\":[\"125 aniversario\",\"Casa\",\"Familia Salesiana\"],\"inLanguage\":\"es\",\"potentialAction\":[{\"@type\":\"CommentAction\",\"name\":\"Comment\",\"target\":[\"https:\\\/\\\/malaga.salesianos.edu\\\/familiasalesiana\\\/blog\\\/125-anos-abrazando-la-vida\\\/#respond\"]}]},{\"@type\":\"WebPage\",\"@id\":\"https:\\\/\\\/malaga.salesianos.edu\\\/familiasalesiana\\\/blog\\\/125-anos-abrazando-la-vida\\\/\",\"url\":\"https:\\\/\\\/malaga.salesianos.edu\\\/familiasalesiana\\\/blog\\\/125-anos-abrazando-la-vida\\\/\",\"name\":\"125 a\u00f1os abrazando la vida - Familia Salesiana | Salesianos M\u00e1laga\",\"isPartOf\":{\"@id\":\"https:\\\/\\\/malaga.salesianos.edu\\\/familiasalesiana\\\/#website\"},\"primaryImageOfPage\":{\"@id\":\"https:\\\/\\\/malaga.salesianos.edu\\\/familiasalesiana\\\/blog\\\/125-anos-abrazando-la-vida\\\/#primaryimage\"},\"image\":{\"@id\":\"https:\\\/\\\/malaga.salesianos.edu\\\/familiasalesiana\\\/blog\\\/125-anos-abrazando-la-vida\\\/#primaryimage\"},\"thumbnailUrl\":\"https:\\\/\\\/malaga.salesianos.edu\\\/familiasalesiana\\\/wp-content\\\/uploads\\\/sites\\\/8\\\/2018\\\/11\\\/Santuario.jpg\",\"datePublished\":\"2018-11-06T13:30:22+00:00\",\"author\":{\"@id\":\"https:\\\/\\\/malaga.salesianos.edu\\\/familiasalesiana\\\/#\\\/schema\\\/person\\\/fd7e7b338b40e1c817a659fe5fce718b\"},\"breadcrumb\":{\"@id\":\"https:\\\/\\\/malaga.salesianos.edu\\\/familiasalesiana\\\/blog\\\/125-anos-abrazando-la-vida\\\/#breadcrumb\"},\"inLanguage\":\"es\",\"potentialAction\":[{\"@type\":\"ReadAction\",\"target\":[\"https:\\\/\\\/malaga.salesianos.edu\\\/familiasalesiana\\\/blog\\\/125-anos-abrazando-la-vida\\\/\"]}]},{\"@type\":\"ImageObject\",\"inLanguage\":\"es\",\"@id\":\"https:\\\/\\\/malaga.salesianos.edu\\\/familiasalesiana\\\/blog\\\/125-anos-abrazando-la-vida\\\/#primaryimage\",\"url\":\"https:\\\/\\\/malaga.salesianos.edu\\\/familiasalesiana\\\/wp-content\\\/uploads\\\/sites\\\/8\\\/2018\\\/11\\\/Santuario.jpg\",\"contentUrl\":\"https:\\\/\\\/malaga.salesianos.edu\\\/familiasalesiana\\\/wp-content\\\/uploads\\\/sites\\\/8\\\/2018\\\/11\\\/Santuario.jpg\"},{\"@type\":\"BreadcrumbList\",\"@id\":\"https:\\\/\\\/malaga.salesianos.edu\\\/familiasalesiana\\\/blog\\\/125-anos-abrazando-la-vida\\\/#breadcrumb\",\"itemListElement\":[{\"@type\":\"ListItem\",\"position\":1,\"name\":\"Portada\",\"item\":\"https:\\\/\\\/malaga.salesianos.edu\\\/familiasalesiana\\\/\"},{\"@type\":\"ListItem\",\"position\":2,\"name\":\"125 a\u00f1os abrazando la vida\"}]},{\"@type\":\"WebSite\",\"@id\":\"https:\\\/\\\/malaga.salesianos.edu\\\/familiasalesiana\\\/#website\",\"url\":\"https:\\\/\\\/malaga.salesianos.edu\\\/familiasalesiana\\\/\",\"name\":\"Familia Salesiana | Salesianos M\u00e1laga\",\"description\":\"Familia Salesiana | Salesianos M\u00e1laga, ADMA, Asociaci\u00f3n de antiguos alumnos, Hermandad Salesiana, Salesianos Cooperadores\",\"potentialAction\":[{\"@type\":\"SearchAction\",\"target\":{\"@type\":\"EntryPoint\",\"urlTemplate\":\"https:\\\/\\\/malaga.salesianos.edu\\\/familiasalesiana\\\/?s={search_term_string}\"},\"query-input\":{\"@type\":\"PropertyValueSpecification\",\"valueRequired\":true,\"valueName\":\"search_term_string\"}}],\"inLanguage\":\"es\"},{\"@type\":\"Person\",\"@id\":\"https:\\\/\\\/malaga.salesianos.edu\\\/familiasalesiana\\\/#\\\/schema\\\/person\\\/fd7e7b338b40e1c817a659fe5fce718b\",\"name\":\"Comunicaci\u00f3n MLG\",\"image\":{\"@type\":\"ImageObject\",\"inLanguage\":\"es\",\"@id\":\"https:\\\/\\\/secure.gravatar.com\\\/avatar\\\/2ce5c66be6c7ab6b098b2ac29099a68d1cdb824afbb8aadf744614ce719778ff?s=96&d=mm&r=g\",\"url\":\"https:\\\/\\\/secure.gravatar.com\\\/avatar\\\/2ce5c66be6c7ab6b098b2ac29099a68d1cdb824afbb8aadf744614ce719778ff?s=96&d=mm&r=g\",\"contentUrl\":\"https:\\\/\\\/secure.gravatar.com\\\/avatar\\\/2ce5c66be6c7ab6b098b2ac29099a68d1cdb824afbb8aadf744614ce719778ff?s=96&d=mm&r=g\",\"caption\":\"Comunicaci\u00f3n MLG\"}}]}<\/script>\n<!-- \/ Yoast SEO plugin. -->","yoast_head_json":{"title":"125 a\u00f1os abrazando la vida - Familia Salesiana | Salesianos M\u00e1laga","robots":{"index":"index","follow":"follow","max-snippet":"max-snippet:-1","max-image-preview":"max-image-preview:large","max-video-preview":"max-video-preview:-1"},"canonical":"https:\/\/malaga.salesianos.edu\/familiasalesiana\/blog\/125-anos-abrazando-la-vida\/","og_locale":"es_ES","og_type":"article","og_title":"125 a\u00f1os abrazando la vida - Familia Salesiana | Salesianos M\u00e1laga","og_description":"En 1894 se instalan definitivamente los Salesianos en esta tierra bendita de M\u00e1laga, con la convicci\u00f3n de que \u201cDios lo quiere\u201d en este Colegio \u201cSan Bartolom\u00e9\u201d y la creciente Familia Salesiana...","og_url":"https:\/\/malaga.salesianos.edu\/familiasalesiana\/blog\/125-anos-abrazando-la-vida\/","og_site_name":"Familia Salesiana | Salesianos M\u00e1laga","article_published_time":"2018-11-06T13:30:22+00:00","og_image":[{"url":"https:\/\/malaga.salesianos.edu\/familiasalesiana\/wp-content\/uploads\/sites\/8\/2018\/11\/Santuario.jpg","width":1,"height":1,"type":"image\/jpeg"}],"author":"Comunicaci\u00f3n MLG","twitter_card":"summary_large_image","twitter_misc":{"Escrito por":"Comunicaci\u00f3n MLG","Tiempo de lectura":"5 minutos"},"schema":{"@context":"https:\/\/schema.org","@graph":[{"@type":"Article","@id":"https:\/\/malaga.salesianos.edu\/familiasalesiana\/blog\/125-anos-abrazando-la-vida\/#article","isPartOf":{"@id":"https:\/\/malaga.salesianos.edu\/familiasalesiana\/blog\/125-anos-abrazando-la-vida\/"},"author":{"name":"Comunicaci\u00f3n MLG","@id":"https:\/\/malaga.salesianos.edu\/familiasalesiana\/#\/schema\/person\/fd7e7b338b40e1c817a659fe5fce718b"},"headline":"125 a\u00f1os abrazando la vida","datePublished":"2018-11-06T13:30:22+00:00","mainEntityOfPage":{"@id":"https:\/\/malaga.salesianos.edu\/familiasalesiana\/blog\/125-anos-abrazando-la-vida\/"},"wordCount":922,"commentCount":0,"image":{"@id":"https:\/\/malaga.salesianos.edu\/familiasalesiana\/blog\/125-anos-abrazando-la-vida\/#primaryimage"},"thumbnailUrl":"https:\/\/malaga.salesianos.edu\/familiasalesiana\/wp-content\/uploads\/sites\/8\/2018\/11\/Santuario.jpg","articleSection":["125 aniversario","Casa","Familia Salesiana"],"inLanguage":"es","potentialAction":[{"@type":"CommentAction","name":"Comment","target":["https:\/\/malaga.salesianos.edu\/familiasalesiana\/blog\/125-anos-abrazando-la-vida\/#respond"]}]},{"@type":"WebPage","@id":"https:\/\/malaga.salesianos.edu\/familiasalesiana\/blog\/125-anos-abrazando-la-vida\/","url":"https:\/\/malaga.salesianos.edu\/familiasalesiana\/blog\/125-anos-abrazando-la-vida\/","name":"125 a\u00f1os abrazando la vida - Familia Salesiana | Salesianos M\u00e1laga","isPartOf":{"@id":"https:\/\/malaga.salesianos.edu\/familiasalesiana\/#website"},"primaryImageOfPage":{"@id":"https:\/\/malaga.salesianos.edu\/familiasalesiana\/blog\/125-anos-abrazando-la-vida\/#primaryimage"},"image":{"@id":"https:\/\/malaga.salesianos.edu\/familiasalesiana\/blog\/125-anos-abrazando-la-vida\/#primaryimage"},"thumbnailUrl":"https:\/\/malaga.salesianos.edu\/familiasalesiana\/wp-content\/uploads\/sites\/8\/2018\/11\/Santuario.jpg","datePublished":"2018-11-06T13:30:22+00:00","author":{"@id":"https:\/\/malaga.salesianos.edu\/familiasalesiana\/#\/schema\/person\/fd7e7b338b40e1c817a659fe5fce718b"},"breadcrumb":{"@id":"https:\/\/malaga.salesianos.edu\/familiasalesiana\/blog\/125-anos-abrazando-la-vida\/#breadcrumb"},"inLanguage":"es","potentialAction":[{"@type":"ReadAction","target":["https:\/\/malaga.salesianos.edu\/familiasalesiana\/blog\/125-anos-abrazando-la-vida\/"]}]},{"@type":"ImageObject","inLanguage":"es","@id":"https:\/\/malaga.salesianos.edu\/familiasalesiana\/blog\/125-anos-abrazando-la-vida\/#primaryimage","url":"https:\/\/malaga.salesianos.edu\/familiasalesiana\/wp-content\/uploads\/sites\/8\/2018\/11\/Santuario.jpg","contentUrl":"https:\/\/malaga.salesianos.edu\/familiasalesiana\/wp-content\/uploads\/sites\/8\/2018\/11\/Santuario.jpg"},{"@type":"BreadcrumbList","@id":"https:\/\/malaga.salesianos.edu\/familiasalesiana\/blog\/125-anos-abrazando-la-vida\/#breadcrumb","itemListElement":[{"@type":"ListItem","position":1,"name":"Portada","item":"https:\/\/malaga.salesianos.edu\/familiasalesiana\/"},{"@type":"ListItem","position":2,"name":"125 a\u00f1os abrazando la vida"}]},{"@type":"WebSite","@id":"https:\/\/malaga.salesianos.edu\/familiasalesiana\/#website","url":"https:\/\/malaga.salesianos.edu\/familiasalesiana\/","name":"Familia Salesiana | Salesianos M\u00e1laga","description":"Familia Salesiana | Salesianos M\u00e1laga, ADMA, Asociaci\u00f3n de antiguos alumnos, Hermandad Salesiana, Salesianos Cooperadores","potentialAction":[{"@type":"SearchAction","target":{"@type":"EntryPoint","urlTemplate":"https:\/\/malaga.salesianos.edu\/familiasalesiana\/?s={search_term_string}"},"query-input":{"@type":"PropertyValueSpecification","valueRequired":true,"valueName":"search_term_string"}}],"inLanguage":"es"},{"@type":"Person","@id":"https:\/\/malaga.salesianos.edu\/familiasalesiana\/#\/schema\/person\/fd7e7b338b40e1c817a659fe5fce718b","name":"Comunicaci\u00f3n MLG","image":{"@type":"ImageObject","inLanguage":"es","@id":"https:\/\/secure.gravatar.com\/avatar\/2ce5c66be6c7ab6b098b2ac29099a68d1cdb824afbb8aadf744614ce719778ff?s=96&d=mm&r=g","url":"https:\/\/secure.gravatar.com\/avatar\/2ce5c66be6c7ab6b098b2ac29099a68d1cdb824afbb8aadf744614ce719778ff?s=96&d=mm&r=g","contentUrl":"https:\/\/secure.gravatar.com\/avatar\/2ce5c66be6c7ab6b098b2ac29099a68d1cdb824afbb8aadf744614ce719778ff?s=96&d=mm&r=g","caption":"Comunicaci\u00f3n MLG"}}]}},"_links":{"self":[{"href":"https:\/\/malaga.salesianos.edu\/familiasalesiana\/wp-json\/wp\/v2\/posts\/8610","targetHints":{"allow":["GET"]}}],"collection":[{"href":"https:\/\/malaga.salesianos.edu\/familiasalesiana\/wp-json\/wp\/v2\/posts"}],"about":[{"href":"https:\/\/malaga.salesianos.edu\/familiasalesiana\/wp-json\/wp\/v2\/types\/post"}],"author":[{"embeddable":true,"href":"https:\/\/malaga.salesianos.edu\/familiasalesiana\/wp-json\/wp\/v2\/users\/2"}],"replies":[{"embeddable":true,"href":"https:\/\/malaga.salesianos.edu\/familiasalesiana\/wp-json\/wp\/v2\/comments?post=8610"}],"version-history":[{"count":0,"href":"https:\/\/malaga.salesianos.edu\/familiasalesiana\/wp-json\/wp\/v2\/posts\/8610\/revisions"}],"wp:featuredmedia":[{"embeddable":true,"href":"https:\/\/malaga.salesianos.edu\/familiasalesiana\/wp-json\/wp\/v2\/media\/8611"}],"wp:attachment":[{"href":"https:\/\/malaga.salesianos.edu\/familiasalesiana\/wp-json\/wp\/v2\/media?parent=8610"}],"wp:term":[{"taxonomy":"category","embeddable":true,"href":"https:\/\/malaga.salesianos.edu\/familiasalesiana\/wp-json\/wp\/v2\/categories?post=8610"},{"taxonomy":"post_tag","embeddable":true,"href":"https:\/\/malaga.salesianos.edu\/familiasalesiana\/wp-json\/wp\/v2\/tags?post=8610"}],"curies":[{"name":"wp","href":"https:\/\/api.w.org\/{rel}","templated":true}]}}