{"id":8573,"date":"2018-10-16T14:47:20","date_gmt":"2018-10-16T12:47:20","guid":{"rendered":"https:\/\/malaga.salesianos.edu\/familiasalesiana\/blog\/la-asociacion-de-antiguos-alumnos-celebrara-la-fiesta-de-la-multiplicacion-de-las-castanas\/"},"modified":"2018-10-16T15:39:25","modified_gmt":"2018-10-16T13:39:25","slug":"la-asociacion-de-antiguos-alumnos-celebrara-la-fiesta-de-la-multiplicacion-de-las-castanas","status":"publish","type":"post","link":"https:\/\/malaga.salesianos.edu\/familiasalesiana\/blog\/la-asociacion-de-antiguos-alumnos-celebrara-la-fiesta-de-la-multiplicacion-de-las-castanas\/","title":{"rendered":"La asociaci\u00f3n de antiguos alumnos celebrar\u00e1 la fiesta de la multiplicaci\u00f3n de las casta\u00f1as"},"content":{"rendered":"<p>[et_pb_section bb_built=\u00bb1&#8243; admin_label=\u00bbsection\u00bb custom_padding=\u00bb2px|0px|54px|0px\u00bb][et_pb_row admin_label=\u00bbrow\u00bb background_position=\u00bbtop_left\u00bb background_repeat=\u00bbrepeat\u00bb background_size=\u00bbinitial\u00bb][et_pb_column type=\u00bb4_4&#8243;][et_pb_text admin_label=\u00bbEntradilla\u00bb text_font=\u00bb|on|||\u00bb text_orientation=\u00bbjustified\u00bb use_border_color=\u00bboff\u00bb border_color=\u00bb#ffffff\u00bb border_style=\u00bbsolid\u00bb _builder_version=\u00bb3.17&#8243;]<\/p>\n<p><em><strong>El\u00a0 pr\u00f3ximo viernes 26 de octubre a las 20 horas, te esperamos en la tradicional fiesta de las casta\u00f1as, organizada por la Asociaci\u00f3n de Antiguos Alumnos.<\/strong><\/em><\/p>\n<hr \/>\n<p>[\/et_pb_text][et_pb_text admin_label=\u00bbDesarrollo\u00bb text_orientation=\u00bbjustified\u00bb use_border_color=\u00bboff\u00bb border_color=\u00bb#ffffff\u00bb border_style=\u00bbsolid\u00bb _builder_version=\u00bb3.17&#8243;]<\/p>\n<p>De nuevo el oto\u00f1o aqu\u00ed, y como cada a\u00f1o los antiguos alumnos de M\u00e1laga, celebramos nuestra tradicional fiesta de la multiplicaci\u00f3n de las casta\u00f1as, recuerda con nosotros el milagro vivido con \u00a0Don Bosco y sus muchachos!<\/p>\n<p>Estamos todos invitados a degustar ricas casta\u00f1as asadas, regadas con vino dulce de nuestra tierra, te esperamos en nuestra sede el pr\u00f3ximo viernes 26 de octubre a partir de las 20:00 horas en la sede social de la asociaci\u00f3n, no faltes!!<\/p>\n<p>[\/et_pb_text][et_pb_image _builder_version=\u00bb3.17&#8243; src=\u00bbhttps:\/\/malaga.salesianos.edu\/wp-content\/uploads\/2018\/10\/DpZkH-SW4AMi3pw.jpg\u00bb show_in_lightbox=\u00bbon\u00bb animation_style=\u00bbroll\u00bb \/][\/et_pb_column][\/et_pb_row][\/et_pb_section]<\/p>\n","protected":false},"excerpt":{"rendered":"<p>El\u00a0 pr\u00f3ximo viernes 26 de octubre a las 20 horas, te esperamos en la tradicional fiesta de las casta\u00f1as, organizada por la Asociaci\u00f3n de Antiguos Alumnos.<\/p>\n","protected":false},"author":2,"featured_media":8574,"comment_status":"open","ping_status":"open","sticky":false,"template":"","format":"standard","meta":{"_et_pb_use_builder":"on","_et_pb_old_content":"","_et_gb_content_width":"","footnotes":""},"categories":[2,137,101],"tags":[],"class_list":["post-8573","post","type-post","status-publish","format-standard","has-post-thumbnail","hentry","category-asoc-antiguos-alumnos","category-destacado-familia-salesiana","category-familia-salesiana"],"yoast_head":"<!-- This site is optimized with the Yoast SEO plugin v28.3 - https:\/\/yoast.com\/product\/yoast-seo-wordpress\/ -->\n<title>La asociaci\u00f3n de antiguos alumnos celebrar\u00e1 la fiesta de la multiplicaci\u00f3n de las casta\u00f1as - Familia Salesiana | Salesianos M\u00e1laga<\/title>\n<meta name=\"robots\" content=\"index, follow, max-snippet:-1, max-image-preview:large, max-video-preview:-1\" \/>\n<link rel=\"canonical\" href=\"https:\/\/malaga.salesianos.edu\/familiasalesiana\/blog\/la-asociacion-de-antiguos-alumnos-celebrara-la-fiesta-de-la-multiplicacion-de-las-castanas\/\" \/>\n<meta property=\"og:locale\" content=\"es_ES\" \/>\n<meta property=\"og:type\" content=\"article\" \/>\n<meta property=\"og:title\" content=\"La asociaci\u00f3n de antiguos alumnos celebrar\u00e1 la fiesta de la multiplicaci\u00f3n de las casta\u00f1as - Familia Salesiana | Salesianos M\u00e1laga\" \/>\n<meta property=\"og:description\" content=\"El\u00a0 pr\u00f3ximo viernes 26 de octubre a las 20 horas, te esperamos en la tradicional fiesta de las casta\u00f1as, organizada por la Asociaci\u00f3n de Antiguos Alumnos.\" \/>\n<meta property=\"og:url\" content=\"https:\/\/malaga.salesianos.edu\/familiasalesiana\/blog\/la-asociacion-de-antiguos-alumnos-celebrara-la-fiesta-de-la-multiplicacion-de-las-castanas\/\" \/>\n<meta property=\"og:site_name\" content=\"Familia Salesiana | Salesianos M\u00e1laga\" \/>\n<meta property=\"article:published_time\" content=\"2018-10-16T12:47:20+00:00\" \/>\n<meta property=\"article:modified_time\" content=\"2018-10-16T13:39:25+00:00\" \/>\n<meta property=\"og:image\" content=\"https:\/\/malaga.salesianos.edu\/familiasalesiana\/wp-content\/uploads\/sites\/8\/2018\/10\/CastanasAAAA_2-1.jpg\" \/>\n\t<meta property=\"og:image:width\" content=\"1280\" \/>\n\t<meta property=\"og:image:height\" content=\"853\" \/>\n\t<meta property=\"og:image:type\" content=\"image\/jpeg\" \/>\n<meta name=\"author\" content=\"Comunicaci\u00f3n MLG\" \/>\n<meta name=\"twitter:card\" content=\"summary_large_image\" \/>\n<meta name=\"twitter:label1\" content=\"Escrito por\" \/>\n\t<meta name=\"twitter:data1\" content=\"Comunicaci\u00f3n MLG\" \/>\n\t<meta name=\"twitter:label2\" content=\"Tiempo de lectura\" \/>\n\t<meta name=\"twitter:data2\" content=\"1 minuto\" \/>\n<script type=\"application\/ld+json\" class=\"yoast-schema-graph\">{\"@context\":\"https:\\\/\\\/schema.org\",\"@graph\":[{\"@type\":\"Article\",\"@id\":\"https:\\\/\\\/malaga.salesianos.edu\\\/familiasalesiana\\\/blog\\\/la-asociacion-de-antiguos-alumnos-celebrara-la-fiesta-de-la-multiplicacion-de-las-castanas\\\/#article\",\"isPartOf\":{\"@id\":\"https:\\\/\\\/malaga.salesianos.edu\\\/familiasalesiana\\\/blog\\\/la-asociacion-de-antiguos-alumnos-celebrara-la-fiesta-de-la-multiplicacion-de-las-castanas\\\/\"},\"author\":{\"name\":\"Comunicaci\u00f3n MLG\",\"@id\":\"https:\\\/\\\/malaga.salesianos.edu\\\/familiasalesiana\\\/#\\\/schema\\\/person\\\/fd7e7b338b40e1c817a659fe5fce718b\"},\"headline\":\"La asociaci\u00f3n de antiguos alumnos celebrar\u00e1 la fiesta de la multiplicaci\u00f3n de las casta\u00f1as\",\"datePublished\":\"2018-10-16T12:47:20+00:00\",\"dateModified\":\"2018-10-16T13:39:25+00:00\",\"mainEntityOfPage\":{\"@id\":\"https:\\\/\\\/malaga.salesianos.edu\\\/familiasalesiana\\\/blog\\\/la-asociacion-de-antiguos-alumnos-celebrara-la-fiesta-de-la-multiplicacion-de-las-castanas\\\/\"},\"wordCount\":244,\"commentCount\":0,\"image\":{\"@id\":\"https:\\\/\\\/malaga.salesianos.edu\\\/familiasalesiana\\\/blog\\\/la-asociacion-de-antiguos-alumnos-celebrara-la-fiesta-de-la-multiplicacion-de-las-castanas\\\/#primaryimage\"},\"thumbnailUrl\":\"https:\\\/\\\/malaga.salesianos.edu\\\/familiasalesiana\\\/wp-content\\\/uploads\\\/sites\\\/8\\\/2018\\\/10\\\/CastanasAAAA_2-1.jpg\",\"articleSection\":[\"Asoc. Antiguos Alumnos\",\"Destacado Familia Salesiana\",\"Familia Salesiana\"],\"inLanguage\":\"es\",\"potentialAction\":[{\"@type\":\"CommentAction\",\"name\":\"Comment\",\"target\":[\"https:\\\/\\\/malaga.salesianos.edu\\\/familiasalesiana\\\/blog\\\/la-asociacion-de-antiguos-alumnos-celebrara-la-fiesta-de-la-multiplicacion-de-las-castanas\\\/#respond\"]}]},{\"@type\":\"WebPage\",\"@id\":\"https:\\\/\\\/malaga.salesianos.edu\\\/familiasalesiana\\\/blog\\\/la-asociacion-de-antiguos-alumnos-celebrara-la-fiesta-de-la-multiplicacion-de-las-castanas\\\/\",\"url\":\"https:\\\/\\\/malaga.salesianos.edu\\\/familiasalesiana\\\/blog\\\/la-asociacion-de-antiguos-alumnos-celebrara-la-fiesta-de-la-multiplicacion-de-las-castanas\\\/\",\"name\":\"La asociaci\u00f3n de antiguos alumnos celebrar\u00e1 la fiesta de la multiplicaci\u00f3n de las casta\u00f1as - Familia Salesiana | Salesianos M\u00e1laga\",\"isPartOf\":{\"@id\":\"https:\\\/\\\/malaga.salesianos.edu\\\/familiasalesiana\\\/#website\"},\"primaryImageOfPage\":{\"@id\":\"https:\\\/\\\/malaga.salesianos.edu\\\/familiasalesiana\\\/blog\\\/la-asociacion-de-antiguos-alumnos-celebrara-la-fiesta-de-la-multiplicacion-de-las-castanas\\\/#primaryimage\"},\"image\":{\"@id\":\"https:\\\/\\\/malaga.salesianos.edu\\\/familiasalesiana\\\/blog\\\/la-asociacion-de-antiguos-alumnos-celebrara-la-fiesta-de-la-multiplicacion-de-las-castanas\\\/#primaryimage\"},\"thumbnailUrl\":\"https:\\\/\\\/malaga.salesianos.edu\\\/familiasalesiana\\\/wp-content\\\/uploads\\\/sites\\\/8\\\/2018\\\/10\\\/CastanasAAAA_2-1.jpg\",\"datePublished\":\"2018-10-16T12:47:20+00:00\",\"dateModified\":\"2018-10-16T13:39:25+00:00\",\"author\":{\"@id\":\"https:\\\/\\\/malaga.salesianos.edu\\\/familiasalesiana\\\/#\\\/schema\\\/person\\\/fd7e7b338b40e1c817a659fe5fce718b\"},\"breadcrumb\":{\"@id\":\"https:\\\/\\\/malaga.salesianos.edu\\\/familiasalesiana\\\/blog\\\/la-asociacion-de-antiguos-alumnos-celebrara-la-fiesta-de-la-multiplicacion-de-las-castanas\\\/#breadcrumb\"},\"inLanguage\":\"es\",\"potentialAction\":[{\"@type\":\"ReadAction\",\"target\":[\"https:\\\/\\\/malaga.salesianos.edu\\\/familiasalesiana\\\/blog\\\/la-asociacion-de-antiguos-alumnos-celebrara-la-fiesta-de-la-multiplicacion-de-las-castanas\\\/\"]}]},{\"@type\":\"ImageObject\",\"inLanguage\":\"es\",\"@id\":\"https:\\\/\\\/malaga.salesianos.edu\\\/familiasalesiana\\\/blog\\\/la-asociacion-de-antiguos-alumnos-celebrara-la-fiesta-de-la-multiplicacion-de-las-castanas\\\/#primaryimage\",\"url\":\"https:\\\/\\\/malaga.salesianos.edu\\\/familiasalesiana\\\/wp-content\\\/uploads\\\/sites\\\/8\\\/2018\\\/10\\\/CastanasAAAA_2-1.jpg\",\"contentUrl\":\"https:\\\/\\\/malaga.salesianos.edu\\\/familiasalesiana\\\/wp-content\\\/uploads\\\/sites\\\/8\\\/2018\\\/10\\\/CastanasAAAA_2-1.jpg\",\"width\":1280,\"height\":853},{\"@type\":\"BreadcrumbList\",\"@id\":\"https:\\\/\\\/malaga.salesianos.edu\\\/familiasalesiana\\\/blog\\\/la-asociacion-de-antiguos-alumnos-celebrara-la-fiesta-de-la-multiplicacion-de-las-castanas\\\/#breadcrumb\",\"itemListElement\":[{\"@type\":\"ListItem\",\"position\":1,\"name\":\"Portada\",\"item\":\"https:\\\/\\\/malaga.salesianos.edu\\\/familiasalesiana\\\/\"},{\"@type\":\"ListItem\",\"position\":2,\"name\":\"La asociaci\u00f3n de antiguos alumnos celebrar\u00e1 la fiesta de la multiplicaci\u00f3n de las casta\u00f1as\"}]},{\"@type\":\"WebSite\",\"@id\":\"https:\\\/\\\/malaga.salesianos.edu\\\/familiasalesiana\\\/#website\",\"url\":\"https:\\\/\\\/malaga.salesianos.edu\\\/familiasalesiana\\\/\",\"name\":\"Familia Salesiana | Salesianos M\u00e1laga\",\"description\":\"Familia Salesiana | Salesianos M\u00e1laga, ADMA, Asociaci\u00f3n de antiguos alumnos, Hermandad Salesiana, Salesianos Cooperadores\",\"potentialAction\":[{\"@type\":\"SearchAction\",\"target\":{\"@type\":\"EntryPoint\",\"urlTemplate\":\"https:\\\/\\\/malaga.salesianos.edu\\\/familiasalesiana\\\/?s={search_term_string}\"},\"query-input\":{\"@type\":\"PropertyValueSpecification\",\"valueRequired\":true,\"valueName\":\"search_term_string\"}}],\"inLanguage\":\"es\"},{\"@type\":\"Person\",\"@id\":\"https:\\\/\\\/malaga.salesianos.edu\\\/familiasalesiana\\\/#\\\/schema\\\/person\\\/fd7e7b338b40e1c817a659fe5fce718b\",\"name\":\"Comunicaci\u00f3n MLG\",\"image\":{\"@type\":\"ImageObject\",\"inLanguage\":\"es\",\"@id\":\"https:\\\/\\\/secure.gravatar.com\\\/avatar\\\/2ce5c66be6c7ab6b098b2ac29099a68d1cdb824afbb8aadf744614ce719778ff?s=96&d=mm&r=g\",\"url\":\"https:\\\/\\\/secure.gravatar.com\\\/avatar\\\/2ce5c66be6c7ab6b098b2ac29099a68d1cdb824afbb8aadf744614ce719778ff?s=96&d=mm&r=g\",\"contentUrl\":\"https:\\\/\\\/secure.gravatar.com\\\/avatar\\\/2ce5c66be6c7ab6b098b2ac29099a68d1cdb824afbb8aadf744614ce719778ff?s=96&d=mm&r=g\",\"caption\":\"Comunicaci\u00f3n MLG\"}}]}<\/script>\n<!-- \/ Yoast SEO plugin. -->","yoast_head_json":{"title":"La asociaci\u00f3n de antiguos alumnos celebrar\u00e1 la fiesta de la multiplicaci\u00f3n de las casta\u00f1as - Familia Salesiana | Salesianos M\u00e1laga","robots":{"index":"index","follow":"follow","max-snippet":"max-snippet:-1","max-image-preview":"max-image-preview:large","max-video-preview":"max-video-preview:-1"},"canonical":"https:\/\/malaga.salesianos.edu\/familiasalesiana\/blog\/la-asociacion-de-antiguos-alumnos-celebrara-la-fiesta-de-la-multiplicacion-de-las-castanas\/","og_locale":"es_ES","og_type":"article","og_title":"La asociaci\u00f3n de antiguos alumnos celebrar\u00e1 la fiesta de la multiplicaci\u00f3n de las casta\u00f1as - Familia Salesiana | Salesianos M\u00e1laga","og_description":"El\u00a0 pr\u00f3ximo viernes 26 de octubre a las 20 horas, te esperamos en la tradicional fiesta de las casta\u00f1as, organizada por la Asociaci\u00f3n de Antiguos Alumnos.","og_url":"https:\/\/malaga.salesianos.edu\/familiasalesiana\/blog\/la-asociacion-de-antiguos-alumnos-celebrara-la-fiesta-de-la-multiplicacion-de-las-castanas\/","og_site_name":"Familia Salesiana | Salesianos M\u00e1laga","article_published_time":"2018-10-16T12:47:20+00:00","article_modified_time":"2018-10-16T13:39:25+00:00","og_image":[{"width":1280,"height":853,"url":"https:\/\/malaga.salesianos.edu\/familiasalesiana\/wp-content\/uploads\/sites\/8\/2018\/10\/CastanasAAAA_2-1.jpg","type":"image\/jpeg"}],"author":"Comunicaci\u00f3n MLG","twitter_card":"summary_large_image","twitter_misc":{"Escrito por":"Comunicaci\u00f3n MLG","Tiempo de lectura":"1 minuto"},"schema":{"@context":"https:\/\/schema.org","@graph":[{"@type":"Article","@id":"https:\/\/malaga.salesianos.edu\/familiasalesiana\/blog\/la-asociacion-de-antiguos-alumnos-celebrara-la-fiesta-de-la-multiplicacion-de-las-castanas\/#article","isPartOf":{"@id":"https:\/\/malaga.salesianos.edu\/familiasalesiana\/blog\/la-asociacion-de-antiguos-alumnos-celebrara-la-fiesta-de-la-multiplicacion-de-las-castanas\/"},"author":{"name":"Comunicaci\u00f3n MLG","@id":"https:\/\/malaga.salesianos.edu\/familiasalesiana\/#\/schema\/person\/fd7e7b338b40e1c817a659fe5fce718b"},"headline":"La asociaci\u00f3n de antiguos alumnos celebrar\u00e1 la fiesta de la multiplicaci\u00f3n de las casta\u00f1as","datePublished":"2018-10-16T12:47:20+00:00","dateModified":"2018-10-16T13:39:25+00:00","mainEntityOfPage":{"@id":"https:\/\/malaga.salesianos.edu\/familiasalesiana\/blog\/la-asociacion-de-antiguos-alumnos-celebrara-la-fiesta-de-la-multiplicacion-de-las-castanas\/"},"wordCount":244,"commentCount":0,"image":{"@id":"https:\/\/malaga.salesianos.edu\/familiasalesiana\/blog\/la-asociacion-de-antiguos-alumnos-celebrara-la-fiesta-de-la-multiplicacion-de-las-castanas\/#primaryimage"},"thumbnailUrl":"https:\/\/malaga.salesianos.edu\/familiasalesiana\/wp-content\/uploads\/sites\/8\/2018\/10\/CastanasAAAA_2-1.jpg","articleSection":["Asoc. Antiguos Alumnos","Destacado Familia Salesiana","Familia Salesiana"],"inLanguage":"es","potentialAction":[{"@type":"CommentAction","name":"Comment","target":["https:\/\/malaga.salesianos.edu\/familiasalesiana\/blog\/la-asociacion-de-antiguos-alumnos-celebrara-la-fiesta-de-la-multiplicacion-de-las-castanas\/#respond"]}]},{"@type":"WebPage","@id":"https:\/\/malaga.salesianos.edu\/familiasalesiana\/blog\/la-asociacion-de-antiguos-alumnos-celebrara-la-fiesta-de-la-multiplicacion-de-las-castanas\/","url":"https:\/\/malaga.salesianos.edu\/familiasalesiana\/blog\/la-asociacion-de-antiguos-alumnos-celebrara-la-fiesta-de-la-multiplicacion-de-las-castanas\/","name":"La asociaci\u00f3n de antiguos alumnos celebrar\u00e1 la fiesta de la multiplicaci\u00f3n de las casta\u00f1as - Familia Salesiana | Salesianos M\u00e1laga","isPartOf":{"@id":"https:\/\/malaga.salesianos.edu\/familiasalesiana\/#website"},"primaryImageOfPage":{"@id":"https:\/\/malaga.salesianos.edu\/familiasalesiana\/blog\/la-asociacion-de-antiguos-alumnos-celebrara-la-fiesta-de-la-multiplicacion-de-las-castanas\/#primaryimage"},"image":{"@id":"https:\/\/malaga.salesianos.edu\/familiasalesiana\/blog\/la-asociacion-de-antiguos-alumnos-celebrara-la-fiesta-de-la-multiplicacion-de-las-castanas\/#primaryimage"},"thumbnailUrl":"https:\/\/malaga.salesianos.edu\/familiasalesiana\/wp-content\/uploads\/sites\/8\/2018\/10\/CastanasAAAA_2-1.jpg","datePublished":"2018-10-16T12:47:20+00:00","dateModified":"2018-10-16T13:39:25+00:00","author":{"@id":"https:\/\/malaga.salesianos.edu\/familiasalesiana\/#\/schema\/person\/fd7e7b338b40e1c817a659fe5fce718b"},"breadcrumb":{"@id":"https:\/\/malaga.salesianos.edu\/familiasalesiana\/blog\/la-asociacion-de-antiguos-alumnos-celebrara-la-fiesta-de-la-multiplicacion-de-las-castanas\/#breadcrumb"},"inLanguage":"es","potentialAction":[{"@type":"ReadAction","target":["https:\/\/malaga.salesianos.edu\/familiasalesiana\/blog\/la-asociacion-de-antiguos-alumnos-celebrara-la-fiesta-de-la-multiplicacion-de-las-castanas\/"]}]},{"@type":"ImageObject","inLanguage":"es","@id":"https:\/\/malaga.salesianos.edu\/familiasalesiana\/blog\/la-asociacion-de-antiguos-alumnos-celebrara-la-fiesta-de-la-multiplicacion-de-las-castanas\/#primaryimage","url":"https:\/\/malaga.salesianos.edu\/familiasalesiana\/wp-content\/uploads\/sites\/8\/2018\/10\/CastanasAAAA_2-1.jpg","contentUrl":"https:\/\/malaga.salesianos.edu\/familiasalesiana\/wp-content\/uploads\/sites\/8\/2018\/10\/CastanasAAAA_2-1.jpg","width":1280,"height":853},{"@type":"BreadcrumbList","@id":"https:\/\/malaga.salesianos.edu\/familiasalesiana\/blog\/la-asociacion-de-antiguos-alumnos-celebrara-la-fiesta-de-la-multiplicacion-de-las-castanas\/#breadcrumb","itemListElement":[{"@type":"ListItem","position":1,"name":"Portada","item":"https:\/\/malaga.salesianos.edu\/familiasalesiana\/"},{"@type":"ListItem","position":2,"name":"La asociaci\u00f3n de antiguos alumnos celebrar\u00e1 la fiesta de la multiplicaci\u00f3n de las casta\u00f1as"}]},{"@type":"WebSite","@id":"https:\/\/malaga.salesianos.edu\/familiasalesiana\/#website","url":"https:\/\/malaga.salesianos.edu\/familiasalesiana\/","name":"Familia Salesiana | Salesianos M\u00e1laga","description":"Familia Salesiana | Salesianos M\u00e1laga, ADMA, Asociaci\u00f3n de antiguos alumnos, Hermandad Salesiana, Salesianos Cooperadores","potentialAction":[{"@type":"SearchAction","target":{"@type":"EntryPoint","urlTemplate":"https:\/\/malaga.salesianos.edu\/familiasalesiana\/?s={search_term_string}"},"query-input":{"@type":"PropertyValueSpecification","valueRequired":true,"valueName":"search_term_string"}}],"inLanguage":"es"},{"@type":"Person","@id":"https:\/\/malaga.salesianos.edu\/familiasalesiana\/#\/schema\/person\/fd7e7b338b40e1c817a659fe5fce718b","name":"Comunicaci\u00f3n MLG","image":{"@type":"ImageObject","inLanguage":"es","@id":"https:\/\/secure.gravatar.com\/avatar\/2ce5c66be6c7ab6b098b2ac29099a68d1cdb824afbb8aadf744614ce719778ff?s=96&d=mm&r=g","url":"https:\/\/secure.gravatar.com\/avatar\/2ce5c66be6c7ab6b098b2ac29099a68d1cdb824afbb8aadf744614ce719778ff?s=96&d=mm&r=g","contentUrl":"https:\/\/secure.gravatar.com\/avatar\/2ce5c66be6c7ab6b098b2ac29099a68d1cdb824afbb8aadf744614ce719778ff?s=96&d=mm&r=g","caption":"Comunicaci\u00f3n MLG"}}]}},"_links":{"self":[{"href":"https:\/\/malaga.salesianos.edu\/familiasalesiana\/wp-json\/wp\/v2\/posts\/8573","targetHints":{"allow":["GET"]}}],"collection":[{"href":"https:\/\/malaga.salesianos.edu\/familiasalesiana\/wp-json\/wp\/v2\/posts"}],"about":[{"href":"https:\/\/malaga.salesianos.edu\/familiasalesiana\/wp-json\/wp\/v2\/types\/post"}],"author":[{"embeddable":true,"href":"https:\/\/malaga.salesianos.edu\/familiasalesiana\/wp-json\/wp\/v2\/users\/2"}],"replies":[{"embeddable":true,"href":"https:\/\/malaga.salesianos.edu\/familiasalesiana\/wp-json\/wp\/v2\/comments?post=8573"}],"version-history":[{"count":1,"href":"https:\/\/malaga.salesianos.edu\/familiasalesiana\/wp-json\/wp\/v2\/posts\/8573\/revisions"}],"predecessor-version":[{"id":8575,"href":"https:\/\/malaga.salesianos.edu\/familiasalesiana\/wp-json\/wp\/v2\/posts\/8573\/revisions\/8575"}],"wp:featuredmedia":[{"embeddable":true,"href":"https:\/\/malaga.salesianos.edu\/familiasalesiana\/wp-json\/wp\/v2\/media\/8574"}],"wp:attachment":[{"href":"https:\/\/malaga.salesianos.edu\/familiasalesiana\/wp-json\/wp\/v2\/media?parent=8573"}],"wp:term":[{"taxonomy":"category","embeddable":true,"href":"https:\/\/malaga.salesianos.edu\/familiasalesiana\/wp-json\/wp\/v2\/categories?post=8573"},{"taxonomy":"post_tag","embeddable":true,"href":"https:\/\/malaga.salesianos.edu\/familiasalesiana\/wp-json\/wp\/v2\/tags?post=8573"}],"curies":[{"name":"wp","href":"https:\/\/api.w.org\/{rel}","templated":true}]}}