{"id":8570,"date":"2018-10-12T21:21:52","date_gmt":"2018-10-12T19:21:52","guid":{"rendered":"https:\/\/malaga.salesianos.edu\/familiasalesiana\/blog\/pablo-flores-cartelista-de-la-estacion-de-penitencia-2019\/"},"modified":"2018-10-12T21:21:53","modified_gmt":"2018-10-12T19:21:53","slug":"pablo-flores-cartelista-de-la-estacion-de-penitencia-2019","status":"publish","type":"post","link":"https:\/\/malaga.salesianos.edu\/familiasalesiana\/blog\/pablo-flores-cartelista-de-la-estacion-de-penitencia-2019\/","title":{"rendered":"Pablo Flores, cartelista de la Estaci\u00f3n de Penitencia 2019"},"content":{"rendered":"<p>[et_pb_section bb_built=\u00bb1&#8243; admin_label=\u00bbsection\u00bb custom_padding=\u00bb2px|0px|54px|0px\u00bb][et_pb_row admin_label=\u00bbrow\u00bb background_position=\u00bbtop_left\u00bb background_repeat=\u00bbrepeat\u00bb background_size=\u00bbinitial\u00bb][et_pb_column type=\u00bb4_4&#8243;][et_pb_text admin_label=\u00bbEntradilla\u00bb text_font=\u00bb|on|||\u00bb text_orientation=\u00bbjustified\u00bb use_border_color=\u00bboff\u00bb border_color=\u00bb#ffffff\u00bb border_style=\u00bbsolid\u00bb _builder_version=\u00bb3.17&#8243;]<\/p>\n<p><em><strong>El malague\u00f1o Pablo Flores Contreras ser\u00e1 el encargado de realizar la pintura que servir\u00e1 de Cartel de la Estaci\u00f3n de Penitencia de nuestra Hermandad para el pr\u00f3ximo Mi\u00e9rcoles Santo de 2019.<\/strong><\/em><\/p>\n<hr \/>\n<p>[\/et_pb_text][et_pb_text admin_label=\u00bbDesarrollo\u00bb text_orientation=\u00bbjustified\u00bb use_border_color=\u00bboff\u00bb border_color=\u00bb#ffffff\u00bb border_style=\u00bbsolid\u00bb _builder_version=\u00bb3.17&#8243;]<\/p>\n<p class=\"m_2182958585698964375default-style\">Formado en la Escuela de Bellas Artes San Telmo de nuestra ciudad, se especializ\u00f3 en dorado y talla en madera. En su producci\u00f3n pict\u00f3rica da una especial importancia al color y la composici\u00f3n, con una clara influencia del arte pop.<\/p>\n<p>El Cartel ser\u00e1 presentado dentro del acto del Preg\u00f3n de la Hermandad, que estar\u00e1 a cargo de la Banda de Cornetas de Jes\u00fas Cautivo, en el Santuario de Mar\u00eda Auxiliadora, el s\u00e1bado 30 de marzo de 2019.<\/p>\n<div class=\"m_2182958585698964375io-ox-signature\">\n<p>Vocal\u00eda de Comunicaci\u00f3n<\/p>\n<p>Hermandad Salesiana de M\u00e1laga<\/p>\n<\/div>\n<p>[\/et_pb_text][et_pb_image _builder_version=\u00bb3.17&#8243; src=\u00bbhttps:\/\/malaga.salesianos.edu\/wp-content\/uploads\/2018\/04\/Friso_hermandad_G.png\u00bb \/][\/et_pb_column][\/et_pb_row][\/et_pb_section]<\/p>\n","protected":false},"excerpt":{"rendered":"<p>El malague\u00f1o ser\u00e1 el encargado de realizar la pintura que servir\u00e1 de Cartel de la Estaci\u00f3n de Penitencia de nuestra Hermandad para el pr\u00f3ximo Mi\u00e9rcoles Santo.<\/p>\n","protected":false},"author":12,"featured_media":8571,"comment_status":"open","ping_status":"open","sticky":false,"template":"","format":"standard","meta":{"_et_pb_use_builder":"on","_et_pb_old_content":"","_et_gb_content_width":"","footnotes":""},"categories":[9,101],"tags":[],"class_list":["post-8570","post","type-post","status-publish","format-standard","has-post-thumbnail","hentry","category-cofradia","category-familia-salesiana"],"yoast_head":"<!-- This site is optimized with the Yoast SEO plugin v28.3 - https:\/\/yoast.com\/product\/yoast-seo-wordpress\/ -->\n<title>Pablo Flores, cartelista de la Estaci\u00f3n de Penitencia 2019 - Familia Salesiana | Salesianos M\u00e1laga<\/title>\n<meta name=\"robots\" content=\"index, follow, max-snippet:-1, max-image-preview:large, max-video-preview:-1\" \/>\n<link rel=\"canonical\" href=\"https:\/\/malaga.salesianos.edu\/familiasalesiana\/blog\/pablo-flores-cartelista-de-la-estacion-de-penitencia-2019\/\" \/>\n<meta property=\"og:locale\" content=\"es_ES\" \/>\n<meta property=\"og:type\" content=\"article\" \/>\n<meta property=\"og:title\" content=\"Pablo Flores, cartelista de la Estaci\u00f3n de Penitencia 2019 - Familia Salesiana | Salesianos M\u00e1laga\" \/>\n<meta property=\"og:description\" content=\"El malague\u00f1o ser\u00e1 el encargado de realizar la pintura que servir\u00e1 de Cartel de la Estaci\u00f3n de Penitencia de nuestra Hermandad para el pr\u00f3ximo Mi\u00e9rcoles Santo.\" \/>\n<meta property=\"og:url\" content=\"https:\/\/malaga.salesianos.edu\/familiasalesiana\/blog\/pablo-flores-cartelista-de-la-estacion-de-penitencia-2019\/\" \/>\n<meta property=\"og:site_name\" content=\"Familia Salesiana | Salesianos M\u00e1laga\" \/>\n<meta property=\"article:published_time\" content=\"2018-10-12T19:21:52+00:00\" \/>\n<meta property=\"article:modified_time\" content=\"2018-10-12T19:21:53+00:00\" \/>\n<meta property=\"og:image\" content=\"https:\/\/malaga.salesianos.edu\/familiasalesiana\/wp-content\/uploads\/sites\/8\/2018\/10\/Pablo-Flores.jpg\" \/>\n\t<meta property=\"og:image:width\" content=\"1403\" \/>\n\t<meta property=\"og:image:height\" content=\"935\" \/>\n\t<meta property=\"og:image:type\" content=\"image\/jpeg\" \/>\n<meta name=\"twitter:card\" content=\"summary_large_image\" \/>\n<meta name=\"twitter:label1\" content=\"Escrito por\" \/>\n\t<meta name=\"twitter:data1\" content=\"\" \/>\n\t<meta name=\"twitter:label2\" content=\"Tiempo de lectura\" \/>\n\t<meta name=\"twitter:data2\" content=\"1 minuto\" \/>\n<script type=\"application\/ld+json\" class=\"yoast-schema-graph\">{\"@context\":\"https:\\\/\\\/schema.org\",\"@graph\":[{\"@type\":\"Article\",\"@id\":\"https:\\\/\\\/malaga.salesianos.edu\\\/familiasalesiana\\\/blog\\\/pablo-flores-cartelista-de-la-estacion-de-penitencia-2019\\\/#article\",\"isPartOf\":{\"@id\":\"https:\\\/\\\/malaga.salesianos.edu\\\/familiasalesiana\\\/blog\\\/pablo-flores-cartelista-de-la-estacion-de-penitencia-2019\\\/\"},\"author\":{\"name\":\"\",\"@id\":\"\"},\"headline\":\"Pablo Flores, cartelista de la Estaci\u00f3n de Penitencia 2019\",\"datePublished\":\"2018-10-12T19:21:52+00:00\",\"dateModified\":\"2018-10-12T19:21:53+00:00\",\"mainEntityOfPage\":{\"@id\":\"https:\\\/\\\/malaga.salesianos.edu\\\/familiasalesiana\\\/blog\\\/pablo-flores-cartelista-de-la-estacion-de-penitencia-2019\\\/\"},\"wordCount\":245,\"commentCount\":0,\"image\":{\"@id\":\"https:\\\/\\\/malaga.salesianos.edu\\\/familiasalesiana\\\/blog\\\/pablo-flores-cartelista-de-la-estacion-de-penitencia-2019\\\/#primaryimage\"},\"thumbnailUrl\":\"https:\\\/\\\/malaga.salesianos.edu\\\/familiasalesiana\\\/wp-content\\\/uploads\\\/sites\\\/8\\\/2018\\\/10\\\/Pablo-Flores.jpg\",\"articleSection\":[\"Cofrad\u00eda\",\"Familia Salesiana\"],\"inLanguage\":\"es\",\"potentialAction\":[{\"@type\":\"CommentAction\",\"name\":\"Comment\",\"target\":[\"https:\\\/\\\/malaga.salesianos.edu\\\/familiasalesiana\\\/blog\\\/pablo-flores-cartelista-de-la-estacion-de-penitencia-2019\\\/#respond\"]}]},{\"@type\":\"WebPage\",\"@id\":\"https:\\\/\\\/malaga.salesianos.edu\\\/familiasalesiana\\\/blog\\\/pablo-flores-cartelista-de-la-estacion-de-penitencia-2019\\\/\",\"url\":\"https:\\\/\\\/malaga.salesianos.edu\\\/familiasalesiana\\\/blog\\\/pablo-flores-cartelista-de-la-estacion-de-penitencia-2019\\\/\",\"name\":\"Pablo Flores, cartelista de la Estaci\u00f3n de Penitencia 2019 - Familia Salesiana | Salesianos M\u00e1laga\",\"isPartOf\":{\"@id\":\"https:\\\/\\\/malaga.salesianos.edu\\\/familiasalesiana\\\/#website\"},\"primaryImageOfPage\":{\"@id\":\"https:\\\/\\\/malaga.salesianos.edu\\\/familiasalesiana\\\/blog\\\/pablo-flores-cartelista-de-la-estacion-de-penitencia-2019\\\/#primaryimage\"},\"image\":{\"@id\":\"https:\\\/\\\/malaga.salesianos.edu\\\/familiasalesiana\\\/blog\\\/pablo-flores-cartelista-de-la-estacion-de-penitencia-2019\\\/#primaryimage\"},\"thumbnailUrl\":\"https:\\\/\\\/malaga.salesianos.edu\\\/familiasalesiana\\\/wp-content\\\/uploads\\\/sites\\\/8\\\/2018\\\/10\\\/Pablo-Flores.jpg\",\"datePublished\":\"2018-10-12T19:21:52+00:00\",\"dateModified\":\"2018-10-12T19:21:53+00:00\",\"author\":{\"@id\":\"\"},\"breadcrumb\":{\"@id\":\"https:\\\/\\\/malaga.salesianos.edu\\\/familiasalesiana\\\/blog\\\/pablo-flores-cartelista-de-la-estacion-de-penitencia-2019\\\/#breadcrumb\"},\"inLanguage\":\"es\",\"potentialAction\":[{\"@type\":\"ReadAction\",\"target\":[\"https:\\\/\\\/malaga.salesianos.edu\\\/familiasalesiana\\\/blog\\\/pablo-flores-cartelista-de-la-estacion-de-penitencia-2019\\\/\"]}]},{\"@type\":\"ImageObject\",\"inLanguage\":\"es\",\"@id\":\"https:\\\/\\\/malaga.salesianos.edu\\\/familiasalesiana\\\/blog\\\/pablo-flores-cartelista-de-la-estacion-de-penitencia-2019\\\/#primaryimage\",\"url\":\"https:\\\/\\\/malaga.salesianos.edu\\\/familiasalesiana\\\/wp-content\\\/uploads\\\/sites\\\/8\\\/2018\\\/10\\\/Pablo-Flores.jpg\",\"contentUrl\":\"https:\\\/\\\/malaga.salesianos.edu\\\/familiasalesiana\\\/wp-content\\\/uploads\\\/sites\\\/8\\\/2018\\\/10\\\/Pablo-Flores.jpg\",\"width\":1403,\"height\":935},{\"@type\":\"BreadcrumbList\",\"@id\":\"https:\\\/\\\/malaga.salesianos.edu\\\/familiasalesiana\\\/blog\\\/pablo-flores-cartelista-de-la-estacion-de-penitencia-2019\\\/#breadcrumb\",\"itemListElement\":[{\"@type\":\"ListItem\",\"position\":1,\"name\":\"Portada\",\"item\":\"https:\\\/\\\/malaga.salesianos.edu\\\/familiasalesiana\\\/\"},{\"@type\":\"ListItem\",\"position\":2,\"name\":\"Pablo Flores, cartelista de la Estaci\u00f3n de Penitencia 2019\"}]},{\"@type\":\"WebSite\",\"@id\":\"https:\\\/\\\/malaga.salesianos.edu\\\/familiasalesiana\\\/#website\",\"url\":\"https:\\\/\\\/malaga.salesianos.edu\\\/familiasalesiana\\\/\",\"name\":\"Familia Salesiana | Salesianos M\u00e1laga\",\"description\":\"Familia Salesiana | Salesianos M\u00e1laga, ADMA, Asociaci\u00f3n de antiguos alumnos, Hermandad Salesiana, Salesianos Cooperadores\",\"potentialAction\":[{\"@type\":\"SearchAction\",\"target\":{\"@type\":\"EntryPoint\",\"urlTemplate\":\"https:\\\/\\\/malaga.salesianos.edu\\\/familiasalesiana\\\/?s={search_term_string}\"},\"query-input\":{\"@type\":\"PropertyValueSpecification\",\"valueRequired\":true,\"valueName\":\"search_term_string\"}}],\"inLanguage\":\"es\"},{\"@type\":\"Person\",\"@id\":\"\"}]}<\/script>\n<!-- \/ Yoast SEO plugin. -->","yoast_head_json":{"title":"Pablo Flores, cartelista de la Estaci\u00f3n de Penitencia 2019 - Familia Salesiana | Salesianos M\u00e1laga","robots":{"index":"index","follow":"follow","max-snippet":"max-snippet:-1","max-image-preview":"max-image-preview:large","max-video-preview":"max-video-preview:-1"},"canonical":"https:\/\/malaga.salesianos.edu\/familiasalesiana\/blog\/pablo-flores-cartelista-de-la-estacion-de-penitencia-2019\/","og_locale":"es_ES","og_type":"article","og_title":"Pablo Flores, cartelista de la Estaci\u00f3n de Penitencia 2019 - Familia Salesiana | Salesianos M\u00e1laga","og_description":"El malague\u00f1o ser\u00e1 el encargado de realizar la pintura que servir\u00e1 de Cartel de la Estaci\u00f3n de Penitencia de nuestra Hermandad para el pr\u00f3ximo Mi\u00e9rcoles Santo.","og_url":"https:\/\/malaga.salesianos.edu\/familiasalesiana\/blog\/pablo-flores-cartelista-de-la-estacion-de-penitencia-2019\/","og_site_name":"Familia Salesiana | Salesianos M\u00e1laga","article_published_time":"2018-10-12T19:21:52+00:00","article_modified_time":"2018-10-12T19:21:53+00:00","og_image":[{"width":1403,"height":935,"url":"https:\/\/malaga.salesianos.edu\/familiasalesiana\/wp-content\/uploads\/sites\/8\/2018\/10\/Pablo-Flores.jpg","type":"image\/jpeg"}],"twitter_card":"summary_large_image","twitter_misc":{"Escrito por":"","Tiempo de lectura":"1 minuto"},"schema":{"@context":"https:\/\/schema.org","@graph":[{"@type":"Article","@id":"https:\/\/malaga.salesianos.edu\/familiasalesiana\/blog\/pablo-flores-cartelista-de-la-estacion-de-penitencia-2019\/#article","isPartOf":{"@id":"https:\/\/malaga.salesianos.edu\/familiasalesiana\/blog\/pablo-flores-cartelista-de-la-estacion-de-penitencia-2019\/"},"author":{"name":"","@id":""},"headline":"Pablo Flores, cartelista de la Estaci\u00f3n de Penitencia 2019","datePublished":"2018-10-12T19:21:52+00:00","dateModified":"2018-10-12T19:21:53+00:00","mainEntityOfPage":{"@id":"https:\/\/malaga.salesianos.edu\/familiasalesiana\/blog\/pablo-flores-cartelista-de-la-estacion-de-penitencia-2019\/"},"wordCount":245,"commentCount":0,"image":{"@id":"https:\/\/malaga.salesianos.edu\/familiasalesiana\/blog\/pablo-flores-cartelista-de-la-estacion-de-penitencia-2019\/#primaryimage"},"thumbnailUrl":"https:\/\/malaga.salesianos.edu\/familiasalesiana\/wp-content\/uploads\/sites\/8\/2018\/10\/Pablo-Flores.jpg","articleSection":["Cofrad\u00eda","Familia Salesiana"],"inLanguage":"es","potentialAction":[{"@type":"CommentAction","name":"Comment","target":["https:\/\/malaga.salesianos.edu\/familiasalesiana\/blog\/pablo-flores-cartelista-de-la-estacion-de-penitencia-2019\/#respond"]}]},{"@type":"WebPage","@id":"https:\/\/malaga.salesianos.edu\/familiasalesiana\/blog\/pablo-flores-cartelista-de-la-estacion-de-penitencia-2019\/","url":"https:\/\/malaga.salesianos.edu\/familiasalesiana\/blog\/pablo-flores-cartelista-de-la-estacion-de-penitencia-2019\/","name":"Pablo Flores, cartelista de la Estaci\u00f3n de Penitencia 2019 - Familia Salesiana | Salesianos M\u00e1laga","isPartOf":{"@id":"https:\/\/malaga.salesianos.edu\/familiasalesiana\/#website"},"primaryImageOfPage":{"@id":"https:\/\/malaga.salesianos.edu\/familiasalesiana\/blog\/pablo-flores-cartelista-de-la-estacion-de-penitencia-2019\/#primaryimage"},"image":{"@id":"https:\/\/malaga.salesianos.edu\/familiasalesiana\/blog\/pablo-flores-cartelista-de-la-estacion-de-penitencia-2019\/#primaryimage"},"thumbnailUrl":"https:\/\/malaga.salesianos.edu\/familiasalesiana\/wp-content\/uploads\/sites\/8\/2018\/10\/Pablo-Flores.jpg","datePublished":"2018-10-12T19:21:52+00:00","dateModified":"2018-10-12T19:21:53+00:00","author":{"@id":""},"breadcrumb":{"@id":"https:\/\/malaga.salesianos.edu\/familiasalesiana\/blog\/pablo-flores-cartelista-de-la-estacion-de-penitencia-2019\/#breadcrumb"},"inLanguage":"es","potentialAction":[{"@type":"ReadAction","target":["https:\/\/malaga.salesianos.edu\/familiasalesiana\/blog\/pablo-flores-cartelista-de-la-estacion-de-penitencia-2019\/"]}]},{"@type":"ImageObject","inLanguage":"es","@id":"https:\/\/malaga.salesianos.edu\/familiasalesiana\/blog\/pablo-flores-cartelista-de-la-estacion-de-penitencia-2019\/#primaryimage","url":"https:\/\/malaga.salesianos.edu\/familiasalesiana\/wp-content\/uploads\/sites\/8\/2018\/10\/Pablo-Flores.jpg","contentUrl":"https:\/\/malaga.salesianos.edu\/familiasalesiana\/wp-content\/uploads\/sites\/8\/2018\/10\/Pablo-Flores.jpg","width":1403,"height":935},{"@type":"BreadcrumbList","@id":"https:\/\/malaga.salesianos.edu\/familiasalesiana\/blog\/pablo-flores-cartelista-de-la-estacion-de-penitencia-2019\/#breadcrumb","itemListElement":[{"@type":"ListItem","position":1,"name":"Portada","item":"https:\/\/malaga.salesianos.edu\/familiasalesiana\/"},{"@type":"ListItem","position":2,"name":"Pablo Flores, cartelista de la Estaci\u00f3n de Penitencia 2019"}]},{"@type":"WebSite","@id":"https:\/\/malaga.salesianos.edu\/familiasalesiana\/#website","url":"https:\/\/malaga.salesianos.edu\/familiasalesiana\/","name":"Familia Salesiana | Salesianos M\u00e1laga","description":"Familia Salesiana | Salesianos M\u00e1laga, ADMA, Asociaci\u00f3n de antiguos alumnos, Hermandad Salesiana, Salesianos Cooperadores","potentialAction":[{"@type":"SearchAction","target":{"@type":"EntryPoint","urlTemplate":"https:\/\/malaga.salesianos.edu\/familiasalesiana\/?s={search_term_string}"},"query-input":{"@type":"PropertyValueSpecification","valueRequired":true,"valueName":"search_term_string"}}],"inLanguage":"es"},{"@type":"Person","@id":""}]}},"_links":{"self":[{"href":"https:\/\/malaga.salesianos.edu\/familiasalesiana\/wp-json\/wp\/v2\/posts\/8570","targetHints":{"allow":["GET"]}}],"collection":[{"href":"https:\/\/malaga.salesianos.edu\/familiasalesiana\/wp-json\/wp\/v2\/posts"}],"about":[{"href":"https:\/\/malaga.salesianos.edu\/familiasalesiana\/wp-json\/wp\/v2\/types\/post"}],"author":[{"embeddable":true,"href":"https:\/\/malaga.salesianos.edu\/familiasalesiana\/wp-json\/wp\/v2\/users\/12"}],"replies":[{"embeddable":true,"href":"https:\/\/malaga.salesianos.edu\/familiasalesiana\/wp-json\/wp\/v2\/comments?post=8570"}],"version-history":[{"count":1,"href":"https:\/\/malaga.salesianos.edu\/familiasalesiana\/wp-json\/wp\/v2\/posts\/8570\/revisions"}],"predecessor-version":[{"id":8572,"href":"https:\/\/malaga.salesianos.edu\/familiasalesiana\/wp-json\/wp\/v2\/posts\/8570\/revisions\/8572"}],"wp:featuredmedia":[{"embeddable":true,"href":"https:\/\/malaga.salesianos.edu\/familiasalesiana\/wp-json\/wp\/v2\/media\/8571"}],"wp:attachment":[{"href":"https:\/\/malaga.salesianos.edu\/familiasalesiana\/wp-json\/wp\/v2\/media?parent=8570"}],"wp:term":[{"taxonomy":"category","embeddable":true,"href":"https:\/\/malaga.salesianos.edu\/familiasalesiana\/wp-json\/wp\/v2\/categories?post=8570"},{"taxonomy":"post_tag","embeddable":true,"href":"https:\/\/malaga.salesianos.edu\/familiasalesiana\/wp-json\/wp\/v2\/tags?post=8570"}],"curies":[{"name":"wp","href":"https:\/\/api.w.org\/{rel}","templated":true}]}}