{"id":8427,"date":"2018-06-07T00:01:07","date_gmt":"2018-06-03T22:10:07","guid":{"rendered":"https:\/\/malaga.salesianos.edu\/familiasalesiana\/blog\/foto-en-familia-para-el-libro-del-125-aniversario-de-salesianos-malaga\/"},"modified":"2018-06-08T20:28:35","modified_gmt":"2018-06-08T18:28:35","slug":"foto-en-familia-para-el-libro-del-125-aniversario-de-salesianos-malaga","status":"publish","type":"post","link":"https:\/\/malaga.salesianos.edu\/familiasalesiana\/blog\/foto-en-familia-para-el-libro-del-125-aniversario-de-salesianos-malaga\/","title":{"rendered":"Foto en familia para el libro del 125 aniversario de Salesianos M\u00e1laga"},"content":{"rendered":"<p>[et_pb_section bb_built=\u00bb1&#8243; admin_label=\u00bbsection\u00bb custom_padding=\u00bb2px|0px|54px|0px\u00bb][et_pb_row admin_label=\u00bbrow\u00bb background_position=\u00bbtop_left\u00bb background_repeat=\u00bbrepeat\u00bb background_size=\u00bbinitial\u00bb][et_pb_column type=\u00bb4_4&#8243;][et_pb_text admin_label=\u00bbEntradilla\u00bb text_font=\u00bb|on|||\u00bb text_orientation=\u00bbjustified\u00bb use_border_color=\u00bboff\u00bb border_color=\u00bb#ffffff\u00bb border_style=\u00bbsolid\u00bb _builder_version=\u00bb3.4.1&#8243;]<\/p>\n<p><strong><em>El pr\u00f3ximo domingo 10 de junio a las 12:45h, despu\u00e9s de la Eucarist\u00eda, se realizar\u00e1 la foto de toda la Familia Salesiana para el libro del 125 aniversario de la presencia Salesiana en M\u00e1laga.<\/em><\/strong><\/p>\n<hr \/>\n<p>[\/et_pb_text][et_pb_text admin_label=\u00bbDesarrollo\u00bb text_orientation=\u00bbjustified\u00bb use_border_color=\u00bboff\u00bb border_color=\u00bb#ffffff\u00bb border_style=\u00bbsolid\u00bb _builder_version=\u00bb3.5.1&#8243;]<\/p>\n<p><img loading=\"lazy\" decoding=\"async\" class=\"alignleft size-thumbnail wp-image-5265\" src=\"https:\/\/malaga.salesianos.edu\/familiasalesiana\/wp-content\/uploads\/sites\/8\/2018\/06\/antoniogil-150x150.jpg\" alt=\"\" width=\"150\" height=\"150\" \/>10 JUNIO 2018, DOMINGO despu\u00e9s de la EUCARIST\u00cdA de las 12, a\u00a0las 12.45 FOTO EN FAMILIA.<\/p>\n<p>Deseamos que sea LA GRAN FOTO PARA EL LIBRO DEL 125 ANIVERSARIO.<\/p>\n<p><em>Profesores, alumnos, ni\u00f1os, j\u00f3venes,\u00a0<\/em><em>deportistas, familias, amigos\u2026<\/em><\/p>\n<p>\u00a1\u00a1TE ESPERAMOS!!<\/p>\n<p>&nbsp;<\/p>\n<p>[\/et_pb_text][et_pb_text _builder_version=\u00bb3.5.1&#8243; animation_style=\u00bbslide\u00bb]<\/p>\n<blockquote><p><strong><em>Queremos que sea la M\u00c1S NUMEROSA Y MEJOR FOTO que puedas imaginar. TODOS JUNTOS Si no puedes venir a la celebraci\u00f3n, te puedes unir despu\u00e9s. Si FALTAS T\u00da NO SER\u00c1 LA MISMA\u00a0<\/em>FOTO\u2026 GRACIAS POR HACER FAMILIA.<\/strong><\/p><\/blockquote>\n<p>[\/et_pb_text][\/et_pb_column][\/et_pb_row][\/et_pb_section]<\/p>\n","protected":false},"excerpt":{"rendered":"<p>El pr\u00f3ximo domingo 10 de junio a las 12:45h, despu\u00e9s de la Eucarist\u00eda, se realizar\u00e1 la foto de la Familia Salesiana para el libro del 125 aniversario de Salesianos M\u00e1laga.<\/p>\n","protected":false},"author":11,"featured_media":8429,"comment_status":"open","ping_status":"open","sticky":false,"template":"","format":"standard","meta":{"_et_pb_use_builder":"on","_et_pb_old_content":"","_et_gb_content_width":"","footnotes":""},"categories":[113,152,101],"tags":[],"class_list":["post-8427","post","type-post","status-publish","format-standard","has-post-thumbnail","hentry","category-casa","category-destacado-casa","category-familia-salesiana"],"yoast_head":"<!-- This site is optimized with the Yoast SEO plugin v28.3 - https:\/\/yoast.com\/product\/yoast-seo-wordpress\/ -->\n<title>Foto en familia para el libro del 125 aniversario de Salesianos M\u00e1laga - Familia Salesiana | Salesianos M\u00e1laga<\/title>\n<meta name=\"robots\" content=\"index, follow, max-snippet:-1, max-image-preview:large, max-video-preview:-1\" \/>\n<link rel=\"canonical\" href=\"https:\/\/malaga.salesianos.edu\/familiasalesiana\/blog\/foto-en-familia-para-el-libro-del-125-aniversario-de-salesianos-malaga\/\" \/>\n<meta property=\"og:locale\" content=\"es_ES\" \/>\n<meta property=\"og:type\" content=\"article\" \/>\n<meta property=\"og:title\" content=\"Foto en familia para el libro del 125 aniversario de Salesianos M\u00e1laga - Familia Salesiana | Salesianos M\u00e1laga\" \/>\n<meta property=\"og:description\" content=\"El pr\u00f3ximo domingo 10 de junio a las 12:45h, despu\u00e9s de la Eucarist\u00eda, se realizar\u00e1 la foto de la Familia Salesiana para el libro del 125 aniversario de Salesianos M\u00e1laga.\" \/>\n<meta property=\"og:url\" content=\"https:\/\/malaga.salesianos.edu\/familiasalesiana\/blog\/foto-en-familia-para-el-libro-del-125-aniversario-de-salesianos-malaga\/\" \/>\n<meta property=\"og:site_name\" content=\"Familia Salesiana | Salesianos M\u00e1laga\" \/>\n<meta property=\"article:published_time\" content=\"2018-06-03T22:10:07+00:00\" \/>\n<meta property=\"article:modified_time\" content=\"2018-06-08T18:28:35+00:00\" \/>\n<meta property=\"og:image\" content=\"https:\/\/malaga.salesianos.edu\/familiasalesiana\/wp-content\/uploads\/sites\/8\/2018\/06\/colegio2016.jpg\" \/>\n\t<meta property=\"og:image:width\" content=\"1200\" \/>\n\t<meta property=\"og:image:height\" content=\"795\" \/>\n\t<meta property=\"og:image:type\" content=\"image\/jpeg\" \/>\n<meta name=\"twitter:card\" content=\"summary_large_image\" \/>\n<meta name=\"twitter:label1\" content=\"Escrito por\" \/>\n\t<meta name=\"twitter:data1\" content=\"\" \/>\n\t<meta name=\"twitter:label2\" content=\"Tiempo de lectura\" \/>\n\t<meta name=\"twitter:data2\" content=\"1 minuto\" \/>\n<script type=\"application\/ld+json\" class=\"yoast-schema-graph\">{\"@context\":\"https:\\\/\\\/schema.org\",\"@graph\":[{\"@type\":\"Article\",\"@id\":\"https:\\\/\\\/malaga.salesianos.edu\\\/familiasalesiana\\\/blog\\\/foto-en-familia-para-el-libro-del-125-aniversario-de-salesianos-malaga\\\/#article\",\"isPartOf\":{\"@id\":\"https:\\\/\\\/malaga.salesianos.edu\\\/familiasalesiana\\\/blog\\\/foto-en-familia-para-el-libro-del-125-aniversario-de-salesianos-malaga\\\/\"},\"author\":{\"name\":\"\",\"@id\":\"\"},\"headline\":\"Foto en familia para el libro del 125 aniversario de Salesianos M\u00e1laga\",\"datePublished\":\"2018-06-03T22:10:07+00:00\",\"dateModified\":\"2018-06-08T18:28:35+00:00\",\"mainEntityOfPage\":{\"@id\":\"https:\\\/\\\/malaga.salesianos.edu\\\/familiasalesiana\\\/blog\\\/foto-en-familia-para-el-libro-del-125-aniversario-de-salesianos-malaga\\\/\"},\"wordCount\":231,\"commentCount\":0,\"image\":{\"@id\":\"https:\\\/\\\/malaga.salesianos.edu\\\/familiasalesiana\\\/blog\\\/foto-en-familia-para-el-libro-del-125-aniversario-de-salesianos-malaga\\\/#primaryimage\"},\"thumbnailUrl\":\"https:\\\/\\\/malaga.salesianos.edu\\\/familiasalesiana\\\/wp-content\\\/uploads\\\/sites\\\/8\\\/2018\\\/06\\\/colegio2016.jpg\",\"articleSection\":[\"Casa\",\"Destacado Casa\",\"Familia Salesiana\"],\"inLanguage\":\"es\",\"potentialAction\":[{\"@type\":\"CommentAction\",\"name\":\"Comment\",\"target\":[\"https:\\\/\\\/malaga.salesianos.edu\\\/familiasalesiana\\\/blog\\\/foto-en-familia-para-el-libro-del-125-aniversario-de-salesianos-malaga\\\/#respond\"]}]},{\"@type\":\"WebPage\",\"@id\":\"https:\\\/\\\/malaga.salesianos.edu\\\/familiasalesiana\\\/blog\\\/foto-en-familia-para-el-libro-del-125-aniversario-de-salesianos-malaga\\\/\",\"url\":\"https:\\\/\\\/malaga.salesianos.edu\\\/familiasalesiana\\\/blog\\\/foto-en-familia-para-el-libro-del-125-aniversario-de-salesianos-malaga\\\/\",\"name\":\"Foto en familia para el libro del 125 aniversario de Salesianos M\u00e1laga - Familia Salesiana | Salesianos M\u00e1laga\",\"isPartOf\":{\"@id\":\"https:\\\/\\\/malaga.salesianos.edu\\\/familiasalesiana\\\/#website\"},\"primaryImageOfPage\":{\"@id\":\"https:\\\/\\\/malaga.salesianos.edu\\\/familiasalesiana\\\/blog\\\/foto-en-familia-para-el-libro-del-125-aniversario-de-salesianos-malaga\\\/#primaryimage\"},\"image\":{\"@id\":\"https:\\\/\\\/malaga.salesianos.edu\\\/familiasalesiana\\\/blog\\\/foto-en-familia-para-el-libro-del-125-aniversario-de-salesianos-malaga\\\/#primaryimage\"},\"thumbnailUrl\":\"https:\\\/\\\/malaga.salesianos.edu\\\/familiasalesiana\\\/wp-content\\\/uploads\\\/sites\\\/8\\\/2018\\\/06\\\/colegio2016.jpg\",\"datePublished\":\"2018-06-03T22:10:07+00:00\",\"dateModified\":\"2018-06-08T18:28:35+00:00\",\"author\":{\"@id\":\"\"},\"breadcrumb\":{\"@id\":\"https:\\\/\\\/malaga.salesianos.edu\\\/familiasalesiana\\\/blog\\\/foto-en-familia-para-el-libro-del-125-aniversario-de-salesianos-malaga\\\/#breadcrumb\"},\"inLanguage\":\"es\",\"potentialAction\":[{\"@type\":\"ReadAction\",\"target\":[\"https:\\\/\\\/malaga.salesianos.edu\\\/familiasalesiana\\\/blog\\\/foto-en-familia-para-el-libro-del-125-aniversario-de-salesianos-malaga\\\/\"]}]},{\"@type\":\"ImageObject\",\"inLanguage\":\"es\",\"@id\":\"https:\\\/\\\/malaga.salesianos.edu\\\/familiasalesiana\\\/blog\\\/foto-en-familia-para-el-libro-del-125-aniversario-de-salesianos-malaga\\\/#primaryimage\",\"url\":\"https:\\\/\\\/malaga.salesianos.edu\\\/familiasalesiana\\\/wp-content\\\/uploads\\\/sites\\\/8\\\/2018\\\/06\\\/colegio2016.jpg\",\"contentUrl\":\"https:\\\/\\\/malaga.salesianos.edu\\\/familiasalesiana\\\/wp-content\\\/uploads\\\/sites\\\/8\\\/2018\\\/06\\\/colegio2016.jpg\",\"width\":1200,\"height\":795},{\"@type\":\"BreadcrumbList\",\"@id\":\"https:\\\/\\\/malaga.salesianos.edu\\\/familiasalesiana\\\/blog\\\/foto-en-familia-para-el-libro-del-125-aniversario-de-salesianos-malaga\\\/#breadcrumb\",\"itemListElement\":[{\"@type\":\"ListItem\",\"position\":1,\"name\":\"Portada\",\"item\":\"https:\\\/\\\/malaga.salesianos.edu\\\/familiasalesiana\\\/\"},{\"@type\":\"ListItem\",\"position\":2,\"name\":\"Foto en familia para el libro del 125 aniversario de Salesianos M\u00e1laga\"}]},{\"@type\":\"WebSite\",\"@id\":\"https:\\\/\\\/malaga.salesianos.edu\\\/familiasalesiana\\\/#website\",\"url\":\"https:\\\/\\\/malaga.salesianos.edu\\\/familiasalesiana\\\/\",\"name\":\"Familia Salesiana | Salesianos M\u00e1laga\",\"description\":\"Familia Salesiana | Salesianos M\u00e1laga, ADMA, Asociaci\u00f3n de antiguos alumnos, Hermandad Salesiana, Salesianos Cooperadores\",\"potentialAction\":[{\"@type\":\"SearchAction\",\"target\":{\"@type\":\"EntryPoint\",\"urlTemplate\":\"https:\\\/\\\/malaga.salesianos.edu\\\/familiasalesiana\\\/?s={search_term_string}\"},\"query-input\":{\"@type\":\"PropertyValueSpecification\",\"valueRequired\":true,\"valueName\":\"search_term_string\"}}],\"inLanguage\":\"es\"},{\"@type\":\"Person\",\"@id\":\"\"}]}<\/script>\n<!-- \/ Yoast SEO plugin. -->","yoast_head_json":{"title":"Foto en familia para el libro del 125 aniversario de Salesianos M\u00e1laga - Familia Salesiana | Salesianos M\u00e1laga","robots":{"index":"index","follow":"follow","max-snippet":"max-snippet:-1","max-image-preview":"max-image-preview:large","max-video-preview":"max-video-preview:-1"},"canonical":"https:\/\/malaga.salesianos.edu\/familiasalesiana\/blog\/foto-en-familia-para-el-libro-del-125-aniversario-de-salesianos-malaga\/","og_locale":"es_ES","og_type":"article","og_title":"Foto en familia para el libro del 125 aniversario de Salesianos M\u00e1laga - Familia Salesiana | Salesianos M\u00e1laga","og_description":"El pr\u00f3ximo domingo 10 de junio a las 12:45h, despu\u00e9s de la Eucarist\u00eda, se realizar\u00e1 la foto de la Familia Salesiana para el libro del 125 aniversario de Salesianos M\u00e1laga.","og_url":"https:\/\/malaga.salesianos.edu\/familiasalesiana\/blog\/foto-en-familia-para-el-libro-del-125-aniversario-de-salesianos-malaga\/","og_site_name":"Familia Salesiana | Salesianos M\u00e1laga","article_published_time":"2018-06-03T22:10:07+00:00","article_modified_time":"2018-06-08T18:28:35+00:00","og_image":[{"width":1200,"height":795,"url":"https:\/\/malaga.salesianos.edu\/familiasalesiana\/wp-content\/uploads\/sites\/8\/2018\/06\/colegio2016.jpg","type":"image\/jpeg"}],"twitter_card":"summary_large_image","twitter_misc":{"Escrito por":"","Tiempo de lectura":"1 minuto"},"schema":{"@context":"https:\/\/schema.org","@graph":[{"@type":"Article","@id":"https:\/\/malaga.salesianos.edu\/familiasalesiana\/blog\/foto-en-familia-para-el-libro-del-125-aniversario-de-salesianos-malaga\/#article","isPartOf":{"@id":"https:\/\/malaga.salesianos.edu\/familiasalesiana\/blog\/foto-en-familia-para-el-libro-del-125-aniversario-de-salesianos-malaga\/"},"author":{"name":"","@id":""},"headline":"Foto en familia para el libro del 125 aniversario de Salesianos M\u00e1laga","datePublished":"2018-06-03T22:10:07+00:00","dateModified":"2018-06-08T18:28:35+00:00","mainEntityOfPage":{"@id":"https:\/\/malaga.salesianos.edu\/familiasalesiana\/blog\/foto-en-familia-para-el-libro-del-125-aniversario-de-salesianos-malaga\/"},"wordCount":231,"commentCount":0,"image":{"@id":"https:\/\/malaga.salesianos.edu\/familiasalesiana\/blog\/foto-en-familia-para-el-libro-del-125-aniversario-de-salesianos-malaga\/#primaryimage"},"thumbnailUrl":"https:\/\/malaga.salesianos.edu\/familiasalesiana\/wp-content\/uploads\/sites\/8\/2018\/06\/colegio2016.jpg","articleSection":["Casa","Destacado Casa","Familia Salesiana"],"inLanguage":"es","potentialAction":[{"@type":"CommentAction","name":"Comment","target":["https:\/\/malaga.salesianos.edu\/familiasalesiana\/blog\/foto-en-familia-para-el-libro-del-125-aniversario-de-salesianos-malaga\/#respond"]}]},{"@type":"WebPage","@id":"https:\/\/malaga.salesianos.edu\/familiasalesiana\/blog\/foto-en-familia-para-el-libro-del-125-aniversario-de-salesianos-malaga\/","url":"https:\/\/malaga.salesianos.edu\/familiasalesiana\/blog\/foto-en-familia-para-el-libro-del-125-aniversario-de-salesianos-malaga\/","name":"Foto en familia para el libro del 125 aniversario de Salesianos M\u00e1laga - Familia Salesiana | Salesianos M\u00e1laga","isPartOf":{"@id":"https:\/\/malaga.salesianos.edu\/familiasalesiana\/#website"},"primaryImageOfPage":{"@id":"https:\/\/malaga.salesianos.edu\/familiasalesiana\/blog\/foto-en-familia-para-el-libro-del-125-aniversario-de-salesianos-malaga\/#primaryimage"},"image":{"@id":"https:\/\/malaga.salesianos.edu\/familiasalesiana\/blog\/foto-en-familia-para-el-libro-del-125-aniversario-de-salesianos-malaga\/#primaryimage"},"thumbnailUrl":"https:\/\/malaga.salesianos.edu\/familiasalesiana\/wp-content\/uploads\/sites\/8\/2018\/06\/colegio2016.jpg","datePublished":"2018-06-03T22:10:07+00:00","dateModified":"2018-06-08T18:28:35+00:00","author":{"@id":""},"breadcrumb":{"@id":"https:\/\/malaga.salesianos.edu\/familiasalesiana\/blog\/foto-en-familia-para-el-libro-del-125-aniversario-de-salesianos-malaga\/#breadcrumb"},"inLanguage":"es","potentialAction":[{"@type":"ReadAction","target":["https:\/\/malaga.salesianos.edu\/familiasalesiana\/blog\/foto-en-familia-para-el-libro-del-125-aniversario-de-salesianos-malaga\/"]}]},{"@type":"ImageObject","inLanguage":"es","@id":"https:\/\/malaga.salesianos.edu\/familiasalesiana\/blog\/foto-en-familia-para-el-libro-del-125-aniversario-de-salesianos-malaga\/#primaryimage","url":"https:\/\/malaga.salesianos.edu\/familiasalesiana\/wp-content\/uploads\/sites\/8\/2018\/06\/colegio2016.jpg","contentUrl":"https:\/\/malaga.salesianos.edu\/familiasalesiana\/wp-content\/uploads\/sites\/8\/2018\/06\/colegio2016.jpg","width":1200,"height":795},{"@type":"BreadcrumbList","@id":"https:\/\/malaga.salesianos.edu\/familiasalesiana\/blog\/foto-en-familia-para-el-libro-del-125-aniversario-de-salesianos-malaga\/#breadcrumb","itemListElement":[{"@type":"ListItem","position":1,"name":"Portada","item":"https:\/\/malaga.salesianos.edu\/familiasalesiana\/"},{"@type":"ListItem","position":2,"name":"Foto en familia para el libro del 125 aniversario de Salesianos M\u00e1laga"}]},{"@type":"WebSite","@id":"https:\/\/malaga.salesianos.edu\/familiasalesiana\/#website","url":"https:\/\/malaga.salesianos.edu\/familiasalesiana\/","name":"Familia Salesiana | Salesianos M\u00e1laga","description":"Familia Salesiana | Salesianos M\u00e1laga, ADMA, Asociaci\u00f3n de antiguos alumnos, Hermandad Salesiana, Salesianos Cooperadores","potentialAction":[{"@type":"SearchAction","target":{"@type":"EntryPoint","urlTemplate":"https:\/\/malaga.salesianos.edu\/familiasalesiana\/?s={search_term_string}"},"query-input":{"@type":"PropertyValueSpecification","valueRequired":true,"valueName":"search_term_string"}}],"inLanguage":"es"},{"@type":"Person","@id":""}]}},"_links":{"self":[{"href":"https:\/\/malaga.salesianos.edu\/familiasalesiana\/wp-json\/wp\/v2\/posts\/8427","targetHints":{"allow":["GET"]}}],"collection":[{"href":"https:\/\/malaga.salesianos.edu\/familiasalesiana\/wp-json\/wp\/v2\/posts"}],"about":[{"href":"https:\/\/malaga.salesianos.edu\/familiasalesiana\/wp-json\/wp\/v2\/types\/post"}],"author":[{"embeddable":true,"href":"https:\/\/malaga.salesianos.edu\/familiasalesiana\/wp-json\/wp\/v2\/users\/11"}],"replies":[{"embeddable":true,"href":"https:\/\/malaga.salesianos.edu\/familiasalesiana\/wp-json\/wp\/v2\/comments?post=8427"}],"version-history":[{"count":9,"href":"https:\/\/malaga.salesianos.edu\/familiasalesiana\/wp-json\/wp\/v2\/posts\/8427\/revisions"}],"predecessor-version":[{"id":8437,"href":"https:\/\/malaga.salesianos.edu\/familiasalesiana\/wp-json\/wp\/v2\/posts\/8427\/revisions\/8437"}],"wp:featuredmedia":[{"embeddable":true,"href":"https:\/\/malaga.salesianos.edu\/familiasalesiana\/wp-json\/wp\/v2\/media\/8429"}],"wp:attachment":[{"href":"https:\/\/malaga.salesianos.edu\/familiasalesiana\/wp-json\/wp\/v2\/media?parent=8427"}],"wp:term":[{"taxonomy":"category","embeddable":true,"href":"https:\/\/malaga.salesianos.edu\/familiasalesiana\/wp-json\/wp\/v2\/categories?post=8427"},{"taxonomy":"post_tag","embeddable":true,"href":"https:\/\/malaga.salesianos.edu\/familiasalesiana\/wp-json\/wp\/v2\/tags?post=8427"}],"curies":[{"name":"wp","href":"https:\/\/api.w.org\/{rel}","templated":true}]}}