{"id":8358,"date":"2018-04-26T22:00:32","date_gmt":"2018-04-26T20:00:32","guid":{"rendered":"https:\/\/malaga.salesianos.edu\/familiasalesiana\/blog\/barcelona-horta-acogera-la-fiesta-de-la-comunidad-inspectorial-2018\/"},"modified":"2018-04-26T22:01:31","modified_gmt":"2018-04-26T20:01:31","slug":"barcelona-horta-acogera-la-fiesta-de-la-comunidad-inspectorial-2018","status":"publish","type":"post","link":"https:\/\/malaga.salesianos.edu\/familiasalesiana\/blog\/barcelona-horta-acogera-la-fiesta-de-la-comunidad-inspectorial-2018\/","title":{"rendered":"Barcelona Horta acoger\u00e1 la Fiesta de la Comunidad Inspectorial 2018"},"content":{"rendered":"<p>[et_pb_section bb_built=\u00bb1&#8243; admin_label=\u00bbsection\u00bb custom_padding=\u00bb2px|0px|54px|0px\u00bb][et_pb_row admin_label=\u00bbrow\u00bb background_position=\u00bbtop_left\u00bb background_repeat=\u00bbrepeat\u00bb background_size=\u00bbinitial\u00bb][et_pb_column type=\u00bb4_4&#8243;][et_pb_text admin_label=\u00bbAutor\u00bb use_border_color=\u00bboff\u00bb border_color=\u00bb#ffffff\u00bb border_style=\u00bbsolid\u00bb _builder_version=\u00bb3.2&#8243;]<\/p>\n<p>Por\u00a0Carlos Mart\u00edn<\/p>\n<p>[\/et_pb_text][et_pb_text admin_label=\u00bbEntradilla\u00bb text_font=\u00bb|on|||\u00bb text_orientation=\u00bbjustified\u00bb use_border_color=\u00bboff\u00bb border_color=\u00bb#ffffff\u00bb border_style=\u00bbsolid\u00bb _builder_version=\u00bb3.2&#8243;]<\/p>\n<p><em><strong>El momento servir\u00e1 como inicio del servicio como inspector de \u00c1ngel Asurmendi y como agradecimiento a los salesianos que cumplen 25 y 50 a\u00f1os de profesi\u00f3n o sacerdocio, entre los que se encuentra el director de Salesianos M\u00e1laga, D. Antonio Gil, que cumple 50 a\u00f1os de sacerdocio.<\/strong><\/em><\/p>\n<hr \/>\n<p>[\/et_pb_text][et_pb_text admin_label=\u00bbDesarrollo\u00bb text_orientation=\u00bbjustified\u00bb use_border_color=\u00bboff\u00bb _builder_version=\u00bb3.2&#8243;]<\/p>\n<div>\n<p>La casa salesiana de Horta abrir\u00e1 sus puertas el pr\u00f3ximo 5 de mayo para acoger a los salesianos procedentes de las distintas presencias salesianas de la Inspector\u00eda Salesiana Mar\u00eda Auxiliadora en la celebraci\u00f3n de Fiesta de la Comunidad Inspectorial 2018.<\/p>\n<p>Tras las ediciones celebradas en Valencia-San Antonio Abad, Utrera y Villena, le llega el turno a la ciudad de Barcelona como anfitriona en una jornada que servir\u00e1 para celebrar el\u00a0<a href=\"https:\/\/salesianos.edu\/Articulos\/10264\/1\/1\/Primeras-impresiones-de-ngel-Asurmendi-Mart-nez-nuevo-superior-de-la-Inspector-a-Mar-a-Auxiliadora\">inicio del servicio como Inspector de \u00c1ngel Asurmendi Mart\u00ednez, tras el nombramiento el pasado 28 de marzo<\/a>.\u00a0A partir de las 12:15 tendr\u00e1 lugar la Eucarist\u00eda de inicio del servicio que ser\u00e1 presidida por Francesco Cereda, vicario del Rector Mayor.<\/p>\n<p>La jornada tambi\u00e9n tendr\u00e1 un momento para agradecer los 25 y 50 a\u00f1os de profesi\u00f3n o sacerdocio de un grupo de 25 salesianos de la inspector\u00eda, <strong>entre los que se encuentra el director de Salesianos M\u00e1laga, D. Antonio Gil, que cumple 50 a\u00f1os de sacerdocio<\/strong>.<\/p>\n<p>Adem\u00e1s, se homenajea en dicho acto a la casa salesiana de Sevilla-Trinidad que celebra su 125 aniversario durante este curso.<\/p>\n<p>La nota festiva de la jornada la pondr\u00e1 la exhibici\u00f3n de Castellers y la tradicional foto de familia con la que se cerrar\u00e1 la ma\u00f1ana.<\/p>\n<\/div>\n<div><\/div>\n<blockquote>\n<h3><strong>Galer\u00eda de im\u00e1genes:<\/strong><\/h3>\n<\/blockquote>\n<p>[\/et_pb_text][et_pb_gallery gallery_ids=\u00bb13543,13542&#8243; posts_number=\u00bb8&#8243; show_title_and_caption=\u00bboff\u00bb zoom_icon_color=\u00bb#d12525&#8243; hover_overlay_color=\u00bbrgba(255,255,255,0.9)\u00bb use_border_color=\u00bboff\u00bb border_color=\u00bb#ffffff\u00bb border_style=\u00bbsolid\u00bb _builder_version=\u00bb3.2&#8243; \/][\/et_pb_column][\/et_pb_row][\/et_pb_section]<\/p>\n","protected":false},"excerpt":{"rendered":"<p>El momento servir\u00e1 como inicio del servicio como inspector de \u00c1ngel Asurmendi y como agradecimiento a D. Antonio Gil, director de Salesianos M\u00e1laga, que cumple 50 a\u00f1os de sacerdocio.<\/p>\n","protected":false},"author":2,"featured_media":8359,"comment_status":"open","ping_status":"open","sticky":false,"template":"","format":"standard","meta":{"_et_pb_use_builder":"on","_et_pb_old_content":"","_et_gb_content_width":"","footnotes":""},"categories":[113,101],"tags":[39],"class_list":["post-8358","post","type-post","status-publish","format-standard","has-post-thumbnail","hentry","category-casa","category-familia-salesiana","tag-familia-salesiana"],"yoast_head":"<!-- This site is optimized with the Yoast SEO plugin v28.3 - https:\/\/yoast.com\/product\/yoast-seo-wordpress\/ -->\n<title>Barcelona Horta acoger\u00e1 la Fiesta de la Comunidad Inspectorial 2018 - Familia Salesiana | Salesianos M\u00e1laga<\/title>\n<meta name=\"robots\" content=\"index, follow, max-snippet:-1, max-image-preview:large, max-video-preview:-1\" \/>\n<link rel=\"canonical\" href=\"https:\/\/malaga.salesianos.edu\/familiasalesiana\/blog\/barcelona-horta-acogera-la-fiesta-de-la-comunidad-inspectorial-2018\/\" \/>\n<meta property=\"og:locale\" content=\"es_ES\" \/>\n<meta property=\"og:type\" content=\"article\" \/>\n<meta property=\"og:title\" content=\"Barcelona Horta acoger\u00e1 la Fiesta de la Comunidad Inspectorial 2018 - Familia Salesiana | Salesianos M\u00e1laga\" \/>\n<meta property=\"og:description\" content=\"El momento servir\u00e1 como inicio del servicio como inspector de \u00c1ngel Asurmendi y como agradecimiento a D. Antonio Gil, director de Salesianos M\u00e1laga, que cumple 50 a\u00f1os de sacerdocio.\" \/>\n<meta property=\"og:url\" content=\"https:\/\/malaga.salesianos.edu\/familiasalesiana\/blog\/barcelona-horta-acogera-la-fiesta-de-la-comunidad-inspectorial-2018\/\" \/>\n<meta property=\"og:site_name\" content=\"Familia Salesiana | Salesianos M\u00e1laga\" \/>\n<meta property=\"article:published_time\" content=\"2018-04-26T20:00:32+00:00\" \/>\n<meta property=\"article:modified_time\" content=\"2018-04-26T20:01:31+00:00\" \/>\n<meta property=\"og:image\" content=\"https:\/\/malaga.salesianos.edu\/familiasalesiana\/wp-content\/uploads\/sites\/8\/2018\/04\/CartelFiestaInsp_v3_A4_web_r.jpg\" \/>\n\t<meta property=\"og:image:width\" content=\"743\" \/>\n\t<meta property=\"og:image:height\" content=\"545\" \/>\n\t<meta property=\"og:image:type\" content=\"image\/jpeg\" \/>\n<meta name=\"author\" content=\"Comunicaci\u00f3n MLG\" \/>\n<meta name=\"twitter:card\" content=\"summary_large_image\" \/>\n<meta name=\"twitter:label1\" content=\"Escrito por\" \/>\n\t<meta name=\"twitter:data1\" content=\"Comunicaci\u00f3n MLG\" \/>\n\t<meta name=\"twitter:label2\" content=\"Tiempo de lectura\" \/>\n\t<meta name=\"twitter:data2\" content=\"2 minutos\" \/>\n<script type=\"application\/ld+json\" class=\"yoast-schema-graph\">{\"@context\":\"https:\\\/\\\/schema.org\",\"@graph\":[{\"@type\":\"Article\",\"@id\":\"https:\\\/\\\/malaga.salesianos.edu\\\/familiasalesiana\\\/blog\\\/barcelona-horta-acogera-la-fiesta-de-la-comunidad-inspectorial-2018\\\/#article\",\"isPartOf\":{\"@id\":\"https:\\\/\\\/malaga.salesianos.edu\\\/familiasalesiana\\\/blog\\\/barcelona-horta-acogera-la-fiesta-de-la-comunidad-inspectorial-2018\\\/\"},\"author\":{\"name\":\"Comunicaci\u00f3n MLG\",\"@id\":\"https:\\\/\\\/malaga.salesianos.edu\\\/familiasalesiana\\\/#\\\/schema\\\/person\\\/fd7e7b338b40e1c817a659fe5fce718b\"},\"headline\":\"Barcelona Horta acoger\u00e1 la Fiesta de la Comunidad Inspectorial 2018\",\"datePublished\":\"2018-04-26T20:00:32+00:00\",\"dateModified\":\"2018-04-26T20:01:31+00:00\",\"mainEntityOfPage\":{\"@id\":\"https:\\\/\\\/malaga.salesianos.edu\\\/familiasalesiana\\\/blog\\\/barcelona-horta-acogera-la-fiesta-de-la-comunidad-inspectorial-2018\\\/\"},\"wordCount\":413,\"commentCount\":0,\"image\":{\"@id\":\"https:\\\/\\\/malaga.salesianos.edu\\\/familiasalesiana\\\/blog\\\/barcelona-horta-acogera-la-fiesta-de-la-comunidad-inspectorial-2018\\\/#primaryimage\"},\"thumbnailUrl\":\"https:\\\/\\\/malaga.salesianos.edu\\\/familiasalesiana\\\/wp-content\\\/uploads\\\/sites\\\/8\\\/2018\\\/04\\\/CartelFiestaInsp_v3_A4_web_r.jpg\",\"keywords\":[\"Familia Salesiana\"],\"articleSection\":[\"Casa\",\"Familia Salesiana\"],\"inLanguage\":\"es\",\"potentialAction\":[{\"@type\":\"CommentAction\",\"name\":\"Comment\",\"target\":[\"https:\\\/\\\/malaga.salesianos.edu\\\/familiasalesiana\\\/blog\\\/barcelona-horta-acogera-la-fiesta-de-la-comunidad-inspectorial-2018\\\/#respond\"]}]},{\"@type\":\"WebPage\",\"@id\":\"https:\\\/\\\/malaga.salesianos.edu\\\/familiasalesiana\\\/blog\\\/barcelona-horta-acogera-la-fiesta-de-la-comunidad-inspectorial-2018\\\/\",\"url\":\"https:\\\/\\\/malaga.salesianos.edu\\\/familiasalesiana\\\/blog\\\/barcelona-horta-acogera-la-fiesta-de-la-comunidad-inspectorial-2018\\\/\",\"name\":\"Barcelona Horta acoger\u00e1 la Fiesta de la Comunidad Inspectorial 2018 - Familia Salesiana | Salesianos M\u00e1laga\",\"isPartOf\":{\"@id\":\"https:\\\/\\\/malaga.salesianos.edu\\\/familiasalesiana\\\/#website\"},\"primaryImageOfPage\":{\"@id\":\"https:\\\/\\\/malaga.salesianos.edu\\\/familiasalesiana\\\/blog\\\/barcelona-horta-acogera-la-fiesta-de-la-comunidad-inspectorial-2018\\\/#primaryimage\"},\"image\":{\"@id\":\"https:\\\/\\\/malaga.salesianos.edu\\\/familiasalesiana\\\/blog\\\/barcelona-horta-acogera-la-fiesta-de-la-comunidad-inspectorial-2018\\\/#primaryimage\"},\"thumbnailUrl\":\"https:\\\/\\\/malaga.salesianos.edu\\\/familiasalesiana\\\/wp-content\\\/uploads\\\/sites\\\/8\\\/2018\\\/04\\\/CartelFiestaInsp_v3_A4_web_r.jpg\",\"datePublished\":\"2018-04-26T20:00:32+00:00\",\"dateModified\":\"2018-04-26T20:01:31+00:00\",\"author\":{\"@id\":\"https:\\\/\\\/malaga.salesianos.edu\\\/familiasalesiana\\\/#\\\/schema\\\/person\\\/fd7e7b338b40e1c817a659fe5fce718b\"},\"breadcrumb\":{\"@id\":\"https:\\\/\\\/malaga.salesianos.edu\\\/familiasalesiana\\\/blog\\\/barcelona-horta-acogera-la-fiesta-de-la-comunidad-inspectorial-2018\\\/#breadcrumb\"},\"inLanguage\":\"es\",\"potentialAction\":[{\"@type\":\"ReadAction\",\"target\":[\"https:\\\/\\\/malaga.salesianos.edu\\\/familiasalesiana\\\/blog\\\/barcelona-horta-acogera-la-fiesta-de-la-comunidad-inspectorial-2018\\\/\"]}]},{\"@type\":\"ImageObject\",\"inLanguage\":\"es\",\"@id\":\"https:\\\/\\\/malaga.salesianos.edu\\\/familiasalesiana\\\/blog\\\/barcelona-horta-acogera-la-fiesta-de-la-comunidad-inspectorial-2018\\\/#primaryimage\",\"url\":\"https:\\\/\\\/malaga.salesianos.edu\\\/familiasalesiana\\\/wp-content\\\/uploads\\\/sites\\\/8\\\/2018\\\/04\\\/CartelFiestaInsp_v3_A4_web_r.jpg\",\"contentUrl\":\"https:\\\/\\\/malaga.salesianos.edu\\\/familiasalesiana\\\/wp-content\\\/uploads\\\/sites\\\/8\\\/2018\\\/04\\\/CartelFiestaInsp_v3_A4_web_r.jpg\",\"width\":743,\"height\":545},{\"@type\":\"BreadcrumbList\",\"@id\":\"https:\\\/\\\/malaga.salesianos.edu\\\/familiasalesiana\\\/blog\\\/barcelona-horta-acogera-la-fiesta-de-la-comunidad-inspectorial-2018\\\/#breadcrumb\",\"itemListElement\":[{\"@type\":\"ListItem\",\"position\":1,\"name\":\"Portada\",\"item\":\"https:\\\/\\\/malaga.salesianos.edu\\\/familiasalesiana\\\/\"},{\"@type\":\"ListItem\",\"position\":2,\"name\":\"Barcelona Horta acoger\u00e1 la Fiesta de la Comunidad Inspectorial 2018\"}]},{\"@type\":\"WebSite\",\"@id\":\"https:\\\/\\\/malaga.salesianos.edu\\\/familiasalesiana\\\/#website\",\"url\":\"https:\\\/\\\/malaga.salesianos.edu\\\/familiasalesiana\\\/\",\"name\":\"Familia Salesiana | Salesianos M\u00e1laga\",\"description\":\"Familia Salesiana | Salesianos M\u00e1laga, ADMA, Asociaci\u00f3n de antiguos alumnos, Hermandad Salesiana, Salesianos Cooperadores\",\"potentialAction\":[{\"@type\":\"SearchAction\",\"target\":{\"@type\":\"EntryPoint\",\"urlTemplate\":\"https:\\\/\\\/malaga.salesianos.edu\\\/familiasalesiana\\\/?s={search_term_string}\"},\"query-input\":{\"@type\":\"PropertyValueSpecification\",\"valueRequired\":true,\"valueName\":\"search_term_string\"}}],\"inLanguage\":\"es\"},{\"@type\":\"Person\",\"@id\":\"https:\\\/\\\/malaga.salesianos.edu\\\/familiasalesiana\\\/#\\\/schema\\\/person\\\/fd7e7b338b40e1c817a659fe5fce718b\",\"name\":\"Comunicaci\u00f3n MLG\",\"image\":{\"@type\":\"ImageObject\",\"inLanguage\":\"es\",\"@id\":\"https:\\\/\\\/secure.gravatar.com\\\/avatar\\\/2ce5c66be6c7ab6b098b2ac29099a68d1cdb824afbb8aadf744614ce719778ff?s=96&d=mm&r=g\",\"url\":\"https:\\\/\\\/secure.gravatar.com\\\/avatar\\\/2ce5c66be6c7ab6b098b2ac29099a68d1cdb824afbb8aadf744614ce719778ff?s=96&d=mm&r=g\",\"contentUrl\":\"https:\\\/\\\/secure.gravatar.com\\\/avatar\\\/2ce5c66be6c7ab6b098b2ac29099a68d1cdb824afbb8aadf744614ce719778ff?s=96&d=mm&r=g\",\"caption\":\"Comunicaci\u00f3n MLG\"}}]}<\/script>\n<!-- \/ Yoast SEO plugin. -->","yoast_head_json":{"title":"Barcelona Horta acoger\u00e1 la Fiesta de la Comunidad Inspectorial 2018 - Familia Salesiana | Salesianos M\u00e1laga","robots":{"index":"index","follow":"follow","max-snippet":"max-snippet:-1","max-image-preview":"max-image-preview:large","max-video-preview":"max-video-preview:-1"},"canonical":"https:\/\/malaga.salesianos.edu\/familiasalesiana\/blog\/barcelona-horta-acogera-la-fiesta-de-la-comunidad-inspectorial-2018\/","og_locale":"es_ES","og_type":"article","og_title":"Barcelona Horta acoger\u00e1 la Fiesta de la Comunidad Inspectorial 2018 - Familia Salesiana | Salesianos M\u00e1laga","og_description":"El momento servir\u00e1 como inicio del servicio como inspector de \u00c1ngel Asurmendi y como agradecimiento a D. Antonio Gil, director de Salesianos M\u00e1laga, que cumple 50 a\u00f1os de sacerdocio.","og_url":"https:\/\/malaga.salesianos.edu\/familiasalesiana\/blog\/barcelona-horta-acogera-la-fiesta-de-la-comunidad-inspectorial-2018\/","og_site_name":"Familia Salesiana | Salesianos M\u00e1laga","article_published_time":"2018-04-26T20:00:32+00:00","article_modified_time":"2018-04-26T20:01:31+00:00","og_image":[{"width":743,"height":545,"url":"https:\/\/malaga.salesianos.edu\/familiasalesiana\/wp-content\/uploads\/sites\/8\/2018\/04\/CartelFiestaInsp_v3_A4_web_r.jpg","type":"image\/jpeg"}],"author":"Comunicaci\u00f3n MLG","twitter_card":"summary_large_image","twitter_misc":{"Escrito por":"Comunicaci\u00f3n MLG","Tiempo de lectura":"2 minutos"},"schema":{"@context":"https:\/\/schema.org","@graph":[{"@type":"Article","@id":"https:\/\/malaga.salesianos.edu\/familiasalesiana\/blog\/barcelona-horta-acogera-la-fiesta-de-la-comunidad-inspectorial-2018\/#article","isPartOf":{"@id":"https:\/\/malaga.salesianos.edu\/familiasalesiana\/blog\/barcelona-horta-acogera-la-fiesta-de-la-comunidad-inspectorial-2018\/"},"author":{"name":"Comunicaci\u00f3n MLG","@id":"https:\/\/malaga.salesianos.edu\/familiasalesiana\/#\/schema\/person\/fd7e7b338b40e1c817a659fe5fce718b"},"headline":"Barcelona Horta acoger\u00e1 la Fiesta de la Comunidad Inspectorial 2018","datePublished":"2018-04-26T20:00:32+00:00","dateModified":"2018-04-26T20:01:31+00:00","mainEntityOfPage":{"@id":"https:\/\/malaga.salesianos.edu\/familiasalesiana\/blog\/barcelona-horta-acogera-la-fiesta-de-la-comunidad-inspectorial-2018\/"},"wordCount":413,"commentCount":0,"image":{"@id":"https:\/\/malaga.salesianos.edu\/familiasalesiana\/blog\/barcelona-horta-acogera-la-fiesta-de-la-comunidad-inspectorial-2018\/#primaryimage"},"thumbnailUrl":"https:\/\/malaga.salesianos.edu\/familiasalesiana\/wp-content\/uploads\/sites\/8\/2018\/04\/CartelFiestaInsp_v3_A4_web_r.jpg","keywords":["Familia Salesiana"],"articleSection":["Casa","Familia Salesiana"],"inLanguage":"es","potentialAction":[{"@type":"CommentAction","name":"Comment","target":["https:\/\/malaga.salesianos.edu\/familiasalesiana\/blog\/barcelona-horta-acogera-la-fiesta-de-la-comunidad-inspectorial-2018\/#respond"]}]},{"@type":"WebPage","@id":"https:\/\/malaga.salesianos.edu\/familiasalesiana\/blog\/barcelona-horta-acogera-la-fiesta-de-la-comunidad-inspectorial-2018\/","url":"https:\/\/malaga.salesianos.edu\/familiasalesiana\/blog\/barcelona-horta-acogera-la-fiesta-de-la-comunidad-inspectorial-2018\/","name":"Barcelona Horta acoger\u00e1 la Fiesta de la Comunidad Inspectorial 2018 - Familia Salesiana | Salesianos M\u00e1laga","isPartOf":{"@id":"https:\/\/malaga.salesianos.edu\/familiasalesiana\/#website"},"primaryImageOfPage":{"@id":"https:\/\/malaga.salesianos.edu\/familiasalesiana\/blog\/barcelona-horta-acogera-la-fiesta-de-la-comunidad-inspectorial-2018\/#primaryimage"},"image":{"@id":"https:\/\/malaga.salesianos.edu\/familiasalesiana\/blog\/barcelona-horta-acogera-la-fiesta-de-la-comunidad-inspectorial-2018\/#primaryimage"},"thumbnailUrl":"https:\/\/malaga.salesianos.edu\/familiasalesiana\/wp-content\/uploads\/sites\/8\/2018\/04\/CartelFiestaInsp_v3_A4_web_r.jpg","datePublished":"2018-04-26T20:00:32+00:00","dateModified":"2018-04-26T20:01:31+00:00","author":{"@id":"https:\/\/malaga.salesianos.edu\/familiasalesiana\/#\/schema\/person\/fd7e7b338b40e1c817a659fe5fce718b"},"breadcrumb":{"@id":"https:\/\/malaga.salesianos.edu\/familiasalesiana\/blog\/barcelona-horta-acogera-la-fiesta-de-la-comunidad-inspectorial-2018\/#breadcrumb"},"inLanguage":"es","potentialAction":[{"@type":"ReadAction","target":["https:\/\/malaga.salesianos.edu\/familiasalesiana\/blog\/barcelona-horta-acogera-la-fiesta-de-la-comunidad-inspectorial-2018\/"]}]},{"@type":"ImageObject","inLanguage":"es","@id":"https:\/\/malaga.salesianos.edu\/familiasalesiana\/blog\/barcelona-horta-acogera-la-fiesta-de-la-comunidad-inspectorial-2018\/#primaryimage","url":"https:\/\/malaga.salesianos.edu\/familiasalesiana\/wp-content\/uploads\/sites\/8\/2018\/04\/CartelFiestaInsp_v3_A4_web_r.jpg","contentUrl":"https:\/\/malaga.salesianos.edu\/familiasalesiana\/wp-content\/uploads\/sites\/8\/2018\/04\/CartelFiestaInsp_v3_A4_web_r.jpg","width":743,"height":545},{"@type":"BreadcrumbList","@id":"https:\/\/malaga.salesianos.edu\/familiasalesiana\/blog\/barcelona-horta-acogera-la-fiesta-de-la-comunidad-inspectorial-2018\/#breadcrumb","itemListElement":[{"@type":"ListItem","position":1,"name":"Portada","item":"https:\/\/malaga.salesianos.edu\/familiasalesiana\/"},{"@type":"ListItem","position":2,"name":"Barcelona Horta acoger\u00e1 la Fiesta de la Comunidad Inspectorial 2018"}]},{"@type":"WebSite","@id":"https:\/\/malaga.salesianos.edu\/familiasalesiana\/#website","url":"https:\/\/malaga.salesianos.edu\/familiasalesiana\/","name":"Familia Salesiana | Salesianos M\u00e1laga","description":"Familia Salesiana | Salesianos M\u00e1laga, ADMA, Asociaci\u00f3n de antiguos alumnos, Hermandad Salesiana, Salesianos Cooperadores","potentialAction":[{"@type":"SearchAction","target":{"@type":"EntryPoint","urlTemplate":"https:\/\/malaga.salesianos.edu\/familiasalesiana\/?s={search_term_string}"},"query-input":{"@type":"PropertyValueSpecification","valueRequired":true,"valueName":"search_term_string"}}],"inLanguage":"es"},{"@type":"Person","@id":"https:\/\/malaga.salesianos.edu\/familiasalesiana\/#\/schema\/person\/fd7e7b338b40e1c817a659fe5fce718b","name":"Comunicaci\u00f3n MLG","image":{"@type":"ImageObject","inLanguage":"es","@id":"https:\/\/secure.gravatar.com\/avatar\/2ce5c66be6c7ab6b098b2ac29099a68d1cdb824afbb8aadf744614ce719778ff?s=96&d=mm&r=g","url":"https:\/\/secure.gravatar.com\/avatar\/2ce5c66be6c7ab6b098b2ac29099a68d1cdb824afbb8aadf744614ce719778ff?s=96&d=mm&r=g","contentUrl":"https:\/\/secure.gravatar.com\/avatar\/2ce5c66be6c7ab6b098b2ac29099a68d1cdb824afbb8aadf744614ce719778ff?s=96&d=mm&r=g","caption":"Comunicaci\u00f3n MLG"}}]}},"_links":{"self":[{"href":"https:\/\/malaga.salesianos.edu\/familiasalesiana\/wp-json\/wp\/v2\/posts\/8358","targetHints":{"allow":["GET"]}}],"collection":[{"href":"https:\/\/malaga.salesianos.edu\/familiasalesiana\/wp-json\/wp\/v2\/posts"}],"about":[{"href":"https:\/\/malaga.salesianos.edu\/familiasalesiana\/wp-json\/wp\/v2\/types\/post"}],"author":[{"embeddable":true,"href":"https:\/\/malaga.salesianos.edu\/familiasalesiana\/wp-json\/wp\/v2\/users\/2"}],"replies":[{"embeddable":true,"href":"https:\/\/malaga.salesianos.edu\/familiasalesiana\/wp-json\/wp\/v2\/comments?post=8358"}],"version-history":[{"count":2,"href":"https:\/\/malaga.salesianos.edu\/familiasalesiana\/wp-json\/wp\/v2\/posts\/8358\/revisions"}],"predecessor-version":[{"id":8361,"href":"https:\/\/malaga.salesianos.edu\/familiasalesiana\/wp-json\/wp\/v2\/posts\/8358\/revisions\/8361"}],"wp:featuredmedia":[{"embeddable":true,"href":"https:\/\/malaga.salesianos.edu\/familiasalesiana\/wp-json\/wp\/v2\/media\/8359"}],"wp:attachment":[{"href":"https:\/\/malaga.salesianos.edu\/familiasalesiana\/wp-json\/wp\/v2\/media?parent=8358"}],"wp:term":[{"taxonomy":"category","embeddable":true,"href":"https:\/\/malaga.salesianos.edu\/familiasalesiana\/wp-json\/wp\/v2\/categories?post=8358"},{"taxonomy":"post_tag","embeddable":true,"href":"https:\/\/malaga.salesianos.edu\/familiasalesiana\/wp-json\/wp\/v2\/tags?post=8358"}],"curies":[{"name":"wp","href":"https:\/\/api.w.org\/{rel}","templated":true}]}}