{"id":8323,"date":"2018-04-23T22:13:55","date_gmt":"2018-04-23T20:13:55","guid":{"rendered":"https:\/\/malaga.salesianos.edu\/familiasalesiana\/blog\/noticias-y-agradecimientos\/"},"modified":"2018-04-23T22:13:57","modified_gmt":"2018-04-23T20:13:57","slug":"noticias-y-agradecimientos","status":"publish","type":"post","link":"https:\/\/malaga.salesianos.edu\/familiasalesiana\/blog\/noticias-y-agradecimientos\/","title":{"rendered":"Noticias y agradecimientos"},"content":{"rendered":"<p>[et_pb_section bb_built=\u00bb1&#8243; admin_label=\u00bbsection\u00bb custom_padding=\u00bb2px|0px|54px|0px\u00bb][et_pb_row admin_label=\u00bbrow\u00bb][et_pb_column type=\u00bb4_4&#8243;][et_pb_text admin_label=\u00bbAutor\u00bb use_border_color=\u00bboff\u00bb border_color=\u00bb#ffffff\u00bb border_style=\u00bbsolid\u00bb _builder_version=\u00bb3.1.1&#8243;]<\/p>\n<p>Por\u00a0Antonio Gil<\/p>\n<p>[\/et_pb_text][et_pb_text admin_label=\u00bbEntradilla\u00bb text_font=\u00bb|on|||\u00bb text_orientation=\u00bbjustified\u00bb use_border_color=\u00bboff\u00bb border_color=\u00bb#ffffff\u00bb border_style=\u00bbsolid\u00bb _builder_version=\u00bb3.1.1&#8243;]<\/p>\n<p><em><strong>Cuando el curso va avanzando hacia un desenlace que no dudamos ser\u00e1 feliz, comparto algunas buenas noticias con toda nuestra gran Familia Salesiana.<\/strong><\/em><\/p>\n<hr \/>\n<p>[\/et_pb_text][et_pb_text admin_label=\u00bbDesarrollo\u00bb text_orientation=\u00bbjustified\u00bb use_border_color=\u00bboff\u00bb border_color=\u00bb#ffffff\u00bb border_style=\u00bbsolid\u00bb _builder_version=\u00bb3.1.1&#8243;]<\/p>\n<div id=\"attachment_2072\" style=\"width: 290px\" class=\"wp-caption alignright\"><img loading=\"lazy\" decoding=\"async\" aria-describedby=\"caption-attachment-2072\" class=\"wp-image-8324 size-medium\" src=\"https:\/\/malaga.salesianos.edu\/familiasalesiana\/wp-content\/uploads\/sites\/8\/2018\/04\/Antonio_Gil-e1524509227536-280x300.jpg\" alt=\"\" width=\"280\" height=\"300\" \/><p id=\"caption-attachment-2072\" class=\"wp-caption-text\">D. Antonio Gil Prieto SDB, director de la Casa Salesiana de M\u00e1laga.<\/p><\/div>\n<p>Cuando ya el curso va avanzando hacia un desenlace que no dudamos ser\u00e1 feliz, se acerca, adem\u00e1s, el siempre ilusionante mes de mayo y trabajamos con tanta ilusi\u00f3n, en bien especialmente de nuestros ni\u00f1os y j\u00f3venes, qu\u00e9 suerte poder ser portador de <strong>buenas noticias<\/strong>. Comparto algunas con toda nuestra gran Familia Salesiana.<\/p>\n<ul>\n<li>Las <strong>5 nuevas PROMESAS de SSCC <\/strong>en nuestra casa \u00a1Enhorabuena!<\/li>\n<li>Las <strong>solicitudes de alumnos<\/strong> nuevos muy por encima de nuestra oferta. Gracias al trabajo del Claustro y a tantas familias.<\/li>\n<li>La alegr\u00eda de un pr\u00f3ximo <strong>mes de mayo lleno de vida en torno a Mar\u00eda Auxiliadora<\/strong>: Besamanos (4,5,6) \u2013 Solemne Novena (15-23) \u2013 Magna Procesi\u00f3n de V\u00edrgenes Coronadas (26)<\/li>\n<li>Pr\u00f3ximaS <strong>ORDENACI\u00d3NES SACERDOTALES<\/strong> de nuestro hermano joven <strong>JOS\u00c9 CARLOS L\u00d3PEZ<\/strong>. Ser\u00e1 el 9 de junio a las 18hs en SEVILLA, Bas\u00edlica de Mar\u00eda Auxiliadora y de JUAN BAENA el 30 de junio y que presidir\u00e1 el 1 de julio a las 20.30 la CELEBRACI\u00d3N en nuestro Santuario Mar\u00eda Auxiliadora<\/li>\n<li><strong>50 a\u00f1os de sacerdote<\/strong> del Director<\/li>\n<li><strong>La presencia de la Imagen de la Divina Pastora <\/strong>que estar\u00e1 entre nosotros hasta el 3 de mayo<\/li>\n<\/ul>\n<p><strong>Agradecimientos<\/strong><\/p>\n<ul>\n<li>A los que hac\u00e9is <strong>viva nuestra WEB<\/strong>, con arte y constancia atentos al d\u00eda a d\u00eda.<\/li>\n<li>A todo el <strong>profesorado, equipos, PAS, <\/strong>por su entrega generosa (proyectos, planes, biling\u00fcismo\u2026)<strong>.<\/strong><\/li>\n<li><strong>Al COS<\/strong> (<strong>C<\/strong>onsejo de la <strong>O<\/strong>bra <strong>S<\/strong>alesiana) por ayudar a mantener viva y fuerte la Vida de nuestra Presencia.<\/li>\n<li>A los <strong>Grupos de la Familia Salesiana<\/strong> que sigue aportando riqueza con su compromiso creyente salesiano<\/li>\n<li>A las fuerzas vivas de la <strong>oferta de Catequesis <\/strong>para tantos ni\u00f1os y familias<\/li>\n<li>A los <strong>animadores de Grupos de Fe y de la Eucarist\u00eda<\/strong> en Familia<\/li>\n<\/ul>\n<p>Sigamos caminando juntos haciendo crecer los lazos de nuestra amplia familia, poniendo a contribuci\u00f3n todos nuestros recursos, con la ayuda del Se\u00f1or, bendecidos por el Auxilia de Mar\u00eda y el empuje siempre arrollador de nuestro D. Bosco: \u00a1SIEMPRE ADELANTE!<\/p>\n<p>Gracias a tod@s con mi sincero abrazo<\/p>\n<p><strong>Antonio,<\/strong><\/p>\n<p><strong>Director<\/strong><\/p>\n<p>[\/et_pb_text][\/et_pb_column][\/et_pb_row][\/et_pb_section]<\/p>\n","protected":false},"excerpt":{"rendered":"<p>Cuando el curso va avanzando hacia un desenlace que no dudamos ser\u00e1 feliz, comparto algunas buenas noticias con toda nuestra gran Familia Salesiana.<\/p>\n","protected":false},"author":2,"featured_media":8326,"comment_status":"open","ping_status":"open","sticky":false,"template":"","format":"standard","meta":{"_et_pb_use_builder":"on","_et_pb_old_content":"","_et_gb_content_width":"","footnotes":""},"categories":[113,101],"tags":[158,39],"class_list":["post-8323","post","type-post","status-publish","format-standard","has-post-thumbnail","hentry","category-casa","category-familia-salesiana","tag-comunicado","tag-familia-salesiana"],"yoast_head":"<!-- This site is optimized with the Yoast SEO plugin v28.3 - https:\/\/yoast.com\/product\/yoast-seo-wordpress\/ -->\n<title>Noticias y agradecimientos - Familia Salesiana | Salesianos M\u00e1laga<\/title>\n<meta name=\"robots\" content=\"index, follow, max-snippet:-1, max-image-preview:large, max-video-preview:-1\" \/>\n<link rel=\"canonical\" href=\"https:\/\/malaga.salesianos.edu\/familiasalesiana\/blog\/noticias-y-agradecimientos\/\" \/>\n<meta property=\"og:locale\" content=\"es_ES\" \/>\n<meta property=\"og:type\" content=\"article\" \/>\n<meta property=\"og:title\" content=\"Noticias y agradecimientos - Familia Salesiana | Salesianos M\u00e1laga\" \/>\n<meta property=\"og:description\" content=\"Cuando el curso va avanzando hacia un desenlace que no dudamos ser\u00e1 feliz, comparto algunas buenas noticias con toda nuestra gran Familia Salesiana.\" \/>\n<meta property=\"og:url\" content=\"https:\/\/malaga.salesianos.edu\/familiasalesiana\/blog\/noticias-y-agradecimientos\/\" \/>\n<meta property=\"og:site_name\" content=\"Familia Salesiana | Salesianos M\u00e1laga\" \/>\n<meta property=\"article:published_time\" content=\"2018-04-23T20:13:55+00:00\" \/>\n<meta property=\"article:modified_time\" content=\"2018-04-23T20:13:57+00:00\" \/>\n<meta property=\"og:image\" content=\"https:\/\/malaga.salesianos.edu\/familiasalesiana\/wp-content\/uploads\/sites\/8\/2018\/04\/Don_Bosco_malaga_2.jpg\" \/>\n\t<meta property=\"og:image:width\" content=\"1\" \/>\n\t<meta property=\"og:image:height\" content=\"1\" \/>\n\t<meta property=\"og:image:type\" content=\"image\/jpeg\" \/>\n<meta name=\"author\" content=\"Comunicaci\u00f3n MLG\" \/>\n<meta name=\"twitter:card\" content=\"summary_large_image\" \/>\n<meta name=\"twitter:label1\" content=\"Escrito por\" \/>\n\t<meta name=\"twitter:data1\" content=\"Comunicaci\u00f3n MLG\" \/>\n\t<meta name=\"twitter:label2\" content=\"Tiempo de lectura\" \/>\n\t<meta name=\"twitter:data2\" content=\"2 minutos\" \/>\n<script type=\"application\/ld+json\" class=\"yoast-schema-graph\">{\"@context\":\"https:\\\/\\\/schema.org\",\"@graph\":[{\"@type\":\"Article\",\"@id\":\"https:\\\/\\\/malaga.salesianos.edu\\\/familiasalesiana\\\/blog\\\/noticias-y-agradecimientos\\\/#article\",\"isPartOf\":{\"@id\":\"https:\\\/\\\/malaga.salesianos.edu\\\/familiasalesiana\\\/blog\\\/noticias-y-agradecimientos\\\/\"},\"author\":{\"name\":\"Comunicaci\u00f3n MLG\",\"@id\":\"https:\\\/\\\/malaga.salesianos.edu\\\/familiasalesiana\\\/#\\\/schema\\\/person\\\/fd7e7b338b40e1c817a659fe5fce718b\"},\"headline\":\"Noticias y agradecimientos\",\"datePublished\":\"2018-04-23T20:13:55+00:00\",\"dateModified\":\"2018-04-23T20:13:57+00:00\",\"mainEntityOfPage\":{\"@id\":\"https:\\\/\\\/malaga.salesianos.edu\\\/familiasalesiana\\\/blog\\\/noticias-y-agradecimientos\\\/\"},\"wordCount\":494,\"commentCount\":0,\"image\":{\"@id\":\"https:\\\/\\\/malaga.salesianos.edu\\\/familiasalesiana\\\/blog\\\/noticias-y-agradecimientos\\\/#primaryimage\"},\"thumbnailUrl\":\"https:\\\/\\\/malaga.salesianos.edu\\\/familiasalesiana\\\/wp-content\\\/uploads\\\/sites\\\/8\\\/2018\\\/04\\\/Don_Bosco_malaga_2.jpg\",\"keywords\":[\"Comunicado\",\"Familia Salesiana\"],\"articleSection\":[\"Casa\",\"Familia Salesiana\"],\"inLanguage\":\"es\",\"potentialAction\":[{\"@type\":\"CommentAction\",\"name\":\"Comment\",\"target\":[\"https:\\\/\\\/malaga.salesianos.edu\\\/familiasalesiana\\\/blog\\\/noticias-y-agradecimientos\\\/#respond\"]}]},{\"@type\":\"WebPage\",\"@id\":\"https:\\\/\\\/malaga.salesianos.edu\\\/familiasalesiana\\\/blog\\\/noticias-y-agradecimientos\\\/\",\"url\":\"https:\\\/\\\/malaga.salesianos.edu\\\/familiasalesiana\\\/blog\\\/noticias-y-agradecimientos\\\/\",\"name\":\"Noticias y agradecimientos - Familia Salesiana | Salesianos M\u00e1laga\",\"isPartOf\":{\"@id\":\"https:\\\/\\\/malaga.salesianos.edu\\\/familiasalesiana\\\/#website\"},\"primaryImageOfPage\":{\"@id\":\"https:\\\/\\\/malaga.salesianos.edu\\\/familiasalesiana\\\/blog\\\/noticias-y-agradecimientos\\\/#primaryimage\"},\"image\":{\"@id\":\"https:\\\/\\\/malaga.salesianos.edu\\\/familiasalesiana\\\/blog\\\/noticias-y-agradecimientos\\\/#primaryimage\"},\"thumbnailUrl\":\"https:\\\/\\\/malaga.salesianos.edu\\\/familiasalesiana\\\/wp-content\\\/uploads\\\/sites\\\/8\\\/2018\\\/04\\\/Don_Bosco_malaga_2.jpg\",\"datePublished\":\"2018-04-23T20:13:55+00:00\",\"dateModified\":\"2018-04-23T20:13:57+00:00\",\"author\":{\"@id\":\"https:\\\/\\\/malaga.salesianos.edu\\\/familiasalesiana\\\/#\\\/schema\\\/person\\\/fd7e7b338b40e1c817a659fe5fce718b\"},\"breadcrumb\":{\"@id\":\"https:\\\/\\\/malaga.salesianos.edu\\\/familiasalesiana\\\/blog\\\/noticias-y-agradecimientos\\\/#breadcrumb\"},\"inLanguage\":\"es\",\"potentialAction\":[{\"@type\":\"ReadAction\",\"target\":[\"https:\\\/\\\/malaga.salesianos.edu\\\/familiasalesiana\\\/blog\\\/noticias-y-agradecimientos\\\/\"]}]},{\"@type\":\"ImageObject\",\"inLanguage\":\"es\",\"@id\":\"https:\\\/\\\/malaga.salesianos.edu\\\/familiasalesiana\\\/blog\\\/noticias-y-agradecimientos\\\/#primaryimage\",\"url\":\"https:\\\/\\\/malaga.salesianos.edu\\\/familiasalesiana\\\/wp-content\\\/uploads\\\/sites\\\/8\\\/2018\\\/04\\\/Don_Bosco_malaga_2.jpg\",\"contentUrl\":\"https:\\\/\\\/malaga.salesianos.edu\\\/familiasalesiana\\\/wp-content\\\/uploads\\\/sites\\\/8\\\/2018\\\/04\\\/Don_Bosco_malaga_2.jpg\"},{\"@type\":\"BreadcrumbList\",\"@id\":\"https:\\\/\\\/malaga.salesianos.edu\\\/familiasalesiana\\\/blog\\\/noticias-y-agradecimientos\\\/#breadcrumb\",\"itemListElement\":[{\"@type\":\"ListItem\",\"position\":1,\"name\":\"Portada\",\"item\":\"https:\\\/\\\/malaga.salesianos.edu\\\/familiasalesiana\\\/\"},{\"@type\":\"ListItem\",\"position\":2,\"name\":\"Noticias y agradecimientos\"}]},{\"@type\":\"WebSite\",\"@id\":\"https:\\\/\\\/malaga.salesianos.edu\\\/familiasalesiana\\\/#website\",\"url\":\"https:\\\/\\\/malaga.salesianos.edu\\\/familiasalesiana\\\/\",\"name\":\"Familia Salesiana | Salesianos M\u00e1laga\",\"description\":\"Familia Salesiana | Salesianos M\u00e1laga, ADMA, Asociaci\u00f3n de antiguos alumnos, Hermandad Salesiana, Salesianos Cooperadores\",\"potentialAction\":[{\"@type\":\"SearchAction\",\"target\":{\"@type\":\"EntryPoint\",\"urlTemplate\":\"https:\\\/\\\/malaga.salesianos.edu\\\/familiasalesiana\\\/?s={search_term_string}\"},\"query-input\":{\"@type\":\"PropertyValueSpecification\",\"valueRequired\":true,\"valueName\":\"search_term_string\"}}],\"inLanguage\":\"es\"},{\"@type\":\"Person\",\"@id\":\"https:\\\/\\\/malaga.salesianos.edu\\\/familiasalesiana\\\/#\\\/schema\\\/person\\\/fd7e7b338b40e1c817a659fe5fce718b\",\"name\":\"Comunicaci\u00f3n MLG\",\"image\":{\"@type\":\"ImageObject\",\"inLanguage\":\"es\",\"@id\":\"https:\\\/\\\/secure.gravatar.com\\\/avatar\\\/2ce5c66be6c7ab6b098b2ac29099a68d1cdb824afbb8aadf744614ce719778ff?s=96&d=mm&r=g\",\"url\":\"https:\\\/\\\/secure.gravatar.com\\\/avatar\\\/2ce5c66be6c7ab6b098b2ac29099a68d1cdb824afbb8aadf744614ce719778ff?s=96&d=mm&r=g\",\"contentUrl\":\"https:\\\/\\\/secure.gravatar.com\\\/avatar\\\/2ce5c66be6c7ab6b098b2ac29099a68d1cdb824afbb8aadf744614ce719778ff?s=96&d=mm&r=g\",\"caption\":\"Comunicaci\u00f3n MLG\"}}]}<\/script>\n<!-- \/ Yoast SEO plugin. -->","yoast_head_json":{"title":"Noticias y agradecimientos - Familia Salesiana | Salesianos M\u00e1laga","robots":{"index":"index","follow":"follow","max-snippet":"max-snippet:-1","max-image-preview":"max-image-preview:large","max-video-preview":"max-video-preview:-1"},"canonical":"https:\/\/malaga.salesianos.edu\/familiasalesiana\/blog\/noticias-y-agradecimientos\/","og_locale":"es_ES","og_type":"article","og_title":"Noticias y agradecimientos - Familia Salesiana | Salesianos M\u00e1laga","og_description":"Cuando el curso va avanzando hacia un desenlace que no dudamos ser\u00e1 feliz, comparto algunas buenas noticias con toda nuestra gran Familia Salesiana.","og_url":"https:\/\/malaga.salesianos.edu\/familiasalesiana\/blog\/noticias-y-agradecimientos\/","og_site_name":"Familia Salesiana | Salesianos M\u00e1laga","article_published_time":"2018-04-23T20:13:55+00:00","article_modified_time":"2018-04-23T20:13:57+00:00","og_image":[{"url":"https:\/\/malaga.salesianos.edu\/familiasalesiana\/wp-content\/uploads\/sites\/8\/2018\/04\/Don_Bosco_malaga_2.jpg","width":1,"height":1,"type":"image\/jpeg"}],"author":"Comunicaci\u00f3n MLG","twitter_card":"summary_large_image","twitter_misc":{"Escrito por":"Comunicaci\u00f3n MLG","Tiempo de lectura":"2 minutos"},"schema":{"@context":"https:\/\/schema.org","@graph":[{"@type":"Article","@id":"https:\/\/malaga.salesianos.edu\/familiasalesiana\/blog\/noticias-y-agradecimientos\/#article","isPartOf":{"@id":"https:\/\/malaga.salesianos.edu\/familiasalesiana\/blog\/noticias-y-agradecimientos\/"},"author":{"name":"Comunicaci\u00f3n MLG","@id":"https:\/\/malaga.salesianos.edu\/familiasalesiana\/#\/schema\/person\/fd7e7b338b40e1c817a659fe5fce718b"},"headline":"Noticias y agradecimientos","datePublished":"2018-04-23T20:13:55+00:00","dateModified":"2018-04-23T20:13:57+00:00","mainEntityOfPage":{"@id":"https:\/\/malaga.salesianos.edu\/familiasalesiana\/blog\/noticias-y-agradecimientos\/"},"wordCount":494,"commentCount":0,"image":{"@id":"https:\/\/malaga.salesianos.edu\/familiasalesiana\/blog\/noticias-y-agradecimientos\/#primaryimage"},"thumbnailUrl":"https:\/\/malaga.salesianos.edu\/familiasalesiana\/wp-content\/uploads\/sites\/8\/2018\/04\/Don_Bosco_malaga_2.jpg","keywords":["Comunicado","Familia Salesiana"],"articleSection":["Casa","Familia Salesiana"],"inLanguage":"es","potentialAction":[{"@type":"CommentAction","name":"Comment","target":["https:\/\/malaga.salesianos.edu\/familiasalesiana\/blog\/noticias-y-agradecimientos\/#respond"]}]},{"@type":"WebPage","@id":"https:\/\/malaga.salesianos.edu\/familiasalesiana\/blog\/noticias-y-agradecimientos\/","url":"https:\/\/malaga.salesianos.edu\/familiasalesiana\/blog\/noticias-y-agradecimientos\/","name":"Noticias y agradecimientos - Familia Salesiana | Salesianos M\u00e1laga","isPartOf":{"@id":"https:\/\/malaga.salesianos.edu\/familiasalesiana\/#website"},"primaryImageOfPage":{"@id":"https:\/\/malaga.salesianos.edu\/familiasalesiana\/blog\/noticias-y-agradecimientos\/#primaryimage"},"image":{"@id":"https:\/\/malaga.salesianos.edu\/familiasalesiana\/blog\/noticias-y-agradecimientos\/#primaryimage"},"thumbnailUrl":"https:\/\/malaga.salesianos.edu\/familiasalesiana\/wp-content\/uploads\/sites\/8\/2018\/04\/Don_Bosco_malaga_2.jpg","datePublished":"2018-04-23T20:13:55+00:00","dateModified":"2018-04-23T20:13:57+00:00","author":{"@id":"https:\/\/malaga.salesianos.edu\/familiasalesiana\/#\/schema\/person\/fd7e7b338b40e1c817a659fe5fce718b"},"breadcrumb":{"@id":"https:\/\/malaga.salesianos.edu\/familiasalesiana\/blog\/noticias-y-agradecimientos\/#breadcrumb"},"inLanguage":"es","potentialAction":[{"@type":"ReadAction","target":["https:\/\/malaga.salesianos.edu\/familiasalesiana\/blog\/noticias-y-agradecimientos\/"]}]},{"@type":"ImageObject","inLanguage":"es","@id":"https:\/\/malaga.salesianos.edu\/familiasalesiana\/blog\/noticias-y-agradecimientos\/#primaryimage","url":"https:\/\/malaga.salesianos.edu\/familiasalesiana\/wp-content\/uploads\/sites\/8\/2018\/04\/Don_Bosco_malaga_2.jpg","contentUrl":"https:\/\/malaga.salesianos.edu\/familiasalesiana\/wp-content\/uploads\/sites\/8\/2018\/04\/Don_Bosco_malaga_2.jpg"},{"@type":"BreadcrumbList","@id":"https:\/\/malaga.salesianos.edu\/familiasalesiana\/blog\/noticias-y-agradecimientos\/#breadcrumb","itemListElement":[{"@type":"ListItem","position":1,"name":"Portada","item":"https:\/\/malaga.salesianos.edu\/familiasalesiana\/"},{"@type":"ListItem","position":2,"name":"Noticias y agradecimientos"}]},{"@type":"WebSite","@id":"https:\/\/malaga.salesianos.edu\/familiasalesiana\/#website","url":"https:\/\/malaga.salesianos.edu\/familiasalesiana\/","name":"Familia Salesiana | Salesianos M\u00e1laga","description":"Familia Salesiana | Salesianos M\u00e1laga, ADMA, Asociaci\u00f3n de antiguos alumnos, Hermandad Salesiana, Salesianos Cooperadores","potentialAction":[{"@type":"SearchAction","target":{"@type":"EntryPoint","urlTemplate":"https:\/\/malaga.salesianos.edu\/familiasalesiana\/?s={search_term_string}"},"query-input":{"@type":"PropertyValueSpecification","valueRequired":true,"valueName":"search_term_string"}}],"inLanguage":"es"},{"@type":"Person","@id":"https:\/\/malaga.salesianos.edu\/familiasalesiana\/#\/schema\/person\/fd7e7b338b40e1c817a659fe5fce718b","name":"Comunicaci\u00f3n MLG","image":{"@type":"ImageObject","inLanguage":"es","@id":"https:\/\/secure.gravatar.com\/avatar\/2ce5c66be6c7ab6b098b2ac29099a68d1cdb824afbb8aadf744614ce719778ff?s=96&d=mm&r=g","url":"https:\/\/secure.gravatar.com\/avatar\/2ce5c66be6c7ab6b098b2ac29099a68d1cdb824afbb8aadf744614ce719778ff?s=96&d=mm&r=g","contentUrl":"https:\/\/secure.gravatar.com\/avatar\/2ce5c66be6c7ab6b098b2ac29099a68d1cdb824afbb8aadf744614ce719778ff?s=96&d=mm&r=g","caption":"Comunicaci\u00f3n MLG"}}]}},"_links":{"self":[{"href":"https:\/\/malaga.salesianos.edu\/familiasalesiana\/wp-json\/wp\/v2\/posts\/8323","targetHints":{"allow":["GET"]}}],"collection":[{"href":"https:\/\/malaga.salesianos.edu\/familiasalesiana\/wp-json\/wp\/v2\/posts"}],"about":[{"href":"https:\/\/malaga.salesianos.edu\/familiasalesiana\/wp-json\/wp\/v2\/types\/post"}],"author":[{"embeddable":true,"href":"https:\/\/malaga.salesianos.edu\/familiasalesiana\/wp-json\/wp\/v2\/users\/2"}],"replies":[{"embeddable":true,"href":"https:\/\/malaga.salesianos.edu\/familiasalesiana\/wp-json\/wp\/v2\/comments?post=8323"}],"version-history":[{"count":3,"href":"https:\/\/malaga.salesianos.edu\/familiasalesiana\/wp-json\/wp\/v2\/posts\/8323\/revisions"}],"predecessor-version":[{"id":8328,"href":"https:\/\/malaga.salesianos.edu\/familiasalesiana\/wp-json\/wp\/v2\/posts\/8323\/revisions\/8328"}],"wp:featuredmedia":[{"embeddable":true,"href":"https:\/\/malaga.salesianos.edu\/familiasalesiana\/wp-json\/wp\/v2\/media\/8326"}],"wp:attachment":[{"href":"https:\/\/malaga.salesianos.edu\/familiasalesiana\/wp-json\/wp\/v2\/media?parent=8323"}],"wp:term":[{"taxonomy":"category","embeddable":true,"href":"https:\/\/malaga.salesianos.edu\/familiasalesiana\/wp-json\/wp\/v2\/categories?post=8323"},{"taxonomy":"post_tag","embeddable":true,"href":"https:\/\/malaga.salesianos.edu\/familiasalesiana\/wp-json\/wp\/v2\/tags?post=8323"}],"curies":[{"name":"wp","href":"https:\/\/api.w.org\/{rel}","templated":true}]}}