{"id":7881,"date":"2018-03-06T13:43:53","date_gmt":"2018-03-06T12:43:53","guid":{"rendered":"https:\/\/malaga.salesianos.edu\/familiasalesiana\/blog\/traslado-de-los-titulares-de-la-hermandad-salesiana-de-malaga\/"},"modified":"2018-03-06T13:43:53","modified_gmt":"2018-03-06T12:43:53","slug":"traslado-de-los-titulares-de-la-hermandad-salesiana-de-malaga","status":"publish","type":"post","link":"https:\/\/malaga.salesianos.edu\/familiasalesiana\/blog\/traslado-de-los-titulares-de-la-hermandad-salesiana-de-malaga\/","title":{"rendered":"Traslado de los Titulares de la Hermandad Salesiana de M\u00e1laga"},"content":{"rendered":"<p>[et_pb_section bb_built=\u00bb1&#8243; admin_label=\u00bbsection\u00bb custom_padding=\u00bb2px|0px|54px|0px\u00bb][et_pb_row admin_label=\u00bbrow\u00bb][et_pb_column type=\u00bb4_4&#8243;][et_pb_text admin_label=\u00bbAutor\u00bb background_layout=\u00bblight\u00bb use_border_color=\u00bboff\u00bb border_color=\u00bb#ffffff\u00bb border_style=\u00bbsolid\u00bb _builder_version=\u00bb3.0.105&#8243;]<\/p>\n<p>Por Hermandad Salesiana<\/p>\n<p>[\/et_pb_text][et_pb_text admin_label=\u00bbEntradilla\u00bb text_font=\u00bb|on|||\u00bb background_layout=\u00bblight\u00bb text_orientation=\u00bbjustified\u00bb use_border_color=\u00bboff\u00bb border_color=\u00bb#ffffff\u00bb border_style=\u00bbsolid\u00bb _builder_version=\u00bb3.0.105&#8243;]<\/p>\n<p><strong><em>El Traslado se adelantar\u00e1 una semana con respecto a lo que ven\u00eda siendo habitual desde la Primera Salida de la Cofrad\u00eda en el a\u00f1o 1991.<\/em><\/strong><\/p>\n<hr \/>\n<p>[\/et_pb_text][et_pb_text admin_label=\u00bbDesarrollo\u00bb background_layout=\u00bblight\u00bb text_orientation=\u00bbjustified\u00bb use_border_color=\u00bboff\u00bb border_color=\u00bb#ffffff\u00bb border_style=\u00bbsolid\u00bb _builder_version=\u00bb3.0.105&#8243;]<\/p>\n<p class=\"m_3832938838251406795default-style\">Con motivo del estreno de la Casa Hermandad, el Traslado de los Titulares de esta Hermandad Salesiana se adelantar\u00e1 una semana con respecto a lo que ven\u00eda siendo habitual desde la Primera Salida de la Cofrad\u00eda en el a\u00f1o 1991.<\/p>\n<p>Igualmente se adelanta el acto de la Petici\u00f3n de Venia a Mar\u00eda Auxiliadora que se viene desarrollando conjuntamente con el Traslado desde el a\u00f1o 1996.<\/p>\n<p>En concreto, ambos actos tendr\u00e1n lugar el Mi\u00e9rcoles 21 de marzo con el siguiente desarrollo aproximado:<\/p>\n<p>21 hrs Petici\u00f3n de Venia a Mar\u00eda Auxiliadora Coronada<br \/>\n21.15 hrs Traslado de los Titulares a su Trono Procesional cruzando la calle Eduardo Dom\u00ednguez \u00c1vila<br \/>\n21.30 hrs. Entronizaci\u00f3n del Se\u00f1or de las Penas en su Trono Procesional y conclusi\u00f3n del acto.<\/p>\n<p>La Petici\u00f3n de Venia la realiza el Hermano Mayor, Juan Manuel Le\u00f3n, en el Altar Mayor del Santuario.<\/p>\n<p>El cortejo del Traslado estar\u00e1 compuesta por 50 hermanos con cirios, acolitado y acompa\u00f1amiento musical. El Se\u00f1or ir\u00e1 a hombro de hermanos y la Sant\u00edsima Virgen en peque\u00f1as andas.<\/p>\n<p>La entronizaci\u00f3n del Se\u00f1or se realizar\u00e1 a puertas abiertas y en ambiente de recogimiento y oraci\u00f3n. La Sant\u00edsima Virgen se subir\u00e1 al Trono en la intimidad.<\/p>\n<div class=\"m_3832938838251406795io-ox-signature\">\n<p>Vocal\u00eda de Comunicaci\u00f3n<\/p>\n<p>Hermandad Salesiana de M\u00e1laga<\/p>\n<\/div>\n<p>[\/et_pb_text][et_pb_image _builder_version=\u00bb3.0.105&#8243; src=\u00bbhttps:\/\/malaga.salesianos.edu\/wp-content\/uploads\/2017\/02\/frisohermandad.jpg\u00bb show_in_lightbox=\u00bboff\u00bb url_new_window=\u00bboff\u00bb use_overlay=\u00bboff\u00bb always_center_on_mobile=\u00bbon\u00bb force_fullwidth=\u00bboff\u00bb show_bottom_space=\u00bbon\u00bb \/][\/et_pb_column][\/et_pb_row][\/et_pb_section]<\/p>\n","protected":false},"excerpt":{"rendered":"<p>El Traslado se adelantar\u00e1 una semana con respecto a lo que ven\u00eda siendo habitual desde la Primera Salida de la Cofrad\u00eda en el a\u00f1o 1991.<\/p>\n","protected":false},"author":2,"featured_media":7882,"comment_status":"open","ping_status":"open","sticky":false,"template":"","format":"standard","meta":{"_et_pb_use_builder":"on","_et_pb_old_content":"","_et_gb_content_width":"","footnotes":""},"categories":[113,9,101],"tags":[],"class_list":["post-7881","post","type-post","status-publish","format-standard","has-post-thumbnail","hentry","category-casa","category-cofradia","category-familia-salesiana"],"yoast_head":"<!-- This site is optimized with the Yoast SEO plugin v28.3 - https:\/\/yoast.com\/product\/yoast-seo-wordpress\/ -->\n<title>Traslado de los Titulares de la Hermandad Salesiana de M\u00e1laga - Familia Salesiana | Salesianos M\u00e1laga<\/title>\n<meta name=\"robots\" content=\"index, follow, max-snippet:-1, max-image-preview:large, max-video-preview:-1\" \/>\n<link rel=\"canonical\" href=\"https:\/\/malaga.salesianos.edu\/familiasalesiana\/blog\/traslado-de-los-titulares-de-la-hermandad-salesiana-de-malaga\/\" \/>\n<meta property=\"og:locale\" content=\"es_ES\" \/>\n<meta property=\"og:type\" content=\"article\" \/>\n<meta property=\"og:title\" content=\"Traslado de los Titulares de la Hermandad Salesiana de M\u00e1laga - Familia Salesiana | Salesianos M\u00e1laga\" \/>\n<meta property=\"og:description\" content=\"El Traslado se adelantar\u00e1 una semana con respecto a lo que ven\u00eda siendo habitual desde la Primera Salida de la Cofrad\u00eda en el a\u00f1o 1991.\" \/>\n<meta property=\"og:url\" content=\"https:\/\/malaga.salesianos.edu\/familiasalesiana\/blog\/traslado-de-los-titulares-de-la-hermandad-salesiana-de-malaga\/\" \/>\n<meta property=\"og:site_name\" content=\"Familia Salesiana | Salesianos M\u00e1laga\" \/>\n<meta property=\"article:published_time\" content=\"2018-03-06T12:43:53+00:00\" \/>\n<meta property=\"og:image\" content=\"https:\/\/malaga.salesianos.edu\/familiasalesiana\/wp-content\/uploads\/sites\/8\/2018\/03\/Hermandad_salesiana_20180306.jpg\" \/>\n\t<meta property=\"og:image:width\" content=\"1\" \/>\n\t<meta property=\"og:image:height\" content=\"1\" \/>\n\t<meta property=\"og:image:type\" content=\"image\/jpeg\" \/>\n<meta name=\"author\" content=\"Comunicaci\u00f3n MLG\" \/>\n<meta name=\"twitter:card\" content=\"summary_large_image\" \/>\n<meta name=\"twitter:label1\" content=\"Escrito por\" \/>\n\t<meta name=\"twitter:data1\" content=\"Comunicaci\u00f3n MLG\" \/>\n\t<meta name=\"twitter:label2\" content=\"Tiempo de lectura\" \/>\n\t<meta name=\"twitter:data2\" content=\"2 minutos\" \/>\n<script type=\"application\/ld+json\" class=\"yoast-schema-graph\">{\"@context\":\"https:\\\/\\\/schema.org\",\"@graph\":[{\"@type\":\"Article\",\"@id\":\"https:\\\/\\\/malaga.salesianos.edu\\\/familiasalesiana\\\/blog\\\/traslado-de-los-titulares-de-la-hermandad-salesiana-de-malaga\\\/#article\",\"isPartOf\":{\"@id\":\"https:\\\/\\\/malaga.salesianos.edu\\\/familiasalesiana\\\/blog\\\/traslado-de-los-titulares-de-la-hermandad-salesiana-de-malaga\\\/\"},\"author\":{\"name\":\"Comunicaci\u00f3n MLG\",\"@id\":\"https:\\\/\\\/malaga.salesianos.edu\\\/familiasalesiana\\\/#\\\/schema\\\/person\\\/fd7e7b338b40e1c817a659fe5fce718b\"},\"headline\":\"Traslado de los Titulares de la Hermandad Salesiana de M\u00e1laga\",\"datePublished\":\"2018-03-06T12:43:53+00:00\",\"mainEntityOfPage\":{\"@id\":\"https:\\\/\\\/malaga.salesianos.edu\\\/familiasalesiana\\\/blog\\\/traslado-de-los-titulares-de-la-hermandad-salesiana-de-malaga\\\/\"},\"wordCount\":414,\"commentCount\":0,\"image\":{\"@id\":\"https:\\\/\\\/malaga.salesianos.edu\\\/familiasalesiana\\\/blog\\\/traslado-de-los-titulares-de-la-hermandad-salesiana-de-malaga\\\/#primaryimage\"},\"thumbnailUrl\":\"https:\\\/\\\/malaga.salesianos.edu\\\/familiasalesiana\\\/wp-content\\\/uploads\\\/sites\\\/8\\\/2018\\\/03\\\/Hermandad_salesiana_20180306.jpg\",\"articleSection\":[\"Casa\",\"Cofrad\u00eda\",\"Familia Salesiana\"],\"inLanguage\":\"es\",\"potentialAction\":[{\"@type\":\"CommentAction\",\"name\":\"Comment\",\"target\":[\"https:\\\/\\\/malaga.salesianos.edu\\\/familiasalesiana\\\/blog\\\/traslado-de-los-titulares-de-la-hermandad-salesiana-de-malaga\\\/#respond\"]}]},{\"@type\":\"WebPage\",\"@id\":\"https:\\\/\\\/malaga.salesianos.edu\\\/familiasalesiana\\\/blog\\\/traslado-de-los-titulares-de-la-hermandad-salesiana-de-malaga\\\/\",\"url\":\"https:\\\/\\\/malaga.salesianos.edu\\\/familiasalesiana\\\/blog\\\/traslado-de-los-titulares-de-la-hermandad-salesiana-de-malaga\\\/\",\"name\":\"Traslado de los Titulares de la Hermandad Salesiana de M\u00e1laga - Familia Salesiana | Salesianos M\u00e1laga\",\"isPartOf\":{\"@id\":\"https:\\\/\\\/malaga.salesianos.edu\\\/familiasalesiana\\\/#website\"},\"primaryImageOfPage\":{\"@id\":\"https:\\\/\\\/malaga.salesianos.edu\\\/familiasalesiana\\\/blog\\\/traslado-de-los-titulares-de-la-hermandad-salesiana-de-malaga\\\/#primaryimage\"},\"image\":{\"@id\":\"https:\\\/\\\/malaga.salesianos.edu\\\/familiasalesiana\\\/blog\\\/traslado-de-los-titulares-de-la-hermandad-salesiana-de-malaga\\\/#primaryimage\"},\"thumbnailUrl\":\"https:\\\/\\\/malaga.salesianos.edu\\\/familiasalesiana\\\/wp-content\\\/uploads\\\/sites\\\/8\\\/2018\\\/03\\\/Hermandad_salesiana_20180306.jpg\",\"datePublished\":\"2018-03-06T12:43:53+00:00\",\"author\":{\"@id\":\"https:\\\/\\\/malaga.salesianos.edu\\\/familiasalesiana\\\/#\\\/schema\\\/person\\\/fd7e7b338b40e1c817a659fe5fce718b\"},\"breadcrumb\":{\"@id\":\"https:\\\/\\\/malaga.salesianos.edu\\\/familiasalesiana\\\/blog\\\/traslado-de-los-titulares-de-la-hermandad-salesiana-de-malaga\\\/#breadcrumb\"},\"inLanguage\":\"es\",\"potentialAction\":[{\"@type\":\"ReadAction\",\"target\":[\"https:\\\/\\\/malaga.salesianos.edu\\\/familiasalesiana\\\/blog\\\/traslado-de-los-titulares-de-la-hermandad-salesiana-de-malaga\\\/\"]}]},{\"@type\":\"ImageObject\",\"inLanguage\":\"es\",\"@id\":\"https:\\\/\\\/malaga.salesianos.edu\\\/familiasalesiana\\\/blog\\\/traslado-de-los-titulares-de-la-hermandad-salesiana-de-malaga\\\/#primaryimage\",\"url\":\"https:\\\/\\\/malaga.salesianos.edu\\\/familiasalesiana\\\/wp-content\\\/uploads\\\/sites\\\/8\\\/2018\\\/03\\\/Hermandad_salesiana_20180306.jpg\",\"contentUrl\":\"https:\\\/\\\/malaga.salesianos.edu\\\/familiasalesiana\\\/wp-content\\\/uploads\\\/sites\\\/8\\\/2018\\\/03\\\/Hermandad_salesiana_20180306.jpg\"},{\"@type\":\"BreadcrumbList\",\"@id\":\"https:\\\/\\\/malaga.salesianos.edu\\\/familiasalesiana\\\/blog\\\/traslado-de-los-titulares-de-la-hermandad-salesiana-de-malaga\\\/#breadcrumb\",\"itemListElement\":[{\"@type\":\"ListItem\",\"position\":1,\"name\":\"Portada\",\"item\":\"https:\\\/\\\/malaga.salesianos.edu\\\/familiasalesiana\\\/\"},{\"@type\":\"ListItem\",\"position\":2,\"name\":\"Traslado de los Titulares de la Hermandad Salesiana de M\u00e1laga\"}]},{\"@type\":\"WebSite\",\"@id\":\"https:\\\/\\\/malaga.salesianos.edu\\\/familiasalesiana\\\/#website\",\"url\":\"https:\\\/\\\/malaga.salesianos.edu\\\/familiasalesiana\\\/\",\"name\":\"Familia Salesiana | Salesianos M\u00e1laga\",\"description\":\"Familia Salesiana | Salesianos M\u00e1laga, ADMA, Asociaci\u00f3n de antiguos alumnos, Hermandad Salesiana, Salesianos Cooperadores\",\"potentialAction\":[{\"@type\":\"SearchAction\",\"target\":{\"@type\":\"EntryPoint\",\"urlTemplate\":\"https:\\\/\\\/malaga.salesianos.edu\\\/familiasalesiana\\\/?s={search_term_string}\"},\"query-input\":{\"@type\":\"PropertyValueSpecification\",\"valueRequired\":true,\"valueName\":\"search_term_string\"}}],\"inLanguage\":\"es\"},{\"@type\":\"Person\",\"@id\":\"https:\\\/\\\/malaga.salesianos.edu\\\/familiasalesiana\\\/#\\\/schema\\\/person\\\/fd7e7b338b40e1c817a659fe5fce718b\",\"name\":\"Comunicaci\u00f3n MLG\",\"image\":{\"@type\":\"ImageObject\",\"inLanguage\":\"es\",\"@id\":\"https:\\\/\\\/secure.gravatar.com\\\/avatar\\\/2ce5c66be6c7ab6b098b2ac29099a68d1cdb824afbb8aadf744614ce719778ff?s=96&d=mm&r=g\",\"url\":\"https:\\\/\\\/secure.gravatar.com\\\/avatar\\\/2ce5c66be6c7ab6b098b2ac29099a68d1cdb824afbb8aadf744614ce719778ff?s=96&d=mm&r=g\",\"contentUrl\":\"https:\\\/\\\/secure.gravatar.com\\\/avatar\\\/2ce5c66be6c7ab6b098b2ac29099a68d1cdb824afbb8aadf744614ce719778ff?s=96&d=mm&r=g\",\"caption\":\"Comunicaci\u00f3n MLG\"}}]}<\/script>\n<!-- \/ Yoast SEO plugin. -->","yoast_head_json":{"title":"Traslado de los Titulares de la Hermandad Salesiana de M\u00e1laga - Familia Salesiana | Salesianos M\u00e1laga","robots":{"index":"index","follow":"follow","max-snippet":"max-snippet:-1","max-image-preview":"max-image-preview:large","max-video-preview":"max-video-preview:-1"},"canonical":"https:\/\/malaga.salesianos.edu\/familiasalesiana\/blog\/traslado-de-los-titulares-de-la-hermandad-salesiana-de-malaga\/","og_locale":"es_ES","og_type":"article","og_title":"Traslado de los Titulares de la Hermandad Salesiana de M\u00e1laga - Familia Salesiana | Salesianos M\u00e1laga","og_description":"El Traslado se adelantar\u00e1 una semana con respecto a lo que ven\u00eda siendo habitual desde la Primera Salida de la Cofrad\u00eda en el a\u00f1o 1991.","og_url":"https:\/\/malaga.salesianos.edu\/familiasalesiana\/blog\/traslado-de-los-titulares-de-la-hermandad-salesiana-de-malaga\/","og_site_name":"Familia Salesiana | Salesianos M\u00e1laga","article_published_time":"2018-03-06T12:43:53+00:00","og_image":[{"url":"https:\/\/malaga.salesianos.edu\/familiasalesiana\/wp-content\/uploads\/sites\/8\/2018\/03\/Hermandad_salesiana_20180306.jpg","width":1,"height":1,"type":"image\/jpeg"}],"author":"Comunicaci\u00f3n MLG","twitter_card":"summary_large_image","twitter_misc":{"Escrito por":"Comunicaci\u00f3n MLG","Tiempo de lectura":"2 minutos"},"schema":{"@context":"https:\/\/schema.org","@graph":[{"@type":"Article","@id":"https:\/\/malaga.salesianos.edu\/familiasalesiana\/blog\/traslado-de-los-titulares-de-la-hermandad-salesiana-de-malaga\/#article","isPartOf":{"@id":"https:\/\/malaga.salesianos.edu\/familiasalesiana\/blog\/traslado-de-los-titulares-de-la-hermandad-salesiana-de-malaga\/"},"author":{"name":"Comunicaci\u00f3n MLG","@id":"https:\/\/malaga.salesianos.edu\/familiasalesiana\/#\/schema\/person\/fd7e7b338b40e1c817a659fe5fce718b"},"headline":"Traslado de los Titulares de la Hermandad Salesiana de M\u00e1laga","datePublished":"2018-03-06T12:43:53+00:00","mainEntityOfPage":{"@id":"https:\/\/malaga.salesianos.edu\/familiasalesiana\/blog\/traslado-de-los-titulares-de-la-hermandad-salesiana-de-malaga\/"},"wordCount":414,"commentCount":0,"image":{"@id":"https:\/\/malaga.salesianos.edu\/familiasalesiana\/blog\/traslado-de-los-titulares-de-la-hermandad-salesiana-de-malaga\/#primaryimage"},"thumbnailUrl":"https:\/\/malaga.salesianos.edu\/familiasalesiana\/wp-content\/uploads\/sites\/8\/2018\/03\/Hermandad_salesiana_20180306.jpg","articleSection":["Casa","Cofrad\u00eda","Familia Salesiana"],"inLanguage":"es","potentialAction":[{"@type":"CommentAction","name":"Comment","target":["https:\/\/malaga.salesianos.edu\/familiasalesiana\/blog\/traslado-de-los-titulares-de-la-hermandad-salesiana-de-malaga\/#respond"]}]},{"@type":"WebPage","@id":"https:\/\/malaga.salesianos.edu\/familiasalesiana\/blog\/traslado-de-los-titulares-de-la-hermandad-salesiana-de-malaga\/","url":"https:\/\/malaga.salesianos.edu\/familiasalesiana\/blog\/traslado-de-los-titulares-de-la-hermandad-salesiana-de-malaga\/","name":"Traslado de los Titulares de la Hermandad Salesiana de M\u00e1laga - Familia Salesiana | Salesianos M\u00e1laga","isPartOf":{"@id":"https:\/\/malaga.salesianos.edu\/familiasalesiana\/#website"},"primaryImageOfPage":{"@id":"https:\/\/malaga.salesianos.edu\/familiasalesiana\/blog\/traslado-de-los-titulares-de-la-hermandad-salesiana-de-malaga\/#primaryimage"},"image":{"@id":"https:\/\/malaga.salesianos.edu\/familiasalesiana\/blog\/traslado-de-los-titulares-de-la-hermandad-salesiana-de-malaga\/#primaryimage"},"thumbnailUrl":"https:\/\/malaga.salesianos.edu\/familiasalesiana\/wp-content\/uploads\/sites\/8\/2018\/03\/Hermandad_salesiana_20180306.jpg","datePublished":"2018-03-06T12:43:53+00:00","author":{"@id":"https:\/\/malaga.salesianos.edu\/familiasalesiana\/#\/schema\/person\/fd7e7b338b40e1c817a659fe5fce718b"},"breadcrumb":{"@id":"https:\/\/malaga.salesianos.edu\/familiasalesiana\/blog\/traslado-de-los-titulares-de-la-hermandad-salesiana-de-malaga\/#breadcrumb"},"inLanguage":"es","potentialAction":[{"@type":"ReadAction","target":["https:\/\/malaga.salesianos.edu\/familiasalesiana\/blog\/traslado-de-los-titulares-de-la-hermandad-salesiana-de-malaga\/"]}]},{"@type":"ImageObject","inLanguage":"es","@id":"https:\/\/malaga.salesianos.edu\/familiasalesiana\/blog\/traslado-de-los-titulares-de-la-hermandad-salesiana-de-malaga\/#primaryimage","url":"https:\/\/malaga.salesianos.edu\/familiasalesiana\/wp-content\/uploads\/sites\/8\/2018\/03\/Hermandad_salesiana_20180306.jpg","contentUrl":"https:\/\/malaga.salesianos.edu\/familiasalesiana\/wp-content\/uploads\/sites\/8\/2018\/03\/Hermandad_salesiana_20180306.jpg"},{"@type":"BreadcrumbList","@id":"https:\/\/malaga.salesianos.edu\/familiasalesiana\/blog\/traslado-de-los-titulares-de-la-hermandad-salesiana-de-malaga\/#breadcrumb","itemListElement":[{"@type":"ListItem","position":1,"name":"Portada","item":"https:\/\/malaga.salesianos.edu\/familiasalesiana\/"},{"@type":"ListItem","position":2,"name":"Traslado de los Titulares de la Hermandad Salesiana de M\u00e1laga"}]},{"@type":"WebSite","@id":"https:\/\/malaga.salesianos.edu\/familiasalesiana\/#website","url":"https:\/\/malaga.salesianos.edu\/familiasalesiana\/","name":"Familia Salesiana | Salesianos M\u00e1laga","description":"Familia Salesiana | Salesianos M\u00e1laga, ADMA, Asociaci\u00f3n de antiguos alumnos, Hermandad Salesiana, Salesianos Cooperadores","potentialAction":[{"@type":"SearchAction","target":{"@type":"EntryPoint","urlTemplate":"https:\/\/malaga.salesianos.edu\/familiasalesiana\/?s={search_term_string}"},"query-input":{"@type":"PropertyValueSpecification","valueRequired":true,"valueName":"search_term_string"}}],"inLanguage":"es"},{"@type":"Person","@id":"https:\/\/malaga.salesianos.edu\/familiasalesiana\/#\/schema\/person\/fd7e7b338b40e1c817a659fe5fce718b","name":"Comunicaci\u00f3n MLG","image":{"@type":"ImageObject","inLanguage":"es","@id":"https:\/\/secure.gravatar.com\/avatar\/2ce5c66be6c7ab6b098b2ac29099a68d1cdb824afbb8aadf744614ce719778ff?s=96&d=mm&r=g","url":"https:\/\/secure.gravatar.com\/avatar\/2ce5c66be6c7ab6b098b2ac29099a68d1cdb824afbb8aadf744614ce719778ff?s=96&d=mm&r=g","contentUrl":"https:\/\/secure.gravatar.com\/avatar\/2ce5c66be6c7ab6b098b2ac29099a68d1cdb824afbb8aadf744614ce719778ff?s=96&d=mm&r=g","caption":"Comunicaci\u00f3n MLG"}}]}},"_links":{"self":[{"href":"https:\/\/malaga.salesianos.edu\/familiasalesiana\/wp-json\/wp\/v2\/posts\/7881","targetHints":{"allow":["GET"]}}],"collection":[{"href":"https:\/\/malaga.salesianos.edu\/familiasalesiana\/wp-json\/wp\/v2\/posts"}],"about":[{"href":"https:\/\/malaga.salesianos.edu\/familiasalesiana\/wp-json\/wp\/v2\/types\/post"}],"author":[{"embeddable":true,"href":"https:\/\/malaga.salesianos.edu\/familiasalesiana\/wp-json\/wp\/v2\/users\/2"}],"replies":[{"embeddable":true,"href":"https:\/\/malaga.salesianos.edu\/familiasalesiana\/wp-json\/wp\/v2\/comments?post=7881"}],"version-history":[{"count":0,"href":"https:\/\/malaga.salesianos.edu\/familiasalesiana\/wp-json\/wp\/v2\/posts\/7881\/revisions"}],"wp:featuredmedia":[{"embeddable":true,"href":"https:\/\/malaga.salesianos.edu\/familiasalesiana\/wp-json\/wp\/v2\/media\/7882"}],"wp:attachment":[{"href":"https:\/\/malaga.salesianos.edu\/familiasalesiana\/wp-json\/wp\/v2\/media?parent=7881"}],"wp:term":[{"taxonomy":"category","embeddable":true,"href":"https:\/\/malaga.salesianos.edu\/familiasalesiana\/wp-json\/wp\/v2\/categories?post=7881"},{"taxonomy":"post_tag","embeddable":true,"href":"https:\/\/malaga.salesianos.edu\/familiasalesiana\/wp-json\/wp\/v2\/tags?post=7881"}],"curies":[{"name":"wp","href":"https:\/\/api.w.org\/{rel}","templated":true}]}}