{"id":77900,"date":"2022-10-29T23:36:49","date_gmt":"2022-10-29T21:36:49","guid":{"rendered":"https:\/\/malaga.salesianos.edu\/familiasalesiana\/?p=77900"},"modified":"2022-11-04T21:42:57","modified_gmt":"2022-11-04T20:42:57","slug":"la-asociacion-de-antiguos-alumnos-celebra-fiesta-de-la-multiplicacion-de-las-castanas","status":"publish","type":"post","link":"https:\/\/malaga.salesianos.edu\/familiasalesiana\/blog\/la-asociacion-de-antiguos-alumnos-celebra-fiesta-de-la-multiplicacion-de-las-castanas\/","title":{"rendered":"La Asociaci\u00f3n de Antiguos Alumnos celebra fiesta de la multiplicaci\u00f3n de las casta\u00f1as"},"content":{"rendered":"<p>[et_pb_section fb_built=\u00bb1&#8243; admin_label=\u00bbsection\u00bb _builder_version=\u00bb4.16&#8243; global_colors_info=\u00bb{}\u00bb][et_pb_row admin_label=\u00bbrow\u00bb _builder_version=\u00bb4.18.1&#8243; background_size=\u00bbinitial\u00bb background_position=\u00bbtop_left\u00bb background_repeat=\u00bbrepeat\u00bb width=\u00bb100%\u00bb global_colors_info=\u00bb{}\u00bb][et_pb_column type=\u00bb4_4&#8243; _builder_version=\u00bb4.16&#8243; custom_padding=\u00bb|||\u00bb global_colors_info=\u00bb{}\u00bb custom_padding__hover=\u00bb|||\u00bb][et_pb_text _builder_version=\u00bb4.19.0&#8243; _module_preset=\u00bbdefault\u00bb hover_enabled=\u00bb0&#8243; global_colors_info=\u00bb{}\u00bb sticky_enabled=\u00bb0&#8243;]<\/p>\n<p dir=\"auto\">Un a\u00f1o m\u00e1s, nuestra Asociaci\u00f3n de Antiguos Alumnos ha tenido el placer de organizar la fiesta para conmemorar el milagro de la multiplicaci\u00f3n de las Casta\u00f1as de Don Bosco. Numerosos j\u00f3venes se han acercado al patio del colegio donde han aprendido este cap\u00edtulo de la vida de Don Bosco.<\/p>\n<p dir=\"auto\">Gracias a todos los que han participado en la preparaci\u00f3n y en el desarrollo de la fiesta, y gracias a los que os hab\u00e9is acercado al patio a acompa\u00f1arnos.. \u00a1\u00a1En 2023 os esperamos de nuevo!!<\/p>\n<p>[\/et_pb_text][\/et_pb_column][\/et_pb_row][\/et_pb_section]<\/p>\n","protected":false},"excerpt":{"rendered":"<p>Un a\u00f1o m\u00e1s, nuestra Asociaci\u00f3n de Antiguos Alumnos ha tenido el placer de organizar la fiesta para conmemorar el milagro de la multiplicaci\u00f3n de las Casta\u00f1as de Don Bosco. Numerosos j\u00f3venes se han acercado al patio del colegio donde han aprendido este cap\u00edtulo de la vida de Don Bosco. Gracias a todos los que han [&hellip;]<\/p>\n","protected":false},"author":2,"featured_media":77901,"comment_status":"closed","ping_status":"closed","sticky":false,"template":"","format":"standard","meta":{"_et_pb_use_builder":"on","_et_pb_old_content":"<div dir=\"auto\">\u00a0<\/div><div dir=\"auto\">\u00a0<\/div><div dir=\"auto\">Un a\u00f1o m\u00e1s, nuestra Asociaci\u00f3n de Antiguos Alumnos ha tenido el placer de organizar la fiesta para conmemorar el milagro de la multiplicaci\u00f3n de las Casta\u00f1as de Don Bosco. Numerosos j\u00f3venes se han acercado al patio del colegio donde han aprendido este cap\u00edtulo de la vida de Don Bosco.<\/div><div dir=\"auto\">Gracias a todos los que han participado en la preparaci\u00f3n y en el desarrollo de la fiesta, y gracias a los que os hab\u00e9is acercado al patio a acompa\u00f1arnos.. \u00a1\u00a1En 2023 os esperamos de nuevo!!<\/div>","_et_gb_content_width":"","footnotes":""},"categories":[2,101],"tags":[],"class_list":["post-77900","post","type-post","status-publish","format-standard","has-post-thumbnail","hentry","category-asoc-antiguos-alumnos","category-familia-salesiana"],"yoast_head":"<!-- This site is optimized with the Yoast SEO plugin v28.3 - https:\/\/yoast.com\/product\/yoast-seo-wordpress\/ -->\n<title>La Asociaci\u00f3n de Antiguos Alumnos celebra fiesta de la multiplicaci\u00f3n de las casta\u00f1as - Familia Salesiana | Salesianos M\u00e1laga<\/title>\n<meta name=\"robots\" content=\"index, follow, max-snippet:-1, max-image-preview:large, max-video-preview:-1\" \/>\n<link rel=\"canonical\" href=\"https:\/\/malaga.salesianos.edu\/familiasalesiana\/blog\/la-asociacion-de-antiguos-alumnos-celebra-fiesta-de-la-multiplicacion-de-las-castanas\/\" \/>\n<meta property=\"og:locale\" content=\"es_ES\" \/>\n<meta property=\"og:type\" content=\"article\" \/>\n<meta property=\"og:title\" content=\"La Asociaci\u00f3n de Antiguos Alumnos celebra fiesta de la multiplicaci\u00f3n de las casta\u00f1as - Familia Salesiana | Salesianos M\u00e1laga\" \/>\n<meta property=\"og:description\" content=\"Un a\u00f1o m\u00e1s, nuestra Asociaci\u00f3n de Antiguos Alumnos ha tenido el placer de organizar la fiesta para conmemorar el milagro de la multiplicaci\u00f3n de las Casta\u00f1as de Don Bosco. Numerosos j\u00f3venes se han acercado al patio del colegio donde han aprendido este cap\u00edtulo de la vida de Don Bosco. Gracias a todos los que han [&hellip;]\" \/>\n<meta property=\"og:url\" content=\"https:\/\/malaga.salesianos.edu\/familiasalesiana\/blog\/la-asociacion-de-antiguos-alumnos-celebra-fiesta-de-la-multiplicacion-de-las-castanas\/\" \/>\n<meta property=\"og:site_name\" content=\"Familia Salesiana | Salesianos M\u00e1laga\" \/>\n<meta property=\"article:published_time\" content=\"2022-10-29T21:36:49+00:00\" \/>\n<meta property=\"article:modified_time\" content=\"2022-11-04T20:42:57+00:00\" \/>\n<meta property=\"og:image\" content=\"https:\/\/malaga.salesianos.edu\/familiasalesiana\/wp-content\/uploads\/sites\/8\/2022\/10\/Castanas_AAAA.jpeg\" \/>\n\t<meta property=\"og:image:width\" content=\"848\" \/>\n\t<meta property=\"og:image:height\" content=\"1200\" \/>\n\t<meta property=\"og:image:type\" content=\"image\/jpeg\" \/>\n<meta name=\"author\" content=\"Comunicaci\u00f3n MLG\" \/>\n<meta name=\"twitter:card\" content=\"summary_large_image\" \/>\n<meta name=\"twitter:label1\" content=\"Escrito por\" \/>\n\t<meta name=\"twitter:data1\" content=\"Comunicaci\u00f3n MLG\" \/>\n\t<meta name=\"twitter:label2\" content=\"Tiempo de lectura\" \/>\n\t<meta name=\"twitter:data2\" content=\"1 minuto\" \/>\n<script type=\"application\/ld+json\" class=\"yoast-schema-graph\">{\"@context\":\"https:\\\/\\\/schema.org\",\"@graph\":[{\"@type\":\"Article\",\"@id\":\"https:\\\/\\\/malaga.salesianos.edu\\\/familiasalesiana\\\/blog\\\/la-asociacion-de-antiguos-alumnos-celebra-fiesta-de-la-multiplicacion-de-las-castanas\\\/#article\",\"isPartOf\":{\"@id\":\"https:\\\/\\\/malaga.salesianos.edu\\\/familiasalesiana\\\/blog\\\/la-asociacion-de-antiguos-alumnos-celebra-fiesta-de-la-multiplicacion-de-las-castanas\\\/\"},\"author\":{\"name\":\"Comunicaci\u00f3n MLG\",\"@id\":\"https:\\\/\\\/malaga.salesianos.edu\\\/familiasalesiana\\\/#\\\/schema\\\/person\\\/fd7e7b338b40e1c817a659fe5fce718b\"},\"headline\":\"La Asociaci\u00f3n de Antiguos Alumnos celebra fiesta de la multiplicaci\u00f3n de las casta\u00f1as\",\"datePublished\":\"2022-10-29T21:36:49+00:00\",\"dateModified\":\"2022-11-04T20:42:57+00:00\",\"mainEntityOfPage\":{\"@id\":\"https:\\\/\\\/malaga.salesianos.edu\\\/familiasalesiana\\\/blog\\\/la-asociacion-de-antiguos-alumnos-celebra-fiesta-de-la-multiplicacion-de-las-castanas\\\/\"},\"wordCount\":185,\"image\":{\"@id\":\"https:\\\/\\\/malaga.salesianos.edu\\\/familiasalesiana\\\/blog\\\/la-asociacion-de-antiguos-alumnos-celebra-fiesta-de-la-multiplicacion-de-las-castanas\\\/#primaryimage\"},\"thumbnailUrl\":\"https:\\\/\\\/malaga.salesianos.edu\\\/familiasalesiana\\\/wp-content\\\/uploads\\\/sites\\\/8\\\/2022\\\/10\\\/Castanas_AAAA.jpeg\",\"articleSection\":[\"Asoc. Antiguos Alumnos\",\"Familia Salesiana\"],\"inLanguage\":\"es\"},{\"@type\":\"WebPage\",\"@id\":\"https:\\\/\\\/malaga.salesianos.edu\\\/familiasalesiana\\\/blog\\\/la-asociacion-de-antiguos-alumnos-celebra-fiesta-de-la-multiplicacion-de-las-castanas\\\/\",\"url\":\"https:\\\/\\\/malaga.salesianos.edu\\\/familiasalesiana\\\/blog\\\/la-asociacion-de-antiguos-alumnos-celebra-fiesta-de-la-multiplicacion-de-las-castanas\\\/\",\"name\":\"La Asociaci\u00f3n de Antiguos Alumnos celebra fiesta de la multiplicaci\u00f3n de las casta\u00f1as - Familia Salesiana | Salesianos M\u00e1laga\",\"isPartOf\":{\"@id\":\"https:\\\/\\\/malaga.salesianos.edu\\\/familiasalesiana\\\/#website\"},\"primaryImageOfPage\":{\"@id\":\"https:\\\/\\\/malaga.salesianos.edu\\\/familiasalesiana\\\/blog\\\/la-asociacion-de-antiguos-alumnos-celebra-fiesta-de-la-multiplicacion-de-las-castanas\\\/#primaryimage\"},\"image\":{\"@id\":\"https:\\\/\\\/malaga.salesianos.edu\\\/familiasalesiana\\\/blog\\\/la-asociacion-de-antiguos-alumnos-celebra-fiesta-de-la-multiplicacion-de-las-castanas\\\/#primaryimage\"},\"thumbnailUrl\":\"https:\\\/\\\/malaga.salesianos.edu\\\/familiasalesiana\\\/wp-content\\\/uploads\\\/sites\\\/8\\\/2022\\\/10\\\/Castanas_AAAA.jpeg\",\"datePublished\":\"2022-10-29T21:36:49+00:00\",\"dateModified\":\"2022-11-04T20:42:57+00:00\",\"author\":{\"@id\":\"https:\\\/\\\/malaga.salesianos.edu\\\/familiasalesiana\\\/#\\\/schema\\\/person\\\/fd7e7b338b40e1c817a659fe5fce718b\"},\"breadcrumb\":{\"@id\":\"https:\\\/\\\/malaga.salesianos.edu\\\/familiasalesiana\\\/blog\\\/la-asociacion-de-antiguos-alumnos-celebra-fiesta-de-la-multiplicacion-de-las-castanas\\\/#breadcrumb\"},\"inLanguage\":\"es\",\"potentialAction\":[{\"@type\":\"ReadAction\",\"target\":[\"https:\\\/\\\/malaga.salesianos.edu\\\/familiasalesiana\\\/blog\\\/la-asociacion-de-antiguos-alumnos-celebra-fiesta-de-la-multiplicacion-de-las-castanas\\\/\"]}]},{\"@type\":\"ImageObject\",\"inLanguage\":\"es\",\"@id\":\"https:\\\/\\\/malaga.salesianos.edu\\\/familiasalesiana\\\/blog\\\/la-asociacion-de-antiguos-alumnos-celebra-fiesta-de-la-multiplicacion-de-las-castanas\\\/#primaryimage\",\"url\":\"https:\\\/\\\/malaga.salesianos.edu\\\/familiasalesiana\\\/wp-content\\\/uploads\\\/sites\\\/8\\\/2022\\\/10\\\/Castanas_AAAA.jpeg\",\"contentUrl\":\"https:\\\/\\\/malaga.salesianos.edu\\\/familiasalesiana\\\/wp-content\\\/uploads\\\/sites\\\/8\\\/2022\\\/10\\\/Castanas_AAAA.jpeg\",\"width\":848,\"height\":1200},{\"@type\":\"BreadcrumbList\",\"@id\":\"https:\\\/\\\/malaga.salesianos.edu\\\/familiasalesiana\\\/blog\\\/la-asociacion-de-antiguos-alumnos-celebra-fiesta-de-la-multiplicacion-de-las-castanas\\\/#breadcrumb\",\"itemListElement\":[{\"@type\":\"ListItem\",\"position\":1,\"name\":\"Portada\",\"item\":\"https:\\\/\\\/malaga.salesianos.edu\\\/familiasalesiana\\\/\"},{\"@type\":\"ListItem\",\"position\":2,\"name\":\"La Asociaci\u00f3n de Antiguos Alumnos celebra fiesta de la multiplicaci\u00f3n de las casta\u00f1as\"}]},{\"@type\":\"WebSite\",\"@id\":\"https:\\\/\\\/malaga.salesianos.edu\\\/familiasalesiana\\\/#website\",\"url\":\"https:\\\/\\\/malaga.salesianos.edu\\\/familiasalesiana\\\/\",\"name\":\"Familia Salesiana | Salesianos M\u00e1laga\",\"description\":\"Familia Salesiana | Salesianos M\u00e1laga, ADMA, Asociaci\u00f3n de antiguos alumnos, Hermandad Salesiana, Salesianos Cooperadores\",\"potentialAction\":[{\"@type\":\"SearchAction\",\"target\":{\"@type\":\"EntryPoint\",\"urlTemplate\":\"https:\\\/\\\/malaga.salesianos.edu\\\/familiasalesiana\\\/?s={search_term_string}\"},\"query-input\":{\"@type\":\"PropertyValueSpecification\",\"valueRequired\":true,\"valueName\":\"search_term_string\"}}],\"inLanguage\":\"es\"},{\"@type\":\"Person\",\"@id\":\"https:\\\/\\\/malaga.salesianos.edu\\\/familiasalesiana\\\/#\\\/schema\\\/person\\\/fd7e7b338b40e1c817a659fe5fce718b\",\"name\":\"Comunicaci\u00f3n MLG\",\"image\":{\"@type\":\"ImageObject\",\"inLanguage\":\"es\",\"@id\":\"https:\\\/\\\/secure.gravatar.com\\\/avatar\\\/2ce5c66be6c7ab6b098b2ac29099a68d1cdb824afbb8aadf744614ce719778ff?s=96&d=mm&r=g\",\"url\":\"https:\\\/\\\/secure.gravatar.com\\\/avatar\\\/2ce5c66be6c7ab6b098b2ac29099a68d1cdb824afbb8aadf744614ce719778ff?s=96&d=mm&r=g\",\"contentUrl\":\"https:\\\/\\\/secure.gravatar.com\\\/avatar\\\/2ce5c66be6c7ab6b098b2ac29099a68d1cdb824afbb8aadf744614ce719778ff?s=96&d=mm&r=g\",\"caption\":\"Comunicaci\u00f3n MLG\"}}]}<\/script>\n<!-- \/ Yoast SEO plugin. -->","yoast_head_json":{"title":"La Asociaci\u00f3n de Antiguos Alumnos celebra fiesta de la multiplicaci\u00f3n de las casta\u00f1as - Familia Salesiana | Salesianos M\u00e1laga","robots":{"index":"index","follow":"follow","max-snippet":"max-snippet:-1","max-image-preview":"max-image-preview:large","max-video-preview":"max-video-preview:-1"},"canonical":"https:\/\/malaga.salesianos.edu\/familiasalesiana\/blog\/la-asociacion-de-antiguos-alumnos-celebra-fiesta-de-la-multiplicacion-de-las-castanas\/","og_locale":"es_ES","og_type":"article","og_title":"La Asociaci\u00f3n de Antiguos Alumnos celebra fiesta de la multiplicaci\u00f3n de las casta\u00f1as - Familia Salesiana | Salesianos M\u00e1laga","og_description":"Un a\u00f1o m\u00e1s, nuestra Asociaci\u00f3n de Antiguos Alumnos ha tenido el placer de organizar la fiesta para conmemorar el milagro de la multiplicaci\u00f3n de las Casta\u00f1as de Don Bosco. Numerosos j\u00f3venes se han acercado al patio del colegio donde han aprendido este cap\u00edtulo de la vida de Don Bosco. Gracias a todos los que han [&hellip;]","og_url":"https:\/\/malaga.salesianos.edu\/familiasalesiana\/blog\/la-asociacion-de-antiguos-alumnos-celebra-fiesta-de-la-multiplicacion-de-las-castanas\/","og_site_name":"Familia Salesiana | Salesianos M\u00e1laga","article_published_time":"2022-10-29T21:36:49+00:00","article_modified_time":"2022-11-04T20:42:57+00:00","og_image":[{"width":848,"height":1200,"url":"https:\/\/malaga.salesianos.edu\/familiasalesiana\/wp-content\/uploads\/sites\/8\/2022\/10\/Castanas_AAAA.jpeg","type":"image\/jpeg"}],"author":"Comunicaci\u00f3n MLG","twitter_card":"summary_large_image","twitter_misc":{"Escrito por":"Comunicaci\u00f3n MLG","Tiempo de lectura":"1 minuto"},"schema":{"@context":"https:\/\/schema.org","@graph":[{"@type":"Article","@id":"https:\/\/malaga.salesianos.edu\/familiasalesiana\/blog\/la-asociacion-de-antiguos-alumnos-celebra-fiesta-de-la-multiplicacion-de-las-castanas\/#article","isPartOf":{"@id":"https:\/\/malaga.salesianos.edu\/familiasalesiana\/blog\/la-asociacion-de-antiguos-alumnos-celebra-fiesta-de-la-multiplicacion-de-las-castanas\/"},"author":{"name":"Comunicaci\u00f3n MLG","@id":"https:\/\/malaga.salesianos.edu\/familiasalesiana\/#\/schema\/person\/fd7e7b338b40e1c817a659fe5fce718b"},"headline":"La Asociaci\u00f3n de Antiguos Alumnos celebra fiesta de la multiplicaci\u00f3n de las casta\u00f1as","datePublished":"2022-10-29T21:36:49+00:00","dateModified":"2022-11-04T20:42:57+00:00","mainEntityOfPage":{"@id":"https:\/\/malaga.salesianos.edu\/familiasalesiana\/blog\/la-asociacion-de-antiguos-alumnos-celebra-fiesta-de-la-multiplicacion-de-las-castanas\/"},"wordCount":185,"image":{"@id":"https:\/\/malaga.salesianos.edu\/familiasalesiana\/blog\/la-asociacion-de-antiguos-alumnos-celebra-fiesta-de-la-multiplicacion-de-las-castanas\/#primaryimage"},"thumbnailUrl":"https:\/\/malaga.salesianos.edu\/familiasalesiana\/wp-content\/uploads\/sites\/8\/2022\/10\/Castanas_AAAA.jpeg","articleSection":["Asoc. Antiguos Alumnos","Familia Salesiana"],"inLanguage":"es"},{"@type":"WebPage","@id":"https:\/\/malaga.salesianos.edu\/familiasalesiana\/blog\/la-asociacion-de-antiguos-alumnos-celebra-fiesta-de-la-multiplicacion-de-las-castanas\/","url":"https:\/\/malaga.salesianos.edu\/familiasalesiana\/blog\/la-asociacion-de-antiguos-alumnos-celebra-fiesta-de-la-multiplicacion-de-las-castanas\/","name":"La Asociaci\u00f3n de Antiguos Alumnos celebra fiesta de la multiplicaci\u00f3n de las casta\u00f1as - Familia Salesiana | Salesianos M\u00e1laga","isPartOf":{"@id":"https:\/\/malaga.salesianos.edu\/familiasalesiana\/#website"},"primaryImageOfPage":{"@id":"https:\/\/malaga.salesianos.edu\/familiasalesiana\/blog\/la-asociacion-de-antiguos-alumnos-celebra-fiesta-de-la-multiplicacion-de-las-castanas\/#primaryimage"},"image":{"@id":"https:\/\/malaga.salesianos.edu\/familiasalesiana\/blog\/la-asociacion-de-antiguos-alumnos-celebra-fiesta-de-la-multiplicacion-de-las-castanas\/#primaryimage"},"thumbnailUrl":"https:\/\/malaga.salesianos.edu\/familiasalesiana\/wp-content\/uploads\/sites\/8\/2022\/10\/Castanas_AAAA.jpeg","datePublished":"2022-10-29T21:36:49+00:00","dateModified":"2022-11-04T20:42:57+00:00","author":{"@id":"https:\/\/malaga.salesianos.edu\/familiasalesiana\/#\/schema\/person\/fd7e7b338b40e1c817a659fe5fce718b"},"breadcrumb":{"@id":"https:\/\/malaga.salesianos.edu\/familiasalesiana\/blog\/la-asociacion-de-antiguos-alumnos-celebra-fiesta-de-la-multiplicacion-de-las-castanas\/#breadcrumb"},"inLanguage":"es","potentialAction":[{"@type":"ReadAction","target":["https:\/\/malaga.salesianos.edu\/familiasalesiana\/blog\/la-asociacion-de-antiguos-alumnos-celebra-fiesta-de-la-multiplicacion-de-las-castanas\/"]}]},{"@type":"ImageObject","inLanguage":"es","@id":"https:\/\/malaga.salesianos.edu\/familiasalesiana\/blog\/la-asociacion-de-antiguos-alumnos-celebra-fiesta-de-la-multiplicacion-de-las-castanas\/#primaryimage","url":"https:\/\/malaga.salesianos.edu\/familiasalesiana\/wp-content\/uploads\/sites\/8\/2022\/10\/Castanas_AAAA.jpeg","contentUrl":"https:\/\/malaga.salesianos.edu\/familiasalesiana\/wp-content\/uploads\/sites\/8\/2022\/10\/Castanas_AAAA.jpeg","width":848,"height":1200},{"@type":"BreadcrumbList","@id":"https:\/\/malaga.salesianos.edu\/familiasalesiana\/blog\/la-asociacion-de-antiguos-alumnos-celebra-fiesta-de-la-multiplicacion-de-las-castanas\/#breadcrumb","itemListElement":[{"@type":"ListItem","position":1,"name":"Portada","item":"https:\/\/malaga.salesianos.edu\/familiasalesiana\/"},{"@type":"ListItem","position":2,"name":"La Asociaci\u00f3n de Antiguos Alumnos celebra fiesta de la multiplicaci\u00f3n de las casta\u00f1as"}]},{"@type":"WebSite","@id":"https:\/\/malaga.salesianos.edu\/familiasalesiana\/#website","url":"https:\/\/malaga.salesianos.edu\/familiasalesiana\/","name":"Familia Salesiana | Salesianos M\u00e1laga","description":"Familia Salesiana | Salesianos M\u00e1laga, ADMA, Asociaci\u00f3n de antiguos alumnos, Hermandad Salesiana, Salesianos Cooperadores","potentialAction":[{"@type":"SearchAction","target":{"@type":"EntryPoint","urlTemplate":"https:\/\/malaga.salesianos.edu\/familiasalesiana\/?s={search_term_string}"},"query-input":{"@type":"PropertyValueSpecification","valueRequired":true,"valueName":"search_term_string"}}],"inLanguage":"es"},{"@type":"Person","@id":"https:\/\/malaga.salesianos.edu\/familiasalesiana\/#\/schema\/person\/fd7e7b338b40e1c817a659fe5fce718b","name":"Comunicaci\u00f3n MLG","image":{"@type":"ImageObject","inLanguage":"es","@id":"https:\/\/secure.gravatar.com\/avatar\/2ce5c66be6c7ab6b098b2ac29099a68d1cdb824afbb8aadf744614ce719778ff?s=96&d=mm&r=g","url":"https:\/\/secure.gravatar.com\/avatar\/2ce5c66be6c7ab6b098b2ac29099a68d1cdb824afbb8aadf744614ce719778ff?s=96&d=mm&r=g","contentUrl":"https:\/\/secure.gravatar.com\/avatar\/2ce5c66be6c7ab6b098b2ac29099a68d1cdb824afbb8aadf744614ce719778ff?s=96&d=mm&r=g","caption":"Comunicaci\u00f3n MLG"}}]}},"_links":{"self":[{"href":"https:\/\/malaga.salesianos.edu\/familiasalesiana\/wp-json\/wp\/v2\/posts\/77900","targetHints":{"allow":["GET"]}}],"collection":[{"href":"https:\/\/malaga.salesianos.edu\/familiasalesiana\/wp-json\/wp\/v2\/posts"}],"about":[{"href":"https:\/\/malaga.salesianos.edu\/familiasalesiana\/wp-json\/wp\/v2\/types\/post"}],"author":[{"embeddable":true,"href":"https:\/\/malaga.salesianos.edu\/familiasalesiana\/wp-json\/wp\/v2\/users\/2"}],"replies":[{"embeddable":true,"href":"https:\/\/malaga.salesianos.edu\/familiasalesiana\/wp-json\/wp\/v2\/comments?post=77900"}],"version-history":[{"count":5,"href":"https:\/\/malaga.salesianos.edu\/familiasalesiana\/wp-json\/wp\/v2\/posts\/77900\/revisions"}],"predecessor-version":[{"id":77975,"href":"https:\/\/malaga.salesianos.edu\/familiasalesiana\/wp-json\/wp\/v2\/posts\/77900\/revisions\/77975"}],"wp:featuredmedia":[{"embeddable":true,"href":"https:\/\/malaga.salesianos.edu\/familiasalesiana\/wp-json\/wp\/v2\/media\/77901"}],"wp:attachment":[{"href":"https:\/\/malaga.salesianos.edu\/familiasalesiana\/wp-json\/wp\/v2\/media?parent=77900"}],"wp:term":[{"taxonomy":"category","embeddable":true,"href":"https:\/\/malaga.salesianos.edu\/familiasalesiana\/wp-json\/wp\/v2\/categories?post=77900"},{"taxonomy":"post_tag","embeddable":true,"href":"https:\/\/malaga.salesianos.edu\/familiasalesiana\/wp-json\/wp\/v2\/tags?post=77900"}],"curies":[{"name":"wp","href":"https:\/\/api.w.org\/{rel}","templated":true}]}}