{"id":5261,"date":"2018-01-30T10:46:09","date_gmt":"2018-01-30T09:46:09","guid":{"rendered":"https:\/\/malaga.salesianos.edu\/familiasalesiana\/aguinaldo-del-rector-mayor-2018-cultivemos-arte-escuchar-acompanar\/"},"modified":"2018-01-30T10:46:10","modified_gmt":"2018-01-30T09:46:10","slug":"aguinaldo-del-rector-mayor-2018-cultivemos-arte-escuchar-acompanar","status":"publish","type":"post","link":"https:\/\/malaga.salesianos.edu\/familiasalesiana\/blog\/aguinaldo-del-rector-mayor-2018-cultivemos-arte-escuchar-acompanar\/","title":{"rendered":"Aguinaldo del Rector Mayor 2018. Cultivemos el arte de escuchar y acompa\u00f1ar"},"content":{"rendered":"<p>[et_pb_section bb_built=\u00bb1&#8243; admin_label=\u00bbsection\u00bb custom_padding=\u00bb2px|0px|54px|0px\u00bb][et_pb_row admin_label=\u00bbrow\u00bb][et_pb_column type=\u00bb4_4&#8243;][et_pb_text admin_label=\u00bbAutor\u00bb background_layout=\u00bblight\u00bb use_border_color=\u00bboff\u00bb border_color=\u00bb#ffffff\u00bb border_style=\u00bbsolid\u00bb _builder_version=\u00bb3.0.98&#8243;]<\/p>\n<p>Por Pastoral Juvenil<\/p>\n<p>[\/et_pb_text][et_pb_text admin_label=\u00bbEntradilla\u00bb text_font=\u00bb|on|||\u00bb background_layout=\u00bblight\u00bb text_orientation=\u00bbjustified\u00bb use_border_color=\u00bboff\u00bb border_color=\u00bb#ffffff\u00bb border_style=\u00bbsolid\u00bb _builder_version=\u00bb3.0.98&#8243;]<\/p>\n<p><strong><em>El Rector Mayor &#8211; de los Salesianos &#8211; Padre. \u00c1ngel Fern\u00e1ndez Artime presentat\u00f3 oficialmente el Aguinaldo 2018. Este mensaje anual nos invita a interiorizar, vivir y compartir a partir de nuestra labor pastoral o educativa (al estilo de San Juan Bosco).<\/em><\/strong><\/p>\n<hr \/>\n<p>[\/et_pb_text][et_pb_text admin_label=\u00bbDesarrollo\u00bb background_layout=\u00bblight\u00bb text_orientation=\u00bbjustified\u00bb use_border_color=\u00bboff\u00bb border_color=\u00bb#ffffff\u00bb border_style=\u00bbsolid\u00bb _builder_version=\u00bb3.0.98&#8243;]<\/p>\n<p>El agua de vida, aquella que solo Jes\u00fas puede dar; la escucha que los salesianos hacen en la educaci\u00f3n a los j\u00f3venes, son los elementos fundamentales del Aguinaldo 2018 que tiene como t\u00edtulo: &#8216;Se\u00f1or, dame de esa agua. CULTIVEMOS EL ARTE DE ESCUCHAR Y ACOMPA\u00d1AR&#8217;. El Rector Mayor, P. \u00c1ngel Fern\u00e1ndez Artime, durante los trabajos de verano del Consejo General, present\u00f3 el tema y las directrices para el Aguinaldo que ser\u00e1 transmitido, como de costumbre, al finalizar el a\u00f1o.<\/p>\n<p>\u00abEl lema del Aguinaldo &#8211; escribe el Rector \u2013 parte de la petici\u00f3n que con fuerza hace la mujer Samaritana a Jes\u00fas en el pozo de Jacob. En el encuentro ella se sinti\u00f3 escuchada, respetada y valorada, y su coraz\u00f3n la lleva a pedir algo m\u00e1s valioso: \u2018Se\u00f1or, dame de esa agua\u2019 (de vida plena que me ofreces)\u201d.<\/p>\n<p>\u201cSiguiendo el hilo conductor de este pasaje evang\u00e9lico, presentaremos, en el marco del pr\u00f3ximo S\u00ednodo de Obispos (Los J\u00f3venes, la Fe y el Discernimiento Vocacional)- contin\u00faa el Rector Mayor \u2013\u00a0 la importancia que tiene para toda nuestra familia salesiana y su misi\u00f3n en el mundo, cultivar el precioso arte de la escucha y el acompa\u00f1amiento, con las condiciones que han de darse, las exigencias y el servicio que encierra en s\u00ed mismo, tanto escuchar como acompa\u00f1ar, en el camino del crecimiento personal cristiano y vocacional\u201d<\/p>\n<p>Las l\u00edneas gu\u00edas del Aguinaldo 2018 se articular\u00e1 en cinco partes:<\/p>\n<p>&#8211; UN ENCUENTRO QUE NO DEJA INDIFERENTE, la que existi\u00f3 entre Jes\u00fas y la Samaritana, y que debe ser un modelo de relaci\u00f3n con los j\u00f3venes.<\/p>\n<p>&#8211; UN ENCUENTRO QUE LANZA HACIA ADELANTE A LA PERSONA. Siguiendo el ejemplo de Jes\u00fas que escucha y acompa\u00f1a, es necesario apoyar un proceso educativo de escucha y acompa\u00f1amiento.<\/p>\n<p>&#8211; UN ENCUENTRO QUE TRANSFORMA LAS VIDAS. As\u00ed como la Samaritana cambi\u00f3 su vida, el encuentro con los j\u00f3venes debe cambiar la vida la vida de ellos, y nuestras vidas.<\/p>\n<p>&#8211; PARA LLEVAR A CABO QU\u00c9 ACCI\u00d3N PASTORAL. Esta capitulo tratar\u00e1 de una aplicaci\u00f3n pastoral con las claves pastorales de Iglesia y tambi\u00e9n con lo m\u00e1s propio de nuestra espiritualidad salesiana<\/p>\n<p>&#8211; DE LA MANO DE LA SAMARITANA.<\/p>\n<p>&nbsp;<\/p>\n<blockquote>\n<h3><strong>Video:<\/strong><\/h3>\n<\/blockquote>\n<p>[\/et_pb_text][et_pb_video _builder_version=\u00bb3.0.98&#8243; src=\u00bbhttps:\/\/youtu.be\/BTnwPdRi25w\u00bb \/][\/et_pb_column][\/et_pb_row][\/et_pb_section]<\/p>\n","protected":false},"excerpt":{"rendered":"<p>El Rector Mayor &#8211; de los Salesianos &#8211; Padre. \u00c1ngel Fern\u00e1ndez Artime presentat\u00f3 oficialmente el Aguinaldo 2018. Este mensaje anual nos invita a interiorizar, vivir y compartir a partir de nuestra labor pastoral o educativa.<\/p>\n","protected":false},"author":2,"featured_media":5262,"comment_status":"open","ping_status":"open","sticky":false,"template":"","format":"standard","meta":{"_et_pb_use_builder":"on","_et_pb_old_content":"","_et_gb_content_width":"","footnotes":""},"categories":[113,101],"tags":[],"class_list":["post-5261","post","type-post","status-publish","format-standard","has-post-thumbnail","hentry","category-casa","category-familia-salesiana"],"yoast_head":"<!-- This site is optimized with the Yoast SEO plugin v28.3 - https:\/\/yoast.com\/product\/yoast-seo-wordpress\/ -->\n<title>Aguinaldo del Rector Mayor 2018. Cultivemos el arte de escuchar y acompa\u00f1ar - Familia Salesiana | Salesianos M\u00e1laga<\/title>\n<meta name=\"robots\" content=\"index, follow, max-snippet:-1, max-image-preview:large, max-video-preview:-1\" \/>\n<link rel=\"canonical\" href=\"https:\/\/malaga.salesianos.edu\/familiasalesiana\/blog\/aguinaldo-del-rector-mayor-2018-cultivemos-arte-escuchar-acompanar\/\" \/>\n<meta property=\"og:locale\" content=\"es_ES\" \/>\n<meta property=\"og:type\" content=\"article\" \/>\n<meta property=\"og:title\" content=\"Aguinaldo del Rector Mayor 2018. Cultivemos el arte de escuchar y acompa\u00f1ar - Familia Salesiana | Salesianos M\u00e1laga\" \/>\n<meta property=\"og:description\" content=\"El Rector Mayor - de los Salesianos - Padre. \u00c1ngel Fern\u00e1ndez Artime presentat\u00f3 oficialmente el Aguinaldo 2018. Este mensaje anual nos invita a interiorizar, vivir y compartir a partir de nuestra labor pastoral o educativa.\" \/>\n<meta property=\"og:url\" content=\"https:\/\/malaga.salesianos.edu\/familiasalesiana\/blog\/aguinaldo-del-rector-mayor-2018-cultivemos-arte-escuchar-acompanar\/\" \/>\n<meta property=\"og:site_name\" content=\"Familia Salesiana | Salesianos M\u00e1laga\" \/>\n<meta property=\"article:published_time\" content=\"2018-01-30T09:46:09+00:00\" \/>\n<meta property=\"article:modified_time\" content=\"2018-01-30T09:46:10+00:00\" \/>\n<meta property=\"og:image\" content=\"https:\/\/malaga.salesianos.edu\/familiasalesiana\/wp-content\/uploads\/sites\/8\/2018\/01\/20170728AguinaldoRM.jpg\" \/>\n\t<meta property=\"og:image:width\" content=\"655\" \/>\n\t<meta property=\"og:image:height\" content=\"427\" \/>\n\t<meta property=\"og:image:type\" content=\"image\/jpeg\" \/>\n<meta name=\"author\" content=\"Comunicaci\u00f3n MLG\" \/>\n<meta name=\"twitter:card\" content=\"summary_large_image\" \/>\n<meta name=\"twitter:label1\" content=\"Escrito por\" \/>\n\t<meta name=\"twitter:data1\" content=\"Comunicaci\u00f3n MLG\" \/>\n\t<meta name=\"twitter:label2\" content=\"Tiempo de lectura\" \/>\n\t<meta name=\"twitter:data2\" content=\"3 minutos\" \/>\n<script type=\"application\/ld+json\" class=\"yoast-schema-graph\">{\"@context\":\"https:\\\/\\\/schema.org\",\"@graph\":[{\"@type\":\"Article\",\"@id\":\"https:\\\/\\\/malaga.salesianos.edu\\\/familiasalesiana\\\/blog\\\/aguinaldo-del-rector-mayor-2018-cultivemos-arte-escuchar-acompanar\\\/#article\",\"isPartOf\":{\"@id\":\"https:\\\/\\\/malaga.salesianos.edu\\\/familiasalesiana\\\/blog\\\/aguinaldo-del-rector-mayor-2018-cultivemos-arte-escuchar-acompanar\\\/\"},\"author\":{\"name\":\"Comunicaci\u00f3n MLG\",\"@id\":\"https:\\\/\\\/malaga.salesianos.edu\\\/familiasalesiana\\\/#\\\/schema\\\/person\\\/fd7e7b338b40e1c817a659fe5fce718b\"},\"headline\":\"Aguinaldo del Rector Mayor 2018. Cultivemos el arte de escuchar y acompa\u00f1ar\",\"datePublished\":\"2018-01-30T09:46:09+00:00\",\"dateModified\":\"2018-01-30T09:46:10+00:00\",\"mainEntityOfPage\":{\"@id\":\"https:\\\/\\\/malaga.salesianos.edu\\\/familiasalesiana\\\/blog\\\/aguinaldo-del-rector-mayor-2018-cultivemos-arte-escuchar-acompanar\\\/\"},\"wordCount\":570,\"commentCount\":0,\"image\":{\"@id\":\"https:\\\/\\\/malaga.salesianos.edu\\\/familiasalesiana\\\/blog\\\/aguinaldo-del-rector-mayor-2018-cultivemos-arte-escuchar-acompanar\\\/#primaryimage\"},\"thumbnailUrl\":\"https:\\\/\\\/malaga.salesianos.edu\\\/familiasalesiana\\\/wp-content\\\/uploads\\\/sites\\\/8\\\/2018\\\/01\\\/20170728AguinaldoRM.jpg\",\"articleSection\":[\"Casa\",\"Familia Salesiana\"],\"inLanguage\":\"es\",\"potentialAction\":[{\"@type\":\"CommentAction\",\"name\":\"Comment\",\"target\":[\"https:\\\/\\\/malaga.salesianos.edu\\\/familiasalesiana\\\/blog\\\/aguinaldo-del-rector-mayor-2018-cultivemos-arte-escuchar-acompanar\\\/#respond\"]}]},{\"@type\":\"WebPage\",\"@id\":\"https:\\\/\\\/malaga.salesianos.edu\\\/familiasalesiana\\\/blog\\\/aguinaldo-del-rector-mayor-2018-cultivemos-arte-escuchar-acompanar\\\/\",\"url\":\"https:\\\/\\\/malaga.salesianos.edu\\\/familiasalesiana\\\/blog\\\/aguinaldo-del-rector-mayor-2018-cultivemos-arte-escuchar-acompanar\\\/\",\"name\":\"Aguinaldo del Rector Mayor 2018. Cultivemos el arte de escuchar y acompa\u00f1ar - Familia Salesiana | Salesianos M\u00e1laga\",\"isPartOf\":{\"@id\":\"https:\\\/\\\/malaga.salesianos.edu\\\/familiasalesiana\\\/#website\"},\"primaryImageOfPage\":{\"@id\":\"https:\\\/\\\/malaga.salesianos.edu\\\/familiasalesiana\\\/blog\\\/aguinaldo-del-rector-mayor-2018-cultivemos-arte-escuchar-acompanar\\\/#primaryimage\"},\"image\":{\"@id\":\"https:\\\/\\\/malaga.salesianos.edu\\\/familiasalesiana\\\/blog\\\/aguinaldo-del-rector-mayor-2018-cultivemos-arte-escuchar-acompanar\\\/#primaryimage\"},\"thumbnailUrl\":\"https:\\\/\\\/malaga.salesianos.edu\\\/familiasalesiana\\\/wp-content\\\/uploads\\\/sites\\\/8\\\/2018\\\/01\\\/20170728AguinaldoRM.jpg\",\"datePublished\":\"2018-01-30T09:46:09+00:00\",\"dateModified\":\"2018-01-30T09:46:10+00:00\",\"author\":{\"@id\":\"https:\\\/\\\/malaga.salesianos.edu\\\/familiasalesiana\\\/#\\\/schema\\\/person\\\/fd7e7b338b40e1c817a659fe5fce718b\"},\"breadcrumb\":{\"@id\":\"https:\\\/\\\/malaga.salesianos.edu\\\/familiasalesiana\\\/blog\\\/aguinaldo-del-rector-mayor-2018-cultivemos-arte-escuchar-acompanar\\\/#breadcrumb\"},\"inLanguage\":\"es\",\"potentialAction\":[{\"@type\":\"ReadAction\",\"target\":[\"https:\\\/\\\/malaga.salesianos.edu\\\/familiasalesiana\\\/blog\\\/aguinaldo-del-rector-mayor-2018-cultivemos-arte-escuchar-acompanar\\\/\"]}]},{\"@type\":\"ImageObject\",\"inLanguage\":\"es\",\"@id\":\"https:\\\/\\\/malaga.salesianos.edu\\\/familiasalesiana\\\/blog\\\/aguinaldo-del-rector-mayor-2018-cultivemos-arte-escuchar-acompanar\\\/#primaryimage\",\"url\":\"https:\\\/\\\/malaga.salesianos.edu\\\/familiasalesiana\\\/wp-content\\\/uploads\\\/sites\\\/8\\\/2018\\\/01\\\/20170728AguinaldoRM.jpg\",\"contentUrl\":\"https:\\\/\\\/malaga.salesianos.edu\\\/familiasalesiana\\\/wp-content\\\/uploads\\\/sites\\\/8\\\/2018\\\/01\\\/20170728AguinaldoRM.jpg\",\"width\":655,\"height\":427},{\"@type\":\"BreadcrumbList\",\"@id\":\"https:\\\/\\\/malaga.salesianos.edu\\\/familiasalesiana\\\/blog\\\/aguinaldo-del-rector-mayor-2018-cultivemos-arte-escuchar-acompanar\\\/#breadcrumb\",\"itemListElement\":[{\"@type\":\"ListItem\",\"position\":1,\"name\":\"Portada\",\"item\":\"https:\\\/\\\/malaga.salesianos.edu\\\/familiasalesiana\\\/\"},{\"@type\":\"ListItem\",\"position\":2,\"name\":\"Aguinaldo del Rector Mayor 2018. Cultivemos el arte de escuchar y acompa\u00f1ar\"}]},{\"@type\":\"WebSite\",\"@id\":\"https:\\\/\\\/malaga.salesianos.edu\\\/familiasalesiana\\\/#website\",\"url\":\"https:\\\/\\\/malaga.salesianos.edu\\\/familiasalesiana\\\/\",\"name\":\"Familia Salesiana | Salesianos M\u00e1laga\",\"description\":\"Familia Salesiana | Salesianos M\u00e1laga, ADMA, Asociaci\u00f3n de antiguos alumnos, Hermandad Salesiana, Salesianos Cooperadores\",\"potentialAction\":[{\"@type\":\"SearchAction\",\"target\":{\"@type\":\"EntryPoint\",\"urlTemplate\":\"https:\\\/\\\/malaga.salesianos.edu\\\/familiasalesiana\\\/?s={search_term_string}\"},\"query-input\":{\"@type\":\"PropertyValueSpecification\",\"valueRequired\":true,\"valueName\":\"search_term_string\"}}],\"inLanguage\":\"es\"},{\"@type\":\"Person\",\"@id\":\"https:\\\/\\\/malaga.salesianos.edu\\\/familiasalesiana\\\/#\\\/schema\\\/person\\\/fd7e7b338b40e1c817a659fe5fce718b\",\"name\":\"Comunicaci\u00f3n MLG\",\"image\":{\"@type\":\"ImageObject\",\"inLanguage\":\"es\",\"@id\":\"https:\\\/\\\/secure.gravatar.com\\\/avatar\\\/2ce5c66be6c7ab6b098b2ac29099a68d1cdb824afbb8aadf744614ce719778ff?s=96&d=mm&r=g\",\"url\":\"https:\\\/\\\/secure.gravatar.com\\\/avatar\\\/2ce5c66be6c7ab6b098b2ac29099a68d1cdb824afbb8aadf744614ce719778ff?s=96&d=mm&r=g\",\"contentUrl\":\"https:\\\/\\\/secure.gravatar.com\\\/avatar\\\/2ce5c66be6c7ab6b098b2ac29099a68d1cdb824afbb8aadf744614ce719778ff?s=96&d=mm&r=g\",\"caption\":\"Comunicaci\u00f3n MLG\"}}]}<\/script>\n<!-- \/ Yoast SEO plugin. -->","yoast_head_json":{"title":"Aguinaldo del Rector Mayor 2018. Cultivemos el arte de escuchar y acompa\u00f1ar - Familia Salesiana | Salesianos M\u00e1laga","robots":{"index":"index","follow":"follow","max-snippet":"max-snippet:-1","max-image-preview":"max-image-preview:large","max-video-preview":"max-video-preview:-1"},"canonical":"https:\/\/malaga.salesianos.edu\/familiasalesiana\/blog\/aguinaldo-del-rector-mayor-2018-cultivemos-arte-escuchar-acompanar\/","og_locale":"es_ES","og_type":"article","og_title":"Aguinaldo del Rector Mayor 2018. Cultivemos el arte de escuchar y acompa\u00f1ar - Familia Salesiana | Salesianos M\u00e1laga","og_description":"El Rector Mayor - de los Salesianos - Padre. \u00c1ngel Fern\u00e1ndez Artime presentat\u00f3 oficialmente el Aguinaldo 2018. Este mensaje anual nos invita a interiorizar, vivir y compartir a partir de nuestra labor pastoral o educativa.","og_url":"https:\/\/malaga.salesianos.edu\/familiasalesiana\/blog\/aguinaldo-del-rector-mayor-2018-cultivemos-arte-escuchar-acompanar\/","og_site_name":"Familia Salesiana | Salesianos M\u00e1laga","article_published_time":"2018-01-30T09:46:09+00:00","article_modified_time":"2018-01-30T09:46:10+00:00","og_image":[{"width":655,"height":427,"url":"https:\/\/malaga.salesianos.edu\/familiasalesiana\/wp-content\/uploads\/sites\/8\/2018\/01\/20170728AguinaldoRM.jpg","type":"image\/jpeg"}],"author":"Comunicaci\u00f3n MLG","twitter_card":"summary_large_image","twitter_misc":{"Escrito por":"Comunicaci\u00f3n MLG","Tiempo de lectura":"3 minutos"},"schema":{"@context":"https:\/\/schema.org","@graph":[{"@type":"Article","@id":"https:\/\/malaga.salesianos.edu\/familiasalesiana\/blog\/aguinaldo-del-rector-mayor-2018-cultivemos-arte-escuchar-acompanar\/#article","isPartOf":{"@id":"https:\/\/malaga.salesianos.edu\/familiasalesiana\/blog\/aguinaldo-del-rector-mayor-2018-cultivemos-arte-escuchar-acompanar\/"},"author":{"name":"Comunicaci\u00f3n MLG","@id":"https:\/\/malaga.salesianos.edu\/familiasalesiana\/#\/schema\/person\/fd7e7b338b40e1c817a659fe5fce718b"},"headline":"Aguinaldo del Rector Mayor 2018. Cultivemos el arte de escuchar y acompa\u00f1ar","datePublished":"2018-01-30T09:46:09+00:00","dateModified":"2018-01-30T09:46:10+00:00","mainEntityOfPage":{"@id":"https:\/\/malaga.salesianos.edu\/familiasalesiana\/blog\/aguinaldo-del-rector-mayor-2018-cultivemos-arte-escuchar-acompanar\/"},"wordCount":570,"commentCount":0,"image":{"@id":"https:\/\/malaga.salesianos.edu\/familiasalesiana\/blog\/aguinaldo-del-rector-mayor-2018-cultivemos-arte-escuchar-acompanar\/#primaryimage"},"thumbnailUrl":"https:\/\/malaga.salesianos.edu\/familiasalesiana\/wp-content\/uploads\/sites\/8\/2018\/01\/20170728AguinaldoRM.jpg","articleSection":["Casa","Familia Salesiana"],"inLanguage":"es","potentialAction":[{"@type":"CommentAction","name":"Comment","target":["https:\/\/malaga.salesianos.edu\/familiasalesiana\/blog\/aguinaldo-del-rector-mayor-2018-cultivemos-arte-escuchar-acompanar\/#respond"]}]},{"@type":"WebPage","@id":"https:\/\/malaga.salesianos.edu\/familiasalesiana\/blog\/aguinaldo-del-rector-mayor-2018-cultivemos-arte-escuchar-acompanar\/","url":"https:\/\/malaga.salesianos.edu\/familiasalesiana\/blog\/aguinaldo-del-rector-mayor-2018-cultivemos-arte-escuchar-acompanar\/","name":"Aguinaldo del Rector Mayor 2018. Cultivemos el arte de escuchar y acompa\u00f1ar - Familia Salesiana | Salesianos M\u00e1laga","isPartOf":{"@id":"https:\/\/malaga.salesianos.edu\/familiasalesiana\/#website"},"primaryImageOfPage":{"@id":"https:\/\/malaga.salesianos.edu\/familiasalesiana\/blog\/aguinaldo-del-rector-mayor-2018-cultivemos-arte-escuchar-acompanar\/#primaryimage"},"image":{"@id":"https:\/\/malaga.salesianos.edu\/familiasalesiana\/blog\/aguinaldo-del-rector-mayor-2018-cultivemos-arte-escuchar-acompanar\/#primaryimage"},"thumbnailUrl":"https:\/\/malaga.salesianos.edu\/familiasalesiana\/wp-content\/uploads\/sites\/8\/2018\/01\/20170728AguinaldoRM.jpg","datePublished":"2018-01-30T09:46:09+00:00","dateModified":"2018-01-30T09:46:10+00:00","author":{"@id":"https:\/\/malaga.salesianos.edu\/familiasalesiana\/#\/schema\/person\/fd7e7b338b40e1c817a659fe5fce718b"},"breadcrumb":{"@id":"https:\/\/malaga.salesianos.edu\/familiasalesiana\/blog\/aguinaldo-del-rector-mayor-2018-cultivemos-arte-escuchar-acompanar\/#breadcrumb"},"inLanguage":"es","potentialAction":[{"@type":"ReadAction","target":["https:\/\/malaga.salesianos.edu\/familiasalesiana\/blog\/aguinaldo-del-rector-mayor-2018-cultivemos-arte-escuchar-acompanar\/"]}]},{"@type":"ImageObject","inLanguage":"es","@id":"https:\/\/malaga.salesianos.edu\/familiasalesiana\/blog\/aguinaldo-del-rector-mayor-2018-cultivemos-arte-escuchar-acompanar\/#primaryimage","url":"https:\/\/malaga.salesianos.edu\/familiasalesiana\/wp-content\/uploads\/sites\/8\/2018\/01\/20170728AguinaldoRM.jpg","contentUrl":"https:\/\/malaga.salesianos.edu\/familiasalesiana\/wp-content\/uploads\/sites\/8\/2018\/01\/20170728AguinaldoRM.jpg","width":655,"height":427},{"@type":"BreadcrumbList","@id":"https:\/\/malaga.salesianos.edu\/familiasalesiana\/blog\/aguinaldo-del-rector-mayor-2018-cultivemos-arte-escuchar-acompanar\/#breadcrumb","itemListElement":[{"@type":"ListItem","position":1,"name":"Portada","item":"https:\/\/malaga.salesianos.edu\/familiasalesiana\/"},{"@type":"ListItem","position":2,"name":"Aguinaldo del Rector Mayor 2018. Cultivemos el arte de escuchar y acompa\u00f1ar"}]},{"@type":"WebSite","@id":"https:\/\/malaga.salesianos.edu\/familiasalesiana\/#website","url":"https:\/\/malaga.salesianos.edu\/familiasalesiana\/","name":"Familia Salesiana | Salesianos M\u00e1laga","description":"Familia Salesiana | Salesianos M\u00e1laga, ADMA, Asociaci\u00f3n de antiguos alumnos, Hermandad Salesiana, Salesianos Cooperadores","potentialAction":[{"@type":"SearchAction","target":{"@type":"EntryPoint","urlTemplate":"https:\/\/malaga.salesianos.edu\/familiasalesiana\/?s={search_term_string}"},"query-input":{"@type":"PropertyValueSpecification","valueRequired":true,"valueName":"search_term_string"}}],"inLanguage":"es"},{"@type":"Person","@id":"https:\/\/malaga.salesianos.edu\/familiasalesiana\/#\/schema\/person\/fd7e7b338b40e1c817a659fe5fce718b","name":"Comunicaci\u00f3n MLG","image":{"@type":"ImageObject","inLanguage":"es","@id":"https:\/\/secure.gravatar.com\/avatar\/2ce5c66be6c7ab6b098b2ac29099a68d1cdb824afbb8aadf744614ce719778ff?s=96&d=mm&r=g","url":"https:\/\/secure.gravatar.com\/avatar\/2ce5c66be6c7ab6b098b2ac29099a68d1cdb824afbb8aadf744614ce719778ff?s=96&d=mm&r=g","contentUrl":"https:\/\/secure.gravatar.com\/avatar\/2ce5c66be6c7ab6b098b2ac29099a68d1cdb824afbb8aadf744614ce719778ff?s=96&d=mm&r=g","caption":"Comunicaci\u00f3n MLG"}}]}},"_links":{"self":[{"href":"https:\/\/malaga.salesianos.edu\/familiasalesiana\/wp-json\/wp\/v2\/posts\/5261","targetHints":{"allow":["GET"]}}],"collection":[{"href":"https:\/\/malaga.salesianos.edu\/familiasalesiana\/wp-json\/wp\/v2\/posts"}],"about":[{"href":"https:\/\/malaga.salesianos.edu\/familiasalesiana\/wp-json\/wp\/v2\/types\/post"}],"author":[{"embeddable":true,"href":"https:\/\/malaga.salesianos.edu\/familiasalesiana\/wp-json\/wp\/v2\/users\/2"}],"replies":[{"embeddable":true,"href":"https:\/\/malaga.salesianos.edu\/familiasalesiana\/wp-json\/wp\/v2\/comments?post=5261"}],"version-history":[{"count":1,"href":"https:\/\/malaga.salesianos.edu\/familiasalesiana\/wp-json\/wp\/v2\/posts\/5261\/revisions"}],"predecessor-version":[{"id":5263,"href":"https:\/\/malaga.salesianos.edu\/familiasalesiana\/wp-json\/wp\/v2\/posts\/5261\/revisions\/5263"}],"wp:featuredmedia":[{"embeddable":true,"href":"https:\/\/malaga.salesianos.edu\/familiasalesiana\/wp-json\/wp\/v2\/media\/5262"}],"wp:attachment":[{"href":"https:\/\/malaga.salesianos.edu\/familiasalesiana\/wp-json\/wp\/v2\/media?parent=5261"}],"wp:term":[{"taxonomy":"category","embeddable":true,"href":"https:\/\/malaga.salesianos.edu\/familiasalesiana\/wp-json\/wp\/v2\/categories?post=5261"},{"taxonomy":"post_tag","embeddable":true,"href":"https:\/\/malaga.salesianos.edu\/familiasalesiana\/wp-json\/wp\/v2\/tags?post=5261"}],"curies":[{"name":"wp","href":"https:\/\/api.w.org\/{rel}","templated":true}]}}