{"id":5218,"date":"2017-12-19T10:01:26","date_gmt":"2017-12-19T09:01:26","guid":{"rendered":"https:\/\/malaga.salesianos.edu\/familiasalesiana\/?p=5218"},"modified":"2017-12-19T10:05:00","modified_gmt":"2017-12-19T09:05:00","slug":"la-asociacion-antiguos-alumnos-nos-felicita-navidad","status":"publish","type":"post","link":"https:\/\/malaga.salesianos.edu\/familiasalesiana\/blog\/la-asociacion-antiguos-alumnos-nos-felicita-navidad\/","title":{"rendered":"La asociaci\u00f3n de antiguos alumnos nos felicita por Navidad"},"content":{"rendered":"<p>[et_pb_section bb_built=\u00bb1&#8243; admin_label=\u00bbsection\u00bb custom_padding=\u00bb2px|0px|54px|0px\u00bb][et_pb_row admin_label=\u00bbrow\u00bb background_position=\u00bbtop_left\u00bb background_repeat=\u00bbrepeat\u00bb background_size=\u00bbinitial\u00bb][et_pb_column type=\u00bb4_4&#8243;][et_pb_text admin_label=\u00bbAutor\u00bb background_layout=\u00bblight\u00bb use_border_color=\u00bboff\u00bb border_color=\u00bb#ffffff\u00bb border_style=\u00bbsolid\u00bb _builder_version=\u00bb3.0.90&#8243; border_color_all=\u00bb#ffffff\u00bb border_style_all=\u00bbsolid\u00bb]<\/p>\n<p>Por\u00a0Jos\u00e9 Dur\u00e1n<\/p>\n<p>[\/et_pb_text][et_pb_text admin_label=\u00bbEntradilla\u00bb text_font=\u00bb|on|||\u00bb background_layout=\u00bblight\u00bb use_border_color=\u00bboff\u00bb _builder_version=\u00bb3.0.90&#8243; module_alignment=\u00bbleft\u00bb border_color_all=\u00bb#ffffff\u00bb]<\/p>\n<p><strong><em>D. Jos\u00e9 Dur\u00e1n, presidente de la asociaci\u00f3n, escribe esta villancico para felicitarnos por Navidad en nombre de toda la AAA de M\u00e1laga.<\/em><\/strong><\/p>\n<hr \/>\n<p>[\/et_pb_text][et_pb_text admin_label=\u00bbDesarrollo\u00bb background_layout=\u00bblight\u00bb text_orientation=\u00bbjustified\u00bb use_border_color=\u00bboff\u00bb border_color=\u00bb#ffffff\u00bb border_style=\u00bbsolid\u00bb _builder_version=\u00bb3.0.90&#8243; module_alignment=\u00bbjustified\u00bb border_color_all=\u00bb#ffffff\u00bb border_style_all=\u00bbsolid\u00bb]<\/p>\n<p>En el portal de Bel\u00e9n<br \/>\nhay estrella sol y luna<br \/>\nla Virgen y San Jos\u00e9<br \/>\ny el ni\u00f1o que est\u00e1 en la cuna.<\/p>\n<p>Hay quien dice que no nace<br \/>\nque es una ceremonia<br \/>\nque todos los a\u00f1os se hace,<\/p>\n<p>y pueden tener raz\u00f3n<br \/>\nsi no le abrimos las puertas<br \/>\ndel portal del coraz\u00f3n,<br \/>\ny tan s\u00f3lo nos quedamos<br \/>\nen la representaci\u00f3n.<\/p>\n<p>Jes\u00fas est\u00e1 entre nosotros<br \/>\nno perdamos la ocasi\u00f3n<br \/>\nde proclamar el mensaje<br \/>\nque en su d\u00eda nos dej\u00f3,<\/p>\n<p>de combatir la pobreza<br \/>\nque no existieran las guerras<br \/>\ny hacer un mundo mejor.<\/p>\n<p>Empecemos con aquellos<br \/>\nque est\u00e1n a nuestro alrededor<br \/>\nsiendo amables y campechanos<br \/>\nalegres y muy cercanos,<\/p>\n<p>y si alguien os preguntase<br \/>\nporque tratamos a todos<br \/>\ncomo si fuesen hermanos<br \/>\nla respuesta es contundente<br \/>\n\u00a1\u00a1ES QUE SOMOS SALESIANOS!!<\/p>\n<p>Porque tubimos un maestro<br \/>\nque nos ense\u00f1o el camino<br \/>\ny que a muchos de nosotros<br \/>\nnos marc\u00f3 nuestro destino<\/p>\n<p>\u00abSER HONRADOS CIUDADANOS<br \/>\nY ADEM\u00c1S BUENOS CRISTIANOS<br \/>\nsea cual sea la posici\u00f3n<br \/>\nque en la sociedad ocupamos.\u00bb<\/p>\n<p>Promulgamos su mensaje<br \/>\nde fe de paz y de amor<\/p>\n<p>\u00a1\u00a1\u00a1FELIZ NAVIDAD!!! a todos, de la Junta AA. de M\u00e1laga.<\/p>\n<blockquote>\n<h3><strong>Galer\u00eda de fotos:<\/strong><\/h3>\n<\/blockquote>\n<p>[\/et_pb_text][et_pb_gallery gallery_ids=\u00bb5220,5221&#8243; show_title_and_caption=\u00bboff\u00bb zoom_icon_color=\u00bb#d12525&#8243; fullwidth=\u00bboff\u00bb orientation=\u00bblandscape\u00bb show_pagination=\u00bbon\u00bb background_layout=\u00bblight\u00bb hover_overlay_color=\u00bbrgba(255,255,255,0.9)\u00bb use_border_color=\u00bboff\u00bb border_color=\u00bb#ffffff\u00bb border_style=\u00bbsolid\u00bb posts_number=\u00bb8&#8243; _builder_version=\u00bb3.0.90&#8243; pagination_font_size_tablet=\u00bb51&#8243; pagination_line_height_tablet=\u00bb2&#8243; border_color_all=\u00bb#ffffff\u00bb border_style_all=\u00bbsolid\u00bb \/][\/et_pb_column][\/et_pb_row][\/et_pb_section]<\/p>\n","protected":false},"excerpt":{"rendered":"<p>D. Jos\u00e9 Dur\u00e1n, presidente de la asociaci\u00f3n, escribe esta villancico para felicitarnos por Navidad en nombre de toda la AAA de M\u00e1laga.<\/p>\n","protected":false},"author":2,"featured_media":5220,"comment_status":"open","ping_status":"open","sticky":false,"template":"","format":"standard","meta":{"_et_pb_use_builder":"on","_et_pb_old_content":"","_et_gb_content_width":"","footnotes":""},"categories":[2,101],"tags":[],"class_list":["post-5218","post","type-post","status-publish","format-standard","has-post-thumbnail","hentry","category-asoc-antiguos-alumnos","category-familia-salesiana"],"yoast_head":"<!-- This site is optimized with the Yoast SEO plugin v28.3 - https:\/\/yoast.com\/product\/yoast-seo-wordpress\/ -->\n<title>La asociaci\u00f3n de antiguos alumnos nos felicita por Navidad - Familia Salesiana | Salesianos M\u00e1laga<\/title>\n<meta name=\"robots\" content=\"index, follow, max-snippet:-1, max-image-preview:large, max-video-preview:-1\" \/>\n<link rel=\"canonical\" href=\"https:\/\/malaga.salesianos.edu\/familiasalesiana\/blog\/la-asociacion-antiguos-alumnos-nos-felicita-navidad\/\" \/>\n<meta property=\"og:locale\" content=\"es_ES\" \/>\n<meta property=\"og:type\" content=\"article\" \/>\n<meta property=\"og:title\" content=\"La asociaci\u00f3n de antiguos alumnos nos felicita por Navidad - Familia Salesiana | Salesianos M\u00e1laga\" \/>\n<meta property=\"og:description\" content=\"D. Jos\u00e9 Dur\u00e1n, presidente de la asociaci\u00f3n, escribe esta villancico para felicitarnos por Navidad en nombre de toda la AAA de M\u00e1laga.\" \/>\n<meta property=\"og:url\" content=\"https:\/\/malaga.salesianos.edu\/familiasalesiana\/blog\/la-asociacion-antiguos-alumnos-nos-felicita-navidad\/\" \/>\n<meta property=\"og:site_name\" content=\"Familia Salesiana | Salesianos M\u00e1laga\" \/>\n<meta property=\"article:published_time\" content=\"2017-12-19T09:01:26+00:00\" \/>\n<meta property=\"article:modified_time\" content=\"2017-12-19T09:05:00+00:00\" \/>\n<meta property=\"og:image\" content=\"https:\/\/malaga.salesianos.edu\/familiasalesiana\/wp-content\/uploads\/sites\/8\/2017\/12\/WhatsApp-Image-2017-12-15-at-12.00.50.jpeg\" \/>\n\t<meta property=\"og:image:width\" content=\"1600\" \/>\n\t<meta property=\"og:image:height\" content=\"1181\" \/>\n\t<meta property=\"og:image:type\" content=\"image\/jpeg\" \/>\n<meta name=\"author\" content=\"Comunicaci\u00f3n MLG\" \/>\n<meta name=\"twitter:card\" content=\"summary_large_image\" \/>\n<meta name=\"twitter:label1\" content=\"Escrito por\" \/>\n\t<meta name=\"twitter:data1\" content=\"Comunicaci\u00f3n MLG\" \/>\n\t<meta name=\"twitter:label2\" content=\"Tiempo de lectura\" \/>\n\t<meta name=\"twitter:data2\" content=\"2 minutos\" \/>\n<script type=\"application\/ld+json\" class=\"yoast-schema-graph\">{\"@context\":\"https:\\\/\\\/schema.org\",\"@graph\":[{\"@type\":\"Article\",\"@id\":\"https:\\\/\\\/malaga.salesianos.edu\\\/familiasalesiana\\\/blog\\\/la-asociacion-antiguos-alumnos-nos-felicita-navidad\\\/#article\",\"isPartOf\":{\"@id\":\"https:\\\/\\\/malaga.salesianos.edu\\\/familiasalesiana\\\/blog\\\/la-asociacion-antiguos-alumnos-nos-felicita-navidad\\\/\"},\"author\":{\"name\":\"Comunicaci\u00f3n MLG\",\"@id\":\"https:\\\/\\\/malaga.salesianos.edu\\\/familiasalesiana\\\/#\\\/schema\\\/person\\\/fd7e7b338b40e1c817a659fe5fce718b\"},\"headline\":\"La asociaci\u00f3n de antiguos alumnos nos felicita por Navidad\",\"datePublished\":\"2017-12-19T09:01:26+00:00\",\"dateModified\":\"2017-12-19T09:05:00+00:00\",\"mainEntityOfPage\":{\"@id\":\"https:\\\/\\\/malaga.salesianos.edu\\\/familiasalesiana\\\/blog\\\/la-asociacion-antiguos-alumnos-nos-felicita-navidad\\\/\"},\"wordCount\":443,\"commentCount\":0,\"image\":{\"@id\":\"https:\\\/\\\/malaga.salesianos.edu\\\/familiasalesiana\\\/blog\\\/la-asociacion-antiguos-alumnos-nos-felicita-navidad\\\/#primaryimage\"},\"thumbnailUrl\":\"https:\\\/\\\/malaga.salesianos.edu\\\/familiasalesiana\\\/wp-content\\\/uploads\\\/sites\\\/8\\\/2017\\\/12\\\/WhatsApp-Image-2017-12-15-at-12.00.50.jpeg\",\"articleSection\":[\"Asoc. Antiguos Alumnos\",\"Familia Salesiana\"],\"inLanguage\":\"es\",\"potentialAction\":[{\"@type\":\"CommentAction\",\"name\":\"Comment\",\"target\":[\"https:\\\/\\\/malaga.salesianos.edu\\\/familiasalesiana\\\/blog\\\/la-asociacion-antiguos-alumnos-nos-felicita-navidad\\\/#respond\"]}]},{\"@type\":\"WebPage\",\"@id\":\"https:\\\/\\\/malaga.salesianos.edu\\\/familiasalesiana\\\/blog\\\/la-asociacion-antiguos-alumnos-nos-felicita-navidad\\\/\",\"url\":\"https:\\\/\\\/malaga.salesianos.edu\\\/familiasalesiana\\\/blog\\\/la-asociacion-antiguos-alumnos-nos-felicita-navidad\\\/\",\"name\":\"La asociaci\u00f3n de antiguos alumnos nos felicita por Navidad - Familia Salesiana | Salesianos M\u00e1laga\",\"isPartOf\":{\"@id\":\"https:\\\/\\\/malaga.salesianos.edu\\\/familiasalesiana\\\/#website\"},\"primaryImageOfPage\":{\"@id\":\"https:\\\/\\\/malaga.salesianos.edu\\\/familiasalesiana\\\/blog\\\/la-asociacion-antiguos-alumnos-nos-felicita-navidad\\\/#primaryimage\"},\"image\":{\"@id\":\"https:\\\/\\\/malaga.salesianos.edu\\\/familiasalesiana\\\/blog\\\/la-asociacion-antiguos-alumnos-nos-felicita-navidad\\\/#primaryimage\"},\"thumbnailUrl\":\"https:\\\/\\\/malaga.salesianos.edu\\\/familiasalesiana\\\/wp-content\\\/uploads\\\/sites\\\/8\\\/2017\\\/12\\\/WhatsApp-Image-2017-12-15-at-12.00.50.jpeg\",\"datePublished\":\"2017-12-19T09:01:26+00:00\",\"dateModified\":\"2017-12-19T09:05:00+00:00\",\"author\":{\"@id\":\"https:\\\/\\\/malaga.salesianos.edu\\\/familiasalesiana\\\/#\\\/schema\\\/person\\\/fd7e7b338b40e1c817a659fe5fce718b\"},\"breadcrumb\":{\"@id\":\"https:\\\/\\\/malaga.salesianos.edu\\\/familiasalesiana\\\/blog\\\/la-asociacion-antiguos-alumnos-nos-felicita-navidad\\\/#breadcrumb\"},\"inLanguage\":\"es\",\"potentialAction\":[{\"@type\":\"ReadAction\",\"target\":[\"https:\\\/\\\/malaga.salesianos.edu\\\/familiasalesiana\\\/blog\\\/la-asociacion-antiguos-alumnos-nos-felicita-navidad\\\/\"]}]},{\"@type\":\"ImageObject\",\"inLanguage\":\"es\",\"@id\":\"https:\\\/\\\/malaga.salesianos.edu\\\/familiasalesiana\\\/blog\\\/la-asociacion-antiguos-alumnos-nos-felicita-navidad\\\/#primaryimage\",\"url\":\"https:\\\/\\\/malaga.salesianos.edu\\\/familiasalesiana\\\/wp-content\\\/uploads\\\/sites\\\/8\\\/2017\\\/12\\\/WhatsApp-Image-2017-12-15-at-12.00.50.jpeg\",\"contentUrl\":\"https:\\\/\\\/malaga.salesianos.edu\\\/familiasalesiana\\\/wp-content\\\/uploads\\\/sites\\\/8\\\/2017\\\/12\\\/WhatsApp-Image-2017-12-15-at-12.00.50.jpeg\",\"width\":1600,\"height\":1181},{\"@type\":\"BreadcrumbList\",\"@id\":\"https:\\\/\\\/malaga.salesianos.edu\\\/familiasalesiana\\\/blog\\\/la-asociacion-antiguos-alumnos-nos-felicita-navidad\\\/#breadcrumb\",\"itemListElement\":[{\"@type\":\"ListItem\",\"position\":1,\"name\":\"Portada\",\"item\":\"https:\\\/\\\/malaga.salesianos.edu\\\/familiasalesiana\\\/\"},{\"@type\":\"ListItem\",\"position\":2,\"name\":\"La asociaci\u00f3n de antiguos alumnos nos felicita por Navidad\"}]},{\"@type\":\"WebSite\",\"@id\":\"https:\\\/\\\/malaga.salesianos.edu\\\/familiasalesiana\\\/#website\",\"url\":\"https:\\\/\\\/malaga.salesianos.edu\\\/familiasalesiana\\\/\",\"name\":\"Familia Salesiana | Salesianos M\u00e1laga\",\"description\":\"Familia Salesiana | Salesianos M\u00e1laga, ADMA, Asociaci\u00f3n de antiguos alumnos, Hermandad Salesiana, Salesianos Cooperadores\",\"potentialAction\":[{\"@type\":\"SearchAction\",\"target\":{\"@type\":\"EntryPoint\",\"urlTemplate\":\"https:\\\/\\\/malaga.salesianos.edu\\\/familiasalesiana\\\/?s={search_term_string}\"},\"query-input\":{\"@type\":\"PropertyValueSpecification\",\"valueRequired\":true,\"valueName\":\"search_term_string\"}}],\"inLanguage\":\"es\"},{\"@type\":\"Person\",\"@id\":\"https:\\\/\\\/malaga.salesianos.edu\\\/familiasalesiana\\\/#\\\/schema\\\/person\\\/fd7e7b338b40e1c817a659fe5fce718b\",\"name\":\"Comunicaci\u00f3n MLG\",\"image\":{\"@type\":\"ImageObject\",\"inLanguage\":\"es\",\"@id\":\"https:\\\/\\\/secure.gravatar.com\\\/avatar\\\/2ce5c66be6c7ab6b098b2ac29099a68d1cdb824afbb8aadf744614ce719778ff?s=96&d=mm&r=g\",\"url\":\"https:\\\/\\\/secure.gravatar.com\\\/avatar\\\/2ce5c66be6c7ab6b098b2ac29099a68d1cdb824afbb8aadf744614ce719778ff?s=96&d=mm&r=g\",\"contentUrl\":\"https:\\\/\\\/secure.gravatar.com\\\/avatar\\\/2ce5c66be6c7ab6b098b2ac29099a68d1cdb824afbb8aadf744614ce719778ff?s=96&d=mm&r=g\",\"caption\":\"Comunicaci\u00f3n MLG\"}}]}<\/script>\n<!-- \/ Yoast SEO plugin. -->","yoast_head_json":{"title":"La asociaci\u00f3n de antiguos alumnos nos felicita por Navidad - Familia Salesiana | Salesianos M\u00e1laga","robots":{"index":"index","follow":"follow","max-snippet":"max-snippet:-1","max-image-preview":"max-image-preview:large","max-video-preview":"max-video-preview:-1"},"canonical":"https:\/\/malaga.salesianos.edu\/familiasalesiana\/blog\/la-asociacion-antiguos-alumnos-nos-felicita-navidad\/","og_locale":"es_ES","og_type":"article","og_title":"La asociaci\u00f3n de antiguos alumnos nos felicita por Navidad - Familia Salesiana | Salesianos M\u00e1laga","og_description":"D. Jos\u00e9 Dur\u00e1n, presidente de la asociaci\u00f3n, escribe esta villancico para felicitarnos por Navidad en nombre de toda la AAA de M\u00e1laga.","og_url":"https:\/\/malaga.salesianos.edu\/familiasalesiana\/blog\/la-asociacion-antiguos-alumnos-nos-felicita-navidad\/","og_site_name":"Familia Salesiana | Salesianos M\u00e1laga","article_published_time":"2017-12-19T09:01:26+00:00","article_modified_time":"2017-12-19T09:05:00+00:00","og_image":[{"width":1600,"height":1181,"url":"https:\/\/malaga.salesianos.edu\/familiasalesiana\/wp-content\/uploads\/sites\/8\/2017\/12\/WhatsApp-Image-2017-12-15-at-12.00.50.jpeg","type":"image\/jpeg"}],"author":"Comunicaci\u00f3n MLG","twitter_card":"summary_large_image","twitter_misc":{"Escrito por":"Comunicaci\u00f3n MLG","Tiempo de lectura":"2 minutos"},"schema":{"@context":"https:\/\/schema.org","@graph":[{"@type":"Article","@id":"https:\/\/malaga.salesianos.edu\/familiasalesiana\/blog\/la-asociacion-antiguos-alumnos-nos-felicita-navidad\/#article","isPartOf":{"@id":"https:\/\/malaga.salesianos.edu\/familiasalesiana\/blog\/la-asociacion-antiguos-alumnos-nos-felicita-navidad\/"},"author":{"name":"Comunicaci\u00f3n MLG","@id":"https:\/\/malaga.salesianos.edu\/familiasalesiana\/#\/schema\/person\/fd7e7b338b40e1c817a659fe5fce718b"},"headline":"La asociaci\u00f3n de antiguos alumnos nos felicita por Navidad","datePublished":"2017-12-19T09:01:26+00:00","dateModified":"2017-12-19T09:05:00+00:00","mainEntityOfPage":{"@id":"https:\/\/malaga.salesianos.edu\/familiasalesiana\/blog\/la-asociacion-antiguos-alumnos-nos-felicita-navidad\/"},"wordCount":443,"commentCount":0,"image":{"@id":"https:\/\/malaga.salesianos.edu\/familiasalesiana\/blog\/la-asociacion-antiguos-alumnos-nos-felicita-navidad\/#primaryimage"},"thumbnailUrl":"https:\/\/malaga.salesianos.edu\/familiasalesiana\/wp-content\/uploads\/sites\/8\/2017\/12\/WhatsApp-Image-2017-12-15-at-12.00.50.jpeg","articleSection":["Asoc. Antiguos Alumnos","Familia Salesiana"],"inLanguage":"es","potentialAction":[{"@type":"CommentAction","name":"Comment","target":["https:\/\/malaga.salesianos.edu\/familiasalesiana\/blog\/la-asociacion-antiguos-alumnos-nos-felicita-navidad\/#respond"]}]},{"@type":"WebPage","@id":"https:\/\/malaga.salesianos.edu\/familiasalesiana\/blog\/la-asociacion-antiguos-alumnos-nos-felicita-navidad\/","url":"https:\/\/malaga.salesianos.edu\/familiasalesiana\/blog\/la-asociacion-antiguos-alumnos-nos-felicita-navidad\/","name":"La asociaci\u00f3n de antiguos alumnos nos felicita por Navidad - Familia Salesiana | Salesianos M\u00e1laga","isPartOf":{"@id":"https:\/\/malaga.salesianos.edu\/familiasalesiana\/#website"},"primaryImageOfPage":{"@id":"https:\/\/malaga.salesianos.edu\/familiasalesiana\/blog\/la-asociacion-antiguos-alumnos-nos-felicita-navidad\/#primaryimage"},"image":{"@id":"https:\/\/malaga.salesianos.edu\/familiasalesiana\/blog\/la-asociacion-antiguos-alumnos-nos-felicita-navidad\/#primaryimage"},"thumbnailUrl":"https:\/\/malaga.salesianos.edu\/familiasalesiana\/wp-content\/uploads\/sites\/8\/2017\/12\/WhatsApp-Image-2017-12-15-at-12.00.50.jpeg","datePublished":"2017-12-19T09:01:26+00:00","dateModified":"2017-12-19T09:05:00+00:00","author":{"@id":"https:\/\/malaga.salesianos.edu\/familiasalesiana\/#\/schema\/person\/fd7e7b338b40e1c817a659fe5fce718b"},"breadcrumb":{"@id":"https:\/\/malaga.salesianos.edu\/familiasalesiana\/blog\/la-asociacion-antiguos-alumnos-nos-felicita-navidad\/#breadcrumb"},"inLanguage":"es","potentialAction":[{"@type":"ReadAction","target":["https:\/\/malaga.salesianos.edu\/familiasalesiana\/blog\/la-asociacion-antiguos-alumnos-nos-felicita-navidad\/"]}]},{"@type":"ImageObject","inLanguage":"es","@id":"https:\/\/malaga.salesianos.edu\/familiasalesiana\/blog\/la-asociacion-antiguos-alumnos-nos-felicita-navidad\/#primaryimage","url":"https:\/\/malaga.salesianos.edu\/familiasalesiana\/wp-content\/uploads\/sites\/8\/2017\/12\/WhatsApp-Image-2017-12-15-at-12.00.50.jpeg","contentUrl":"https:\/\/malaga.salesianos.edu\/familiasalesiana\/wp-content\/uploads\/sites\/8\/2017\/12\/WhatsApp-Image-2017-12-15-at-12.00.50.jpeg","width":1600,"height":1181},{"@type":"BreadcrumbList","@id":"https:\/\/malaga.salesianos.edu\/familiasalesiana\/blog\/la-asociacion-antiguos-alumnos-nos-felicita-navidad\/#breadcrumb","itemListElement":[{"@type":"ListItem","position":1,"name":"Portada","item":"https:\/\/malaga.salesianos.edu\/familiasalesiana\/"},{"@type":"ListItem","position":2,"name":"La asociaci\u00f3n de antiguos alumnos nos felicita por Navidad"}]},{"@type":"WebSite","@id":"https:\/\/malaga.salesianos.edu\/familiasalesiana\/#website","url":"https:\/\/malaga.salesianos.edu\/familiasalesiana\/","name":"Familia Salesiana | Salesianos M\u00e1laga","description":"Familia Salesiana | Salesianos M\u00e1laga, ADMA, Asociaci\u00f3n de antiguos alumnos, Hermandad Salesiana, Salesianos Cooperadores","potentialAction":[{"@type":"SearchAction","target":{"@type":"EntryPoint","urlTemplate":"https:\/\/malaga.salesianos.edu\/familiasalesiana\/?s={search_term_string}"},"query-input":{"@type":"PropertyValueSpecification","valueRequired":true,"valueName":"search_term_string"}}],"inLanguage":"es"},{"@type":"Person","@id":"https:\/\/malaga.salesianos.edu\/familiasalesiana\/#\/schema\/person\/fd7e7b338b40e1c817a659fe5fce718b","name":"Comunicaci\u00f3n MLG","image":{"@type":"ImageObject","inLanguage":"es","@id":"https:\/\/secure.gravatar.com\/avatar\/2ce5c66be6c7ab6b098b2ac29099a68d1cdb824afbb8aadf744614ce719778ff?s=96&d=mm&r=g","url":"https:\/\/secure.gravatar.com\/avatar\/2ce5c66be6c7ab6b098b2ac29099a68d1cdb824afbb8aadf744614ce719778ff?s=96&d=mm&r=g","contentUrl":"https:\/\/secure.gravatar.com\/avatar\/2ce5c66be6c7ab6b098b2ac29099a68d1cdb824afbb8aadf744614ce719778ff?s=96&d=mm&r=g","caption":"Comunicaci\u00f3n MLG"}}]}},"_links":{"self":[{"href":"https:\/\/malaga.salesianos.edu\/familiasalesiana\/wp-json\/wp\/v2\/posts\/5218","targetHints":{"allow":["GET"]}}],"collection":[{"href":"https:\/\/malaga.salesianos.edu\/familiasalesiana\/wp-json\/wp\/v2\/posts"}],"about":[{"href":"https:\/\/malaga.salesianos.edu\/familiasalesiana\/wp-json\/wp\/v2\/types\/post"}],"author":[{"embeddable":true,"href":"https:\/\/malaga.salesianos.edu\/familiasalesiana\/wp-json\/wp\/v2\/users\/2"}],"replies":[{"embeddable":true,"href":"https:\/\/malaga.salesianos.edu\/familiasalesiana\/wp-json\/wp\/v2\/comments?post=5218"}],"version-history":[{"count":2,"href":"https:\/\/malaga.salesianos.edu\/familiasalesiana\/wp-json\/wp\/v2\/posts\/5218\/revisions"}],"predecessor-version":[{"id":5223,"href":"https:\/\/malaga.salesianos.edu\/familiasalesiana\/wp-json\/wp\/v2\/posts\/5218\/revisions\/5223"}],"wp:featuredmedia":[{"embeddable":true,"href":"https:\/\/malaga.salesianos.edu\/familiasalesiana\/wp-json\/wp\/v2\/media\/5220"}],"wp:attachment":[{"href":"https:\/\/malaga.salesianos.edu\/familiasalesiana\/wp-json\/wp\/v2\/media?parent=5218"}],"wp:term":[{"taxonomy":"category","embeddable":true,"href":"https:\/\/malaga.salesianos.edu\/familiasalesiana\/wp-json\/wp\/v2\/categories?post=5218"},{"taxonomy":"post_tag","embeddable":true,"href":"https:\/\/malaga.salesianos.edu\/familiasalesiana\/wp-json\/wp\/v2\/tags?post=5218"}],"curies":[{"name":"wp","href":"https:\/\/api.w.org\/{rel}","templated":true}]}}