{"id":5183,"date":"2018-11-30T13:12:08","date_gmt":"2018-11-30T12:12:08","guid":{"rendered":"https:\/\/malaga.salesianos.edu\/familiasalesiana\/la-asociacion-antiguos-alumnos-inaugura-belen\/"},"modified":"2018-12-01T23:20:13","modified_gmt":"2018-12-01T22:20:13","slug":"la-asociacion-antiguos-alumnos-inaugura-belen","status":"publish","type":"post","link":"https:\/\/malaga.salesianos.edu\/familiasalesiana\/blog\/la-asociacion-antiguos-alumnos-inaugura-belen\/","title":{"rendered":"Nuestra asociaci\u00f3n de antiguos alumnos inaugura el Bel\u00e9n"},"content":{"rendered":"<p>[et_pb_section bb_built=\u00bb1&#8243; admin_label=\u00bbsection\u00bb custom_padding=\u00bb2px|0px|54px|0px\u00bb][et_pb_row admin_label=\u00bbrow\u00bb background_position=\u00bbtop_left\u00bb background_repeat=\u00bbrepeat\u00bb background_size=\u00bbinitial\u00bb][et_pb_column type=\u00bb4_4&#8243;][et_pb_text admin_label=\u00bbEntradilla\u00bb text_font=\u00bb|on|||\u00bb background_layout=\u00bblight\u00bb text_orientation=\u00bbjustified\u00bb use_border_color=\u00bboff\u00bb border_color=\u00bb#ffffff\u00bb border_style=\u00bbsolid\u00bb _builder_version=\u00bb3.17.6&#8243; module_alignment=\u00bbjustified\u00bb border_color_all=\u00bb#ffffff\u00bb border_style_all=\u00bbsolid\u00bb]<\/p>\n<p>\n<strong><em>Como cada a\u00f1o, la asociaci\u00f3n de AA. AA. inaugura la escena del nacimiento de Jes\u00fas. Nos invitan a una degustaci\u00f3n de productos t\u00edpicos navide\u00f1os, y al tradicional concurso de tarjetas de Navidad.<br \/>\n<\/em><\/strong><\/p>\n<hr \/>\n<p>[\/et_pb_text][et_pb_text admin_label=\u00bbDesarrollo\u00bb text_orientation=\u00bbjustified\u00bb use_border_color=\u00bboff\u00bb border_color=\u00bb#ffffff\u00bb border_style=\u00bbsolid\u00bb _builder_version=\u00bb3.17.6&#8243; module_alignment=\u00bbleft\u00bb border_color_all=\u00bb#ffffff\u00bb]<\/p>\n<p>Fieles a nuestras historia, cultura y tradici\u00f3n conmemoramos como cada a\u00f1o, el nacimiento de Jes\u00fas en Bel\u00e9n.<\/p>\n<p>Nuestro testimonio de fe se hace presente con el montaje del misterio el <strong>pr\u00f3ximo viernes 30 de noviembre a las 20:30h<\/strong>, y celebrando este acontecimiento con satisfacci\u00f3n y alegr\u00eda en familia, felicit\u00e1ndonos por la buena nueva y por el mensaje de Paz para toda la humanidad.<\/p>\n<blockquote>\n<p><strong>\u00a0\u201cEn el Portal de Bel\u00e9n<\/strong><\/p>\n<p><strong>hay estrella, sol y luna<\/strong><\/p>\n<p><strong>la Virgen y San Jos\u00e9<\/strong><\/p>\n<p><strong>y el Ni\u00f1o que esta en la cuna\u201d.\u00a0\u00a0<\/strong><\/p>\n<\/blockquote>\n<p>\u00a1\u00a1\u00a1Feliz Navidad!!!<\/p>\n<p>La junta de AA.AA. os desea Feliz Navidad y a\u00f1o nuevo.<\/p>\n<p>[\/et_pb_text][et_pb_image _builder_version=\u00bb3.17.6&#8243; src=\u00bbhttps:\/\/malaga.salesianos.edu\/familiasalesiana\/wp-content\/uploads\/sites\/8\/2017\/11\/Cartel-Belen-2018-AAAA.jpg\u00bb show_in_lightbox=\u00bbon\u00bb \/][\/et_pb_column][\/et_pb_row][\/et_pb_section]<\/p>\n","protected":false},"excerpt":{"rendered":"<p>El pr\u00f3ximo 30 noviembre, la asociaci\u00f3n de AA. AA. inaugura la escena del nacimiento de Jes\u00fas y tendr\u00e1 lugar el tradicional concurso de tarjetas navide\u00f1as.<\/p>\n","protected":false},"author":2,"featured_media":8719,"comment_status":"open","ping_status":"open","sticky":false,"template":"","format":"standard","meta":{"_et_pb_use_builder":"on","_et_pb_old_content":"","_et_gb_content_width":"","footnotes":""},"categories":[2,10,137,101],"tags":[],"class_list":["post-5183","post","type-post","status-publish","format-standard","has-post-thumbnail","hentry","category-asoc-antiguos-alumnos","category-colegio","category-destacado-familia-salesiana","category-familia-salesiana"],"yoast_head":"<!-- This site is optimized with the Yoast SEO plugin v28.3 - https:\/\/yoast.com\/product\/yoast-seo-wordpress\/ -->\n<title>Nuestra asociaci\u00f3n de antiguos alumnos inaugura el Bel\u00e9n - Familia Salesiana | Salesianos M\u00e1laga<\/title>\n<meta name=\"robots\" content=\"index, follow, max-snippet:-1, max-image-preview:large, max-video-preview:-1\" \/>\n<link rel=\"canonical\" href=\"https:\/\/malaga.salesianos.edu\/familiasalesiana\/blog\/la-asociacion-antiguos-alumnos-inaugura-belen\/\" \/>\n<meta property=\"og:locale\" content=\"es_ES\" \/>\n<meta property=\"og:type\" content=\"article\" \/>\n<meta property=\"og:title\" content=\"Nuestra asociaci\u00f3n de antiguos alumnos inaugura el Bel\u00e9n - Familia Salesiana | Salesianos M\u00e1laga\" \/>\n<meta property=\"og:description\" content=\"El pr\u00f3ximo 30 noviembre, la asociaci\u00f3n de AA. AA. inaugura la escena del nacimiento de Jes\u00fas y tendr\u00e1 lugar el tradicional concurso de tarjetas navide\u00f1as.\" \/>\n<meta property=\"og:url\" content=\"https:\/\/malaga.salesianos.edu\/familiasalesiana\/blog\/la-asociacion-antiguos-alumnos-inaugura-belen\/\" \/>\n<meta property=\"og:site_name\" content=\"Familia Salesiana | Salesianos M\u00e1laga\" \/>\n<meta property=\"article:published_time\" content=\"2018-11-30T12:12:08+00:00\" \/>\n<meta property=\"article:modified_time\" content=\"2018-12-01T22:20:13+00:00\" \/>\n<meta property=\"og:image\" content=\"https:\/\/malaga.salesianos.edu\/familiasalesiana\/wp-content\/uploads\/sites\/8\/2017\/11\/Cartel-Belen-2018-AAAA.jpg\" \/>\n\t<meta property=\"og:image:width\" content=\"1280\" \/>\n\t<meta property=\"og:image:height\" content=\"905\" \/>\n\t<meta property=\"og:image:type\" content=\"image\/jpeg\" \/>\n<meta name=\"author\" content=\"Comunicaci\u00f3n MLG\" \/>\n<meta name=\"twitter:card\" content=\"summary_large_image\" \/>\n<meta name=\"twitter:label1\" content=\"Escrito por\" \/>\n\t<meta name=\"twitter:data1\" content=\"Comunicaci\u00f3n MLG\" \/>\n\t<meta name=\"twitter:label2\" content=\"Tiempo de lectura\" \/>\n\t<meta name=\"twitter:data2\" content=\"1 minuto\" \/>\n<script type=\"application\/ld+json\" class=\"yoast-schema-graph\">{\"@context\":\"https:\\\/\\\/schema.org\",\"@graph\":[{\"@type\":\"Article\",\"@id\":\"https:\\\/\\\/malaga.salesianos.edu\\\/familiasalesiana\\\/blog\\\/la-asociacion-antiguos-alumnos-inaugura-belen\\\/#article\",\"isPartOf\":{\"@id\":\"https:\\\/\\\/malaga.salesianos.edu\\\/familiasalesiana\\\/blog\\\/la-asociacion-antiguos-alumnos-inaugura-belen\\\/\"},\"author\":{\"name\":\"Comunicaci\u00f3n MLG\",\"@id\":\"https:\\\/\\\/malaga.salesianos.edu\\\/familiasalesiana\\\/#\\\/schema\\\/person\\\/fd7e7b338b40e1c817a659fe5fce718b\"},\"headline\":\"Nuestra asociaci\u00f3n de antiguos alumnos inaugura el Bel\u00e9n\",\"datePublished\":\"2018-11-30T12:12:08+00:00\",\"dateModified\":\"2018-12-01T22:20:13+00:00\",\"mainEntityOfPage\":{\"@id\":\"https:\\\/\\\/malaga.salesianos.edu\\\/familiasalesiana\\\/blog\\\/la-asociacion-antiguos-alumnos-inaugura-belen\\\/\"},\"wordCount\":294,\"commentCount\":0,\"image\":{\"@id\":\"https:\\\/\\\/malaga.salesianos.edu\\\/familiasalesiana\\\/blog\\\/la-asociacion-antiguos-alumnos-inaugura-belen\\\/#primaryimage\"},\"thumbnailUrl\":\"https:\\\/\\\/malaga.salesianos.edu\\\/familiasalesiana\\\/wp-content\\\/uploads\\\/sites\\\/8\\\/2017\\\/11\\\/Cartel-Belen-2018-AAAA.jpg\",\"articleSection\":[\"Asoc. Antiguos Alumnos\",\"Colegio\",\"Destacado Familia Salesiana\",\"Familia Salesiana\"],\"inLanguage\":\"es\",\"potentialAction\":[{\"@type\":\"CommentAction\",\"name\":\"Comment\",\"target\":[\"https:\\\/\\\/malaga.salesianos.edu\\\/familiasalesiana\\\/blog\\\/la-asociacion-antiguos-alumnos-inaugura-belen\\\/#respond\"]}]},{\"@type\":\"WebPage\",\"@id\":\"https:\\\/\\\/malaga.salesianos.edu\\\/familiasalesiana\\\/blog\\\/la-asociacion-antiguos-alumnos-inaugura-belen\\\/\",\"url\":\"https:\\\/\\\/malaga.salesianos.edu\\\/familiasalesiana\\\/blog\\\/la-asociacion-antiguos-alumnos-inaugura-belen\\\/\",\"name\":\"Nuestra asociaci\u00f3n de antiguos alumnos inaugura el Bel\u00e9n - Familia Salesiana | Salesianos M\u00e1laga\",\"isPartOf\":{\"@id\":\"https:\\\/\\\/malaga.salesianos.edu\\\/familiasalesiana\\\/#website\"},\"primaryImageOfPage\":{\"@id\":\"https:\\\/\\\/malaga.salesianos.edu\\\/familiasalesiana\\\/blog\\\/la-asociacion-antiguos-alumnos-inaugura-belen\\\/#primaryimage\"},\"image\":{\"@id\":\"https:\\\/\\\/malaga.salesianos.edu\\\/familiasalesiana\\\/blog\\\/la-asociacion-antiguos-alumnos-inaugura-belen\\\/#primaryimage\"},\"thumbnailUrl\":\"https:\\\/\\\/malaga.salesianos.edu\\\/familiasalesiana\\\/wp-content\\\/uploads\\\/sites\\\/8\\\/2017\\\/11\\\/Cartel-Belen-2018-AAAA.jpg\",\"datePublished\":\"2018-11-30T12:12:08+00:00\",\"dateModified\":\"2018-12-01T22:20:13+00:00\",\"author\":{\"@id\":\"https:\\\/\\\/malaga.salesianos.edu\\\/familiasalesiana\\\/#\\\/schema\\\/person\\\/fd7e7b338b40e1c817a659fe5fce718b\"},\"breadcrumb\":{\"@id\":\"https:\\\/\\\/malaga.salesianos.edu\\\/familiasalesiana\\\/blog\\\/la-asociacion-antiguos-alumnos-inaugura-belen\\\/#breadcrumb\"},\"inLanguage\":\"es\",\"potentialAction\":[{\"@type\":\"ReadAction\",\"target\":[\"https:\\\/\\\/malaga.salesianos.edu\\\/familiasalesiana\\\/blog\\\/la-asociacion-antiguos-alumnos-inaugura-belen\\\/\"]}]},{\"@type\":\"ImageObject\",\"inLanguage\":\"es\",\"@id\":\"https:\\\/\\\/malaga.salesianos.edu\\\/familiasalesiana\\\/blog\\\/la-asociacion-antiguos-alumnos-inaugura-belen\\\/#primaryimage\",\"url\":\"https:\\\/\\\/malaga.salesianos.edu\\\/familiasalesiana\\\/wp-content\\\/uploads\\\/sites\\\/8\\\/2017\\\/11\\\/Cartel-Belen-2018-AAAA.jpg\",\"contentUrl\":\"https:\\\/\\\/malaga.salesianos.edu\\\/familiasalesiana\\\/wp-content\\\/uploads\\\/sites\\\/8\\\/2017\\\/11\\\/Cartel-Belen-2018-AAAA.jpg\",\"width\":1280,\"height\":905},{\"@type\":\"BreadcrumbList\",\"@id\":\"https:\\\/\\\/malaga.salesianos.edu\\\/familiasalesiana\\\/blog\\\/la-asociacion-antiguos-alumnos-inaugura-belen\\\/#breadcrumb\",\"itemListElement\":[{\"@type\":\"ListItem\",\"position\":1,\"name\":\"Portada\",\"item\":\"https:\\\/\\\/malaga.salesianos.edu\\\/familiasalesiana\\\/\"},{\"@type\":\"ListItem\",\"position\":2,\"name\":\"Nuestra asociaci\u00f3n de antiguos alumnos inaugura el Bel\u00e9n\"}]},{\"@type\":\"WebSite\",\"@id\":\"https:\\\/\\\/malaga.salesianos.edu\\\/familiasalesiana\\\/#website\",\"url\":\"https:\\\/\\\/malaga.salesianos.edu\\\/familiasalesiana\\\/\",\"name\":\"Familia Salesiana | Salesianos M\u00e1laga\",\"description\":\"Familia Salesiana | Salesianos M\u00e1laga, ADMA, Asociaci\u00f3n de antiguos alumnos, Hermandad Salesiana, Salesianos Cooperadores\",\"potentialAction\":[{\"@type\":\"SearchAction\",\"target\":{\"@type\":\"EntryPoint\",\"urlTemplate\":\"https:\\\/\\\/malaga.salesianos.edu\\\/familiasalesiana\\\/?s={search_term_string}\"},\"query-input\":{\"@type\":\"PropertyValueSpecification\",\"valueRequired\":true,\"valueName\":\"search_term_string\"}}],\"inLanguage\":\"es\"},{\"@type\":\"Person\",\"@id\":\"https:\\\/\\\/malaga.salesianos.edu\\\/familiasalesiana\\\/#\\\/schema\\\/person\\\/fd7e7b338b40e1c817a659fe5fce718b\",\"name\":\"Comunicaci\u00f3n MLG\",\"image\":{\"@type\":\"ImageObject\",\"inLanguage\":\"es\",\"@id\":\"https:\\\/\\\/secure.gravatar.com\\\/avatar\\\/2ce5c66be6c7ab6b098b2ac29099a68d1cdb824afbb8aadf744614ce719778ff?s=96&d=mm&r=g\",\"url\":\"https:\\\/\\\/secure.gravatar.com\\\/avatar\\\/2ce5c66be6c7ab6b098b2ac29099a68d1cdb824afbb8aadf744614ce719778ff?s=96&d=mm&r=g\",\"contentUrl\":\"https:\\\/\\\/secure.gravatar.com\\\/avatar\\\/2ce5c66be6c7ab6b098b2ac29099a68d1cdb824afbb8aadf744614ce719778ff?s=96&d=mm&r=g\",\"caption\":\"Comunicaci\u00f3n MLG\"}}]}<\/script>\n<!-- \/ Yoast SEO plugin. -->","yoast_head_json":{"title":"Nuestra asociaci\u00f3n de antiguos alumnos inaugura el Bel\u00e9n - Familia Salesiana | Salesianos M\u00e1laga","robots":{"index":"index","follow":"follow","max-snippet":"max-snippet:-1","max-image-preview":"max-image-preview:large","max-video-preview":"max-video-preview:-1"},"canonical":"https:\/\/malaga.salesianos.edu\/familiasalesiana\/blog\/la-asociacion-antiguos-alumnos-inaugura-belen\/","og_locale":"es_ES","og_type":"article","og_title":"Nuestra asociaci\u00f3n de antiguos alumnos inaugura el Bel\u00e9n - Familia Salesiana | Salesianos M\u00e1laga","og_description":"El pr\u00f3ximo 30 noviembre, la asociaci\u00f3n de AA. AA. inaugura la escena del nacimiento de Jes\u00fas y tendr\u00e1 lugar el tradicional concurso de tarjetas navide\u00f1as.","og_url":"https:\/\/malaga.salesianos.edu\/familiasalesiana\/blog\/la-asociacion-antiguos-alumnos-inaugura-belen\/","og_site_name":"Familia Salesiana | Salesianos M\u00e1laga","article_published_time":"2018-11-30T12:12:08+00:00","article_modified_time":"2018-12-01T22:20:13+00:00","og_image":[{"width":1280,"height":905,"url":"https:\/\/malaga.salesianos.edu\/familiasalesiana\/wp-content\/uploads\/sites\/8\/2017\/11\/Cartel-Belen-2018-AAAA.jpg","type":"image\/jpeg"}],"author":"Comunicaci\u00f3n MLG","twitter_card":"summary_large_image","twitter_misc":{"Escrito por":"Comunicaci\u00f3n MLG","Tiempo de lectura":"1 minuto"},"schema":{"@context":"https:\/\/schema.org","@graph":[{"@type":"Article","@id":"https:\/\/malaga.salesianos.edu\/familiasalesiana\/blog\/la-asociacion-antiguos-alumnos-inaugura-belen\/#article","isPartOf":{"@id":"https:\/\/malaga.salesianos.edu\/familiasalesiana\/blog\/la-asociacion-antiguos-alumnos-inaugura-belen\/"},"author":{"name":"Comunicaci\u00f3n MLG","@id":"https:\/\/malaga.salesianos.edu\/familiasalesiana\/#\/schema\/person\/fd7e7b338b40e1c817a659fe5fce718b"},"headline":"Nuestra asociaci\u00f3n de antiguos alumnos inaugura el Bel\u00e9n","datePublished":"2018-11-30T12:12:08+00:00","dateModified":"2018-12-01T22:20:13+00:00","mainEntityOfPage":{"@id":"https:\/\/malaga.salesianos.edu\/familiasalesiana\/blog\/la-asociacion-antiguos-alumnos-inaugura-belen\/"},"wordCount":294,"commentCount":0,"image":{"@id":"https:\/\/malaga.salesianos.edu\/familiasalesiana\/blog\/la-asociacion-antiguos-alumnos-inaugura-belen\/#primaryimage"},"thumbnailUrl":"https:\/\/malaga.salesianos.edu\/familiasalesiana\/wp-content\/uploads\/sites\/8\/2017\/11\/Cartel-Belen-2018-AAAA.jpg","articleSection":["Asoc. Antiguos Alumnos","Colegio","Destacado Familia Salesiana","Familia Salesiana"],"inLanguage":"es","potentialAction":[{"@type":"CommentAction","name":"Comment","target":["https:\/\/malaga.salesianos.edu\/familiasalesiana\/blog\/la-asociacion-antiguos-alumnos-inaugura-belen\/#respond"]}]},{"@type":"WebPage","@id":"https:\/\/malaga.salesianos.edu\/familiasalesiana\/blog\/la-asociacion-antiguos-alumnos-inaugura-belen\/","url":"https:\/\/malaga.salesianos.edu\/familiasalesiana\/blog\/la-asociacion-antiguos-alumnos-inaugura-belen\/","name":"Nuestra asociaci\u00f3n de antiguos alumnos inaugura el Bel\u00e9n - Familia Salesiana | Salesianos M\u00e1laga","isPartOf":{"@id":"https:\/\/malaga.salesianos.edu\/familiasalesiana\/#website"},"primaryImageOfPage":{"@id":"https:\/\/malaga.salesianos.edu\/familiasalesiana\/blog\/la-asociacion-antiguos-alumnos-inaugura-belen\/#primaryimage"},"image":{"@id":"https:\/\/malaga.salesianos.edu\/familiasalesiana\/blog\/la-asociacion-antiguos-alumnos-inaugura-belen\/#primaryimage"},"thumbnailUrl":"https:\/\/malaga.salesianos.edu\/familiasalesiana\/wp-content\/uploads\/sites\/8\/2017\/11\/Cartel-Belen-2018-AAAA.jpg","datePublished":"2018-11-30T12:12:08+00:00","dateModified":"2018-12-01T22:20:13+00:00","author":{"@id":"https:\/\/malaga.salesianos.edu\/familiasalesiana\/#\/schema\/person\/fd7e7b338b40e1c817a659fe5fce718b"},"breadcrumb":{"@id":"https:\/\/malaga.salesianos.edu\/familiasalesiana\/blog\/la-asociacion-antiguos-alumnos-inaugura-belen\/#breadcrumb"},"inLanguage":"es","potentialAction":[{"@type":"ReadAction","target":["https:\/\/malaga.salesianos.edu\/familiasalesiana\/blog\/la-asociacion-antiguos-alumnos-inaugura-belen\/"]}]},{"@type":"ImageObject","inLanguage":"es","@id":"https:\/\/malaga.salesianos.edu\/familiasalesiana\/blog\/la-asociacion-antiguos-alumnos-inaugura-belen\/#primaryimage","url":"https:\/\/malaga.salesianos.edu\/familiasalesiana\/wp-content\/uploads\/sites\/8\/2017\/11\/Cartel-Belen-2018-AAAA.jpg","contentUrl":"https:\/\/malaga.salesianos.edu\/familiasalesiana\/wp-content\/uploads\/sites\/8\/2017\/11\/Cartel-Belen-2018-AAAA.jpg","width":1280,"height":905},{"@type":"BreadcrumbList","@id":"https:\/\/malaga.salesianos.edu\/familiasalesiana\/blog\/la-asociacion-antiguos-alumnos-inaugura-belen\/#breadcrumb","itemListElement":[{"@type":"ListItem","position":1,"name":"Portada","item":"https:\/\/malaga.salesianos.edu\/familiasalesiana\/"},{"@type":"ListItem","position":2,"name":"Nuestra asociaci\u00f3n de antiguos alumnos inaugura el Bel\u00e9n"}]},{"@type":"WebSite","@id":"https:\/\/malaga.salesianos.edu\/familiasalesiana\/#website","url":"https:\/\/malaga.salesianos.edu\/familiasalesiana\/","name":"Familia Salesiana | Salesianos M\u00e1laga","description":"Familia Salesiana | Salesianos M\u00e1laga, ADMA, Asociaci\u00f3n de antiguos alumnos, Hermandad Salesiana, Salesianos Cooperadores","potentialAction":[{"@type":"SearchAction","target":{"@type":"EntryPoint","urlTemplate":"https:\/\/malaga.salesianos.edu\/familiasalesiana\/?s={search_term_string}"},"query-input":{"@type":"PropertyValueSpecification","valueRequired":true,"valueName":"search_term_string"}}],"inLanguage":"es"},{"@type":"Person","@id":"https:\/\/malaga.salesianos.edu\/familiasalesiana\/#\/schema\/person\/fd7e7b338b40e1c817a659fe5fce718b","name":"Comunicaci\u00f3n MLG","image":{"@type":"ImageObject","inLanguage":"es","@id":"https:\/\/secure.gravatar.com\/avatar\/2ce5c66be6c7ab6b098b2ac29099a68d1cdb824afbb8aadf744614ce719778ff?s=96&d=mm&r=g","url":"https:\/\/secure.gravatar.com\/avatar\/2ce5c66be6c7ab6b098b2ac29099a68d1cdb824afbb8aadf744614ce719778ff?s=96&d=mm&r=g","contentUrl":"https:\/\/secure.gravatar.com\/avatar\/2ce5c66be6c7ab6b098b2ac29099a68d1cdb824afbb8aadf744614ce719778ff?s=96&d=mm&r=g","caption":"Comunicaci\u00f3n MLG"}}]}},"_links":{"self":[{"href":"https:\/\/malaga.salesianos.edu\/familiasalesiana\/wp-json\/wp\/v2\/posts\/5183","targetHints":{"allow":["GET"]}}],"collection":[{"href":"https:\/\/malaga.salesianos.edu\/familiasalesiana\/wp-json\/wp\/v2\/posts"}],"about":[{"href":"https:\/\/malaga.salesianos.edu\/familiasalesiana\/wp-json\/wp\/v2\/types\/post"}],"author":[{"embeddable":true,"href":"https:\/\/malaga.salesianos.edu\/familiasalesiana\/wp-json\/wp\/v2\/users\/2"}],"replies":[{"embeddable":true,"href":"https:\/\/malaga.salesianos.edu\/familiasalesiana\/wp-json\/wp\/v2\/comments?post=5183"}],"version-history":[{"count":7,"href":"https:\/\/malaga.salesianos.edu\/familiasalesiana\/wp-json\/wp\/v2\/posts\/5183\/revisions"}],"predecessor-version":[{"id":8723,"href":"https:\/\/malaga.salesianos.edu\/familiasalesiana\/wp-json\/wp\/v2\/posts\/5183\/revisions\/8723"}],"wp:featuredmedia":[{"embeddable":true,"href":"https:\/\/malaga.salesianos.edu\/familiasalesiana\/wp-json\/wp\/v2\/media\/8719"}],"wp:attachment":[{"href":"https:\/\/malaga.salesianos.edu\/familiasalesiana\/wp-json\/wp\/v2\/media?parent=5183"}],"wp:term":[{"taxonomy":"category","embeddable":true,"href":"https:\/\/malaga.salesianos.edu\/familiasalesiana\/wp-json\/wp\/v2\/categories?post=5183"},{"taxonomy":"post_tag","embeddable":true,"href":"https:\/\/malaga.salesianos.edu\/familiasalesiana\/wp-json\/wp\/v2\/tags?post=5183"}],"curies":[{"name":"wp","href":"https:\/\/api.w.org\/{rel}","templated":true}]}}