{"id":5162,"date":"2017-11-18T00:11:15","date_gmt":"2017-11-17T23:11:15","guid":{"rendered":"https:\/\/malaga.salesianos.edu\/familiasalesiana\/itinerario-estacion-de-penitencia-2018\/"},"modified":"2018-03-25T20:13:16","modified_gmt":"2018-03-25T18:13:16","slug":"itinerario-estacion-de-penitencia-2018","status":"publish","type":"post","link":"https:\/\/malaga.salesianos.edu\/familiasalesiana\/blog\/itinerario-estacion-de-penitencia-2018\/","title":{"rendered":"Itinerario Estaci\u00f3n de Penitencia 2018"},"content":{"rendered":"<p>[et_pb_section bb_built=\u00bb1&#8243; admin_label=\u00bbsection\u00bb custom_padding=\u00bb2px|0px|54px|0px\u00bb][et_pb_row admin_label=\u00bbrow\u00bb background_position=\u00bbtop_left\u00bb background_repeat=\u00bbrepeat\u00bb background_size=\u00bbinitial\u00bb][et_pb_column type=\u00bb4_4&#8243;][et_pb_text admin_label=\u00bbAutor\u00bb background_layout=\u00bblight\u00bb use_border_color=\u00bboff\u00bb border_color=\u00bb#ffffff\u00bb border_style=\u00bbsolid\u00bb _builder_version=\u00bb3.0.89&#8243; border_color_all=\u00bb#ffffff\u00bb border_style_all=\u00bbsolid\u00bb]<\/p>\n<p>Por Hermandad Salesiana<\/p>\n<p>[\/et_pb_text][et_pb_text admin_label=\u00bbEntradilla\u00bb text_font=\u00bb|on|||\u00bb background_layout=\u00bblight\u00bb text_orientation=\u00bbjustified\u00bb use_border_color=\u00bboff\u00bb border_color=\u00bb#ffffff\u00bb border_style=\u00bbsolid\u00bb _builder_version=\u00bb3.0.89&#8243; module_alignment=\u00bbleft\u00bb border_color_all=\u00bb#ffffff\u00bb]<\/p>\n<p><em><strong>La Junta de Gobierno de la Hermandad ha aprobado el itinerario definitivo de la Estaci\u00f3n de Penitencia del pr\u00f3ximo Mi\u00e9rcoles Santo de 2018.<\/strong><\/em><\/p>\n<hr \/>\n<p>[\/et_pb_text][et_pb_text admin_label=\u00bbDesarrollo\u00bb background_layout=\u00bblight\u00bb text_orientation=\u00bbjustified\u00bb use_border_color=\u00bboff\u00bb border_color=\u00bb#ffffff\u00bb border_style=\u00bbsolid\u00bb _builder_version=\u00bb3.0.89&#8243; module_alignment=\u00bbjustified\u00bb border_color_all=\u00bb#ffffff\u00bb border_style_all=\u00bbsolid\u00bb]<\/p>\n<p>Tras la reuni\u00f3n pertinente de los Hermanos Mayores del Mi\u00e9rcoles Santo, la Junta de Gobierno de la Hermandad ha aprobado el itinerario definitivo de la Estaci\u00f3n de Penitencia del pr\u00f3ximo Mi\u00e9rcoles Santo de 2018.<\/p>\n<p>El principal cambio es el de calle Granada por la plaza de Uncibay en el retorno a Capuchinos, debido a la instalaci\u00f3n de un andamio en las obras del nuevo hotel frente a la plaza de la Juder\u00eda, que imposibilita el tr\u00e1nsito de todas las Cofrad\u00edas que suelen pasar por ese enclave.<\/p>\n<p>Ante esta dificultad las Reales Cofrad\u00edas Fusionadas, inmediatamente, ofrecieron el cambio de su itinerario de los \u00faltimos a\u00f1os por la curva del \u00c1guila para facilitar nuestro acceso a la plaza de Uncibay y regresar, desde ah\u00ed, a Capuchinos. Un gesto por el que estamos muy agradecidos a nuestros hermanos Fusionados.<\/p>\n<p>As\u00ed, el itinerario de la Estaci\u00f3n de Penitencia de 2018 ser\u00e1 el siguiente:<\/p>\n<p>Salida (16:00), Eduardo Dom\u00ednguez \u00c1vila, Plaza de Capuchinos, Capuchinos, Cruz del Molinillo, Oller\u00edas, Carreter\u00eda, Puerta Nueva, Pasillo de Santa Isabel, Plaza de Arriola, Atarazanas, Ord\u00f3\u00f1ez, Alameda Principal (19:05), Marqu\u00e9s de Larios, Plaza de la Constituci\u00f3n (20:10), Granada, Plaza del Carb\u00f3n, Plaza del Siglo, Granada, Echegaray, San Agust\u00edn, Patio de los Naranjos, Santa Iglesia Catedral (21:15), Patio de los Naranjos, Santa Mar\u00eda, Molina Lario, Plaza del Siglo, Granada, M\u00e9ndez N\u00fa\u00f1ez, Plaza de Uncibay, M\u00e9ndez N\u00fa\u00f1ez, Plaza del Teatro, Puerta de Buenaventura, Carreter\u00eda, Dos Aceras, Plaza de Monta\u00f1o, Dos Aceras, Carrera de Capuchinos, Plaza de Capuchinos y Eduardo Dom\u00ednguez \u00c1vila. Entrada en la Casa Hermandad a las 24:30 hrs.<\/p>\n<p>[\/et_pb_text][et_pb_image _builder_version=\u00bb3.0.106&#8243; src=\u00bbhttps:\/\/malaga.salesianos.edu\/wp-content\/uploads\/2017\/02\/frisohermandad.jpg\u00bb show_in_lightbox=\u00bboff\u00bb url_new_window=\u00bboff\u00bb use_overlay=\u00bboff\u00bb always_center_on_mobile=\u00bbon\u00bb force_fullwidth=\u00bboff\u00bb show_bottom_space=\u00bbon\u00bb animation_style=\u00bbslide\u00bb \/][\/et_pb_column][\/et_pb_row][\/et_pb_section]<\/p>\n","protected":false},"excerpt":{"rendered":"<p>La Junta de Gobierno de la Hermandad ha aprobado el itinerario definitivo de la Estaci\u00f3n de Penitencia del pr\u00f3ximo Mi\u00e9rcoles Santo de 2018.<\/p>\n","protected":false},"author":5,"featured_media":8087,"comment_status":"open","ping_status":"open","sticky":false,"template":"","format":"standard","meta":{"_et_pb_use_builder":"on","_et_pb_old_content":"","_et_gb_content_width":"","footnotes":""},"categories":[9,137,101],"tags":[],"class_list":["post-5162","post","type-post","status-publish","format-standard","has-post-thumbnail","hentry","category-cofradia","category-destacado-familia-salesiana","category-familia-salesiana"],"yoast_head":"<!-- This site is optimized with the Yoast SEO plugin v28.3 - https:\/\/yoast.com\/product\/yoast-seo-wordpress\/ -->\n<title>Itinerario Estaci\u00f3n de Penitencia 2018 - Familia Salesiana | Salesianos M\u00e1laga<\/title>\n<meta name=\"robots\" content=\"index, follow, max-snippet:-1, max-image-preview:large, max-video-preview:-1\" \/>\n<link rel=\"canonical\" href=\"https:\/\/malaga.salesianos.edu\/familiasalesiana\/blog\/itinerario-estacion-de-penitencia-2018\/\" \/>\n<meta property=\"og:locale\" content=\"es_ES\" \/>\n<meta property=\"og:type\" content=\"article\" \/>\n<meta property=\"og:title\" content=\"Itinerario Estaci\u00f3n de Penitencia 2018 - Familia Salesiana | Salesianos M\u00e1laga\" \/>\n<meta property=\"og:description\" content=\"La Junta de Gobierno de la Hermandad ha aprobado el itinerario definitivo de la Estaci\u00f3n de Penitencia del pr\u00f3ximo Mi\u00e9rcoles Santo de 2018.\" \/>\n<meta property=\"og:url\" content=\"https:\/\/malaga.salesianos.edu\/familiasalesiana\/blog\/itinerario-estacion-de-penitencia-2018\/\" \/>\n<meta property=\"og:site_name\" content=\"Familia Salesiana | Salesianos M\u00e1laga\" \/>\n<meta property=\"article:published_time\" content=\"2017-11-17T23:11:15+00:00\" \/>\n<meta property=\"article:modified_time\" content=\"2018-03-25T18:13:16+00:00\" \/>\n<meta property=\"og:image\" content=\"https:\/\/malaga.salesianos.edu\/familiasalesiana\/wp-content\/uploads\/sites\/8\/2018\/03\/hermandad_salesiana_1.jpg\" \/>\n\t<meta property=\"og:image:width\" content=\"1\" \/>\n\t<meta property=\"og:image:height\" content=\"1\" \/>\n\t<meta property=\"og:image:type\" content=\"image\/jpeg\" \/>\n<meta name=\"twitter:card\" content=\"summary_large_image\" \/>\n<meta name=\"twitter:label1\" content=\"Escrito por\" \/>\n\t<meta name=\"twitter:data1\" content=\"\" \/>\n\t<meta name=\"twitter:label2\" content=\"Tiempo de lectura\" \/>\n\t<meta name=\"twitter:data2\" content=\"2 minutos\" \/>\n<script type=\"application\/ld+json\" class=\"yoast-schema-graph\">{\"@context\":\"https:\\\/\\\/schema.org\",\"@graph\":[{\"@type\":\"Article\",\"@id\":\"https:\\\/\\\/malaga.salesianos.edu\\\/familiasalesiana\\\/blog\\\/itinerario-estacion-de-penitencia-2018\\\/#article\",\"isPartOf\":{\"@id\":\"https:\\\/\\\/malaga.salesianos.edu\\\/familiasalesiana\\\/blog\\\/itinerario-estacion-de-penitencia-2018\\\/\"},\"author\":{\"name\":\"\",\"@id\":\"\"},\"headline\":\"Itinerario Estaci\u00f3n de Penitencia 2018\",\"datePublished\":\"2017-11-17T23:11:15+00:00\",\"dateModified\":\"2018-03-25T18:13:16+00:00\",\"mainEntityOfPage\":{\"@id\":\"https:\\\/\\\/malaga.salesianos.edu\\\/familiasalesiana\\\/blog\\\/itinerario-estacion-de-penitencia-2018\\\/\"},\"wordCount\":500,\"commentCount\":0,\"image\":{\"@id\":\"https:\\\/\\\/malaga.salesianos.edu\\\/familiasalesiana\\\/blog\\\/itinerario-estacion-de-penitencia-2018\\\/#primaryimage\"},\"thumbnailUrl\":\"https:\\\/\\\/malaga.salesianos.edu\\\/familiasalesiana\\\/wp-content\\\/uploads\\\/sites\\\/8\\\/2018\\\/03\\\/hermandad_salesiana_1.jpg\",\"articleSection\":[\"Cofrad\u00eda\",\"Destacado Familia Salesiana\",\"Familia Salesiana\"],\"inLanguage\":\"es\",\"potentialAction\":[{\"@type\":\"CommentAction\",\"name\":\"Comment\",\"target\":[\"https:\\\/\\\/malaga.salesianos.edu\\\/familiasalesiana\\\/blog\\\/itinerario-estacion-de-penitencia-2018\\\/#respond\"]}]},{\"@type\":\"WebPage\",\"@id\":\"https:\\\/\\\/malaga.salesianos.edu\\\/familiasalesiana\\\/blog\\\/itinerario-estacion-de-penitencia-2018\\\/\",\"url\":\"https:\\\/\\\/malaga.salesianos.edu\\\/familiasalesiana\\\/blog\\\/itinerario-estacion-de-penitencia-2018\\\/\",\"name\":\"Itinerario Estaci\u00f3n de Penitencia 2018 - Familia Salesiana | Salesianos M\u00e1laga\",\"isPartOf\":{\"@id\":\"https:\\\/\\\/malaga.salesianos.edu\\\/familiasalesiana\\\/#website\"},\"primaryImageOfPage\":{\"@id\":\"https:\\\/\\\/malaga.salesianos.edu\\\/familiasalesiana\\\/blog\\\/itinerario-estacion-de-penitencia-2018\\\/#primaryimage\"},\"image\":{\"@id\":\"https:\\\/\\\/malaga.salesianos.edu\\\/familiasalesiana\\\/blog\\\/itinerario-estacion-de-penitencia-2018\\\/#primaryimage\"},\"thumbnailUrl\":\"https:\\\/\\\/malaga.salesianos.edu\\\/familiasalesiana\\\/wp-content\\\/uploads\\\/sites\\\/8\\\/2018\\\/03\\\/hermandad_salesiana_1.jpg\",\"datePublished\":\"2017-11-17T23:11:15+00:00\",\"dateModified\":\"2018-03-25T18:13:16+00:00\",\"author\":{\"@id\":\"\"},\"breadcrumb\":{\"@id\":\"https:\\\/\\\/malaga.salesianos.edu\\\/familiasalesiana\\\/blog\\\/itinerario-estacion-de-penitencia-2018\\\/#breadcrumb\"},\"inLanguage\":\"es\",\"potentialAction\":[{\"@type\":\"ReadAction\",\"target\":[\"https:\\\/\\\/malaga.salesianos.edu\\\/familiasalesiana\\\/blog\\\/itinerario-estacion-de-penitencia-2018\\\/\"]}]},{\"@type\":\"ImageObject\",\"inLanguage\":\"es\",\"@id\":\"https:\\\/\\\/malaga.salesianos.edu\\\/familiasalesiana\\\/blog\\\/itinerario-estacion-de-penitencia-2018\\\/#primaryimage\",\"url\":\"https:\\\/\\\/malaga.salesianos.edu\\\/familiasalesiana\\\/wp-content\\\/uploads\\\/sites\\\/8\\\/2018\\\/03\\\/hermandad_salesiana_1.jpg\",\"contentUrl\":\"https:\\\/\\\/malaga.salesianos.edu\\\/familiasalesiana\\\/wp-content\\\/uploads\\\/sites\\\/8\\\/2018\\\/03\\\/hermandad_salesiana_1.jpg\"},{\"@type\":\"BreadcrumbList\",\"@id\":\"https:\\\/\\\/malaga.salesianos.edu\\\/familiasalesiana\\\/blog\\\/itinerario-estacion-de-penitencia-2018\\\/#breadcrumb\",\"itemListElement\":[{\"@type\":\"ListItem\",\"position\":1,\"name\":\"Portada\",\"item\":\"https:\\\/\\\/malaga.salesianos.edu\\\/familiasalesiana\\\/\"},{\"@type\":\"ListItem\",\"position\":2,\"name\":\"Itinerario Estaci\u00f3n de Penitencia 2018\"}]},{\"@type\":\"WebSite\",\"@id\":\"https:\\\/\\\/malaga.salesianos.edu\\\/familiasalesiana\\\/#website\",\"url\":\"https:\\\/\\\/malaga.salesianos.edu\\\/familiasalesiana\\\/\",\"name\":\"Familia Salesiana | Salesianos M\u00e1laga\",\"description\":\"Familia Salesiana | Salesianos M\u00e1laga, ADMA, Asociaci\u00f3n de antiguos alumnos, Hermandad Salesiana, Salesianos Cooperadores\",\"potentialAction\":[{\"@type\":\"SearchAction\",\"target\":{\"@type\":\"EntryPoint\",\"urlTemplate\":\"https:\\\/\\\/malaga.salesianos.edu\\\/familiasalesiana\\\/?s={search_term_string}\"},\"query-input\":{\"@type\":\"PropertyValueSpecification\",\"valueRequired\":true,\"valueName\":\"search_term_string\"}}],\"inLanguage\":\"es\"},{\"@type\":\"Person\",\"@id\":\"\"}]}<\/script>\n<!-- \/ Yoast SEO plugin. -->","yoast_head_json":{"title":"Itinerario Estaci\u00f3n de Penitencia 2018 - Familia Salesiana | Salesianos M\u00e1laga","robots":{"index":"index","follow":"follow","max-snippet":"max-snippet:-1","max-image-preview":"max-image-preview:large","max-video-preview":"max-video-preview:-1"},"canonical":"https:\/\/malaga.salesianos.edu\/familiasalesiana\/blog\/itinerario-estacion-de-penitencia-2018\/","og_locale":"es_ES","og_type":"article","og_title":"Itinerario Estaci\u00f3n de Penitencia 2018 - Familia Salesiana | Salesianos M\u00e1laga","og_description":"La Junta de Gobierno de la Hermandad ha aprobado el itinerario definitivo de la Estaci\u00f3n de Penitencia del pr\u00f3ximo Mi\u00e9rcoles Santo de 2018.","og_url":"https:\/\/malaga.salesianos.edu\/familiasalesiana\/blog\/itinerario-estacion-de-penitencia-2018\/","og_site_name":"Familia Salesiana | Salesianos M\u00e1laga","article_published_time":"2017-11-17T23:11:15+00:00","article_modified_time":"2018-03-25T18:13:16+00:00","og_image":[{"url":"https:\/\/malaga.salesianos.edu\/familiasalesiana\/wp-content\/uploads\/sites\/8\/2018\/03\/hermandad_salesiana_1.jpg","width":1,"height":1,"type":"image\/jpeg"}],"twitter_card":"summary_large_image","twitter_misc":{"Escrito por":"","Tiempo de lectura":"2 minutos"},"schema":{"@context":"https:\/\/schema.org","@graph":[{"@type":"Article","@id":"https:\/\/malaga.salesianos.edu\/familiasalesiana\/blog\/itinerario-estacion-de-penitencia-2018\/#article","isPartOf":{"@id":"https:\/\/malaga.salesianos.edu\/familiasalesiana\/blog\/itinerario-estacion-de-penitencia-2018\/"},"author":{"name":"","@id":""},"headline":"Itinerario Estaci\u00f3n de Penitencia 2018","datePublished":"2017-11-17T23:11:15+00:00","dateModified":"2018-03-25T18:13:16+00:00","mainEntityOfPage":{"@id":"https:\/\/malaga.salesianos.edu\/familiasalesiana\/blog\/itinerario-estacion-de-penitencia-2018\/"},"wordCount":500,"commentCount":0,"image":{"@id":"https:\/\/malaga.salesianos.edu\/familiasalesiana\/blog\/itinerario-estacion-de-penitencia-2018\/#primaryimage"},"thumbnailUrl":"https:\/\/malaga.salesianos.edu\/familiasalesiana\/wp-content\/uploads\/sites\/8\/2018\/03\/hermandad_salesiana_1.jpg","articleSection":["Cofrad\u00eda","Destacado Familia Salesiana","Familia Salesiana"],"inLanguage":"es","potentialAction":[{"@type":"CommentAction","name":"Comment","target":["https:\/\/malaga.salesianos.edu\/familiasalesiana\/blog\/itinerario-estacion-de-penitencia-2018\/#respond"]}]},{"@type":"WebPage","@id":"https:\/\/malaga.salesianos.edu\/familiasalesiana\/blog\/itinerario-estacion-de-penitencia-2018\/","url":"https:\/\/malaga.salesianos.edu\/familiasalesiana\/blog\/itinerario-estacion-de-penitencia-2018\/","name":"Itinerario Estaci\u00f3n de Penitencia 2018 - Familia Salesiana | Salesianos M\u00e1laga","isPartOf":{"@id":"https:\/\/malaga.salesianos.edu\/familiasalesiana\/#website"},"primaryImageOfPage":{"@id":"https:\/\/malaga.salesianos.edu\/familiasalesiana\/blog\/itinerario-estacion-de-penitencia-2018\/#primaryimage"},"image":{"@id":"https:\/\/malaga.salesianos.edu\/familiasalesiana\/blog\/itinerario-estacion-de-penitencia-2018\/#primaryimage"},"thumbnailUrl":"https:\/\/malaga.salesianos.edu\/familiasalesiana\/wp-content\/uploads\/sites\/8\/2018\/03\/hermandad_salesiana_1.jpg","datePublished":"2017-11-17T23:11:15+00:00","dateModified":"2018-03-25T18:13:16+00:00","author":{"@id":""},"breadcrumb":{"@id":"https:\/\/malaga.salesianos.edu\/familiasalesiana\/blog\/itinerario-estacion-de-penitencia-2018\/#breadcrumb"},"inLanguage":"es","potentialAction":[{"@type":"ReadAction","target":["https:\/\/malaga.salesianos.edu\/familiasalesiana\/blog\/itinerario-estacion-de-penitencia-2018\/"]}]},{"@type":"ImageObject","inLanguage":"es","@id":"https:\/\/malaga.salesianos.edu\/familiasalesiana\/blog\/itinerario-estacion-de-penitencia-2018\/#primaryimage","url":"https:\/\/malaga.salesianos.edu\/familiasalesiana\/wp-content\/uploads\/sites\/8\/2018\/03\/hermandad_salesiana_1.jpg","contentUrl":"https:\/\/malaga.salesianos.edu\/familiasalesiana\/wp-content\/uploads\/sites\/8\/2018\/03\/hermandad_salesiana_1.jpg"},{"@type":"BreadcrumbList","@id":"https:\/\/malaga.salesianos.edu\/familiasalesiana\/blog\/itinerario-estacion-de-penitencia-2018\/#breadcrumb","itemListElement":[{"@type":"ListItem","position":1,"name":"Portada","item":"https:\/\/malaga.salesianos.edu\/familiasalesiana\/"},{"@type":"ListItem","position":2,"name":"Itinerario Estaci\u00f3n de Penitencia 2018"}]},{"@type":"WebSite","@id":"https:\/\/malaga.salesianos.edu\/familiasalesiana\/#website","url":"https:\/\/malaga.salesianos.edu\/familiasalesiana\/","name":"Familia Salesiana | Salesianos M\u00e1laga","description":"Familia Salesiana | Salesianos M\u00e1laga, ADMA, Asociaci\u00f3n de antiguos alumnos, Hermandad Salesiana, Salesianos Cooperadores","potentialAction":[{"@type":"SearchAction","target":{"@type":"EntryPoint","urlTemplate":"https:\/\/malaga.salesianos.edu\/familiasalesiana\/?s={search_term_string}"},"query-input":{"@type":"PropertyValueSpecification","valueRequired":true,"valueName":"search_term_string"}}],"inLanguage":"es"},{"@type":"Person","@id":""}]}},"_links":{"self":[{"href":"https:\/\/malaga.salesianos.edu\/familiasalesiana\/wp-json\/wp\/v2\/posts\/5162","targetHints":{"allow":["GET"]}}],"collection":[{"href":"https:\/\/malaga.salesianos.edu\/familiasalesiana\/wp-json\/wp\/v2\/posts"}],"about":[{"href":"https:\/\/malaga.salesianos.edu\/familiasalesiana\/wp-json\/wp\/v2\/types\/post"}],"author":[{"embeddable":true,"href":"https:\/\/malaga.salesianos.edu\/familiasalesiana\/wp-json\/wp\/v2\/users\/5"}],"replies":[{"embeddable":true,"href":"https:\/\/malaga.salesianos.edu\/familiasalesiana\/wp-json\/wp\/v2\/comments?post=5162"}],"version-history":[{"count":3,"href":"https:\/\/malaga.salesianos.edu\/familiasalesiana\/wp-json\/wp\/v2\/posts\/5162\/revisions"}],"predecessor-version":[{"id":8086,"href":"https:\/\/malaga.salesianos.edu\/familiasalesiana\/wp-json\/wp\/v2\/posts\/5162\/revisions\/8086"}],"wp:featuredmedia":[{"embeddable":true,"href":"https:\/\/malaga.salesianos.edu\/familiasalesiana\/wp-json\/wp\/v2\/media\/8087"}],"wp:attachment":[{"href":"https:\/\/malaga.salesianos.edu\/familiasalesiana\/wp-json\/wp\/v2\/media?parent=5162"}],"wp:term":[{"taxonomy":"category","embeddable":true,"href":"https:\/\/malaga.salesianos.edu\/familiasalesiana\/wp-json\/wp\/v2\/categories?post=5162"},{"taxonomy":"post_tag","embeddable":true,"href":"https:\/\/malaga.salesianos.edu\/familiasalesiana\/wp-json\/wp\/v2\/tags?post=5162"}],"curies":[{"name":"wp","href":"https:\/\/api.w.org\/{rel}","templated":true}]}}