{"id":5085,"date":"2017-11-03T20:11:21","date_gmt":"2017-11-03T19:11:21","guid":{"rendered":"https:\/\/malaga.salesianos.edu\/familiasalesiana\/?p=5085"},"modified":"2017-11-03T20:11:21","modified_gmt":"2017-11-03T19:11:21","slug":"nuevo-presidente-de-la-asociacion-de-antiguos-alumnos","status":"publish","type":"post","link":"https:\/\/malaga.salesianos.edu\/familiasalesiana\/blog\/nuevo-presidente-de-la-asociacion-de-antiguos-alumnos\/","title":{"rendered":"Nuevo Presidente de la Asociaci\u00f3n de Antiguos Alumnos"},"content":{"rendered":"<p>[et_pb_section bb_built=\u00bb1&#8243; admin_label=\u00bbsection\u00bb custom_padding=\u00bb2px|0px|54px|0px\u00bb][et_pb_row admin_label=\u00bbrow\u00bb][et_pb_column type=\u00bb4_4&#8243;][et_pb_text admin_label=\u00bbAutor\u00bb background_layout=\u00bblight\u00bb _builder_version=\u00bb3.0.85&#8243;]<\/p>\n<p>Por Asociaci\u00f3n de Antiguos Alumnos<\/p>\n<p>[\/et_pb_text][et_pb_text admin_label=\u00bbEntradilla\u00bb text_font=\u00bb|on|||\u00bb background_layout=\u00bblight\u00bb text_orientation=\u00bbjustified\u00bb _builder_version=\u00bb3.0.85&#8243;]<\/p>\n<p><strong><em>En la tarde del d\u00eda 23 de junio, y como inicio de una gran velada, los antiguos alumnos nos reun\u00edamos para la celebraci\u00f3n de la Asamblea Anual de socios correspondiente al a\u00f1o 2017.<\/em><\/strong><\/p>\n<hr \/>\n<p>&nbsp;<\/p>\n<p>[\/et_pb_text][et_pb_text admin_label=\u00bbDesarrollo\u00bb background_layout=\u00bblight\u00bb text_orientation=\u00bbjustified\u00bb _builder_version=\u00bb3.0.85&#8243;]<\/p>\n<p>En la tarde del d\u00eda 23 de junio, y como inicio de una gran velada, los antiguos alumnos nos reun\u00edamos para la celebraci\u00f3n de la Asamblea Anual de socios correspondiente al a\u00f1o 2017, acompa\u00f1ados por nuestro Director de la casa, Don Antonio Gil, repasamos todo lo acontecido y vivido, memoria, informes econ\u00f3micos, y todo lo relativo al desarrollo anual de actividades de nuestro movimiento.<\/p>\n<div lang=\"zxx\" align=\"justify\">Tambi\u00e9n tuvo lugar, la entrega de los beneficios obtenidos en la novena edici\u00f3n de nuestra Carrera Popular Mar\u00eda Auxiliadora, a la Fundaci\u00f3n Proyecto Don Bosco, como miembro representante el encargado de recogerlo fue Don Jos\u00e9 Lu\u00eds P\u00e9rez, con ello, queremos colaborar en la magn\u00edfica labor que se est\u00e1 realizando en el piso tutelado de acogida para j\u00f3venes en riesgo de exclusi\u00f3n social.<\/div>\n<div lang=\"zxx\" align=\"justify\"><\/div>\n<div lang=\"zxx\" align=\"justify\">A continuaci\u00f3n, tambi\u00e9n entregamos a nuestra Hermandad Salesiana, la placa para el Don Bosco de la hornacina de la fachada de la futura Casa Hermandad.<\/div>\n<div lang=\"zxx\" align=\"justify\">Al t\u00e9rmino de la asamblea anual , procedimos a iniciar la Asamblea extraordinaria de elecciones, encabezada por la \u00fanica candidatura de Don Jos\u00e9 Dur\u00e1n L\u00f3pez, d\u00f3nde fue elegido como presidente durante los pr\u00f3ximos cuatro a\u00f1os por aclamaci\u00f3n. Tras las palabras de despedida y agradecimiento por parte de Maribel Fern\u00e1ndez Rando como presidenta saliente a su junta, la intervenci\u00f3n del Presidente Regional Don Diego Arag\u00f3n, lleg\u00f3 el turno de nuestro nuevo presidente, Pepe, nos anim\u00f3 e ilusion\u00f3 con sus ganas e \u00edmpetu, avanz\u00f3 algunos de sus proyectos y concluimos dicha sesi\u00f3n entonando juntos el himno de nuestro Padre y maestro san Juan Bosco.<\/div>\n<div lang=\"zxx\" align=\"justify\"><\/div>\n<div lang=\"zxx\" align=\"justify\">Para mayor alegr\u00eda de los all\u00ed reunidos, tuvimos el honor y privilegio de contar con la asistencia de nuestro Padre Inspector Don Crist\u00f3bal L\u00f3pez, que nos acompa\u00f1\u00f3 en estos momentos tan emotivos e importantes, se procedi\u00f3 a la colocaci\u00f3n del cuadro correspondiente en la galer\u00eda de presidentes de la asociaci\u00f3n, de la ya nueva ex-presidenta Maribel Fern\u00e1ndez, y tuvo lugar el traspaso de llaves, tras las palabras \u00e1nimo y mejores deseos en esta nueva andadura de Maribel al nuevo presidente, Don Crist\u00f3bal nos dedic\u00f3 un alentador discurso que nos hizo sentirnos mucho m\u00e1s salesianos.<\/div>\n<div lang=\"zxx\" align=\"justify\"><\/div>\n<div lang=\"zxx\" align=\"justify\">La jornada discurr\u00eda en ambiente entra\u00f1able y familiar, y fue nuestro grupo joven quien puso la nota sentimental al evento, prepararon como sorpresa para Juan C. Jim\u00e9nez Luque, vicepresidente durante esta etapa que finalizaba, y quien promovi\u00f3 este movimiento juvenil, la entrega de un cuadro con fotograf\u00eda y la lectura de un texto d\u00f3nde le agradec\u00edan todo lo realizado. Despu\u00e9s de tantas emociones, pas\u00e1bamos a celebrar nuestra Fiesta de La Uni\u00f3n.<\/div>\n<div lang=\"zxx\" align=\"justify\"><\/div>\n<div lang=\"zxx\" align=\"justify\">Arropados por la familia salesiana, compartimos \u00e1gape y convivencia, disfrutamos de una velada al m\u00e1s puro estilo salesiano en nuestro patio y como colof\u00f3n, todo se dispuso para el homenaje y agradecimiento a Don Juan Baena Serrano.<\/div>\n<div lang=\"zxx\" align=\"justify\">El encargado de iniciarlo fue nuestro reci\u00e9n estrenado presidente, Pepe Dur\u00e1n nos deleit\u00f3 con una bonita semblanza a la persona de Juan Baena, y como nota novedosa, en esta ocasi\u00f3n, el cuadro con el que la asociaci\u00f3n deja menci\u00f3n a sus homenajeados, fue entregado de manera conjunta por los dos presidentes, tanto em\u00e9rita como actual, a manos de Maribel y Pepe.<\/div>\n<div lang=\"zxx\" align=\"justify\">Don Juan Baena, agradecido y sorprendido, nos dirigi\u00f3 unas afectuosas palabras a los presentes y fue felicitado con alegr\u00eda por todos.<\/div>\n<div lang=\"zxx\" align=\"justify\"><\/div>\n<div lang=\"zxx\" align=\"justify\">Y como no pod\u00eda ser de otra forma, el broche de oro a todos estos acontecimientos y finalizaci\u00f3n de nuestra Fiesta de La Uni\u00f3n, lo pon\u00eda nuestro Director Titular Don Antonio Gil con sus buenas noches.<\/div>\n<div lang=\"zxx\" align=\"justify\">Llegado el s\u00e1bado d\u00eda 24, celebr\u00e1bamos en nuestro Santuario el d\u00eda mundial del Antiguo Alumno con la Eucar\u00edstia a Mar\u00eda Auxiliadora y la onom\u00e1stica de nuestro querido Don Bosco.<\/div>\n<div lang=\"zxx\" align=\"justify\"><\/div>\n<div lang=\"zxx\" align=\"justify\">Agradecemos a nuestra Comunidad, a todos los asistentes, a la familia salesiana y a todos los antiguos alumnos, la jornada vivida, con nuestro compromiso de seguir trabajando en esta nueva etapa y encomendados a nuestra madre Mar\u00eda Auxiliadora, nos vemos en un nuevo curso pr\u00f3ximamente, feliz verano a todos.<\/div>\n<blockquote>\n<h3 lang=\"zxx\" align=\"justify\"><strong>Galer\u00eda de fotos:<\/strong><\/h3>\n<\/blockquote>\n<p>[\/et_pb_text][et_pb_gallery gallery_ids=\u00bb5086,5087,5088,5089,5090&#8243; show_title_and_caption=\u00bboff\u00bb zoom_icon_color=\u00bb#d12525&#8243; fullwidth=\u00bboff\u00bb orientation=\u00bblandscape\u00bb show_pagination=\u00bbon\u00bb background_layout=\u00bblight\u00bb hover_overlay_color=\u00bbrgba(255,255,255,0.9)\u00bb posts_number=\u00bb8&#8243; _builder_version=\u00bb3.0.85&#8243; pagination_font_size_tablet=\u00bb51&#8243; pagination_line_height_tablet=\u00bb2&#8243; \/][et_pb_comments _builder_version=\u00bb3.0.85&#8243; show_avatar=\u00bbon\u00bb show_reply=\u00bbon\u00bb show_count=\u00bbon\u00bb background_layout=\u00bblight\u00bb header_font_size_tablet=\u00bb51&#8243; header_line_height_tablet=\u00bb2&#8243; custom_button=\u00bboff\u00bb button_icon_placement=\u00bbright\u00bb \/][\/et_pb_column][\/et_pb_row][\/et_pb_section]<\/p>\n","protected":false},"excerpt":{"rendered":"<p>En la tarde del d\u00eda 23 de junio, los antiguos alumnos nos reun\u00edamos para la celebraci\u00f3n de la Asamblea Anual de socios.<\/p>\n","protected":false},"author":2,"featured_media":5091,"comment_status":"open","ping_status":"open","sticky":false,"template":"","format":"standard","meta":{"_et_pb_use_builder":"on","_et_pb_old_content":"","_et_gb_content_width":"","footnotes":""},"categories":[2,101],"tags":[],"class_list":["post-5085","post","type-post","status-publish","format-standard","has-post-thumbnail","hentry","category-asoc-antiguos-alumnos","category-familia-salesiana"],"yoast_head":"<!-- This site is optimized with the Yoast SEO plugin v28.3 - https:\/\/yoast.com\/product\/yoast-seo-wordpress\/ -->\n<title>Nuevo Presidente de la Asociaci\u00f3n de Antiguos Alumnos - Familia Salesiana | Salesianos M\u00e1laga<\/title>\n<meta name=\"robots\" content=\"index, follow, max-snippet:-1, max-image-preview:large, max-video-preview:-1\" \/>\n<link rel=\"canonical\" href=\"https:\/\/malaga.salesianos.edu\/familiasalesiana\/blog\/nuevo-presidente-de-la-asociacion-de-antiguos-alumnos\/\" \/>\n<meta property=\"og:locale\" content=\"es_ES\" \/>\n<meta property=\"og:type\" content=\"article\" \/>\n<meta property=\"og:title\" content=\"Nuevo Presidente de la Asociaci\u00f3n de Antiguos Alumnos - Familia Salesiana | Salesianos M\u00e1laga\" \/>\n<meta property=\"og:description\" content=\"En la tarde del d\u00eda 23 de junio, los antiguos alumnos nos reun\u00edamos para la celebraci\u00f3n de la Asamblea Anual de socios.\" \/>\n<meta property=\"og:url\" content=\"https:\/\/malaga.salesianos.edu\/familiasalesiana\/blog\/nuevo-presidente-de-la-asociacion-de-antiguos-alumnos\/\" \/>\n<meta property=\"og:site_name\" content=\"Familia Salesiana | Salesianos M\u00e1laga\" \/>\n<meta property=\"article:published_time\" content=\"2017-11-03T19:11:21+00:00\" \/>\n<meta property=\"og:image\" content=\"https:\/\/malaga.salesianos.edu\/familiasalesiana\/wp-content\/uploads\/sites\/8\/2017\/11\/aaaa_nuevo_presidente_duran.jpg\" \/>\n\t<meta property=\"og:image:width\" content=\"1200\" \/>\n\t<meta property=\"og:image:height\" content=\"735\" \/>\n\t<meta property=\"og:image:type\" content=\"image\/jpeg\" \/>\n<meta name=\"author\" content=\"Comunicaci\u00f3n MLG\" \/>\n<meta name=\"twitter:card\" content=\"summary_large_image\" \/>\n<meta name=\"twitter:label1\" content=\"Escrito por\" \/>\n\t<meta name=\"twitter:data1\" content=\"Comunicaci\u00f3n MLG\" \/>\n\t<meta name=\"twitter:label2\" content=\"Tiempo de lectura\" \/>\n\t<meta name=\"twitter:data2\" content=\"5 minutos\" \/>\n<script type=\"application\/ld+json\" class=\"yoast-schema-graph\">{\"@context\":\"https:\\\/\\\/schema.org\",\"@graph\":[{\"@type\":\"Article\",\"@id\":\"https:\\\/\\\/malaga.salesianos.edu\\\/familiasalesiana\\\/blog\\\/nuevo-presidente-de-la-asociacion-de-antiguos-alumnos\\\/#article\",\"isPartOf\":{\"@id\":\"https:\\\/\\\/malaga.salesianos.edu\\\/familiasalesiana\\\/blog\\\/nuevo-presidente-de-la-asociacion-de-antiguos-alumnos\\\/\"},\"author\":{\"name\":\"Comunicaci\u00f3n MLG\",\"@id\":\"https:\\\/\\\/malaga.salesianos.edu\\\/familiasalesiana\\\/#\\\/schema\\\/person\\\/fd7e7b338b40e1c817a659fe5fce718b\"},\"headline\":\"Nuevo Presidente de la Asociaci\u00f3n de Antiguos Alumnos\",\"datePublished\":\"2017-11-03T19:11:21+00:00\",\"mainEntityOfPage\":{\"@id\":\"https:\\\/\\\/malaga.salesianos.edu\\\/familiasalesiana\\\/blog\\\/nuevo-presidente-de-la-asociacion-de-antiguos-alumnos\\\/\"},\"wordCount\":926,\"commentCount\":0,\"image\":{\"@id\":\"https:\\\/\\\/malaga.salesianos.edu\\\/familiasalesiana\\\/blog\\\/nuevo-presidente-de-la-asociacion-de-antiguos-alumnos\\\/#primaryimage\"},\"thumbnailUrl\":\"https:\\\/\\\/malaga.salesianos.edu\\\/familiasalesiana\\\/wp-content\\\/uploads\\\/sites\\\/8\\\/2017\\\/11\\\/aaaa_nuevo_presidente_duran.jpg\",\"articleSection\":[\"Asoc. Antiguos Alumnos\",\"Familia Salesiana\"],\"inLanguage\":\"es\",\"potentialAction\":[{\"@type\":\"CommentAction\",\"name\":\"Comment\",\"target\":[\"https:\\\/\\\/malaga.salesianos.edu\\\/familiasalesiana\\\/blog\\\/nuevo-presidente-de-la-asociacion-de-antiguos-alumnos\\\/#respond\"]}]},{\"@type\":\"WebPage\",\"@id\":\"https:\\\/\\\/malaga.salesianos.edu\\\/familiasalesiana\\\/blog\\\/nuevo-presidente-de-la-asociacion-de-antiguos-alumnos\\\/\",\"url\":\"https:\\\/\\\/malaga.salesianos.edu\\\/familiasalesiana\\\/blog\\\/nuevo-presidente-de-la-asociacion-de-antiguos-alumnos\\\/\",\"name\":\"Nuevo Presidente de la Asociaci\u00f3n de Antiguos Alumnos - Familia Salesiana | Salesianos M\u00e1laga\",\"isPartOf\":{\"@id\":\"https:\\\/\\\/malaga.salesianos.edu\\\/familiasalesiana\\\/#website\"},\"primaryImageOfPage\":{\"@id\":\"https:\\\/\\\/malaga.salesianos.edu\\\/familiasalesiana\\\/blog\\\/nuevo-presidente-de-la-asociacion-de-antiguos-alumnos\\\/#primaryimage\"},\"image\":{\"@id\":\"https:\\\/\\\/malaga.salesianos.edu\\\/familiasalesiana\\\/blog\\\/nuevo-presidente-de-la-asociacion-de-antiguos-alumnos\\\/#primaryimage\"},\"thumbnailUrl\":\"https:\\\/\\\/malaga.salesianos.edu\\\/familiasalesiana\\\/wp-content\\\/uploads\\\/sites\\\/8\\\/2017\\\/11\\\/aaaa_nuevo_presidente_duran.jpg\",\"datePublished\":\"2017-11-03T19:11:21+00:00\",\"author\":{\"@id\":\"https:\\\/\\\/malaga.salesianos.edu\\\/familiasalesiana\\\/#\\\/schema\\\/person\\\/fd7e7b338b40e1c817a659fe5fce718b\"},\"breadcrumb\":{\"@id\":\"https:\\\/\\\/malaga.salesianos.edu\\\/familiasalesiana\\\/blog\\\/nuevo-presidente-de-la-asociacion-de-antiguos-alumnos\\\/#breadcrumb\"},\"inLanguage\":\"es\",\"potentialAction\":[{\"@type\":\"ReadAction\",\"target\":[\"https:\\\/\\\/malaga.salesianos.edu\\\/familiasalesiana\\\/blog\\\/nuevo-presidente-de-la-asociacion-de-antiguos-alumnos\\\/\"]}]},{\"@type\":\"ImageObject\",\"inLanguage\":\"es\",\"@id\":\"https:\\\/\\\/malaga.salesianos.edu\\\/familiasalesiana\\\/blog\\\/nuevo-presidente-de-la-asociacion-de-antiguos-alumnos\\\/#primaryimage\",\"url\":\"https:\\\/\\\/malaga.salesianos.edu\\\/familiasalesiana\\\/wp-content\\\/uploads\\\/sites\\\/8\\\/2017\\\/11\\\/aaaa_nuevo_presidente_duran.jpg\",\"contentUrl\":\"https:\\\/\\\/malaga.salesianos.edu\\\/familiasalesiana\\\/wp-content\\\/uploads\\\/sites\\\/8\\\/2017\\\/11\\\/aaaa_nuevo_presidente_duran.jpg\",\"width\":1200,\"height\":735},{\"@type\":\"BreadcrumbList\",\"@id\":\"https:\\\/\\\/malaga.salesianos.edu\\\/familiasalesiana\\\/blog\\\/nuevo-presidente-de-la-asociacion-de-antiguos-alumnos\\\/#breadcrumb\",\"itemListElement\":[{\"@type\":\"ListItem\",\"position\":1,\"name\":\"Portada\",\"item\":\"https:\\\/\\\/malaga.salesianos.edu\\\/familiasalesiana\\\/\"},{\"@type\":\"ListItem\",\"position\":2,\"name\":\"Nuevo Presidente de la Asociaci\u00f3n de Antiguos Alumnos\"}]},{\"@type\":\"WebSite\",\"@id\":\"https:\\\/\\\/malaga.salesianos.edu\\\/familiasalesiana\\\/#website\",\"url\":\"https:\\\/\\\/malaga.salesianos.edu\\\/familiasalesiana\\\/\",\"name\":\"Familia Salesiana | Salesianos M\u00e1laga\",\"description\":\"Familia Salesiana | Salesianos M\u00e1laga, ADMA, Asociaci\u00f3n de antiguos alumnos, Hermandad Salesiana, Salesianos Cooperadores\",\"potentialAction\":[{\"@type\":\"SearchAction\",\"target\":{\"@type\":\"EntryPoint\",\"urlTemplate\":\"https:\\\/\\\/malaga.salesianos.edu\\\/familiasalesiana\\\/?s={search_term_string}\"},\"query-input\":{\"@type\":\"PropertyValueSpecification\",\"valueRequired\":true,\"valueName\":\"search_term_string\"}}],\"inLanguage\":\"es\"},{\"@type\":\"Person\",\"@id\":\"https:\\\/\\\/malaga.salesianos.edu\\\/familiasalesiana\\\/#\\\/schema\\\/person\\\/fd7e7b338b40e1c817a659fe5fce718b\",\"name\":\"Comunicaci\u00f3n MLG\",\"image\":{\"@type\":\"ImageObject\",\"inLanguage\":\"es\",\"@id\":\"https:\\\/\\\/secure.gravatar.com\\\/avatar\\\/2ce5c66be6c7ab6b098b2ac29099a68d1cdb824afbb8aadf744614ce719778ff?s=96&d=mm&r=g\",\"url\":\"https:\\\/\\\/secure.gravatar.com\\\/avatar\\\/2ce5c66be6c7ab6b098b2ac29099a68d1cdb824afbb8aadf744614ce719778ff?s=96&d=mm&r=g\",\"contentUrl\":\"https:\\\/\\\/secure.gravatar.com\\\/avatar\\\/2ce5c66be6c7ab6b098b2ac29099a68d1cdb824afbb8aadf744614ce719778ff?s=96&d=mm&r=g\",\"caption\":\"Comunicaci\u00f3n MLG\"}}]}<\/script>\n<!-- \/ Yoast SEO plugin. -->","yoast_head_json":{"title":"Nuevo Presidente de la Asociaci\u00f3n de Antiguos Alumnos - Familia Salesiana | Salesianos M\u00e1laga","robots":{"index":"index","follow":"follow","max-snippet":"max-snippet:-1","max-image-preview":"max-image-preview:large","max-video-preview":"max-video-preview:-1"},"canonical":"https:\/\/malaga.salesianos.edu\/familiasalesiana\/blog\/nuevo-presidente-de-la-asociacion-de-antiguos-alumnos\/","og_locale":"es_ES","og_type":"article","og_title":"Nuevo Presidente de la Asociaci\u00f3n de Antiguos Alumnos - Familia Salesiana | Salesianos M\u00e1laga","og_description":"En la tarde del d\u00eda 23 de junio, los antiguos alumnos nos reun\u00edamos para la celebraci\u00f3n de la Asamblea Anual de socios.","og_url":"https:\/\/malaga.salesianos.edu\/familiasalesiana\/blog\/nuevo-presidente-de-la-asociacion-de-antiguos-alumnos\/","og_site_name":"Familia Salesiana | Salesianos M\u00e1laga","article_published_time":"2017-11-03T19:11:21+00:00","og_image":[{"width":1200,"height":735,"url":"https:\/\/malaga.salesianos.edu\/familiasalesiana\/wp-content\/uploads\/sites\/8\/2017\/11\/aaaa_nuevo_presidente_duran.jpg","type":"image\/jpeg"}],"author":"Comunicaci\u00f3n MLG","twitter_card":"summary_large_image","twitter_misc":{"Escrito por":"Comunicaci\u00f3n MLG","Tiempo de lectura":"5 minutos"},"schema":{"@context":"https:\/\/schema.org","@graph":[{"@type":"Article","@id":"https:\/\/malaga.salesianos.edu\/familiasalesiana\/blog\/nuevo-presidente-de-la-asociacion-de-antiguos-alumnos\/#article","isPartOf":{"@id":"https:\/\/malaga.salesianos.edu\/familiasalesiana\/blog\/nuevo-presidente-de-la-asociacion-de-antiguos-alumnos\/"},"author":{"name":"Comunicaci\u00f3n MLG","@id":"https:\/\/malaga.salesianos.edu\/familiasalesiana\/#\/schema\/person\/fd7e7b338b40e1c817a659fe5fce718b"},"headline":"Nuevo Presidente de la Asociaci\u00f3n de Antiguos Alumnos","datePublished":"2017-11-03T19:11:21+00:00","mainEntityOfPage":{"@id":"https:\/\/malaga.salesianos.edu\/familiasalesiana\/blog\/nuevo-presidente-de-la-asociacion-de-antiguos-alumnos\/"},"wordCount":926,"commentCount":0,"image":{"@id":"https:\/\/malaga.salesianos.edu\/familiasalesiana\/blog\/nuevo-presidente-de-la-asociacion-de-antiguos-alumnos\/#primaryimage"},"thumbnailUrl":"https:\/\/malaga.salesianos.edu\/familiasalesiana\/wp-content\/uploads\/sites\/8\/2017\/11\/aaaa_nuevo_presidente_duran.jpg","articleSection":["Asoc. Antiguos Alumnos","Familia Salesiana"],"inLanguage":"es","potentialAction":[{"@type":"CommentAction","name":"Comment","target":["https:\/\/malaga.salesianos.edu\/familiasalesiana\/blog\/nuevo-presidente-de-la-asociacion-de-antiguos-alumnos\/#respond"]}]},{"@type":"WebPage","@id":"https:\/\/malaga.salesianos.edu\/familiasalesiana\/blog\/nuevo-presidente-de-la-asociacion-de-antiguos-alumnos\/","url":"https:\/\/malaga.salesianos.edu\/familiasalesiana\/blog\/nuevo-presidente-de-la-asociacion-de-antiguos-alumnos\/","name":"Nuevo Presidente de la Asociaci\u00f3n de Antiguos Alumnos - Familia Salesiana | Salesianos M\u00e1laga","isPartOf":{"@id":"https:\/\/malaga.salesianos.edu\/familiasalesiana\/#website"},"primaryImageOfPage":{"@id":"https:\/\/malaga.salesianos.edu\/familiasalesiana\/blog\/nuevo-presidente-de-la-asociacion-de-antiguos-alumnos\/#primaryimage"},"image":{"@id":"https:\/\/malaga.salesianos.edu\/familiasalesiana\/blog\/nuevo-presidente-de-la-asociacion-de-antiguos-alumnos\/#primaryimage"},"thumbnailUrl":"https:\/\/malaga.salesianos.edu\/familiasalesiana\/wp-content\/uploads\/sites\/8\/2017\/11\/aaaa_nuevo_presidente_duran.jpg","datePublished":"2017-11-03T19:11:21+00:00","author":{"@id":"https:\/\/malaga.salesianos.edu\/familiasalesiana\/#\/schema\/person\/fd7e7b338b40e1c817a659fe5fce718b"},"breadcrumb":{"@id":"https:\/\/malaga.salesianos.edu\/familiasalesiana\/blog\/nuevo-presidente-de-la-asociacion-de-antiguos-alumnos\/#breadcrumb"},"inLanguage":"es","potentialAction":[{"@type":"ReadAction","target":["https:\/\/malaga.salesianos.edu\/familiasalesiana\/blog\/nuevo-presidente-de-la-asociacion-de-antiguos-alumnos\/"]}]},{"@type":"ImageObject","inLanguage":"es","@id":"https:\/\/malaga.salesianos.edu\/familiasalesiana\/blog\/nuevo-presidente-de-la-asociacion-de-antiguos-alumnos\/#primaryimage","url":"https:\/\/malaga.salesianos.edu\/familiasalesiana\/wp-content\/uploads\/sites\/8\/2017\/11\/aaaa_nuevo_presidente_duran.jpg","contentUrl":"https:\/\/malaga.salesianos.edu\/familiasalesiana\/wp-content\/uploads\/sites\/8\/2017\/11\/aaaa_nuevo_presidente_duran.jpg","width":1200,"height":735},{"@type":"BreadcrumbList","@id":"https:\/\/malaga.salesianos.edu\/familiasalesiana\/blog\/nuevo-presidente-de-la-asociacion-de-antiguos-alumnos\/#breadcrumb","itemListElement":[{"@type":"ListItem","position":1,"name":"Portada","item":"https:\/\/malaga.salesianos.edu\/familiasalesiana\/"},{"@type":"ListItem","position":2,"name":"Nuevo Presidente de la Asociaci\u00f3n de Antiguos Alumnos"}]},{"@type":"WebSite","@id":"https:\/\/malaga.salesianos.edu\/familiasalesiana\/#website","url":"https:\/\/malaga.salesianos.edu\/familiasalesiana\/","name":"Familia Salesiana | Salesianos M\u00e1laga","description":"Familia Salesiana | Salesianos M\u00e1laga, ADMA, Asociaci\u00f3n de antiguos alumnos, Hermandad Salesiana, Salesianos Cooperadores","potentialAction":[{"@type":"SearchAction","target":{"@type":"EntryPoint","urlTemplate":"https:\/\/malaga.salesianos.edu\/familiasalesiana\/?s={search_term_string}"},"query-input":{"@type":"PropertyValueSpecification","valueRequired":true,"valueName":"search_term_string"}}],"inLanguage":"es"},{"@type":"Person","@id":"https:\/\/malaga.salesianos.edu\/familiasalesiana\/#\/schema\/person\/fd7e7b338b40e1c817a659fe5fce718b","name":"Comunicaci\u00f3n MLG","image":{"@type":"ImageObject","inLanguage":"es","@id":"https:\/\/secure.gravatar.com\/avatar\/2ce5c66be6c7ab6b098b2ac29099a68d1cdb824afbb8aadf744614ce719778ff?s=96&d=mm&r=g","url":"https:\/\/secure.gravatar.com\/avatar\/2ce5c66be6c7ab6b098b2ac29099a68d1cdb824afbb8aadf744614ce719778ff?s=96&d=mm&r=g","contentUrl":"https:\/\/secure.gravatar.com\/avatar\/2ce5c66be6c7ab6b098b2ac29099a68d1cdb824afbb8aadf744614ce719778ff?s=96&d=mm&r=g","caption":"Comunicaci\u00f3n MLG"}}]}},"_links":{"self":[{"href":"https:\/\/malaga.salesianos.edu\/familiasalesiana\/wp-json\/wp\/v2\/posts\/5085","targetHints":{"allow":["GET"]}}],"collection":[{"href":"https:\/\/malaga.salesianos.edu\/familiasalesiana\/wp-json\/wp\/v2\/posts"}],"about":[{"href":"https:\/\/malaga.salesianos.edu\/familiasalesiana\/wp-json\/wp\/v2\/types\/post"}],"author":[{"embeddable":true,"href":"https:\/\/malaga.salesianos.edu\/familiasalesiana\/wp-json\/wp\/v2\/users\/2"}],"replies":[{"embeddable":true,"href":"https:\/\/malaga.salesianos.edu\/familiasalesiana\/wp-json\/wp\/v2\/comments?post=5085"}],"version-history":[{"count":7,"href":"https:\/\/malaga.salesianos.edu\/familiasalesiana\/wp-json\/wp\/v2\/posts\/5085\/revisions"}],"predecessor-version":[{"id":5098,"href":"https:\/\/malaga.salesianos.edu\/familiasalesiana\/wp-json\/wp\/v2\/posts\/5085\/revisions\/5098"}],"wp:featuredmedia":[{"embeddable":true,"href":"https:\/\/malaga.salesianos.edu\/familiasalesiana\/wp-json\/wp\/v2\/media\/5091"}],"wp:attachment":[{"href":"https:\/\/malaga.salesianos.edu\/familiasalesiana\/wp-json\/wp\/v2\/media?parent=5085"}],"wp:term":[{"taxonomy":"category","embeddable":true,"href":"https:\/\/malaga.salesianos.edu\/familiasalesiana\/wp-json\/wp\/v2\/categories?post=5085"},{"taxonomy":"post_tag","embeddable":true,"href":"https:\/\/malaga.salesianos.edu\/familiasalesiana\/wp-json\/wp\/v2\/tags?post=5085"}],"curies":[{"name":"wp","href":"https:\/\/api.w.org\/{rel}","templated":true}]}}