{"id":22422,"date":"2022-10-14T21:05:22","date_gmt":"2022-10-14T19:05:22","guid":{"rendered":"https:\/\/malaga.salesianos.edu\/familiasalesiana\/?p=22422"},"modified":"2022-10-14T21:09:42","modified_gmt":"2022-10-14T19:09:42","slug":"celebracion-de-entrega-pva-aspirantes-a-salesianos-cooperadores-malaga","status":"publish","type":"post","link":"https:\/\/malaga.salesianos.edu\/familiasalesiana\/blog\/celebracion-de-entrega-pva-aspirantes-a-salesianos-cooperadores-malaga\/","title":{"rendered":"Celebraci\u00f3n de entrega PVA aspirantes a Salesianos Cooperadores M\u00e1laga"},"content":{"rendered":"<p>Los Salesianos Cooperadores de M\u00e1laga seguimos celebrando nuestra vocaci\u00f3n. Ayer en un encuentro de oraci\u00f3n nuestros aspirantes recibieron el PVA. Inician el camino m\u00e1s profundo de su formaci\u00f3n.<\/p>\n<p>Con una sencilla celebraci\u00f3n en el Santuario de Maria Auxiliadora en M\u00e1laga, se han entregado los PVA a los aspirantes a SS.CC. Pedimos a la Virgen Auxiliadora que les gu\u00ede e ilumine en este proceso de discernimiento.<\/p>\n<p>Pedimos por ellos <span class=\"_5mfr\"><span class=\"_6qdm\">&#x1f64f;<\/span><\/span>.<br \/>\n<a href=\"https:\/\/m.facebook.com\/hashtag\/m%C3%A0squefamilia\" rel=\"ignore\">#M\u00e0squefamilia<\/a><\/p>\n<p><img loading=\"lazy\" decoding=\"async\" class=\"size-medium wp-image-22424 aligncenter\" src=\"https:\/\/malaga.salesianos.edu\/familiasalesiana\/wp-content\/uploads\/sites\/8\/2022\/10\/Aspirantes_2022-300x169.jpg\" alt=\"\" width=\"300\" height=\"169\" srcset=\"https:\/\/malaga.salesianos.edu\/familiasalesiana\/wp-content\/uploads\/sites\/8\/2022\/10\/Aspirantes_2022-300x169.jpg 300w, https:\/\/malaga.salesianos.edu\/familiasalesiana\/wp-content\/uploads\/sites\/8\/2022\/10\/Aspirantes_2022.jpg 400w\" sizes=\"(max-width: 300px) 100vw, 300px\" \/><\/p>\n","protected":false},"excerpt":{"rendered":"<p>Los Salesianos Cooperadores de M\u00e1laga seguimos celebrando nuestra vocaci\u00f3n. Ayer en un encuentro de oraci\u00f3n nuestros aspirantes recibieron el PVA. Inician el camino m\u00e1s profundo de su formaci\u00f3n. Con una sencilla celebraci\u00f3n en el Santuario de Maria Auxiliadora en M\u00e1laga, se han entregado los PVA a los aspirantes a SS.CC. Pedimos a la Virgen Auxiliadora [&hellip;]<\/p>\n","protected":false},"author":2,"featured_media":22423,"comment_status":"closed","ping_status":"closed","sticky":false,"template":"","format":"standard","meta":{"_et_pb_use_builder":"","_et_pb_old_content":"","_et_gb_content_width":"","footnotes":""},"categories":[11,101,112],"tags":[],"class_list":["post-22422","post","type-post","status-publish","format-standard","has-post-thumbnail","hentry","category-cooperadores","category-familia-salesiana","category-santuario"],"yoast_head":"<!-- This site is optimized with the Yoast SEO plugin v28.3 - https:\/\/yoast.com\/product\/yoast-seo-wordpress\/ -->\n<title>Celebraci\u00f3n de entrega PVA aspirantes a Salesianos Cooperadores M\u00e1laga - Familia Salesiana | Salesianos M\u00e1laga<\/title>\n<meta name=\"robots\" content=\"index, follow, max-snippet:-1, max-image-preview:large, max-video-preview:-1\" \/>\n<link rel=\"canonical\" href=\"https:\/\/malaga.salesianos.edu\/familiasalesiana\/blog\/celebracion-de-entrega-pva-aspirantes-a-salesianos-cooperadores-malaga\/\" \/>\n<meta property=\"og:locale\" content=\"es_ES\" \/>\n<meta property=\"og:type\" content=\"article\" \/>\n<meta property=\"og:title\" content=\"Celebraci\u00f3n de entrega PVA aspirantes a Salesianos Cooperadores M\u00e1laga - Familia Salesiana | Salesianos M\u00e1laga\" \/>\n<meta property=\"og:description\" content=\"Los Salesianos Cooperadores de M\u00e1laga seguimos celebrando nuestra vocaci\u00f3n. Ayer en un encuentro de oraci\u00f3n nuestros aspirantes recibieron el PVA. Inician el camino m\u00e1s profundo de su formaci\u00f3n. Con una sencilla celebraci\u00f3n en el Santuario de Maria Auxiliadora en M\u00e1laga, se han entregado los PVA a los aspirantes a SS.CC. Pedimos a la Virgen Auxiliadora [&hellip;]\" \/>\n<meta property=\"og:url\" content=\"https:\/\/malaga.salesianos.edu\/familiasalesiana\/blog\/celebracion-de-entrega-pva-aspirantes-a-salesianos-cooperadores-malaga\/\" \/>\n<meta property=\"og:site_name\" content=\"Familia Salesiana | Salesianos M\u00e1laga\" \/>\n<meta property=\"article:published_time\" content=\"2022-10-14T19:05:22+00:00\" \/>\n<meta property=\"article:modified_time\" content=\"2022-10-14T19:09:42+00:00\" \/>\n<meta property=\"og:image\" content=\"https:\/\/malaga.salesianos.edu\/familiasalesiana\/wp-content\/uploads\/sites\/8\/2022\/10\/AspirantesCooperadores2022.png\" \/>\n\t<meta property=\"og:image:width\" content=\"1128\" \/>\n\t<meta property=\"og:image:height\" content=\"762\" \/>\n\t<meta property=\"og:image:type\" content=\"image\/png\" \/>\n<meta name=\"author\" content=\"Comunicaci\u00f3n MLG\" \/>\n<meta name=\"twitter:card\" content=\"summary_large_image\" \/>\n<meta name=\"twitter:label1\" content=\"Escrito por\" \/>\n\t<meta name=\"twitter:data1\" content=\"Comunicaci\u00f3n MLG\" \/>\n\t<meta name=\"twitter:label2\" content=\"Tiempo de lectura\" \/>\n\t<meta name=\"twitter:data2\" content=\"1 minuto\" \/>\n<script type=\"application\/ld+json\" class=\"yoast-schema-graph\">{\"@context\":\"https:\\\/\\\/schema.org\",\"@graph\":[{\"@type\":\"Article\",\"@id\":\"https:\\\/\\\/malaga.salesianos.edu\\\/familiasalesiana\\\/blog\\\/celebracion-de-entrega-pva-aspirantes-a-salesianos-cooperadores-malaga\\\/#article\",\"isPartOf\":{\"@id\":\"https:\\\/\\\/malaga.salesianos.edu\\\/familiasalesiana\\\/blog\\\/celebracion-de-entrega-pva-aspirantes-a-salesianos-cooperadores-malaga\\\/\"},\"author\":{\"name\":\"Comunicaci\u00f3n MLG\",\"@id\":\"https:\\\/\\\/malaga.salesianos.edu\\\/familiasalesiana\\\/#\\\/schema\\\/person\\\/fd7e7b338b40e1c817a659fe5fce718b\"},\"headline\":\"Celebraci\u00f3n de entrega PVA aspirantes a Salesianos Cooperadores M\u00e1laga\",\"datePublished\":\"2022-10-14T19:05:22+00:00\",\"dateModified\":\"2022-10-14T19:09:42+00:00\",\"mainEntityOfPage\":{\"@id\":\"https:\\\/\\\/malaga.salesianos.edu\\\/familiasalesiana\\\/blog\\\/celebracion-de-entrega-pva-aspirantes-a-salesianos-cooperadores-malaga\\\/\"},\"wordCount\":93,\"image\":{\"@id\":\"https:\\\/\\\/malaga.salesianos.edu\\\/familiasalesiana\\\/blog\\\/celebracion-de-entrega-pva-aspirantes-a-salesianos-cooperadores-malaga\\\/#primaryimage\"},\"thumbnailUrl\":\"https:\\\/\\\/malaga.salesianos.edu\\\/familiasalesiana\\\/wp-content\\\/uploads\\\/sites\\\/8\\\/2022\\\/10\\\/AspirantesCooperadores2022.png\",\"articleSection\":[\"Cooperadores\",\"Familia Salesiana\",\"Santuario\"],\"inLanguage\":\"es\"},{\"@type\":\"WebPage\",\"@id\":\"https:\\\/\\\/malaga.salesianos.edu\\\/familiasalesiana\\\/blog\\\/celebracion-de-entrega-pva-aspirantes-a-salesianos-cooperadores-malaga\\\/\",\"url\":\"https:\\\/\\\/malaga.salesianos.edu\\\/familiasalesiana\\\/blog\\\/celebracion-de-entrega-pva-aspirantes-a-salesianos-cooperadores-malaga\\\/\",\"name\":\"Celebraci\u00f3n de entrega PVA aspirantes a Salesianos Cooperadores M\u00e1laga - Familia Salesiana | Salesianos M\u00e1laga\",\"isPartOf\":{\"@id\":\"https:\\\/\\\/malaga.salesianos.edu\\\/familiasalesiana\\\/#website\"},\"primaryImageOfPage\":{\"@id\":\"https:\\\/\\\/malaga.salesianos.edu\\\/familiasalesiana\\\/blog\\\/celebracion-de-entrega-pva-aspirantes-a-salesianos-cooperadores-malaga\\\/#primaryimage\"},\"image\":{\"@id\":\"https:\\\/\\\/malaga.salesianos.edu\\\/familiasalesiana\\\/blog\\\/celebracion-de-entrega-pva-aspirantes-a-salesianos-cooperadores-malaga\\\/#primaryimage\"},\"thumbnailUrl\":\"https:\\\/\\\/malaga.salesianos.edu\\\/familiasalesiana\\\/wp-content\\\/uploads\\\/sites\\\/8\\\/2022\\\/10\\\/AspirantesCooperadores2022.png\",\"datePublished\":\"2022-10-14T19:05:22+00:00\",\"dateModified\":\"2022-10-14T19:09:42+00:00\",\"author\":{\"@id\":\"https:\\\/\\\/malaga.salesianos.edu\\\/familiasalesiana\\\/#\\\/schema\\\/person\\\/fd7e7b338b40e1c817a659fe5fce718b\"},\"breadcrumb\":{\"@id\":\"https:\\\/\\\/malaga.salesianos.edu\\\/familiasalesiana\\\/blog\\\/celebracion-de-entrega-pva-aspirantes-a-salesianos-cooperadores-malaga\\\/#breadcrumb\"},\"inLanguage\":\"es\",\"potentialAction\":[{\"@type\":\"ReadAction\",\"target\":[\"https:\\\/\\\/malaga.salesianos.edu\\\/familiasalesiana\\\/blog\\\/celebracion-de-entrega-pva-aspirantes-a-salesianos-cooperadores-malaga\\\/\"]}]},{\"@type\":\"ImageObject\",\"inLanguage\":\"es\",\"@id\":\"https:\\\/\\\/malaga.salesianos.edu\\\/familiasalesiana\\\/blog\\\/celebracion-de-entrega-pva-aspirantes-a-salesianos-cooperadores-malaga\\\/#primaryimage\",\"url\":\"https:\\\/\\\/malaga.salesianos.edu\\\/familiasalesiana\\\/wp-content\\\/uploads\\\/sites\\\/8\\\/2022\\\/10\\\/AspirantesCooperadores2022.png\",\"contentUrl\":\"https:\\\/\\\/malaga.salesianos.edu\\\/familiasalesiana\\\/wp-content\\\/uploads\\\/sites\\\/8\\\/2022\\\/10\\\/AspirantesCooperadores2022.png\",\"width\":1128,\"height\":762},{\"@type\":\"BreadcrumbList\",\"@id\":\"https:\\\/\\\/malaga.salesianos.edu\\\/familiasalesiana\\\/blog\\\/celebracion-de-entrega-pva-aspirantes-a-salesianos-cooperadores-malaga\\\/#breadcrumb\",\"itemListElement\":[{\"@type\":\"ListItem\",\"position\":1,\"name\":\"Portada\",\"item\":\"https:\\\/\\\/malaga.salesianos.edu\\\/familiasalesiana\\\/\"},{\"@type\":\"ListItem\",\"position\":2,\"name\":\"Celebraci\u00f3n de entrega PVA aspirantes a Salesianos Cooperadores M\u00e1laga\"}]},{\"@type\":\"WebSite\",\"@id\":\"https:\\\/\\\/malaga.salesianos.edu\\\/familiasalesiana\\\/#website\",\"url\":\"https:\\\/\\\/malaga.salesianos.edu\\\/familiasalesiana\\\/\",\"name\":\"Familia Salesiana | Salesianos M\u00e1laga\",\"description\":\"Familia Salesiana | Salesianos M\u00e1laga, ADMA, Asociaci\u00f3n de antiguos alumnos, Hermandad Salesiana, Salesianos Cooperadores\",\"potentialAction\":[{\"@type\":\"SearchAction\",\"target\":{\"@type\":\"EntryPoint\",\"urlTemplate\":\"https:\\\/\\\/malaga.salesianos.edu\\\/familiasalesiana\\\/?s={search_term_string}\"},\"query-input\":{\"@type\":\"PropertyValueSpecification\",\"valueRequired\":true,\"valueName\":\"search_term_string\"}}],\"inLanguage\":\"es\"},{\"@type\":\"Person\",\"@id\":\"https:\\\/\\\/malaga.salesianos.edu\\\/familiasalesiana\\\/#\\\/schema\\\/person\\\/fd7e7b338b40e1c817a659fe5fce718b\",\"name\":\"Comunicaci\u00f3n MLG\",\"image\":{\"@type\":\"ImageObject\",\"inLanguage\":\"es\",\"@id\":\"https:\\\/\\\/secure.gravatar.com\\\/avatar\\\/2ce5c66be6c7ab6b098b2ac29099a68d1cdb824afbb8aadf744614ce719778ff?s=96&d=mm&r=g\",\"url\":\"https:\\\/\\\/secure.gravatar.com\\\/avatar\\\/2ce5c66be6c7ab6b098b2ac29099a68d1cdb824afbb8aadf744614ce719778ff?s=96&d=mm&r=g\",\"contentUrl\":\"https:\\\/\\\/secure.gravatar.com\\\/avatar\\\/2ce5c66be6c7ab6b098b2ac29099a68d1cdb824afbb8aadf744614ce719778ff?s=96&d=mm&r=g\",\"caption\":\"Comunicaci\u00f3n MLG\"}}]}<\/script>\n<!-- \/ Yoast SEO plugin. -->","yoast_head_json":{"title":"Celebraci\u00f3n de entrega PVA aspirantes a Salesianos Cooperadores M\u00e1laga - Familia Salesiana | Salesianos M\u00e1laga","robots":{"index":"index","follow":"follow","max-snippet":"max-snippet:-1","max-image-preview":"max-image-preview:large","max-video-preview":"max-video-preview:-1"},"canonical":"https:\/\/malaga.salesianos.edu\/familiasalesiana\/blog\/celebracion-de-entrega-pva-aspirantes-a-salesianos-cooperadores-malaga\/","og_locale":"es_ES","og_type":"article","og_title":"Celebraci\u00f3n de entrega PVA aspirantes a Salesianos Cooperadores M\u00e1laga - Familia Salesiana | Salesianos M\u00e1laga","og_description":"Los Salesianos Cooperadores de M\u00e1laga seguimos celebrando nuestra vocaci\u00f3n. Ayer en un encuentro de oraci\u00f3n nuestros aspirantes recibieron el PVA. Inician el camino m\u00e1s profundo de su formaci\u00f3n. Con una sencilla celebraci\u00f3n en el Santuario de Maria Auxiliadora en M\u00e1laga, se han entregado los PVA a los aspirantes a SS.CC. Pedimos a la Virgen Auxiliadora [&hellip;]","og_url":"https:\/\/malaga.salesianos.edu\/familiasalesiana\/blog\/celebracion-de-entrega-pva-aspirantes-a-salesianos-cooperadores-malaga\/","og_site_name":"Familia Salesiana | Salesianos M\u00e1laga","article_published_time":"2022-10-14T19:05:22+00:00","article_modified_time":"2022-10-14T19:09:42+00:00","og_image":[{"width":1128,"height":762,"url":"https:\/\/malaga.salesianos.edu\/familiasalesiana\/wp-content\/uploads\/sites\/8\/2022\/10\/AspirantesCooperadores2022.png","type":"image\/png"}],"author":"Comunicaci\u00f3n MLG","twitter_card":"summary_large_image","twitter_misc":{"Escrito por":"Comunicaci\u00f3n MLG","Tiempo de lectura":"1 minuto"},"schema":{"@context":"https:\/\/schema.org","@graph":[{"@type":"Article","@id":"https:\/\/malaga.salesianos.edu\/familiasalesiana\/blog\/celebracion-de-entrega-pva-aspirantes-a-salesianos-cooperadores-malaga\/#article","isPartOf":{"@id":"https:\/\/malaga.salesianos.edu\/familiasalesiana\/blog\/celebracion-de-entrega-pva-aspirantes-a-salesianos-cooperadores-malaga\/"},"author":{"name":"Comunicaci\u00f3n MLG","@id":"https:\/\/malaga.salesianos.edu\/familiasalesiana\/#\/schema\/person\/fd7e7b338b40e1c817a659fe5fce718b"},"headline":"Celebraci\u00f3n de entrega PVA aspirantes a Salesianos Cooperadores M\u00e1laga","datePublished":"2022-10-14T19:05:22+00:00","dateModified":"2022-10-14T19:09:42+00:00","mainEntityOfPage":{"@id":"https:\/\/malaga.salesianos.edu\/familiasalesiana\/blog\/celebracion-de-entrega-pva-aspirantes-a-salesianos-cooperadores-malaga\/"},"wordCount":93,"image":{"@id":"https:\/\/malaga.salesianos.edu\/familiasalesiana\/blog\/celebracion-de-entrega-pva-aspirantes-a-salesianos-cooperadores-malaga\/#primaryimage"},"thumbnailUrl":"https:\/\/malaga.salesianos.edu\/familiasalesiana\/wp-content\/uploads\/sites\/8\/2022\/10\/AspirantesCooperadores2022.png","articleSection":["Cooperadores","Familia Salesiana","Santuario"],"inLanguage":"es"},{"@type":"WebPage","@id":"https:\/\/malaga.salesianos.edu\/familiasalesiana\/blog\/celebracion-de-entrega-pva-aspirantes-a-salesianos-cooperadores-malaga\/","url":"https:\/\/malaga.salesianos.edu\/familiasalesiana\/blog\/celebracion-de-entrega-pva-aspirantes-a-salesianos-cooperadores-malaga\/","name":"Celebraci\u00f3n de entrega PVA aspirantes a Salesianos Cooperadores M\u00e1laga - Familia Salesiana | Salesianos M\u00e1laga","isPartOf":{"@id":"https:\/\/malaga.salesianos.edu\/familiasalesiana\/#website"},"primaryImageOfPage":{"@id":"https:\/\/malaga.salesianos.edu\/familiasalesiana\/blog\/celebracion-de-entrega-pva-aspirantes-a-salesianos-cooperadores-malaga\/#primaryimage"},"image":{"@id":"https:\/\/malaga.salesianos.edu\/familiasalesiana\/blog\/celebracion-de-entrega-pva-aspirantes-a-salesianos-cooperadores-malaga\/#primaryimage"},"thumbnailUrl":"https:\/\/malaga.salesianos.edu\/familiasalesiana\/wp-content\/uploads\/sites\/8\/2022\/10\/AspirantesCooperadores2022.png","datePublished":"2022-10-14T19:05:22+00:00","dateModified":"2022-10-14T19:09:42+00:00","author":{"@id":"https:\/\/malaga.salesianos.edu\/familiasalesiana\/#\/schema\/person\/fd7e7b338b40e1c817a659fe5fce718b"},"breadcrumb":{"@id":"https:\/\/malaga.salesianos.edu\/familiasalesiana\/blog\/celebracion-de-entrega-pva-aspirantes-a-salesianos-cooperadores-malaga\/#breadcrumb"},"inLanguage":"es","potentialAction":[{"@type":"ReadAction","target":["https:\/\/malaga.salesianos.edu\/familiasalesiana\/blog\/celebracion-de-entrega-pva-aspirantes-a-salesianos-cooperadores-malaga\/"]}]},{"@type":"ImageObject","inLanguage":"es","@id":"https:\/\/malaga.salesianos.edu\/familiasalesiana\/blog\/celebracion-de-entrega-pva-aspirantes-a-salesianos-cooperadores-malaga\/#primaryimage","url":"https:\/\/malaga.salesianos.edu\/familiasalesiana\/wp-content\/uploads\/sites\/8\/2022\/10\/AspirantesCooperadores2022.png","contentUrl":"https:\/\/malaga.salesianos.edu\/familiasalesiana\/wp-content\/uploads\/sites\/8\/2022\/10\/AspirantesCooperadores2022.png","width":1128,"height":762},{"@type":"BreadcrumbList","@id":"https:\/\/malaga.salesianos.edu\/familiasalesiana\/blog\/celebracion-de-entrega-pva-aspirantes-a-salesianos-cooperadores-malaga\/#breadcrumb","itemListElement":[{"@type":"ListItem","position":1,"name":"Portada","item":"https:\/\/malaga.salesianos.edu\/familiasalesiana\/"},{"@type":"ListItem","position":2,"name":"Celebraci\u00f3n de entrega PVA aspirantes a Salesianos Cooperadores M\u00e1laga"}]},{"@type":"WebSite","@id":"https:\/\/malaga.salesianos.edu\/familiasalesiana\/#website","url":"https:\/\/malaga.salesianos.edu\/familiasalesiana\/","name":"Familia Salesiana | Salesianos M\u00e1laga","description":"Familia Salesiana | Salesianos M\u00e1laga, ADMA, Asociaci\u00f3n de antiguos alumnos, Hermandad Salesiana, Salesianos Cooperadores","potentialAction":[{"@type":"SearchAction","target":{"@type":"EntryPoint","urlTemplate":"https:\/\/malaga.salesianos.edu\/familiasalesiana\/?s={search_term_string}"},"query-input":{"@type":"PropertyValueSpecification","valueRequired":true,"valueName":"search_term_string"}}],"inLanguage":"es"},{"@type":"Person","@id":"https:\/\/malaga.salesianos.edu\/familiasalesiana\/#\/schema\/person\/fd7e7b338b40e1c817a659fe5fce718b","name":"Comunicaci\u00f3n MLG","image":{"@type":"ImageObject","inLanguage":"es","@id":"https:\/\/secure.gravatar.com\/avatar\/2ce5c66be6c7ab6b098b2ac29099a68d1cdb824afbb8aadf744614ce719778ff?s=96&d=mm&r=g","url":"https:\/\/secure.gravatar.com\/avatar\/2ce5c66be6c7ab6b098b2ac29099a68d1cdb824afbb8aadf744614ce719778ff?s=96&d=mm&r=g","contentUrl":"https:\/\/secure.gravatar.com\/avatar\/2ce5c66be6c7ab6b098b2ac29099a68d1cdb824afbb8aadf744614ce719778ff?s=96&d=mm&r=g","caption":"Comunicaci\u00f3n MLG"}}]}},"_links":{"self":[{"href":"https:\/\/malaga.salesianos.edu\/familiasalesiana\/wp-json\/wp\/v2\/posts\/22422","targetHints":{"allow":["GET"]}}],"collection":[{"href":"https:\/\/malaga.salesianos.edu\/familiasalesiana\/wp-json\/wp\/v2\/posts"}],"about":[{"href":"https:\/\/malaga.salesianos.edu\/familiasalesiana\/wp-json\/wp\/v2\/types\/post"}],"author":[{"embeddable":true,"href":"https:\/\/malaga.salesianos.edu\/familiasalesiana\/wp-json\/wp\/v2\/users\/2"}],"replies":[{"embeddable":true,"href":"https:\/\/malaga.salesianos.edu\/familiasalesiana\/wp-json\/wp\/v2\/comments?post=22422"}],"version-history":[{"count":3,"href":"https:\/\/malaga.salesianos.edu\/familiasalesiana\/wp-json\/wp\/v2\/posts\/22422\/revisions"}],"predecessor-version":[{"id":22427,"href":"https:\/\/malaga.salesianos.edu\/familiasalesiana\/wp-json\/wp\/v2\/posts\/22422\/revisions\/22427"}],"wp:featuredmedia":[{"embeddable":true,"href":"https:\/\/malaga.salesianos.edu\/familiasalesiana\/wp-json\/wp\/v2\/media\/22423"}],"wp:attachment":[{"href":"https:\/\/malaga.salesianos.edu\/familiasalesiana\/wp-json\/wp\/v2\/media?parent=22422"}],"wp:term":[{"taxonomy":"category","embeddable":true,"href":"https:\/\/malaga.salesianos.edu\/familiasalesiana\/wp-json\/wp\/v2\/categories?post=22422"},{"taxonomy":"post_tag","embeddable":true,"href":"https:\/\/malaga.salesianos.edu\/familiasalesiana\/wp-json\/wp\/v2\/tags?post=22422"}],"curies":[{"name":"wp","href":"https:\/\/api.w.org\/{rel}","templated":true}]}}