{"id":21014,"date":"2022-10-10T13:29:44","date_gmt":"2022-10-10T11:29:44","guid":{"rendered":"https:\/\/malaga.salesianos.edu\/familiasalesiana\/?p=21014"},"modified":"2022-10-10T13:29:44","modified_gmt":"2022-10-10T11:29:44","slug":"don-ignacio-castillo-nombrado-pregonero-del-cristo-de-las-penas","status":"publish","type":"post","link":"https:\/\/malaga.salesianos.edu\/familiasalesiana\/blog\/don-ignacio-castillo-nombrado-pregonero-del-cristo-de-las-penas\/","title":{"rendered":"Don Ignacio Castillo nombrado pregonero del Cristo de las Penas"},"content":{"rendered":"<p>La Junta de Gobierno decidi\u00f3 el pasado lunes en sesi\u00f3n ordinaria, nombrar a\u00a0 Don Ignacio Castillo @ia_castillo como Pregonero del Cristo de las Penas en su XXXIV edici\u00f3n.<\/p>\n<p><a class=\"profileLink\" href=\"https:\/\/www.facebook.com\/hashtag\/abrimoscaminos?__eep__=6&amp;fref=mentions\" target=\"_blank\" rel=\"noopener\">#AbrimosCaminos<\/a><br \/>\n<a class=\"profileLink\" href=\"https:\/\/www.facebook.com\/hashtag\/cofrad%C3%ADasmlg?__eep__=6&amp;fref=mentions\" target=\"_blank\" rel=\"noopener\">#Cofrad\u00edasMlg<\/a><\/p>\n","protected":false},"excerpt":{"rendered":"<p>La Junta de Gobierno decidi\u00f3 el pasado lunes en sesi\u00f3n ordinaria, nombrar a\u00a0 Don Ignacio Castillo @ia_castillo como Pregonero del Cristo de las Penas en su XXXIV edici\u00f3n. #AbrimosCaminos #Cofrad\u00edasMlg<\/p>\n","protected":false},"author":2,"featured_media":21015,"comment_status":"closed","ping_status":"closed","sticky":false,"template":"","format":"standard","meta":{"_et_pb_use_builder":"","_et_pb_old_content":"","_et_gb_content_width":"","footnotes":""},"categories":[9,137,101],"tags":[],"class_list":["post-21014","post","type-post","status-publish","format-standard","has-post-thumbnail","hentry","category-cofradia","category-destacado-familia-salesiana","category-familia-salesiana"],"yoast_head":"<!-- This site is optimized with the Yoast SEO plugin v28.3 - https:\/\/yoast.com\/product\/yoast-seo-wordpress\/ -->\n<title>Don Ignacio Castillo nombrado pregonero del Cristo de las Penas - Familia Salesiana | Salesianos M\u00e1laga<\/title>\n<meta name=\"robots\" content=\"index, follow, max-snippet:-1, max-image-preview:large, max-video-preview:-1\" \/>\n<link rel=\"canonical\" href=\"https:\/\/malaga.salesianos.edu\/familiasalesiana\/blog\/don-ignacio-castillo-nombrado-pregonero-del-cristo-de-las-penas\/\" \/>\n<meta property=\"og:locale\" content=\"es_ES\" \/>\n<meta property=\"og:type\" content=\"article\" \/>\n<meta property=\"og:title\" content=\"Don Ignacio Castillo nombrado pregonero del Cristo de las Penas - Familia Salesiana | Salesianos M\u00e1laga\" \/>\n<meta property=\"og:description\" content=\"La Junta de Gobierno decidi\u00f3 el pasado lunes en sesi\u00f3n ordinaria, nombrar a\u00a0 Don Ignacio Castillo @ia_castillo como Pregonero del Cristo de las Penas en su XXXIV edici\u00f3n. #AbrimosCaminos #Cofrad\u00edasMlg\" \/>\n<meta property=\"og:url\" content=\"https:\/\/malaga.salesianos.edu\/familiasalesiana\/blog\/don-ignacio-castillo-nombrado-pregonero-del-cristo-de-las-penas\/\" \/>\n<meta property=\"og:site_name\" content=\"Familia Salesiana | Salesianos M\u00e1laga\" \/>\n<meta property=\"article:published_time\" content=\"2022-10-10T11:29:44+00:00\" \/>\n<meta property=\"og:image\" content=\"https:\/\/malaga.salesianos.edu\/familiasalesiana\/wp-content\/uploads\/sites\/8\/2022\/10\/pregon2023_Hermandad.jpg\" \/>\n\t<meta property=\"og:image:width\" content=\"526\" \/>\n\t<meta property=\"og:image:height\" content=\"526\" \/>\n\t<meta property=\"og:image:type\" content=\"image\/jpeg\" \/>\n<meta name=\"author\" content=\"Comunicaci\u00f3n MLG\" \/>\n<meta name=\"twitter:card\" content=\"summary_large_image\" \/>\n<meta name=\"twitter:label1\" content=\"Escrito por\" \/>\n\t<meta name=\"twitter:data1\" content=\"Comunicaci\u00f3n MLG\" \/>\n\t<meta name=\"twitter:label2\" content=\"Tiempo de lectura\" \/>\n\t<meta name=\"twitter:data2\" content=\"1 minuto\" \/>\n<script type=\"application\/ld+json\" class=\"yoast-schema-graph\">{\"@context\":\"https:\\\/\\\/schema.org\",\"@graph\":[{\"@type\":\"Article\",\"@id\":\"https:\\\/\\\/malaga.salesianos.edu\\\/familiasalesiana\\\/blog\\\/don-ignacio-castillo-nombrado-pregonero-del-cristo-de-las-penas\\\/#article\",\"isPartOf\":{\"@id\":\"https:\\\/\\\/malaga.salesianos.edu\\\/familiasalesiana\\\/blog\\\/don-ignacio-castillo-nombrado-pregonero-del-cristo-de-las-penas\\\/\"},\"author\":{\"name\":\"Comunicaci\u00f3n MLG\",\"@id\":\"https:\\\/\\\/malaga.salesianos.edu\\\/familiasalesiana\\\/#\\\/schema\\\/person\\\/fd7e7b338b40e1c817a659fe5fce718b\"},\"headline\":\"Don Ignacio Castillo nombrado pregonero del Cristo de las Penas\",\"datePublished\":\"2022-10-10T11:29:44+00:00\",\"mainEntityOfPage\":{\"@id\":\"https:\\\/\\\/malaga.salesianos.edu\\\/familiasalesiana\\\/blog\\\/don-ignacio-castillo-nombrado-pregonero-del-cristo-de-las-penas\\\/\"},\"wordCount\":44,\"image\":{\"@id\":\"https:\\\/\\\/malaga.salesianos.edu\\\/familiasalesiana\\\/blog\\\/don-ignacio-castillo-nombrado-pregonero-del-cristo-de-las-penas\\\/#primaryimage\"},\"thumbnailUrl\":\"https:\\\/\\\/malaga.salesianos.edu\\\/familiasalesiana\\\/wp-content\\\/uploads\\\/sites\\\/8\\\/2022\\\/10\\\/pregon2023_Hermandad.jpg\",\"articleSection\":[\"Cofrad\u00eda\",\"Destacado Familia Salesiana\",\"Familia Salesiana\"],\"inLanguage\":\"es\"},{\"@type\":\"WebPage\",\"@id\":\"https:\\\/\\\/malaga.salesianos.edu\\\/familiasalesiana\\\/blog\\\/don-ignacio-castillo-nombrado-pregonero-del-cristo-de-las-penas\\\/\",\"url\":\"https:\\\/\\\/malaga.salesianos.edu\\\/familiasalesiana\\\/blog\\\/don-ignacio-castillo-nombrado-pregonero-del-cristo-de-las-penas\\\/\",\"name\":\"Don Ignacio Castillo nombrado pregonero del Cristo de las Penas - Familia Salesiana | Salesianos M\u00e1laga\",\"isPartOf\":{\"@id\":\"https:\\\/\\\/malaga.salesianos.edu\\\/familiasalesiana\\\/#website\"},\"primaryImageOfPage\":{\"@id\":\"https:\\\/\\\/malaga.salesianos.edu\\\/familiasalesiana\\\/blog\\\/don-ignacio-castillo-nombrado-pregonero-del-cristo-de-las-penas\\\/#primaryimage\"},\"image\":{\"@id\":\"https:\\\/\\\/malaga.salesianos.edu\\\/familiasalesiana\\\/blog\\\/don-ignacio-castillo-nombrado-pregonero-del-cristo-de-las-penas\\\/#primaryimage\"},\"thumbnailUrl\":\"https:\\\/\\\/malaga.salesianos.edu\\\/familiasalesiana\\\/wp-content\\\/uploads\\\/sites\\\/8\\\/2022\\\/10\\\/pregon2023_Hermandad.jpg\",\"datePublished\":\"2022-10-10T11:29:44+00:00\",\"author\":{\"@id\":\"https:\\\/\\\/malaga.salesianos.edu\\\/familiasalesiana\\\/#\\\/schema\\\/person\\\/fd7e7b338b40e1c817a659fe5fce718b\"},\"breadcrumb\":{\"@id\":\"https:\\\/\\\/malaga.salesianos.edu\\\/familiasalesiana\\\/blog\\\/don-ignacio-castillo-nombrado-pregonero-del-cristo-de-las-penas\\\/#breadcrumb\"},\"inLanguage\":\"es\",\"potentialAction\":[{\"@type\":\"ReadAction\",\"target\":[\"https:\\\/\\\/malaga.salesianos.edu\\\/familiasalesiana\\\/blog\\\/don-ignacio-castillo-nombrado-pregonero-del-cristo-de-las-penas\\\/\"]}]},{\"@type\":\"ImageObject\",\"inLanguage\":\"es\",\"@id\":\"https:\\\/\\\/malaga.salesianos.edu\\\/familiasalesiana\\\/blog\\\/don-ignacio-castillo-nombrado-pregonero-del-cristo-de-las-penas\\\/#primaryimage\",\"url\":\"https:\\\/\\\/malaga.salesianos.edu\\\/familiasalesiana\\\/wp-content\\\/uploads\\\/sites\\\/8\\\/2022\\\/10\\\/pregon2023_Hermandad.jpg\",\"contentUrl\":\"https:\\\/\\\/malaga.salesianos.edu\\\/familiasalesiana\\\/wp-content\\\/uploads\\\/sites\\\/8\\\/2022\\\/10\\\/pregon2023_Hermandad.jpg\",\"width\":526,\"height\":526},{\"@type\":\"BreadcrumbList\",\"@id\":\"https:\\\/\\\/malaga.salesianos.edu\\\/familiasalesiana\\\/blog\\\/don-ignacio-castillo-nombrado-pregonero-del-cristo-de-las-penas\\\/#breadcrumb\",\"itemListElement\":[{\"@type\":\"ListItem\",\"position\":1,\"name\":\"Portada\",\"item\":\"https:\\\/\\\/malaga.salesianos.edu\\\/familiasalesiana\\\/\"},{\"@type\":\"ListItem\",\"position\":2,\"name\":\"Don Ignacio Castillo nombrado pregonero del Cristo de las Penas\"}]},{\"@type\":\"WebSite\",\"@id\":\"https:\\\/\\\/malaga.salesianos.edu\\\/familiasalesiana\\\/#website\",\"url\":\"https:\\\/\\\/malaga.salesianos.edu\\\/familiasalesiana\\\/\",\"name\":\"Familia Salesiana | Salesianos M\u00e1laga\",\"description\":\"Familia Salesiana | Salesianos M\u00e1laga, ADMA, Asociaci\u00f3n de antiguos alumnos, Hermandad Salesiana, Salesianos Cooperadores\",\"potentialAction\":[{\"@type\":\"SearchAction\",\"target\":{\"@type\":\"EntryPoint\",\"urlTemplate\":\"https:\\\/\\\/malaga.salesianos.edu\\\/familiasalesiana\\\/?s={search_term_string}\"},\"query-input\":{\"@type\":\"PropertyValueSpecification\",\"valueRequired\":true,\"valueName\":\"search_term_string\"}}],\"inLanguage\":\"es\"},{\"@type\":\"Person\",\"@id\":\"https:\\\/\\\/malaga.salesianos.edu\\\/familiasalesiana\\\/#\\\/schema\\\/person\\\/fd7e7b338b40e1c817a659fe5fce718b\",\"name\":\"Comunicaci\u00f3n MLG\",\"image\":{\"@type\":\"ImageObject\",\"inLanguage\":\"es\",\"@id\":\"https:\\\/\\\/secure.gravatar.com\\\/avatar\\\/2ce5c66be6c7ab6b098b2ac29099a68d1cdb824afbb8aadf744614ce719778ff?s=96&d=mm&r=g\",\"url\":\"https:\\\/\\\/secure.gravatar.com\\\/avatar\\\/2ce5c66be6c7ab6b098b2ac29099a68d1cdb824afbb8aadf744614ce719778ff?s=96&d=mm&r=g\",\"contentUrl\":\"https:\\\/\\\/secure.gravatar.com\\\/avatar\\\/2ce5c66be6c7ab6b098b2ac29099a68d1cdb824afbb8aadf744614ce719778ff?s=96&d=mm&r=g\",\"caption\":\"Comunicaci\u00f3n MLG\"}}]}<\/script>\n<!-- \/ Yoast SEO plugin. -->","yoast_head_json":{"title":"Don Ignacio Castillo nombrado pregonero del Cristo de las Penas - Familia Salesiana | Salesianos M\u00e1laga","robots":{"index":"index","follow":"follow","max-snippet":"max-snippet:-1","max-image-preview":"max-image-preview:large","max-video-preview":"max-video-preview:-1"},"canonical":"https:\/\/malaga.salesianos.edu\/familiasalesiana\/blog\/don-ignacio-castillo-nombrado-pregonero-del-cristo-de-las-penas\/","og_locale":"es_ES","og_type":"article","og_title":"Don Ignacio Castillo nombrado pregonero del Cristo de las Penas - Familia Salesiana | Salesianos M\u00e1laga","og_description":"La Junta de Gobierno decidi\u00f3 el pasado lunes en sesi\u00f3n ordinaria, nombrar a\u00a0 Don Ignacio Castillo @ia_castillo como Pregonero del Cristo de las Penas en su XXXIV edici\u00f3n. #AbrimosCaminos #Cofrad\u00edasMlg","og_url":"https:\/\/malaga.salesianos.edu\/familiasalesiana\/blog\/don-ignacio-castillo-nombrado-pregonero-del-cristo-de-las-penas\/","og_site_name":"Familia Salesiana | Salesianos M\u00e1laga","article_published_time":"2022-10-10T11:29:44+00:00","og_image":[{"width":526,"height":526,"url":"https:\/\/malaga.salesianos.edu\/familiasalesiana\/wp-content\/uploads\/sites\/8\/2022\/10\/pregon2023_Hermandad.jpg","type":"image\/jpeg"}],"author":"Comunicaci\u00f3n MLG","twitter_card":"summary_large_image","twitter_misc":{"Escrito por":"Comunicaci\u00f3n MLG","Tiempo de lectura":"1 minuto"},"schema":{"@context":"https:\/\/schema.org","@graph":[{"@type":"Article","@id":"https:\/\/malaga.salesianos.edu\/familiasalesiana\/blog\/don-ignacio-castillo-nombrado-pregonero-del-cristo-de-las-penas\/#article","isPartOf":{"@id":"https:\/\/malaga.salesianos.edu\/familiasalesiana\/blog\/don-ignacio-castillo-nombrado-pregonero-del-cristo-de-las-penas\/"},"author":{"name":"Comunicaci\u00f3n MLG","@id":"https:\/\/malaga.salesianos.edu\/familiasalesiana\/#\/schema\/person\/fd7e7b338b40e1c817a659fe5fce718b"},"headline":"Don Ignacio Castillo nombrado pregonero del Cristo de las Penas","datePublished":"2022-10-10T11:29:44+00:00","mainEntityOfPage":{"@id":"https:\/\/malaga.salesianos.edu\/familiasalesiana\/blog\/don-ignacio-castillo-nombrado-pregonero-del-cristo-de-las-penas\/"},"wordCount":44,"image":{"@id":"https:\/\/malaga.salesianos.edu\/familiasalesiana\/blog\/don-ignacio-castillo-nombrado-pregonero-del-cristo-de-las-penas\/#primaryimage"},"thumbnailUrl":"https:\/\/malaga.salesianos.edu\/familiasalesiana\/wp-content\/uploads\/sites\/8\/2022\/10\/pregon2023_Hermandad.jpg","articleSection":["Cofrad\u00eda","Destacado Familia Salesiana","Familia Salesiana"],"inLanguage":"es"},{"@type":"WebPage","@id":"https:\/\/malaga.salesianos.edu\/familiasalesiana\/blog\/don-ignacio-castillo-nombrado-pregonero-del-cristo-de-las-penas\/","url":"https:\/\/malaga.salesianos.edu\/familiasalesiana\/blog\/don-ignacio-castillo-nombrado-pregonero-del-cristo-de-las-penas\/","name":"Don Ignacio Castillo nombrado pregonero del Cristo de las Penas - Familia Salesiana | Salesianos M\u00e1laga","isPartOf":{"@id":"https:\/\/malaga.salesianos.edu\/familiasalesiana\/#website"},"primaryImageOfPage":{"@id":"https:\/\/malaga.salesianos.edu\/familiasalesiana\/blog\/don-ignacio-castillo-nombrado-pregonero-del-cristo-de-las-penas\/#primaryimage"},"image":{"@id":"https:\/\/malaga.salesianos.edu\/familiasalesiana\/blog\/don-ignacio-castillo-nombrado-pregonero-del-cristo-de-las-penas\/#primaryimage"},"thumbnailUrl":"https:\/\/malaga.salesianos.edu\/familiasalesiana\/wp-content\/uploads\/sites\/8\/2022\/10\/pregon2023_Hermandad.jpg","datePublished":"2022-10-10T11:29:44+00:00","author":{"@id":"https:\/\/malaga.salesianos.edu\/familiasalesiana\/#\/schema\/person\/fd7e7b338b40e1c817a659fe5fce718b"},"breadcrumb":{"@id":"https:\/\/malaga.salesianos.edu\/familiasalesiana\/blog\/don-ignacio-castillo-nombrado-pregonero-del-cristo-de-las-penas\/#breadcrumb"},"inLanguage":"es","potentialAction":[{"@type":"ReadAction","target":["https:\/\/malaga.salesianos.edu\/familiasalesiana\/blog\/don-ignacio-castillo-nombrado-pregonero-del-cristo-de-las-penas\/"]}]},{"@type":"ImageObject","inLanguage":"es","@id":"https:\/\/malaga.salesianos.edu\/familiasalesiana\/blog\/don-ignacio-castillo-nombrado-pregonero-del-cristo-de-las-penas\/#primaryimage","url":"https:\/\/malaga.salesianos.edu\/familiasalesiana\/wp-content\/uploads\/sites\/8\/2022\/10\/pregon2023_Hermandad.jpg","contentUrl":"https:\/\/malaga.salesianos.edu\/familiasalesiana\/wp-content\/uploads\/sites\/8\/2022\/10\/pregon2023_Hermandad.jpg","width":526,"height":526},{"@type":"BreadcrumbList","@id":"https:\/\/malaga.salesianos.edu\/familiasalesiana\/blog\/don-ignacio-castillo-nombrado-pregonero-del-cristo-de-las-penas\/#breadcrumb","itemListElement":[{"@type":"ListItem","position":1,"name":"Portada","item":"https:\/\/malaga.salesianos.edu\/familiasalesiana\/"},{"@type":"ListItem","position":2,"name":"Don Ignacio Castillo nombrado pregonero del Cristo de las Penas"}]},{"@type":"WebSite","@id":"https:\/\/malaga.salesianos.edu\/familiasalesiana\/#website","url":"https:\/\/malaga.salesianos.edu\/familiasalesiana\/","name":"Familia Salesiana | Salesianos M\u00e1laga","description":"Familia Salesiana | Salesianos M\u00e1laga, ADMA, Asociaci\u00f3n de antiguos alumnos, Hermandad Salesiana, Salesianos Cooperadores","potentialAction":[{"@type":"SearchAction","target":{"@type":"EntryPoint","urlTemplate":"https:\/\/malaga.salesianos.edu\/familiasalesiana\/?s={search_term_string}"},"query-input":{"@type":"PropertyValueSpecification","valueRequired":true,"valueName":"search_term_string"}}],"inLanguage":"es"},{"@type":"Person","@id":"https:\/\/malaga.salesianos.edu\/familiasalesiana\/#\/schema\/person\/fd7e7b338b40e1c817a659fe5fce718b","name":"Comunicaci\u00f3n MLG","image":{"@type":"ImageObject","inLanguage":"es","@id":"https:\/\/secure.gravatar.com\/avatar\/2ce5c66be6c7ab6b098b2ac29099a68d1cdb824afbb8aadf744614ce719778ff?s=96&d=mm&r=g","url":"https:\/\/secure.gravatar.com\/avatar\/2ce5c66be6c7ab6b098b2ac29099a68d1cdb824afbb8aadf744614ce719778ff?s=96&d=mm&r=g","contentUrl":"https:\/\/secure.gravatar.com\/avatar\/2ce5c66be6c7ab6b098b2ac29099a68d1cdb824afbb8aadf744614ce719778ff?s=96&d=mm&r=g","caption":"Comunicaci\u00f3n MLG"}}]}},"_links":{"self":[{"href":"https:\/\/malaga.salesianos.edu\/familiasalesiana\/wp-json\/wp\/v2\/posts\/21014","targetHints":{"allow":["GET"]}}],"collection":[{"href":"https:\/\/malaga.salesianos.edu\/familiasalesiana\/wp-json\/wp\/v2\/posts"}],"about":[{"href":"https:\/\/malaga.salesianos.edu\/familiasalesiana\/wp-json\/wp\/v2\/types\/post"}],"author":[{"embeddable":true,"href":"https:\/\/malaga.salesianos.edu\/familiasalesiana\/wp-json\/wp\/v2\/users\/2"}],"replies":[{"embeddable":true,"href":"https:\/\/malaga.salesianos.edu\/familiasalesiana\/wp-json\/wp\/v2\/comments?post=21014"}],"version-history":[{"count":1,"href":"https:\/\/malaga.salesianos.edu\/familiasalesiana\/wp-json\/wp\/v2\/posts\/21014\/revisions"}],"predecessor-version":[{"id":21016,"href":"https:\/\/malaga.salesianos.edu\/familiasalesiana\/wp-json\/wp\/v2\/posts\/21014\/revisions\/21016"}],"wp:featuredmedia":[{"embeddable":true,"href":"https:\/\/malaga.salesianos.edu\/familiasalesiana\/wp-json\/wp\/v2\/media\/21015"}],"wp:attachment":[{"href":"https:\/\/malaga.salesianos.edu\/familiasalesiana\/wp-json\/wp\/v2\/media?parent=21014"}],"wp:term":[{"taxonomy":"category","embeddable":true,"href":"https:\/\/malaga.salesianos.edu\/familiasalesiana\/wp-json\/wp\/v2\/categories?post=21014"},{"taxonomy":"post_tag","embeddable":true,"href":"https:\/\/malaga.salesianos.edu\/familiasalesiana\/wp-json\/wp\/v2\/tags?post=21014"}],"curies":[{"name":"wp","href":"https:\/\/api.w.org\/{rel}","templated":true}]}}