{"id":17133,"date":"2022-09-25T18:54:56","date_gmt":"2022-09-25T16:54:56","guid":{"rendered":"https:\/\/malaga.salesianos.edu\/familiasalesiana\/?p=17133"},"modified":"2022-10-04T19:03:01","modified_gmt":"2022-10-04T17:03:01","slug":"nuestra-hermandad-salesiana-saluda-a-la-hermandad-de-la-virgen-de-la-cabeza","status":"publish","type":"post","link":"https:\/\/malaga.salesianos.edu\/familiasalesiana\/blog\/nuestra-hermandad-salesiana-saluda-a-la-hermandad-de-la-virgen-de-la-cabeza\/","title":{"rendered":"Nuestra Hermandad Salesiana saluda a la Hermandad de la Virgen de la Cabeza"},"content":{"rendered":"<p>En la ma\u00f1ana de hoy hemos saludado corporativamente a\u00a0<a class=\"x1i10hfl xjbqb8w x6umtig x1b1mbwd xaqea5y xav7gou x9f619 x1ypdohk xt0psk2 xe8uvvx xdj266r x11i5rnm xat24cr x1mh8g0r xexx8yu x4uap5 x18d9i69 xkhd6sd x16tdsg8 x1hl2dhg xggy1nq x1a2a7pz notranslate _a6hd\" tabindex=\"0\" role=\"link\" href=\"https:\/\/www.instagram.com\/cabezamalaga\/\">@cabezamalaga<\/a>\u00a0en su procesi\u00f3n gloriosa hasta la Parroquia de los Santos M\u00e1rtires, donde permanecer\u00e1 hasta el Rosario de las Glorias.<\/p>\n<p>Por su parte, la Hermandad de la Virgen de la Cabeza mostr\u00f3 su agradecimiento por el recibimiento y el cari\u00f1o mostrado al paso de su sagrada Titular.<\/p>\n<p>&nbsp;<\/p>\n","protected":false},"excerpt":{"rendered":"<p>En la ma\u00f1ana de hoy hemos saludado corporativamente a\u00a0@cabezamalaga\u00a0en su procesi\u00f3n gloriosa hasta la Parroquia de los Santos M\u00e1rtires, donde permanecer\u00e1 hasta el Rosario de las Glorias. Por su parte, la Hermandad de la Virgen de la Cabeza mostr\u00f3 su agradecimiento por el recibimiento y el cari\u00f1o mostrado al paso de su sagrada Titular. &nbsp;<\/p>\n","protected":false},"author":2,"featured_media":17134,"comment_status":"open","ping_status":"open","sticky":false,"template":"","format":"standard","meta":{"_et_pb_use_builder":"","_et_pb_old_content":"","_et_gb_content_width":"","footnotes":""},"categories":[9,101],"tags":[],"class_list":["post-17133","post","type-post","status-publish","format-standard","has-post-thumbnail","hentry","category-cofradia","category-familia-salesiana"],"yoast_head":"<!-- This site is optimized with the Yoast SEO plugin v28.3 - https:\/\/yoast.com\/product\/yoast-seo-wordpress\/ -->\n<title>Nuestra Hermandad Salesiana saluda a la Hermandad de la Virgen de la Cabeza - Familia Salesiana | Salesianos M\u00e1laga<\/title>\n<meta name=\"robots\" content=\"index, follow, max-snippet:-1, max-image-preview:large, max-video-preview:-1\" \/>\n<link rel=\"canonical\" href=\"https:\/\/malaga.salesianos.edu\/familiasalesiana\/blog\/nuestra-hermandad-salesiana-saluda-a-la-hermandad-de-la-virgen-de-la-cabeza\/\" \/>\n<meta property=\"og:locale\" content=\"es_ES\" \/>\n<meta property=\"og:type\" content=\"article\" \/>\n<meta property=\"og:title\" content=\"Nuestra Hermandad Salesiana saluda a la Hermandad de la Virgen de la Cabeza - Familia Salesiana | Salesianos M\u00e1laga\" \/>\n<meta property=\"og:description\" content=\"En la ma\u00f1ana de hoy hemos saludado corporativamente a\u00a0@cabezamalaga\u00a0en su procesi\u00f3n gloriosa hasta la Parroquia de los Santos M\u00e1rtires, donde permanecer\u00e1 hasta el Rosario de las Glorias. Por su parte, la Hermandad de la Virgen de la Cabeza mostr\u00f3 su agradecimiento por el recibimiento y el cari\u00f1o mostrado al paso de su sagrada Titular. &nbsp;\" \/>\n<meta property=\"og:url\" content=\"https:\/\/malaga.salesianos.edu\/familiasalesiana\/blog\/nuestra-hermandad-salesiana-saluda-a-la-hermandad-de-la-virgen-de-la-cabeza\/\" \/>\n<meta property=\"og:site_name\" content=\"Familia Salesiana | Salesianos M\u00e1laga\" \/>\n<meta property=\"article:published_time\" content=\"2022-09-25T16:54:56+00:00\" \/>\n<meta property=\"article:modified_time\" content=\"2022-10-04T17:03:01+00:00\" \/>\n<meta property=\"og:image\" content=\"https:\/\/malaga.salesianos.edu\/familiasalesiana\/wp-content\/uploads\/sites\/8\/2022\/10\/Hermandad_20221004.png\" \/>\n\t<meta property=\"og:image:width\" content=\"895\" \/>\n\t<meta property=\"og:image:height\" content=\"671\" \/>\n\t<meta property=\"og:image:type\" content=\"image\/png\" \/>\n<meta name=\"author\" content=\"Comunicaci\u00f3n MLG\" \/>\n<meta name=\"twitter:card\" content=\"summary_large_image\" \/>\n<meta name=\"twitter:label1\" content=\"Escrito por\" \/>\n\t<meta name=\"twitter:data1\" content=\"Comunicaci\u00f3n MLG\" \/>\n\t<meta name=\"twitter:label2\" content=\"Tiempo de lectura\" \/>\n\t<meta name=\"twitter:data2\" content=\"1 minuto\" \/>\n<script type=\"application\/ld+json\" class=\"yoast-schema-graph\">{\"@context\":\"https:\\\/\\\/schema.org\",\"@graph\":[{\"@type\":\"Article\",\"@id\":\"https:\\\/\\\/malaga.salesianos.edu\\\/familiasalesiana\\\/blog\\\/nuestra-hermandad-salesiana-saluda-a-la-hermandad-de-la-virgen-de-la-cabeza\\\/#article\",\"isPartOf\":{\"@id\":\"https:\\\/\\\/malaga.salesianos.edu\\\/familiasalesiana\\\/blog\\\/nuestra-hermandad-salesiana-saluda-a-la-hermandad-de-la-virgen-de-la-cabeza\\\/\"},\"author\":{\"name\":\"Comunicaci\u00f3n MLG\",\"@id\":\"https:\\\/\\\/malaga.salesianos.edu\\\/familiasalesiana\\\/#\\\/schema\\\/person\\\/fd7e7b338b40e1c817a659fe5fce718b\"},\"headline\":\"Nuestra Hermandad Salesiana saluda a la Hermandad de la Virgen de la Cabeza\",\"datePublished\":\"2022-09-25T16:54:56+00:00\",\"dateModified\":\"2022-10-04T17:03:01+00:00\",\"mainEntityOfPage\":{\"@id\":\"https:\\\/\\\/malaga.salesianos.edu\\\/familiasalesiana\\\/blog\\\/nuestra-hermandad-salesiana-saluda-a-la-hermandad-de-la-virgen-de-la-cabeza\\\/\"},\"wordCount\":74,\"commentCount\":0,\"image\":{\"@id\":\"https:\\\/\\\/malaga.salesianos.edu\\\/familiasalesiana\\\/blog\\\/nuestra-hermandad-salesiana-saluda-a-la-hermandad-de-la-virgen-de-la-cabeza\\\/#primaryimage\"},\"thumbnailUrl\":\"https:\\\/\\\/malaga.salesianos.edu\\\/familiasalesiana\\\/wp-content\\\/uploads\\\/sites\\\/8\\\/2022\\\/10\\\/Hermandad_20221004.png\",\"articleSection\":[\"Cofrad\u00eda\",\"Familia Salesiana\"],\"inLanguage\":\"es\",\"potentialAction\":[{\"@type\":\"CommentAction\",\"name\":\"Comment\",\"target\":[\"https:\\\/\\\/malaga.salesianos.edu\\\/familiasalesiana\\\/blog\\\/nuestra-hermandad-salesiana-saluda-a-la-hermandad-de-la-virgen-de-la-cabeza\\\/#respond\"]}]},{\"@type\":\"WebPage\",\"@id\":\"https:\\\/\\\/malaga.salesianos.edu\\\/familiasalesiana\\\/blog\\\/nuestra-hermandad-salesiana-saluda-a-la-hermandad-de-la-virgen-de-la-cabeza\\\/\",\"url\":\"https:\\\/\\\/malaga.salesianos.edu\\\/familiasalesiana\\\/blog\\\/nuestra-hermandad-salesiana-saluda-a-la-hermandad-de-la-virgen-de-la-cabeza\\\/\",\"name\":\"Nuestra Hermandad Salesiana saluda a la Hermandad de la Virgen de la Cabeza - Familia Salesiana | Salesianos M\u00e1laga\",\"isPartOf\":{\"@id\":\"https:\\\/\\\/malaga.salesianos.edu\\\/familiasalesiana\\\/#website\"},\"primaryImageOfPage\":{\"@id\":\"https:\\\/\\\/malaga.salesianos.edu\\\/familiasalesiana\\\/blog\\\/nuestra-hermandad-salesiana-saluda-a-la-hermandad-de-la-virgen-de-la-cabeza\\\/#primaryimage\"},\"image\":{\"@id\":\"https:\\\/\\\/malaga.salesianos.edu\\\/familiasalesiana\\\/blog\\\/nuestra-hermandad-salesiana-saluda-a-la-hermandad-de-la-virgen-de-la-cabeza\\\/#primaryimage\"},\"thumbnailUrl\":\"https:\\\/\\\/malaga.salesianos.edu\\\/familiasalesiana\\\/wp-content\\\/uploads\\\/sites\\\/8\\\/2022\\\/10\\\/Hermandad_20221004.png\",\"datePublished\":\"2022-09-25T16:54:56+00:00\",\"dateModified\":\"2022-10-04T17:03:01+00:00\",\"author\":{\"@id\":\"https:\\\/\\\/malaga.salesianos.edu\\\/familiasalesiana\\\/#\\\/schema\\\/person\\\/fd7e7b338b40e1c817a659fe5fce718b\"},\"breadcrumb\":{\"@id\":\"https:\\\/\\\/malaga.salesianos.edu\\\/familiasalesiana\\\/blog\\\/nuestra-hermandad-salesiana-saluda-a-la-hermandad-de-la-virgen-de-la-cabeza\\\/#breadcrumb\"},\"inLanguage\":\"es\",\"potentialAction\":[{\"@type\":\"ReadAction\",\"target\":[\"https:\\\/\\\/malaga.salesianos.edu\\\/familiasalesiana\\\/blog\\\/nuestra-hermandad-salesiana-saluda-a-la-hermandad-de-la-virgen-de-la-cabeza\\\/\"]}]},{\"@type\":\"ImageObject\",\"inLanguage\":\"es\",\"@id\":\"https:\\\/\\\/malaga.salesianos.edu\\\/familiasalesiana\\\/blog\\\/nuestra-hermandad-salesiana-saluda-a-la-hermandad-de-la-virgen-de-la-cabeza\\\/#primaryimage\",\"url\":\"https:\\\/\\\/malaga.salesianos.edu\\\/familiasalesiana\\\/wp-content\\\/uploads\\\/sites\\\/8\\\/2022\\\/10\\\/Hermandad_20221004.png\",\"contentUrl\":\"https:\\\/\\\/malaga.salesianos.edu\\\/familiasalesiana\\\/wp-content\\\/uploads\\\/sites\\\/8\\\/2022\\\/10\\\/Hermandad_20221004.png\",\"width\":895,\"height\":671},{\"@type\":\"BreadcrumbList\",\"@id\":\"https:\\\/\\\/malaga.salesianos.edu\\\/familiasalesiana\\\/blog\\\/nuestra-hermandad-salesiana-saluda-a-la-hermandad-de-la-virgen-de-la-cabeza\\\/#breadcrumb\",\"itemListElement\":[{\"@type\":\"ListItem\",\"position\":1,\"name\":\"Portada\",\"item\":\"https:\\\/\\\/malaga.salesianos.edu\\\/familiasalesiana\\\/\"},{\"@type\":\"ListItem\",\"position\":2,\"name\":\"Nuestra Hermandad Salesiana saluda a la Hermandad de la Virgen de la Cabeza\"}]},{\"@type\":\"WebSite\",\"@id\":\"https:\\\/\\\/malaga.salesianos.edu\\\/familiasalesiana\\\/#website\",\"url\":\"https:\\\/\\\/malaga.salesianos.edu\\\/familiasalesiana\\\/\",\"name\":\"Familia Salesiana | Salesianos M\u00e1laga\",\"description\":\"Familia Salesiana | Salesianos M\u00e1laga, ADMA, Asociaci\u00f3n de antiguos alumnos, Hermandad Salesiana, Salesianos Cooperadores\",\"potentialAction\":[{\"@type\":\"SearchAction\",\"target\":{\"@type\":\"EntryPoint\",\"urlTemplate\":\"https:\\\/\\\/malaga.salesianos.edu\\\/familiasalesiana\\\/?s={search_term_string}\"},\"query-input\":{\"@type\":\"PropertyValueSpecification\",\"valueRequired\":true,\"valueName\":\"search_term_string\"}}],\"inLanguage\":\"es\"},{\"@type\":\"Person\",\"@id\":\"https:\\\/\\\/malaga.salesianos.edu\\\/familiasalesiana\\\/#\\\/schema\\\/person\\\/fd7e7b338b40e1c817a659fe5fce718b\",\"name\":\"Comunicaci\u00f3n MLG\",\"image\":{\"@type\":\"ImageObject\",\"inLanguage\":\"es\",\"@id\":\"https:\\\/\\\/secure.gravatar.com\\\/avatar\\\/2ce5c66be6c7ab6b098b2ac29099a68d1cdb824afbb8aadf744614ce719778ff?s=96&d=mm&r=g\",\"url\":\"https:\\\/\\\/secure.gravatar.com\\\/avatar\\\/2ce5c66be6c7ab6b098b2ac29099a68d1cdb824afbb8aadf744614ce719778ff?s=96&d=mm&r=g\",\"contentUrl\":\"https:\\\/\\\/secure.gravatar.com\\\/avatar\\\/2ce5c66be6c7ab6b098b2ac29099a68d1cdb824afbb8aadf744614ce719778ff?s=96&d=mm&r=g\",\"caption\":\"Comunicaci\u00f3n MLG\"}}]}<\/script>\n<!-- \/ Yoast SEO plugin. -->","yoast_head_json":{"title":"Nuestra Hermandad Salesiana saluda a la Hermandad de la Virgen de la Cabeza - Familia Salesiana | Salesianos M\u00e1laga","robots":{"index":"index","follow":"follow","max-snippet":"max-snippet:-1","max-image-preview":"max-image-preview:large","max-video-preview":"max-video-preview:-1"},"canonical":"https:\/\/malaga.salesianos.edu\/familiasalesiana\/blog\/nuestra-hermandad-salesiana-saluda-a-la-hermandad-de-la-virgen-de-la-cabeza\/","og_locale":"es_ES","og_type":"article","og_title":"Nuestra Hermandad Salesiana saluda a la Hermandad de la Virgen de la Cabeza - Familia Salesiana | Salesianos M\u00e1laga","og_description":"En la ma\u00f1ana de hoy hemos saludado corporativamente a\u00a0@cabezamalaga\u00a0en su procesi\u00f3n gloriosa hasta la Parroquia de los Santos M\u00e1rtires, donde permanecer\u00e1 hasta el Rosario de las Glorias. Por su parte, la Hermandad de la Virgen de la Cabeza mostr\u00f3 su agradecimiento por el recibimiento y el cari\u00f1o mostrado al paso de su sagrada Titular. &nbsp;","og_url":"https:\/\/malaga.salesianos.edu\/familiasalesiana\/blog\/nuestra-hermandad-salesiana-saluda-a-la-hermandad-de-la-virgen-de-la-cabeza\/","og_site_name":"Familia Salesiana | Salesianos M\u00e1laga","article_published_time":"2022-09-25T16:54:56+00:00","article_modified_time":"2022-10-04T17:03:01+00:00","og_image":[{"width":895,"height":671,"url":"https:\/\/malaga.salesianos.edu\/familiasalesiana\/wp-content\/uploads\/sites\/8\/2022\/10\/Hermandad_20221004.png","type":"image\/png"}],"author":"Comunicaci\u00f3n MLG","twitter_card":"summary_large_image","twitter_misc":{"Escrito por":"Comunicaci\u00f3n MLG","Tiempo de lectura":"1 minuto"},"schema":{"@context":"https:\/\/schema.org","@graph":[{"@type":"Article","@id":"https:\/\/malaga.salesianos.edu\/familiasalesiana\/blog\/nuestra-hermandad-salesiana-saluda-a-la-hermandad-de-la-virgen-de-la-cabeza\/#article","isPartOf":{"@id":"https:\/\/malaga.salesianos.edu\/familiasalesiana\/blog\/nuestra-hermandad-salesiana-saluda-a-la-hermandad-de-la-virgen-de-la-cabeza\/"},"author":{"name":"Comunicaci\u00f3n MLG","@id":"https:\/\/malaga.salesianos.edu\/familiasalesiana\/#\/schema\/person\/fd7e7b338b40e1c817a659fe5fce718b"},"headline":"Nuestra Hermandad Salesiana saluda a la Hermandad de la Virgen de la Cabeza","datePublished":"2022-09-25T16:54:56+00:00","dateModified":"2022-10-04T17:03:01+00:00","mainEntityOfPage":{"@id":"https:\/\/malaga.salesianos.edu\/familiasalesiana\/blog\/nuestra-hermandad-salesiana-saluda-a-la-hermandad-de-la-virgen-de-la-cabeza\/"},"wordCount":74,"commentCount":0,"image":{"@id":"https:\/\/malaga.salesianos.edu\/familiasalesiana\/blog\/nuestra-hermandad-salesiana-saluda-a-la-hermandad-de-la-virgen-de-la-cabeza\/#primaryimage"},"thumbnailUrl":"https:\/\/malaga.salesianos.edu\/familiasalesiana\/wp-content\/uploads\/sites\/8\/2022\/10\/Hermandad_20221004.png","articleSection":["Cofrad\u00eda","Familia Salesiana"],"inLanguage":"es","potentialAction":[{"@type":"CommentAction","name":"Comment","target":["https:\/\/malaga.salesianos.edu\/familiasalesiana\/blog\/nuestra-hermandad-salesiana-saluda-a-la-hermandad-de-la-virgen-de-la-cabeza\/#respond"]}]},{"@type":"WebPage","@id":"https:\/\/malaga.salesianos.edu\/familiasalesiana\/blog\/nuestra-hermandad-salesiana-saluda-a-la-hermandad-de-la-virgen-de-la-cabeza\/","url":"https:\/\/malaga.salesianos.edu\/familiasalesiana\/blog\/nuestra-hermandad-salesiana-saluda-a-la-hermandad-de-la-virgen-de-la-cabeza\/","name":"Nuestra Hermandad Salesiana saluda a la Hermandad de la Virgen de la Cabeza - Familia Salesiana | Salesianos M\u00e1laga","isPartOf":{"@id":"https:\/\/malaga.salesianos.edu\/familiasalesiana\/#website"},"primaryImageOfPage":{"@id":"https:\/\/malaga.salesianos.edu\/familiasalesiana\/blog\/nuestra-hermandad-salesiana-saluda-a-la-hermandad-de-la-virgen-de-la-cabeza\/#primaryimage"},"image":{"@id":"https:\/\/malaga.salesianos.edu\/familiasalesiana\/blog\/nuestra-hermandad-salesiana-saluda-a-la-hermandad-de-la-virgen-de-la-cabeza\/#primaryimage"},"thumbnailUrl":"https:\/\/malaga.salesianos.edu\/familiasalesiana\/wp-content\/uploads\/sites\/8\/2022\/10\/Hermandad_20221004.png","datePublished":"2022-09-25T16:54:56+00:00","dateModified":"2022-10-04T17:03:01+00:00","author":{"@id":"https:\/\/malaga.salesianos.edu\/familiasalesiana\/#\/schema\/person\/fd7e7b338b40e1c817a659fe5fce718b"},"breadcrumb":{"@id":"https:\/\/malaga.salesianos.edu\/familiasalesiana\/blog\/nuestra-hermandad-salesiana-saluda-a-la-hermandad-de-la-virgen-de-la-cabeza\/#breadcrumb"},"inLanguage":"es","potentialAction":[{"@type":"ReadAction","target":["https:\/\/malaga.salesianos.edu\/familiasalesiana\/blog\/nuestra-hermandad-salesiana-saluda-a-la-hermandad-de-la-virgen-de-la-cabeza\/"]}]},{"@type":"ImageObject","inLanguage":"es","@id":"https:\/\/malaga.salesianos.edu\/familiasalesiana\/blog\/nuestra-hermandad-salesiana-saluda-a-la-hermandad-de-la-virgen-de-la-cabeza\/#primaryimage","url":"https:\/\/malaga.salesianos.edu\/familiasalesiana\/wp-content\/uploads\/sites\/8\/2022\/10\/Hermandad_20221004.png","contentUrl":"https:\/\/malaga.salesianos.edu\/familiasalesiana\/wp-content\/uploads\/sites\/8\/2022\/10\/Hermandad_20221004.png","width":895,"height":671},{"@type":"BreadcrumbList","@id":"https:\/\/malaga.salesianos.edu\/familiasalesiana\/blog\/nuestra-hermandad-salesiana-saluda-a-la-hermandad-de-la-virgen-de-la-cabeza\/#breadcrumb","itemListElement":[{"@type":"ListItem","position":1,"name":"Portada","item":"https:\/\/malaga.salesianos.edu\/familiasalesiana\/"},{"@type":"ListItem","position":2,"name":"Nuestra Hermandad Salesiana saluda a la Hermandad de la Virgen de la Cabeza"}]},{"@type":"WebSite","@id":"https:\/\/malaga.salesianos.edu\/familiasalesiana\/#website","url":"https:\/\/malaga.salesianos.edu\/familiasalesiana\/","name":"Familia Salesiana | Salesianos M\u00e1laga","description":"Familia Salesiana | Salesianos M\u00e1laga, ADMA, Asociaci\u00f3n de antiguos alumnos, Hermandad Salesiana, Salesianos Cooperadores","potentialAction":[{"@type":"SearchAction","target":{"@type":"EntryPoint","urlTemplate":"https:\/\/malaga.salesianos.edu\/familiasalesiana\/?s={search_term_string}"},"query-input":{"@type":"PropertyValueSpecification","valueRequired":true,"valueName":"search_term_string"}}],"inLanguage":"es"},{"@type":"Person","@id":"https:\/\/malaga.salesianos.edu\/familiasalesiana\/#\/schema\/person\/fd7e7b338b40e1c817a659fe5fce718b","name":"Comunicaci\u00f3n MLG","image":{"@type":"ImageObject","inLanguage":"es","@id":"https:\/\/secure.gravatar.com\/avatar\/2ce5c66be6c7ab6b098b2ac29099a68d1cdb824afbb8aadf744614ce719778ff?s=96&d=mm&r=g","url":"https:\/\/secure.gravatar.com\/avatar\/2ce5c66be6c7ab6b098b2ac29099a68d1cdb824afbb8aadf744614ce719778ff?s=96&d=mm&r=g","contentUrl":"https:\/\/secure.gravatar.com\/avatar\/2ce5c66be6c7ab6b098b2ac29099a68d1cdb824afbb8aadf744614ce719778ff?s=96&d=mm&r=g","caption":"Comunicaci\u00f3n MLG"}}]}},"_links":{"self":[{"href":"https:\/\/malaga.salesianos.edu\/familiasalesiana\/wp-json\/wp\/v2\/posts\/17133","targetHints":{"allow":["GET"]}}],"collection":[{"href":"https:\/\/malaga.salesianos.edu\/familiasalesiana\/wp-json\/wp\/v2\/posts"}],"about":[{"href":"https:\/\/malaga.salesianos.edu\/familiasalesiana\/wp-json\/wp\/v2\/types\/post"}],"author":[{"embeddable":true,"href":"https:\/\/malaga.salesianos.edu\/familiasalesiana\/wp-json\/wp\/v2\/users\/2"}],"replies":[{"embeddable":true,"href":"https:\/\/malaga.salesianos.edu\/familiasalesiana\/wp-json\/wp\/v2\/comments?post=17133"}],"version-history":[{"count":1,"href":"https:\/\/malaga.salesianos.edu\/familiasalesiana\/wp-json\/wp\/v2\/posts\/17133\/revisions"}],"predecessor-version":[{"id":17135,"href":"https:\/\/malaga.salesianos.edu\/familiasalesiana\/wp-json\/wp\/v2\/posts\/17133\/revisions\/17135"}],"wp:featuredmedia":[{"embeddable":true,"href":"https:\/\/malaga.salesianos.edu\/familiasalesiana\/wp-json\/wp\/v2\/media\/17134"}],"wp:attachment":[{"href":"https:\/\/malaga.salesianos.edu\/familiasalesiana\/wp-json\/wp\/v2\/media?parent=17133"}],"wp:term":[{"taxonomy":"category","embeddable":true,"href":"https:\/\/malaga.salesianos.edu\/familiasalesiana\/wp-json\/wp\/v2\/categories?post=17133"},{"taxonomy":"post_tag","embeddable":true,"href":"https:\/\/malaga.salesianos.edu\/familiasalesiana\/wp-json\/wp\/v2\/tags?post=17133"}],"curies":[{"name":"wp","href":"https:\/\/api.w.org\/{rel}","templated":true}]}}