{"id":10623,"date":"2022-05-10T12:23:25","date_gmt":"2022-05-10T10:23:25","guid":{"rendered":"https:\/\/malaga.salesianos.edu\/familiasalesiana\/blog\/capitulo-inspectorial-ci22-momento-fuerte-para-seguir-sonando-y-fiesta-inspectorial-2\/"},"modified":"2022-10-03T14:14:00","modified_gmt":"2022-10-03T12:14:00","slug":"capitulo-inspectorial-ci22-momento-fuerte-para-seguir-sonando-y-fiesta-inspectorial-2","status":"publish","type":"post","link":"https:\/\/malaga.salesianos.edu\/familiasalesiana\/blog\/capitulo-inspectorial-ci22-momento-fuerte-para-seguir-sonando-y-fiesta-inspectorial-2\/","title":{"rendered":"Cap\u00edtulo Inspectorial (CI\u201922): momento fuerte para seguir so\u00f1ando\u2026 y Fiesta Inspectorial"},"content":{"rendered":"<p>El 18 al 22 del mes de abril hemos celebrado unos 130 salesianos y un grupo significativo de seglares con cargos el El CI\u201922 que nos empuja para que sigamos siendo una Presencia Carism\u00e1tica, viva, operante y proyectada al futuro, como nos insiste el CG\u201928 de la Congregaci\u00f3n. Nos ha ayudado a comprendemos mejor a nosotros mismos y reforzar el verdadero sentido de pertenencia a la Congregaci\u00f3n\u2026 y en esta Casa lo queremos seguir haciendo vida.<\/p>\n<p>El CI\u201922 ha reafirmado la importancia de la formaci\u00f3n conjunta y compartida con los seglares y as\u00ed reafirmamos que queremos vivirlo en nuestra Casa de M\u00e1laga. El Rector Mayor D. \u00c1ngel Fern\u00e1ndez Artime, en su visita a nuestra casa (6-8 diciembre 2019), dirigi\u00e9ndose a la Familia Salesiana, nos anim\u00f3 a seguir con generosidad nuestro trabajo salesiano sumando fuerzas con la \u201cclaridad y el entusiasmo\u201d con que lo estamos haciendo, y afirm\u00f3 de nuevo que esta \u201ccasa es como un nuevo Valdocco\u201d. El CI\u201922 nos fortalece<\/p>\n<p>Y naturalmente y es una bella constataci\u00f3n nos reafirma en el carisma que sigue hoy vigente y seguir\u00e1 respirando vida en nuestra Inspector\u00eda y en nuestra Casa Salesiana ofreciendo valores a todo el barrio de Capuchinos y al resto de la sociedad malague\u00f1a&#8230;. Nos refuerza en aquella convicci\u00f3n reavivada a partir del 125 aniversario de tan grata memoria apreciando m\u00e1s cada vez la importancia de trabajar unidos.<br \/>\nEl CI\u201922 nos anima, en definitiva, a seguir progresando cada uno y todos juntos, como Familia Salesiana, en la l\u00ednea que la Congregaci\u00f3n y la Iglesia nos marcan.<br \/>\nConcluy\u00f3 con la Fiesta Inspectorial el s\u00e1bado, d\u00eda 23, celebrada con gozo en nuestra Casa. Todo fue acogedor, din\u00e1mico y \u2018muy salesiano\u2019. Dimos gracias a Dios por la fidelidad de tantos salesianos y por todo lo que vamos viviendo.<\/p>\n<p>Gracias a todos, y especialmente al PAS, siempre atentos para cuidar hasta los \u00faltimos detalles y a los j\u00f3venes que amenizaron el final del emotivo acto del teatro con una magn\u00edfica puesta en escena, arropada inteligentemente por bellas proyecciones y fondos para resaltar el valor y la necesidad de la esperanza, con nuestro himno \u201cAbrazamos la Esperanza\u201d\u2026<\/p>\n<p>Me uno al AGRADECIMIENTO que mostraron los asistentes con sus aplausos y sus palabras\u2026 Y a ello me uno: \u2019GRACIAS!<\/p>\n<p>Que nos siga \u201cmoviendo la esperanza\u201d<\/p>\n<p>Antonio Gil<\/p>\n<div class=\"et_pb_slider et_pb_slider_fullwidth_off et_pb_gallery_post_type\">\n\t\t\t\t<div class=\"et_pb_slides\">\n\t\t\t\t\t\n\t\t\t\t<\/div>\n\t\t\t<\/div>\n","protected":false},"excerpt":{"rendered":"<p>El 18 al 22 del mes de abril hemos celebrado unos 130 salesianos y un grupo significativo de seglares con cargos el El CI\u201922 que nos empuja para que sigamos siendo una Presencia Carism\u00e1tica, viva, operante y proyectada al futuro, como nos insiste el CG\u201928 de la Congregaci\u00f3n. Nos ha ayudado a comprendemos mejor a [&hellip;]<\/p>\n","protected":false},"author":2,"featured_media":10624,"comment_status":"open","ping_status":"open","sticky":false,"template":"","format":"standard","meta":{"_et_pb_use_builder":"","_et_pb_old_content":"","_et_gb_content_width":"","footnotes":""},"categories":[113,10,101],"tags":[],"class_list":["post-10623","post","type-post","status-publish","format-standard","has-post-thumbnail","hentry","category-casa","category-colegio","category-familia-salesiana"],"yoast_head":"<!-- This site is optimized with the Yoast SEO plugin v28.3 - https:\/\/yoast.com\/product\/yoast-seo-wordpress\/ -->\n<title>Cap\u00edtulo Inspectorial (CI\u201922): momento fuerte para seguir so\u00f1ando\u2026 y Fiesta Inspectorial - Familia Salesiana | Salesianos M\u00e1laga<\/title>\n<meta name=\"robots\" content=\"index, follow, max-snippet:-1, max-image-preview:large, max-video-preview:-1\" \/>\n<link rel=\"canonical\" href=\"https:\/\/malaga.salesianos.edu\/familiasalesiana\/blog\/capitulo-inspectorial-ci22-momento-fuerte-para-seguir-sonando-y-fiesta-inspectorial-2\/\" \/>\n<meta property=\"og:locale\" content=\"es_ES\" \/>\n<meta property=\"og:type\" content=\"article\" \/>\n<meta property=\"og:title\" content=\"Cap\u00edtulo Inspectorial (CI\u201922): momento fuerte para seguir so\u00f1ando\u2026 y Fiesta Inspectorial - Familia Salesiana | Salesianos M\u00e1laga\" \/>\n<meta property=\"og:description\" content=\"El 18 al 22 del mes de abril hemos celebrado unos 130 salesianos y un grupo significativo de seglares con cargos el El CI\u201922 que nos empuja para que sigamos siendo una Presencia Carism\u00e1tica, viva, operante y proyectada al futuro, como nos insiste el CG\u201928 de la Congregaci\u00f3n. Nos ha ayudado a comprendemos mejor a [&hellip;]\" \/>\n<meta property=\"og:url\" content=\"https:\/\/malaga.salesianos.edu\/familiasalesiana\/blog\/capitulo-inspectorial-ci22-momento-fuerte-para-seguir-sonando-y-fiesta-inspectorial-2\/\" \/>\n<meta property=\"og:site_name\" content=\"Familia Salesiana | Salesianos M\u00e1laga\" \/>\n<meta property=\"article:published_time\" content=\"2022-05-10T10:23:25+00:00\" \/>\n<meta property=\"article:modified_time\" content=\"2022-10-03T12:14:00+00:00\" \/>\n<meta property=\"og:image\" content=\"https:\/\/malaga.salesianos.edu\/familiasalesiana\/wp-content\/uploads\/sites\/8\/2022\/09\/PHOTO-2022-04-23-10-48-18.jpg\" \/>\n\t<meta property=\"og:image:width\" content=\"2048\" \/>\n\t<meta property=\"og:image:height\" content=\"1536\" \/>\n\t<meta property=\"og:image:type\" content=\"image\/jpeg\" \/>\n<meta name=\"author\" content=\"Comunicaci\u00f3n MLG\" \/>\n<meta name=\"twitter:card\" content=\"summary_large_image\" \/>\n<meta name=\"twitter:label1\" content=\"Escrito por\" \/>\n\t<meta name=\"twitter:data1\" content=\"Comunicaci\u00f3n MLG\" \/>\n\t<meta name=\"twitter:label2\" content=\"Tiempo de lectura\" \/>\n\t<meta name=\"twitter:data2\" content=\"2 minutos\" \/>\n<script type=\"application\/ld+json\" class=\"yoast-schema-graph\">{\"@context\":\"https:\\\/\\\/schema.org\",\"@graph\":[{\"@type\":\"Article\",\"@id\":\"https:\\\/\\\/malaga.salesianos.edu\\\/familiasalesiana\\\/blog\\\/capitulo-inspectorial-ci22-momento-fuerte-para-seguir-sonando-y-fiesta-inspectorial-2\\\/#article\",\"isPartOf\":{\"@id\":\"https:\\\/\\\/malaga.salesianos.edu\\\/familiasalesiana\\\/blog\\\/capitulo-inspectorial-ci22-momento-fuerte-para-seguir-sonando-y-fiesta-inspectorial-2\\\/\"},\"author\":{\"name\":\"Comunicaci\u00f3n MLG\",\"@id\":\"https:\\\/\\\/malaga.salesianos.edu\\\/familiasalesiana\\\/#\\\/schema\\\/person\\\/fd7e7b338b40e1c817a659fe5fce718b\"},\"headline\":\"Cap\u00edtulo Inspectorial (CI\u201922): momento fuerte para seguir so\u00f1ando\u2026 y Fiesta Inspectorial\",\"datePublished\":\"2022-05-10T10:23:25+00:00\",\"dateModified\":\"2022-10-03T12:14:00+00:00\",\"mainEntityOfPage\":{\"@id\":\"https:\\\/\\\/malaga.salesianos.edu\\\/familiasalesiana\\\/blog\\\/capitulo-inspectorial-ci22-momento-fuerte-para-seguir-sonando-y-fiesta-inspectorial-2\\\/\"},\"wordCount\":408,\"commentCount\":0,\"image\":{\"@id\":\"https:\\\/\\\/malaga.salesianos.edu\\\/familiasalesiana\\\/blog\\\/capitulo-inspectorial-ci22-momento-fuerte-para-seguir-sonando-y-fiesta-inspectorial-2\\\/#primaryimage\"},\"thumbnailUrl\":\"https:\\\/\\\/malaga.salesianos.edu\\\/familiasalesiana\\\/wp-content\\\/uploads\\\/sites\\\/8\\\/2022\\\/09\\\/PHOTO-2022-04-23-10-48-18.jpg\",\"articleSection\":[\"Casa\",\"Colegio\",\"Familia Salesiana\"],\"inLanguage\":\"es\",\"potentialAction\":[{\"@type\":\"CommentAction\",\"name\":\"Comment\",\"target\":[\"https:\\\/\\\/malaga.salesianos.edu\\\/familiasalesiana\\\/blog\\\/capitulo-inspectorial-ci22-momento-fuerte-para-seguir-sonando-y-fiesta-inspectorial-2\\\/#respond\"]}]},{\"@type\":\"WebPage\",\"@id\":\"https:\\\/\\\/malaga.salesianos.edu\\\/familiasalesiana\\\/blog\\\/capitulo-inspectorial-ci22-momento-fuerte-para-seguir-sonando-y-fiesta-inspectorial-2\\\/\",\"url\":\"https:\\\/\\\/malaga.salesianos.edu\\\/familiasalesiana\\\/blog\\\/capitulo-inspectorial-ci22-momento-fuerte-para-seguir-sonando-y-fiesta-inspectorial-2\\\/\",\"name\":\"Cap\u00edtulo Inspectorial (CI\u201922): momento fuerte para seguir so\u00f1ando\u2026 y Fiesta Inspectorial - Familia Salesiana | Salesianos M\u00e1laga\",\"isPartOf\":{\"@id\":\"https:\\\/\\\/malaga.salesianos.edu\\\/familiasalesiana\\\/#website\"},\"primaryImageOfPage\":{\"@id\":\"https:\\\/\\\/malaga.salesianos.edu\\\/familiasalesiana\\\/blog\\\/capitulo-inspectorial-ci22-momento-fuerte-para-seguir-sonando-y-fiesta-inspectorial-2\\\/#primaryimage\"},\"image\":{\"@id\":\"https:\\\/\\\/malaga.salesianos.edu\\\/familiasalesiana\\\/blog\\\/capitulo-inspectorial-ci22-momento-fuerte-para-seguir-sonando-y-fiesta-inspectorial-2\\\/#primaryimage\"},\"thumbnailUrl\":\"https:\\\/\\\/malaga.salesianos.edu\\\/familiasalesiana\\\/wp-content\\\/uploads\\\/sites\\\/8\\\/2022\\\/09\\\/PHOTO-2022-04-23-10-48-18.jpg\",\"datePublished\":\"2022-05-10T10:23:25+00:00\",\"dateModified\":\"2022-10-03T12:14:00+00:00\",\"author\":{\"@id\":\"https:\\\/\\\/malaga.salesianos.edu\\\/familiasalesiana\\\/#\\\/schema\\\/person\\\/fd7e7b338b40e1c817a659fe5fce718b\"},\"breadcrumb\":{\"@id\":\"https:\\\/\\\/malaga.salesianos.edu\\\/familiasalesiana\\\/blog\\\/capitulo-inspectorial-ci22-momento-fuerte-para-seguir-sonando-y-fiesta-inspectorial-2\\\/#breadcrumb\"},\"inLanguage\":\"es\",\"potentialAction\":[{\"@type\":\"ReadAction\",\"target\":[\"https:\\\/\\\/malaga.salesianos.edu\\\/familiasalesiana\\\/blog\\\/capitulo-inspectorial-ci22-momento-fuerte-para-seguir-sonando-y-fiesta-inspectorial-2\\\/\"]}]},{\"@type\":\"ImageObject\",\"inLanguage\":\"es\",\"@id\":\"https:\\\/\\\/malaga.salesianos.edu\\\/familiasalesiana\\\/blog\\\/capitulo-inspectorial-ci22-momento-fuerte-para-seguir-sonando-y-fiesta-inspectorial-2\\\/#primaryimage\",\"url\":\"https:\\\/\\\/malaga.salesianos.edu\\\/familiasalesiana\\\/wp-content\\\/uploads\\\/sites\\\/8\\\/2022\\\/09\\\/PHOTO-2022-04-23-10-48-18.jpg\",\"contentUrl\":\"https:\\\/\\\/malaga.salesianos.edu\\\/familiasalesiana\\\/wp-content\\\/uploads\\\/sites\\\/8\\\/2022\\\/09\\\/PHOTO-2022-04-23-10-48-18.jpg\",\"width\":2048,\"height\":1536},{\"@type\":\"BreadcrumbList\",\"@id\":\"https:\\\/\\\/malaga.salesianos.edu\\\/familiasalesiana\\\/blog\\\/capitulo-inspectorial-ci22-momento-fuerte-para-seguir-sonando-y-fiesta-inspectorial-2\\\/#breadcrumb\",\"itemListElement\":[{\"@type\":\"ListItem\",\"position\":1,\"name\":\"Portada\",\"item\":\"https:\\\/\\\/malaga.salesianos.edu\\\/familiasalesiana\\\/\"},{\"@type\":\"ListItem\",\"position\":2,\"name\":\"Cap\u00edtulo Inspectorial (CI\u201922): momento fuerte para seguir so\u00f1ando\u2026 y Fiesta Inspectorial\"}]},{\"@type\":\"WebSite\",\"@id\":\"https:\\\/\\\/malaga.salesianos.edu\\\/familiasalesiana\\\/#website\",\"url\":\"https:\\\/\\\/malaga.salesianos.edu\\\/familiasalesiana\\\/\",\"name\":\"Familia Salesiana | Salesianos M\u00e1laga\",\"description\":\"Familia Salesiana | Salesianos M\u00e1laga, ADMA, Asociaci\u00f3n de antiguos alumnos, Hermandad Salesiana, Salesianos Cooperadores\",\"potentialAction\":[{\"@type\":\"SearchAction\",\"target\":{\"@type\":\"EntryPoint\",\"urlTemplate\":\"https:\\\/\\\/malaga.salesianos.edu\\\/familiasalesiana\\\/?s={search_term_string}\"},\"query-input\":{\"@type\":\"PropertyValueSpecification\",\"valueRequired\":true,\"valueName\":\"search_term_string\"}}],\"inLanguage\":\"es\"},{\"@type\":\"Person\",\"@id\":\"https:\\\/\\\/malaga.salesianos.edu\\\/familiasalesiana\\\/#\\\/schema\\\/person\\\/fd7e7b338b40e1c817a659fe5fce718b\",\"name\":\"Comunicaci\u00f3n MLG\",\"image\":{\"@type\":\"ImageObject\",\"inLanguage\":\"es\",\"@id\":\"https:\\\/\\\/secure.gravatar.com\\\/avatar\\\/2ce5c66be6c7ab6b098b2ac29099a68d1cdb824afbb8aadf744614ce719778ff?s=96&d=mm&r=g\",\"url\":\"https:\\\/\\\/secure.gravatar.com\\\/avatar\\\/2ce5c66be6c7ab6b098b2ac29099a68d1cdb824afbb8aadf744614ce719778ff?s=96&d=mm&r=g\",\"contentUrl\":\"https:\\\/\\\/secure.gravatar.com\\\/avatar\\\/2ce5c66be6c7ab6b098b2ac29099a68d1cdb824afbb8aadf744614ce719778ff?s=96&d=mm&r=g\",\"caption\":\"Comunicaci\u00f3n MLG\"}}]}<\/script>\n<!-- \/ Yoast SEO plugin. -->","yoast_head_json":{"title":"Cap\u00edtulo Inspectorial (CI\u201922): momento fuerte para seguir so\u00f1ando\u2026 y Fiesta Inspectorial - Familia Salesiana | Salesianos M\u00e1laga","robots":{"index":"index","follow":"follow","max-snippet":"max-snippet:-1","max-image-preview":"max-image-preview:large","max-video-preview":"max-video-preview:-1"},"canonical":"https:\/\/malaga.salesianos.edu\/familiasalesiana\/blog\/capitulo-inspectorial-ci22-momento-fuerte-para-seguir-sonando-y-fiesta-inspectorial-2\/","og_locale":"es_ES","og_type":"article","og_title":"Cap\u00edtulo Inspectorial (CI\u201922): momento fuerte para seguir so\u00f1ando\u2026 y Fiesta Inspectorial - Familia Salesiana | Salesianos M\u00e1laga","og_description":"El 18 al 22 del mes de abril hemos celebrado unos 130 salesianos y un grupo significativo de seglares con cargos el El CI\u201922 que nos empuja para que sigamos siendo una Presencia Carism\u00e1tica, viva, operante y proyectada al futuro, como nos insiste el CG\u201928 de la Congregaci\u00f3n. Nos ha ayudado a comprendemos mejor a [&hellip;]","og_url":"https:\/\/malaga.salesianos.edu\/familiasalesiana\/blog\/capitulo-inspectorial-ci22-momento-fuerte-para-seguir-sonando-y-fiesta-inspectorial-2\/","og_site_name":"Familia Salesiana | Salesianos M\u00e1laga","article_published_time":"2022-05-10T10:23:25+00:00","article_modified_time":"2022-10-03T12:14:00+00:00","og_image":[{"width":2048,"height":1536,"url":"https:\/\/malaga.salesianos.edu\/familiasalesiana\/wp-content\/uploads\/sites\/8\/2022\/09\/PHOTO-2022-04-23-10-48-18.jpg","type":"image\/jpeg"}],"author":"Comunicaci\u00f3n MLG","twitter_card":"summary_large_image","twitter_misc":{"Escrito por":"Comunicaci\u00f3n MLG","Tiempo de lectura":"2 minutos"},"schema":{"@context":"https:\/\/schema.org","@graph":[{"@type":"Article","@id":"https:\/\/malaga.salesianos.edu\/familiasalesiana\/blog\/capitulo-inspectorial-ci22-momento-fuerte-para-seguir-sonando-y-fiesta-inspectorial-2\/#article","isPartOf":{"@id":"https:\/\/malaga.salesianos.edu\/familiasalesiana\/blog\/capitulo-inspectorial-ci22-momento-fuerte-para-seguir-sonando-y-fiesta-inspectorial-2\/"},"author":{"name":"Comunicaci\u00f3n MLG","@id":"https:\/\/malaga.salesianos.edu\/familiasalesiana\/#\/schema\/person\/fd7e7b338b40e1c817a659fe5fce718b"},"headline":"Cap\u00edtulo Inspectorial (CI\u201922): momento fuerte para seguir so\u00f1ando\u2026 y Fiesta Inspectorial","datePublished":"2022-05-10T10:23:25+00:00","dateModified":"2022-10-03T12:14:00+00:00","mainEntityOfPage":{"@id":"https:\/\/malaga.salesianos.edu\/familiasalesiana\/blog\/capitulo-inspectorial-ci22-momento-fuerte-para-seguir-sonando-y-fiesta-inspectorial-2\/"},"wordCount":408,"commentCount":0,"image":{"@id":"https:\/\/malaga.salesianos.edu\/familiasalesiana\/blog\/capitulo-inspectorial-ci22-momento-fuerte-para-seguir-sonando-y-fiesta-inspectorial-2\/#primaryimage"},"thumbnailUrl":"https:\/\/malaga.salesianos.edu\/familiasalesiana\/wp-content\/uploads\/sites\/8\/2022\/09\/PHOTO-2022-04-23-10-48-18.jpg","articleSection":["Casa","Colegio","Familia Salesiana"],"inLanguage":"es","potentialAction":[{"@type":"CommentAction","name":"Comment","target":["https:\/\/malaga.salesianos.edu\/familiasalesiana\/blog\/capitulo-inspectorial-ci22-momento-fuerte-para-seguir-sonando-y-fiesta-inspectorial-2\/#respond"]}]},{"@type":"WebPage","@id":"https:\/\/malaga.salesianos.edu\/familiasalesiana\/blog\/capitulo-inspectorial-ci22-momento-fuerte-para-seguir-sonando-y-fiesta-inspectorial-2\/","url":"https:\/\/malaga.salesianos.edu\/familiasalesiana\/blog\/capitulo-inspectorial-ci22-momento-fuerte-para-seguir-sonando-y-fiesta-inspectorial-2\/","name":"Cap\u00edtulo Inspectorial (CI\u201922): momento fuerte para seguir so\u00f1ando\u2026 y Fiesta Inspectorial - Familia Salesiana | Salesianos M\u00e1laga","isPartOf":{"@id":"https:\/\/malaga.salesianos.edu\/familiasalesiana\/#website"},"primaryImageOfPage":{"@id":"https:\/\/malaga.salesianos.edu\/familiasalesiana\/blog\/capitulo-inspectorial-ci22-momento-fuerte-para-seguir-sonando-y-fiesta-inspectorial-2\/#primaryimage"},"image":{"@id":"https:\/\/malaga.salesianos.edu\/familiasalesiana\/blog\/capitulo-inspectorial-ci22-momento-fuerte-para-seguir-sonando-y-fiesta-inspectorial-2\/#primaryimage"},"thumbnailUrl":"https:\/\/malaga.salesianos.edu\/familiasalesiana\/wp-content\/uploads\/sites\/8\/2022\/09\/PHOTO-2022-04-23-10-48-18.jpg","datePublished":"2022-05-10T10:23:25+00:00","dateModified":"2022-10-03T12:14:00+00:00","author":{"@id":"https:\/\/malaga.salesianos.edu\/familiasalesiana\/#\/schema\/person\/fd7e7b338b40e1c817a659fe5fce718b"},"breadcrumb":{"@id":"https:\/\/malaga.salesianos.edu\/familiasalesiana\/blog\/capitulo-inspectorial-ci22-momento-fuerte-para-seguir-sonando-y-fiesta-inspectorial-2\/#breadcrumb"},"inLanguage":"es","potentialAction":[{"@type":"ReadAction","target":["https:\/\/malaga.salesianos.edu\/familiasalesiana\/blog\/capitulo-inspectorial-ci22-momento-fuerte-para-seguir-sonando-y-fiesta-inspectorial-2\/"]}]},{"@type":"ImageObject","inLanguage":"es","@id":"https:\/\/malaga.salesianos.edu\/familiasalesiana\/blog\/capitulo-inspectorial-ci22-momento-fuerte-para-seguir-sonando-y-fiesta-inspectorial-2\/#primaryimage","url":"https:\/\/malaga.salesianos.edu\/familiasalesiana\/wp-content\/uploads\/sites\/8\/2022\/09\/PHOTO-2022-04-23-10-48-18.jpg","contentUrl":"https:\/\/malaga.salesianos.edu\/familiasalesiana\/wp-content\/uploads\/sites\/8\/2022\/09\/PHOTO-2022-04-23-10-48-18.jpg","width":2048,"height":1536},{"@type":"BreadcrumbList","@id":"https:\/\/malaga.salesianos.edu\/familiasalesiana\/blog\/capitulo-inspectorial-ci22-momento-fuerte-para-seguir-sonando-y-fiesta-inspectorial-2\/#breadcrumb","itemListElement":[{"@type":"ListItem","position":1,"name":"Portada","item":"https:\/\/malaga.salesianos.edu\/familiasalesiana\/"},{"@type":"ListItem","position":2,"name":"Cap\u00edtulo Inspectorial (CI\u201922): momento fuerte para seguir so\u00f1ando\u2026 y Fiesta Inspectorial"}]},{"@type":"WebSite","@id":"https:\/\/malaga.salesianos.edu\/familiasalesiana\/#website","url":"https:\/\/malaga.salesianos.edu\/familiasalesiana\/","name":"Familia Salesiana | Salesianos M\u00e1laga","description":"Familia Salesiana | Salesianos M\u00e1laga, ADMA, Asociaci\u00f3n de antiguos alumnos, Hermandad Salesiana, Salesianos Cooperadores","potentialAction":[{"@type":"SearchAction","target":{"@type":"EntryPoint","urlTemplate":"https:\/\/malaga.salesianos.edu\/familiasalesiana\/?s={search_term_string}"},"query-input":{"@type":"PropertyValueSpecification","valueRequired":true,"valueName":"search_term_string"}}],"inLanguage":"es"},{"@type":"Person","@id":"https:\/\/malaga.salesianos.edu\/familiasalesiana\/#\/schema\/person\/fd7e7b338b40e1c817a659fe5fce718b","name":"Comunicaci\u00f3n MLG","image":{"@type":"ImageObject","inLanguage":"es","@id":"https:\/\/secure.gravatar.com\/avatar\/2ce5c66be6c7ab6b098b2ac29099a68d1cdb824afbb8aadf744614ce719778ff?s=96&d=mm&r=g","url":"https:\/\/secure.gravatar.com\/avatar\/2ce5c66be6c7ab6b098b2ac29099a68d1cdb824afbb8aadf744614ce719778ff?s=96&d=mm&r=g","contentUrl":"https:\/\/secure.gravatar.com\/avatar\/2ce5c66be6c7ab6b098b2ac29099a68d1cdb824afbb8aadf744614ce719778ff?s=96&d=mm&r=g","caption":"Comunicaci\u00f3n MLG"}}]}},"_links":{"self":[{"href":"https:\/\/malaga.salesianos.edu\/familiasalesiana\/wp-json\/wp\/v2\/posts\/10623","targetHints":{"allow":["GET"]}}],"collection":[{"href":"https:\/\/malaga.salesianos.edu\/familiasalesiana\/wp-json\/wp\/v2\/posts"}],"about":[{"href":"https:\/\/malaga.salesianos.edu\/familiasalesiana\/wp-json\/wp\/v2\/types\/post"}],"author":[{"embeddable":true,"href":"https:\/\/malaga.salesianos.edu\/familiasalesiana\/wp-json\/wp\/v2\/users\/2"}],"replies":[{"embeddable":true,"href":"https:\/\/malaga.salesianos.edu\/familiasalesiana\/wp-json\/wp\/v2\/comments?post=10623"}],"version-history":[{"count":1,"href":"https:\/\/malaga.salesianos.edu\/familiasalesiana\/wp-json\/wp\/v2\/posts\/10623\/revisions"}],"predecessor-version":[{"id":10625,"href":"https:\/\/malaga.salesianos.edu\/familiasalesiana\/wp-json\/wp\/v2\/posts\/10623\/revisions\/10625"}],"wp:featuredmedia":[{"embeddable":true,"href":"https:\/\/malaga.salesianos.edu\/familiasalesiana\/wp-json\/wp\/v2\/media\/10624"}],"wp:attachment":[{"href":"https:\/\/malaga.salesianos.edu\/familiasalesiana\/wp-json\/wp\/v2\/media?parent=10623"}],"wp:term":[{"taxonomy":"category","embeddable":true,"href":"https:\/\/malaga.salesianos.edu\/familiasalesiana\/wp-json\/wp\/v2\/categories?post=10623"},{"taxonomy":"post_tag","embeddable":true,"href":"https:\/\/malaga.salesianos.edu\/familiasalesiana\/wp-json\/wp\/v2\/tags?post=10623"}],"curies":[{"name":"wp","href":"https:\/\/api.w.org\/{rel}","templated":true}]}}