{"id":7928,"date":"2018-09-24T23:49:56","date_gmt":"2018-09-20T19:49:56","guid":{"rendered":"https:\/\/malaga.salesianos.edu\/deporte\/blog\/nuestro-club-deportivo-adesa-celebra-el-25-aniversario\/"},"modified":"2018-09-28T13:44:15","modified_gmt":"2018-09-28T11:44:15","slug":"nuestro-club-deportivo-adesa-celebra-el-25-aniversario","status":"publish","type":"post","link":"https:\/\/malaga.salesianos.edu\/deporte\/blog\/nuestro-club-deportivo-adesa-celebra-el-25-aniversario\/","title":{"rendered":"Nuestro Club Deportivo ADESA celebra su 25 aniversario"},"content":{"rendered":"<p>[et_pb_section bb_built=\u00bb1&#8243; admin_label=\u00bbsection\u00bb custom_padding=\u00bb2px|0px|54px|0px\u00bb][et_pb_row admin_label=\u00bbrow\u00bb background_position=\u00bbtop_left\u00bb background_repeat=\u00bbrepeat\u00bb background_size=\u00bbinitial\u00bb][et_pb_column type=\u00bb4_4&#8243;][et_pb_text admin_label=\u00bbEntradilla\u00bb text_font=\u00bb|on|||\u00bb text_orientation=\u00bbjustified\u00bb use_border_color=\u00bboff\u00bb border_color=\u00bb#ffffff\u00bb border_style=\u00bbsolid\u00bb _builder_version=\u00bb3.15&#8243;]<\/p>\n<p><em><b>El pr\u00f3ximo s\u00e1bado 6 de octubre de 2018, nuestro Club Deportivo ADESA celebra 25 a\u00f1os de Deporte Educativo Salesiano y quiere compartirlo con todos.<\/b><\/em><\/p>\n<hr \/>\n<p>[\/et_pb_text][et_pb_text admin_label=\u00bbDesarrollo\u00bb text_orientation=\u00bbjustified\u00bb use_border_color=\u00bboff\u00bb border_color=\u00bb#ffffff\u00bb border_style=\u00bbsolid\u00bb _builder_version=\u00bb3.15&#8243;]<\/p>\n<blockquote>\n<p style=\"font-weight: 400;\">Estamos muy contentos de poder celebrar nuestros 25 a\u00f1os de deporte educativo salesiano y queremos compartirlo contigo. \u00danete a nuestra alegr\u00eda el pr\u00f3ximo <strong>s\u00e1bado 6 de Octubre<\/strong>.<\/p>\n<\/blockquote>\n<p>La celebraci\u00f3n tendr\u00e1 lugar en el Colegio Salesiano San Bartolom\u00e9 a partir de las <strong>17:30h<\/strong>.<\/p>\n<p><strong>ADESA<\/strong> se define como una asociaci\u00f3n deportiva con 25 a\u00f1os de experiencia en el mundo del baloncesto, donde el <strong>Deporte Educativo Salesiano<\/strong> se hace patente en todos sus ambientes.<\/p>\n<p>Nuestra asociaci\u00f3n deportiva se consolida como un grupo fuerte y un club competitivo a nivel provincial y nacional. M\u00e1s de 40 entrenadores, totalmente voluntarios, trabajan y acompa\u00f1an, desde una clave totalmente salesiana, a unos 300 chicos de entre 3 y 22 a\u00f1os.<\/p>\n<p>Una familia y una realidad preciosa de la que pocos clubes pueden presumir.<\/p>\n<p>La finalidad de ADESA es educar a trav\u00e9s del deporte, una experiencia salesiana, donde el patio y el baloncesto, son los mejores aliados para educar en el tiempo libre a j\u00f3venes y no tan j\u00f3venes de nuestra provincia.<\/p>\n<p>[\/et_pb_text][et_pb_image _builder_version=\u00bb3.15&#8243; src=\u00bbhttps:\/\/malaga.salesianos.edu\/wp-content\/uploads\/2018\/09\/25_aniversario.jpg\u00bb show_in_lightbox=\u00bbon\u00bb animation_style=\u00bbzoom\u00bb \/][\/et_pb_column][\/et_pb_row][\/et_pb_section]<\/p>\n","protected":false},"excerpt":{"rendered":"<p>El pr\u00f3ximo s\u00e1bado 6 de octubre de 2018, nuestro Club celebra 25 a\u00f1os de Deporte Educativo Salesiano y quiere compartirlo con todos.<\/p>\n","protected":false},"author":2,"featured_media":7929,"comment_status":"open","ping_status":"open","sticky":false,"template":"","format":"standard","meta":{"_et_pb_use_builder":"on","_et_pb_old_content":"","_et_gb_content_width":"","footnotes":""},"categories":[111,112,122],"tags":[],"class_list":["post-7928","post","type-post","status-publish","format-standard","has-post-thumbnail","hentry","category-asoc-deportiva-salesianos","category-deporte","category-destacado-deporte"],"yoast_head":"<!-- This site is optimized with the Yoast SEO plugin v28.3 - https:\/\/yoast.com\/product\/yoast-seo-wordpress\/ -->\n<title>Nuestro Club Deportivo ADESA celebra su 25 aniversario - Deporte Educativo | Salesianos M\u00e1laga<\/title>\n<meta name=\"robots\" content=\"index, follow, max-snippet:-1, max-image-preview:large, max-video-preview:-1\" \/>\n<link rel=\"canonical\" href=\"https:\/\/malaga.salesianos.edu\/deporte\/blog\/nuestro-club-deportivo-adesa-celebra-el-25-aniversario\/\" \/>\n<meta property=\"og:locale\" content=\"es_ES\" \/>\n<meta property=\"og:type\" content=\"article\" \/>\n<meta property=\"og:title\" content=\"Nuestro Club Deportivo ADESA celebra su 25 aniversario - Deporte Educativo | Salesianos M\u00e1laga\" \/>\n<meta property=\"og:description\" content=\"El pr\u00f3ximo s\u00e1bado 6 de octubre de 2018, nuestro Club celebra 25 a\u00f1os de Deporte Educativo Salesiano y quiere compartirlo con todos.\" \/>\n<meta property=\"og:url\" content=\"https:\/\/malaga.salesianos.edu\/deporte\/blog\/nuestro-club-deportivo-adesa-celebra-el-25-aniversario\/\" \/>\n<meta property=\"og:site_name\" content=\"Deporte Educativo | Salesianos M\u00e1laga\" \/>\n<meta property=\"article:published_time\" content=\"2018-09-20T19:49:56+00:00\" \/>\n<meta property=\"article:modified_time\" content=\"2018-09-28T11:44:15+00:00\" \/>\n<meta property=\"og:image\" content=\"https:\/\/malaga.salesianos.edu\/deporte\/wp-content\/uploads\/sites\/9\/2018\/09\/Adesa_25aniversario_trofeos.jpg\" \/>\n\t<meta property=\"og:image:width\" content=\"1200\" \/>\n\t<meta property=\"og:image:height\" content=\"900\" \/>\n\t<meta property=\"og:image:type\" content=\"image\/jpeg\" \/>\n<meta name=\"author\" content=\"Comunicaci\u00f3n MLG\" \/>\n<meta name=\"twitter:card\" content=\"summary_large_image\" \/>\n<meta name=\"twitter:label1\" content=\"Escrito por\" \/>\n\t<meta name=\"twitter:data1\" content=\"Comunicaci\u00f3n MLG\" \/>\n\t<meta name=\"twitter:label2\" content=\"Tiempo de lectura\" \/>\n\t<meta name=\"twitter:data2\" content=\"2 minutos\" \/>\n<script type=\"application\/ld+json\" class=\"yoast-schema-graph\">{\"@context\":\"https:\\\/\\\/schema.org\",\"@graph\":[{\"@type\":\"Article\",\"@id\":\"https:\\\/\\\/malaga.salesianos.edu\\\/deporte\\\/blog\\\/nuestro-club-deportivo-adesa-celebra-el-25-aniversario\\\/#article\",\"isPartOf\":{\"@id\":\"https:\\\/\\\/malaga.salesianos.edu\\\/deporte\\\/blog\\\/nuestro-club-deportivo-adesa-celebra-el-25-aniversario\\\/\"},\"author\":{\"name\":\"Comunicaci\u00f3n MLG\",\"@id\":\"https:\\\/\\\/malaga.salesianos.edu\\\/deporte\\\/#\\\/schema\\\/person\\\/fd7e7b338b40e1c817a659fe5fce718b\"},\"headline\":\"Nuestro Club Deportivo ADESA celebra su 25 aniversario\",\"datePublished\":\"2018-09-20T19:49:56+00:00\",\"dateModified\":\"2018-09-28T11:44:15+00:00\",\"mainEntityOfPage\":{\"@id\":\"https:\\\/\\\/malaga.salesianos.edu\\\/deporte\\\/blog\\\/nuestro-club-deportivo-adesa-celebra-el-25-aniversario\\\/\"},\"wordCount\":317,\"commentCount\":0,\"image\":{\"@id\":\"https:\\\/\\\/malaga.salesianos.edu\\\/deporte\\\/blog\\\/nuestro-club-deportivo-adesa-celebra-el-25-aniversario\\\/#primaryimage\"},\"thumbnailUrl\":\"https:\\\/\\\/malaga.salesianos.edu\\\/deporte\\\/wp-content\\\/uploads\\\/sites\\\/9\\\/2018\\\/09\\\/Adesa_25aniversario_trofeos.jpg\",\"articleSection\":[\"ADESA\",\"Deporte\",\"Destacado Deporte\"],\"inLanguage\":\"es\",\"potentialAction\":[{\"@type\":\"CommentAction\",\"name\":\"Comment\",\"target\":[\"https:\\\/\\\/malaga.salesianos.edu\\\/deporte\\\/blog\\\/nuestro-club-deportivo-adesa-celebra-el-25-aniversario\\\/#respond\"]}]},{\"@type\":\"WebPage\",\"@id\":\"https:\\\/\\\/malaga.salesianos.edu\\\/deporte\\\/blog\\\/nuestro-club-deportivo-adesa-celebra-el-25-aniversario\\\/\",\"url\":\"https:\\\/\\\/malaga.salesianos.edu\\\/deporte\\\/blog\\\/nuestro-club-deportivo-adesa-celebra-el-25-aniversario\\\/\",\"name\":\"Nuestro Club Deportivo ADESA celebra su 25 aniversario - Deporte Educativo | Salesianos M\u00e1laga\",\"isPartOf\":{\"@id\":\"https:\\\/\\\/malaga.salesianos.edu\\\/deporte\\\/#website\"},\"primaryImageOfPage\":{\"@id\":\"https:\\\/\\\/malaga.salesianos.edu\\\/deporte\\\/blog\\\/nuestro-club-deportivo-adesa-celebra-el-25-aniversario\\\/#primaryimage\"},\"image\":{\"@id\":\"https:\\\/\\\/malaga.salesianos.edu\\\/deporte\\\/blog\\\/nuestro-club-deportivo-adesa-celebra-el-25-aniversario\\\/#primaryimage\"},\"thumbnailUrl\":\"https:\\\/\\\/malaga.salesianos.edu\\\/deporte\\\/wp-content\\\/uploads\\\/sites\\\/9\\\/2018\\\/09\\\/Adesa_25aniversario_trofeos.jpg\",\"datePublished\":\"2018-09-20T19:49:56+00:00\",\"dateModified\":\"2018-09-28T11:44:15+00:00\",\"author\":{\"@id\":\"https:\\\/\\\/malaga.salesianos.edu\\\/deporte\\\/#\\\/schema\\\/person\\\/fd7e7b338b40e1c817a659fe5fce718b\"},\"breadcrumb\":{\"@id\":\"https:\\\/\\\/malaga.salesianos.edu\\\/deporte\\\/blog\\\/nuestro-club-deportivo-adesa-celebra-el-25-aniversario\\\/#breadcrumb\"},\"inLanguage\":\"es\",\"potentialAction\":[{\"@type\":\"ReadAction\",\"target\":[\"https:\\\/\\\/malaga.salesianos.edu\\\/deporte\\\/blog\\\/nuestro-club-deportivo-adesa-celebra-el-25-aniversario\\\/\"]}]},{\"@type\":\"ImageObject\",\"inLanguage\":\"es\",\"@id\":\"https:\\\/\\\/malaga.salesianos.edu\\\/deporte\\\/blog\\\/nuestro-club-deportivo-adesa-celebra-el-25-aniversario\\\/#primaryimage\",\"url\":\"https:\\\/\\\/malaga.salesianos.edu\\\/deporte\\\/wp-content\\\/uploads\\\/sites\\\/9\\\/2018\\\/09\\\/Adesa_25aniversario_trofeos.jpg\",\"contentUrl\":\"https:\\\/\\\/malaga.salesianos.edu\\\/deporte\\\/wp-content\\\/uploads\\\/sites\\\/9\\\/2018\\\/09\\\/Adesa_25aniversario_trofeos.jpg\",\"width\":1200,\"height\":900},{\"@type\":\"BreadcrumbList\",\"@id\":\"https:\\\/\\\/malaga.salesianos.edu\\\/deporte\\\/blog\\\/nuestro-club-deportivo-adesa-celebra-el-25-aniversario\\\/#breadcrumb\",\"itemListElement\":[{\"@type\":\"ListItem\",\"position\":1,\"name\":\"Portada\",\"item\":\"https:\\\/\\\/malaga.salesianos.edu\\\/deporte\\\/\"},{\"@type\":\"ListItem\",\"position\":2,\"name\":\"Nuestro Club Deportivo ADESA celebra su 25 aniversario\"}]},{\"@type\":\"WebSite\",\"@id\":\"https:\\\/\\\/malaga.salesianos.edu\\\/deporte\\\/#website\",\"url\":\"https:\\\/\\\/malaga.salesianos.edu\\\/deporte\\\/\",\"name\":\"Deporte Educativo | Salesianos M\u00e1laga\",\"description\":\"Deporte Educativo | Salesianos M\u00e1laga, ADESA\",\"potentialAction\":[{\"@type\":\"SearchAction\",\"target\":{\"@type\":\"EntryPoint\",\"urlTemplate\":\"https:\\\/\\\/malaga.salesianos.edu\\\/deporte\\\/?s={search_term_string}\"},\"query-input\":{\"@type\":\"PropertyValueSpecification\",\"valueRequired\":true,\"valueName\":\"search_term_string\"}}],\"inLanguage\":\"es\"},{\"@type\":\"Person\",\"@id\":\"https:\\\/\\\/malaga.salesianos.edu\\\/deporte\\\/#\\\/schema\\\/person\\\/fd7e7b338b40e1c817a659fe5fce718b\",\"name\":\"Comunicaci\u00f3n MLG\",\"image\":{\"@type\":\"ImageObject\",\"inLanguage\":\"es\",\"@id\":\"https:\\\/\\\/secure.gravatar.com\\\/avatar\\\/2ce5c66be6c7ab6b098b2ac29099a68d1cdb824afbb8aadf744614ce719778ff?s=96&d=mm&r=g\",\"url\":\"https:\\\/\\\/secure.gravatar.com\\\/avatar\\\/2ce5c66be6c7ab6b098b2ac29099a68d1cdb824afbb8aadf744614ce719778ff?s=96&d=mm&r=g\",\"contentUrl\":\"https:\\\/\\\/secure.gravatar.com\\\/avatar\\\/2ce5c66be6c7ab6b098b2ac29099a68d1cdb824afbb8aadf744614ce719778ff?s=96&d=mm&r=g\",\"caption\":\"Comunicaci\u00f3n MLG\"}}]}<\/script>\n<!-- \/ Yoast SEO plugin. -->","yoast_head_json":{"title":"Nuestro Club Deportivo ADESA celebra su 25 aniversario - Deporte Educativo | Salesianos M\u00e1laga","robots":{"index":"index","follow":"follow","max-snippet":"max-snippet:-1","max-image-preview":"max-image-preview:large","max-video-preview":"max-video-preview:-1"},"canonical":"https:\/\/malaga.salesianos.edu\/deporte\/blog\/nuestro-club-deportivo-adesa-celebra-el-25-aniversario\/","og_locale":"es_ES","og_type":"article","og_title":"Nuestro Club Deportivo ADESA celebra su 25 aniversario - Deporte Educativo | Salesianos M\u00e1laga","og_description":"El pr\u00f3ximo s\u00e1bado 6 de octubre de 2018, nuestro Club celebra 25 a\u00f1os de Deporte Educativo Salesiano y quiere compartirlo con todos.","og_url":"https:\/\/malaga.salesianos.edu\/deporte\/blog\/nuestro-club-deportivo-adesa-celebra-el-25-aniversario\/","og_site_name":"Deporte Educativo | Salesianos M\u00e1laga","article_published_time":"2018-09-20T19:49:56+00:00","article_modified_time":"2018-09-28T11:44:15+00:00","og_image":[{"width":1200,"height":900,"url":"https:\/\/malaga.salesianos.edu\/deporte\/wp-content\/uploads\/sites\/9\/2018\/09\/Adesa_25aniversario_trofeos.jpg","type":"image\/jpeg"}],"author":"Comunicaci\u00f3n MLG","twitter_card":"summary_large_image","twitter_misc":{"Escrito por":"Comunicaci\u00f3n MLG","Tiempo de lectura":"2 minutos"},"schema":{"@context":"https:\/\/schema.org","@graph":[{"@type":"Article","@id":"https:\/\/malaga.salesianos.edu\/deporte\/blog\/nuestro-club-deportivo-adesa-celebra-el-25-aniversario\/#article","isPartOf":{"@id":"https:\/\/malaga.salesianos.edu\/deporte\/blog\/nuestro-club-deportivo-adesa-celebra-el-25-aniversario\/"},"author":{"name":"Comunicaci\u00f3n MLG","@id":"https:\/\/malaga.salesianos.edu\/deporte\/#\/schema\/person\/fd7e7b338b40e1c817a659fe5fce718b"},"headline":"Nuestro Club Deportivo ADESA celebra su 25 aniversario","datePublished":"2018-09-20T19:49:56+00:00","dateModified":"2018-09-28T11:44:15+00:00","mainEntityOfPage":{"@id":"https:\/\/malaga.salesianos.edu\/deporte\/blog\/nuestro-club-deportivo-adesa-celebra-el-25-aniversario\/"},"wordCount":317,"commentCount":0,"image":{"@id":"https:\/\/malaga.salesianos.edu\/deporte\/blog\/nuestro-club-deportivo-adesa-celebra-el-25-aniversario\/#primaryimage"},"thumbnailUrl":"https:\/\/malaga.salesianos.edu\/deporte\/wp-content\/uploads\/sites\/9\/2018\/09\/Adesa_25aniversario_trofeos.jpg","articleSection":["ADESA","Deporte","Destacado Deporte"],"inLanguage":"es","potentialAction":[{"@type":"CommentAction","name":"Comment","target":["https:\/\/malaga.salesianos.edu\/deporte\/blog\/nuestro-club-deportivo-adesa-celebra-el-25-aniversario\/#respond"]}]},{"@type":"WebPage","@id":"https:\/\/malaga.salesianos.edu\/deporte\/blog\/nuestro-club-deportivo-adesa-celebra-el-25-aniversario\/","url":"https:\/\/malaga.salesianos.edu\/deporte\/blog\/nuestro-club-deportivo-adesa-celebra-el-25-aniversario\/","name":"Nuestro Club Deportivo ADESA celebra su 25 aniversario - Deporte Educativo | Salesianos M\u00e1laga","isPartOf":{"@id":"https:\/\/malaga.salesianos.edu\/deporte\/#website"},"primaryImageOfPage":{"@id":"https:\/\/malaga.salesianos.edu\/deporte\/blog\/nuestro-club-deportivo-adesa-celebra-el-25-aniversario\/#primaryimage"},"image":{"@id":"https:\/\/malaga.salesianos.edu\/deporte\/blog\/nuestro-club-deportivo-adesa-celebra-el-25-aniversario\/#primaryimage"},"thumbnailUrl":"https:\/\/malaga.salesianos.edu\/deporte\/wp-content\/uploads\/sites\/9\/2018\/09\/Adesa_25aniversario_trofeos.jpg","datePublished":"2018-09-20T19:49:56+00:00","dateModified":"2018-09-28T11:44:15+00:00","author":{"@id":"https:\/\/malaga.salesianos.edu\/deporte\/#\/schema\/person\/fd7e7b338b40e1c817a659fe5fce718b"},"breadcrumb":{"@id":"https:\/\/malaga.salesianos.edu\/deporte\/blog\/nuestro-club-deportivo-adesa-celebra-el-25-aniversario\/#breadcrumb"},"inLanguage":"es","potentialAction":[{"@type":"ReadAction","target":["https:\/\/malaga.salesianos.edu\/deporte\/blog\/nuestro-club-deportivo-adesa-celebra-el-25-aniversario\/"]}]},{"@type":"ImageObject","inLanguage":"es","@id":"https:\/\/malaga.salesianos.edu\/deporte\/blog\/nuestro-club-deportivo-adesa-celebra-el-25-aniversario\/#primaryimage","url":"https:\/\/malaga.salesianos.edu\/deporte\/wp-content\/uploads\/sites\/9\/2018\/09\/Adesa_25aniversario_trofeos.jpg","contentUrl":"https:\/\/malaga.salesianos.edu\/deporte\/wp-content\/uploads\/sites\/9\/2018\/09\/Adesa_25aniversario_trofeos.jpg","width":1200,"height":900},{"@type":"BreadcrumbList","@id":"https:\/\/malaga.salesianos.edu\/deporte\/blog\/nuestro-club-deportivo-adesa-celebra-el-25-aniversario\/#breadcrumb","itemListElement":[{"@type":"ListItem","position":1,"name":"Portada","item":"https:\/\/malaga.salesianos.edu\/deporte\/"},{"@type":"ListItem","position":2,"name":"Nuestro Club Deportivo ADESA celebra su 25 aniversario"}]},{"@type":"WebSite","@id":"https:\/\/malaga.salesianos.edu\/deporte\/#website","url":"https:\/\/malaga.salesianos.edu\/deporte\/","name":"Deporte Educativo | Salesianos M\u00e1laga","description":"Deporte Educativo | Salesianos M\u00e1laga, ADESA","potentialAction":[{"@type":"SearchAction","target":{"@type":"EntryPoint","urlTemplate":"https:\/\/malaga.salesianos.edu\/deporte\/?s={search_term_string}"},"query-input":{"@type":"PropertyValueSpecification","valueRequired":true,"valueName":"search_term_string"}}],"inLanguage":"es"},{"@type":"Person","@id":"https:\/\/malaga.salesianos.edu\/deporte\/#\/schema\/person\/fd7e7b338b40e1c817a659fe5fce718b","name":"Comunicaci\u00f3n MLG","image":{"@type":"ImageObject","inLanguage":"es","@id":"https:\/\/secure.gravatar.com\/avatar\/2ce5c66be6c7ab6b098b2ac29099a68d1cdb824afbb8aadf744614ce719778ff?s=96&d=mm&r=g","url":"https:\/\/secure.gravatar.com\/avatar\/2ce5c66be6c7ab6b098b2ac29099a68d1cdb824afbb8aadf744614ce719778ff?s=96&d=mm&r=g","contentUrl":"https:\/\/secure.gravatar.com\/avatar\/2ce5c66be6c7ab6b098b2ac29099a68d1cdb824afbb8aadf744614ce719778ff?s=96&d=mm&r=g","caption":"Comunicaci\u00f3n MLG"}}]}},"_links":{"self":[{"href":"https:\/\/malaga.salesianos.edu\/deporte\/wp-json\/wp\/v2\/posts\/7928","targetHints":{"allow":["GET"]}}],"collection":[{"href":"https:\/\/malaga.salesianos.edu\/deporte\/wp-json\/wp\/v2\/posts"}],"about":[{"href":"https:\/\/malaga.salesianos.edu\/deporte\/wp-json\/wp\/v2\/types\/post"}],"author":[{"embeddable":true,"href":"https:\/\/malaga.salesianos.edu\/deporte\/wp-json\/wp\/v2\/users\/2"}],"replies":[{"embeddable":true,"href":"https:\/\/malaga.salesianos.edu\/deporte\/wp-json\/wp\/v2\/comments?post=7928"}],"version-history":[{"count":3,"href":"https:\/\/malaga.salesianos.edu\/deporte\/wp-json\/wp\/v2\/posts\/7928\/revisions"}],"predecessor-version":[{"id":7933,"href":"https:\/\/malaga.salesianos.edu\/deporte\/wp-json\/wp\/v2\/posts\/7928\/revisions\/7933"}],"wp:featuredmedia":[{"embeddable":true,"href":"https:\/\/malaga.salesianos.edu\/deporte\/wp-json\/wp\/v2\/media\/7929"}],"wp:attachment":[{"href":"https:\/\/malaga.salesianos.edu\/deporte\/wp-json\/wp\/v2\/media?parent=7928"}],"wp:term":[{"taxonomy":"category","embeddable":true,"href":"https:\/\/malaga.salesianos.edu\/deporte\/wp-json\/wp\/v2\/categories?post=7928"},{"taxonomy":"post_tag","embeddable":true,"href":"https:\/\/malaga.salesianos.edu\/deporte\/wp-json\/wp\/v2\/tags?post=7928"}],"curies":[{"name":"wp","href":"https:\/\/api.w.org\/{rel}","templated":true}]}}