{"id":5129,"date":"2017-11-04T14:46:58","date_gmt":"2017-11-04T13:46:58","guid":{"rendered":"https:\/\/malaga.salesianos.edu\/deporte\/?p=5129"},"modified":"2017-11-07T14:50:40","modified_gmt":"2017-11-07T13:50:40","slug":"doble-triunfo-en-el-torneo-de-feria-torrox-2017","status":"publish","type":"post","link":"https:\/\/malaga.salesianos.edu\/deporte\/blog\/doble-triunfo-en-el-torneo-de-feria-torrox-2017\/","title":{"rendered":"Doble triunfo en el Torneo de Feria Torrox 2017"},"content":{"rendered":"<p>[et_pb_section bb_built=\u00bb1&#8243; admin_label=\u00bbsection\u00bb custom_padding=\u00bb2px|0px|54px|0px\u00bb][et_pb_row admin_label=\u00bbrow\u00bb][et_pb_column type=\u00bb4_4&#8243;][et_pb_text admin_label=\u00bbAutor\u00bb background_layout=\u00bblight\u00bb _builder_version=\u00bb3.0.86&#8243;]<\/p>\n<p>Por ADESA<\/p>\n<p>[\/et_pb_text][et_pb_text admin_label=\u00bbEntradilla\u00bb text_font=\u00bb|on|||\u00bb background_layout=\u00bblight\u00bb text_orientation=\u00bbjustified\u00bb _builder_version=\u00bb3.0.86&#8243;]<\/p>\n<p><strong><em>Este S\u00e1bado 7 de Octubre se ha celebrado el Torneo de Feria Torrox 2017 en el que han sido invitados los equipos PreMini y Mini de nuestro club.<\/em><\/strong><\/p>\n<hr \/>\n<p>&nbsp;<\/p>\n<p>[\/et_pb_text][et_pb_text admin_label=\u00bbDesarrollo\u00bb background_layout=\u00bblight\u00bb text_orientation=\u00bbjustified\u00bb _builder_version=\u00bb3.0.86&#8243;]<\/p>\n<p>Gran torneo de Torrox disputados por la generaci\u00f3n nacida en 2008 donde han jugado dos partidos muy interesantes desde la visi\u00f3n t\u00e9cnica. Han demostrado que llevan un mes muy duro de entrenamiento pero los resultados se ven. Minutos de juegos donde la defensa intensa se ha impuesto. Con victorias en ambos partidos, el primero contra Torrox y el segundo contra Torrebasket, el PreMini ha conseguido el trofeo del torneo.<\/p>\n<p>Por su parte, el equipo MiniBasket se ha enfrentado a Torrox y Puerta Oscura y, llev\u00e1ndose tambi\u00e9n el torneo con sendas victorias, demostrando un gran trabajo en equipo y haciendo notar los frutos del trabajo de pretemporada.<\/p>\n<p>La semana que viene ya tendremos al equipo Junior debutando en la competici\u00f3n oficial y sabremos tambi\u00e9n cuando debutar\u00e1n los dos equipos que han disputado este Torneo de Feria Torrox 2017.<\/p>\n<p>FELICIDADES !!! #ForzaAdesa<\/p>\n<p>[\/et_pb_text][\/et_pb_column][\/et_pb_row][\/et_pb_section]<\/p>\n","protected":false},"excerpt":{"rendered":"<p>Este S\u00e1bado 7 de Octubre se ha celebrado el Torneo de Feria Torrox 2017.<\/p>\n","protected":false},"author":2,"featured_media":5130,"comment_status":"open","ping_status":"open","sticky":false,"template":"","format":"standard","meta":{"_et_pb_use_builder":"on","_et_pb_old_content":"","_et_gb_content_width":"","footnotes":""},"categories":[111],"tags":[],"class_list":["post-5129","post","type-post","status-publish","format-standard","has-post-thumbnail","hentry","category-asoc-deportiva-salesianos"],"yoast_head":"<!-- This site is optimized with the Yoast SEO plugin v28.3 - https:\/\/yoast.com\/product\/yoast-seo-wordpress\/ -->\n<title>Doble triunfo en el Torneo de Feria Torrox 2017 - Deporte Educativo | Salesianos M\u00e1laga<\/title>\n<meta name=\"robots\" content=\"index, follow, max-snippet:-1, max-image-preview:large, max-video-preview:-1\" \/>\n<link rel=\"canonical\" href=\"https:\/\/malaga.salesianos.edu\/deporte\/blog\/doble-triunfo-en-el-torneo-de-feria-torrox-2017\/\" \/>\n<meta property=\"og:locale\" content=\"es_ES\" \/>\n<meta property=\"og:type\" content=\"article\" \/>\n<meta property=\"og:title\" content=\"Doble triunfo en el Torneo de Feria Torrox 2017 - Deporte Educativo | Salesianos M\u00e1laga\" \/>\n<meta property=\"og:description\" content=\"Este S\u00e1bado 7 de Octubre se ha celebrado el Torneo de Feria Torrox 2017.\" \/>\n<meta property=\"og:url\" content=\"https:\/\/malaga.salesianos.edu\/deporte\/blog\/doble-triunfo-en-el-torneo-de-feria-torrox-2017\/\" \/>\n<meta property=\"og:site_name\" content=\"Deporte Educativo | Salesianos M\u00e1laga\" \/>\n<meta property=\"article:published_time\" content=\"2017-11-04T13:46:58+00:00\" \/>\n<meta property=\"article:modified_time\" content=\"2017-11-07T13:50:40+00:00\" \/>\n<meta property=\"og:image\" content=\"https:\/\/malaga.salesianos.edu\/deporte\/wp-content\/uploads\/sites\/9\/2017\/11\/22254881_1968616273381276_6822788301839700080_o-768x576.jpg\" \/>\n\t<meta property=\"og:image:width\" content=\"768\" \/>\n\t<meta property=\"og:image:height\" content=\"576\" \/>\n\t<meta property=\"og:image:type\" content=\"image\/jpeg\" \/>\n<meta name=\"author\" content=\"Comunicaci\u00f3n MLG\" \/>\n<meta name=\"twitter:card\" content=\"summary_large_image\" \/>\n<meta name=\"twitter:label1\" content=\"Escrito por\" \/>\n\t<meta name=\"twitter:data1\" content=\"Comunicaci\u00f3n MLG\" \/>\n\t<meta name=\"twitter:label2\" content=\"Tiempo de lectura\" \/>\n\t<meta name=\"twitter:data2\" content=\"1 minuto\" \/>\n<script type=\"application\/ld+json\" class=\"yoast-schema-graph\">{\"@context\":\"https:\\\/\\\/schema.org\",\"@graph\":[{\"@type\":\"Article\",\"@id\":\"https:\\\/\\\/malaga.salesianos.edu\\\/deporte\\\/blog\\\/doble-triunfo-en-el-torneo-de-feria-torrox-2017\\\/#article\",\"isPartOf\":{\"@id\":\"https:\\\/\\\/malaga.salesianos.edu\\\/deporte\\\/blog\\\/doble-triunfo-en-el-torneo-de-feria-torrox-2017\\\/\"},\"author\":{\"name\":\"Comunicaci\u00f3n MLG\",\"@id\":\"https:\\\/\\\/malaga.salesianos.edu\\\/deporte\\\/#\\\/schema\\\/person\\\/fd7e7b338b40e1c817a659fe5fce718b\"},\"headline\":\"Doble triunfo en el Torneo de Feria Torrox 2017\",\"datePublished\":\"2017-11-04T13:46:58+00:00\",\"dateModified\":\"2017-11-07T13:50:40+00:00\",\"mainEntityOfPage\":{\"@id\":\"https:\\\/\\\/malaga.salesianos.edu\\\/deporte\\\/blog\\\/doble-triunfo-en-el-torneo-de-feria-torrox-2017\\\/\"},\"wordCount\":267,\"commentCount\":0,\"image\":{\"@id\":\"https:\\\/\\\/malaga.salesianos.edu\\\/deporte\\\/blog\\\/doble-triunfo-en-el-torneo-de-feria-torrox-2017\\\/#primaryimage\"},\"thumbnailUrl\":\"https:\\\/\\\/malaga.salesianos.edu\\\/deporte\\\/wp-content\\\/uploads\\\/sites\\\/9\\\/2017\\\/11\\\/22254881_1968616273381276_6822788301839700080_o-768x576.jpg\",\"articleSection\":[\"ADESA\"],\"inLanguage\":\"es\",\"potentialAction\":[{\"@type\":\"CommentAction\",\"name\":\"Comment\",\"target\":[\"https:\\\/\\\/malaga.salesianos.edu\\\/deporte\\\/blog\\\/doble-triunfo-en-el-torneo-de-feria-torrox-2017\\\/#respond\"]}]},{\"@type\":\"WebPage\",\"@id\":\"https:\\\/\\\/malaga.salesianos.edu\\\/deporte\\\/blog\\\/doble-triunfo-en-el-torneo-de-feria-torrox-2017\\\/\",\"url\":\"https:\\\/\\\/malaga.salesianos.edu\\\/deporte\\\/blog\\\/doble-triunfo-en-el-torneo-de-feria-torrox-2017\\\/\",\"name\":\"Doble triunfo en el Torneo de Feria Torrox 2017 - Deporte Educativo | Salesianos M\u00e1laga\",\"isPartOf\":{\"@id\":\"https:\\\/\\\/malaga.salesianos.edu\\\/deporte\\\/#website\"},\"primaryImageOfPage\":{\"@id\":\"https:\\\/\\\/malaga.salesianos.edu\\\/deporte\\\/blog\\\/doble-triunfo-en-el-torneo-de-feria-torrox-2017\\\/#primaryimage\"},\"image\":{\"@id\":\"https:\\\/\\\/malaga.salesianos.edu\\\/deporte\\\/blog\\\/doble-triunfo-en-el-torneo-de-feria-torrox-2017\\\/#primaryimage\"},\"thumbnailUrl\":\"https:\\\/\\\/malaga.salesianos.edu\\\/deporte\\\/wp-content\\\/uploads\\\/sites\\\/9\\\/2017\\\/11\\\/22254881_1968616273381276_6822788301839700080_o-768x576.jpg\",\"datePublished\":\"2017-11-04T13:46:58+00:00\",\"dateModified\":\"2017-11-07T13:50:40+00:00\",\"author\":{\"@id\":\"https:\\\/\\\/malaga.salesianos.edu\\\/deporte\\\/#\\\/schema\\\/person\\\/fd7e7b338b40e1c817a659fe5fce718b\"},\"breadcrumb\":{\"@id\":\"https:\\\/\\\/malaga.salesianos.edu\\\/deporte\\\/blog\\\/doble-triunfo-en-el-torneo-de-feria-torrox-2017\\\/#breadcrumb\"},\"inLanguage\":\"es\",\"potentialAction\":[{\"@type\":\"ReadAction\",\"target\":[\"https:\\\/\\\/malaga.salesianos.edu\\\/deporte\\\/blog\\\/doble-triunfo-en-el-torneo-de-feria-torrox-2017\\\/\"]}]},{\"@type\":\"ImageObject\",\"inLanguage\":\"es\",\"@id\":\"https:\\\/\\\/malaga.salesianos.edu\\\/deporte\\\/blog\\\/doble-triunfo-en-el-torneo-de-feria-torrox-2017\\\/#primaryimage\",\"url\":\"https:\\\/\\\/malaga.salesianos.edu\\\/deporte\\\/wp-content\\\/uploads\\\/sites\\\/9\\\/2017\\\/11\\\/22254881_1968616273381276_6822788301839700080_o-768x576.jpg\",\"contentUrl\":\"https:\\\/\\\/malaga.salesianos.edu\\\/deporte\\\/wp-content\\\/uploads\\\/sites\\\/9\\\/2017\\\/11\\\/22254881_1968616273381276_6822788301839700080_o-768x576.jpg\",\"width\":768,\"height\":576},{\"@type\":\"BreadcrumbList\",\"@id\":\"https:\\\/\\\/malaga.salesianos.edu\\\/deporte\\\/blog\\\/doble-triunfo-en-el-torneo-de-feria-torrox-2017\\\/#breadcrumb\",\"itemListElement\":[{\"@type\":\"ListItem\",\"position\":1,\"name\":\"Portada\",\"item\":\"https:\\\/\\\/malaga.salesianos.edu\\\/deporte\\\/\"},{\"@type\":\"ListItem\",\"position\":2,\"name\":\"Doble triunfo en el Torneo de Feria Torrox 2017\"}]},{\"@type\":\"WebSite\",\"@id\":\"https:\\\/\\\/malaga.salesianos.edu\\\/deporte\\\/#website\",\"url\":\"https:\\\/\\\/malaga.salesianos.edu\\\/deporte\\\/\",\"name\":\"Deporte Educativo | Salesianos M\u00e1laga\",\"description\":\"Deporte Educativo | Salesianos M\u00e1laga, ADESA\",\"potentialAction\":[{\"@type\":\"SearchAction\",\"target\":{\"@type\":\"EntryPoint\",\"urlTemplate\":\"https:\\\/\\\/malaga.salesianos.edu\\\/deporte\\\/?s={search_term_string}\"},\"query-input\":{\"@type\":\"PropertyValueSpecification\",\"valueRequired\":true,\"valueName\":\"search_term_string\"}}],\"inLanguage\":\"es\"},{\"@type\":\"Person\",\"@id\":\"https:\\\/\\\/malaga.salesianos.edu\\\/deporte\\\/#\\\/schema\\\/person\\\/fd7e7b338b40e1c817a659fe5fce718b\",\"name\":\"Comunicaci\u00f3n MLG\",\"image\":{\"@type\":\"ImageObject\",\"inLanguage\":\"es\",\"@id\":\"https:\\\/\\\/secure.gravatar.com\\\/avatar\\\/2ce5c66be6c7ab6b098b2ac29099a68d1cdb824afbb8aadf744614ce719778ff?s=96&d=mm&r=g\",\"url\":\"https:\\\/\\\/secure.gravatar.com\\\/avatar\\\/2ce5c66be6c7ab6b098b2ac29099a68d1cdb824afbb8aadf744614ce719778ff?s=96&d=mm&r=g\",\"contentUrl\":\"https:\\\/\\\/secure.gravatar.com\\\/avatar\\\/2ce5c66be6c7ab6b098b2ac29099a68d1cdb824afbb8aadf744614ce719778ff?s=96&d=mm&r=g\",\"caption\":\"Comunicaci\u00f3n MLG\"}}]}<\/script>\n<!-- \/ Yoast SEO plugin. -->","yoast_head_json":{"title":"Doble triunfo en el Torneo de Feria Torrox 2017 - Deporte Educativo | Salesianos M\u00e1laga","robots":{"index":"index","follow":"follow","max-snippet":"max-snippet:-1","max-image-preview":"max-image-preview:large","max-video-preview":"max-video-preview:-1"},"canonical":"https:\/\/malaga.salesianos.edu\/deporte\/blog\/doble-triunfo-en-el-torneo-de-feria-torrox-2017\/","og_locale":"es_ES","og_type":"article","og_title":"Doble triunfo en el Torneo de Feria Torrox 2017 - Deporte Educativo | Salesianos M\u00e1laga","og_description":"Este S\u00e1bado 7 de Octubre se ha celebrado el Torneo de Feria Torrox 2017.","og_url":"https:\/\/malaga.salesianos.edu\/deporte\/blog\/doble-triunfo-en-el-torneo-de-feria-torrox-2017\/","og_site_name":"Deporte Educativo | Salesianos M\u00e1laga","article_published_time":"2017-11-04T13:46:58+00:00","article_modified_time":"2017-11-07T13:50:40+00:00","og_image":[{"width":768,"height":576,"url":"https:\/\/malaga.salesianos.edu\/deporte\/wp-content\/uploads\/sites\/9\/2017\/11\/22254881_1968616273381276_6822788301839700080_o-768x576.jpg","type":"image\/jpeg"}],"author":"Comunicaci\u00f3n MLG","twitter_card":"summary_large_image","twitter_misc":{"Escrito por":"Comunicaci\u00f3n MLG","Tiempo de lectura":"1 minuto"},"schema":{"@context":"https:\/\/schema.org","@graph":[{"@type":"Article","@id":"https:\/\/malaga.salesianos.edu\/deporte\/blog\/doble-triunfo-en-el-torneo-de-feria-torrox-2017\/#article","isPartOf":{"@id":"https:\/\/malaga.salesianos.edu\/deporte\/blog\/doble-triunfo-en-el-torneo-de-feria-torrox-2017\/"},"author":{"name":"Comunicaci\u00f3n MLG","@id":"https:\/\/malaga.salesianos.edu\/deporte\/#\/schema\/person\/fd7e7b338b40e1c817a659fe5fce718b"},"headline":"Doble triunfo en el Torneo de Feria Torrox 2017","datePublished":"2017-11-04T13:46:58+00:00","dateModified":"2017-11-07T13:50:40+00:00","mainEntityOfPage":{"@id":"https:\/\/malaga.salesianos.edu\/deporte\/blog\/doble-triunfo-en-el-torneo-de-feria-torrox-2017\/"},"wordCount":267,"commentCount":0,"image":{"@id":"https:\/\/malaga.salesianos.edu\/deporte\/blog\/doble-triunfo-en-el-torneo-de-feria-torrox-2017\/#primaryimage"},"thumbnailUrl":"https:\/\/malaga.salesianos.edu\/deporte\/wp-content\/uploads\/sites\/9\/2017\/11\/22254881_1968616273381276_6822788301839700080_o-768x576.jpg","articleSection":["ADESA"],"inLanguage":"es","potentialAction":[{"@type":"CommentAction","name":"Comment","target":["https:\/\/malaga.salesianos.edu\/deporte\/blog\/doble-triunfo-en-el-torneo-de-feria-torrox-2017\/#respond"]}]},{"@type":"WebPage","@id":"https:\/\/malaga.salesianos.edu\/deporte\/blog\/doble-triunfo-en-el-torneo-de-feria-torrox-2017\/","url":"https:\/\/malaga.salesianos.edu\/deporte\/blog\/doble-triunfo-en-el-torneo-de-feria-torrox-2017\/","name":"Doble triunfo en el Torneo de Feria Torrox 2017 - Deporte Educativo | Salesianos M\u00e1laga","isPartOf":{"@id":"https:\/\/malaga.salesianos.edu\/deporte\/#website"},"primaryImageOfPage":{"@id":"https:\/\/malaga.salesianos.edu\/deporte\/blog\/doble-triunfo-en-el-torneo-de-feria-torrox-2017\/#primaryimage"},"image":{"@id":"https:\/\/malaga.salesianos.edu\/deporte\/blog\/doble-triunfo-en-el-torneo-de-feria-torrox-2017\/#primaryimage"},"thumbnailUrl":"https:\/\/malaga.salesianos.edu\/deporte\/wp-content\/uploads\/sites\/9\/2017\/11\/22254881_1968616273381276_6822788301839700080_o-768x576.jpg","datePublished":"2017-11-04T13:46:58+00:00","dateModified":"2017-11-07T13:50:40+00:00","author":{"@id":"https:\/\/malaga.salesianos.edu\/deporte\/#\/schema\/person\/fd7e7b338b40e1c817a659fe5fce718b"},"breadcrumb":{"@id":"https:\/\/malaga.salesianos.edu\/deporte\/blog\/doble-triunfo-en-el-torneo-de-feria-torrox-2017\/#breadcrumb"},"inLanguage":"es","potentialAction":[{"@type":"ReadAction","target":["https:\/\/malaga.salesianos.edu\/deporte\/blog\/doble-triunfo-en-el-torneo-de-feria-torrox-2017\/"]}]},{"@type":"ImageObject","inLanguage":"es","@id":"https:\/\/malaga.salesianos.edu\/deporte\/blog\/doble-triunfo-en-el-torneo-de-feria-torrox-2017\/#primaryimage","url":"https:\/\/malaga.salesianos.edu\/deporte\/wp-content\/uploads\/sites\/9\/2017\/11\/22254881_1968616273381276_6822788301839700080_o-768x576.jpg","contentUrl":"https:\/\/malaga.salesianos.edu\/deporte\/wp-content\/uploads\/sites\/9\/2017\/11\/22254881_1968616273381276_6822788301839700080_o-768x576.jpg","width":768,"height":576},{"@type":"BreadcrumbList","@id":"https:\/\/malaga.salesianos.edu\/deporte\/blog\/doble-triunfo-en-el-torneo-de-feria-torrox-2017\/#breadcrumb","itemListElement":[{"@type":"ListItem","position":1,"name":"Portada","item":"https:\/\/malaga.salesianos.edu\/deporte\/"},{"@type":"ListItem","position":2,"name":"Doble triunfo en el Torneo de Feria Torrox 2017"}]},{"@type":"WebSite","@id":"https:\/\/malaga.salesianos.edu\/deporte\/#website","url":"https:\/\/malaga.salesianos.edu\/deporte\/","name":"Deporte Educativo | Salesianos M\u00e1laga","description":"Deporte Educativo | Salesianos M\u00e1laga, ADESA","potentialAction":[{"@type":"SearchAction","target":{"@type":"EntryPoint","urlTemplate":"https:\/\/malaga.salesianos.edu\/deporte\/?s={search_term_string}"},"query-input":{"@type":"PropertyValueSpecification","valueRequired":true,"valueName":"search_term_string"}}],"inLanguage":"es"},{"@type":"Person","@id":"https:\/\/malaga.salesianos.edu\/deporte\/#\/schema\/person\/fd7e7b338b40e1c817a659fe5fce718b","name":"Comunicaci\u00f3n MLG","image":{"@type":"ImageObject","inLanguage":"es","@id":"https:\/\/secure.gravatar.com\/avatar\/2ce5c66be6c7ab6b098b2ac29099a68d1cdb824afbb8aadf744614ce719778ff?s=96&d=mm&r=g","url":"https:\/\/secure.gravatar.com\/avatar\/2ce5c66be6c7ab6b098b2ac29099a68d1cdb824afbb8aadf744614ce719778ff?s=96&d=mm&r=g","contentUrl":"https:\/\/secure.gravatar.com\/avatar\/2ce5c66be6c7ab6b098b2ac29099a68d1cdb824afbb8aadf744614ce719778ff?s=96&d=mm&r=g","caption":"Comunicaci\u00f3n MLG"}}]}},"_links":{"self":[{"href":"https:\/\/malaga.salesianos.edu\/deporte\/wp-json\/wp\/v2\/posts\/5129","targetHints":{"allow":["GET"]}}],"collection":[{"href":"https:\/\/malaga.salesianos.edu\/deporte\/wp-json\/wp\/v2\/posts"}],"about":[{"href":"https:\/\/malaga.salesianos.edu\/deporte\/wp-json\/wp\/v2\/types\/post"}],"author":[{"embeddable":true,"href":"https:\/\/malaga.salesianos.edu\/deporte\/wp-json\/wp\/v2\/users\/2"}],"replies":[{"embeddable":true,"href":"https:\/\/malaga.salesianos.edu\/deporte\/wp-json\/wp\/v2\/comments?post=5129"}],"version-history":[{"count":1,"href":"https:\/\/malaga.salesianos.edu\/deporte\/wp-json\/wp\/v2\/posts\/5129\/revisions"}],"predecessor-version":[{"id":5131,"href":"https:\/\/malaga.salesianos.edu\/deporte\/wp-json\/wp\/v2\/posts\/5129\/revisions\/5131"}],"wp:featuredmedia":[{"embeddable":true,"href":"https:\/\/malaga.salesianos.edu\/deporte\/wp-json\/wp\/v2\/media\/5130"}],"wp:attachment":[{"href":"https:\/\/malaga.salesianos.edu\/deporte\/wp-json\/wp\/v2\/media?parent=5129"}],"wp:term":[{"taxonomy":"category","embeddable":true,"href":"https:\/\/malaga.salesianos.edu\/deporte\/wp-json\/wp\/v2\/categories?post=5129"},{"taxonomy":"post_tag","embeddable":true,"href":"https:\/\/malaga.salesianos.edu\/deporte\/wp-json\/wp\/v2\/tags?post=5129"}],"curies":[{"name":"wp","href":"https:\/\/api.w.org\/{rel}","templated":true}]}}