{"id":11715,"date":"2022-06-10T22:21:08","date_gmt":"2022-06-10T20:21:08","guid":{"rendered":"https:\/\/malaga.salesianos.edu\/deporte\/?p=11715"},"modified":"2022-09-28T22:32:43","modified_gmt":"2022-09-28T20:32:43","slug":"el-equipo-infantil-08-09-se-proclama-campeon-de-la-liga-fere","status":"publish","type":"post","link":"https:\/\/malaga.salesianos.edu\/deporte\/blog\/el-equipo-infantil-08-09-se-proclama-campeon-de-la-liga-fere\/","title":{"rendered":"El equipo Infantil 08-09 se proclama campe\u00f3n de la liga FERE"},"content":{"rendered":"<p>Gran torneo el disputado por la generaci\u00f3n nacida en 2008 y 2009, en el que han jugado grandes partidos en la muy competida liga FERE. Han demostrado que entrenando duro se pueden conseguir grandes resultados. Hemos visto grandes minutos de juego, en los que la defensa la defensa intensa se ha impuesto.<\/p>\n<p>Con esta \u00faltima victoria se proclaman campeones. Felicitamos a los jugadores, entrenadores y padres. Enhorbuena.<\/p>\n<p>FELICIDADES !!! #ForzaAdesa<\/p>\n","protected":false},"excerpt":{"rendered":"<p>Gran torneo el disputado por la generaci\u00f3n nacida en 2008 y 2009, en el que han jugado grandes partidos en la muy competida liga FERE. Han demostrado que entrenando duro se pueden conseguir grandes resultados. Hemos visto grandes minutos de juego, en los que la defensa la defensa intensa se ha impuesto. Con esta \u00faltima [&hellip;]<\/p>\n","protected":false},"author":2,"featured_media":11716,"comment_status":"open","ping_status":"open","sticky":false,"template":"","format":"standard","meta":{"_et_pb_use_builder":"","_et_pb_old_content":"","_et_gb_content_width":"","footnotes":""},"categories":[111,112],"tags":[],"class_list":["post-11715","post","type-post","status-publish","format-standard","has-post-thumbnail","hentry","category-asoc-deportiva-salesianos","category-deporte"],"yoast_head":"<!-- This site is optimized with the Yoast SEO plugin v28.3 - https:\/\/yoast.com\/product\/yoast-seo-wordpress\/ -->\n<title>El equipo Infantil 08-09 se proclama campe\u00f3n de la liga FERE - Deporte Educativo | Salesianos M\u00e1laga<\/title>\n<meta name=\"robots\" content=\"index, follow, max-snippet:-1, max-image-preview:large, max-video-preview:-1\" \/>\n<link rel=\"canonical\" href=\"https:\/\/malaga.salesianos.edu\/deporte\/blog\/el-equipo-infantil-08-09-se-proclama-campeon-de-la-liga-fere\/\" \/>\n<meta property=\"og:locale\" content=\"es_ES\" \/>\n<meta property=\"og:type\" content=\"article\" \/>\n<meta property=\"og:title\" content=\"El equipo Infantil 08-09 se proclama campe\u00f3n de la liga FERE - Deporte Educativo | Salesianos M\u00e1laga\" \/>\n<meta property=\"og:description\" content=\"Gran torneo el disputado por la generaci\u00f3n nacida en 2008 y 2009, en el que han jugado grandes partidos en la muy competida liga FERE. Han demostrado que entrenando duro se pueden conseguir grandes resultados. Hemos visto grandes minutos de juego, en los que la defensa la defensa intensa se ha impuesto. Con esta \u00faltima [&hellip;]\" \/>\n<meta property=\"og:url\" content=\"https:\/\/malaga.salesianos.edu\/deporte\/blog\/el-equipo-infantil-08-09-se-proclama-campeon-de-la-liga-fere\/\" \/>\n<meta property=\"og:site_name\" content=\"Deporte Educativo | Salesianos M\u00e1laga\" \/>\n<meta property=\"article:published_time\" content=\"2022-06-10T20:21:08+00:00\" \/>\n<meta property=\"article:modified_time\" content=\"2022-09-28T20:32:43+00:00\" \/>\n<meta property=\"og:image\" content=\"https:\/\/malaga.salesianos.edu\/deporte\/wp-content\/uploads\/sites\/9\/2022\/09\/Infantil_adesa_08_08.jpg\" \/>\n\t<meta property=\"og:image:width\" content=\"960\" \/>\n\t<meta property=\"og:image:height\" content=\"730\" \/>\n\t<meta property=\"og:image:type\" content=\"image\/jpeg\" \/>\n<meta name=\"author\" content=\"Comunicaci\u00f3n MLG\" \/>\n<meta name=\"twitter:card\" content=\"summary_large_image\" \/>\n<meta name=\"twitter:label1\" content=\"Escrito por\" \/>\n\t<meta name=\"twitter:data1\" content=\"Comunicaci\u00f3n MLG\" \/>\n\t<meta name=\"twitter:label2\" content=\"Tiempo de lectura\" \/>\n\t<meta name=\"twitter:data2\" content=\"1 minuto\" \/>\n<script type=\"application\/ld+json\" class=\"yoast-schema-graph\">{\"@context\":\"https:\\\/\\\/schema.org\",\"@graph\":[{\"@type\":\"Article\",\"@id\":\"https:\\\/\\\/malaga.salesianos.edu\\\/deporte\\\/blog\\\/el-equipo-infantil-08-09-se-proclama-campeon-de-la-liga-fere\\\/#article\",\"isPartOf\":{\"@id\":\"https:\\\/\\\/malaga.salesianos.edu\\\/deporte\\\/blog\\\/el-equipo-infantil-08-09-se-proclama-campeon-de-la-liga-fere\\\/\"},\"author\":{\"name\":\"Comunicaci\u00f3n MLG\",\"@id\":\"https:\\\/\\\/malaga.salesianos.edu\\\/deporte\\\/#\\\/schema\\\/person\\\/fd7e7b338b40e1c817a659fe5fce718b\"},\"headline\":\"El equipo Infantil 08-09 se proclama campe\u00f3n de la liga FERE\",\"datePublished\":\"2022-06-10T20:21:08+00:00\",\"dateModified\":\"2022-09-28T20:32:43+00:00\",\"mainEntityOfPage\":{\"@id\":\"https:\\\/\\\/malaga.salesianos.edu\\\/deporte\\\/blog\\\/el-equipo-infantil-08-09-se-proclama-campeon-de-la-liga-fere\\\/\"},\"wordCount\":80,\"commentCount\":0,\"image\":{\"@id\":\"https:\\\/\\\/malaga.salesianos.edu\\\/deporte\\\/blog\\\/el-equipo-infantil-08-09-se-proclama-campeon-de-la-liga-fere\\\/#primaryimage\"},\"thumbnailUrl\":\"https:\\\/\\\/malaga.salesianos.edu\\\/deporte\\\/wp-content\\\/uploads\\\/sites\\\/9\\\/2022\\\/09\\\/Infantil_adesa_08_08.jpg\",\"articleSection\":[\"ADESA\",\"Deporte\"],\"inLanguage\":\"es\",\"potentialAction\":[{\"@type\":\"CommentAction\",\"name\":\"Comment\",\"target\":[\"https:\\\/\\\/malaga.salesianos.edu\\\/deporte\\\/blog\\\/el-equipo-infantil-08-09-se-proclama-campeon-de-la-liga-fere\\\/#respond\"]}]},{\"@type\":\"WebPage\",\"@id\":\"https:\\\/\\\/malaga.salesianos.edu\\\/deporte\\\/blog\\\/el-equipo-infantil-08-09-se-proclama-campeon-de-la-liga-fere\\\/\",\"url\":\"https:\\\/\\\/malaga.salesianos.edu\\\/deporte\\\/blog\\\/el-equipo-infantil-08-09-se-proclama-campeon-de-la-liga-fere\\\/\",\"name\":\"El equipo Infantil 08-09 se proclama campe\u00f3n de la liga FERE - Deporte Educativo | Salesianos M\u00e1laga\",\"isPartOf\":{\"@id\":\"https:\\\/\\\/malaga.salesianos.edu\\\/deporte\\\/#website\"},\"primaryImageOfPage\":{\"@id\":\"https:\\\/\\\/malaga.salesianos.edu\\\/deporte\\\/blog\\\/el-equipo-infantil-08-09-se-proclama-campeon-de-la-liga-fere\\\/#primaryimage\"},\"image\":{\"@id\":\"https:\\\/\\\/malaga.salesianos.edu\\\/deporte\\\/blog\\\/el-equipo-infantil-08-09-se-proclama-campeon-de-la-liga-fere\\\/#primaryimage\"},\"thumbnailUrl\":\"https:\\\/\\\/malaga.salesianos.edu\\\/deporte\\\/wp-content\\\/uploads\\\/sites\\\/9\\\/2022\\\/09\\\/Infantil_adesa_08_08.jpg\",\"datePublished\":\"2022-06-10T20:21:08+00:00\",\"dateModified\":\"2022-09-28T20:32:43+00:00\",\"author\":{\"@id\":\"https:\\\/\\\/malaga.salesianos.edu\\\/deporte\\\/#\\\/schema\\\/person\\\/fd7e7b338b40e1c817a659fe5fce718b\"},\"breadcrumb\":{\"@id\":\"https:\\\/\\\/malaga.salesianos.edu\\\/deporte\\\/blog\\\/el-equipo-infantil-08-09-se-proclama-campeon-de-la-liga-fere\\\/#breadcrumb\"},\"inLanguage\":\"es\",\"potentialAction\":[{\"@type\":\"ReadAction\",\"target\":[\"https:\\\/\\\/malaga.salesianos.edu\\\/deporte\\\/blog\\\/el-equipo-infantil-08-09-se-proclama-campeon-de-la-liga-fere\\\/\"]}]},{\"@type\":\"ImageObject\",\"inLanguage\":\"es\",\"@id\":\"https:\\\/\\\/malaga.salesianos.edu\\\/deporte\\\/blog\\\/el-equipo-infantil-08-09-se-proclama-campeon-de-la-liga-fere\\\/#primaryimage\",\"url\":\"https:\\\/\\\/malaga.salesianos.edu\\\/deporte\\\/wp-content\\\/uploads\\\/sites\\\/9\\\/2022\\\/09\\\/Infantil_adesa_08_08.jpg\",\"contentUrl\":\"https:\\\/\\\/malaga.salesianos.edu\\\/deporte\\\/wp-content\\\/uploads\\\/sites\\\/9\\\/2022\\\/09\\\/Infantil_adesa_08_08.jpg\",\"width\":960,\"height\":730},{\"@type\":\"BreadcrumbList\",\"@id\":\"https:\\\/\\\/malaga.salesianos.edu\\\/deporte\\\/blog\\\/el-equipo-infantil-08-09-se-proclama-campeon-de-la-liga-fere\\\/#breadcrumb\",\"itemListElement\":[{\"@type\":\"ListItem\",\"position\":1,\"name\":\"Portada\",\"item\":\"https:\\\/\\\/malaga.salesianos.edu\\\/deporte\\\/\"},{\"@type\":\"ListItem\",\"position\":2,\"name\":\"El equipo Infantil 08-09 se proclama campe\u00f3n de la liga FERE\"}]},{\"@type\":\"WebSite\",\"@id\":\"https:\\\/\\\/malaga.salesianos.edu\\\/deporte\\\/#website\",\"url\":\"https:\\\/\\\/malaga.salesianos.edu\\\/deporte\\\/\",\"name\":\"Deporte Educativo | Salesianos M\u00e1laga\",\"description\":\"Deporte Educativo | Salesianos M\u00e1laga, ADESA\",\"potentialAction\":[{\"@type\":\"SearchAction\",\"target\":{\"@type\":\"EntryPoint\",\"urlTemplate\":\"https:\\\/\\\/malaga.salesianos.edu\\\/deporte\\\/?s={search_term_string}\"},\"query-input\":{\"@type\":\"PropertyValueSpecification\",\"valueRequired\":true,\"valueName\":\"search_term_string\"}}],\"inLanguage\":\"es\"},{\"@type\":\"Person\",\"@id\":\"https:\\\/\\\/malaga.salesianos.edu\\\/deporte\\\/#\\\/schema\\\/person\\\/fd7e7b338b40e1c817a659fe5fce718b\",\"name\":\"Comunicaci\u00f3n MLG\",\"image\":{\"@type\":\"ImageObject\",\"inLanguage\":\"es\",\"@id\":\"https:\\\/\\\/secure.gravatar.com\\\/avatar\\\/2ce5c66be6c7ab6b098b2ac29099a68d1cdb824afbb8aadf744614ce719778ff?s=96&d=mm&r=g\",\"url\":\"https:\\\/\\\/secure.gravatar.com\\\/avatar\\\/2ce5c66be6c7ab6b098b2ac29099a68d1cdb824afbb8aadf744614ce719778ff?s=96&d=mm&r=g\",\"contentUrl\":\"https:\\\/\\\/secure.gravatar.com\\\/avatar\\\/2ce5c66be6c7ab6b098b2ac29099a68d1cdb824afbb8aadf744614ce719778ff?s=96&d=mm&r=g\",\"caption\":\"Comunicaci\u00f3n MLG\"}}]}<\/script>\n<!-- \/ Yoast SEO plugin. -->","yoast_head_json":{"title":"El equipo Infantil 08-09 se proclama campe\u00f3n de la liga FERE - Deporte Educativo | Salesianos M\u00e1laga","robots":{"index":"index","follow":"follow","max-snippet":"max-snippet:-1","max-image-preview":"max-image-preview:large","max-video-preview":"max-video-preview:-1"},"canonical":"https:\/\/malaga.salesianos.edu\/deporte\/blog\/el-equipo-infantil-08-09-se-proclama-campeon-de-la-liga-fere\/","og_locale":"es_ES","og_type":"article","og_title":"El equipo Infantil 08-09 se proclama campe\u00f3n de la liga FERE - Deporte Educativo | Salesianos M\u00e1laga","og_description":"Gran torneo el disputado por la generaci\u00f3n nacida en 2008 y 2009, en el que han jugado grandes partidos en la muy competida liga FERE. Han demostrado que entrenando duro se pueden conseguir grandes resultados. Hemos visto grandes minutos de juego, en los que la defensa la defensa intensa se ha impuesto. Con esta \u00faltima [&hellip;]","og_url":"https:\/\/malaga.salesianos.edu\/deporte\/blog\/el-equipo-infantil-08-09-se-proclama-campeon-de-la-liga-fere\/","og_site_name":"Deporte Educativo | Salesianos M\u00e1laga","article_published_time":"2022-06-10T20:21:08+00:00","article_modified_time":"2022-09-28T20:32:43+00:00","og_image":[{"width":960,"height":730,"url":"https:\/\/malaga.salesianos.edu\/deporte\/wp-content\/uploads\/sites\/9\/2022\/09\/Infantil_adesa_08_08.jpg","type":"image\/jpeg"}],"author":"Comunicaci\u00f3n MLG","twitter_card":"summary_large_image","twitter_misc":{"Escrito por":"Comunicaci\u00f3n MLG","Tiempo de lectura":"1 minuto"},"schema":{"@context":"https:\/\/schema.org","@graph":[{"@type":"Article","@id":"https:\/\/malaga.salesianos.edu\/deporte\/blog\/el-equipo-infantil-08-09-se-proclama-campeon-de-la-liga-fere\/#article","isPartOf":{"@id":"https:\/\/malaga.salesianos.edu\/deporte\/blog\/el-equipo-infantil-08-09-se-proclama-campeon-de-la-liga-fere\/"},"author":{"name":"Comunicaci\u00f3n MLG","@id":"https:\/\/malaga.salesianos.edu\/deporte\/#\/schema\/person\/fd7e7b338b40e1c817a659fe5fce718b"},"headline":"El equipo Infantil 08-09 se proclama campe\u00f3n de la liga FERE","datePublished":"2022-06-10T20:21:08+00:00","dateModified":"2022-09-28T20:32:43+00:00","mainEntityOfPage":{"@id":"https:\/\/malaga.salesianos.edu\/deporte\/blog\/el-equipo-infantil-08-09-se-proclama-campeon-de-la-liga-fere\/"},"wordCount":80,"commentCount":0,"image":{"@id":"https:\/\/malaga.salesianos.edu\/deporte\/blog\/el-equipo-infantil-08-09-se-proclama-campeon-de-la-liga-fere\/#primaryimage"},"thumbnailUrl":"https:\/\/malaga.salesianos.edu\/deporte\/wp-content\/uploads\/sites\/9\/2022\/09\/Infantil_adesa_08_08.jpg","articleSection":["ADESA","Deporte"],"inLanguage":"es","potentialAction":[{"@type":"CommentAction","name":"Comment","target":["https:\/\/malaga.salesianos.edu\/deporte\/blog\/el-equipo-infantil-08-09-se-proclama-campeon-de-la-liga-fere\/#respond"]}]},{"@type":"WebPage","@id":"https:\/\/malaga.salesianos.edu\/deporte\/blog\/el-equipo-infantil-08-09-se-proclama-campeon-de-la-liga-fere\/","url":"https:\/\/malaga.salesianos.edu\/deporte\/blog\/el-equipo-infantil-08-09-se-proclama-campeon-de-la-liga-fere\/","name":"El equipo Infantil 08-09 se proclama campe\u00f3n de la liga FERE - Deporte Educativo | Salesianos M\u00e1laga","isPartOf":{"@id":"https:\/\/malaga.salesianos.edu\/deporte\/#website"},"primaryImageOfPage":{"@id":"https:\/\/malaga.salesianos.edu\/deporte\/blog\/el-equipo-infantil-08-09-se-proclama-campeon-de-la-liga-fere\/#primaryimage"},"image":{"@id":"https:\/\/malaga.salesianos.edu\/deporte\/blog\/el-equipo-infantil-08-09-se-proclama-campeon-de-la-liga-fere\/#primaryimage"},"thumbnailUrl":"https:\/\/malaga.salesianos.edu\/deporte\/wp-content\/uploads\/sites\/9\/2022\/09\/Infantil_adesa_08_08.jpg","datePublished":"2022-06-10T20:21:08+00:00","dateModified":"2022-09-28T20:32:43+00:00","author":{"@id":"https:\/\/malaga.salesianos.edu\/deporte\/#\/schema\/person\/fd7e7b338b40e1c817a659fe5fce718b"},"breadcrumb":{"@id":"https:\/\/malaga.salesianos.edu\/deporte\/blog\/el-equipo-infantil-08-09-se-proclama-campeon-de-la-liga-fere\/#breadcrumb"},"inLanguage":"es","potentialAction":[{"@type":"ReadAction","target":["https:\/\/malaga.salesianos.edu\/deporte\/blog\/el-equipo-infantil-08-09-se-proclama-campeon-de-la-liga-fere\/"]}]},{"@type":"ImageObject","inLanguage":"es","@id":"https:\/\/malaga.salesianos.edu\/deporte\/blog\/el-equipo-infantil-08-09-se-proclama-campeon-de-la-liga-fere\/#primaryimage","url":"https:\/\/malaga.salesianos.edu\/deporte\/wp-content\/uploads\/sites\/9\/2022\/09\/Infantil_adesa_08_08.jpg","contentUrl":"https:\/\/malaga.salesianos.edu\/deporte\/wp-content\/uploads\/sites\/9\/2022\/09\/Infantil_adesa_08_08.jpg","width":960,"height":730},{"@type":"BreadcrumbList","@id":"https:\/\/malaga.salesianos.edu\/deporte\/blog\/el-equipo-infantil-08-09-se-proclama-campeon-de-la-liga-fere\/#breadcrumb","itemListElement":[{"@type":"ListItem","position":1,"name":"Portada","item":"https:\/\/malaga.salesianos.edu\/deporte\/"},{"@type":"ListItem","position":2,"name":"El equipo Infantil 08-09 se proclama campe\u00f3n de la liga FERE"}]},{"@type":"WebSite","@id":"https:\/\/malaga.salesianos.edu\/deporte\/#website","url":"https:\/\/malaga.salesianos.edu\/deporte\/","name":"Deporte Educativo | Salesianos M\u00e1laga","description":"Deporte Educativo | Salesianos M\u00e1laga, ADESA","potentialAction":[{"@type":"SearchAction","target":{"@type":"EntryPoint","urlTemplate":"https:\/\/malaga.salesianos.edu\/deporte\/?s={search_term_string}"},"query-input":{"@type":"PropertyValueSpecification","valueRequired":true,"valueName":"search_term_string"}}],"inLanguage":"es"},{"@type":"Person","@id":"https:\/\/malaga.salesianos.edu\/deporte\/#\/schema\/person\/fd7e7b338b40e1c817a659fe5fce718b","name":"Comunicaci\u00f3n MLG","image":{"@type":"ImageObject","inLanguage":"es","@id":"https:\/\/secure.gravatar.com\/avatar\/2ce5c66be6c7ab6b098b2ac29099a68d1cdb824afbb8aadf744614ce719778ff?s=96&d=mm&r=g","url":"https:\/\/secure.gravatar.com\/avatar\/2ce5c66be6c7ab6b098b2ac29099a68d1cdb824afbb8aadf744614ce719778ff?s=96&d=mm&r=g","contentUrl":"https:\/\/secure.gravatar.com\/avatar\/2ce5c66be6c7ab6b098b2ac29099a68d1cdb824afbb8aadf744614ce719778ff?s=96&d=mm&r=g","caption":"Comunicaci\u00f3n MLG"}}]}},"_links":{"self":[{"href":"https:\/\/malaga.salesianos.edu\/deporte\/wp-json\/wp\/v2\/posts\/11715","targetHints":{"allow":["GET"]}}],"collection":[{"href":"https:\/\/malaga.salesianos.edu\/deporte\/wp-json\/wp\/v2\/posts"}],"about":[{"href":"https:\/\/malaga.salesianos.edu\/deporte\/wp-json\/wp\/v2\/types\/post"}],"author":[{"embeddable":true,"href":"https:\/\/malaga.salesianos.edu\/deporte\/wp-json\/wp\/v2\/users\/2"}],"replies":[{"embeddable":true,"href":"https:\/\/malaga.salesianos.edu\/deporte\/wp-json\/wp\/v2\/comments?post=11715"}],"version-history":[{"count":1,"href":"https:\/\/malaga.salesianos.edu\/deporte\/wp-json\/wp\/v2\/posts\/11715\/revisions"}],"predecessor-version":[{"id":11717,"href":"https:\/\/malaga.salesianos.edu\/deporte\/wp-json\/wp\/v2\/posts\/11715\/revisions\/11717"}],"wp:featuredmedia":[{"embeddable":true,"href":"https:\/\/malaga.salesianos.edu\/deporte\/wp-json\/wp\/v2\/media\/11716"}],"wp:attachment":[{"href":"https:\/\/malaga.salesianos.edu\/deporte\/wp-json\/wp\/v2\/media?parent=11715"}],"wp:term":[{"taxonomy":"category","embeddable":true,"href":"https:\/\/malaga.salesianos.edu\/deporte\/wp-json\/wp\/v2\/categories?post=11715"},{"taxonomy":"post_tag","embeddable":true,"href":"https:\/\/malaga.salesianos.edu\/deporte\/wp-json\/wp\/v2\/tags?post=11715"}],"curies":[{"name":"wp","href":"https:\/\/api.w.org\/{rel}","templated":true}]}}