{"id":90772,"date":"2026-05-31T06:55:43","date_gmt":"2026-05-31T04:55:43","guid":{"rendered":"https:\/\/malaga.salesianos.edu\/colegio\/?p=90772"},"modified":"2026-05-31T06:55:43","modified_gmt":"2026-05-31T04:55:43","slug":"el-alumnado-de-grado-basico-de-electricidad-profundiza-en-el-analisis-de-instalaciones-de-tdt","status":"publish","type":"post","link":"https:\/\/malaga.salesianos.edu\/colegio\/blog\/el-alumnado-de-grado-basico-de-electricidad-profundiza-en-el-analisis-de-instalaciones-de-tdt\/","title":{"rendered":"El alumnado de Grado B\u00e1sico de electricidad profundiza en el an\u00e1lisis de instalaciones de TDT"},"content":{"rendered":"<p>Durante dos jornadas formativas, el alumnado del <strong>Ciclo de Grado B\u00e1sico de Formaci\u00f3n Profesional en Electricidad (CBFP)<\/strong> ha participado en una actividad conjunta con el profesor <strong>de Instalaciones de Infraestructuras Comunes de Telecomunicaciones <\/strong>del <strong>Ciclo de Grado Medio de Instalaciones El\u00e9ctricas y Autom\u00e1ticas, Alfonso Vicente<\/strong>, profundizando en el an\u00e1lisis y diagn\u00f3stico de <strong>instalaciones de distribuci\u00f3n de Televisi\u00f3n Digital Terrestre (TDT)<\/strong>.<\/p>\n<p>La experiencia ha permitido a los alumnos de Grado B\u00e1sico acercarse a un entorno t\u00e9cnico real, trabajando con los mismos instrumentos y procedimientos que se emplean en el \u00e1mbito profesional. A lo largo de las sesiones, los estudiantes analizaron los <strong>par\u00e1metros fundamentales de una se\u00f1al de TDT<\/strong>, utilizando los <strong>medidores de campo del seminario de electricidad y electr\u00f3nica del Centro<\/strong> para identificar posibles aver\u00edas y proponer soluciones que mejoraran la calidad de la instalaci\u00f3n.<\/p>\n<p>La actividad se desarroll\u00f3 en dos fases:<\/p>\n<h4><strong>1. Orientaci\u00f3n y captaci\u00f3n de la se\u00f1al<\/strong><\/h4>\n<p>Los alumnos aprendieron a <strong>apuntar correctamente la antena<\/strong>, aplicando los conocimientos previos sobre potencia, calidad y relaci\u00f3n se\u00f1al\/ruido. Su objetivo era obtener la mejor recepci\u00f3n posible antes de iniciar el an\u00e1lisis completo de la instalaci\u00f3n.<\/p>\n<h4><strong>2. Conexi\u00f3n, mediciones y verificaci\u00f3n<\/strong><\/h4>\n<p>Una vez orientada la antena, procedieron a <strong>conectarla a la instalaci\u00f3n<\/strong> y realizar mediciones en cada uno de sus tramos. Registraron todos los datos obtenidos y, finalmente, evaluaron la <strong>calidad global de la instalaci\u00f3n que ellos mismos hab\u00edan ejecutado<\/strong>, comprobando la coherencia entre teor\u00eda y pr\u00e1ctica.<\/p>\n<h4><strong>Inter\u00e9s, participaci\u00f3n y orientaci\u00f3n acad\u00e9mica<\/strong><\/h4>\n<p>Es especialmente destacable el <strong>alto nivel de inter\u00e9s y participaci\u00f3n<\/strong> mostrado por los alumnos del CBFP en cada momento de las jornadas. La actividad no solo reforz\u00f3 sus competencias t\u00e9cnicas, sino que tambi\u00e9n sirvi\u00f3 como espacio de orientaci\u00f3n profesional.<\/p>\n<p>Durante la sesi\u00f3n final, se les explic\u00f3 la importancia de <strong>continuar form\u00e1ndose<\/strong> para avanzar en sus proyectos de vida. Varios estudiantes manifestaron su intenci\u00f3n de <strong>proseguir sus estudios en el Grado Medio de Instalaciones El\u00e9ctricas y Autom\u00e1ticas<\/strong>, mostrando motivaci\u00f3n y confianza en su futuro acad\u00e9mico.<\/p>\n","protected":false},"excerpt":{"rendered":"<p>Durante dos jornadas formativas, el alumnado del Ciclo de Grado B\u00e1sico de Formaci\u00f3n Profesional en Electricidad (CBFP) ha participado en una actividad conjunta con el profesor de Instalaciones de Infraestructuras Comunes de Telecomunicaciones del Ciclo de Grado Medio de Instalaciones El\u00e9ctricas y Autom\u00e1ticas, Alfonso Vicente, profundizando en el an\u00e1lisis y diagn\u00f3stico de instalaciones de distribuci\u00f3n [&hellip;]<\/p>\n","protected":false},"author":2,"featured_media":90774,"comment_status":"open","ping_status":"open","sticky":false,"template":"","format":"standard","meta":{"_et_pb_use_builder":"","_et_pb_old_content":"","_et_gb_content_width":"","footnotes":""},"categories":[126,8,100,98,15],"tags":[],"class_list":["post-90772","post","type-post","status-publish","format-standard","has-post-thumbnail","hentry","category-casa","category-ciclos-formativos","category-destacado-ciclos","category-destacado-fpb","category-fpb"],"yoast_head":"<!-- This site is optimized with the Yoast SEO plugin v28.3 - https:\/\/yoast.com\/product\/yoast-seo-wordpress\/ -->\n<title>El alumnado de Grado B\u00e1sico de electricidad profundiza en el an\u00e1lisis de instalaciones de TDT - Colegio Concertado San Bartolom\u00e9 | Salesianos M\u00e1laga<\/title>\n<meta name=\"robots\" content=\"index, follow, max-snippet:-1, max-image-preview:large, max-video-preview:-1\" \/>\n<link rel=\"canonical\" href=\"https:\/\/malaga.salesianos.edu\/colegio\/blog\/el-alumnado-de-grado-basico-de-electricidad-profundiza-en-el-analisis-de-instalaciones-de-tdt\/\" \/>\n<meta property=\"og:locale\" content=\"es_ES\" \/>\n<meta property=\"og:type\" content=\"article\" \/>\n<meta property=\"og:title\" content=\"El alumnado de Grado B\u00e1sico de electricidad profundiza en el an\u00e1lisis de instalaciones de TDT - Colegio Concertado San Bartolom\u00e9 | Salesianos M\u00e1laga\" \/>\n<meta property=\"og:description\" content=\"Durante dos jornadas formativas, el alumnado del Ciclo de Grado B\u00e1sico de Formaci\u00f3n Profesional en Electricidad (CBFP) ha participado en una actividad conjunta con el profesor de Instalaciones de Infraestructuras Comunes de Telecomunicaciones del Ciclo de Grado Medio de Instalaciones El\u00e9ctricas y Autom\u00e1ticas, Alfonso Vicente, profundizando en el an\u00e1lisis y diagn\u00f3stico de instalaciones de distribuci\u00f3n [&hellip;]\" \/>\n<meta property=\"og:url\" content=\"https:\/\/malaga.salesianos.edu\/colegio\/blog\/el-alumnado-de-grado-basico-de-electricidad-profundiza-en-el-analisis-de-instalaciones-de-tdt\/\" \/>\n<meta property=\"og:site_name\" content=\"Colegio Concertado San Bartolom\u00e9 | Salesianos M\u00e1laga\" \/>\n<meta property=\"article:published_time\" content=\"2026-05-31T04:55:43+00:00\" \/>\n<meta property=\"og:image\" content=\"https:\/\/malaga.salesianos.edu\/colegio\/wp-content\/uploads\/sites\/2\/2026\/05\/Portada-2-scaled.jpg\" \/>\n\t<meta property=\"og:image:width\" content=\"2560\" \/>\n\t<meta property=\"og:image:height\" content=\"1920\" \/>\n\t<meta property=\"og:image:type\" content=\"image\/jpeg\" \/>\n<meta name=\"author\" content=\"Comunicaci\u00f3n MLG\" \/>\n<meta name=\"twitter:card\" content=\"summary_large_image\" \/>\n<meta name=\"twitter:label1\" content=\"Escrito por\" \/>\n\t<meta name=\"twitter:data1\" content=\"Comunicaci\u00f3n MLG\" \/>\n\t<meta name=\"twitter:label2\" content=\"Tiempo de lectura\" \/>\n\t<meta name=\"twitter:data2\" content=\"2 minutos\" \/>\n<script type=\"application\/ld+json\" class=\"yoast-schema-graph\">{\"@context\":\"https:\\\/\\\/schema.org\",\"@graph\":[{\"@type\":\"Article\",\"@id\":\"https:\\\/\\\/malaga.salesianos.edu\\\/colegio\\\/blog\\\/el-alumnado-de-grado-basico-de-electricidad-profundiza-en-el-analisis-de-instalaciones-de-tdt\\\/#article\",\"isPartOf\":{\"@id\":\"https:\\\/\\\/malaga.salesianos.edu\\\/colegio\\\/blog\\\/el-alumnado-de-grado-basico-de-electricidad-profundiza-en-el-analisis-de-instalaciones-de-tdt\\\/\"},\"author\":{\"name\":\"Comunicaci\u00f3n MLG\",\"@id\":\"https:\\\/\\\/malaga.salesianos.edu\\\/colegio\\\/#\\\/schema\\\/person\\\/fd7e7b338b40e1c817a659fe5fce718b\"},\"headline\":\"El alumnado de Grado B\u00e1sico de electricidad profundiza en el an\u00e1lisis de instalaciones de TDT\",\"datePublished\":\"2026-05-31T04:55:43+00:00\",\"mainEntityOfPage\":{\"@id\":\"https:\\\/\\\/malaga.salesianos.edu\\\/colegio\\\/blog\\\/el-alumnado-de-grado-basico-de-electricidad-profundiza-en-el-analisis-de-instalaciones-de-tdt\\\/\"},\"wordCount\":385,\"commentCount\":0,\"publisher\":{\"@id\":\"https:\\\/\\\/malaga.salesianos.edu\\\/colegio\\\/#organization\"},\"image\":{\"@id\":\"https:\\\/\\\/malaga.salesianos.edu\\\/colegio\\\/blog\\\/el-alumnado-de-grado-basico-de-electricidad-profundiza-en-el-analisis-de-instalaciones-de-tdt\\\/#primaryimage\"},\"thumbnailUrl\":\"https:\\\/\\\/malaga.salesianos.edu\\\/colegio\\\/wp-content\\\/uploads\\\/sites\\\/2\\\/2026\\\/05\\\/Portada-2-scaled.jpg\",\"articleSection\":[\"Casa\",\"Ciclos Formativos\",\"Destacado Ciclos\",\"Destacado FPB\",\"FPB\"],\"inLanguage\":\"es\",\"potentialAction\":[{\"@type\":\"CommentAction\",\"name\":\"Comment\",\"target\":[\"https:\\\/\\\/malaga.salesianos.edu\\\/colegio\\\/blog\\\/el-alumnado-de-grado-basico-de-electricidad-profundiza-en-el-analisis-de-instalaciones-de-tdt\\\/#respond\"]}]},{\"@type\":\"WebPage\",\"@id\":\"https:\\\/\\\/malaga.salesianos.edu\\\/colegio\\\/blog\\\/el-alumnado-de-grado-basico-de-electricidad-profundiza-en-el-analisis-de-instalaciones-de-tdt\\\/\",\"url\":\"https:\\\/\\\/malaga.salesianos.edu\\\/colegio\\\/blog\\\/el-alumnado-de-grado-basico-de-electricidad-profundiza-en-el-analisis-de-instalaciones-de-tdt\\\/\",\"name\":\"El alumnado de Grado B\u00e1sico de electricidad profundiza en el an\u00e1lisis de instalaciones de TDT - Colegio Concertado San Bartolom\u00e9 | Salesianos M\u00e1laga\",\"isPartOf\":{\"@id\":\"https:\\\/\\\/malaga.salesianos.edu\\\/colegio\\\/#website\"},\"primaryImageOfPage\":{\"@id\":\"https:\\\/\\\/malaga.salesianos.edu\\\/colegio\\\/blog\\\/el-alumnado-de-grado-basico-de-electricidad-profundiza-en-el-analisis-de-instalaciones-de-tdt\\\/#primaryimage\"},\"image\":{\"@id\":\"https:\\\/\\\/malaga.salesianos.edu\\\/colegio\\\/blog\\\/el-alumnado-de-grado-basico-de-electricidad-profundiza-en-el-analisis-de-instalaciones-de-tdt\\\/#primaryimage\"},\"thumbnailUrl\":\"https:\\\/\\\/malaga.salesianos.edu\\\/colegio\\\/wp-content\\\/uploads\\\/sites\\\/2\\\/2026\\\/05\\\/Portada-2-scaled.jpg\",\"datePublished\":\"2026-05-31T04:55:43+00:00\",\"breadcrumb\":{\"@id\":\"https:\\\/\\\/malaga.salesianos.edu\\\/colegio\\\/blog\\\/el-alumnado-de-grado-basico-de-electricidad-profundiza-en-el-analisis-de-instalaciones-de-tdt\\\/#breadcrumb\"},\"inLanguage\":\"es\",\"potentialAction\":[{\"@type\":\"ReadAction\",\"target\":[\"https:\\\/\\\/malaga.salesianos.edu\\\/colegio\\\/blog\\\/el-alumnado-de-grado-basico-de-electricidad-profundiza-en-el-analisis-de-instalaciones-de-tdt\\\/\"]}]},{\"@type\":\"ImageObject\",\"inLanguage\":\"es\",\"@id\":\"https:\\\/\\\/malaga.salesianos.edu\\\/colegio\\\/blog\\\/el-alumnado-de-grado-basico-de-electricidad-profundiza-en-el-analisis-de-instalaciones-de-tdt\\\/#primaryimage\",\"url\":\"https:\\\/\\\/malaga.salesianos.edu\\\/colegio\\\/wp-content\\\/uploads\\\/sites\\\/2\\\/2026\\\/05\\\/Portada-2-scaled.jpg\",\"contentUrl\":\"https:\\\/\\\/malaga.salesianos.edu\\\/colegio\\\/wp-content\\\/uploads\\\/sites\\\/2\\\/2026\\\/05\\\/Portada-2-scaled.jpg\",\"width\":2560,\"height\":1920},{\"@type\":\"BreadcrumbList\",\"@id\":\"https:\\\/\\\/malaga.salesianos.edu\\\/colegio\\\/blog\\\/el-alumnado-de-grado-basico-de-electricidad-profundiza-en-el-analisis-de-instalaciones-de-tdt\\\/#breadcrumb\",\"itemListElement\":[{\"@type\":\"ListItem\",\"position\":1,\"name\":\"Portada\",\"item\":\"https:\\\/\\\/malaga.salesianos.edu\\\/colegio\\\/\"},{\"@type\":\"ListItem\",\"position\":2,\"name\":\"El alumnado de Grado B\u00e1sico de electricidad profundiza en el an\u00e1lisis de instalaciones de TDT\"}]},{\"@type\":\"WebSite\",\"@id\":\"https:\\\/\\\/malaga.salesianos.edu\\\/colegio\\\/#website\",\"url\":\"https:\\\/\\\/malaga.salesianos.edu\\\/colegio\\\/\",\"name\":\"Colegio Concertado San Bartolom\u00e9 | Salesianos M\u00e1laga\",\"description\":\"Centro concertado. Infantil, Primaria, ESO, Bachillerato, Formaci\u00f3n Profesional, Formaci\u00f3n Profesional B\u00e1sica (FPB) y Ciclos Formativos de Grado Medio y Superior.\",\"publisher\":{\"@id\":\"https:\\\/\\\/malaga.salesianos.edu\\\/colegio\\\/#organization\"},\"potentialAction\":[{\"@type\":\"SearchAction\",\"target\":{\"@type\":\"EntryPoint\",\"urlTemplate\":\"https:\\\/\\\/malaga.salesianos.edu\\\/colegio\\\/?s={search_term_string}\"},\"query-input\":{\"@type\":\"PropertyValueSpecification\",\"valueRequired\":true,\"valueName\":\"search_term_string\"}}],\"inLanguage\":\"es\"},{\"@type\":\"Organization\",\"@id\":\"https:\\\/\\\/malaga.salesianos.edu\\\/colegio\\\/#organization\",\"name\":\"Salesianos M\u00e1laga\",\"url\":\"https:\\\/\\\/malaga.salesianos.edu\\\/colegio\\\/\",\"logo\":{\"@type\":\"ImageObject\",\"inLanguage\":\"es\",\"@id\":\"https:\\\/\\\/malaga.salesianos.edu\\\/colegio\\\/#\\\/schema\\\/logo\\\/image\\\/\",\"url\":\"https:\\\/\\\/malaga.salesianos.edu\\\/colegio\\\/wp-content\\\/uploads\\\/sites\\\/2\\\/2018\\\/04\\\/MALAGAobraVN2.jpg\",\"contentUrl\":\"https:\\\/\\\/malaga.salesianos.edu\\\/colegio\\\/wp-content\\\/uploads\\\/sites\\\/2\\\/2018\\\/04\\\/MALAGAobraVN2.jpg\",\"width\":1937,\"height\":1490,\"caption\":\"Salesianos M\u00e1laga\"},\"image\":{\"@id\":\"https:\\\/\\\/malaga.salesianos.edu\\\/colegio\\\/#\\\/schema\\\/logo\\\/image\\\/\"}},{\"@type\":\"Person\",\"@id\":\"https:\\\/\\\/malaga.salesianos.edu\\\/colegio\\\/#\\\/schema\\\/person\\\/fd7e7b338b40e1c817a659fe5fce718b\",\"name\":\"Comunicaci\u00f3n MLG\",\"image\":{\"@type\":\"ImageObject\",\"inLanguage\":\"es\",\"@id\":\"https:\\\/\\\/secure.gravatar.com\\\/avatar\\\/2ce5c66be6c7ab6b098b2ac29099a68d1cdb824afbb8aadf744614ce719778ff?s=96&d=mm&r=g\",\"url\":\"https:\\\/\\\/secure.gravatar.com\\\/avatar\\\/2ce5c66be6c7ab6b098b2ac29099a68d1cdb824afbb8aadf744614ce719778ff?s=96&d=mm&r=g\",\"contentUrl\":\"https:\\\/\\\/secure.gravatar.com\\\/avatar\\\/2ce5c66be6c7ab6b098b2ac29099a68d1cdb824afbb8aadf744614ce719778ff?s=96&d=mm&r=g\",\"caption\":\"Comunicaci\u00f3n MLG\"}}]}<\/script>\n<!-- \/ Yoast SEO plugin. -->","yoast_head_json":{"title":"El alumnado de Grado B\u00e1sico de electricidad profundiza en el an\u00e1lisis de instalaciones de TDT - Colegio Concertado San Bartolom\u00e9 | Salesianos M\u00e1laga","robots":{"index":"index","follow":"follow","max-snippet":"max-snippet:-1","max-image-preview":"max-image-preview:large","max-video-preview":"max-video-preview:-1"},"canonical":"https:\/\/malaga.salesianos.edu\/colegio\/blog\/el-alumnado-de-grado-basico-de-electricidad-profundiza-en-el-analisis-de-instalaciones-de-tdt\/","og_locale":"es_ES","og_type":"article","og_title":"El alumnado de Grado B\u00e1sico de electricidad profundiza en el an\u00e1lisis de instalaciones de TDT - Colegio Concertado San Bartolom\u00e9 | Salesianos M\u00e1laga","og_description":"Durante dos jornadas formativas, el alumnado del Ciclo de Grado B\u00e1sico de Formaci\u00f3n Profesional en Electricidad (CBFP) ha participado en una actividad conjunta con el profesor de Instalaciones de Infraestructuras Comunes de Telecomunicaciones del Ciclo de Grado Medio de Instalaciones El\u00e9ctricas y Autom\u00e1ticas, Alfonso Vicente, profundizando en el an\u00e1lisis y diagn\u00f3stico de instalaciones de distribuci\u00f3n [&hellip;]","og_url":"https:\/\/malaga.salesianos.edu\/colegio\/blog\/el-alumnado-de-grado-basico-de-electricidad-profundiza-en-el-analisis-de-instalaciones-de-tdt\/","og_site_name":"Colegio Concertado San Bartolom\u00e9 | Salesianos M\u00e1laga","article_published_time":"2026-05-31T04:55:43+00:00","og_image":[{"width":2560,"height":1920,"url":"https:\/\/malaga.salesianos.edu\/colegio\/wp-content\/uploads\/sites\/2\/2026\/05\/Portada-2-scaled.jpg","type":"image\/jpeg"}],"author":"Comunicaci\u00f3n MLG","twitter_card":"summary_large_image","twitter_misc":{"Escrito por":"Comunicaci\u00f3n MLG","Tiempo de lectura":"2 minutos"},"schema":{"@context":"https:\/\/schema.org","@graph":[{"@type":"Article","@id":"https:\/\/malaga.salesianos.edu\/colegio\/blog\/el-alumnado-de-grado-basico-de-electricidad-profundiza-en-el-analisis-de-instalaciones-de-tdt\/#article","isPartOf":{"@id":"https:\/\/malaga.salesianos.edu\/colegio\/blog\/el-alumnado-de-grado-basico-de-electricidad-profundiza-en-el-analisis-de-instalaciones-de-tdt\/"},"author":{"name":"Comunicaci\u00f3n MLG","@id":"https:\/\/malaga.salesianos.edu\/colegio\/#\/schema\/person\/fd7e7b338b40e1c817a659fe5fce718b"},"headline":"El alumnado de Grado B\u00e1sico de electricidad profundiza en el an\u00e1lisis de instalaciones de TDT","datePublished":"2026-05-31T04:55:43+00:00","mainEntityOfPage":{"@id":"https:\/\/malaga.salesianos.edu\/colegio\/blog\/el-alumnado-de-grado-basico-de-electricidad-profundiza-en-el-analisis-de-instalaciones-de-tdt\/"},"wordCount":385,"commentCount":0,"publisher":{"@id":"https:\/\/malaga.salesianos.edu\/colegio\/#organization"},"image":{"@id":"https:\/\/malaga.salesianos.edu\/colegio\/blog\/el-alumnado-de-grado-basico-de-electricidad-profundiza-en-el-analisis-de-instalaciones-de-tdt\/#primaryimage"},"thumbnailUrl":"https:\/\/malaga.salesianos.edu\/colegio\/wp-content\/uploads\/sites\/2\/2026\/05\/Portada-2-scaled.jpg","articleSection":["Casa","Ciclos Formativos","Destacado Ciclos","Destacado FPB","FPB"],"inLanguage":"es","potentialAction":[{"@type":"CommentAction","name":"Comment","target":["https:\/\/malaga.salesianos.edu\/colegio\/blog\/el-alumnado-de-grado-basico-de-electricidad-profundiza-en-el-analisis-de-instalaciones-de-tdt\/#respond"]}]},{"@type":"WebPage","@id":"https:\/\/malaga.salesianos.edu\/colegio\/blog\/el-alumnado-de-grado-basico-de-electricidad-profundiza-en-el-analisis-de-instalaciones-de-tdt\/","url":"https:\/\/malaga.salesianos.edu\/colegio\/blog\/el-alumnado-de-grado-basico-de-electricidad-profundiza-en-el-analisis-de-instalaciones-de-tdt\/","name":"El alumnado de Grado B\u00e1sico de electricidad profundiza en el an\u00e1lisis de instalaciones de TDT - Colegio Concertado San Bartolom\u00e9 | Salesianos M\u00e1laga","isPartOf":{"@id":"https:\/\/malaga.salesianos.edu\/colegio\/#website"},"primaryImageOfPage":{"@id":"https:\/\/malaga.salesianos.edu\/colegio\/blog\/el-alumnado-de-grado-basico-de-electricidad-profundiza-en-el-analisis-de-instalaciones-de-tdt\/#primaryimage"},"image":{"@id":"https:\/\/malaga.salesianos.edu\/colegio\/blog\/el-alumnado-de-grado-basico-de-electricidad-profundiza-en-el-analisis-de-instalaciones-de-tdt\/#primaryimage"},"thumbnailUrl":"https:\/\/malaga.salesianos.edu\/colegio\/wp-content\/uploads\/sites\/2\/2026\/05\/Portada-2-scaled.jpg","datePublished":"2026-05-31T04:55:43+00:00","breadcrumb":{"@id":"https:\/\/malaga.salesianos.edu\/colegio\/blog\/el-alumnado-de-grado-basico-de-electricidad-profundiza-en-el-analisis-de-instalaciones-de-tdt\/#breadcrumb"},"inLanguage":"es","potentialAction":[{"@type":"ReadAction","target":["https:\/\/malaga.salesianos.edu\/colegio\/blog\/el-alumnado-de-grado-basico-de-electricidad-profundiza-en-el-analisis-de-instalaciones-de-tdt\/"]}]},{"@type":"ImageObject","inLanguage":"es","@id":"https:\/\/malaga.salesianos.edu\/colegio\/blog\/el-alumnado-de-grado-basico-de-electricidad-profundiza-en-el-analisis-de-instalaciones-de-tdt\/#primaryimage","url":"https:\/\/malaga.salesianos.edu\/colegio\/wp-content\/uploads\/sites\/2\/2026\/05\/Portada-2-scaled.jpg","contentUrl":"https:\/\/malaga.salesianos.edu\/colegio\/wp-content\/uploads\/sites\/2\/2026\/05\/Portada-2-scaled.jpg","width":2560,"height":1920},{"@type":"BreadcrumbList","@id":"https:\/\/malaga.salesianos.edu\/colegio\/blog\/el-alumnado-de-grado-basico-de-electricidad-profundiza-en-el-analisis-de-instalaciones-de-tdt\/#breadcrumb","itemListElement":[{"@type":"ListItem","position":1,"name":"Portada","item":"https:\/\/malaga.salesianos.edu\/colegio\/"},{"@type":"ListItem","position":2,"name":"El alumnado de Grado B\u00e1sico de electricidad profundiza en el an\u00e1lisis de instalaciones de TDT"}]},{"@type":"WebSite","@id":"https:\/\/malaga.salesianos.edu\/colegio\/#website","url":"https:\/\/malaga.salesianos.edu\/colegio\/","name":"Colegio Concertado San Bartolom\u00e9 | Salesianos M\u00e1laga","description":"Centro concertado. Infantil, Primaria, ESO, Bachillerato, Formaci\u00f3n Profesional, Formaci\u00f3n Profesional B\u00e1sica (FPB) y Ciclos Formativos de Grado Medio y Superior.","publisher":{"@id":"https:\/\/malaga.salesianos.edu\/colegio\/#organization"},"potentialAction":[{"@type":"SearchAction","target":{"@type":"EntryPoint","urlTemplate":"https:\/\/malaga.salesianos.edu\/colegio\/?s={search_term_string}"},"query-input":{"@type":"PropertyValueSpecification","valueRequired":true,"valueName":"search_term_string"}}],"inLanguage":"es"},{"@type":"Organization","@id":"https:\/\/malaga.salesianos.edu\/colegio\/#organization","name":"Salesianos M\u00e1laga","url":"https:\/\/malaga.salesianos.edu\/colegio\/","logo":{"@type":"ImageObject","inLanguage":"es","@id":"https:\/\/malaga.salesianos.edu\/colegio\/#\/schema\/logo\/image\/","url":"https:\/\/malaga.salesianos.edu\/colegio\/wp-content\/uploads\/sites\/2\/2018\/04\/MALAGAobraVN2.jpg","contentUrl":"https:\/\/malaga.salesianos.edu\/colegio\/wp-content\/uploads\/sites\/2\/2018\/04\/MALAGAobraVN2.jpg","width":1937,"height":1490,"caption":"Salesianos M\u00e1laga"},"image":{"@id":"https:\/\/malaga.salesianos.edu\/colegio\/#\/schema\/logo\/image\/"}},{"@type":"Person","@id":"https:\/\/malaga.salesianos.edu\/colegio\/#\/schema\/person\/fd7e7b338b40e1c817a659fe5fce718b","name":"Comunicaci\u00f3n MLG","image":{"@type":"ImageObject","inLanguage":"es","@id":"https:\/\/secure.gravatar.com\/avatar\/2ce5c66be6c7ab6b098b2ac29099a68d1cdb824afbb8aadf744614ce719778ff?s=96&d=mm&r=g","url":"https:\/\/secure.gravatar.com\/avatar\/2ce5c66be6c7ab6b098b2ac29099a68d1cdb824afbb8aadf744614ce719778ff?s=96&d=mm&r=g","contentUrl":"https:\/\/secure.gravatar.com\/avatar\/2ce5c66be6c7ab6b098b2ac29099a68d1cdb824afbb8aadf744614ce719778ff?s=96&d=mm&r=g","caption":"Comunicaci\u00f3n MLG"}}]}},"_links":{"self":[{"href":"https:\/\/malaga.salesianos.edu\/colegio\/wp-json\/wp\/v2\/posts\/90772","targetHints":{"allow":["GET"]}}],"collection":[{"href":"https:\/\/malaga.salesianos.edu\/colegio\/wp-json\/wp\/v2\/posts"}],"about":[{"href":"https:\/\/malaga.salesianos.edu\/colegio\/wp-json\/wp\/v2\/types\/post"}],"author":[{"embeddable":true,"href":"https:\/\/malaga.salesianos.edu\/colegio\/wp-json\/wp\/v2\/users\/2"}],"replies":[{"embeddable":true,"href":"https:\/\/malaga.salesianos.edu\/colegio\/wp-json\/wp\/v2\/comments?post=90772"}],"version-history":[{"count":2,"href":"https:\/\/malaga.salesianos.edu\/colegio\/wp-json\/wp\/v2\/posts\/90772\/revisions"}],"predecessor-version":[{"id":90776,"href":"https:\/\/malaga.salesianos.edu\/colegio\/wp-json\/wp\/v2\/posts\/90772\/revisions\/90776"}],"wp:featuredmedia":[{"embeddable":true,"href":"https:\/\/malaga.salesianos.edu\/colegio\/wp-json\/wp\/v2\/media\/90774"}],"wp:attachment":[{"href":"https:\/\/malaga.salesianos.edu\/colegio\/wp-json\/wp\/v2\/media?parent=90772"}],"wp:term":[{"taxonomy":"category","embeddable":true,"href":"https:\/\/malaga.salesianos.edu\/colegio\/wp-json\/wp\/v2\/categories?post=90772"},{"taxonomy":"post_tag","embeddable":true,"href":"https:\/\/malaga.salesianos.edu\/colegio\/wp-json\/wp\/v2\/tags?post=90772"}],"curies":[{"name":"wp","href":"https:\/\/api.w.org\/{rel}","templated":true}]}}