{"id":90731,"date":"2026-05-13T11:10:46","date_gmt":"2026-05-13T09:10:46","guid":{"rendered":"https:\/\/malaga.salesianos.edu\/colegio\/?p=90731"},"modified":"2026-05-13T11:10:50","modified_gmt":"2026-05-13T09:10:50","slug":"cuando-la-historia-se-escribe-con-el-corazon","status":"publish","type":"post","link":"https:\/\/malaga.salesianos.edu\/colegio\/blog\/cuando-la-historia-se-escribe-con-el-corazon\/","title":{"rendered":"Cuando la historia se escribe con el coraz\u00f3n"},"content":{"rendered":"<p>[et_pb_section fb_built=\u00bb1&#8243; admin_label=\u00bbsection\u00bb _builder_version=\u00bb4.16&#8243; global_colors_info=\u00bb{}\u00bb][et_pb_row admin_label=\u00bbrow\u00bb _builder_version=\u00bb4.16&#8243; background_size=\u00bbinitial\u00bb background_position=\u00bbtop_left\u00bb background_repeat=\u00bbrepeat\u00bb global_colors_info=\u00bb{}\u00bb][et_pb_column type=\u00bb4_4&#8243; _builder_version=\u00bb4.16&#8243; custom_padding=\u00bb|||\u00bb global_colors_info=\u00bb{}\u00bb custom_padding__hover=\u00bb|||\u00bb][et_pb_image _builder_version=\u00bb4.27.6&#8243; _module_preset=\u00bbdefault\u00bb title_text=\u00bbportada v2&#8243; src=\u00bbhttps:\/\/malaga.salesianos.edu\/colegio\/wp-content\/uploads\/sites\/2\/2026\/05\/portada-v2.jpeg\u00bb align=\u00bbcenter\u00bb width=\u00bb44%\u00bb max_width=\u00bb44%\u00bb hover_enabled=\u00bb0&#8243; sticky_enabled=\u00bb0&#8243;][\/et_pb_image][et_pb_text _builder_version=\u00bb4.27.6&#8243; _module_preset=\u00bbdefault\u00bb hover_enabled=\u00bb0&#8243; sticky_enabled=\u00bb0&#8243;]<\/p>\n<p><span style=\"font-weight: 400;\">El jueves 30, nuestro colegio volvi\u00f3 a vivir una ma\u00f1ana de esas que permanecen: la celebraci\u00f3n del V Certamen Pablo Aranda, una cita que reuni\u00f3 a alumnos de ESO y Bachillerato, profesorado, familias, otros centros educativos y colaboradores en torno a una misma ilusi\u00f3n: la palabra.<\/span><\/p>\n<p><span style=\"font-weight: 400;\">Bajo el lema <\/span><b>\u201cPROTAGONISTAS DE LA HISTORIA\u201d<\/b><span style=\"font-weight: 400;\">, los participantes demostraron que escribir es tambi\u00e9n recordar, agradecer y mirar hacia el futuro con esperanza. El certamen volvi\u00f3 a ser una oportunidad preciosa para poner en valor la figura de <\/span><b>nuestro profesor Pablo Aranda<\/b><span style=\"font-weight: 400;\">, cuya huella sigue viva en cada relato y en cada coraz\u00f3n que all\u00ed estaba.<\/span><\/p>\n<p><span style=\"font-weight: 400;\">Uno de los momentos m\u00e1s emocionantes fue el protagonizado por la familia de Pablo, especialmente por sus hijos y su mujer, que compartieron un v\u00eddeo de agradecimiento lleno de cari\u00f1o, verdad y memoria. Sus palabras hicieron presente, una vez m\u00e1s, todo lo que Pablo signific\u00f3 y sigue significando para quienes lo conocieron.<\/span><\/p>\n<p><span style=\"font-weight: 400;\">El acto cont\u00f3 con la presencia del <\/span><b>director titular<\/b><span style=\"font-weight: 400;\">, Tom\u00e1s S\u00e1nchez; el <\/span><b>director de centro<\/b><span style=\"font-weight: 400;\">, Jos\u00e9 Miguel Tello; el asesor del \u00c1rea de Cultura y Patrimonio Hist\u00f3rico del Ayuntamiento; profesorado de otros centros; miembros del <\/span><b>AMPA<\/b><span style=\"font-weight: 400;\">; colaboradores y <\/span><b>Ana Ojeda<\/b><span style=\"font-weight: 400;\">, organizadora del certamen.<\/span><\/p>\n<p><span style=\"font-weight: 400;\">Adem\u00e1s, celebramos con especial orgullo los premios obtenidos por nuestro colegio: <\/span><b>Elena Boj<\/b><span style=\"font-weight: 400;\">, ganadora en la categor\u00eda de <\/span><b>Ingl\u00e9s de 1.\u00ba y 2.\u00ba de ESO<\/b><span style=\"font-weight: 400;\">, y <\/span><b>Sof\u00eda Romero<\/b><span style=\"font-weight: 400;\">, ganadora en la misma categor\u00eda en <\/span><b>Espa\u00f1ol<\/b><span style=\"font-weight: 400;\">.<\/span><\/p>\n<p><span style=\"font-weight: 400;\">Gracias a todos los centros participantes y a quienes hicieron posible este encuentro. Porque el jueves 30 no solo se entregaron premios: se celebr\u00f3 la creatividad, la memoria y la alegr\u00eda de seguir escribiendo juntos una historia que merece ser contada.<\/span><\/p>\n<p>[\/et_pb_text][\/et_pb_column][\/et_pb_row][\/et_pb_section]<\/p>\n","protected":false},"excerpt":{"rendered":"<p>El jueves 30, nuestro colegio volvi\u00f3 a vivir una ma\u00f1ana de esas que permanecen: la celebraci\u00f3n del V Certamen Pablo Aranda, una cita que reuni\u00f3 a alumnos de ESO y Bachillerato, profesorado, familias, otros centros educativos y colaboradores en torno a una misma ilusi\u00f3n: la palabra. Bajo el lema \u201cPROTAGONISTAS DE LA HISTORIA\u201d, los participantes [&hellip;]<\/p>\n","protected":false},"author":2,"featured_media":90730,"comment_status":"open","ping_status":"open","sticky":false,"template":"","format":"standard","meta":{"_et_pb_use_builder":"on","_et_pb_old_content":"","_et_gb_content_width":"","footnotes":""},"categories":[6,10,99,97,12],"tags":[],"class_list":["post-90731","post","type-post","status-publish","format-standard","has-post-thumbnail","hentry","category-bachillerato","category-colegio","category-destacado-bachillerato","category-destacado-eso","category-eso"],"yoast_head":"<!-- This site is optimized with the Yoast SEO plugin v28.3 - https:\/\/yoast.com\/product\/yoast-seo-wordpress\/ -->\n<title>Cuando la historia se escribe con el coraz\u00f3n - Colegio Concertado San Bartolom\u00e9 | Salesianos M\u00e1laga<\/title>\n<meta name=\"robots\" content=\"index, follow, max-snippet:-1, max-image-preview:large, max-video-preview:-1\" \/>\n<link rel=\"canonical\" href=\"https:\/\/malaga.salesianos.edu\/colegio\/blog\/cuando-la-historia-se-escribe-con-el-corazon\/\" \/>\n<meta property=\"og:locale\" content=\"es_ES\" \/>\n<meta property=\"og:type\" content=\"article\" \/>\n<meta property=\"og:title\" content=\"Cuando la historia se escribe con el coraz\u00f3n - Colegio Concertado San Bartolom\u00e9 | Salesianos M\u00e1laga\" \/>\n<meta property=\"og:description\" content=\"El jueves 30, nuestro colegio volvi\u00f3 a vivir una ma\u00f1ana de esas que permanecen: la celebraci\u00f3n del V Certamen Pablo Aranda, una cita que reuni\u00f3 a alumnos de ESO y Bachillerato, profesorado, familias, otros centros educativos y colaboradores en torno a una misma ilusi\u00f3n: la palabra. Bajo el lema \u201cPROTAGONISTAS DE LA HISTORIA\u201d, los participantes [&hellip;]\" \/>\n<meta property=\"og:url\" content=\"https:\/\/malaga.salesianos.edu\/colegio\/blog\/cuando-la-historia-se-escribe-con-el-corazon\/\" \/>\n<meta property=\"og:site_name\" content=\"Colegio Concertado San Bartolom\u00e9 | Salesianos M\u00e1laga\" \/>\n<meta property=\"article:published_time\" content=\"2026-05-13T09:10:46+00:00\" \/>\n<meta property=\"article:modified_time\" content=\"2026-05-13T09:10:50+00:00\" \/>\n<meta property=\"og:image\" content=\"https:\/\/malaga.salesianos.edu\/colegio\/wp-content\/uploads\/sites\/2\/2026\/05\/portada-v2.jpeg\" \/>\n\t<meta property=\"og:image:width\" content=\"1275\" \/>\n\t<meta property=\"og:image:height\" content=\"1114\" \/>\n\t<meta property=\"og:image:type\" content=\"image\/jpeg\" \/>\n<meta name=\"author\" content=\"Comunicaci\u00f3n MLG\" \/>\n<meta name=\"twitter:card\" content=\"summary_large_image\" \/>\n<meta name=\"twitter:label1\" content=\"Escrito por\" \/>\n\t<meta name=\"twitter:data1\" content=\"Comunicaci\u00f3n MLG\" \/>\n\t<meta name=\"twitter:label2\" content=\"Tiempo de lectura\" \/>\n\t<meta name=\"twitter:data2\" content=\"2 minutos\" \/>\n<script type=\"application\/ld+json\" class=\"yoast-schema-graph\">{\"@context\":\"https:\\\/\\\/schema.org\",\"@graph\":[{\"@type\":\"Article\",\"@id\":\"https:\\\/\\\/malaga.salesianos.edu\\\/colegio\\\/blog\\\/cuando-la-historia-se-escribe-con-el-corazon\\\/#article\",\"isPartOf\":{\"@id\":\"https:\\\/\\\/malaga.salesianos.edu\\\/colegio\\\/blog\\\/cuando-la-historia-se-escribe-con-el-corazon\\\/\"},\"author\":{\"name\":\"Comunicaci\u00f3n MLG\",\"@id\":\"https:\\\/\\\/malaga.salesianos.edu\\\/colegio\\\/#\\\/schema\\\/person\\\/fd7e7b338b40e1c817a659fe5fce718b\"},\"headline\":\"Cuando la historia se escribe con el coraz\u00f3n\",\"datePublished\":\"2026-05-13T09:10:46+00:00\",\"dateModified\":\"2026-05-13T09:10:50+00:00\",\"mainEntityOfPage\":{\"@id\":\"https:\\\/\\\/malaga.salesianos.edu\\\/colegio\\\/blog\\\/cuando-la-historia-se-escribe-con-el-corazon\\\/\"},\"wordCount\":404,\"commentCount\":0,\"publisher\":{\"@id\":\"https:\\\/\\\/malaga.salesianos.edu\\\/colegio\\\/#organization\"},\"image\":{\"@id\":\"https:\\\/\\\/malaga.salesianos.edu\\\/colegio\\\/blog\\\/cuando-la-historia-se-escribe-con-el-corazon\\\/#primaryimage\"},\"thumbnailUrl\":\"https:\\\/\\\/malaga.salesianos.edu\\\/colegio\\\/wp-content\\\/uploads\\\/sites\\\/2\\\/2026\\\/05\\\/portada-v2.jpeg\",\"articleSection\":[\"Bachillerato\",\"Colegio\",\"Destacado Bachillerato\",\"Destacado ESO\",\"ESO\"],\"inLanguage\":\"es\",\"potentialAction\":[{\"@type\":\"CommentAction\",\"name\":\"Comment\",\"target\":[\"https:\\\/\\\/malaga.salesianos.edu\\\/colegio\\\/blog\\\/cuando-la-historia-se-escribe-con-el-corazon\\\/#respond\"]}]},{\"@type\":\"WebPage\",\"@id\":\"https:\\\/\\\/malaga.salesianos.edu\\\/colegio\\\/blog\\\/cuando-la-historia-se-escribe-con-el-corazon\\\/\",\"url\":\"https:\\\/\\\/malaga.salesianos.edu\\\/colegio\\\/blog\\\/cuando-la-historia-se-escribe-con-el-corazon\\\/\",\"name\":\"Cuando la historia se escribe con el coraz\u00f3n - Colegio Concertado San Bartolom\u00e9 | Salesianos M\u00e1laga\",\"isPartOf\":{\"@id\":\"https:\\\/\\\/malaga.salesianos.edu\\\/colegio\\\/#website\"},\"primaryImageOfPage\":{\"@id\":\"https:\\\/\\\/malaga.salesianos.edu\\\/colegio\\\/blog\\\/cuando-la-historia-se-escribe-con-el-corazon\\\/#primaryimage\"},\"image\":{\"@id\":\"https:\\\/\\\/malaga.salesianos.edu\\\/colegio\\\/blog\\\/cuando-la-historia-se-escribe-con-el-corazon\\\/#primaryimage\"},\"thumbnailUrl\":\"https:\\\/\\\/malaga.salesianos.edu\\\/colegio\\\/wp-content\\\/uploads\\\/sites\\\/2\\\/2026\\\/05\\\/portada-v2.jpeg\",\"datePublished\":\"2026-05-13T09:10:46+00:00\",\"dateModified\":\"2026-05-13T09:10:50+00:00\",\"breadcrumb\":{\"@id\":\"https:\\\/\\\/malaga.salesianos.edu\\\/colegio\\\/blog\\\/cuando-la-historia-se-escribe-con-el-corazon\\\/#breadcrumb\"},\"inLanguage\":\"es\",\"potentialAction\":[{\"@type\":\"ReadAction\",\"target\":[\"https:\\\/\\\/malaga.salesianos.edu\\\/colegio\\\/blog\\\/cuando-la-historia-se-escribe-con-el-corazon\\\/\"]}]},{\"@type\":\"ImageObject\",\"inLanguage\":\"es\",\"@id\":\"https:\\\/\\\/malaga.salesianos.edu\\\/colegio\\\/blog\\\/cuando-la-historia-se-escribe-con-el-corazon\\\/#primaryimage\",\"url\":\"https:\\\/\\\/malaga.salesianos.edu\\\/colegio\\\/wp-content\\\/uploads\\\/sites\\\/2\\\/2026\\\/05\\\/portada-v2.jpeg\",\"contentUrl\":\"https:\\\/\\\/malaga.salesianos.edu\\\/colegio\\\/wp-content\\\/uploads\\\/sites\\\/2\\\/2026\\\/05\\\/portada-v2.jpeg\",\"width\":1275,\"height\":1114},{\"@type\":\"BreadcrumbList\",\"@id\":\"https:\\\/\\\/malaga.salesianos.edu\\\/colegio\\\/blog\\\/cuando-la-historia-se-escribe-con-el-corazon\\\/#breadcrumb\",\"itemListElement\":[{\"@type\":\"ListItem\",\"position\":1,\"name\":\"Portada\",\"item\":\"https:\\\/\\\/malaga.salesianos.edu\\\/colegio\\\/\"},{\"@type\":\"ListItem\",\"position\":2,\"name\":\"Cuando la historia se escribe con el coraz\u00f3n\"}]},{\"@type\":\"WebSite\",\"@id\":\"https:\\\/\\\/malaga.salesianos.edu\\\/colegio\\\/#website\",\"url\":\"https:\\\/\\\/malaga.salesianos.edu\\\/colegio\\\/\",\"name\":\"Colegio Concertado San Bartolom\u00e9 | Salesianos M\u00e1laga\",\"description\":\"Centro concertado. Infantil, Primaria, ESO, Bachillerato, Formaci\u00f3n Profesional, Formaci\u00f3n Profesional B\u00e1sica (FPB) y Ciclos Formativos de Grado Medio y Superior.\",\"publisher\":{\"@id\":\"https:\\\/\\\/malaga.salesianos.edu\\\/colegio\\\/#organization\"},\"potentialAction\":[{\"@type\":\"SearchAction\",\"target\":{\"@type\":\"EntryPoint\",\"urlTemplate\":\"https:\\\/\\\/malaga.salesianos.edu\\\/colegio\\\/?s={search_term_string}\"},\"query-input\":{\"@type\":\"PropertyValueSpecification\",\"valueRequired\":true,\"valueName\":\"search_term_string\"}}],\"inLanguage\":\"es\"},{\"@type\":\"Organization\",\"@id\":\"https:\\\/\\\/malaga.salesianos.edu\\\/colegio\\\/#organization\",\"name\":\"Salesianos M\u00e1laga\",\"url\":\"https:\\\/\\\/malaga.salesianos.edu\\\/colegio\\\/\",\"logo\":{\"@type\":\"ImageObject\",\"inLanguage\":\"es\",\"@id\":\"https:\\\/\\\/malaga.salesianos.edu\\\/colegio\\\/#\\\/schema\\\/logo\\\/image\\\/\",\"url\":\"https:\\\/\\\/malaga.salesianos.edu\\\/colegio\\\/wp-content\\\/uploads\\\/sites\\\/2\\\/2018\\\/04\\\/MALAGAobraVN2.jpg\",\"contentUrl\":\"https:\\\/\\\/malaga.salesianos.edu\\\/colegio\\\/wp-content\\\/uploads\\\/sites\\\/2\\\/2018\\\/04\\\/MALAGAobraVN2.jpg\",\"width\":1937,\"height\":1490,\"caption\":\"Salesianos M\u00e1laga\"},\"image\":{\"@id\":\"https:\\\/\\\/malaga.salesianos.edu\\\/colegio\\\/#\\\/schema\\\/logo\\\/image\\\/\"}},{\"@type\":\"Person\",\"@id\":\"https:\\\/\\\/malaga.salesianos.edu\\\/colegio\\\/#\\\/schema\\\/person\\\/fd7e7b338b40e1c817a659fe5fce718b\",\"name\":\"Comunicaci\u00f3n MLG\",\"image\":{\"@type\":\"ImageObject\",\"inLanguage\":\"es\",\"@id\":\"https:\\\/\\\/secure.gravatar.com\\\/avatar\\\/2ce5c66be6c7ab6b098b2ac29099a68d1cdb824afbb8aadf744614ce719778ff?s=96&d=mm&r=g\",\"url\":\"https:\\\/\\\/secure.gravatar.com\\\/avatar\\\/2ce5c66be6c7ab6b098b2ac29099a68d1cdb824afbb8aadf744614ce719778ff?s=96&d=mm&r=g\",\"contentUrl\":\"https:\\\/\\\/secure.gravatar.com\\\/avatar\\\/2ce5c66be6c7ab6b098b2ac29099a68d1cdb824afbb8aadf744614ce719778ff?s=96&d=mm&r=g\",\"caption\":\"Comunicaci\u00f3n MLG\"}}]}<\/script>\n<!-- \/ Yoast SEO plugin. -->","yoast_head_json":{"title":"Cuando la historia se escribe con el coraz\u00f3n - Colegio Concertado San Bartolom\u00e9 | Salesianos M\u00e1laga","robots":{"index":"index","follow":"follow","max-snippet":"max-snippet:-1","max-image-preview":"max-image-preview:large","max-video-preview":"max-video-preview:-1"},"canonical":"https:\/\/malaga.salesianos.edu\/colegio\/blog\/cuando-la-historia-se-escribe-con-el-corazon\/","og_locale":"es_ES","og_type":"article","og_title":"Cuando la historia se escribe con el coraz\u00f3n - Colegio Concertado San Bartolom\u00e9 | Salesianos M\u00e1laga","og_description":"El jueves 30, nuestro colegio volvi\u00f3 a vivir una ma\u00f1ana de esas que permanecen: la celebraci\u00f3n del V Certamen Pablo Aranda, una cita que reuni\u00f3 a alumnos de ESO y Bachillerato, profesorado, familias, otros centros educativos y colaboradores en torno a una misma ilusi\u00f3n: la palabra. Bajo el lema \u201cPROTAGONISTAS DE LA HISTORIA\u201d, los participantes [&hellip;]","og_url":"https:\/\/malaga.salesianos.edu\/colegio\/blog\/cuando-la-historia-se-escribe-con-el-corazon\/","og_site_name":"Colegio Concertado San Bartolom\u00e9 | Salesianos M\u00e1laga","article_published_time":"2026-05-13T09:10:46+00:00","article_modified_time":"2026-05-13T09:10:50+00:00","og_image":[{"width":1275,"height":1114,"url":"https:\/\/malaga.salesianos.edu\/colegio\/wp-content\/uploads\/sites\/2\/2026\/05\/portada-v2.jpeg","type":"image\/jpeg"}],"author":"Comunicaci\u00f3n MLG","twitter_card":"summary_large_image","twitter_misc":{"Escrito por":"Comunicaci\u00f3n MLG","Tiempo de lectura":"2 minutos"},"schema":{"@context":"https:\/\/schema.org","@graph":[{"@type":"Article","@id":"https:\/\/malaga.salesianos.edu\/colegio\/blog\/cuando-la-historia-se-escribe-con-el-corazon\/#article","isPartOf":{"@id":"https:\/\/malaga.salesianos.edu\/colegio\/blog\/cuando-la-historia-se-escribe-con-el-corazon\/"},"author":{"name":"Comunicaci\u00f3n MLG","@id":"https:\/\/malaga.salesianos.edu\/colegio\/#\/schema\/person\/fd7e7b338b40e1c817a659fe5fce718b"},"headline":"Cuando la historia se escribe con el coraz\u00f3n","datePublished":"2026-05-13T09:10:46+00:00","dateModified":"2026-05-13T09:10:50+00:00","mainEntityOfPage":{"@id":"https:\/\/malaga.salesianos.edu\/colegio\/blog\/cuando-la-historia-se-escribe-con-el-corazon\/"},"wordCount":404,"commentCount":0,"publisher":{"@id":"https:\/\/malaga.salesianos.edu\/colegio\/#organization"},"image":{"@id":"https:\/\/malaga.salesianos.edu\/colegio\/blog\/cuando-la-historia-se-escribe-con-el-corazon\/#primaryimage"},"thumbnailUrl":"https:\/\/malaga.salesianos.edu\/colegio\/wp-content\/uploads\/sites\/2\/2026\/05\/portada-v2.jpeg","articleSection":["Bachillerato","Colegio","Destacado Bachillerato","Destacado ESO","ESO"],"inLanguage":"es","potentialAction":[{"@type":"CommentAction","name":"Comment","target":["https:\/\/malaga.salesianos.edu\/colegio\/blog\/cuando-la-historia-se-escribe-con-el-corazon\/#respond"]}]},{"@type":"WebPage","@id":"https:\/\/malaga.salesianos.edu\/colegio\/blog\/cuando-la-historia-se-escribe-con-el-corazon\/","url":"https:\/\/malaga.salesianos.edu\/colegio\/blog\/cuando-la-historia-se-escribe-con-el-corazon\/","name":"Cuando la historia se escribe con el coraz\u00f3n - Colegio Concertado San Bartolom\u00e9 | Salesianos M\u00e1laga","isPartOf":{"@id":"https:\/\/malaga.salesianos.edu\/colegio\/#website"},"primaryImageOfPage":{"@id":"https:\/\/malaga.salesianos.edu\/colegio\/blog\/cuando-la-historia-se-escribe-con-el-corazon\/#primaryimage"},"image":{"@id":"https:\/\/malaga.salesianos.edu\/colegio\/blog\/cuando-la-historia-se-escribe-con-el-corazon\/#primaryimage"},"thumbnailUrl":"https:\/\/malaga.salesianos.edu\/colegio\/wp-content\/uploads\/sites\/2\/2026\/05\/portada-v2.jpeg","datePublished":"2026-05-13T09:10:46+00:00","dateModified":"2026-05-13T09:10:50+00:00","breadcrumb":{"@id":"https:\/\/malaga.salesianos.edu\/colegio\/blog\/cuando-la-historia-se-escribe-con-el-corazon\/#breadcrumb"},"inLanguage":"es","potentialAction":[{"@type":"ReadAction","target":["https:\/\/malaga.salesianos.edu\/colegio\/blog\/cuando-la-historia-se-escribe-con-el-corazon\/"]}]},{"@type":"ImageObject","inLanguage":"es","@id":"https:\/\/malaga.salesianos.edu\/colegio\/blog\/cuando-la-historia-se-escribe-con-el-corazon\/#primaryimage","url":"https:\/\/malaga.salesianos.edu\/colegio\/wp-content\/uploads\/sites\/2\/2026\/05\/portada-v2.jpeg","contentUrl":"https:\/\/malaga.salesianos.edu\/colegio\/wp-content\/uploads\/sites\/2\/2026\/05\/portada-v2.jpeg","width":1275,"height":1114},{"@type":"BreadcrumbList","@id":"https:\/\/malaga.salesianos.edu\/colegio\/blog\/cuando-la-historia-se-escribe-con-el-corazon\/#breadcrumb","itemListElement":[{"@type":"ListItem","position":1,"name":"Portada","item":"https:\/\/malaga.salesianos.edu\/colegio\/"},{"@type":"ListItem","position":2,"name":"Cuando la historia se escribe con el coraz\u00f3n"}]},{"@type":"WebSite","@id":"https:\/\/malaga.salesianos.edu\/colegio\/#website","url":"https:\/\/malaga.salesianos.edu\/colegio\/","name":"Colegio Concertado San Bartolom\u00e9 | Salesianos M\u00e1laga","description":"Centro concertado. Infantil, Primaria, ESO, Bachillerato, Formaci\u00f3n Profesional, Formaci\u00f3n Profesional B\u00e1sica (FPB) y Ciclos Formativos de Grado Medio y Superior.","publisher":{"@id":"https:\/\/malaga.salesianos.edu\/colegio\/#organization"},"potentialAction":[{"@type":"SearchAction","target":{"@type":"EntryPoint","urlTemplate":"https:\/\/malaga.salesianos.edu\/colegio\/?s={search_term_string}"},"query-input":{"@type":"PropertyValueSpecification","valueRequired":true,"valueName":"search_term_string"}}],"inLanguage":"es"},{"@type":"Organization","@id":"https:\/\/malaga.salesianos.edu\/colegio\/#organization","name":"Salesianos M\u00e1laga","url":"https:\/\/malaga.salesianos.edu\/colegio\/","logo":{"@type":"ImageObject","inLanguage":"es","@id":"https:\/\/malaga.salesianos.edu\/colegio\/#\/schema\/logo\/image\/","url":"https:\/\/malaga.salesianos.edu\/colegio\/wp-content\/uploads\/sites\/2\/2018\/04\/MALAGAobraVN2.jpg","contentUrl":"https:\/\/malaga.salesianos.edu\/colegio\/wp-content\/uploads\/sites\/2\/2018\/04\/MALAGAobraVN2.jpg","width":1937,"height":1490,"caption":"Salesianos M\u00e1laga"},"image":{"@id":"https:\/\/malaga.salesianos.edu\/colegio\/#\/schema\/logo\/image\/"}},{"@type":"Person","@id":"https:\/\/malaga.salesianos.edu\/colegio\/#\/schema\/person\/fd7e7b338b40e1c817a659fe5fce718b","name":"Comunicaci\u00f3n MLG","image":{"@type":"ImageObject","inLanguage":"es","@id":"https:\/\/secure.gravatar.com\/avatar\/2ce5c66be6c7ab6b098b2ac29099a68d1cdb824afbb8aadf744614ce719778ff?s=96&d=mm&r=g","url":"https:\/\/secure.gravatar.com\/avatar\/2ce5c66be6c7ab6b098b2ac29099a68d1cdb824afbb8aadf744614ce719778ff?s=96&d=mm&r=g","contentUrl":"https:\/\/secure.gravatar.com\/avatar\/2ce5c66be6c7ab6b098b2ac29099a68d1cdb824afbb8aadf744614ce719778ff?s=96&d=mm&r=g","caption":"Comunicaci\u00f3n MLG"}}]}},"_links":{"self":[{"href":"https:\/\/malaga.salesianos.edu\/colegio\/wp-json\/wp\/v2\/posts\/90731","targetHints":{"allow":["GET"]}}],"collection":[{"href":"https:\/\/malaga.salesianos.edu\/colegio\/wp-json\/wp\/v2\/posts"}],"about":[{"href":"https:\/\/malaga.salesianos.edu\/colegio\/wp-json\/wp\/v2\/types\/post"}],"author":[{"embeddable":true,"href":"https:\/\/malaga.salesianos.edu\/colegio\/wp-json\/wp\/v2\/users\/2"}],"replies":[{"embeddable":true,"href":"https:\/\/malaga.salesianos.edu\/colegio\/wp-json\/wp\/v2\/comments?post=90731"}],"version-history":[{"count":3,"href":"https:\/\/malaga.salesianos.edu\/colegio\/wp-json\/wp\/v2\/posts\/90731\/revisions"}],"predecessor-version":[{"id":90735,"href":"https:\/\/malaga.salesianos.edu\/colegio\/wp-json\/wp\/v2\/posts\/90731\/revisions\/90735"}],"wp:featuredmedia":[{"embeddable":true,"href":"https:\/\/malaga.salesianos.edu\/colegio\/wp-json\/wp\/v2\/media\/90730"}],"wp:attachment":[{"href":"https:\/\/malaga.salesianos.edu\/colegio\/wp-json\/wp\/v2\/media?parent=90731"}],"wp:term":[{"taxonomy":"category","embeddable":true,"href":"https:\/\/malaga.salesianos.edu\/colegio\/wp-json\/wp\/v2\/categories?post=90731"},{"taxonomy":"post_tag","embeddable":true,"href":"https:\/\/malaga.salesianos.edu\/colegio\/wp-json\/wp\/v2\/tags?post=90731"}],"curies":[{"name":"wp","href":"https:\/\/api.w.org\/{rel}","templated":true}]}}