{"id":90716,"date":"2026-05-06T12:46:26","date_gmt":"2026-05-06T10:46:26","guid":{"rendered":"https:\/\/malaga.salesianos.edu\/colegio\/?p=90716"},"modified":"2026-05-06T12:46:30","modified_gmt":"2026-05-06T10:46:30","slug":"excursion-al-jardin-botanico","status":"publish","type":"post","link":"https:\/\/malaga.salesianos.edu\/colegio\/blog\/excursion-al-jardin-botanico\/","title":{"rendered":"Excursi\u00f3n al Jard\u00edn Bot\u00e1nico"},"content":{"rendered":"<p>[et_pb_section fb_built=\u00bb1&#8243; admin_label=\u00bbsection\u00bb _builder_version=\u00bb4.16&#8243; global_colors_info=\u00bb{}\u00bb][et_pb_row admin_label=\u00bbrow\u00bb _builder_version=\u00bb4.16&#8243; background_size=\u00bbinitial\u00bb background_position=\u00bbtop_left\u00bb background_repeat=\u00bbrepeat\u00bb global_colors_info=\u00bb{}\u00bb][et_pb_column type=\u00bb4_4&#8243; _builder_version=\u00bb4.16&#8243; custom_padding=\u00bb|||\u00bb global_colors_info=\u00bb{}\u00bb custom_padding__hover=\u00bb|||\u00bb][et_pb_image _builder_version=\u00bb4.27.6&#8243; _module_preset=\u00bbdefault\u00bb title_text=\u00bbPortada\u00bb src=\u00bbhttps:\/\/malaga.salesianos.edu\/colegio\/wp-content\/uploads\/sites\/2\/2026\/05\/Portada-scaled.jpeg\u00bb align=\u00bbcenter\u00bb width=\u00bb28%\u00bb max_width=\u00bb28%\u00bb hover_enabled=\u00bb0&#8243; sticky_enabled=\u00bb0&#8243;][\/et_pb_image][et_pb_text _builder_version=\u00bb4.27.6&#8243; _module_preset=\u00bbdefault\u00bb hover_enabled=\u00bb0&#8243; sticky_enabled=\u00bb0&#8243;]<\/p>\n<p>El pasado jueves 30 de abril el grupo de 1\u00ba de la ESO visit\u00f3 el\u00a0Jard\u00edn Bot\u00e1nico Hist\u00f3rico La Concepci\u00f3n, donde aprendieron sobre la riqueza hist\u00f3rica y natural de su ciudad.\u00a0<\/p>\n<p>En la visita los alumnos pudieron pasear por los jardines durante tres horas acompa\u00f1ados de un gu\u00eda.<\/p>\n<p>Este recorrido les permiti\u00f3 apreciar la belleza del lugar que se encuentra tan cerca de sus casas, pero al que la mayor\u00eda no hab\u00eda tenido la oportunidad de acudir. Adem\u00e1s, pudieron revisar parte del contenido aprendido en la asignatura de Biolog\u00eda y Geograf\u00eda durante el trimestre pasado. Por lo que esta salida ha permitido al alumnado ser testigos directos de c\u00f3mo todo aquello que van aprendiendo en las aulas forma parte de la realidad que les rodea.\u00a0\u00a0<\/p>\n<p>[\/et_pb_text][et_pb_button _builder_version=\u00bb4.27.6&#8243; _module_preset=\u00bbdefault\u00bb button_text=\u00bbGaler\u00eda de fotos Primer Ciclo ESO\u00bb button_url=\u00bbhttps:\/\/malaga.salesianos.edu\/galeria-de-fotos-de-1o-ciclo-de-secundaria\/\u00bb button_alignment=\u00bbcenter\u00bb hover_enabled=\u00bb0&#8243; sticky_enabled=\u00bb0&#8243;][\/et_pb_button][\/et_pb_column][\/et_pb_row][\/et_pb_section]<\/p>\n","protected":false},"excerpt":{"rendered":"<p>El pasado jueves 30 de abril el grupo de 1\u00ba de la ESO visit\u00f3 el\u00a0Jard\u00edn Bot\u00e1nico Hist\u00f3rico La Concepci\u00f3n, donde aprendieron sobre la riqueza hist\u00f3rica y natural de su ciudad.\u00a0 En la visita los alumnos pudieron pasear por los jardines durante tres horas acompa\u00f1ados de un gu\u00eda. Este recorrido les permiti\u00f3 apreciar la belleza del [&hellip;]<\/p>\n","protected":false},"author":2,"featured_media":90715,"comment_status":"open","ping_status":"open","sticky":false,"template":"","format":"standard","meta":{"_et_pb_use_builder":"on","_et_pb_old_content":"","_et_gb_content_width":"","footnotes":""},"categories":[126,10,97,12],"tags":[],"class_list":["post-90716","post","type-post","status-publish","format-standard","has-post-thumbnail","hentry","category-casa","category-colegio","category-destacado-eso","category-eso"],"yoast_head":"<!-- This site is optimized with the Yoast SEO plugin v28.3 - https:\/\/yoast.com\/product\/yoast-seo-wordpress\/ -->\n<title>Excursi\u00f3n al Jard\u00edn Bot\u00e1nico - Colegio Concertado San Bartolom\u00e9 | Salesianos M\u00e1laga<\/title>\n<meta name=\"robots\" content=\"index, follow, max-snippet:-1, max-image-preview:large, max-video-preview:-1\" \/>\n<link rel=\"canonical\" href=\"https:\/\/malaga.salesianos.edu\/colegio\/blog\/excursion-al-jardin-botanico\/\" \/>\n<meta property=\"og:locale\" content=\"es_ES\" \/>\n<meta property=\"og:type\" content=\"article\" \/>\n<meta property=\"og:title\" content=\"Excursi\u00f3n al Jard\u00edn Bot\u00e1nico - Colegio Concertado San Bartolom\u00e9 | Salesianos M\u00e1laga\" \/>\n<meta property=\"og:description\" content=\"El pasado jueves 30 de abril el grupo de 1\u00ba de la ESO visit\u00f3 el\u00a0Jard\u00edn Bot\u00e1nico Hist\u00f3rico La Concepci\u00f3n, donde aprendieron sobre la riqueza hist\u00f3rica y natural de su ciudad.\u00a0 En la visita los alumnos pudieron pasear por los jardines durante tres horas acompa\u00f1ados de un gu\u00eda. Este recorrido les permiti\u00f3 apreciar la belleza del [&hellip;]\" \/>\n<meta property=\"og:url\" content=\"https:\/\/malaga.salesianos.edu\/colegio\/blog\/excursion-al-jardin-botanico\/\" \/>\n<meta property=\"og:site_name\" content=\"Colegio Concertado San Bartolom\u00e9 | Salesianos M\u00e1laga\" \/>\n<meta property=\"article:published_time\" content=\"2026-05-06T10:46:26+00:00\" \/>\n<meta property=\"article:modified_time\" content=\"2026-05-06T10:46:30+00:00\" \/>\n<meta property=\"og:image\" content=\"https:\/\/malaga.salesianos.edu\/colegio\/wp-content\/uploads\/sites\/2\/2026\/05\/Portada-scaled.jpeg\" \/>\n\t<meta property=\"og:image:width\" content=\"1920\" \/>\n\t<meta property=\"og:image:height\" content=\"2560\" \/>\n\t<meta property=\"og:image:type\" content=\"image\/jpeg\" \/>\n<meta name=\"author\" content=\"Comunicaci\u00f3n MLG\" \/>\n<meta name=\"twitter:card\" content=\"summary_large_image\" \/>\n<meta name=\"twitter:label1\" content=\"Escrito por\" \/>\n\t<meta name=\"twitter:data1\" content=\"Comunicaci\u00f3n MLG\" \/>\n\t<meta name=\"twitter:label2\" content=\"Tiempo de lectura\" \/>\n\t<meta name=\"twitter:data2\" content=\"2 minutos\" \/>\n<script type=\"application\/ld+json\" class=\"yoast-schema-graph\">{\"@context\":\"https:\\\/\\\/schema.org\",\"@graph\":[{\"@type\":\"Article\",\"@id\":\"https:\\\/\\\/malaga.salesianos.edu\\\/colegio\\\/blog\\\/excursion-al-jardin-botanico\\\/#article\",\"isPartOf\":{\"@id\":\"https:\\\/\\\/malaga.salesianos.edu\\\/colegio\\\/blog\\\/excursion-al-jardin-botanico\\\/\"},\"author\":{\"name\":\"Comunicaci\u00f3n MLG\",\"@id\":\"https:\\\/\\\/malaga.salesianos.edu\\\/colegio\\\/#\\\/schema\\\/person\\\/fd7e7b338b40e1c817a659fe5fce718b\"},\"headline\":\"Excursi\u00f3n al Jard\u00edn Bot\u00e1nico\",\"datePublished\":\"2026-05-06T10:46:26+00:00\",\"dateModified\":\"2026-05-06T10:46:30+00:00\",\"mainEntityOfPage\":{\"@id\":\"https:\\\/\\\/malaga.salesianos.edu\\\/colegio\\\/blog\\\/excursion-al-jardin-botanico\\\/\"},\"wordCount\":284,\"commentCount\":0,\"publisher\":{\"@id\":\"https:\\\/\\\/malaga.salesianos.edu\\\/colegio\\\/#organization\"},\"image\":{\"@id\":\"https:\\\/\\\/malaga.salesianos.edu\\\/colegio\\\/blog\\\/excursion-al-jardin-botanico\\\/#primaryimage\"},\"thumbnailUrl\":\"https:\\\/\\\/malaga.salesianos.edu\\\/colegio\\\/wp-content\\\/uploads\\\/sites\\\/2\\\/2026\\\/05\\\/Portada-scaled.jpeg\",\"articleSection\":[\"Casa\",\"Colegio\",\"Destacado ESO\",\"ESO\"],\"inLanguage\":\"es\",\"potentialAction\":[{\"@type\":\"CommentAction\",\"name\":\"Comment\",\"target\":[\"https:\\\/\\\/malaga.salesianos.edu\\\/colegio\\\/blog\\\/excursion-al-jardin-botanico\\\/#respond\"]}]},{\"@type\":\"WebPage\",\"@id\":\"https:\\\/\\\/malaga.salesianos.edu\\\/colegio\\\/blog\\\/excursion-al-jardin-botanico\\\/\",\"url\":\"https:\\\/\\\/malaga.salesianos.edu\\\/colegio\\\/blog\\\/excursion-al-jardin-botanico\\\/\",\"name\":\"Excursi\u00f3n al Jard\u00edn Bot\u00e1nico - Colegio Concertado San Bartolom\u00e9 | Salesianos M\u00e1laga\",\"isPartOf\":{\"@id\":\"https:\\\/\\\/malaga.salesianos.edu\\\/colegio\\\/#website\"},\"primaryImageOfPage\":{\"@id\":\"https:\\\/\\\/malaga.salesianos.edu\\\/colegio\\\/blog\\\/excursion-al-jardin-botanico\\\/#primaryimage\"},\"image\":{\"@id\":\"https:\\\/\\\/malaga.salesianos.edu\\\/colegio\\\/blog\\\/excursion-al-jardin-botanico\\\/#primaryimage\"},\"thumbnailUrl\":\"https:\\\/\\\/malaga.salesianos.edu\\\/colegio\\\/wp-content\\\/uploads\\\/sites\\\/2\\\/2026\\\/05\\\/Portada-scaled.jpeg\",\"datePublished\":\"2026-05-06T10:46:26+00:00\",\"dateModified\":\"2026-05-06T10:46:30+00:00\",\"breadcrumb\":{\"@id\":\"https:\\\/\\\/malaga.salesianos.edu\\\/colegio\\\/blog\\\/excursion-al-jardin-botanico\\\/#breadcrumb\"},\"inLanguage\":\"es\",\"potentialAction\":[{\"@type\":\"ReadAction\",\"target\":[\"https:\\\/\\\/malaga.salesianos.edu\\\/colegio\\\/blog\\\/excursion-al-jardin-botanico\\\/\"]}]},{\"@type\":\"ImageObject\",\"inLanguage\":\"es\",\"@id\":\"https:\\\/\\\/malaga.salesianos.edu\\\/colegio\\\/blog\\\/excursion-al-jardin-botanico\\\/#primaryimage\",\"url\":\"https:\\\/\\\/malaga.salesianos.edu\\\/colegio\\\/wp-content\\\/uploads\\\/sites\\\/2\\\/2026\\\/05\\\/Portada-scaled.jpeg\",\"contentUrl\":\"https:\\\/\\\/malaga.salesianos.edu\\\/colegio\\\/wp-content\\\/uploads\\\/sites\\\/2\\\/2026\\\/05\\\/Portada-scaled.jpeg\",\"width\":1920,\"height\":2560},{\"@type\":\"BreadcrumbList\",\"@id\":\"https:\\\/\\\/malaga.salesianos.edu\\\/colegio\\\/blog\\\/excursion-al-jardin-botanico\\\/#breadcrumb\",\"itemListElement\":[{\"@type\":\"ListItem\",\"position\":1,\"name\":\"Portada\",\"item\":\"https:\\\/\\\/malaga.salesianos.edu\\\/colegio\\\/\"},{\"@type\":\"ListItem\",\"position\":2,\"name\":\"Excursi\u00f3n al Jard\u00edn Bot\u00e1nico\"}]},{\"@type\":\"WebSite\",\"@id\":\"https:\\\/\\\/malaga.salesianos.edu\\\/colegio\\\/#website\",\"url\":\"https:\\\/\\\/malaga.salesianos.edu\\\/colegio\\\/\",\"name\":\"Colegio Concertado San Bartolom\u00e9 | Salesianos M\u00e1laga\",\"description\":\"Centro concertado. Infantil, Primaria, ESO, Bachillerato, Formaci\u00f3n Profesional, Formaci\u00f3n Profesional B\u00e1sica (FPB) y Ciclos Formativos de Grado Medio y Superior.\",\"publisher\":{\"@id\":\"https:\\\/\\\/malaga.salesianos.edu\\\/colegio\\\/#organization\"},\"potentialAction\":[{\"@type\":\"SearchAction\",\"target\":{\"@type\":\"EntryPoint\",\"urlTemplate\":\"https:\\\/\\\/malaga.salesianos.edu\\\/colegio\\\/?s={search_term_string}\"},\"query-input\":{\"@type\":\"PropertyValueSpecification\",\"valueRequired\":true,\"valueName\":\"search_term_string\"}}],\"inLanguage\":\"es\"},{\"@type\":\"Organization\",\"@id\":\"https:\\\/\\\/malaga.salesianos.edu\\\/colegio\\\/#organization\",\"name\":\"Salesianos M\u00e1laga\",\"url\":\"https:\\\/\\\/malaga.salesianos.edu\\\/colegio\\\/\",\"logo\":{\"@type\":\"ImageObject\",\"inLanguage\":\"es\",\"@id\":\"https:\\\/\\\/malaga.salesianos.edu\\\/colegio\\\/#\\\/schema\\\/logo\\\/image\\\/\",\"url\":\"https:\\\/\\\/malaga.salesianos.edu\\\/colegio\\\/wp-content\\\/uploads\\\/sites\\\/2\\\/2018\\\/04\\\/MALAGAobraVN2.jpg\",\"contentUrl\":\"https:\\\/\\\/malaga.salesianos.edu\\\/colegio\\\/wp-content\\\/uploads\\\/sites\\\/2\\\/2018\\\/04\\\/MALAGAobraVN2.jpg\",\"width\":1937,\"height\":1490,\"caption\":\"Salesianos M\u00e1laga\"},\"image\":{\"@id\":\"https:\\\/\\\/malaga.salesianos.edu\\\/colegio\\\/#\\\/schema\\\/logo\\\/image\\\/\"}},{\"@type\":\"Person\",\"@id\":\"https:\\\/\\\/malaga.salesianos.edu\\\/colegio\\\/#\\\/schema\\\/person\\\/fd7e7b338b40e1c817a659fe5fce718b\",\"name\":\"Comunicaci\u00f3n MLG\",\"image\":{\"@type\":\"ImageObject\",\"inLanguage\":\"es\",\"@id\":\"https:\\\/\\\/secure.gravatar.com\\\/avatar\\\/2ce5c66be6c7ab6b098b2ac29099a68d1cdb824afbb8aadf744614ce719778ff?s=96&d=mm&r=g\",\"url\":\"https:\\\/\\\/secure.gravatar.com\\\/avatar\\\/2ce5c66be6c7ab6b098b2ac29099a68d1cdb824afbb8aadf744614ce719778ff?s=96&d=mm&r=g\",\"contentUrl\":\"https:\\\/\\\/secure.gravatar.com\\\/avatar\\\/2ce5c66be6c7ab6b098b2ac29099a68d1cdb824afbb8aadf744614ce719778ff?s=96&d=mm&r=g\",\"caption\":\"Comunicaci\u00f3n MLG\"}}]}<\/script>\n<!-- \/ Yoast SEO plugin. -->","yoast_head_json":{"title":"Excursi\u00f3n al Jard\u00edn Bot\u00e1nico - Colegio Concertado San Bartolom\u00e9 | Salesianos M\u00e1laga","robots":{"index":"index","follow":"follow","max-snippet":"max-snippet:-1","max-image-preview":"max-image-preview:large","max-video-preview":"max-video-preview:-1"},"canonical":"https:\/\/malaga.salesianos.edu\/colegio\/blog\/excursion-al-jardin-botanico\/","og_locale":"es_ES","og_type":"article","og_title":"Excursi\u00f3n al Jard\u00edn Bot\u00e1nico - Colegio Concertado San Bartolom\u00e9 | Salesianos M\u00e1laga","og_description":"El pasado jueves 30 de abril el grupo de 1\u00ba de la ESO visit\u00f3 el\u00a0Jard\u00edn Bot\u00e1nico Hist\u00f3rico La Concepci\u00f3n, donde aprendieron sobre la riqueza hist\u00f3rica y natural de su ciudad.\u00a0 En la visita los alumnos pudieron pasear por los jardines durante tres horas acompa\u00f1ados de un gu\u00eda. Este recorrido les permiti\u00f3 apreciar la belleza del [&hellip;]","og_url":"https:\/\/malaga.salesianos.edu\/colegio\/blog\/excursion-al-jardin-botanico\/","og_site_name":"Colegio Concertado San Bartolom\u00e9 | Salesianos M\u00e1laga","article_published_time":"2026-05-06T10:46:26+00:00","article_modified_time":"2026-05-06T10:46:30+00:00","og_image":[{"width":1920,"height":2560,"url":"https:\/\/malaga.salesianos.edu\/colegio\/wp-content\/uploads\/sites\/2\/2026\/05\/Portada-scaled.jpeg","type":"image\/jpeg"}],"author":"Comunicaci\u00f3n MLG","twitter_card":"summary_large_image","twitter_misc":{"Escrito por":"Comunicaci\u00f3n MLG","Tiempo de lectura":"2 minutos"},"schema":{"@context":"https:\/\/schema.org","@graph":[{"@type":"Article","@id":"https:\/\/malaga.salesianos.edu\/colegio\/blog\/excursion-al-jardin-botanico\/#article","isPartOf":{"@id":"https:\/\/malaga.salesianos.edu\/colegio\/blog\/excursion-al-jardin-botanico\/"},"author":{"name":"Comunicaci\u00f3n MLG","@id":"https:\/\/malaga.salesianos.edu\/colegio\/#\/schema\/person\/fd7e7b338b40e1c817a659fe5fce718b"},"headline":"Excursi\u00f3n al Jard\u00edn Bot\u00e1nico","datePublished":"2026-05-06T10:46:26+00:00","dateModified":"2026-05-06T10:46:30+00:00","mainEntityOfPage":{"@id":"https:\/\/malaga.salesianos.edu\/colegio\/blog\/excursion-al-jardin-botanico\/"},"wordCount":284,"commentCount":0,"publisher":{"@id":"https:\/\/malaga.salesianos.edu\/colegio\/#organization"},"image":{"@id":"https:\/\/malaga.salesianos.edu\/colegio\/blog\/excursion-al-jardin-botanico\/#primaryimage"},"thumbnailUrl":"https:\/\/malaga.salesianos.edu\/colegio\/wp-content\/uploads\/sites\/2\/2026\/05\/Portada-scaled.jpeg","articleSection":["Casa","Colegio","Destacado ESO","ESO"],"inLanguage":"es","potentialAction":[{"@type":"CommentAction","name":"Comment","target":["https:\/\/malaga.salesianos.edu\/colegio\/blog\/excursion-al-jardin-botanico\/#respond"]}]},{"@type":"WebPage","@id":"https:\/\/malaga.salesianos.edu\/colegio\/blog\/excursion-al-jardin-botanico\/","url":"https:\/\/malaga.salesianos.edu\/colegio\/blog\/excursion-al-jardin-botanico\/","name":"Excursi\u00f3n al Jard\u00edn Bot\u00e1nico - Colegio Concertado San Bartolom\u00e9 | Salesianos M\u00e1laga","isPartOf":{"@id":"https:\/\/malaga.salesianos.edu\/colegio\/#website"},"primaryImageOfPage":{"@id":"https:\/\/malaga.salesianos.edu\/colegio\/blog\/excursion-al-jardin-botanico\/#primaryimage"},"image":{"@id":"https:\/\/malaga.salesianos.edu\/colegio\/blog\/excursion-al-jardin-botanico\/#primaryimage"},"thumbnailUrl":"https:\/\/malaga.salesianos.edu\/colegio\/wp-content\/uploads\/sites\/2\/2026\/05\/Portada-scaled.jpeg","datePublished":"2026-05-06T10:46:26+00:00","dateModified":"2026-05-06T10:46:30+00:00","breadcrumb":{"@id":"https:\/\/malaga.salesianos.edu\/colegio\/blog\/excursion-al-jardin-botanico\/#breadcrumb"},"inLanguage":"es","potentialAction":[{"@type":"ReadAction","target":["https:\/\/malaga.salesianos.edu\/colegio\/blog\/excursion-al-jardin-botanico\/"]}]},{"@type":"ImageObject","inLanguage":"es","@id":"https:\/\/malaga.salesianos.edu\/colegio\/blog\/excursion-al-jardin-botanico\/#primaryimage","url":"https:\/\/malaga.salesianos.edu\/colegio\/wp-content\/uploads\/sites\/2\/2026\/05\/Portada-scaled.jpeg","contentUrl":"https:\/\/malaga.salesianos.edu\/colegio\/wp-content\/uploads\/sites\/2\/2026\/05\/Portada-scaled.jpeg","width":1920,"height":2560},{"@type":"BreadcrumbList","@id":"https:\/\/malaga.salesianos.edu\/colegio\/blog\/excursion-al-jardin-botanico\/#breadcrumb","itemListElement":[{"@type":"ListItem","position":1,"name":"Portada","item":"https:\/\/malaga.salesianos.edu\/colegio\/"},{"@type":"ListItem","position":2,"name":"Excursi\u00f3n al Jard\u00edn Bot\u00e1nico"}]},{"@type":"WebSite","@id":"https:\/\/malaga.salesianos.edu\/colegio\/#website","url":"https:\/\/malaga.salesianos.edu\/colegio\/","name":"Colegio Concertado San Bartolom\u00e9 | Salesianos M\u00e1laga","description":"Centro concertado. Infantil, Primaria, ESO, Bachillerato, Formaci\u00f3n Profesional, Formaci\u00f3n Profesional B\u00e1sica (FPB) y Ciclos Formativos de Grado Medio y Superior.","publisher":{"@id":"https:\/\/malaga.salesianos.edu\/colegio\/#organization"},"potentialAction":[{"@type":"SearchAction","target":{"@type":"EntryPoint","urlTemplate":"https:\/\/malaga.salesianos.edu\/colegio\/?s={search_term_string}"},"query-input":{"@type":"PropertyValueSpecification","valueRequired":true,"valueName":"search_term_string"}}],"inLanguage":"es"},{"@type":"Organization","@id":"https:\/\/malaga.salesianos.edu\/colegio\/#organization","name":"Salesianos M\u00e1laga","url":"https:\/\/malaga.salesianos.edu\/colegio\/","logo":{"@type":"ImageObject","inLanguage":"es","@id":"https:\/\/malaga.salesianos.edu\/colegio\/#\/schema\/logo\/image\/","url":"https:\/\/malaga.salesianos.edu\/colegio\/wp-content\/uploads\/sites\/2\/2018\/04\/MALAGAobraVN2.jpg","contentUrl":"https:\/\/malaga.salesianos.edu\/colegio\/wp-content\/uploads\/sites\/2\/2018\/04\/MALAGAobraVN2.jpg","width":1937,"height":1490,"caption":"Salesianos M\u00e1laga"},"image":{"@id":"https:\/\/malaga.salesianos.edu\/colegio\/#\/schema\/logo\/image\/"}},{"@type":"Person","@id":"https:\/\/malaga.salesianos.edu\/colegio\/#\/schema\/person\/fd7e7b338b40e1c817a659fe5fce718b","name":"Comunicaci\u00f3n MLG","image":{"@type":"ImageObject","inLanguage":"es","@id":"https:\/\/secure.gravatar.com\/avatar\/2ce5c66be6c7ab6b098b2ac29099a68d1cdb824afbb8aadf744614ce719778ff?s=96&d=mm&r=g","url":"https:\/\/secure.gravatar.com\/avatar\/2ce5c66be6c7ab6b098b2ac29099a68d1cdb824afbb8aadf744614ce719778ff?s=96&d=mm&r=g","contentUrl":"https:\/\/secure.gravatar.com\/avatar\/2ce5c66be6c7ab6b098b2ac29099a68d1cdb824afbb8aadf744614ce719778ff?s=96&d=mm&r=g","caption":"Comunicaci\u00f3n MLG"}}]}},"_links":{"self":[{"href":"https:\/\/malaga.salesianos.edu\/colegio\/wp-json\/wp\/v2\/posts\/90716","targetHints":{"allow":["GET"]}}],"collection":[{"href":"https:\/\/malaga.salesianos.edu\/colegio\/wp-json\/wp\/v2\/posts"}],"about":[{"href":"https:\/\/malaga.salesianos.edu\/colegio\/wp-json\/wp\/v2\/types\/post"}],"author":[{"embeddable":true,"href":"https:\/\/malaga.salesianos.edu\/colegio\/wp-json\/wp\/v2\/users\/2"}],"replies":[{"embeddable":true,"href":"https:\/\/malaga.salesianos.edu\/colegio\/wp-json\/wp\/v2\/comments?post=90716"}],"version-history":[{"count":3,"href":"https:\/\/malaga.salesianos.edu\/colegio\/wp-json\/wp\/v2\/posts\/90716\/revisions"}],"predecessor-version":[{"id":90720,"href":"https:\/\/malaga.salesianos.edu\/colegio\/wp-json\/wp\/v2\/posts\/90716\/revisions\/90720"}],"wp:featuredmedia":[{"embeddable":true,"href":"https:\/\/malaga.salesianos.edu\/colegio\/wp-json\/wp\/v2\/media\/90715"}],"wp:attachment":[{"href":"https:\/\/malaga.salesianos.edu\/colegio\/wp-json\/wp\/v2\/media?parent=90716"}],"wp:term":[{"taxonomy":"category","embeddable":true,"href":"https:\/\/malaga.salesianos.edu\/colegio\/wp-json\/wp\/v2\/categories?post=90716"},{"taxonomy":"post_tag","embeddable":true,"href":"https:\/\/malaga.salesianos.edu\/colegio\/wp-json\/wp\/v2\/tags?post=90716"}],"curies":[{"name":"wp","href":"https:\/\/api.w.org\/{rel}","templated":true}]}}