{"id":90150,"date":"2024-11-15T08:42:04","date_gmt":"2024-11-15T07:42:04","guid":{"rendered":"https:\/\/malaga.salesianos.edu\/colegio\/blog\/yeray-escano-alumno-de-instalaciones-electircas-y-automaticas-en-el-concurso-nacional-de-jovenes-instaladores\/"},"modified":"2024-11-15T08:47:39","modified_gmt":"2024-11-15T07:47:39","slug":"yeray-escano-alumno-de-instalaciones-electircas-y-automaticas-en-el-concurso-nacional-de-jovenes-instaladores","status":"publish","type":"post","link":"https:\/\/malaga.salesianos.edu\/colegio\/blog\/yeray-escano-alumno-de-instalaciones-electircas-y-automaticas-en-el-concurso-nacional-de-jovenes-instaladores\/","title":{"rendered":"Yeray Esca\u00f1o, alumno de Instalaciones El\u00e9ctricas y autom\u00e1ticas en el Concurso Nacional de J\u00f3venes Instaladores"},"content":{"rendered":"<p>La 17\u00aa edici\u00f3n del Concurso Nacional de J\u00f3venes Instaladores, celebrada en Madrid, ha reunido 41 j\u00f3venes participantes a nivel nacional bajo la presencia de miles de profesionales que siguieron de cerca la evoluci\u00f3n de los concursantes. La ceremonia de clausura cont\u00f3 con la presencia de Yolanda Gonz\u00e1lez S\u00e1nchez, Subdirectora General de Promoci\u00f3n Dual y Relaciones con la Empresa, Alberto Leal, director de Matelec, Miguel \u00c1ngel G\u00f3mez, presidente de FENIE, y Jes\u00fas Rom\u00e1n, secretario general de FENIE, quienes reconocieron el esfuerzo y dedicaci\u00f3n de todos los participantes y el gran futuro del sector de las instalaciones.<\/p>\n<p>El Concurso de J\u00f3venes Instaladores celebrado en el marco de la feria se posiciona como un evento de referencia que reconocer y fomenta el talento emergente en el sector de las instalaciones.<\/p>\n<p>Para nuestro Alumno del 2CME Yeray Esca\u00f1o, representando a M\u00e1laga, ha hecho un trabajo sobresaliente, y para \u00e9l ha sido toda una experiencia, tanto en lo profesional como en lo personal.<\/p>\n<p><img loading=\"lazy\" decoding=\"async\" class=\"alignleft size-medium wp-image-90151\" src=\"https:\/\/malaga.salesianos.edu\/colegio\/wp-content\/uploads\/sites\/2\/2024\/11\/24-11-FP-3-300x162.jpeg\" alt=\"\" width=\"300\" height=\"162\" \/> <img loading=\"lazy\" decoding=\"async\" class=\"alignleft size-medium wp-image-90153\" src=\"https:\/\/malaga.salesianos.edu\/colegio\/wp-content\/uploads\/sites\/2\/2024\/11\/24-11-FP-2-225x300.jpeg\" alt=\"\" width=\"225\" height=\"300\" \/> <img loading=\"lazy\" decoding=\"async\" class=\"alignleft size-medium wp-image-90155\" src=\"https:\/\/malaga.salesianos.edu\/colegio\/wp-content\/uploads\/sites\/2\/2024\/11\/24-11-FP-300x225.jpeg\" alt=\"\" width=\"300\" height=\"225\" \/><\/p>\n","protected":false},"excerpt":{"rendered":"<p>La 17\u00aa edici\u00f3n del Concurso Nacional de J\u00f3venes Instaladores, celebrada en Madrid, ha reunido 41 j\u00f3venes participantes a nivel nacional bajo la presencia de miles de profesionales que siguieron de cerca la evoluci\u00f3n de los concursantes. La ceremonia de clausura cont\u00f3 con la presencia de Yolanda Gonz\u00e1lez S\u00e1nchez, Subdirectora General de Promoci\u00f3n Dual y Relaciones [&hellip;]<\/p>\n","protected":false},"author":2,"featured_media":90155,"comment_status":"open","ping_status":"open","sticky":false,"template":"","format":"standard","meta":{"_et_pb_use_builder":"","_et_pb_old_content":"","_et_gb_content_width":"","footnotes":""},"categories":[126,8,100],"tags":[],"class_list":["post-90150","post","type-post","status-publish","format-standard","has-post-thumbnail","hentry","category-casa","category-ciclos-formativos","category-destacado-ciclos"],"yoast_head":"<!-- This site is optimized with the Yoast SEO plugin v28.3 - https:\/\/yoast.com\/product\/yoast-seo-wordpress\/ -->\n<title>Yeray Esca\u00f1o, alumno de Instalaciones El\u00e9ctricas y autom\u00e1ticas en el Concurso Nacional de J\u00f3venes Instaladores - Colegio Concertado San Bartolom\u00e9 | Salesianos M\u00e1laga<\/title>\n<meta name=\"robots\" content=\"index, follow, max-snippet:-1, max-image-preview:large, max-video-preview:-1\" \/>\n<link rel=\"canonical\" href=\"https:\/\/malaga.salesianos.edu\/colegio\/blog\/yeray-escano-alumno-de-instalaciones-electircas-y-automaticas-en-el-concurso-nacional-de-jovenes-instaladores\/\" \/>\n<meta property=\"og:locale\" content=\"es_ES\" \/>\n<meta property=\"og:type\" content=\"article\" \/>\n<meta property=\"og:title\" content=\"Yeray Esca\u00f1o, alumno de Instalaciones El\u00e9ctricas y autom\u00e1ticas en el Concurso Nacional de J\u00f3venes Instaladores - Colegio Concertado San Bartolom\u00e9 | Salesianos M\u00e1laga\" \/>\n<meta property=\"og:description\" content=\"La 17\u00aa edici\u00f3n del Concurso Nacional de J\u00f3venes Instaladores, celebrada en Madrid, ha reunido 41 j\u00f3venes participantes a nivel nacional bajo la presencia de miles de profesionales que siguieron de cerca la evoluci\u00f3n de los concursantes. La ceremonia de clausura cont\u00f3 con la presencia de Yolanda Gonz\u00e1lez S\u00e1nchez, Subdirectora General de Promoci\u00f3n Dual y Relaciones [&hellip;]\" \/>\n<meta property=\"og:url\" content=\"https:\/\/malaga.salesianos.edu\/colegio\/blog\/yeray-escano-alumno-de-instalaciones-electircas-y-automaticas-en-el-concurso-nacional-de-jovenes-instaladores\/\" \/>\n<meta property=\"og:site_name\" content=\"Colegio Concertado San Bartolom\u00e9 | Salesianos M\u00e1laga\" \/>\n<meta property=\"article:published_time\" content=\"2024-11-15T07:42:04+00:00\" \/>\n<meta property=\"article:modified_time\" content=\"2024-11-15T07:47:39+00:00\" \/>\n<meta property=\"og:image\" content=\"https:\/\/malaga.salesianos.edu\/colegio\/wp-content\/uploads\/sites\/2\/2024\/11\/24-11-FP.jpeg\" \/>\n\t<meta property=\"og:image:width\" content=\"2048\" \/>\n\t<meta property=\"og:image:height\" content=\"1536\" \/>\n\t<meta property=\"og:image:type\" content=\"image\/jpeg\" \/>\n<meta name=\"author\" content=\"Comunicaci\u00f3n MLG\" \/>\n<meta name=\"twitter:card\" content=\"summary_large_image\" \/>\n<meta name=\"twitter:label1\" content=\"Escrito por\" \/>\n\t<meta name=\"twitter:data1\" content=\"Comunicaci\u00f3n MLG\" \/>\n\t<meta name=\"twitter:label2\" content=\"Tiempo de lectura\" \/>\n\t<meta name=\"twitter:data2\" content=\"2 minutos\" \/>\n<script type=\"application\/ld+json\" class=\"yoast-schema-graph\">{\"@context\":\"https:\\\/\\\/schema.org\",\"@graph\":[{\"@type\":\"Article\",\"@id\":\"https:\\\/\\\/malaga.salesianos.edu\\\/colegio\\\/blog\\\/yeray-escano-alumno-de-instalaciones-electircas-y-automaticas-en-el-concurso-nacional-de-jovenes-instaladores\\\/#article\",\"isPartOf\":{\"@id\":\"https:\\\/\\\/malaga.salesianos.edu\\\/colegio\\\/blog\\\/yeray-escano-alumno-de-instalaciones-electircas-y-automaticas-en-el-concurso-nacional-de-jovenes-instaladores\\\/\"},\"author\":{\"name\":\"Comunicaci\u00f3n MLG\",\"@id\":\"https:\\\/\\\/malaga.salesianos.edu\\\/colegio\\\/#\\\/schema\\\/person\\\/fd7e7b338b40e1c817a659fe5fce718b\"},\"headline\":\"Yeray Esca\u00f1o, alumno de Instalaciones El\u00e9ctricas y autom\u00e1ticas en el Concurso Nacional de J\u00f3venes Instaladores\",\"datePublished\":\"2024-11-15T07:42:04+00:00\",\"dateModified\":\"2024-11-15T07:47:39+00:00\",\"mainEntityOfPage\":{\"@id\":\"https:\\\/\\\/malaga.salesianos.edu\\\/colegio\\\/blog\\\/yeray-escano-alumno-de-instalaciones-electircas-y-automaticas-en-el-concurso-nacional-de-jovenes-instaladores\\\/\"},\"wordCount\":189,\"commentCount\":0,\"publisher\":{\"@id\":\"https:\\\/\\\/malaga.salesianos.edu\\\/colegio\\\/#organization\"},\"image\":{\"@id\":\"https:\\\/\\\/malaga.salesianos.edu\\\/colegio\\\/blog\\\/yeray-escano-alumno-de-instalaciones-electircas-y-automaticas-en-el-concurso-nacional-de-jovenes-instaladores\\\/#primaryimage\"},\"thumbnailUrl\":\"https:\\\/\\\/malaga.salesianos.edu\\\/colegio\\\/wp-content\\\/uploads\\\/sites\\\/2\\\/2024\\\/11\\\/24-11-FP.jpeg\",\"articleSection\":[\"Casa\",\"Ciclos Formativos\",\"Destacado Ciclos\"],\"inLanguage\":\"es\",\"potentialAction\":[{\"@type\":\"CommentAction\",\"name\":\"Comment\",\"target\":[\"https:\\\/\\\/malaga.salesianos.edu\\\/colegio\\\/blog\\\/yeray-escano-alumno-de-instalaciones-electircas-y-automaticas-en-el-concurso-nacional-de-jovenes-instaladores\\\/#respond\"]}]},{\"@type\":\"WebPage\",\"@id\":\"https:\\\/\\\/malaga.salesianos.edu\\\/colegio\\\/blog\\\/yeray-escano-alumno-de-instalaciones-electircas-y-automaticas-en-el-concurso-nacional-de-jovenes-instaladores\\\/\",\"url\":\"https:\\\/\\\/malaga.salesianos.edu\\\/colegio\\\/blog\\\/yeray-escano-alumno-de-instalaciones-electircas-y-automaticas-en-el-concurso-nacional-de-jovenes-instaladores\\\/\",\"name\":\"Yeray Esca\u00f1o, alumno de Instalaciones El\u00e9ctricas y autom\u00e1ticas en el Concurso Nacional de J\u00f3venes Instaladores - Colegio Concertado San Bartolom\u00e9 | Salesianos M\u00e1laga\",\"isPartOf\":{\"@id\":\"https:\\\/\\\/malaga.salesianos.edu\\\/colegio\\\/#website\"},\"primaryImageOfPage\":{\"@id\":\"https:\\\/\\\/malaga.salesianos.edu\\\/colegio\\\/blog\\\/yeray-escano-alumno-de-instalaciones-electircas-y-automaticas-en-el-concurso-nacional-de-jovenes-instaladores\\\/#primaryimage\"},\"image\":{\"@id\":\"https:\\\/\\\/malaga.salesianos.edu\\\/colegio\\\/blog\\\/yeray-escano-alumno-de-instalaciones-electircas-y-automaticas-en-el-concurso-nacional-de-jovenes-instaladores\\\/#primaryimage\"},\"thumbnailUrl\":\"https:\\\/\\\/malaga.salesianos.edu\\\/colegio\\\/wp-content\\\/uploads\\\/sites\\\/2\\\/2024\\\/11\\\/24-11-FP.jpeg\",\"datePublished\":\"2024-11-15T07:42:04+00:00\",\"dateModified\":\"2024-11-15T07:47:39+00:00\",\"breadcrumb\":{\"@id\":\"https:\\\/\\\/malaga.salesianos.edu\\\/colegio\\\/blog\\\/yeray-escano-alumno-de-instalaciones-electircas-y-automaticas-en-el-concurso-nacional-de-jovenes-instaladores\\\/#breadcrumb\"},\"inLanguage\":\"es\",\"potentialAction\":[{\"@type\":\"ReadAction\",\"target\":[\"https:\\\/\\\/malaga.salesianos.edu\\\/colegio\\\/blog\\\/yeray-escano-alumno-de-instalaciones-electircas-y-automaticas-en-el-concurso-nacional-de-jovenes-instaladores\\\/\"]}]},{\"@type\":\"ImageObject\",\"inLanguage\":\"es\",\"@id\":\"https:\\\/\\\/malaga.salesianos.edu\\\/colegio\\\/blog\\\/yeray-escano-alumno-de-instalaciones-electircas-y-automaticas-en-el-concurso-nacional-de-jovenes-instaladores\\\/#primaryimage\",\"url\":\"https:\\\/\\\/malaga.salesianos.edu\\\/colegio\\\/wp-content\\\/uploads\\\/sites\\\/2\\\/2024\\\/11\\\/24-11-FP.jpeg\",\"contentUrl\":\"https:\\\/\\\/malaga.salesianos.edu\\\/colegio\\\/wp-content\\\/uploads\\\/sites\\\/2\\\/2024\\\/11\\\/24-11-FP.jpeg\",\"width\":2048,\"height\":1536},{\"@type\":\"BreadcrumbList\",\"@id\":\"https:\\\/\\\/malaga.salesianos.edu\\\/colegio\\\/blog\\\/yeray-escano-alumno-de-instalaciones-electircas-y-automaticas-en-el-concurso-nacional-de-jovenes-instaladores\\\/#breadcrumb\",\"itemListElement\":[{\"@type\":\"ListItem\",\"position\":1,\"name\":\"Portada\",\"item\":\"https:\\\/\\\/malaga.salesianos.edu\\\/colegio\\\/\"},{\"@type\":\"ListItem\",\"position\":2,\"name\":\"Yeray Esca\u00f1o, alumno de Instalaciones El\u00e9ctricas y autom\u00e1ticas en el Concurso Nacional de J\u00f3venes Instaladores\"}]},{\"@type\":\"WebSite\",\"@id\":\"https:\\\/\\\/malaga.salesianos.edu\\\/colegio\\\/#website\",\"url\":\"https:\\\/\\\/malaga.salesianos.edu\\\/colegio\\\/\",\"name\":\"Colegio Concertado San Bartolom\u00e9 | Salesianos M\u00e1laga\",\"description\":\"Centro concertado. Infantil, Primaria, ESO, Bachillerato, Formaci\u00f3n Profesional, Formaci\u00f3n Profesional B\u00e1sica (FPB) y Ciclos Formativos de Grado Medio y Superior.\",\"publisher\":{\"@id\":\"https:\\\/\\\/malaga.salesianos.edu\\\/colegio\\\/#organization\"},\"potentialAction\":[{\"@type\":\"SearchAction\",\"target\":{\"@type\":\"EntryPoint\",\"urlTemplate\":\"https:\\\/\\\/malaga.salesianos.edu\\\/colegio\\\/?s={search_term_string}\"},\"query-input\":{\"@type\":\"PropertyValueSpecification\",\"valueRequired\":true,\"valueName\":\"search_term_string\"}}],\"inLanguage\":\"es\"},{\"@type\":\"Organization\",\"@id\":\"https:\\\/\\\/malaga.salesianos.edu\\\/colegio\\\/#organization\",\"name\":\"Salesianos M\u00e1laga\",\"url\":\"https:\\\/\\\/malaga.salesianos.edu\\\/colegio\\\/\",\"logo\":{\"@type\":\"ImageObject\",\"inLanguage\":\"es\",\"@id\":\"https:\\\/\\\/malaga.salesianos.edu\\\/colegio\\\/#\\\/schema\\\/logo\\\/image\\\/\",\"url\":\"https:\\\/\\\/malaga.salesianos.edu\\\/colegio\\\/wp-content\\\/uploads\\\/sites\\\/2\\\/2018\\\/04\\\/MALAGAobraVN2.jpg\",\"contentUrl\":\"https:\\\/\\\/malaga.salesianos.edu\\\/colegio\\\/wp-content\\\/uploads\\\/sites\\\/2\\\/2018\\\/04\\\/MALAGAobraVN2.jpg\",\"width\":1937,\"height\":1490,\"caption\":\"Salesianos M\u00e1laga\"},\"image\":{\"@id\":\"https:\\\/\\\/malaga.salesianos.edu\\\/colegio\\\/#\\\/schema\\\/logo\\\/image\\\/\"}},{\"@type\":\"Person\",\"@id\":\"https:\\\/\\\/malaga.salesianos.edu\\\/colegio\\\/#\\\/schema\\\/person\\\/fd7e7b338b40e1c817a659fe5fce718b\",\"name\":\"Comunicaci\u00f3n MLG\",\"image\":{\"@type\":\"ImageObject\",\"inLanguage\":\"es\",\"@id\":\"https:\\\/\\\/secure.gravatar.com\\\/avatar\\\/2ce5c66be6c7ab6b098b2ac29099a68d1cdb824afbb8aadf744614ce719778ff?s=96&d=mm&r=g\",\"url\":\"https:\\\/\\\/secure.gravatar.com\\\/avatar\\\/2ce5c66be6c7ab6b098b2ac29099a68d1cdb824afbb8aadf744614ce719778ff?s=96&d=mm&r=g\",\"contentUrl\":\"https:\\\/\\\/secure.gravatar.com\\\/avatar\\\/2ce5c66be6c7ab6b098b2ac29099a68d1cdb824afbb8aadf744614ce719778ff?s=96&d=mm&r=g\",\"caption\":\"Comunicaci\u00f3n MLG\"}}]}<\/script>\n<!-- \/ Yoast SEO plugin. -->","yoast_head_json":{"title":"Yeray Esca\u00f1o, alumno de Instalaciones El\u00e9ctricas y autom\u00e1ticas en el Concurso Nacional de J\u00f3venes Instaladores - Colegio Concertado San Bartolom\u00e9 | Salesianos M\u00e1laga","robots":{"index":"index","follow":"follow","max-snippet":"max-snippet:-1","max-image-preview":"max-image-preview:large","max-video-preview":"max-video-preview:-1"},"canonical":"https:\/\/malaga.salesianos.edu\/colegio\/blog\/yeray-escano-alumno-de-instalaciones-electircas-y-automaticas-en-el-concurso-nacional-de-jovenes-instaladores\/","og_locale":"es_ES","og_type":"article","og_title":"Yeray Esca\u00f1o, alumno de Instalaciones El\u00e9ctricas y autom\u00e1ticas en el Concurso Nacional de J\u00f3venes Instaladores - Colegio Concertado San Bartolom\u00e9 | Salesianos M\u00e1laga","og_description":"La 17\u00aa edici\u00f3n del Concurso Nacional de J\u00f3venes Instaladores, celebrada en Madrid, ha reunido 41 j\u00f3venes participantes a nivel nacional bajo la presencia de miles de profesionales que siguieron de cerca la evoluci\u00f3n de los concursantes. La ceremonia de clausura cont\u00f3 con la presencia de Yolanda Gonz\u00e1lez S\u00e1nchez, Subdirectora General de Promoci\u00f3n Dual y Relaciones [&hellip;]","og_url":"https:\/\/malaga.salesianos.edu\/colegio\/blog\/yeray-escano-alumno-de-instalaciones-electircas-y-automaticas-en-el-concurso-nacional-de-jovenes-instaladores\/","og_site_name":"Colegio Concertado San Bartolom\u00e9 | Salesianos M\u00e1laga","article_published_time":"2024-11-15T07:42:04+00:00","article_modified_time":"2024-11-15T07:47:39+00:00","og_image":[{"width":2048,"height":1536,"url":"https:\/\/malaga.salesianos.edu\/colegio\/wp-content\/uploads\/sites\/2\/2024\/11\/24-11-FP.jpeg","type":"image\/jpeg"}],"author":"Comunicaci\u00f3n MLG","twitter_card":"summary_large_image","twitter_misc":{"Escrito por":"Comunicaci\u00f3n MLG","Tiempo de lectura":"2 minutos"},"schema":{"@context":"https:\/\/schema.org","@graph":[{"@type":"Article","@id":"https:\/\/malaga.salesianos.edu\/colegio\/blog\/yeray-escano-alumno-de-instalaciones-electircas-y-automaticas-en-el-concurso-nacional-de-jovenes-instaladores\/#article","isPartOf":{"@id":"https:\/\/malaga.salesianos.edu\/colegio\/blog\/yeray-escano-alumno-de-instalaciones-electircas-y-automaticas-en-el-concurso-nacional-de-jovenes-instaladores\/"},"author":{"name":"Comunicaci\u00f3n MLG","@id":"https:\/\/malaga.salesianos.edu\/colegio\/#\/schema\/person\/fd7e7b338b40e1c817a659fe5fce718b"},"headline":"Yeray Esca\u00f1o, alumno de Instalaciones El\u00e9ctricas y autom\u00e1ticas en el Concurso Nacional de J\u00f3venes Instaladores","datePublished":"2024-11-15T07:42:04+00:00","dateModified":"2024-11-15T07:47:39+00:00","mainEntityOfPage":{"@id":"https:\/\/malaga.salesianos.edu\/colegio\/blog\/yeray-escano-alumno-de-instalaciones-electircas-y-automaticas-en-el-concurso-nacional-de-jovenes-instaladores\/"},"wordCount":189,"commentCount":0,"publisher":{"@id":"https:\/\/malaga.salesianos.edu\/colegio\/#organization"},"image":{"@id":"https:\/\/malaga.salesianos.edu\/colegio\/blog\/yeray-escano-alumno-de-instalaciones-electircas-y-automaticas-en-el-concurso-nacional-de-jovenes-instaladores\/#primaryimage"},"thumbnailUrl":"https:\/\/malaga.salesianos.edu\/colegio\/wp-content\/uploads\/sites\/2\/2024\/11\/24-11-FP.jpeg","articleSection":["Casa","Ciclos Formativos","Destacado Ciclos"],"inLanguage":"es","potentialAction":[{"@type":"CommentAction","name":"Comment","target":["https:\/\/malaga.salesianos.edu\/colegio\/blog\/yeray-escano-alumno-de-instalaciones-electircas-y-automaticas-en-el-concurso-nacional-de-jovenes-instaladores\/#respond"]}]},{"@type":"WebPage","@id":"https:\/\/malaga.salesianos.edu\/colegio\/blog\/yeray-escano-alumno-de-instalaciones-electircas-y-automaticas-en-el-concurso-nacional-de-jovenes-instaladores\/","url":"https:\/\/malaga.salesianos.edu\/colegio\/blog\/yeray-escano-alumno-de-instalaciones-electircas-y-automaticas-en-el-concurso-nacional-de-jovenes-instaladores\/","name":"Yeray Esca\u00f1o, alumno de Instalaciones El\u00e9ctricas y autom\u00e1ticas en el Concurso Nacional de J\u00f3venes Instaladores - Colegio Concertado San Bartolom\u00e9 | Salesianos M\u00e1laga","isPartOf":{"@id":"https:\/\/malaga.salesianos.edu\/colegio\/#website"},"primaryImageOfPage":{"@id":"https:\/\/malaga.salesianos.edu\/colegio\/blog\/yeray-escano-alumno-de-instalaciones-electircas-y-automaticas-en-el-concurso-nacional-de-jovenes-instaladores\/#primaryimage"},"image":{"@id":"https:\/\/malaga.salesianos.edu\/colegio\/blog\/yeray-escano-alumno-de-instalaciones-electircas-y-automaticas-en-el-concurso-nacional-de-jovenes-instaladores\/#primaryimage"},"thumbnailUrl":"https:\/\/malaga.salesianos.edu\/colegio\/wp-content\/uploads\/sites\/2\/2024\/11\/24-11-FP.jpeg","datePublished":"2024-11-15T07:42:04+00:00","dateModified":"2024-11-15T07:47:39+00:00","breadcrumb":{"@id":"https:\/\/malaga.salesianos.edu\/colegio\/blog\/yeray-escano-alumno-de-instalaciones-electircas-y-automaticas-en-el-concurso-nacional-de-jovenes-instaladores\/#breadcrumb"},"inLanguage":"es","potentialAction":[{"@type":"ReadAction","target":["https:\/\/malaga.salesianos.edu\/colegio\/blog\/yeray-escano-alumno-de-instalaciones-electircas-y-automaticas-en-el-concurso-nacional-de-jovenes-instaladores\/"]}]},{"@type":"ImageObject","inLanguage":"es","@id":"https:\/\/malaga.salesianos.edu\/colegio\/blog\/yeray-escano-alumno-de-instalaciones-electircas-y-automaticas-en-el-concurso-nacional-de-jovenes-instaladores\/#primaryimage","url":"https:\/\/malaga.salesianos.edu\/colegio\/wp-content\/uploads\/sites\/2\/2024\/11\/24-11-FP.jpeg","contentUrl":"https:\/\/malaga.salesianos.edu\/colegio\/wp-content\/uploads\/sites\/2\/2024\/11\/24-11-FP.jpeg","width":2048,"height":1536},{"@type":"BreadcrumbList","@id":"https:\/\/malaga.salesianos.edu\/colegio\/blog\/yeray-escano-alumno-de-instalaciones-electircas-y-automaticas-en-el-concurso-nacional-de-jovenes-instaladores\/#breadcrumb","itemListElement":[{"@type":"ListItem","position":1,"name":"Portada","item":"https:\/\/malaga.salesianos.edu\/colegio\/"},{"@type":"ListItem","position":2,"name":"Yeray Esca\u00f1o, alumno de Instalaciones El\u00e9ctricas y autom\u00e1ticas en el Concurso Nacional de J\u00f3venes Instaladores"}]},{"@type":"WebSite","@id":"https:\/\/malaga.salesianos.edu\/colegio\/#website","url":"https:\/\/malaga.salesianos.edu\/colegio\/","name":"Colegio Concertado San Bartolom\u00e9 | Salesianos M\u00e1laga","description":"Centro concertado. Infantil, Primaria, ESO, Bachillerato, Formaci\u00f3n Profesional, Formaci\u00f3n Profesional B\u00e1sica (FPB) y Ciclos Formativos de Grado Medio y Superior.","publisher":{"@id":"https:\/\/malaga.salesianos.edu\/colegio\/#organization"},"potentialAction":[{"@type":"SearchAction","target":{"@type":"EntryPoint","urlTemplate":"https:\/\/malaga.salesianos.edu\/colegio\/?s={search_term_string}"},"query-input":{"@type":"PropertyValueSpecification","valueRequired":true,"valueName":"search_term_string"}}],"inLanguage":"es"},{"@type":"Organization","@id":"https:\/\/malaga.salesianos.edu\/colegio\/#organization","name":"Salesianos M\u00e1laga","url":"https:\/\/malaga.salesianos.edu\/colegio\/","logo":{"@type":"ImageObject","inLanguage":"es","@id":"https:\/\/malaga.salesianos.edu\/colegio\/#\/schema\/logo\/image\/","url":"https:\/\/malaga.salesianos.edu\/colegio\/wp-content\/uploads\/sites\/2\/2018\/04\/MALAGAobraVN2.jpg","contentUrl":"https:\/\/malaga.salesianos.edu\/colegio\/wp-content\/uploads\/sites\/2\/2018\/04\/MALAGAobraVN2.jpg","width":1937,"height":1490,"caption":"Salesianos M\u00e1laga"},"image":{"@id":"https:\/\/malaga.salesianos.edu\/colegio\/#\/schema\/logo\/image\/"}},{"@type":"Person","@id":"https:\/\/malaga.salesianos.edu\/colegio\/#\/schema\/person\/fd7e7b338b40e1c817a659fe5fce718b","name":"Comunicaci\u00f3n MLG","image":{"@type":"ImageObject","inLanguage":"es","@id":"https:\/\/secure.gravatar.com\/avatar\/2ce5c66be6c7ab6b098b2ac29099a68d1cdb824afbb8aadf744614ce719778ff?s=96&d=mm&r=g","url":"https:\/\/secure.gravatar.com\/avatar\/2ce5c66be6c7ab6b098b2ac29099a68d1cdb824afbb8aadf744614ce719778ff?s=96&d=mm&r=g","contentUrl":"https:\/\/secure.gravatar.com\/avatar\/2ce5c66be6c7ab6b098b2ac29099a68d1cdb824afbb8aadf744614ce719778ff?s=96&d=mm&r=g","caption":"Comunicaci\u00f3n MLG"}}]}},"_links":{"self":[{"href":"https:\/\/malaga.salesianos.edu\/colegio\/wp-json\/wp\/v2\/posts\/90150","targetHints":{"allow":["GET"]}}],"collection":[{"href":"https:\/\/malaga.salesianos.edu\/colegio\/wp-json\/wp\/v2\/posts"}],"about":[{"href":"https:\/\/malaga.salesianos.edu\/colegio\/wp-json\/wp\/v2\/types\/post"}],"author":[{"embeddable":true,"href":"https:\/\/malaga.salesianos.edu\/colegio\/wp-json\/wp\/v2\/users\/2"}],"replies":[{"embeddable":true,"href":"https:\/\/malaga.salesianos.edu\/colegio\/wp-json\/wp\/v2\/comments?post=90150"}],"version-history":[{"count":3,"href":"https:\/\/malaga.salesianos.edu\/colegio\/wp-json\/wp\/v2\/posts\/90150\/revisions"}],"predecessor-version":[{"id":90156,"href":"https:\/\/malaga.salesianos.edu\/colegio\/wp-json\/wp\/v2\/posts\/90150\/revisions\/90156"}],"wp:featuredmedia":[{"embeddable":true,"href":"https:\/\/malaga.salesianos.edu\/colegio\/wp-json\/wp\/v2\/media\/90155"}],"wp:attachment":[{"href":"https:\/\/malaga.salesianos.edu\/colegio\/wp-json\/wp\/v2\/media?parent=90150"}],"wp:term":[{"taxonomy":"category","embeddable":true,"href":"https:\/\/malaga.salesianos.edu\/colegio\/wp-json\/wp\/v2\/categories?post=90150"},{"taxonomy":"post_tag","embeddable":true,"href":"https:\/\/malaga.salesianos.edu\/colegio\/wp-json\/wp\/v2\/tags?post=90150"}],"curies":[{"name":"wp","href":"https:\/\/api.w.org\/{rel}","templated":true}]}}