{"id":89797,"date":"2024-04-25T08:52:14","date_gmt":"2024-04-23T07:50:25","guid":{"rendered":"https:\/\/malaga.salesianos.edu\/colegio\/blog\/programa-cima-comportamiento-prosocial-en-formacion-profesional\/"},"modified":"2024-04-25T08:52:29","modified_gmt":"2024-04-25T06:52:29","slug":"programa-cima-comportamiento-prosocial-en-formacion-profesional","status":"publish","type":"post","link":"https:\/\/malaga.salesianos.edu\/colegio\/blog\/programa-cima-comportamiento-prosocial-en-formacion-profesional\/","title":{"rendered":"Programa Cima: Comportamiento Prosocial en Formaci\u00f3n Profesional"},"content":{"rendered":"<p>[et_pb_section fb_built=\u00bb1&#8243; admin_label=\u00bbsection\u00bb _builder_version=\u00bb4.16&#8243; global_colors_info=\u00bb{}\u00bb][et_pb_row admin_label=\u00bbrow\u00bb _builder_version=\u00bb4.16&#8243; background_size=\u00bbinitial\u00bb background_position=\u00bbtop_left\u00bb background_repeat=\u00bbrepeat\u00bb global_colors_info=\u00bb{}\u00bb][et_pb_column type=\u00bb4_4&#8243; _builder_version=\u00bb4.16&#8243; custom_padding=\u00bb|||\u00bb global_colors_info=\u00bb{}\u00bb custom_padding__hover=\u00bb|||\u00bb][et_pb_text _builder_version=\u00bb4.24.3&#8243; _module_preset=\u00bbdefault\u00bb text_orientation=\u00bbjustified\u00bb global_colors_info=\u00bb{}\u00bb]<\/p>\n<p>La conducta Prosocial podemos considerarla como el conjunto de actos y acciones que llevamos a cabo en pro al beneficio de otras personas. Se caracteriza por responder a trav\u00e9s de: simpat\u00eda, cooperaci\u00f3n, ayuda, rescate, confortamiento y entrega o generosidad\/solidaridad.<\/p>\n<p>Durante los d\u00edas comprendidos entre el 8 y el 11 de abril se llevaron a cabo las tutor\u00edas sobre Comportamiento Prosocial que se encuentran enmarcadas dentro del Programa: Cima y del Plan de Acci\u00f3n Tutorial de la etapa de FP; tales tutor\u00edas, una vez m\u00e1s, se llevaron a cabo con la colaboraci\u00f3n de la Asociaci\u00f3n ADN Social &#8211; Acci\u00f3n Comunitaria.<\/p>\n<p>A partir del juego se propone plantear al alumnado situaciones que le llevan a retos y ciertos conflictos, que les lleva a cuestionarse y reflexionar de c\u00f3mo resolver de forma conjunta tales problem\u00e1ticas buscando el beneficio para todos.<br \/>Tras esta din\u00e1mica l\u00fadica introductoria pasamos a la reflexi\u00f3n sobre una situaci\u00f3n real, a trav\u00e9s de la visualizaci\u00f3n de un corto, donde pone en cuestionamiento al alumnado de c\u00f3mo reaccionar ante determinadas situaciones que ponen de manifiesto nuestro grado de humanismo y solidaridad.<\/p>\n<p>Se hace hincapi\u00e9 en que somos parte muy importante de nuestra sociedad, somos agentes de cambio, somos modelos para otros en cualquier acci\u00f3n del d\u00eda a d\u00eda, sobre todo en lo que hace referencia en ayudar a los dem\u00e1s. Cualquier peque\u00f1a acci\u00f3n en nuestro d\u00eda a d\u00eda, favorece que podamos avanzar como sociedad; como centro no s\u00f3lo formamos a profesionales sino a grandes personas.<\/p>\n<p><strong><em>\u201cSin importar lo que pase ma\u00f1ana, prom\u00e9tame algo: que seguir\u00e1 siendo usted. No un soldado perfecto, sino un buen hombre\u201d \u2013 Dr. Abraham Erskine en Capit\u00e1n Am\u00e9rica: el primer vengador .<\/em><\/strong><\/p>\n<p>Un curso m\u00e1s agradecer la siempre colaboraci\u00f3n y disposici\u00f3n de la Asociaci\u00f3n ADN Social por enfatizar y potenciar el desarrollo personal y social de nuestro alumnado.<\/p>\n<p>[\/et_pb_text][et_pb_divider _builder_version=\u00bb4.24.3&#8243; _module_preset=\u00bbdefault\u00bb global_colors_info=\u00bb{}\u00bb][\/et_pb_divider][\/et_pb_column][\/et_pb_row][et_pb_row column_structure=\u00bb1_3,1_3,1_3&#8243; _builder_version=\u00bb4.24.3&#8243; _module_preset=\u00bbdefault\u00bb global_colors_info=\u00bb{}\u00bb][et_pb_column type=\u00bb1_3&#8243; _builder_version=\u00bb4.24.3&#8243; _module_preset=\u00bbdefault\u00bb global_colors_info=\u00bb{}\u00bb][et_pb_cta _builder_version=\u00bb4.24.3&#8243; _module_preset=\u00bbdefault\u00bb hover_enabled=\u00bb0&#8243; global_colors_info=\u00bb{}\u00bb admin_label=\u00bbCFGB\u00bb title=\u00bbGaler\u00eda de CFGB\u00bb button_text=\u00bbIr a Galer\u00eda\u00bb button_url=\u00bbhttps:\/\/malaga.salesianos.edu\/galeria-de-fotos-de-formacion-profesional-grado-basico\/\u00bb sticky_enabled=\u00bb0&#8243; border_radii=\u00bbon|20px|20px|20px|20px\u00bb button_alignment=\u00bbcenter\u00bb custom_button=\u00bbon\u00bb button_border_radius=\u00bb16px\u00bb background_image=\u00bbhttps:\/\/malaga.salesianos.edu\/wp-content\/uploads\/2018\/09\/Fondo_cabecera_logo_peque.png\u00bb][\/et_pb_cta][\/et_pb_column][et_pb_column type=\u00bb1_3&#8243; _builder_version=\u00bb4.24.3&#8243; _module_preset=\u00bbdefault\u00bb global_colors_info=\u00bb{}\u00bb][et_pb_cta _builder_version=\u00bb4.24.3&#8243; _module_preset=\u00bbdefault\u00bb hover_enabled=\u00bb0&#8243; global_colors_info=\u00bb{}\u00bb admin_label=\u00bbCFGM\u00bb title=\u00bbGaler\u00eda de CFGM\u00bb button_text=\u00bbIr a Galer\u00eda\u00bb button_url=\u00bbhttps:\/\/malaga.salesianos.edu\/galeria-de-fotos-de-formacion-profesional-grado-medio\/\u00bb sticky_enabled=\u00bb0&#8243; border_radii=\u00bbon|20px|20px|20px|20px\u00bb button_alignment=\u00bbcenter\u00bb custom_button=\u00bbon\u00bb button_border_radius=\u00bb16px\u00bb background_image=\u00bbhttps:\/\/malaga.salesianos.edu\/wp-content\/uploads\/2018\/09\/Fondo_cabecera_logo_peque.png\u00bb][\/et_pb_cta][\/et_pb_column][et_pb_column type=\u00bb1_3&#8243; _builder_version=\u00bb4.24.3&#8243; _module_preset=\u00bbdefault\u00bb global_colors_info=\u00bb{}\u00bb][et_pb_cta _builder_version=\u00bb4.24.3&#8243; _module_preset=\u00bbdefault\u00bb hover_enabled=\u00bb0&#8243; global_colors_info=\u00bb{}\u00bb admin_label=\u00bbCFGS\u00bb title=\u00bbGaler\u00eda de CFGS\u00bb button_text=\u00bbIr a Galer\u00eda\u00bb button_url=\u00bbhttps:\/\/malaga.salesianos.edu\/galeria-de-fotos-de-formacion-profesional-grado-superior\/\u00bb sticky_enabled=\u00bb0&#8243; border_radii=\u00bbon|20px|20px|20px|20px\u00bb button_alignment=\u00bbcenter\u00bb custom_button=\u00bbon\u00bb button_border_radius=\u00bb16px\u00bb background_image=\u00bbhttps:\/\/malaga.salesianos.edu\/wp-content\/uploads\/2018\/09\/Fondo_cabecera_logo_peque.png\u00bb][\/et_pb_cta][\/et_pb_column][\/et_pb_row][\/et_pb_section]<\/p>\n","protected":false},"excerpt":{"rendered":"<p>La conducta Prosocial podemos considerarla como el conjunto de actos y acciones que llevamos a cabo en pro al beneficio de otras personas. Se caracteriza por responder a trav\u00e9s de: simpat\u00eda, cooperaci\u00f3n, ayuda, rescate, confortamiento y entrega o generosidad\/solidaridad. Durante los d\u00edas comprendidos entre el 8 y el 11 de abril se llevaron a cabo [&hellip;]<\/p>\n","protected":false},"author":2,"featured_media":89798,"comment_status":"open","ping_status":"open","sticky":false,"template":"","format":"standard","meta":{"_et_pb_use_builder":"on","_et_pb_old_content":"","_et_gb_content_width":"","footnotes":""},"categories":[126,8,10,15,90],"tags":[],"class_list":["post-89797","post","type-post","status-publish","format-standard","has-post-thumbnail","hentry","category-casa","category-ciclos-formativos","category-colegio","category-fpb","category-orientacion"],"yoast_head":"<!-- This site is optimized with the Yoast SEO plugin v27.4 - https:\/\/yoast.com\/product\/yoast-seo-wordpress\/ -->\n<title>Programa Cima: Comportamiento Prosocial en Formaci\u00f3n Profesional - Colegio Concertado San Bartolom\u00e9 | Salesianos M\u00e1laga<\/title>\n<meta name=\"robots\" content=\"index, follow, max-snippet:-1, max-image-preview:large, max-video-preview:-1\" \/>\n<link rel=\"canonical\" href=\"https:\/\/malaga.salesianos.edu\/colegio\/?p=89797\" \/>\n<meta property=\"og:locale\" content=\"es_ES\" \/>\n<meta property=\"og:type\" content=\"article\" \/>\n<meta property=\"og:title\" content=\"Programa Cima: Comportamiento Prosocial en Formaci\u00f3n Profesional - Colegio Concertado San Bartolom\u00e9 | Salesianos M\u00e1laga\" \/>\n<meta property=\"og:description\" content=\"La conducta Prosocial podemos considerarla como el conjunto de actos y acciones que llevamos a cabo en pro al beneficio de otras personas. Se caracteriza por responder a trav\u00e9s de: simpat\u00eda, cooperaci\u00f3n, ayuda, rescate, confortamiento y entrega o generosidad\/solidaridad. Durante los d\u00edas comprendidos entre el 8 y el 11 de abril se llevaron a cabo [&hellip;]\" \/>\n<meta property=\"og:url\" content=\"https:\/\/malaga.salesianos.edu\/colegio\/?p=89797\" \/>\n<meta property=\"og:site_name\" content=\"Colegio Concertado San Bartolom\u00e9 | Salesianos M\u00e1laga\" \/>\n<meta property=\"article:published_time\" content=\"2024-04-23T07:50:25+00:00\" \/>\n<meta property=\"article:modified_time\" content=\"2024-04-25T06:52:29+00:00\" \/>\n<meta property=\"og:image\" content=\"https:\/\/malaga.salesianos.edu\/colegio\/wp-content\/uploads\/sites\/2\/2024\/04\/ADN-social-.png\" \/>\n\t<meta property=\"og:image:width\" content=\"1920\" \/>\n\t<meta property=\"og:image:height\" content=\"557\" \/>\n\t<meta property=\"og:image:type\" content=\"image\/png\" \/>\n<meta name=\"author\" content=\"Comunicaci\u00f3n MLG\" \/>\n<meta name=\"twitter:card\" content=\"summary_large_image\" \/>\n<meta name=\"twitter:label1\" content=\"Escrito por\" \/>\n\t<meta name=\"twitter:data1\" content=\"Comunicaci\u00f3n MLG\" \/>\n\t<meta name=\"twitter:label2\" content=\"Tiempo de lectura\" \/>\n\t<meta name=\"twitter:data2\" content=\"3 minutos\" \/>\n<script type=\"application\/ld+json\" class=\"yoast-schema-graph\">{\"@context\":\"https:\\\/\\\/schema.org\",\"@graph\":[{\"@type\":\"Article\",\"@id\":\"https:\\\/\\\/malaga.salesianos.edu\\\/colegio\\\/?p=89797#article\",\"isPartOf\":{\"@id\":\"https:\\\/\\\/malaga.salesianos.edu\\\/colegio\\\/?p=89797\"},\"author\":{\"name\":\"Comunicaci\u00f3n MLG\",\"@id\":\"https:\\\/\\\/malaga.salesianos.edu\\\/colegio\\\/#\\\/schema\\\/person\\\/fd7e7b338b40e1c817a659fe5fce718b\"},\"headline\":\"Programa Cima: Comportamiento Prosocial en Formaci\u00f3n Profesional\",\"datePublished\":\"2024-04-23T07:50:25+00:00\",\"dateModified\":\"2024-04-25T06:52:29+00:00\",\"mainEntityOfPage\":{\"@id\":\"https:\\\/\\\/malaga.salesianos.edu\\\/colegio\\\/?p=89797\"},\"wordCount\":699,\"commentCount\":0,\"publisher\":{\"@id\":\"https:\\\/\\\/malaga.salesianos.edu\\\/colegio\\\/#organization\"},\"image\":{\"@id\":\"https:\\\/\\\/malaga.salesianos.edu\\\/colegio\\\/?p=89797#primaryimage\"},\"thumbnailUrl\":\"https:\\\/\\\/malaga.salesianos.edu\\\/colegio\\\/wp-content\\\/uploads\\\/sites\\\/2\\\/2024\\\/04\\\/ADN-social-.png\",\"articleSection\":[\"Casa\",\"Ciclos Formativos\",\"Colegio\",\"FPB\",\"Orientaci\u00f3n\"],\"inLanguage\":\"es\",\"potentialAction\":[{\"@type\":\"CommentAction\",\"name\":\"Comment\",\"target\":[\"https:\\\/\\\/malaga.salesianos.edu\\\/colegio\\\/?p=89797#respond\"]}]},{\"@type\":\"WebPage\",\"@id\":\"https:\\\/\\\/malaga.salesianos.edu\\\/colegio\\\/?p=89797\",\"url\":\"https:\\\/\\\/malaga.salesianos.edu\\\/colegio\\\/?p=89797\",\"name\":\"Programa Cima: Comportamiento Prosocial en Formaci\u00f3n Profesional - Colegio Concertado San Bartolom\u00e9 | Salesianos M\u00e1laga\",\"isPartOf\":{\"@id\":\"https:\\\/\\\/malaga.salesianos.edu\\\/colegio\\\/#website\"},\"primaryImageOfPage\":{\"@id\":\"https:\\\/\\\/malaga.salesianos.edu\\\/colegio\\\/?p=89797#primaryimage\"},\"image\":{\"@id\":\"https:\\\/\\\/malaga.salesianos.edu\\\/colegio\\\/?p=89797#primaryimage\"},\"thumbnailUrl\":\"https:\\\/\\\/malaga.salesianos.edu\\\/colegio\\\/wp-content\\\/uploads\\\/sites\\\/2\\\/2024\\\/04\\\/ADN-social-.png\",\"datePublished\":\"2024-04-23T07:50:25+00:00\",\"dateModified\":\"2024-04-25T06:52:29+00:00\",\"breadcrumb\":{\"@id\":\"https:\\\/\\\/malaga.salesianos.edu\\\/colegio\\\/?p=89797#breadcrumb\"},\"inLanguage\":\"es\",\"potentialAction\":[{\"@type\":\"ReadAction\",\"target\":[\"https:\\\/\\\/malaga.salesianos.edu\\\/colegio\\\/?p=89797\"]}]},{\"@type\":\"ImageObject\",\"inLanguage\":\"es\",\"@id\":\"https:\\\/\\\/malaga.salesianos.edu\\\/colegio\\\/?p=89797#primaryimage\",\"url\":\"https:\\\/\\\/malaga.salesianos.edu\\\/colegio\\\/wp-content\\\/uploads\\\/sites\\\/2\\\/2024\\\/04\\\/ADN-social-.png\",\"contentUrl\":\"https:\\\/\\\/malaga.salesianos.edu\\\/colegio\\\/wp-content\\\/uploads\\\/sites\\\/2\\\/2024\\\/04\\\/ADN-social-.png\",\"width\":1920,\"height\":557},{\"@type\":\"BreadcrumbList\",\"@id\":\"https:\\\/\\\/malaga.salesianos.edu\\\/colegio\\\/?p=89797#breadcrumb\",\"itemListElement\":[{\"@type\":\"ListItem\",\"position\":1,\"name\":\"Portada\",\"item\":\"https:\\\/\\\/malaga.salesianos.edu\\\/colegio\\\/\"},{\"@type\":\"ListItem\",\"position\":2,\"name\":\"Programa Cima: Comportamiento Prosocial en Formaci\u00f3n Profesional\"}]},{\"@type\":\"WebSite\",\"@id\":\"https:\\\/\\\/malaga.salesianos.edu\\\/colegio\\\/#website\",\"url\":\"https:\\\/\\\/malaga.salesianos.edu\\\/colegio\\\/\",\"name\":\"Colegio Concertado San Bartolom\u00e9 | Salesianos M\u00e1laga\",\"description\":\"Centro concertado. Infantil, Primaria, ESO, Bachillerato, Formaci\u00f3n Profesional, Formaci\u00f3n Profesional B\u00e1sica (FPB) y Ciclos Formativos de Grado Medio y Superior.\",\"publisher\":{\"@id\":\"https:\\\/\\\/malaga.salesianos.edu\\\/colegio\\\/#organization\"},\"potentialAction\":[{\"@type\":\"SearchAction\",\"target\":{\"@type\":\"EntryPoint\",\"urlTemplate\":\"https:\\\/\\\/malaga.salesianos.edu\\\/colegio\\\/?s={search_term_string}\"},\"query-input\":{\"@type\":\"PropertyValueSpecification\",\"valueRequired\":true,\"valueName\":\"search_term_string\"}}],\"inLanguage\":\"es\"},{\"@type\":\"Organization\",\"@id\":\"https:\\\/\\\/malaga.salesianos.edu\\\/colegio\\\/#organization\",\"name\":\"Salesianos M\u00e1laga\",\"url\":\"https:\\\/\\\/malaga.salesianos.edu\\\/colegio\\\/\",\"logo\":{\"@type\":\"ImageObject\",\"inLanguage\":\"es\",\"@id\":\"https:\\\/\\\/malaga.salesianos.edu\\\/colegio\\\/#\\\/schema\\\/logo\\\/image\\\/\",\"url\":\"https:\\\/\\\/malaga.salesianos.edu\\\/colegio\\\/wp-content\\\/uploads\\\/sites\\\/2\\\/2018\\\/04\\\/MALAGAobraVN2.jpg\",\"contentUrl\":\"https:\\\/\\\/malaga.salesianos.edu\\\/colegio\\\/wp-content\\\/uploads\\\/sites\\\/2\\\/2018\\\/04\\\/MALAGAobraVN2.jpg\",\"width\":1937,\"height\":1490,\"caption\":\"Salesianos M\u00e1laga\"},\"image\":{\"@id\":\"https:\\\/\\\/malaga.salesianos.edu\\\/colegio\\\/#\\\/schema\\\/logo\\\/image\\\/\"}},{\"@type\":\"Person\",\"@id\":\"https:\\\/\\\/malaga.salesianos.edu\\\/colegio\\\/#\\\/schema\\\/person\\\/fd7e7b338b40e1c817a659fe5fce718b\",\"name\":\"Comunicaci\u00f3n MLG\",\"image\":{\"@type\":\"ImageObject\",\"inLanguage\":\"es\",\"@id\":\"https:\\\/\\\/secure.gravatar.com\\\/avatar\\\/2ce5c66be6c7ab6b098b2ac29099a68d1cdb824afbb8aadf744614ce719778ff?s=96&d=mm&r=g\",\"url\":\"https:\\\/\\\/secure.gravatar.com\\\/avatar\\\/2ce5c66be6c7ab6b098b2ac29099a68d1cdb824afbb8aadf744614ce719778ff?s=96&d=mm&r=g\",\"contentUrl\":\"https:\\\/\\\/secure.gravatar.com\\\/avatar\\\/2ce5c66be6c7ab6b098b2ac29099a68d1cdb824afbb8aadf744614ce719778ff?s=96&d=mm&r=g\",\"caption\":\"Comunicaci\u00f3n MLG\"}}]}<\/script>\n<!-- \/ Yoast SEO plugin. -->","yoast_head_json":{"title":"Programa Cima: Comportamiento Prosocial en Formaci\u00f3n Profesional - Colegio Concertado San Bartolom\u00e9 | Salesianos M\u00e1laga","robots":{"index":"index","follow":"follow","max-snippet":"max-snippet:-1","max-image-preview":"max-image-preview:large","max-video-preview":"max-video-preview:-1"},"canonical":"https:\/\/malaga.salesianos.edu\/colegio\/?p=89797","og_locale":"es_ES","og_type":"article","og_title":"Programa Cima: Comportamiento Prosocial en Formaci\u00f3n Profesional - Colegio Concertado San Bartolom\u00e9 | Salesianos M\u00e1laga","og_description":"La conducta Prosocial podemos considerarla como el conjunto de actos y acciones que llevamos a cabo en pro al beneficio de otras personas. Se caracteriza por responder a trav\u00e9s de: simpat\u00eda, cooperaci\u00f3n, ayuda, rescate, confortamiento y entrega o generosidad\/solidaridad. Durante los d\u00edas comprendidos entre el 8 y el 11 de abril se llevaron a cabo [&hellip;]","og_url":"https:\/\/malaga.salesianos.edu\/colegio\/?p=89797","og_site_name":"Colegio Concertado San Bartolom\u00e9 | Salesianos M\u00e1laga","article_published_time":"2024-04-23T07:50:25+00:00","article_modified_time":"2024-04-25T06:52:29+00:00","og_image":[{"width":1920,"height":557,"url":"https:\/\/malaga.salesianos.edu\/colegio\/wp-content\/uploads\/sites\/2\/2024\/04\/ADN-social-.png","type":"image\/png"}],"author":"Comunicaci\u00f3n MLG","twitter_card":"summary_large_image","twitter_misc":{"Escrito por":"Comunicaci\u00f3n MLG","Tiempo de lectura":"3 minutos"},"schema":{"@context":"https:\/\/schema.org","@graph":[{"@type":"Article","@id":"https:\/\/malaga.salesianos.edu\/colegio\/?p=89797#article","isPartOf":{"@id":"https:\/\/malaga.salesianos.edu\/colegio\/?p=89797"},"author":{"name":"Comunicaci\u00f3n MLG","@id":"https:\/\/malaga.salesianos.edu\/colegio\/#\/schema\/person\/fd7e7b338b40e1c817a659fe5fce718b"},"headline":"Programa Cima: Comportamiento Prosocial en Formaci\u00f3n Profesional","datePublished":"2024-04-23T07:50:25+00:00","dateModified":"2024-04-25T06:52:29+00:00","mainEntityOfPage":{"@id":"https:\/\/malaga.salesianos.edu\/colegio\/?p=89797"},"wordCount":699,"commentCount":0,"publisher":{"@id":"https:\/\/malaga.salesianos.edu\/colegio\/#organization"},"image":{"@id":"https:\/\/malaga.salesianos.edu\/colegio\/?p=89797#primaryimage"},"thumbnailUrl":"https:\/\/malaga.salesianos.edu\/colegio\/wp-content\/uploads\/sites\/2\/2024\/04\/ADN-social-.png","articleSection":["Casa","Ciclos Formativos","Colegio","FPB","Orientaci\u00f3n"],"inLanguage":"es","potentialAction":[{"@type":"CommentAction","name":"Comment","target":["https:\/\/malaga.salesianos.edu\/colegio\/?p=89797#respond"]}]},{"@type":"WebPage","@id":"https:\/\/malaga.salesianos.edu\/colegio\/?p=89797","url":"https:\/\/malaga.salesianos.edu\/colegio\/?p=89797","name":"Programa Cima: Comportamiento Prosocial en Formaci\u00f3n Profesional - Colegio Concertado San Bartolom\u00e9 | Salesianos M\u00e1laga","isPartOf":{"@id":"https:\/\/malaga.salesianos.edu\/colegio\/#website"},"primaryImageOfPage":{"@id":"https:\/\/malaga.salesianos.edu\/colegio\/?p=89797#primaryimage"},"image":{"@id":"https:\/\/malaga.salesianos.edu\/colegio\/?p=89797#primaryimage"},"thumbnailUrl":"https:\/\/malaga.salesianos.edu\/colegio\/wp-content\/uploads\/sites\/2\/2024\/04\/ADN-social-.png","datePublished":"2024-04-23T07:50:25+00:00","dateModified":"2024-04-25T06:52:29+00:00","breadcrumb":{"@id":"https:\/\/malaga.salesianos.edu\/colegio\/?p=89797#breadcrumb"},"inLanguage":"es","potentialAction":[{"@type":"ReadAction","target":["https:\/\/malaga.salesianos.edu\/colegio\/?p=89797"]}]},{"@type":"ImageObject","inLanguage":"es","@id":"https:\/\/malaga.salesianos.edu\/colegio\/?p=89797#primaryimage","url":"https:\/\/malaga.salesianos.edu\/colegio\/wp-content\/uploads\/sites\/2\/2024\/04\/ADN-social-.png","contentUrl":"https:\/\/malaga.salesianos.edu\/colegio\/wp-content\/uploads\/sites\/2\/2024\/04\/ADN-social-.png","width":1920,"height":557},{"@type":"BreadcrumbList","@id":"https:\/\/malaga.salesianos.edu\/colegio\/?p=89797#breadcrumb","itemListElement":[{"@type":"ListItem","position":1,"name":"Portada","item":"https:\/\/malaga.salesianos.edu\/colegio\/"},{"@type":"ListItem","position":2,"name":"Programa Cima: Comportamiento Prosocial en Formaci\u00f3n Profesional"}]},{"@type":"WebSite","@id":"https:\/\/malaga.salesianos.edu\/colegio\/#website","url":"https:\/\/malaga.salesianos.edu\/colegio\/","name":"Colegio Concertado San Bartolom\u00e9 | Salesianos M\u00e1laga","description":"Centro concertado. Infantil, Primaria, ESO, Bachillerato, Formaci\u00f3n Profesional, Formaci\u00f3n Profesional B\u00e1sica (FPB) y Ciclos Formativos de Grado Medio y Superior.","publisher":{"@id":"https:\/\/malaga.salesianos.edu\/colegio\/#organization"},"potentialAction":[{"@type":"SearchAction","target":{"@type":"EntryPoint","urlTemplate":"https:\/\/malaga.salesianos.edu\/colegio\/?s={search_term_string}"},"query-input":{"@type":"PropertyValueSpecification","valueRequired":true,"valueName":"search_term_string"}}],"inLanguage":"es"},{"@type":"Organization","@id":"https:\/\/malaga.salesianos.edu\/colegio\/#organization","name":"Salesianos M\u00e1laga","url":"https:\/\/malaga.salesianos.edu\/colegio\/","logo":{"@type":"ImageObject","inLanguage":"es","@id":"https:\/\/malaga.salesianos.edu\/colegio\/#\/schema\/logo\/image\/","url":"https:\/\/malaga.salesianos.edu\/colegio\/wp-content\/uploads\/sites\/2\/2018\/04\/MALAGAobraVN2.jpg","contentUrl":"https:\/\/malaga.salesianos.edu\/colegio\/wp-content\/uploads\/sites\/2\/2018\/04\/MALAGAobraVN2.jpg","width":1937,"height":1490,"caption":"Salesianos M\u00e1laga"},"image":{"@id":"https:\/\/malaga.salesianos.edu\/colegio\/#\/schema\/logo\/image\/"}},{"@type":"Person","@id":"https:\/\/malaga.salesianos.edu\/colegio\/#\/schema\/person\/fd7e7b338b40e1c817a659fe5fce718b","name":"Comunicaci\u00f3n MLG","image":{"@type":"ImageObject","inLanguage":"es","@id":"https:\/\/secure.gravatar.com\/avatar\/2ce5c66be6c7ab6b098b2ac29099a68d1cdb824afbb8aadf744614ce719778ff?s=96&d=mm&r=g","url":"https:\/\/secure.gravatar.com\/avatar\/2ce5c66be6c7ab6b098b2ac29099a68d1cdb824afbb8aadf744614ce719778ff?s=96&d=mm&r=g","contentUrl":"https:\/\/secure.gravatar.com\/avatar\/2ce5c66be6c7ab6b098b2ac29099a68d1cdb824afbb8aadf744614ce719778ff?s=96&d=mm&r=g","caption":"Comunicaci\u00f3n MLG"}}]}},"_links":{"self":[{"href":"https:\/\/malaga.salesianos.edu\/colegio\/wp-json\/wp\/v2\/posts\/89797","targetHints":{"allow":["GET"]}}],"collection":[{"href":"https:\/\/malaga.salesianos.edu\/colegio\/wp-json\/wp\/v2\/posts"}],"about":[{"href":"https:\/\/malaga.salesianos.edu\/colegio\/wp-json\/wp\/v2\/types\/post"}],"author":[{"embeddable":true,"href":"https:\/\/malaga.salesianos.edu\/colegio\/wp-json\/wp\/v2\/users\/2"}],"replies":[{"embeddable":true,"href":"https:\/\/malaga.salesianos.edu\/colegio\/wp-json\/wp\/v2\/comments?post=89797"}],"version-history":[{"count":2,"href":"https:\/\/malaga.salesianos.edu\/colegio\/wp-json\/wp\/v2\/posts\/89797\/revisions"}],"predecessor-version":[{"id":89801,"href":"https:\/\/malaga.salesianos.edu\/colegio\/wp-json\/wp\/v2\/posts\/89797\/revisions\/89801"}],"wp:featuredmedia":[{"embeddable":true,"href":"https:\/\/malaga.salesianos.edu\/colegio\/wp-json\/wp\/v2\/media\/89798"}],"wp:attachment":[{"href":"https:\/\/malaga.salesianos.edu\/colegio\/wp-json\/wp\/v2\/media?parent=89797"}],"wp:term":[{"taxonomy":"category","embeddable":true,"href":"https:\/\/malaga.salesianos.edu\/colegio\/wp-json\/wp\/v2\/categories?post=89797"},{"taxonomy":"post_tag","embeddable":true,"href":"https:\/\/malaga.salesianos.edu\/colegio\/wp-json\/wp\/v2\/tags?post=89797"}],"curies":[{"name":"wp","href":"https:\/\/api.w.org\/{rel}","templated":true}]}}