{"id":7860,"date":"2018-01-23T09:08:39","date_gmt":"2018-01-23T08:08:39","guid":{"rendered":"https:\/\/malaga.salesianos.edu\/colegio\/una-infantil-mas-experimental-la-creatividad-la-inteligencia-divirtiendose\/"},"modified":"2018-01-23T09:15:44","modified_gmt":"2018-01-23T08:15:44","slug":"una-infantil-mas-experimental-la-creatividad-la-inteligencia-divirtiendose","status":"publish","type":"post","link":"https:\/\/malaga.salesianos.edu\/colegio\/blog\/una-infantil-mas-experimental-la-creatividad-la-inteligencia-divirtiendose\/","title":{"rendered":"Por una Infantil m\u00e1s experimental: \u201cLa creatividad es la inteligencia divirti\u00e9ndose\u201d"},"content":{"rendered":"<p>[et_pb_section bb_built=\u00bb1&#8243; admin_label=\u00bbsection\u00bb custom_padding=\u00bb2px|0px|54px|0px\u00bb][et_pb_row admin_label=\u00bbrow\u00bb][et_pb_column type=\u00bb4_4&#8243;][et_pb_text admin_label=\u00bbAutor\u00bb background_layout=\u00bblight\u00bb use_border_color=\u00bboff\u00bb border_color=\u00bb#ffffff\u00bb border_style=\u00bbsolid\u00bb _builder_version=\u00bb3.0.98&#8243;]<\/p>\n<p>Por Roc\u00edo Ru\u00edz<\/p>\n<p>[\/et_pb_text][et_pb_text admin_label=\u00bbEntradilla\u00bb text_font=\u00bb|on|||\u00bb background_layout=\u00bblight\u00bb text_orientation=\u00bbjustified\u00bb use_border_color=\u00bboff\u00bb border_color=\u00bb#ffffff\u00bb border_style=\u00bbsolid\u00bb _builder_version=\u00bb3.0.98&#8243;]<\/p>\n<p><strong><em>En Educaci\u00f3n Infantil hemos apostado por una metodolog\u00eda basada en lo experimental y manipulativo, donde el alumno sea el protagonista de su propio aprendizaje. Nos sentimos orgullosas de poder comunicaros nuestros primeros pasos hacia el cambio metodol\u00f3gico.<\/em><\/strong><\/p>\n<hr \/>\n<p>[\/et_pb_text][et_pb_text admin_label=\u00bbDesarrollo\u00bb background_layout=\u00bblight\u00bb text_orientation=\u00bbjustified\u00bb use_border_color=\u00bboff\u00bb border_color=\u00bb#ffffff\u00bb border_style=\u00bbsolid\u00bb _builder_version=\u00bb3.0.98&#8243;]<\/p>\n<p>Cuando comenzamos a planificar el cambio, ten\u00edamos claro que quer\u00edamos conseguir como objetivos:<\/p>\n<ul>\n<li>Mejorar la autonom\u00eda del alumnado<\/li>\n<li>Fomentar un aprendizaje individualizado donde cada ni\u00f1o vaya a su propio ritmo.<\/li>\n<li>Priorizar el disfrute del aprendizaje.<\/li>\n<li>Potenciar las actividades experimentales y creativas.<\/li>\n<li>Apostar por la ense\u00f1anza biling\u00fce<\/li>\n<\/ul>\n<p>Para ello, uno de los primeros acuerdos que tomamos fue el de aumentar el n\u00famero de horas de <u>psicomotricidad<\/u>, realiz\u00e1ndola diariamente en todos los cursos dado a los beneficios que est\u00e1 demostrado que tiene en el desarrollo mental y corporal del alumno. <a href=\"http:\/\/www.guiainfantil.com\/servicios\/psicomotricidad\/index.htm\">La importancia de la psicomotricidad\u00a0<\/a>en los primeros a\u00f1os de vida de las personas, es b\u00e1sica, ya que el aprendizaje se produce a trav\u00e9s del movimiento, la acci\u00f3n del ni\u00f1o sobre el medio y las experiencias. M\u00e1s horas de movimiento, m\u00e1s horas de aprendizaje. \u00bfTiene sentido por tanto que ni\u00f1os de infantil aprendan pasando toda la jornada sentados en una silla?<\/p>\n<p>As\u00ed, comenzamos a realizar formaciones del m\u00e9todo <u>C\u00e1lculo ABN<\/u>. Con \u00e9l se acaban las fichas repetitivas de c\u00e1lculo, las dificultades matem\u00e1ticas sin sentido, el aprendizaje memor\u00edstico vac\u00edo. Se pretende que los ni\u00f1os manipulen, solo as\u00ed las matem\u00e1ticas pasar\u00e1n de ser algo abstracto a algo cercano, real y divertido.<\/p>\n<p>Por otra parte, comenzamos a trabajar para la eliminar la carga excesiva de libros en infantil e ir trabajando a trav\u00e9s del <u>ABP<\/u> (Aprendizaje Basado en Proyectos). Durante este curso estamos planificando el proyecto que vamos a realizar en el tercer trimestre. Sin embargo, en el primer y segundo trimestre trabajamos con el m\u00e9todo Friend.ly de Edeb\u00e9. Una nueva apuesta basada en el desarrollo de <u>inteligencias m\u00faltiples, aprendizaje cooperativo y rutinas de pensamiento<\/u>.<\/p>\n<p>Como etapa, al igual que primaria, hemos trabajado durante este primer trimestre la rutina \u201cVeo, Pienso y Me pregunto\u201d con la que pretendemos ense\u00f1arles a pensar, a observar y a expresar lo que ocurre en su entorno. Tambi\u00e9n, hemos realizado experimentos cient\u00edficos en el aula y hemos comenzado a trabajar el m\u00e9todo ABN en 3 a\u00f1os.<\/p>\n<p>Con todo esto pretendemos apostar por la expresi\u00f3n oral, la curiosidad, su motivaci\u00f3n, la creatividad y el disfrute hacia el aprendizaje.<\/p>\n<p>Desde el equipo de infantil os animamos a que observ\u00e9is con detenimiento las im\u00e1genes que os proponemos a continuaci\u00f3n. Es grande el esfuerzo que realiza el equipo pero obtenemos una gran recompensa viendo la satisfacci\u00f3n de vuestros hijos. Vais a poder observar experimentos de flotabilidad, descomposici\u00f3n de colores, c\u00f3mo los alumnos asocian la cantidad con el n\u00famero a trav\u00e9s de juegos manipulativos, c\u00f3mo trabajan desde peque\u00f1os la rutina \u201cVeo, pienso y me pregunto\u201d y sobre todo c\u00f3mo aprenden divirti\u00e9ndose.<\/p>\n<p>Seguiremos informando peri\u00f3dicamente de las novedades que vayamos implantando.<\/p>\n<p>Gracias por confiar en nosotros y \u00a1Feliz mes de Don Bosco!<\/p>\n<p>&nbsp;<\/p>\n<blockquote>\n<h3><strong>Galer\u00eda de fotos:<\/strong><\/h3>\n<\/blockquote>\n<p>[\/et_pb_text][et_pb_gallery gallery_ids=\u00bb7866,7867,7868,7869,7870,7871,7872,7873,7874,7875,7876,7877,7878,7879,7880,7881,7882,7883,7884,7885,7886,7887,7888,7889&#8243; posts_number=\u00bb8&#8243; show_title_and_caption=\u00bboff\u00bb zoom_icon_color=\u00bb#d12525&#8243; fullwidth=\u00bboff\u00bb orientation=\u00bblandscape\u00bb show_pagination=\u00bbon\u00bb background_layout=\u00bblight\u00bb hover_overlay_color=\u00bbrgba(255,255,255,0.9)\u00bb use_border_color=\u00bboff\u00bb border_color=\u00bb#ffffff\u00bb border_style=\u00bbsolid\u00bb _builder_version=\u00bb3.0.98&#8243; gallery_orderby=\u00bbrand\u00bb pagination_font_size_tablet=\u00bb51&#8243; pagination_line_height_tablet=\u00bb2&#8243; \/][\/et_pb_column][\/et_pb_row][\/et_pb_section]<\/p>\n","protected":false},"excerpt":{"rendered":"<p>En Educaci\u00f3n Infantil hemos apostado por una metodolog\u00eda basada en lo experimental y manipulativo, donde el alumno sea el protagonista de su propio aprendizaje.<\/p>\n","protected":false},"author":2,"featured_media":7863,"comment_status":"open","ping_status":"open","sticky":false,"template":"","format":"standard","meta":{"_et_pb_use_builder":"on","_et_pb_old_content":"","_et_gb_content_width":"","footnotes":""},"categories":[10,95,18],"tags":[],"class_list":["post-7860","post","type-post","status-publish","format-standard","has-post-thumbnail","hentry","category-colegio","category-destacado-infantil","category-infantil"],"yoast_head":"<!-- This site is optimized with the Yoast SEO plugin v28.3 - https:\/\/yoast.com\/product\/yoast-seo-wordpress\/ -->\n<title>Por una Infantil m\u00e1s experimental: \u201cLa creatividad es la inteligencia divirti\u00e9ndose\u201d - Colegio Concertado San Bartolom\u00e9 | Salesianos M\u00e1laga<\/title>\n<meta name=\"robots\" content=\"index, follow, max-snippet:-1, max-image-preview:large, max-video-preview:-1\" \/>\n<link rel=\"canonical\" href=\"https:\/\/malaga.salesianos.edu\/colegio\/blog\/una-infantil-mas-experimental-la-creatividad-la-inteligencia-divirtiendose\/\" \/>\n<meta property=\"og:locale\" content=\"es_ES\" \/>\n<meta property=\"og:type\" content=\"article\" \/>\n<meta property=\"og:title\" content=\"Por una Infantil m\u00e1s experimental: \u201cLa creatividad es la inteligencia divirti\u00e9ndose\u201d - Colegio Concertado San Bartolom\u00e9 | Salesianos M\u00e1laga\" \/>\n<meta property=\"og:description\" content=\"En Educaci\u00f3n Infantil hemos apostado por una metodolog\u00eda basada en lo experimental y manipulativo, donde el alumno sea el protagonista de su propio aprendizaje.\" \/>\n<meta property=\"og:url\" content=\"https:\/\/malaga.salesianos.edu\/colegio\/blog\/una-infantil-mas-experimental-la-creatividad-la-inteligencia-divirtiendose\/\" \/>\n<meta property=\"og:site_name\" content=\"Colegio Concertado San Bartolom\u00e9 | Salesianos M\u00e1laga\" \/>\n<meta property=\"article:published_time\" content=\"2018-01-23T08:08:39+00:00\" \/>\n<meta property=\"article:modified_time\" content=\"2018-01-23T08:15:44+00:00\" \/>\n<meta property=\"og:image\" content=\"https:\/\/malaga.salesianos.edu\/colegio\/wp-content\/uploads\/sites\/2\/2018\/01\/portada_r.jpg\" \/>\n\t<meta property=\"og:image:width\" content=\"1280\" \/>\n\t<meta property=\"og:image:height\" content=\"710\" \/>\n\t<meta property=\"og:image:type\" content=\"image\/jpeg\" \/>\n<meta name=\"author\" content=\"Comunicaci\u00f3n MLG\" \/>\n<meta name=\"twitter:card\" content=\"summary_large_image\" \/>\n<meta name=\"twitter:label1\" content=\"Escrito por\" \/>\n\t<meta name=\"twitter:data1\" content=\"Comunicaci\u00f3n MLG\" \/>\n\t<meta name=\"twitter:label2\" content=\"Tiempo de lectura\" \/>\n\t<meta name=\"twitter:data2\" content=\"4 minutos\" \/>\n<script type=\"application\/ld+json\" class=\"yoast-schema-graph\">{\"@context\":\"https:\\\/\\\/schema.org\",\"@graph\":[{\"@type\":\"Article\",\"@id\":\"https:\\\/\\\/malaga.salesianos.edu\\\/colegio\\\/blog\\\/una-infantil-mas-experimental-la-creatividad-la-inteligencia-divirtiendose\\\/#article\",\"isPartOf\":{\"@id\":\"https:\\\/\\\/malaga.salesianos.edu\\\/colegio\\\/blog\\\/una-infantil-mas-experimental-la-creatividad-la-inteligencia-divirtiendose\\\/\"},\"author\":{\"name\":\"Comunicaci\u00f3n MLG\",\"@id\":\"https:\\\/\\\/malaga.salesianos.edu\\\/colegio\\\/#\\\/schema\\\/person\\\/fd7e7b338b40e1c817a659fe5fce718b\"},\"headline\":\"Por una Infantil m\u00e1s experimental: \u201cLa creatividad es la inteligencia divirti\u00e9ndose\u201d\",\"datePublished\":\"2018-01-23T08:08:39+00:00\",\"dateModified\":\"2018-01-23T08:15:44+00:00\",\"mainEntityOfPage\":{\"@id\":\"https:\\\/\\\/malaga.salesianos.edu\\\/colegio\\\/blog\\\/una-infantil-mas-experimental-la-creatividad-la-inteligencia-divirtiendose\\\/\"},\"wordCount\":724,\"commentCount\":0,\"publisher\":{\"@id\":\"https:\\\/\\\/malaga.salesianos.edu\\\/colegio\\\/#organization\"},\"image\":{\"@id\":\"https:\\\/\\\/malaga.salesianos.edu\\\/colegio\\\/blog\\\/una-infantil-mas-experimental-la-creatividad-la-inteligencia-divirtiendose\\\/#primaryimage\"},\"thumbnailUrl\":\"https:\\\/\\\/malaga.salesianos.edu\\\/colegio\\\/wp-content\\\/uploads\\\/sites\\\/2\\\/2018\\\/01\\\/portada_r.jpg\",\"articleSection\":[\"Colegio\",\"Destacado Infantil\",\"Infantil\"],\"inLanguage\":\"es\",\"potentialAction\":[{\"@type\":\"CommentAction\",\"name\":\"Comment\",\"target\":[\"https:\\\/\\\/malaga.salesianos.edu\\\/colegio\\\/blog\\\/una-infantil-mas-experimental-la-creatividad-la-inteligencia-divirtiendose\\\/#respond\"]}]},{\"@type\":\"WebPage\",\"@id\":\"https:\\\/\\\/malaga.salesianos.edu\\\/colegio\\\/blog\\\/una-infantil-mas-experimental-la-creatividad-la-inteligencia-divirtiendose\\\/\",\"url\":\"https:\\\/\\\/malaga.salesianos.edu\\\/colegio\\\/blog\\\/una-infantil-mas-experimental-la-creatividad-la-inteligencia-divirtiendose\\\/\",\"name\":\"Por una Infantil m\u00e1s experimental: \u201cLa creatividad es la inteligencia divirti\u00e9ndose\u201d - Colegio Concertado San Bartolom\u00e9 | Salesianos M\u00e1laga\",\"isPartOf\":{\"@id\":\"https:\\\/\\\/malaga.salesianos.edu\\\/colegio\\\/#website\"},\"primaryImageOfPage\":{\"@id\":\"https:\\\/\\\/malaga.salesianos.edu\\\/colegio\\\/blog\\\/una-infantil-mas-experimental-la-creatividad-la-inteligencia-divirtiendose\\\/#primaryimage\"},\"image\":{\"@id\":\"https:\\\/\\\/malaga.salesianos.edu\\\/colegio\\\/blog\\\/una-infantil-mas-experimental-la-creatividad-la-inteligencia-divirtiendose\\\/#primaryimage\"},\"thumbnailUrl\":\"https:\\\/\\\/malaga.salesianos.edu\\\/colegio\\\/wp-content\\\/uploads\\\/sites\\\/2\\\/2018\\\/01\\\/portada_r.jpg\",\"datePublished\":\"2018-01-23T08:08:39+00:00\",\"dateModified\":\"2018-01-23T08:15:44+00:00\",\"breadcrumb\":{\"@id\":\"https:\\\/\\\/malaga.salesianos.edu\\\/colegio\\\/blog\\\/una-infantil-mas-experimental-la-creatividad-la-inteligencia-divirtiendose\\\/#breadcrumb\"},\"inLanguage\":\"es\",\"potentialAction\":[{\"@type\":\"ReadAction\",\"target\":[\"https:\\\/\\\/malaga.salesianos.edu\\\/colegio\\\/blog\\\/una-infantil-mas-experimental-la-creatividad-la-inteligencia-divirtiendose\\\/\"]}]},{\"@type\":\"ImageObject\",\"inLanguage\":\"es\",\"@id\":\"https:\\\/\\\/malaga.salesianos.edu\\\/colegio\\\/blog\\\/una-infantil-mas-experimental-la-creatividad-la-inteligencia-divirtiendose\\\/#primaryimage\",\"url\":\"https:\\\/\\\/malaga.salesianos.edu\\\/colegio\\\/wp-content\\\/uploads\\\/sites\\\/2\\\/2018\\\/01\\\/portada_r.jpg\",\"contentUrl\":\"https:\\\/\\\/malaga.salesianos.edu\\\/colegio\\\/wp-content\\\/uploads\\\/sites\\\/2\\\/2018\\\/01\\\/portada_r.jpg\",\"width\":1280,\"height\":710},{\"@type\":\"BreadcrumbList\",\"@id\":\"https:\\\/\\\/malaga.salesianos.edu\\\/colegio\\\/blog\\\/una-infantil-mas-experimental-la-creatividad-la-inteligencia-divirtiendose\\\/#breadcrumb\",\"itemListElement\":[{\"@type\":\"ListItem\",\"position\":1,\"name\":\"Portada\",\"item\":\"https:\\\/\\\/malaga.salesianos.edu\\\/colegio\\\/\"},{\"@type\":\"ListItem\",\"position\":2,\"name\":\"Por una Infantil m\u00e1s experimental: \u201cLa creatividad es la inteligencia divirti\u00e9ndose\u201d\"}]},{\"@type\":\"WebSite\",\"@id\":\"https:\\\/\\\/malaga.salesianos.edu\\\/colegio\\\/#website\",\"url\":\"https:\\\/\\\/malaga.salesianos.edu\\\/colegio\\\/\",\"name\":\"Colegio Concertado San Bartolom\u00e9 | Salesianos M\u00e1laga\",\"description\":\"Centro concertado. Infantil, Primaria, ESO, Bachillerato, Formaci\u00f3n Profesional, Formaci\u00f3n Profesional B\u00e1sica (FPB) y Ciclos Formativos de Grado Medio y Superior.\",\"publisher\":{\"@id\":\"https:\\\/\\\/malaga.salesianos.edu\\\/colegio\\\/#organization\"},\"potentialAction\":[{\"@type\":\"SearchAction\",\"target\":{\"@type\":\"EntryPoint\",\"urlTemplate\":\"https:\\\/\\\/malaga.salesianos.edu\\\/colegio\\\/?s={search_term_string}\"},\"query-input\":{\"@type\":\"PropertyValueSpecification\",\"valueRequired\":true,\"valueName\":\"search_term_string\"}}],\"inLanguage\":\"es\"},{\"@type\":\"Organization\",\"@id\":\"https:\\\/\\\/malaga.salesianos.edu\\\/colegio\\\/#organization\",\"name\":\"Salesianos M\u00e1laga\",\"url\":\"https:\\\/\\\/malaga.salesianos.edu\\\/colegio\\\/\",\"logo\":{\"@type\":\"ImageObject\",\"inLanguage\":\"es\",\"@id\":\"https:\\\/\\\/malaga.salesianos.edu\\\/colegio\\\/#\\\/schema\\\/logo\\\/image\\\/\",\"url\":\"https:\\\/\\\/malaga.salesianos.edu\\\/colegio\\\/wp-content\\\/uploads\\\/sites\\\/2\\\/2018\\\/04\\\/MALAGAobraVN2.jpg\",\"contentUrl\":\"https:\\\/\\\/malaga.salesianos.edu\\\/colegio\\\/wp-content\\\/uploads\\\/sites\\\/2\\\/2018\\\/04\\\/MALAGAobraVN2.jpg\",\"width\":1937,\"height\":1490,\"caption\":\"Salesianos M\u00e1laga\"},\"image\":{\"@id\":\"https:\\\/\\\/malaga.salesianos.edu\\\/colegio\\\/#\\\/schema\\\/logo\\\/image\\\/\"}},{\"@type\":\"Person\",\"@id\":\"https:\\\/\\\/malaga.salesianos.edu\\\/colegio\\\/#\\\/schema\\\/person\\\/fd7e7b338b40e1c817a659fe5fce718b\",\"name\":\"Comunicaci\u00f3n MLG\",\"image\":{\"@type\":\"ImageObject\",\"inLanguage\":\"es\",\"@id\":\"https:\\\/\\\/secure.gravatar.com\\\/avatar\\\/2ce5c66be6c7ab6b098b2ac29099a68d1cdb824afbb8aadf744614ce719778ff?s=96&d=mm&r=g\",\"url\":\"https:\\\/\\\/secure.gravatar.com\\\/avatar\\\/2ce5c66be6c7ab6b098b2ac29099a68d1cdb824afbb8aadf744614ce719778ff?s=96&d=mm&r=g\",\"contentUrl\":\"https:\\\/\\\/secure.gravatar.com\\\/avatar\\\/2ce5c66be6c7ab6b098b2ac29099a68d1cdb824afbb8aadf744614ce719778ff?s=96&d=mm&r=g\",\"caption\":\"Comunicaci\u00f3n MLG\"}}]}<\/script>\n<!-- \/ Yoast SEO plugin. -->","yoast_head_json":{"title":"Por una Infantil m\u00e1s experimental: \u201cLa creatividad es la inteligencia divirti\u00e9ndose\u201d - Colegio Concertado San Bartolom\u00e9 | Salesianos M\u00e1laga","robots":{"index":"index","follow":"follow","max-snippet":"max-snippet:-1","max-image-preview":"max-image-preview:large","max-video-preview":"max-video-preview:-1"},"canonical":"https:\/\/malaga.salesianos.edu\/colegio\/blog\/una-infantil-mas-experimental-la-creatividad-la-inteligencia-divirtiendose\/","og_locale":"es_ES","og_type":"article","og_title":"Por una Infantil m\u00e1s experimental: \u201cLa creatividad es la inteligencia divirti\u00e9ndose\u201d - Colegio Concertado San Bartolom\u00e9 | Salesianos M\u00e1laga","og_description":"En Educaci\u00f3n Infantil hemos apostado por una metodolog\u00eda basada en lo experimental y manipulativo, donde el alumno sea el protagonista de su propio aprendizaje.","og_url":"https:\/\/malaga.salesianos.edu\/colegio\/blog\/una-infantil-mas-experimental-la-creatividad-la-inteligencia-divirtiendose\/","og_site_name":"Colegio Concertado San Bartolom\u00e9 | Salesianos M\u00e1laga","article_published_time":"2018-01-23T08:08:39+00:00","article_modified_time":"2018-01-23T08:15:44+00:00","og_image":[{"width":1280,"height":710,"url":"https:\/\/malaga.salesianos.edu\/colegio\/wp-content\/uploads\/sites\/2\/2018\/01\/portada_r.jpg","type":"image\/jpeg"}],"author":"Comunicaci\u00f3n MLG","twitter_card":"summary_large_image","twitter_misc":{"Escrito por":"Comunicaci\u00f3n MLG","Tiempo de lectura":"4 minutos"},"schema":{"@context":"https:\/\/schema.org","@graph":[{"@type":"Article","@id":"https:\/\/malaga.salesianos.edu\/colegio\/blog\/una-infantil-mas-experimental-la-creatividad-la-inteligencia-divirtiendose\/#article","isPartOf":{"@id":"https:\/\/malaga.salesianos.edu\/colegio\/blog\/una-infantil-mas-experimental-la-creatividad-la-inteligencia-divirtiendose\/"},"author":{"name":"Comunicaci\u00f3n MLG","@id":"https:\/\/malaga.salesianos.edu\/colegio\/#\/schema\/person\/fd7e7b338b40e1c817a659fe5fce718b"},"headline":"Por una Infantil m\u00e1s experimental: \u201cLa creatividad es la inteligencia divirti\u00e9ndose\u201d","datePublished":"2018-01-23T08:08:39+00:00","dateModified":"2018-01-23T08:15:44+00:00","mainEntityOfPage":{"@id":"https:\/\/malaga.salesianos.edu\/colegio\/blog\/una-infantil-mas-experimental-la-creatividad-la-inteligencia-divirtiendose\/"},"wordCount":724,"commentCount":0,"publisher":{"@id":"https:\/\/malaga.salesianos.edu\/colegio\/#organization"},"image":{"@id":"https:\/\/malaga.salesianos.edu\/colegio\/blog\/una-infantil-mas-experimental-la-creatividad-la-inteligencia-divirtiendose\/#primaryimage"},"thumbnailUrl":"https:\/\/malaga.salesianos.edu\/colegio\/wp-content\/uploads\/sites\/2\/2018\/01\/portada_r.jpg","articleSection":["Colegio","Destacado Infantil","Infantil"],"inLanguage":"es","potentialAction":[{"@type":"CommentAction","name":"Comment","target":["https:\/\/malaga.salesianos.edu\/colegio\/blog\/una-infantil-mas-experimental-la-creatividad-la-inteligencia-divirtiendose\/#respond"]}]},{"@type":"WebPage","@id":"https:\/\/malaga.salesianos.edu\/colegio\/blog\/una-infantil-mas-experimental-la-creatividad-la-inteligencia-divirtiendose\/","url":"https:\/\/malaga.salesianos.edu\/colegio\/blog\/una-infantil-mas-experimental-la-creatividad-la-inteligencia-divirtiendose\/","name":"Por una Infantil m\u00e1s experimental: \u201cLa creatividad es la inteligencia divirti\u00e9ndose\u201d - Colegio Concertado San Bartolom\u00e9 | Salesianos M\u00e1laga","isPartOf":{"@id":"https:\/\/malaga.salesianos.edu\/colegio\/#website"},"primaryImageOfPage":{"@id":"https:\/\/malaga.salesianos.edu\/colegio\/blog\/una-infantil-mas-experimental-la-creatividad-la-inteligencia-divirtiendose\/#primaryimage"},"image":{"@id":"https:\/\/malaga.salesianos.edu\/colegio\/blog\/una-infantil-mas-experimental-la-creatividad-la-inteligencia-divirtiendose\/#primaryimage"},"thumbnailUrl":"https:\/\/malaga.salesianos.edu\/colegio\/wp-content\/uploads\/sites\/2\/2018\/01\/portada_r.jpg","datePublished":"2018-01-23T08:08:39+00:00","dateModified":"2018-01-23T08:15:44+00:00","breadcrumb":{"@id":"https:\/\/malaga.salesianos.edu\/colegio\/blog\/una-infantil-mas-experimental-la-creatividad-la-inteligencia-divirtiendose\/#breadcrumb"},"inLanguage":"es","potentialAction":[{"@type":"ReadAction","target":["https:\/\/malaga.salesianos.edu\/colegio\/blog\/una-infantil-mas-experimental-la-creatividad-la-inteligencia-divirtiendose\/"]}]},{"@type":"ImageObject","inLanguage":"es","@id":"https:\/\/malaga.salesianos.edu\/colegio\/blog\/una-infantil-mas-experimental-la-creatividad-la-inteligencia-divirtiendose\/#primaryimage","url":"https:\/\/malaga.salesianos.edu\/colegio\/wp-content\/uploads\/sites\/2\/2018\/01\/portada_r.jpg","contentUrl":"https:\/\/malaga.salesianos.edu\/colegio\/wp-content\/uploads\/sites\/2\/2018\/01\/portada_r.jpg","width":1280,"height":710},{"@type":"BreadcrumbList","@id":"https:\/\/malaga.salesianos.edu\/colegio\/blog\/una-infantil-mas-experimental-la-creatividad-la-inteligencia-divirtiendose\/#breadcrumb","itemListElement":[{"@type":"ListItem","position":1,"name":"Portada","item":"https:\/\/malaga.salesianos.edu\/colegio\/"},{"@type":"ListItem","position":2,"name":"Por una Infantil m\u00e1s experimental: \u201cLa creatividad es la inteligencia divirti\u00e9ndose\u201d"}]},{"@type":"WebSite","@id":"https:\/\/malaga.salesianos.edu\/colegio\/#website","url":"https:\/\/malaga.salesianos.edu\/colegio\/","name":"Colegio Concertado San Bartolom\u00e9 | Salesianos M\u00e1laga","description":"Centro concertado. Infantil, Primaria, ESO, Bachillerato, Formaci\u00f3n Profesional, Formaci\u00f3n Profesional B\u00e1sica (FPB) y Ciclos Formativos de Grado Medio y Superior.","publisher":{"@id":"https:\/\/malaga.salesianos.edu\/colegio\/#organization"},"potentialAction":[{"@type":"SearchAction","target":{"@type":"EntryPoint","urlTemplate":"https:\/\/malaga.salesianos.edu\/colegio\/?s={search_term_string}"},"query-input":{"@type":"PropertyValueSpecification","valueRequired":true,"valueName":"search_term_string"}}],"inLanguage":"es"},{"@type":"Organization","@id":"https:\/\/malaga.salesianos.edu\/colegio\/#organization","name":"Salesianos M\u00e1laga","url":"https:\/\/malaga.salesianos.edu\/colegio\/","logo":{"@type":"ImageObject","inLanguage":"es","@id":"https:\/\/malaga.salesianos.edu\/colegio\/#\/schema\/logo\/image\/","url":"https:\/\/malaga.salesianos.edu\/colegio\/wp-content\/uploads\/sites\/2\/2018\/04\/MALAGAobraVN2.jpg","contentUrl":"https:\/\/malaga.salesianos.edu\/colegio\/wp-content\/uploads\/sites\/2\/2018\/04\/MALAGAobraVN2.jpg","width":1937,"height":1490,"caption":"Salesianos M\u00e1laga"},"image":{"@id":"https:\/\/malaga.salesianos.edu\/colegio\/#\/schema\/logo\/image\/"}},{"@type":"Person","@id":"https:\/\/malaga.salesianos.edu\/colegio\/#\/schema\/person\/fd7e7b338b40e1c817a659fe5fce718b","name":"Comunicaci\u00f3n MLG","image":{"@type":"ImageObject","inLanguage":"es","@id":"https:\/\/secure.gravatar.com\/avatar\/2ce5c66be6c7ab6b098b2ac29099a68d1cdb824afbb8aadf744614ce719778ff?s=96&d=mm&r=g","url":"https:\/\/secure.gravatar.com\/avatar\/2ce5c66be6c7ab6b098b2ac29099a68d1cdb824afbb8aadf744614ce719778ff?s=96&d=mm&r=g","contentUrl":"https:\/\/secure.gravatar.com\/avatar\/2ce5c66be6c7ab6b098b2ac29099a68d1cdb824afbb8aadf744614ce719778ff?s=96&d=mm&r=g","caption":"Comunicaci\u00f3n MLG"}}]}},"_links":{"self":[{"href":"https:\/\/malaga.salesianos.edu\/colegio\/wp-json\/wp\/v2\/posts\/7860","targetHints":{"allow":["GET"]}}],"collection":[{"href":"https:\/\/malaga.salesianos.edu\/colegio\/wp-json\/wp\/v2\/posts"}],"about":[{"href":"https:\/\/malaga.salesianos.edu\/colegio\/wp-json\/wp\/v2\/types\/post"}],"author":[{"embeddable":true,"href":"https:\/\/malaga.salesianos.edu\/colegio\/wp-json\/wp\/v2\/users\/2"}],"replies":[{"embeddable":true,"href":"https:\/\/malaga.salesianos.edu\/colegio\/wp-json\/wp\/v2\/comments?post=7860"}],"version-history":[{"count":2,"href":"https:\/\/malaga.salesianos.edu\/colegio\/wp-json\/wp\/v2\/posts\/7860\/revisions"}],"predecessor-version":[{"id":7888,"href":"https:\/\/malaga.salesianos.edu\/colegio\/wp-json\/wp\/v2\/posts\/7860\/revisions\/7888"}],"wp:featuredmedia":[{"embeddable":true,"href":"https:\/\/malaga.salesianos.edu\/colegio\/wp-json\/wp\/v2\/media\/7863"}],"wp:attachment":[{"href":"https:\/\/malaga.salesianos.edu\/colegio\/wp-json\/wp\/v2\/media?parent=7860"}],"wp:term":[{"taxonomy":"category","embeddable":true,"href":"https:\/\/malaga.salesianos.edu\/colegio\/wp-json\/wp\/v2\/categories?post=7860"},{"taxonomy":"post_tag","embeddable":true,"href":"https:\/\/malaga.salesianos.edu\/colegio\/wp-json\/wp\/v2\/tags?post=7860"}],"curies":[{"name":"wp","href":"https:\/\/api.w.org\/{rel}","templated":true}]}}