{"id":5298,"date":"2017-11-24T10:19:55","date_gmt":"2017-11-24T09:19:55","guid":{"rendered":"https:\/\/malaga.salesianos.edu\/colegio\/mama-margarita-la-madre-don-bosco\/"},"modified":"2017-11-24T10:36:04","modified_gmt":"2017-11-24T09:36:04","slug":"mama-margarita-la-madre-don-bosco","status":"publish","type":"post","link":"https:\/\/malaga.salesianos.edu\/colegio\/blog\/mama-margarita-la-madre-don-bosco\/","title":{"rendered":"Mam\u00e1 Margarita, la madre de Don Bosco"},"content":{"rendered":"<p>[et_pb_section bb_built=\u00bb1&#8243; admin_label=\u00bbsection\u00bb custom_padding=\u00bb2px|0px|54px|0px\u00bb][et_pb_row admin_label=\u00bbrow\u00bb][et_pb_column type=\u00bb4_4&#8243;][et_pb_text admin_label=\u00bbAutor\u00bb background_layout=\u00bblight\u00bb use_border_color=\u00bboff\u00bb border_color=\u00bb#ffffff\u00bb border_style=\u00bbsolid\u00bb _builder_version=\u00bb3.0.89&#8243;]<\/p>\n<p>Por Redacci\u00f3n<\/p>\n<p>[\/et_pb_text][et_pb_text admin_label=\u00bbEntradilla\u00bb text_font=\u00bb|on|||\u00bb background_layout=\u00bblight\u00bb text_orientation=\u00bbjustified\u00bb use_border_color=\u00bboff\u00bb border_color=\u00bb#ffffff\u00bb border_style=\u00bbsolid\u00bb _builder_version=\u00bb3.0.89&#8243;]<\/p>\n<p><strong><em>El 25 de noviembre de 1856, Margarita Occhiena, madre de San Juan Bosco, falleci\u00f3 en Tur\u00edn. Por ello, este d\u00eda se conmemora a todos los familiares difuntos de la Familia Salesiana.<\/em><\/strong><\/p>\n<hr \/>\n<p>[\/et_pb_text][et_pb_text admin_label=\u00bbDesarrollo\u00bb background_layout=\u00bblight\u00bb text_orientation=\u00bbjustified\u00bb use_border_color=\u00bboff\u00bb border_color=\u00bb#ffffff\u00bb border_style=\u00bbsolid\u00bb _builder_version=\u00bb3.0.89&#8243;]<\/p>\n<p>Margarita Occhiena naci\u00f3 el 1 de abril de 1788 en Capriglio (Asti, norte de Italia).Casada con Francisco Bosco, el d\u00eda 6 de junio de 1812, se traslad\u00f3 a vivir a I Becchi. Despu\u00e9s de la muerte prematura de su marido, en 1817, Margarita, a sus 29 a\u00f1os, tuvo que sacar adelante a su familia, ella sola, en un tiempo de hambruna cruel. Cuid\u00f3 de la madre de Francisco y de su hijo Antonio, a la vez que educaba a sus propios hijos, Jos\u00e9 y Juan. \u00c9ste \u00faltimo ser\u00eda sacerdote y el fundador de la Congregaci\u00f3n Salesiana.<\/p>\n<p>Mujer fuerte, de ideas claras, de fe recia, decidida en sus opciones, observaba un estilo de vida sencillo y se preocup\u00f3 de la educaci\u00f3n cristiana de sus hijos. Educ\u00f3 a tres chicos de temperamento muy diferente y m\u00e1s de una vez se vio obligada a tomar decisiones extremas (tal como tener que mandar fuera de casa al m\u00e1s peque\u00f1o, Juan, a fin de preservar la paz en casa y ofrecerle la posibilidad de estudiar).<\/p>\n<p>Corr\u00eda el a\u00f1o 1848 cuando, con un cari\u00f1o especial, acompa\u00f1\u00f3 a su hijo Juan en su camino hacia el sacerdocio y fue entonces, a sus 58 a\u00f1os, cuando abandon\u00f3 su casita y tranquilidad en su pueblo y le sigui\u00f3 en su misi\u00f3n entre los muchachos pobres y abandonados de Tur\u00edn. Aqu\u00ed, durante diez a\u00f1os, madre e hijo unieron sus vidas con los inicios de la Congregaci\u00f3n salesiana. Ella fue la primera y principal cooperadora de Don Bosco y, con su amabilidad hecha vida, aport\u00f3 su presencia maternal al Sistema Preventivo.<\/p>\n<p>Fue as\u00ed como, a\u00fan sin saberlo, lleg\u00f3 a ser la \u00abcofundadora\u00bb de la Familia Salesiana, capaz de formar a tantos santos, como Domingo Savio y Miguel R\u00faa. Era analfabeta pero estaba llena de aquella sabidur\u00eda que viene de lo alto, ayudando, de este modo, a tantos ni\u00f1os de la calle, hijos de nadie. Para ella Dios era lo primero, as\u00ed consumi\u00f3 su vida en el servicio de Dios, en la pobreza, la oraci\u00f3n y el sacrificio.<br \/>\nMuri\u00f3 a los 68 a\u00f1os de edad, en Tur\u00edn, un 25 de noviembre de 1856. Una multitud de muchachos que lloraban por ella como por una madre, acompa\u00f1\u00f3 sus restos al cementerio.<\/p>\n<p>El 23 de octubre de 2006, Benedicto XVI ha presentado a declarado que \u201cconsta que la Sierva de Dios Margarita Occhiena viuda de Bosco, madre de familia, ha ejercitado, heroicamente, las virtudes teologales de la Fe, de la Esperanza y de la Caridad, tanto hacia Dios como hacia el pr\u00f3jimo, as\u00ed como las virtudes cardinales de la Prudencia, Justicia y Templanza, y otras virtudes anejas a \u00e9stas\u201d. As\u00ed, Mam\u00e1 Margarita ha sido declarada Venerable y est\u00e1 en curso el proceso de beatificaci\u00f3n de la madre de Don Bosco.<\/p>\n<p>En el decreto que reconoce la heroicidad de sus virtudes, se se\u00f1ala, explicando las razones que han llevado a tal reconocimiento que:<\/p>\n<p>\u201cMujer fuerte y sab\u00eda, justa y firme en sus decisiones, Margarita puso en pr\u00e1ctica un r\u00e9gimen de vida sobrio y temperante. En la educaci\u00f3n de sus hijos se muestra severa, dulce y razonable. De esta forma logra hacer crecer a los tres muchachos, de car\u00e1cter muy distinto, pero no los compara entre s\u00ed y no mortifica a ninguno.<\/p>\n<p>Obligada a tomar decisiones hasta cierto punto dram\u00e1ticas &#8211; como el alejamiento de casa del hijo menor para salvar la paz de la familia y para permitirle que estudiara &#8211; apoya, con fe y esperanza, las tendencias profesionales de los hijos, ayud\u00e1ndoles a crecer en la generosidad y a ser emprendedores. Acompa\u00f1a, con amor de madre, a Juan hacia el sacerdocio y, posteriormente, dejando su querida casa de \u201cI Becchi\u201d, lo sigue para estar con los j\u00f3venes pobres y abandonados de Tur\u00edn. En esta ciudad, durante los diez \u00faltimos a\u00f1os de su vida, Margarita se dedica, totalmente a la misi\u00f3n de Don Bosco y a los comienzos de su obra. Es la primera y principal cooperadora salesiana; su caridad pr\u00e1ctica se convierte en la inspiraci\u00f3n materna del Sistema Preventivo; es, verdaderamente, con-fundadora de la Familia Salesiana, contribuyendo a educar a hijos santos como Domingo Savio y Miguel R\u00faa.<\/p>\n<p>Analfabeta, pero llena de aquella sabidur\u00eda que viene de lo alto, es la ayuda de muchos pobres muchachos de la calle, hijos de nadie. Siempre pone a Dios en primer lugar, entreg\u00e1ndose por \u00e9l a una vida de pobreza, de oraci\u00f3n y de sacrificio.<\/p>\n<p>En definitiva, la gracia de Dios y el ejercicio de las virtudes han hecho de Margarita Occhiena una madre heroica, una educadora sab\u00eda y una consejera del naciente Carisma Salesiano. Mam\u00e1 Margarita es una persona muy sencilla, y adem\u00e1s forma parte de aquella aristocracia espiritual, que brilla dentro del extraordinario n\u00famero de madres santas que viven ante la presencia de Dios y en Dios, con una uni\u00f3n espiritual hecha de silenciosas y, al mismo tiempo, continuas jaculatorias\u201d.<\/p>\n<p>[\/et_pb_text][\/et_pb_column][\/et_pb_row][\/et_pb_section]<\/p>\n","protected":false},"excerpt":{"rendered":"<p>El 25 de noviembre celebramos el d\u00eda de Mam\u00e1 Margarita, madre de Don Bosco.<\/p>\n","protected":false},"author":2,"featured_media":5299,"comment_status":"open","ping_status":"open","sticky":false,"template":"","format":"standard","meta":{"_et_pb_use_builder":"on","_et_pb_old_content":"","_et_gb_content_width":"","footnotes":""},"categories":[126,10,128],"tags":[],"class_list":["post-5298","post","type-post","status-publish","format-standard","has-post-thumbnail","hentry","category-casa","category-colegio","category-familia-salesiana"],"yoast_head":"<!-- This site is optimized with the Yoast SEO plugin v28.3 - https:\/\/yoast.com\/product\/yoast-seo-wordpress\/ -->\n<title>Mam\u00e1 Margarita, la madre de Don Bosco - Colegio Concertado San Bartolom\u00e9 | Salesianos M\u00e1laga<\/title>\n<meta name=\"robots\" content=\"index, follow, max-snippet:-1, max-image-preview:large, max-video-preview:-1\" \/>\n<link rel=\"canonical\" href=\"https:\/\/malaga.salesianos.edu\/colegio\/blog\/mama-margarita-la-madre-don-bosco\/\" \/>\n<meta property=\"og:locale\" content=\"es_ES\" \/>\n<meta property=\"og:type\" content=\"article\" \/>\n<meta property=\"og:title\" content=\"Mam\u00e1 Margarita, la madre de Don Bosco - Colegio Concertado San Bartolom\u00e9 | Salesianos M\u00e1laga\" \/>\n<meta property=\"og:description\" content=\"El 25 de noviembre celebramos el d\u00eda de Mam\u00e1 Margarita, madre de Don Bosco.\" \/>\n<meta property=\"og:url\" content=\"https:\/\/malaga.salesianos.edu\/colegio\/blog\/mama-margarita-la-madre-don-bosco\/\" \/>\n<meta property=\"og:site_name\" content=\"Colegio Concertado San Bartolom\u00e9 | Salesianos M\u00e1laga\" \/>\n<meta property=\"article:published_time\" content=\"2017-11-24T09:19:55+00:00\" \/>\n<meta property=\"article:modified_time\" content=\"2017-11-24T09:36:04+00:00\" \/>\n<meta property=\"og:image\" content=\"https:\/\/malaga.salesianos.edu\/colegio\/wp-content\/uploads\/sites\/2\/2017\/11\/mama_margarita.jpg\" \/>\n\t<meta property=\"og:image:width\" content=\"800\" \/>\n\t<meta property=\"og:image:height\" content=\"600\" \/>\n\t<meta property=\"og:image:type\" content=\"image\/jpeg\" \/>\n<meta name=\"author\" content=\"Comunicaci\u00f3n MLG\" \/>\n<meta name=\"twitter:card\" content=\"summary_large_image\" \/>\n<meta name=\"twitter:label1\" content=\"Escrito por\" \/>\n\t<meta name=\"twitter:data1\" content=\"Comunicaci\u00f3n MLG\" \/>\n\t<meta name=\"twitter:label2\" content=\"Tiempo de lectura\" \/>\n\t<meta name=\"twitter:data2\" content=\"5 minutos\" \/>\n<script type=\"application\/ld+json\" class=\"yoast-schema-graph\">{\"@context\":\"https:\\\/\\\/schema.org\",\"@graph\":[{\"@type\":\"Article\",\"@id\":\"https:\\\/\\\/malaga.salesianos.edu\\\/colegio\\\/blog\\\/mama-margarita-la-madre-don-bosco\\\/#article\",\"isPartOf\":{\"@id\":\"https:\\\/\\\/malaga.salesianos.edu\\\/colegio\\\/blog\\\/mama-margarita-la-madre-don-bosco\\\/\"},\"author\":{\"name\":\"Comunicaci\u00f3n MLG\",\"@id\":\"https:\\\/\\\/malaga.salesianos.edu\\\/colegio\\\/#\\\/schema\\\/person\\\/fd7e7b338b40e1c817a659fe5fce718b\"},\"headline\":\"Mam\u00e1 Margarita, la madre de Don Bosco\",\"datePublished\":\"2017-11-24T09:19:55+00:00\",\"dateModified\":\"2017-11-24T09:36:04+00:00\",\"mainEntityOfPage\":{\"@id\":\"https:\\\/\\\/malaga.salesianos.edu\\\/colegio\\\/blog\\\/mama-margarita-la-madre-don-bosco\\\/\"},\"wordCount\":997,\"commentCount\":0,\"publisher\":{\"@id\":\"https:\\\/\\\/malaga.salesianos.edu\\\/colegio\\\/#organization\"},\"image\":{\"@id\":\"https:\\\/\\\/malaga.salesianos.edu\\\/colegio\\\/blog\\\/mama-margarita-la-madre-don-bosco\\\/#primaryimage\"},\"thumbnailUrl\":\"https:\\\/\\\/malaga.salesianos.edu\\\/colegio\\\/wp-content\\\/uploads\\\/sites\\\/2\\\/2017\\\/11\\\/mama_margarita.jpg\",\"articleSection\":[\"Casa\",\"Colegio\",\"Familia Salesiana\"],\"inLanguage\":\"es\",\"potentialAction\":[{\"@type\":\"CommentAction\",\"name\":\"Comment\",\"target\":[\"https:\\\/\\\/malaga.salesianos.edu\\\/colegio\\\/blog\\\/mama-margarita-la-madre-don-bosco\\\/#respond\"]}]},{\"@type\":\"WebPage\",\"@id\":\"https:\\\/\\\/malaga.salesianos.edu\\\/colegio\\\/blog\\\/mama-margarita-la-madre-don-bosco\\\/\",\"url\":\"https:\\\/\\\/malaga.salesianos.edu\\\/colegio\\\/blog\\\/mama-margarita-la-madre-don-bosco\\\/\",\"name\":\"Mam\u00e1 Margarita, la madre de Don Bosco - Colegio Concertado San Bartolom\u00e9 | Salesianos M\u00e1laga\",\"isPartOf\":{\"@id\":\"https:\\\/\\\/malaga.salesianos.edu\\\/colegio\\\/#website\"},\"primaryImageOfPage\":{\"@id\":\"https:\\\/\\\/malaga.salesianos.edu\\\/colegio\\\/blog\\\/mama-margarita-la-madre-don-bosco\\\/#primaryimage\"},\"image\":{\"@id\":\"https:\\\/\\\/malaga.salesianos.edu\\\/colegio\\\/blog\\\/mama-margarita-la-madre-don-bosco\\\/#primaryimage\"},\"thumbnailUrl\":\"https:\\\/\\\/malaga.salesianos.edu\\\/colegio\\\/wp-content\\\/uploads\\\/sites\\\/2\\\/2017\\\/11\\\/mama_margarita.jpg\",\"datePublished\":\"2017-11-24T09:19:55+00:00\",\"dateModified\":\"2017-11-24T09:36:04+00:00\",\"breadcrumb\":{\"@id\":\"https:\\\/\\\/malaga.salesianos.edu\\\/colegio\\\/blog\\\/mama-margarita-la-madre-don-bosco\\\/#breadcrumb\"},\"inLanguage\":\"es\",\"potentialAction\":[{\"@type\":\"ReadAction\",\"target\":[\"https:\\\/\\\/malaga.salesianos.edu\\\/colegio\\\/blog\\\/mama-margarita-la-madre-don-bosco\\\/\"]}]},{\"@type\":\"ImageObject\",\"inLanguage\":\"es\",\"@id\":\"https:\\\/\\\/malaga.salesianos.edu\\\/colegio\\\/blog\\\/mama-margarita-la-madre-don-bosco\\\/#primaryimage\",\"url\":\"https:\\\/\\\/malaga.salesianos.edu\\\/colegio\\\/wp-content\\\/uploads\\\/sites\\\/2\\\/2017\\\/11\\\/mama_margarita.jpg\",\"contentUrl\":\"https:\\\/\\\/malaga.salesianos.edu\\\/colegio\\\/wp-content\\\/uploads\\\/sites\\\/2\\\/2017\\\/11\\\/mama_margarita.jpg\",\"width\":800,\"height\":600},{\"@type\":\"BreadcrumbList\",\"@id\":\"https:\\\/\\\/malaga.salesianos.edu\\\/colegio\\\/blog\\\/mama-margarita-la-madre-don-bosco\\\/#breadcrumb\",\"itemListElement\":[{\"@type\":\"ListItem\",\"position\":1,\"name\":\"Portada\",\"item\":\"https:\\\/\\\/malaga.salesianos.edu\\\/colegio\\\/\"},{\"@type\":\"ListItem\",\"position\":2,\"name\":\"Mam\u00e1 Margarita, la madre de Don Bosco\"}]},{\"@type\":\"WebSite\",\"@id\":\"https:\\\/\\\/malaga.salesianos.edu\\\/colegio\\\/#website\",\"url\":\"https:\\\/\\\/malaga.salesianos.edu\\\/colegio\\\/\",\"name\":\"Colegio Concertado San Bartolom\u00e9 | Salesianos M\u00e1laga\",\"description\":\"Centro concertado. Infantil, Primaria, ESO, Bachillerato, Formaci\u00f3n Profesional, Formaci\u00f3n Profesional B\u00e1sica (FPB) y Ciclos Formativos de Grado Medio y Superior.\",\"publisher\":{\"@id\":\"https:\\\/\\\/malaga.salesianos.edu\\\/colegio\\\/#organization\"},\"potentialAction\":[{\"@type\":\"SearchAction\",\"target\":{\"@type\":\"EntryPoint\",\"urlTemplate\":\"https:\\\/\\\/malaga.salesianos.edu\\\/colegio\\\/?s={search_term_string}\"},\"query-input\":{\"@type\":\"PropertyValueSpecification\",\"valueRequired\":true,\"valueName\":\"search_term_string\"}}],\"inLanguage\":\"es\"},{\"@type\":\"Organization\",\"@id\":\"https:\\\/\\\/malaga.salesianos.edu\\\/colegio\\\/#organization\",\"name\":\"Salesianos M\u00e1laga\",\"url\":\"https:\\\/\\\/malaga.salesianos.edu\\\/colegio\\\/\",\"logo\":{\"@type\":\"ImageObject\",\"inLanguage\":\"es\",\"@id\":\"https:\\\/\\\/malaga.salesianos.edu\\\/colegio\\\/#\\\/schema\\\/logo\\\/image\\\/\",\"url\":\"https:\\\/\\\/malaga.salesianos.edu\\\/colegio\\\/wp-content\\\/uploads\\\/sites\\\/2\\\/2018\\\/04\\\/MALAGAobraVN2.jpg\",\"contentUrl\":\"https:\\\/\\\/malaga.salesianos.edu\\\/colegio\\\/wp-content\\\/uploads\\\/sites\\\/2\\\/2018\\\/04\\\/MALAGAobraVN2.jpg\",\"width\":1937,\"height\":1490,\"caption\":\"Salesianos M\u00e1laga\"},\"image\":{\"@id\":\"https:\\\/\\\/malaga.salesianos.edu\\\/colegio\\\/#\\\/schema\\\/logo\\\/image\\\/\"}},{\"@type\":\"Person\",\"@id\":\"https:\\\/\\\/malaga.salesianos.edu\\\/colegio\\\/#\\\/schema\\\/person\\\/fd7e7b338b40e1c817a659fe5fce718b\",\"name\":\"Comunicaci\u00f3n MLG\",\"image\":{\"@type\":\"ImageObject\",\"inLanguage\":\"es\",\"@id\":\"https:\\\/\\\/secure.gravatar.com\\\/avatar\\\/2ce5c66be6c7ab6b098b2ac29099a68d1cdb824afbb8aadf744614ce719778ff?s=96&d=mm&r=g\",\"url\":\"https:\\\/\\\/secure.gravatar.com\\\/avatar\\\/2ce5c66be6c7ab6b098b2ac29099a68d1cdb824afbb8aadf744614ce719778ff?s=96&d=mm&r=g\",\"contentUrl\":\"https:\\\/\\\/secure.gravatar.com\\\/avatar\\\/2ce5c66be6c7ab6b098b2ac29099a68d1cdb824afbb8aadf744614ce719778ff?s=96&d=mm&r=g\",\"caption\":\"Comunicaci\u00f3n MLG\"}}]}<\/script>\n<!-- \/ Yoast SEO plugin. -->","yoast_head_json":{"title":"Mam\u00e1 Margarita, la madre de Don Bosco - Colegio Concertado San Bartolom\u00e9 | Salesianos M\u00e1laga","robots":{"index":"index","follow":"follow","max-snippet":"max-snippet:-1","max-image-preview":"max-image-preview:large","max-video-preview":"max-video-preview:-1"},"canonical":"https:\/\/malaga.salesianos.edu\/colegio\/blog\/mama-margarita-la-madre-don-bosco\/","og_locale":"es_ES","og_type":"article","og_title":"Mam\u00e1 Margarita, la madre de Don Bosco - Colegio Concertado San Bartolom\u00e9 | Salesianos M\u00e1laga","og_description":"El 25 de noviembre celebramos el d\u00eda de Mam\u00e1 Margarita, madre de Don Bosco.","og_url":"https:\/\/malaga.salesianos.edu\/colegio\/blog\/mama-margarita-la-madre-don-bosco\/","og_site_name":"Colegio Concertado San Bartolom\u00e9 | Salesianos M\u00e1laga","article_published_time":"2017-11-24T09:19:55+00:00","article_modified_time":"2017-11-24T09:36:04+00:00","og_image":[{"width":800,"height":600,"url":"https:\/\/malaga.salesianos.edu\/colegio\/wp-content\/uploads\/sites\/2\/2017\/11\/mama_margarita.jpg","type":"image\/jpeg"}],"author":"Comunicaci\u00f3n MLG","twitter_card":"summary_large_image","twitter_misc":{"Escrito por":"Comunicaci\u00f3n MLG","Tiempo de lectura":"5 minutos"},"schema":{"@context":"https:\/\/schema.org","@graph":[{"@type":"Article","@id":"https:\/\/malaga.salesianos.edu\/colegio\/blog\/mama-margarita-la-madre-don-bosco\/#article","isPartOf":{"@id":"https:\/\/malaga.salesianos.edu\/colegio\/blog\/mama-margarita-la-madre-don-bosco\/"},"author":{"name":"Comunicaci\u00f3n MLG","@id":"https:\/\/malaga.salesianos.edu\/colegio\/#\/schema\/person\/fd7e7b338b40e1c817a659fe5fce718b"},"headline":"Mam\u00e1 Margarita, la madre de Don Bosco","datePublished":"2017-11-24T09:19:55+00:00","dateModified":"2017-11-24T09:36:04+00:00","mainEntityOfPage":{"@id":"https:\/\/malaga.salesianos.edu\/colegio\/blog\/mama-margarita-la-madre-don-bosco\/"},"wordCount":997,"commentCount":0,"publisher":{"@id":"https:\/\/malaga.salesianos.edu\/colegio\/#organization"},"image":{"@id":"https:\/\/malaga.salesianos.edu\/colegio\/blog\/mama-margarita-la-madre-don-bosco\/#primaryimage"},"thumbnailUrl":"https:\/\/malaga.salesianos.edu\/colegio\/wp-content\/uploads\/sites\/2\/2017\/11\/mama_margarita.jpg","articleSection":["Casa","Colegio","Familia Salesiana"],"inLanguage":"es","potentialAction":[{"@type":"CommentAction","name":"Comment","target":["https:\/\/malaga.salesianos.edu\/colegio\/blog\/mama-margarita-la-madre-don-bosco\/#respond"]}]},{"@type":"WebPage","@id":"https:\/\/malaga.salesianos.edu\/colegio\/blog\/mama-margarita-la-madre-don-bosco\/","url":"https:\/\/malaga.salesianos.edu\/colegio\/blog\/mama-margarita-la-madre-don-bosco\/","name":"Mam\u00e1 Margarita, la madre de Don Bosco - Colegio Concertado San Bartolom\u00e9 | Salesianos M\u00e1laga","isPartOf":{"@id":"https:\/\/malaga.salesianos.edu\/colegio\/#website"},"primaryImageOfPage":{"@id":"https:\/\/malaga.salesianos.edu\/colegio\/blog\/mama-margarita-la-madre-don-bosco\/#primaryimage"},"image":{"@id":"https:\/\/malaga.salesianos.edu\/colegio\/blog\/mama-margarita-la-madre-don-bosco\/#primaryimage"},"thumbnailUrl":"https:\/\/malaga.salesianos.edu\/colegio\/wp-content\/uploads\/sites\/2\/2017\/11\/mama_margarita.jpg","datePublished":"2017-11-24T09:19:55+00:00","dateModified":"2017-11-24T09:36:04+00:00","breadcrumb":{"@id":"https:\/\/malaga.salesianos.edu\/colegio\/blog\/mama-margarita-la-madre-don-bosco\/#breadcrumb"},"inLanguage":"es","potentialAction":[{"@type":"ReadAction","target":["https:\/\/malaga.salesianos.edu\/colegio\/blog\/mama-margarita-la-madre-don-bosco\/"]}]},{"@type":"ImageObject","inLanguage":"es","@id":"https:\/\/malaga.salesianos.edu\/colegio\/blog\/mama-margarita-la-madre-don-bosco\/#primaryimage","url":"https:\/\/malaga.salesianos.edu\/colegio\/wp-content\/uploads\/sites\/2\/2017\/11\/mama_margarita.jpg","contentUrl":"https:\/\/malaga.salesianos.edu\/colegio\/wp-content\/uploads\/sites\/2\/2017\/11\/mama_margarita.jpg","width":800,"height":600},{"@type":"BreadcrumbList","@id":"https:\/\/malaga.salesianos.edu\/colegio\/blog\/mama-margarita-la-madre-don-bosco\/#breadcrumb","itemListElement":[{"@type":"ListItem","position":1,"name":"Portada","item":"https:\/\/malaga.salesianos.edu\/colegio\/"},{"@type":"ListItem","position":2,"name":"Mam\u00e1 Margarita, la madre de Don Bosco"}]},{"@type":"WebSite","@id":"https:\/\/malaga.salesianos.edu\/colegio\/#website","url":"https:\/\/malaga.salesianos.edu\/colegio\/","name":"Colegio Concertado San Bartolom\u00e9 | Salesianos M\u00e1laga","description":"Centro concertado. Infantil, Primaria, ESO, Bachillerato, Formaci\u00f3n Profesional, Formaci\u00f3n Profesional B\u00e1sica (FPB) y Ciclos Formativos de Grado Medio y Superior.","publisher":{"@id":"https:\/\/malaga.salesianos.edu\/colegio\/#organization"},"potentialAction":[{"@type":"SearchAction","target":{"@type":"EntryPoint","urlTemplate":"https:\/\/malaga.salesianos.edu\/colegio\/?s={search_term_string}"},"query-input":{"@type":"PropertyValueSpecification","valueRequired":true,"valueName":"search_term_string"}}],"inLanguage":"es"},{"@type":"Organization","@id":"https:\/\/malaga.salesianos.edu\/colegio\/#organization","name":"Salesianos M\u00e1laga","url":"https:\/\/malaga.salesianos.edu\/colegio\/","logo":{"@type":"ImageObject","inLanguage":"es","@id":"https:\/\/malaga.salesianos.edu\/colegio\/#\/schema\/logo\/image\/","url":"https:\/\/malaga.salesianos.edu\/colegio\/wp-content\/uploads\/sites\/2\/2018\/04\/MALAGAobraVN2.jpg","contentUrl":"https:\/\/malaga.salesianos.edu\/colegio\/wp-content\/uploads\/sites\/2\/2018\/04\/MALAGAobraVN2.jpg","width":1937,"height":1490,"caption":"Salesianos M\u00e1laga"},"image":{"@id":"https:\/\/malaga.salesianos.edu\/colegio\/#\/schema\/logo\/image\/"}},{"@type":"Person","@id":"https:\/\/malaga.salesianos.edu\/colegio\/#\/schema\/person\/fd7e7b338b40e1c817a659fe5fce718b","name":"Comunicaci\u00f3n MLG","image":{"@type":"ImageObject","inLanguage":"es","@id":"https:\/\/secure.gravatar.com\/avatar\/2ce5c66be6c7ab6b098b2ac29099a68d1cdb824afbb8aadf744614ce719778ff?s=96&d=mm&r=g","url":"https:\/\/secure.gravatar.com\/avatar\/2ce5c66be6c7ab6b098b2ac29099a68d1cdb824afbb8aadf744614ce719778ff?s=96&d=mm&r=g","contentUrl":"https:\/\/secure.gravatar.com\/avatar\/2ce5c66be6c7ab6b098b2ac29099a68d1cdb824afbb8aadf744614ce719778ff?s=96&d=mm&r=g","caption":"Comunicaci\u00f3n MLG"}}]}},"_links":{"self":[{"href":"https:\/\/malaga.salesianos.edu\/colegio\/wp-json\/wp\/v2\/posts\/5298","targetHints":{"allow":["GET"]}}],"collection":[{"href":"https:\/\/malaga.salesianos.edu\/colegio\/wp-json\/wp\/v2\/posts"}],"about":[{"href":"https:\/\/malaga.salesianos.edu\/colegio\/wp-json\/wp\/v2\/types\/post"}],"author":[{"embeddable":true,"href":"https:\/\/malaga.salesianos.edu\/colegio\/wp-json\/wp\/v2\/users\/2"}],"replies":[{"embeddable":true,"href":"https:\/\/malaga.salesianos.edu\/colegio\/wp-json\/wp\/v2\/comments?post=5298"}],"version-history":[{"count":5,"href":"https:\/\/malaga.salesianos.edu\/colegio\/wp-json\/wp\/v2\/posts\/5298\/revisions"}],"predecessor-version":[{"id":5301,"href":"https:\/\/malaga.salesianos.edu\/colegio\/wp-json\/wp\/v2\/posts\/5298\/revisions\/5301"}],"wp:featuredmedia":[{"embeddable":true,"href":"https:\/\/malaga.salesianos.edu\/colegio\/wp-json\/wp\/v2\/media\/5299"}],"wp:attachment":[{"href":"https:\/\/malaga.salesianos.edu\/colegio\/wp-json\/wp\/v2\/media?parent=5298"}],"wp:term":[{"taxonomy":"category","embeddable":true,"href":"https:\/\/malaga.salesianos.edu\/colegio\/wp-json\/wp\/v2\/categories?post=5298"},{"taxonomy":"post_tag","embeddable":true,"href":"https:\/\/malaga.salesianos.edu\/colegio\/wp-json\/wp\/v2\/tags?post=5298"}],"curies":[{"name":"wp","href":"https:\/\/api.w.org\/{rel}","templated":true}]}}