{"id":22919,"date":"2022-02-10T13:13:38","date_gmt":"2022-02-10T12:13:38","guid":{"rendered":"https:\/\/malaga.salesianos.edu\/colegio\/?p=22919"},"modified":"2022-02-10T21:30:43","modified_gmt":"2022-02-10T20:30:43","slug":"mucho-mas-que-una-escuela","status":"publish","type":"post","link":"https:\/\/malaga.salesianos.edu\/colegio\/blog\/mucho-mas-que-una-escuela\/","title":{"rendered":"Mucho m\u00e1s que una escuela"},"content":{"rendered":"<p>&nbsp;<\/p>\n<p>La etapa de Educaci\u00f3n Infantil es clave dentro del desarrollo de la personalidad, la identidad, el car\u00e1cter, hasta incluso, posteriormente, el perfil profesional.<\/p>\n<p>Por eso, es importante que el trabajo realizado en estos tres a\u00f1os se base en un aprendizaje activo, basado en la exploraci\u00f3n y la experimentaci\u00f3n, donde el propio alumno\/a aprenda a trav\u00e9s del descubrimiento, del juego y de la motivaci\u00f3n.<\/p>\n<p>Siendo muy conscientes de la responsabilidad que tenemos en nuestras manos, el profesorado de infantil se encuentra en formaci\u00f3n continua y cuida cada espacio y cada actividad para que se convierta en una oportunidad de aprendizaje.<\/p>\n<p>El trabajo de las emociones, la educaci\u00f3n en la fe y valores, el desarrollo de la competencia ling\u00fc\u00edstica en varios idiomas, el trabajo de las matem\u00e1ticas con ABN, la importancia de la psicomotricidad, el desarrollo de la autonom\u00eda y autoestima, y el fomento del juego como medio para contribuir a todo ello, son las claves para un buen desarrollo de la personalidad y para sacar de cada alumno\/a lo mejor de s\u00ed mismos.<\/p>\n<p>Solo lo conseguiremos si hacemos que nuestro alumnado se encuentre feliz aqu\u00ed, se sienta como en casa. Por eso, somos mucho m\u00e1s que una escuela. Salesianos es una casa. Somos familia. Una familia que crece cada d\u00eda y cada a\u00f1o.<\/p>\n<p>\u00bfTe gustar\u00eda formar parte de ella?<\/p>\n<div class=\"et_pb_slider et_pb_slider_fullwidth_off et_pb_gallery_post_type\">\n\t\t\t\t<div class=\"et_pb_slides\">\n\t\t\t\t\t<div class=\"et_pb_slide\" style=\"background: url(https:\/\/malaga.salesianos.edu\/colegio\/wp-content\/uploads\/sites\/2\/2022\/02\/IMG-0678-scaled.jpg);\"><\/div><div class=\"et_pb_slide\" style=\"background: url(https:\/\/malaga.salesianos.edu\/colegio\/wp-content\/uploads\/sites\/2\/2022\/02\/IMG_20211020_123448-1-scaled.jpg);\"><\/div><div class=\"et_pb_slide\" style=\"background: url(https:\/\/malaga.salesianos.edu\/colegio\/wp-content\/uploads\/sites\/2\/2022\/02\/IMG-20211221-WA0024.jpg);\"><\/div><div class=\"et_pb_slide\" style=\"background: url(https:\/\/malaga.salesianos.edu\/colegio\/wp-content\/uploads\/sites\/2\/2022\/02\/IMG-20211221-WA0023.jpg);\"><\/div><div class=\"et_pb_slide\" style=\"background: url(https:\/\/malaga.salesianos.edu\/colegio\/wp-content\/uploads\/sites\/2\/2022\/02\/IMG-2087-scaled.jpg);\"><\/div><div class=\"et_pb_slide\" style=\"background: url(https:\/\/malaga.salesianos.edu\/colegio\/wp-content\/uploads\/sites\/2\/2022\/02\/IMG-1499-scaled.jpg);\"><\/div><div class=\"et_pb_slide\" style=\"background: url(https:\/\/malaga.salesianos.edu\/colegio\/wp-content\/uploads\/sites\/2\/2022\/02\/IMG-2079-scaled.jpg);\"><\/div><div class=\"et_pb_slide\" style=\"background: url(https:\/\/malaga.salesianos.edu\/colegio\/wp-content\/uploads\/sites\/2\/2022\/02\/IMG-2077-scaled.jpg);\"><\/div><div class=\"et_pb_slide\" style=\"background: url(https:\/\/malaga.salesianos.edu\/colegio\/wp-content\/uploads\/sites\/2\/2022\/02\/IMG-2076-scaled.jpg);\"><\/div><div class=\"et_pb_slide\" style=\"background: url(https:\/\/malaga.salesianos.edu\/colegio\/wp-content\/uploads\/sites\/2\/2022\/02\/182ed5b8-14ad-4f87-912e-59309328e11c.jpg);\"><\/div><div class=\"et_pb_slide\" style=\"background: url(https:\/\/malaga.salesianos.edu\/colegio\/wp-content\/uploads\/sites\/2\/2022\/02\/e1d71102-f29b-44a6-957d-f590809f3332.jpg);\"><\/div><div class=\"et_pb_slide\" style=\"background: url(https:\/\/malaga.salesianos.edu\/colegio\/wp-content\/uploads\/sites\/2\/2022\/02\/e33d46ad-71aa-4c00-8b90-1b52fa8a2253.jpg);\"><\/div><div class=\"et_pb_slide\" style=\"background: url(https:\/\/malaga.salesianos.edu\/colegio\/wp-content\/uploads\/sites\/2\/2022\/02\/IMG-0678-1-scaled.jpg);\"><\/div><div class=\"et_pb_slide\" style=\"background: url(https:\/\/malaga.salesianos.edu\/colegio\/wp-content\/uploads\/sites\/2\/2022\/02\/IMG-0676-scaled.jpg);\"><\/div><div class=\"et_pb_slide\" style=\"background: url(https:\/\/malaga.salesianos.edu\/colegio\/wp-content\/uploads\/sites\/2\/2022\/02\/ab057d0b-a0f8-4831-ad8a-33c6472c8e39.jpg);\"><\/div><div class=\"et_pb_slide\" style=\"background: url(https:\/\/malaga.salesianos.edu\/colegio\/wp-content\/uploads\/sites\/2\/2022\/02\/IMG_20211221_102202-scaled.jpg);\"><\/div><div class=\"et_pb_slide\" style=\"background: url(https:\/\/malaga.salesianos.edu\/colegio\/wp-content\/uploads\/sites\/2\/2022\/02\/IMG_20220202_122238-scaled.jpg);\"><\/div><div class=\"et_pb_slide\" style=\"background: url(https:\/\/malaga.salesianos.edu\/colegio\/wp-content\/uploads\/sites\/2\/2022\/02\/IMG_20220202_122532-scaled.jpg);\"><\/div><div class=\"et_pb_slide\" style=\"background: url(https:\/\/malaga.salesianos.edu\/colegio\/wp-content\/uploads\/sites\/2\/2022\/02\/20211112_092827-scaled.jpg);\"><\/div><div class=\"et_pb_slide\" style=\"background: url(https:\/\/malaga.salesianos.edu\/colegio\/wp-content\/uploads\/sites\/2\/2022\/02\/20211116_122715-scaled.jpg);\"><\/div><div class=\"et_pb_slide\" style=\"background: url(https:\/\/malaga.salesianos.edu\/colegio\/wp-content\/uploads\/sites\/2\/2022\/02\/20211203_125509-scaled.jpg);\"><\/div><div class=\"et_pb_slide\" style=\"background: url(https:\/\/malaga.salesianos.edu\/colegio\/wp-content\/uploads\/sites\/2\/2022\/02\/IMG_20220113_105253-scaled.jpg);\"><\/div><div class=\"et_pb_slide\" style=\"background: url(https:\/\/malaga.salesianos.edu\/colegio\/wp-content\/uploads\/sites\/2\/2022\/02\/1644501338894.jpg);\"><\/div><div class=\"et_pb_slide\" style=\"background: url(https:\/\/malaga.salesianos.edu\/colegio\/wp-content\/uploads\/sites\/2\/2022\/02\/1644501339137.jpg);\"><\/div><div class=\"et_pb_slide\" style=\"background: url(https:\/\/malaga.salesianos.edu\/colegio\/wp-content\/uploads\/sites\/2\/2022\/02\/1644501339185.jpg);\"><\/div>\n\t\t\t\t<\/div>\n\t\t\t<\/div>\n<p>&nbsp;<\/p>\n","protected":false},"excerpt":{"rendered":"<p>&nbsp; La etapa de Educaci\u00f3n Infantil es clave dentro del desarrollo de la personalidad, la identidad, el car\u00e1cter, hasta incluso, posteriormente, el perfil profesional. Por eso, es importante que el trabajo realizado en estos tres a\u00f1os se base en un aprendizaje activo, basado en la exploraci\u00f3n y la experimentaci\u00f3n, donde el propio alumno\/a aprenda a [&hellip;]<\/p>\n","protected":false},"author":3,"featured_media":22956,"comment_status":"open","ping_status":"open","sticky":false,"template":"","format":"standard","meta":{"_et_pb_use_builder":"off","_et_pb_old_content":"","_et_gb_content_width":"","footnotes":""},"categories":[126,10,95,18],"tags":[],"class_list":["post-22919","post","type-post","status-publish","format-standard","has-post-thumbnail","hentry","category-casa","category-colegio","category-destacado-infantil","category-infantil"],"yoast_head":"<!-- This site is optimized with the Yoast SEO plugin v28.3 - https:\/\/yoast.com\/product\/yoast-seo-wordpress\/ -->\n<title>Mucho m\u00e1s que una escuela - Colegio Concertado San Bartolom\u00e9 | Salesianos M\u00e1laga<\/title>\n<meta name=\"robots\" content=\"index, follow, max-snippet:-1, max-image-preview:large, max-video-preview:-1\" \/>\n<link rel=\"canonical\" href=\"https:\/\/malaga.salesianos.edu\/colegio\/blog\/mucho-mas-que-una-escuela\/\" \/>\n<meta property=\"og:locale\" content=\"es_ES\" \/>\n<meta property=\"og:type\" content=\"article\" \/>\n<meta property=\"og:title\" content=\"Mucho m\u00e1s que una escuela - Colegio Concertado San Bartolom\u00e9 | Salesianos M\u00e1laga\" \/>\n<meta property=\"og:description\" content=\"&nbsp; La etapa de Educaci\u00f3n Infantil es clave dentro del desarrollo de la personalidad, la identidad, el car\u00e1cter, hasta incluso, posteriormente, el perfil profesional. Por eso, es importante que el trabajo realizado en estos tres a\u00f1os se base en un aprendizaje activo, basado en la exploraci\u00f3n y la experimentaci\u00f3n, donde el propio alumno\/a aprenda a [&hellip;]\" \/>\n<meta property=\"og:url\" content=\"https:\/\/malaga.salesianos.edu\/colegio\/blog\/mucho-mas-que-una-escuela\/\" \/>\n<meta property=\"og:site_name\" content=\"Colegio Concertado San Bartolom\u00e9 | Salesianos M\u00e1laga\" \/>\n<meta property=\"article:published_time\" content=\"2022-02-10T12:13:38+00:00\" \/>\n<meta property=\"article:modified_time\" content=\"2022-02-10T20:30:43+00:00\" \/>\n<meta property=\"og:image\" content=\"https:\/\/malaga.salesianos.edu\/colegio\/wp-content\/uploads\/sites\/2\/2022\/02\/IMG_20220113_105253-scaled.jpg\" \/>\n\t<meta property=\"og:image:width\" content=\"2560\" \/>\n\t<meta property=\"og:image:height\" content=\"1915\" \/>\n\t<meta property=\"og:image:type\" content=\"image\/jpeg\" \/>\n<meta name=\"author\" content=\"soporte\" \/>\n<meta name=\"twitter:card\" content=\"summary_large_image\" \/>\n<meta name=\"twitter:label1\" content=\"Escrito por\" \/>\n\t<meta name=\"twitter:data1\" content=\"soporte\" \/>\n\t<meta name=\"twitter:label2\" content=\"Tiempo de lectura\" \/>\n\t<meta name=\"twitter:data2\" content=\"2 minutos\" \/>\n<script type=\"application\/ld+json\" class=\"yoast-schema-graph\">{\"@context\":\"https:\\\/\\\/schema.org\",\"@graph\":[{\"@type\":\"Article\",\"@id\":\"https:\\\/\\\/malaga.salesianos.edu\\\/colegio\\\/blog\\\/mucho-mas-que-una-escuela\\\/#article\",\"isPartOf\":{\"@id\":\"https:\\\/\\\/malaga.salesianos.edu\\\/colegio\\\/blog\\\/mucho-mas-que-una-escuela\\\/\"},\"author\":{\"name\":\"soporte\",\"@id\":\"https:\\\/\\\/malaga.salesianos.edu\\\/colegio\\\/#\\\/schema\\\/person\\\/cae7c08a061fad6da274f6cce78d9d25\"},\"headline\":\"Mucho m\u00e1s que una escuela\",\"datePublished\":\"2022-02-10T12:13:38+00:00\",\"dateModified\":\"2022-02-10T20:30:43+00:00\",\"mainEntityOfPage\":{\"@id\":\"https:\\\/\\\/malaga.salesianos.edu\\\/colegio\\\/blog\\\/mucho-mas-que-una-escuela\\\/\"},\"wordCount\":250,\"commentCount\":0,\"publisher\":{\"@id\":\"https:\\\/\\\/malaga.salesianos.edu\\\/colegio\\\/#organization\"},\"image\":{\"@id\":\"https:\\\/\\\/malaga.salesianos.edu\\\/colegio\\\/blog\\\/mucho-mas-que-una-escuela\\\/#primaryimage\"},\"thumbnailUrl\":\"https:\\\/\\\/malaga.salesianos.edu\\\/colegio\\\/wp-content\\\/uploads\\\/sites\\\/2\\\/2022\\\/02\\\/IMG_20220113_105253-scaled.jpg\",\"articleSection\":[\"Casa\",\"Colegio\",\"Destacado Infantil\",\"Infantil\"],\"inLanguage\":\"es\",\"potentialAction\":[{\"@type\":\"CommentAction\",\"name\":\"Comment\",\"target\":[\"https:\\\/\\\/malaga.salesianos.edu\\\/colegio\\\/blog\\\/mucho-mas-que-una-escuela\\\/#respond\"]}]},{\"@type\":\"WebPage\",\"@id\":\"https:\\\/\\\/malaga.salesianos.edu\\\/colegio\\\/blog\\\/mucho-mas-que-una-escuela\\\/\",\"url\":\"https:\\\/\\\/malaga.salesianos.edu\\\/colegio\\\/blog\\\/mucho-mas-que-una-escuela\\\/\",\"name\":\"Mucho m\u00e1s que una escuela - Colegio Concertado San Bartolom\u00e9 | Salesianos M\u00e1laga\",\"isPartOf\":{\"@id\":\"https:\\\/\\\/malaga.salesianos.edu\\\/colegio\\\/#website\"},\"primaryImageOfPage\":{\"@id\":\"https:\\\/\\\/malaga.salesianos.edu\\\/colegio\\\/blog\\\/mucho-mas-que-una-escuela\\\/#primaryimage\"},\"image\":{\"@id\":\"https:\\\/\\\/malaga.salesianos.edu\\\/colegio\\\/blog\\\/mucho-mas-que-una-escuela\\\/#primaryimage\"},\"thumbnailUrl\":\"https:\\\/\\\/malaga.salesianos.edu\\\/colegio\\\/wp-content\\\/uploads\\\/sites\\\/2\\\/2022\\\/02\\\/IMG_20220113_105253-scaled.jpg\",\"datePublished\":\"2022-02-10T12:13:38+00:00\",\"dateModified\":\"2022-02-10T20:30:43+00:00\",\"breadcrumb\":{\"@id\":\"https:\\\/\\\/malaga.salesianos.edu\\\/colegio\\\/blog\\\/mucho-mas-que-una-escuela\\\/#breadcrumb\"},\"inLanguage\":\"es\",\"potentialAction\":[{\"@type\":\"ReadAction\",\"target\":[\"https:\\\/\\\/malaga.salesianos.edu\\\/colegio\\\/blog\\\/mucho-mas-que-una-escuela\\\/\"]}]},{\"@type\":\"ImageObject\",\"inLanguage\":\"es\",\"@id\":\"https:\\\/\\\/malaga.salesianos.edu\\\/colegio\\\/blog\\\/mucho-mas-que-una-escuela\\\/#primaryimage\",\"url\":\"https:\\\/\\\/malaga.salesianos.edu\\\/colegio\\\/wp-content\\\/uploads\\\/sites\\\/2\\\/2022\\\/02\\\/IMG_20220113_105253-scaled.jpg\",\"contentUrl\":\"https:\\\/\\\/malaga.salesianos.edu\\\/colegio\\\/wp-content\\\/uploads\\\/sites\\\/2\\\/2022\\\/02\\\/IMG_20220113_105253-scaled.jpg\",\"width\":2560,\"height\":1915},{\"@type\":\"BreadcrumbList\",\"@id\":\"https:\\\/\\\/malaga.salesianos.edu\\\/colegio\\\/blog\\\/mucho-mas-que-una-escuela\\\/#breadcrumb\",\"itemListElement\":[{\"@type\":\"ListItem\",\"position\":1,\"name\":\"Portada\",\"item\":\"https:\\\/\\\/malaga.salesianos.edu\\\/colegio\\\/\"},{\"@type\":\"ListItem\",\"position\":2,\"name\":\"Mucho m\u00e1s que una escuela\"}]},{\"@type\":\"WebSite\",\"@id\":\"https:\\\/\\\/malaga.salesianos.edu\\\/colegio\\\/#website\",\"url\":\"https:\\\/\\\/malaga.salesianos.edu\\\/colegio\\\/\",\"name\":\"Colegio Concertado San Bartolom\u00e9 | Salesianos M\u00e1laga\",\"description\":\"Centro concertado. Infantil, Primaria, ESO, Bachillerato, Formaci\u00f3n Profesional, Formaci\u00f3n Profesional B\u00e1sica (FPB) y Ciclos Formativos de Grado Medio y Superior.\",\"publisher\":{\"@id\":\"https:\\\/\\\/malaga.salesianos.edu\\\/colegio\\\/#organization\"},\"potentialAction\":[{\"@type\":\"SearchAction\",\"target\":{\"@type\":\"EntryPoint\",\"urlTemplate\":\"https:\\\/\\\/malaga.salesianos.edu\\\/colegio\\\/?s={search_term_string}\"},\"query-input\":{\"@type\":\"PropertyValueSpecification\",\"valueRequired\":true,\"valueName\":\"search_term_string\"}}],\"inLanguage\":\"es\"},{\"@type\":\"Organization\",\"@id\":\"https:\\\/\\\/malaga.salesianos.edu\\\/colegio\\\/#organization\",\"name\":\"Salesianos M\u00e1laga\",\"url\":\"https:\\\/\\\/malaga.salesianos.edu\\\/colegio\\\/\",\"logo\":{\"@type\":\"ImageObject\",\"inLanguage\":\"es\",\"@id\":\"https:\\\/\\\/malaga.salesianos.edu\\\/colegio\\\/#\\\/schema\\\/logo\\\/image\\\/\",\"url\":\"https:\\\/\\\/malaga.salesianos.edu\\\/colegio\\\/wp-content\\\/uploads\\\/sites\\\/2\\\/2018\\\/04\\\/MALAGAobraVN2.jpg\",\"contentUrl\":\"https:\\\/\\\/malaga.salesianos.edu\\\/colegio\\\/wp-content\\\/uploads\\\/sites\\\/2\\\/2018\\\/04\\\/MALAGAobraVN2.jpg\",\"width\":1937,\"height\":1490,\"caption\":\"Salesianos M\u00e1laga\"},\"image\":{\"@id\":\"https:\\\/\\\/malaga.salesianos.edu\\\/colegio\\\/#\\\/schema\\\/logo\\\/image\\\/\"}},{\"@type\":\"Person\",\"@id\":\"https:\\\/\\\/malaga.salesianos.edu\\\/colegio\\\/#\\\/schema\\\/person\\\/cae7c08a061fad6da274f6cce78d9d25\",\"name\":\"soporte\",\"image\":{\"@type\":\"ImageObject\",\"inLanguage\":\"es\",\"@id\":\"https:\\\/\\\/secure.gravatar.com\\\/avatar\\\/c652c732224bd7b1166ea3c5edf7137144d01dedeadbcce9701dcb268d9781b6?s=96&d=mm&r=g\",\"url\":\"https:\\\/\\\/secure.gravatar.com\\\/avatar\\\/c652c732224bd7b1166ea3c5edf7137144d01dedeadbcce9701dcb268d9781b6?s=96&d=mm&r=g\",\"contentUrl\":\"https:\\\/\\\/secure.gravatar.com\\\/avatar\\\/c652c732224bd7b1166ea3c5edf7137144d01dedeadbcce9701dcb268d9781b6?s=96&d=mm&r=g\",\"caption\":\"soporte\"}}]}<\/script>\n<!-- \/ Yoast SEO plugin. -->","yoast_head_json":{"title":"Mucho m\u00e1s que una escuela - Colegio Concertado San Bartolom\u00e9 | Salesianos M\u00e1laga","robots":{"index":"index","follow":"follow","max-snippet":"max-snippet:-1","max-image-preview":"max-image-preview:large","max-video-preview":"max-video-preview:-1"},"canonical":"https:\/\/malaga.salesianos.edu\/colegio\/blog\/mucho-mas-que-una-escuela\/","og_locale":"es_ES","og_type":"article","og_title":"Mucho m\u00e1s que una escuela - Colegio Concertado San Bartolom\u00e9 | Salesianos M\u00e1laga","og_description":"&nbsp; La etapa de Educaci\u00f3n Infantil es clave dentro del desarrollo de la personalidad, la identidad, el car\u00e1cter, hasta incluso, posteriormente, el perfil profesional. Por eso, es importante que el trabajo realizado en estos tres a\u00f1os se base en un aprendizaje activo, basado en la exploraci\u00f3n y la experimentaci\u00f3n, donde el propio alumno\/a aprenda a [&hellip;]","og_url":"https:\/\/malaga.salesianos.edu\/colegio\/blog\/mucho-mas-que-una-escuela\/","og_site_name":"Colegio Concertado San Bartolom\u00e9 | Salesianos M\u00e1laga","article_published_time":"2022-02-10T12:13:38+00:00","article_modified_time":"2022-02-10T20:30:43+00:00","og_image":[{"width":2560,"height":1915,"url":"https:\/\/malaga.salesianos.edu\/colegio\/wp-content\/uploads\/sites\/2\/2022\/02\/IMG_20220113_105253-scaled.jpg","type":"image\/jpeg"}],"author":"soporte","twitter_card":"summary_large_image","twitter_misc":{"Escrito por":"soporte","Tiempo de lectura":"2 minutos"},"schema":{"@context":"https:\/\/schema.org","@graph":[{"@type":"Article","@id":"https:\/\/malaga.salesianos.edu\/colegio\/blog\/mucho-mas-que-una-escuela\/#article","isPartOf":{"@id":"https:\/\/malaga.salesianos.edu\/colegio\/blog\/mucho-mas-que-una-escuela\/"},"author":{"name":"soporte","@id":"https:\/\/malaga.salesianos.edu\/colegio\/#\/schema\/person\/cae7c08a061fad6da274f6cce78d9d25"},"headline":"Mucho m\u00e1s que una escuela","datePublished":"2022-02-10T12:13:38+00:00","dateModified":"2022-02-10T20:30:43+00:00","mainEntityOfPage":{"@id":"https:\/\/malaga.salesianos.edu\/colegio\/blog\/mucho-mas-que-una-escuela\/"},"wordCount":250,"commentCount":0,"publisher":{"@id":"https:\/\/malaga.salesianos.edu\/colegio\/#organization"},"image":{"@id":"https:\/\/malaga.salesianos.edu\/colegio\/blog\/mucho-mas-que-una-escuela\/#primaryimage"},"thumbnailUrl":"https:\/\/malaga.salesianos.edu\/colegio\/wp-content\/uploads\/sites\/2\/2022\/02\/IMG_20220113_105253-scaled.jpg","articleSection":["Casa","Colegio","Destacado Infantil","Infantil"],"inLanguage":"es","potentialAction":[{"@type":"CommentAction","name":"Comment","target":["https:\/\/malaga.salesianos.edu\/colegio\/blog\/mucho-mas-que-una-escuela\/#respond"]}]},{"@type":"WebPage","@id":"https:\/\/malaga.salesianos.edu\/colegio\/blog\/mucho-mas-que-una-escuela\/","url":"https:\/\/malaga.salesianos.edu\/colegio\/blog\/mucho-mas-que-una-escuela\/","name":"Mucho m\u00e1s que una escuela - Colegio Concertado San Bartolom\u00e9 | Salesianos M\u00e1laga","isPartOf":{"@id":"https:\/\/malaga.salesianos.edu\/colegio\/#website"},"primaryImageOfPage":{"@id":"https:\/\/malaga.salesianos.edu\/colegio\/blog\/mucho-mas-que-una-escuela\/#primaryimage"},"image":{"@id":"https:\/\/malaga.salesianos.edu\/colegio\/blog\/mucho-mas-que-una-escuela\/#primaryimage"},"thumbnailUrl":"https:\/\/malaga.salesianos.edu\/colegio\/wp-content\/uploads\/sites\/2\/2022\/02\/IMG_20220113_105253-scaled.jpg","datePublished":"2022-02-10T12:13:38+00:00","dateModified":"2022-02-10T20:30:43+00:00","breadcrumb":{"@id":"https:\/\/malaga.salesianos.edu\/colegio\/blog\/mucho-mas-que-una-escuela\/#breadcrumb"},"inLanguage":"es","potentialAction":[{"@type":"ReadAction","target":["https:\/\/malaga.salesianos.edu\/colegio\/blog\/mucho-mas-que-una-escuela\/"]}]},{"@type":"ImageObject","inLanguage":"es","@id":"https:\/\/malaga.salesianos.edu\/colegio\/blog\/mucho-mas-que-una-escuela\/#primaryimage","url":"https:\/\/malaga.salesianos.edu\/colegio\/wp-content\/uploads\/sites\/2\/2022\/02\/IMG_20220113_105253-scaled.jpg","contentUrl":"https:\/\/malaga.salesianos.edu\/colegio\/wp-content\/uploads\/sites\/2\/2022\/02\/IMG_20220113_105253-scaled.jpg","width":2560,"height":1915},{"@type":"BreadcrumbList","@id":"https:\/\/malaga.salesianos.edu\/colegio\/blog\/mucho-mas-que-una-escuela\/#breadcrumb","itemListElement":[{"@type":"ListItem","position":1,"name":"Portada","item":"https:\/\/malaga.salesianos.edu\/colegio\/"},{"@type":"ListItem","position":2,"name":"Mucho m\u00e1s que una escuela"}]},{"@type":"WebSite","@id":"https:\/\/malaga.salesianos.edu\/colegio\/#website","url":"https:\/\/malaga.salesianos.edu\/colegio\/","name":"Colegio Concertado San Bartolom\u00e9 | Salesianos M\u00e1laga","description":"Centro concertado. Infantil, Primaria, ESO, Bachillerato, Formaci\u00f3n Profesional, Formaci\u00f3n Profesional B\u00e1sica (FPB) y Ciclos Formativos de Grado Medio y Superior.","publisher":{"@id":"https:\/\/malaga.salesianos.edu\/colegio\/#organization"},"potentialAction":[{"@type":"SearchAction","target":{"@type":"EntryPoint","urlTemplate":"https:\/\/malaga.salesianos.edu\/colegio\/?s={search_term_string}"},"query-input":{"@type":"PropertyValueSpecification","valueRequired":true,"valueName":"search_term_string"}}],"inLanguage":"es"},{"@type":"Organization","@id":"https:\/\/malaga.salesianos.edu\/colegio\/#organization","name":"Salesianos M\u00e1laga","url":"https:\/\/malaga.salesianos.edu\/colegio\/","logo":{"@type":"ImageObject","inLanguage":"es","@id":"https:\/\/malaga.salesianos.edu\/colegio\/#\/schema\/logo\/image\/","url":"https:\/\/malaga.salesianos.edu\/colegio\/wp-content\/uploads\/sites\/2\/2018\/04\/MALAGAobraVN2.jpg","contentUrl":"https:\/\/malaga.salesianos.edu\/colegio\/wp-content\/uploads\/sites\/2\/2018\/04\/MALAGAobraVN2.jpg","width":1937,"height":1490,"caption":"Salesianos M\u00e1laga"},"image":{"@id":"https:\/\/malaga.salesianos.edu\/colegio\/#\/schema\/logo\/image\/"}},{"@type":"Person","@id":"https:\/\/malaga.salesianos.edu\/colegio\/#\/schema\/person\/cae7c08a061fad6da274f6cce78d9d25","name":"soporte","image":{"@type":"ImageObject","inLanguage":"es","@id":"https:\/\/secure.gravatar.com\/avatar\/c652c732224bd7b1166ea3c5edf7137144d01dedeadbcce9701dcb268d9781b6?s=96&d=mm&r=g","url":"https:\/\/secure.gravatar.com\/avatar\/c652c732224bd7b1166ea3c5edf7137144d01dedeadbcce9701dcb268d9781b6?s=96&d=mm&r=g","contentUrl":"https:\/\/secure.gravatar.com\/avatar\/c652c732224bd7b1166ea3c5edf7137144d01dedeadbcce9701dcb268d9781b6?s=96&d=mm&r=g","caption":"soporte"}}]}},"_links":{"self":[{"href":"https:\/\/malaga.salesianos.edu\/colegio\/wp-json\/wp\/v2\/posts\/22919","targetHints":{"allow":["GET"]}}],"collection":[{"href":"https:\/\/malaga.salesianos.edu\/colegio\/wp-json\/wp\/v2\/posts"}],"about":[{"href":"https:\/\/malaga.salesianos.edu\/colegio\/wp-json\/wp\/v2\/types\/post"}],"author":[{"embeddable":true,"href":"https:\/\/malaga.salesianos.edu\/colegio\/wp-json\/wp\/v2\/users\/3"}],"replies":[{"embeddable":true,"href":"https:\/\/malaga.salesianos.edu\/colegio\/wp-json\/wp\/v2\/comments?post=22919"}],"version-history":[{"count":14,"href":"https:\/\/malaga.salesianos.edu\/colegio\/wp-json\/wp\/v2\/posts\/22919\/revisions"}],"predecessor-version":[{"id":22964,"href":"https:\/\/malaga.salesianos.edu\/colegio\/wp-json\/wp\/v2\/posts\/22919\/revisions\/22964"}],"wp:featuredmedia":[{"embeddable":true,"href":"https:\/\/malaga.salesianos.edu\/colegio\/wp-json\/wp\/v2\/media\/22956"}],"wp:attachment":[{"href":"https:\/\/malaga.salesianos.edu\/colegio\/wp-json\/wp\/v2\/media?parent=22919"}],"wp:term":[{"taxonomy":"category","embeddable":true,"href":"https:\/\/malaga.salesianos.edu\/colegio\/wp-json\/wp\/v2\/categories?post=22919"},{"taxonomy":"post_tag","embeddable":true,"href":"https:\/\/malaga.salesianos.edu\/colegio\/wp-json\/wp\/v2\/tags?post=22919"}],"curies":[{"name":"wp","href":"https:\/\/api.w.org\/{rel}","templated":true}]}}