{"id":22220,"date":"2021-06-14T10:40:02","date_gmt":"2021-06-14T08:40:02","guid":{"rendered":"https:\/\/malaga.salesianos.edu\/colegio\/blog\/practicas-en-empresas-europeas\/"},"modified":"2021-06-14T13:15:17","modified_gmt":"2021-06-14T11:15:17","slug":"practicas-en-empresas-europeas","status":"publish","type":"post","link":"https:\/\/malaga.salesianos.edu\/colegio\/blog\/practicas-en-empresas-europeas\/","title":{"rendered":"Pr\u00e1cticas en empresas europeas"},"content":{"rendered":"<p>[et_pb_section fb_built=\u00bb1&#8243; admin_label=\u00bbsection\u00bb _builder_version=\u00bb3.22.3&#8243; custom_padding=\u00bb2px|0px|54px|0px\u00bb][et_pb_row admin_label=\u00bbrow\u00bb _builder_version=\u00bb3.25&#8243; background_size=\u00bbinitial\u00bb background_position=\u00bbtop_left\u00bb background_repeat=\u00bbrepeat\u00bb][et_pb_column type=\u00bb4_4&#8243; _builder_version=\u00bb3.25&#8243; custom_padding=\u00bb|||\u00bb custom_padding__hover=\u00bb|||\u00bb][et_pb_text admin_label=\u00bbDesarrollo\u00bb _builder_version=\u00bb4.9.6&#8243; text_orientation=\u00bbjustified\u00bb custom_padding=\u00bb0px|||||\u00bb hover_enabled=\u00bb0&#8243; z_index_tablet=\u00bb500&#8243; use_border_color=\u00bboff\u00bb border_color=\u00bb#ffffff\u00bb border_style=\u00bbsolid\u00bb sticky_enabled=\u00bb0&#8243;]<\/p>\n<p>Realizar pr\u00e1cticas profesionales en el extranjero es una magn\u00edfica oportunidad de completar la formaci\u00f3n, potenciando adem\u00e1s las habilidades en idiomas y de desenvolverse en entornos multiculturales, mejorando la capacidad de adaptaci\u00f3n y conociento otros entornos y oportunidades laborales.<\/p>\n<p>Para nuestros alumnos de 2\u00ba curso de Ciclos Formativos, por fin lleg\u00f3 el tan esperado final de curso. \u00a1Enhorabuena, por el trabajo realizado y por el gran esfuerzo para seguir adelante!<\/p>\n<p><img loading=\"lazy\" decoding=\"async\" class=\"alignright wp-image-22250 size-medium\" src=\"https:\/\/malaga.salesianos.edu\/colegio\/wp-content\/uploads\/sites\/2\/2021\/06\/Visita-eslovenos_1-300x169.jpg\" alt=\"Firma de acuerdo con Academia (Eslovenia)\" width=\"300\" height=\"169\" \/>Llegados a este momento, desde el Equipo de Programas Europeos del colegio, se ofrece a los alumnos de 2\u00ba de ciclos formativos de grado superior la oportunidad de realizar una estancia de 3 meses para hacer pr\u00e1cticas en una empresa europea de su especialidad, que est\u00e9 dentro del marco Erasmus (Francia, Alemania, Dinamarca, Noruega, Austria, B\u00e9lgica, Grecia, Italia, Malta, Croacia, Eslovenia, Polonia, Rep\u00fablica Checa, y muchos otros). Estas pr\u00e1cticas son posibles gracias a uno de los proyectos <strong>Erasmus+<\/strong> el centro tiene aprobados (KA 103). La oferta est\u00e1 abierta tanto a los alumnos que deber\u00e1n realizar la FCT en septiembre, como los que ya la hicieron en el tercer trimestre. Este segundo grupo realizar\u00eda este nuevo periodo de pr\u00e1cticas, pero en esta ocasi\u00f3n como alumnos reci\u00e9n titulados.<\/p>\n<p>Por otra parte, el mes pasado estuvieron en nuestro colegio 2 profesores de Academia, un centro educativo de Maribor (Eslovenia). Durante su visita firmamos un compromiso de colaboraci\u00f3n a trav\u00e9s del cual nuestros alumnos podr\u00e1n realizar estas pr\u00e1cticas en las empresas con las que ellos colaboran para formar a sus propios alumnos.<\/p>\n<p><img loading=\"lazy\" decoding=\"async\" class=\"wp-image-22223 size-medium alignleft\" src=\"https:\/\/malaga.salesianos.edu\/colegio\/wp-content\/uploads\/sites\/2\/2021\/06\/Programas-Europeos-300x225.jpg\" alt=\"Equipo de Programas Europeos\" width=\"300\" height=\"225\" \/>Adem\u00e1s de todo lo anterior, otra posibilidad es que el alumno aporte el\u00a0 contacto de la empresa en la que desea realizar pr\u00e1cticas, o bien incluso que contacten con una empresa intermediaria que gestione dichas pr\u00e1cticas.<\/p>\n<p>Como veis, son muchas las opciones disponibles. Los alumnos interesados, deber\u00e1n acudir al despacho del Equipo de Programas Europeos para solicitarlo, aclarar dudas, o recibir cualquier informaci\u00f3n adicional que necesiten. Tambi\u00e9n pueden enviar un correo a <a href=\"mailto:europa.malaga@salesianos.edu\">europa.malaga@salesianos.edu<\/a>, que Mariola y Silvia te atender\u00e1n gustosamente.<\/p>\n<p>A todos ellos les animamos a aprovechar la estupenda oportunidad de realizar este periodo de pr\u00e1cticas en empresas europeas.<\/p>\n<p>[\/et_pb_text][\/et_pb_column][\/et_pb_row][\/et_pb_section]<\/p>\n","protected":false},"excerpt":{"rendered":"<p>Realizar pr\u00e1cticas profesionales en el extranjero es una magn\u00edfica oportunidad de completar la formaci\u00f3n, potenciando adem\u00e1s las habilidades en idiomas y de desenvolverse en entornos multiculturales, mejorando la capacidad de adaptaci\u00f3n y conociento otros entornos y oportunidades laborales. Para nuestros alumnos de 2\u00ba curso de Ciclos Formativos, por fin lleg\u00f3 el tan esperado final de [&hellip;]<\/p>\n","protected":false},"author":14,"featured_media":14900,"comment_status":"open","ping_status":"open","sticky":false,"template":"","format":"standard","meta":{"_et_pb_use_builder":"on","_et_pb_old_content":"","_et_gb_content_width":"","footnotes":""},"categories":[126,8,10,92],"tags":[],"class_list":["post-22220","post","type-post","status-publish","format-standard","has-post-thumbnail","hentry","category-casa","category-ciclos-formativos","category-colegio","category-erasmus"],"yoast_head":"<!-- This site is optimized with the Yoast SEO plugin v27.4 - https:\/\/yoast.com\/product\/yoast-seo-wordpress\/ -->\n<title>Pr\u00e1cticas en empresas europeas - Colegio Concertado San Bartolom\u00e9 | Salesianos M\u00e1laga<\/title>\n<meta name=\"robots\" content=\"index, follow, max-snippet:-1, max-image-preview:large, max-video-preview:-1\" \/>\n<link rel=\"canonical\" href=\"https:\/\/malaga.salesianos.edu\/colegio\/blog\/practicas-en-empresas-europeas\/\" \/>\n<meta property=\"og:locale\" content=\"es_ES\" \/>\n<meta property=\"og:type\" content=\"article\" \/>\n<meta property=\"og:title\" content=\"Pr\u00e1cticas en empresas europeas - Colegio Concertado San Bartolom\u00e9 | Salesianos M\u00e1laga\" \/>\n<meta property=\"og:description\" content=\"Realizar pr\u00e1cticas profesionales en el extranjero es una magn\u00edfica oportunidad de completar la formaci\u00f3n, potenciando adem\u00e1s las habilidades en idiomas y de desenvolverse en entornos multiculturales, mejorando la capacidad de adaptaci\u00f3n y conociento otros entornos y oportunidades laborales. Para nuestros alumnos de 2\u00ba curso de Ciclos Formativos, por fin lleg\u00f3 el tan esperado final de [&hellip;]\" \/>\n<meta property=\"og:url\" content=\"https:\/\/malaga.salesianos.edu\/colegio\/blog\/practicas-en-empresas-europeas\/\" \/>\n<meta property=\"og:site_name\" content=\"Colegio Concertado San Bartolom\u00e9 | Salesianos M\u00e1laga\" \/>\n<meta property=\"article:published_time\" content=\"2021-06-14T08:40:02+00:00\" \/>\n<meta property=\"article:modified_time\" content=\"2021-06-14T11:15:17+00:00\" \/>\n<meta property=\"og:image\" content=\"https:\/\/malaga.salesianos.edu\/colegio\/wp-content\/uploads\/sites\/2\/2018\/10\/banderas.jpg\" \/>\n\t<meta property=\"og:image:width\" content=\"1\" \/>\n\t<meta property=\"og:image:height\" content=\"1\" \/>\n\t<meta property=\"og:image:type\" content=\"image\/jpeg\" \/>\n<meta name=\"twitter:card\" content=\"summary_large_image\" \/>\n<meta name=\"twitter:label1\" content=\"Escrito por\" \/>\n\t<meta name=\"twitter:data1\" content=\"\" \/>\n\t<meta name=\"twitter:label2\" content=\"Tiempo de lectura\" \/>\n\t<meta name=\"twitter:data2\" content=\"2 minutos\" \/>\n<script type=\"application\/ld+json\" class=\"yoast-schema-graph\">{\"@context\":\"https:\\\/\\\/schema.org\",\"@graph\":[{\"@type\":\"Article\",\"@id\":\"https:\\\/\\\/malaga.salesianos.edu\\\/colegio\\\/blog\\\/practicas-en-empresas-europeas\\\/#article\",\"isPartOf\":{\"@id\":\"https:\\\/\\\/malaga.salesianos.edu\\\/colegio\\\/blog\\\/practicas-en-empresas-europeas\\\/\"},\"author\":{\"name\":\"\",\"@id\":\"\"},\"headline\":\"Pr\u00e1cticas en empresas europeas\",\"datePublished\":\"2021-06-14T08:40:02+00:00\",\"dateModified\":\"2021-06-14T11:15:17+00:00\",\"mainEntityOfPage\":{\"@id\":\"https:\\\/\\\/malaga.salesianos.edu\\\/colegio\\\/blog\\\/practicas-en-empresas-europeas\\\/\"},\"wordCount\":463,\"commentCount\":0,\"publisher\":{\"@id\":\"https:\\\/\\\/malaga.salesianos.edu\\\/colegio\\\/#organization\"},\"image\":{\"@id\":\"https:\\\/\\\/malaga.salesianos.edu\\\/colegio\\\/blog\\\/practicas-en-empresas-europeas\\\/#primaryimage\"},\"thumbnailUrl\":\"https:\\\/\\\/malaga.salesianos.edu\\\/colegio\\\/wp-content\\\/uploads\\\/sites\\\/2\\\/2018\\\/10\\\/banderas.jpg\",\"articleSection\":[\"Casa\",\"Ciclos Formativos\",\"Colegio\",\"Erasmus+\"],\"inLanguage\":\"es\",\"potentialAction\":[{\"@type\":\"CommentAction\",\"name\":\"Comment\",\"target\":[\"https:\\\/\\\/malaga.salesianos.edu\\\/colegio\\\/blog\\\/practicas-en-empresas-europeas\\\/#respond\"]}]},{\"@type\":\"WebPage\",\"@id\":\"https:\\\/\\\/malaga.salesianos.edu\\\/colegio\\\/blog\\\/practicas-en-empresas-europeas\\\/\",\"url\":\"https:\\\/\\\/malaga.salesianos.edu\\\/colegio\\\/blog\\\/practicas-en-empresas-europeas\\\/\",\"name\":\"Pr\u00e1cticas en empresas europeas - Colegio Concertado San Bartolom\u00e9 | Salesianos M\u00e1laga\",\"isPartOf\":{\"@id\":\"https:\\\/\\\/malaga.salesianos.edu\\\/colegio\\\/#website\"},\"primaryImageOfPage\":{\"@id\":\"https:\\\/\\\/malaga.salesianos.edu\\\/colegio\\\/blog\\\/practicas-en-empresas-europeas\\\/#primaryimage\"},\"image\":{\"@id\":\"https:\\\/\\\/malaga.salesianos.edu\\\/colegio\\\/blog\\\/practicas-en-empresas-europeas\\\/#primaryimage\"},\"thumbnailUrl\":\"https:\\\/\\\/malaga.salesianos.edu\\\/colegio\\\/wp-content\\\/uploads\\\/sites\\\/2\\\/2018\\\/10\\\/banderas.jpg\",\"datePublished\":\"2021-06-14T08:40:02+00:00\",\"dateModified\":\"2021-06-14T11:15:17+00:00\",\"breadcrumb\":{\"@id\":\"https:\\\/\\\/malaga.salesianos.edu\\\/colegio\\\/blog\\\/practicas-en-empresas-europeas\\\/#breadcrumb\"},\"inLanguage\":\"es\",\"potentialAction\":[{\"@type\":\"ReadAction\",\"target\":[\"https:\\\/\\\/malaga.salesianos.edu\\\/colegio\\\/blog\\\/practicas-en-empresas-europeas\\\/\"]}]},{\"@type\":\"ImageObject\",\"inLanguage\":\"es\",\"@id\":\"https:\\\/\\\/malaga.salesianos.edu\\\/colegio\\\/blog\\\/practicas-en-empresas-europeas\\\/#primaryimage\",\"url\":\"https:\\\/\\\/malaga.salesianos.edu\\\/colegio\\\/wp-content\\\/uploads\\\/sites\\\/2\\\/2018\\\/10\\\/banderas.jpg\",\"contentUrl\":\"https:\\\/\\\/malaga.salesianos.edu\\\/colegio\\\/wp-content\\\/uploads\\\/sites\\\/2\\\/2018\\\/10\\\/banderas.jpg\"},{\"@type\":\"BreadcrumbList\",\"@id\":\"https:\\\/\\\/malaga.salesianos.edu\\\/colegio\\\/blog\\\/practicas-en-empresas-europeas\\\/#breadcrumb\",\"itemListElement\":[{\"@type\":\"ListItem\",\"position\":1,\"name\":\"Portada\",\"item\":\"https:\\\/\\\/malaga.salesianos.edu\\\/colegio\\\/\"},{\"@type\":\"ListItem\",\"position\":2,\"name\":\"Pr\u00e1cticas en empresas europeas\"}]},{\"@type\":\"WebSite\",\"@id\":\"https:\\\/\\\/malaga.salesianos.edu\\\/colegio\\\/#website\",\"url\":\"https:\\\/\\\/malaga.salesianos.edu\\\/colegio\\\/\",\"name\":\"Colegio Concertado San Bartolom\u00e9 | Salesianos M\u00e1laga\",\"description\":\"Centro concertado. Infantil, Primaria, ESO, Bachillerato, Formaci\u00f3n Profesional, Formaci\u00f3n Profesional B\u00e1sica (FPB) y Ciclos Formativos de Grado Medio y Superior.\",\"publisher\":{\"@id\":\"https:\\\/\\\/malaga.salesianos.edu\\\/colegio\\\/#organization\"},\"potentialAction\":[{\"@type\":\"SearchAction\",\"target\":{\"@type\":\"EntryPoint\",\"urlTemplate\":\"https:\\\/\\\/malaga.salesianos.edu\\\/colegio\\\/?s={search_term_string}\"},\"query-input\":{\"@type\":\"PropertyValueSpecification\",\"valueRequired\":true,\"valueName\":\"search_term_string\"}}],\"inLanguage\":\"es\"},{\"@type\":\"Organization\",\"@id\":\"https:\\\/\\\/malaga.salesianos.edu\\\/colegio\\\/#organization\",\"name\":\"Salesianos M\u00e1laga\",\"url\":\"https:\\\/\\\/malaga.salesianos.edu\\\/colegio\\\/\",\"logo\":{\"@type\":\"ImageObject\",\"inLanguage\":\"es\",\"@id\":\"https:\\\/\\\/malaga.salesianos.edu\\\/colegio\\\/#\\\/schema\\\/logo\\\/image\\\/\",\"url\":\"https:\\\/\\\/malaga.salesianos.edu\\\/colegio\\\/wp-content\\\/uploads\\\/sites\\\/2\\\/2018\\\/04\\\/MALAGAobraVN2.jpg\",\"contentUrl\":\"https:\\\/\\\/malaga.salesianos.edu\\\/colegio\\\/wp-content\\\/uploads\\\/sites\\\/2\\\/2018\\\/04\\\/MALAGAobraVN2.jpg\",\"width\":1937,\"height\":1490,\"caption\":\"Salesianos M\u00e1laga\"},\"image\":{\"@id\":\"https:\\\/\\\/malaga.salesianos.edu\\\/colegio\\\/#\\\/schema\\\/logo\\\/image\\\/\"}},{\"@type\":\"Person\",\"@id\":\"\"}]}<\/script>\n<!-- \/ Yoast SEO plugin. -->","yoast_head_json":{"title":"Pr\u00e1cticas en empresas europeas - Colegio Concertado San Bartolom\u00e9 | Salesianos M\u00e1laga","robots":{"index":"index","follow":"follow","max-snippet":"max-snippet:-1","max-image-preview":"max-image-preview:large","max-video-preview":"max-video-preview:-1"},"canonical":"https:\/\/malaga.salesianos.edu\/colegio\/blog\/practicas-en-empresas-europeas\/","og_locale":"es_ES","og_type":"article","og_title":"Pr\u00e1cticas en empresas europeas - Colegio Concertado San Bartolom\u00e9 | Salesianos M\u00e1laga","og_description":"Realizar pr\u00e1cticas profesionales en el extranjero es una magn\u00edfica oportunidad de completar la formaci\u00f3n, potenciando adem\u00e1s las habilidades en idiomas y de desenvolverse en entornos multiculturales, mejorando la capacidad de adaptaci\u00f3n y conociento otros entornos y oportunidades laborales. Para nuestros alumnos de 2\u00ba curso de Ciclos Formativos, por fin lleg\u00f3 el tan esperado final de [&hellip;]","og_url":"https:\/\/malaga.salesianos.edu\/colegio\/blog\/practicas-en-empresas-europeas\/","og_site_name":"Colegio Concertado San Bartolom\u00e9 | Salesianos M\u00e1laga","article_published_time":"2021-06-14T08:40:02+00:00","article_modified_time":"2021-06-14T11:15:17+00:00","og_image":[{"url":"https:\/\/malaga.salesianos.edu\/colegio\/wp-content\/uploads\/sites\/2\/2018\/10\/banderas.jpg","width":1,"height":1,"type":"image\/jpeg"}],"twitter_card":"summary_large_image","twitter_misc":{"Escrito por":"","Tiempo de lectura":"2 minutos"},"schema":{"@context":"https:\/\/schema.org","@graph":[{"@type":"Article","@id":"https:\/\/malaga.salesianos.edu\/colegio\/blog\/practicas-en-empresas-europeas\/#article","isPartOf":{"@id":"https:\/\/malaga.salesianos.edu\/colegio\/blog\/practicas-en-empresas-europeas\/"},"author":{"name":"","@id":""},"headline":"Pr\u00e1cticas en empresas europeas","datePublished":"2021-06-14T08:40:02+00:00","dateModified":"2021-06-14T11:15:17+00:00","mainEntityOfPage":{"@id":"https:\/\/malaga.salesianos.edu\/colegio\/blog\/practicas-en-empresas-europeas\/"},"wordCount":463,"commentCount":0,"publisher":{"@id":"https:\/\/malaga.salesianos.edu\/colegio\/#organization"},"image":{"@id":"https:\/\/malaga.salesianos.edu\/colegio\/blog\/practicas-en-empresas-europeas\/#primaryimage"},"thumbnailUrl":"https:\/\/malaga.salesianos.edu\/colegio\/wp-content\/uploads\/sites\/2\/2018\/10\/banderas.jpg","articleSection":["Casa","Ciclos Formativos","Colegio","Erasmus+"],"inLanguage":"es","potentialAction":[{"@type":"CommentAction","name":"Comment","target":["https:\/\/malaga.salesianos.edu\/colegio\/blog\/practicas-en-empresas-europeas\/#respond"]}]},{"@type":"WebPage","@id":"https:\/\/malaga.salesianos.edu\/colegio\/blog\/practicas-en-empresas-europeas\/","url":"https:\/\/malaga.salesianos.edu\/colegio\/blog\/practicas-en-empresas-europeas\/","name":"Pr\u00e1cticas en empresas europeas - Colegio Concertado San Bartolom\u00e9 | Salesianos M\u00e1laga","isPartOf":{"@id":"https:\/\/malaga.salesianos.edu\/colegio\/#website"},"primaryImageOfPage":{"@id":"https:\/\/malaga.salesianos.edu\/colegio\/blog\/practicas-en-empresas-europeas\/#primaryimage"},"image":{"@id":"https:\/\/malaga.salesianos.edu\/colegio\/blog\/practicas-en-empresas-europeas\/#primaryimage"},"thumbnailUrl":"https:\/\/malaga.salesianos.edu\/colegio\/wp-content\/uploads\/sites\/2\/2018\/10\/banderas.jpg","datePublished":"2021-06-14T08:40:02+00:00","dateModified":"2021-06-14T11:15:17+00:00","breadcrumb":{"@id":"https:\/\/malaga.salesianos.edu\/colegio\/blog\/practicas-en-empresas-europeas\/#breadcrumb"},"inLanguage":"es","potentialAction":[{"@type":"ReadAction","target":["https:\/\/malaga.salesianos.edu\/colegio\/blog\/practicas-en-empresas-europeas\/"]}]},{"@type":"ImageObject","inLanguage":"es","@id":"https:\/\/malaga.salesianos.edu\/colegio\/blog\/practicas-en-empresas-europeas\/#primaryimage","url":"https:\/\/malaga.salesianos.edu\/colegio\/wp-content\/uploads\/sites\/2\/2018\/10\/banderas.jpg","contentUrl":"https:\/\/malaga.salesianos.edu\/colegio\/wp-content\/uploads\/sites\/2\/2018\/10\/banderas.jpg"},{"@type":"BreadcrumbList","@id":"https:\/\/malaga.salesianos.edu\/colegio\/blog\/practicas-en-empresas-europeas\/#breadcrumb","itemListElement":[{"@type":"ListItem","position":1,"name":"Portada","item":"https:\/\/malaga.salesianos.edu\/colegio\/"},{"@type":"ListItem","position":2,"name":"Pr\u00e1cticas en empresas europeas"}]},{"@type":"WebSite","@id":"https:\/\/malaga.salesianos.edu\/colegio\/#website","url":"https:\/\/malaga.salesianos.edu\/colegio\/","name":"Colegio Concertado San Bartolom\u00e9 | Salesianos M\u00e1laga","description":"Centro concertado. Infantil, Primaria, ESO, Bachillerato, Formaci\u00f3n Profesional, Formaci\u00f3n Profesional B\u00e1sica (FPB) y Ciclos Formativos de Grado Medio y Superior.","publisher":{"@id":"https:\/\/malaga.salesianos.edu\/colegio\/#organization"},"potentialAction":[{"@type":"SearchAction","target":{"@type":"EntryPoint","urlTemplate":"https:\/\/malaga.salesianos.edu\/colegio\/?s={search_term_string}"},"query-input":{"@type":"PropertyValueSpecification","valueRequired":true,"valueName":"search_term_string"}}],"inLanguage":"es"},{"@type":"Organization","@id":"https:\/\/malaga.salesianos.edu\/colegio\/#organization","name":"Salesianos M\u00e1laga","url":"https:\/\/malaga.salesianos.edu\/colegio\/","logo":{"@type":"ImageObject","inLanguage":"es","@id":"https:\/\/malaga.salesianos.edu\/colegio\/#\/schema\/logo\/image\/","url":"https:\/\/malaga.salesianos.edu\/colegio\/wp-content\/uploads\/sites\/2\/2018\/04\/MALAGAobraVN2.jpg","contentUrl":"https:\/\/malaga.salesianos.edu\/colegio\/wp-content\/uploads\/sites\/2\/2018\/04\/MALAGAobraVN2.jpg","width":1937,"height":1490,"caption":"Salesianos M\u00e1laga"},"image":{"@id":"https:\/\/malaga.salesianos.edu\/colegio\/#\/schema\/logo\/image\/"}},{"@type":"Person","@id":""}]}},"_links":{"self":[{"href":"https:\/\/malaga.salesianos.edu\/colegio\/wp-json\/wp\/v2\/posts\/22220","targetHints":{"allow":["GET"]}}],"collection":[{"href":"https:\/\/malaga.salesianos.edu\/colegio\/wp-json\/wp\/v2\/posts"}],"about":[{"href":"https:\/\/malaga.salesianos.edu\/colegio\/wp-json\/wp\/v2\/types\/post"}],"author":[{"embeddable":true,"href":"https:\/\/malaga.salesianos.edu\/colegio\/wp-json\/wp\/v2\/users\/14"}],"replies":[{"embeddable":true,"href":"https:\/\/malaga.salesianos.edu\/colegio\/wp-json\/wp\/v2\/comments?post=22220"}],"version-history":[{"count":23,"href":"https:\/\/malaga.salesianos.edu\/colegio\/wp-json\/wp\/v2\/posts\/22220\/revisions"}],"predecessor-version":[{"id":22252,"href":"https:\/\/malaga.salesianos.edu\/colegio\/wp-json\/wp\/v2\/posts\/22220\/revisions\/22252"}],"wp:featuredmedia":[{"embeddable":true,"href":"https:\/\/malaga.salesianos.edu\/colegio\/wp-json\/wp\/v2\/media\/14900"}],"wp:attachment":[{"href":"https:\/\/malaga.salesianos.edu\/colegio\/wp-json\/wp\/v2\/media?parent=22220"}],"wp:term":[{"taxonomy":"category","embeddable":true,"href":"https:\/\/malaga.salesianos.edu\/colegio\/wp-json\/wp\/v2\/categories?post=22220"},{"taxonomy":"post_tag","embeddable":true,"href":"https:\/\/malaga.salesianos.edu\/colegio\/wp-json\/wp\/v2\/tags?post=22220"}],"curies":[{"name":"wp","href":"https:\/\/api.w.org\/{rel}","templated":true}]}}