{"id":21974,"date":"2021-03-14T09:20:56","date_gmt":"2021-03-14T08:20:56","guid":{"rendered":"https:\/\/malaga.salesianos.edu\/colegio\/blog\/comienza-la-formacion-en-centros-de-trabajo\/"},"modified":"2021-03-14T09:25:21","modified_gmt":"2021-03-14T08:25:21","slug":"comienza-la-formacion-en-centros-de-trabajo","status":"publish","type":"post","link":"https:\/\/malaga.salesianos.edu\/colegio\/blog\/comienza-la-formacion-en-centros-de-trabajo\/","title":{"rendered":"Comienza la Formaci\u00f3n en Centros de Trabajo"},"content":{"rendered":"<p>[et_pb_section fb_built=\u00bb1&#8243; admin_label=\u00bbsection\u00bb _builder_version=\u00bb3.22.3&#8243; custom_padding=\u00bb2px|0px|54px|0px\u00bb][et_pb_row admin_label=\u00bbrow\u00bb _builder_version=\u00bb3.25&#8243; background_size=\u00bbinitial\u00bb background_position=\u00bbtop_left\u00bb background_repeat=\u00bbrepeat\u00bb][et_pb_column type=\u00bb4_4&#8243; _builder_version=\u00bb3.25&#8243; custom_padding=\u00bb|||\u00bb custom_padding__hover=\u00bb|||\u00bb][et_pb_text admin_label=\u00bbDesarrollo\u00bb _builder_version=\u00bb4.9.1&#8243; text_orientation=\u00bbjustified\u00bb custom_padding=\u00bb0px|||||\u00bb z_index_tablet=\u00bb500&#8243; use_border_color=\u00bboff\u00bb border_color=\u00bb#ffffff\u00bb border_style=\u00bbsolid\u00bb]<\/p>\n<p>La Formaci\u00f3n en Centros de Trabajo (FCT) es un m\u00f3dulo profesional presente en todos los ciclos formativos de formaci\u00f3n profesional. Los alumnos deben cursarlo obligatoriamente para obtener la titulaci\u00f3n. La FCT se desarrolla tras finalizar el resto de m\u00f3dulos que componen el ciclo formativo y tiene un claro objetivo: practicar todas las capacidades adquiridas en el centro educativo en empresas del sector, participando y realizando las funciones propias del puesto de trabajo en un entorno real de producci\u00f3n y\/o servicio.<\/p>\n<p><span class=\"JsGRdQ\"><img loading=\"lazy\" decoding=\"async\" class=\"alignleft wp-image-21975 size-medium\" src=\"https:\/\/malaga.salesianos.edu\/colegio\/wp-content\/uploads\/sites\/2\/2021\/03\/Ciclos-Formativos-inician-FCT_3-281x300.jpeg\" alt=\"Los alumnos de ciclos formativos inician la Formaci\u00f3n en Centros de Trabajo (FCT)\" width=\"281\" height=\"300\" \/>Nuestros alumnos de 2\u00ba curso de Ciclo Formativo han finalizado su 2\u00aa evaluaci\u00f3n. La mitad de los grupos ya han recibido su bolet\u00edn de notas y la otra mitad se encuentra realizando recuperaciones, y lo recibir\u00e1 la semana que viene. En estos d\u00edas est\u00e1n respondiendo<\/span> <span class=\"JsGRdQ\">la encuesta de satisfacci\u00f3n, valorando tanto el centro como al profesorado<\/span>.<\/p>\n<p class=\"_04xlpA direction-ltr align-justify para-style-body\"><span class=\"JsGRdQ\">A partir de este momento, comienza la FCT, una etapa muy importante en su formaci\u00f3n,\u00a0 que conlleva un seguimiento individual por parte de los profesores que son adem\u00e1s tutores de FCT. Estos tutores realizan visitas peri\u00f3dicas a cada empresa y comprueba que se est\u00e1n cumpliendo los objetivos planteados. Esta experiencia pr\u00e1ctica en las empresas, es un complemento clave en el aprendizaje de una profesi\u00f3n, favoreciendo su inserci\u00f3n laboral de los alumnos de ciclos formativos. En ocasiones, les ofrece adem\u00e1s una primera oportunidad de empleo.<\/span><\/p>\n<p class=\"_04xlpA direction-ltr align-justify para-style-body\"><span class=\"JsGRdQ\">Los alumnos de 2\u00ba curso de Gesti\u00f3n administrativa, Administraci\u00f3n y finanzas y Mantenimiento electr\u00f3nico, comenzar\u00e1n la FCT el lunes 15 de marzo. El resto de cursos (Electromec\u00e1nica de veh\u00edculos autom\u00f3viles, Instalaciones el\u00e9ctricas y autom\u00e1ticas, Mantenimiento de instalaciones t\u00e9rmicas y fluidos), lo har\u00e1 el lunes 22.<\/span><\/p>\n<p>[\/et_pb_text][\/et_pb_column][\/et_pb_row][\/et_pb_section]<\/p>\n","protected":false},"excerpt":{"rendered":"<p>La Formaci\u00f3n en Centros de Trabajo (FCT) es un m\u00f3dulo profesional presente en todos los ciclos formativos de formaci\u00f3n profesional. Los alumnos deben cursarlo obligatoriamente para obtener la titulaci\u00f3n. La FCT se desarrolla tras finalizar el resto de m\u00f3dulos que componen el ciclo formativo y tiene un claro objetivo: practicar todas las capacidades adquiridas en [&hellip;]<\/p>\n","protected":false},"author":7,"featured_media":21977,"comment_status":"open","ping_status":"open","sticky":false,"template":"","format":"standard","meta":{"_et_pb_use_builder":"on","_et_pb_old_content":"","_et_gb_content_width":"","footnotes":""},"categories":[8,10],"tags":[],"class_list":["post-21974","post","type-post","status-publish","format-standard","has-post-thumbnail","hentry","category-ciclos-formativos","category-colegio"],"yoast_head":"<!-- This site is optimized with the Yoast SEO plugin v27.4 - https:\/\/yoast.com\/product\/yoast-seo-wordpress\/ -->\n<title>Comienza la Formaci\u00f3n en Centros de Trabajo - Colegio Concertado San Bartolom\u00e9 | Salesianos M\u00e1laga<\/title>\n<meta name=\"robots\" content=\"index, follow, max-snippet:-1, max-image-preview:large, max-video-preview:-1\" \/>\n<link rel=\"canonical\" href=\"https:\/\/malaga.salesianos.edu\/colegio\/blog\/comienza-la-formacion-en-centros-de-trabajo\/\" \/>\n<meta property=\"og:locale\" content=\"es_ES\" \/>\n<meta property=\"og:type\" content=\"article\" \/>\n<meta property=\"og:title\" content=\"Comienza la Formaci\u00f3n en Centros de Trabajo - Colegio Concertado San Bartolom\u00e9 | Salesianos M\u00e1laga\" \/>\n<meta property=\"og:description\" content=\"La Formaci\u00f3n en Centros de Trabajo (FCT) es un m\u00f3dulo profesional presente en todos los ciclos formativos de formaci\u00f3n profesional. Los alumnos deben cursarlo obligatoriamente para obtener la titulaci\u00f3n. La FCT se desarrolla tras finalizar el resto de m\u00f3dulos que componen el ciclo formativo y tiene un claro objetivo: practicar todas las capacidades adquiridas en [&hellip;]\" \/>\n<meta property=\"og:url\" content=\"https:\/\/malaga.salesianos.edu\/colegio\/blog\/comienza-la-formacion-en-centros-de-trabajo\/\" \/>\n<meta property=\"og:site_name\" content=\"Colegio Concertado San Bartolom\u00e9 | Salesianos M\u00e1laga\" \/>\n<meta property=\"article:published_time\" content=\"2021-03-14T08:20:56+00:00\" \/>\n<meta property=\"article:modified_time\" content=\"2021-03-14T08:25:21+00:00\" \/>\n<meta property=\"og:image\" content=\"https:\/\/malaga.salesianos.edu\/colegio\/wp-content\/uploads\/sites\/2\/2021\/03\/Ciclos-Formativos-inician-FCT_1.jpeg\" \/>\n\t<meta property=\"og:image:width\" content=\"1599\" \/>\n\t<meta property=\"og:image:height\" content=\"1200\" \/>\n\t<meta property=\"og:image:type\" content=\"image\/jpeg\" \/>\n<meta name=\"twitter:card\" content=\"summary_large_image\" \/>\n<meta name=\"twitter:label1\" content=\"Escrito por\" \/>\n\t<meta name=\"twitter:data1\" content=\"\" \/>\n\t<meta name=\"twitter:label2\" content=\"Tiempo de lectura\" \/>\n\t<meta name=\"twitter:data2\" content=\"2 minutos\" \/>\n<script type=\"application\/ld+json\" class=\"yoast-schema-graph\">{\"@context\":\"https:\\\/\\\/schema.org\",\"@graph\":[{\"@type\":\"Article\",\"@id\":\"https:\\\/\\\/malaga.salesianos.edu\\\/colegio\\\/blog\\\/comienza-la-formacion-en-centros-de-trabajo\\\/#article\",\"isPartOf\":{\"@id\":\"https:\\\/\\\/malaga.salesianos.edu\\\/colegio\\\/blog\\\/comienza-la-formacion-en-centros-de-trabajo\\\/\"},\"author\":{\"name\":\"\",\"@id\":\"\"},\"headline\":\"Comienza la Formaci\u00f3n en Centros de Trabajo\",\"datePublished\":\"2021-03-14T08:20:56+00:00\",\"dateModified\":\"2021-03-14T08:25:21+00:00\",\"mainEntityOfPage\":{\"@id\":\"https:\\\/\\\/malaga.salesianos.edu\\\/colegio\\\/blog\\\/comienza-la-formacion-en-centros-de-trabajo\\\/\"},\"wordCount\":382,\"commentCount\":0,\"publisher\":{\"@id\":\"https:\\\/\\\/malaga.salesianos.edu\\\/colegio\\\/#organization\"},\"image\":{\"@id\":\"https:\\\/\\\/malaga.salesianos.edu\\\/colegio\\\/blog\\\/comienza-la-formacion-en-centros-de-trabajo\\\/#primaryimage\"},\"thumbnailUrl\":\"https:\\\/\\\/malaga.salesianos.edu\\\/colegio\\\/wp-content\\\/uploads\\\/sites\\\/2\\\/2021\\\/03\\\/Ciclos-Formativos-inician-FCT_1.jpeg\",\"articleSection\":[\"Ciclos Formativos\",\"Colegio\"],\"inLanguage\":\"es\",\"potentialAction\":[{\"@type\":\"CommentAction\",\"name\":\"Comment\",\"target\":[\"https:\\\/\\\/malaga.salesianos.edu\\\/colegio\\\/blog\\\/comienza-la-formacion-en-centros-de-trabajo\\\/#respond\"]}]},{\"@type\":\"WebPage\",\"@id\":\"https:\\\/\\\/malaga.salesianos.edu\\\/colegio\\\/blog\\\/comienza-la-formacion-en-centros-de-trabajo\\\/\",\"url\":\"https:\\\/\\\/malaga.salesianos.edu\\\/colegio\\\/blog\\\/comienza-la-formacion-en-centros-de-trabajo\\\/\",\"name\":\"Comienza la Formaci\u00f3n en Centros de Trabajo - Colegio Concertado San Bartolom\u00e9 | Salesianos M\u00e1laga\",\"isPartOf\":{\"@id\":\"https:\\\/\\\/malaga.salesianos.edu\\\/colegio\\\/#website\"},\"primaryImageOfPage\":{\"@id\":\"https:\\\/\\\/malaga.salesianos.edu\\\/colegio\\\/blog\\\/comienza-la-formacion-en-centros-de-trabajo\\\/#primaryimage\"},\"image\":{\"@id\":\"https:\\\/\\\/malaga.salesianos.edu\\\/colegio\\\/blog\\\/comienza-la-formacion-en-centros-de-trabajo\\\/#primaryimage\"},\"thumbnailUrl\":\"https:\\\/\\\/malaga.salesianos.edu\\\/colegio\\\/wp-content\\\/uploads\\\/sites\\\/2\\\/2021\\\/03\\\/Ciclos-Formativos-inician-FCT_1.jpeg\",\"datePublished\":\"2021-03-14T08:20:56+00:00\",\"dateModified\":\"2021-03-14T08:25:21+00:00\",\"breadcrumb\":{\"@id\":\"https:\\\/\\\/malaga.salesianos.edu\\\/colegio\\\/blog\\\/comienza-la-formacion-en-centros-de-trabajo\\\/#breadcrumb\"},\"inLanguage\":\"es\",\"potentialAction\":[{\"@type\":\"ReadAction\",\"target\":[\"https:\\\/\\\/malaga.salesianos.edu\\\/colegio\\\/blog\\\/comienza-la-formacion-en-centros-de-trabajo\\\/\"]}]},{\"@type\":\"ImageObject\",\"inLanguage\":\"es\",\"@id\":\"https:\\\/\\\/malaga.salesianos.edu\\\/colegio\\\/blog\\\/comienza-la-formacion-en-centros-de-trabajo\\\/#primaryimage\",\"url\":\"https:\\\/\\\/malaga.salesianos.edu\\\/colegio\\\/wp-content\\\/uploads\\\/sites\\\/2\\\/2021\\\/03\\\/Ciclos-Formativos-inician-FCT_1.jpeg\",\"contentUrl\":\"https:\\\/\\\/malaga.salesianos.edu\\\/colegio\\\/wp-content\\\/uploads\\\/sites\\\/2\\\/2021\\\/03\\\/Ciclos-Formativos-inician-FCT_1.jpeg\",\"width\":1599,\"height\":1200,\"caption\":\"Los alumnos de ciclos formativos inician la Formaci\u00f3n en Centros de Trabajo (FCT)\"},{\"@type\":\"BreadcrumbList\",\"@id\":\"https:\\\/\\\/malaga.salesianos.edu\\\/colegio\\\/blog\\\/comienza-la-formacion-en-centros-de-trabajo\\\/#breadcrumb\",\"itemListElement\":[{\"@type\":\"ListItem\",\"position\":1,\"name\":\"Portada\",\"item\":\"https:\\\/\\\/malaga.salesianos.edu\\\/colegio\\\/\"},{\"@type\":\"ListItem\",\"position\":2,\"name\":\"Comienza la Formaci\u00f3n en Centros de Trabajo\"}]},{\"@type\":\"WebSite\",\"@id\":\"https:\\\/\\\/malaga.salesianos.edu\\\/colegio\\\/#website\",\"url\":\"https:\\\/\\\/malaga.salesianos.edu\\\/colegio\\\/\",\"name\":\"Colegio Concertado San Bartolom\u00e9 | Salesianos M\u00e1laga\",\"description\":\"Centro concertado. Infantil, Primaria, ESO, Bachillerato, Formaci\u00f3n Profesional, Formaci\u00f3n Profesional B\u00e1sica (FPB) y Ciclos Formativos de Grado Medio y Superior.\",\"publisher\":{\"@id\":\"https:\\\/\\\/malaga.salesianos.edu\\\/colegio\\\/#organization\"},\"potentialAction\":[{\"@type\":\"SearchAction\",\"target\":{\"@type\":\"EntryPoint\",\"urlTemplate\":\"https:\\\/\\\/malaga.salesianos.edu\\\/colegio\\\/?s={search_term_string}\"},\"query-input\":{\"@type\":\"PropertyValueSpecification\",\"valueRequired\":true,\"valueName\":\"search_term_string\"}}],\"inLanguage\":\"es\"},{\"@type\":\"Organization\",\"@id\":\"https:\\\/\\\/malaga.salesianos.edu\\\/colegio\\\/#organization\",\"name\":\"Salesianos M\u00e1laga\",\"url\":\"https:\\\/\\\/malaga.salesianos.edu\\\/colegio\\\/\",\"logo\":{\"@type\":\"ImageObject\",\"inLanguage\":\"es\",\"@id\":\"https:\\\/\\\/malaga.salesianos.edu\\\/colegio\\\/#\\\/schema\\\/logo\\\/image\\\/\",\"url\":\"https:\\\/\\\/malaga.salesianos.edu\\\/colegio\\\/wp-content\\\/uploads\\\/sites\\\/2\\\/2018\\\/04\\\/MALAGAobraVN2.jpg\",\"contentUrl\":\"https:\\\/\\\/malaga.salesianos.edu\\\/colegio\\\/wp-content\\\/uploads\\\/sites\\\/2\\\/2018\\\/04\\\/MALAGAobraVN2.jpg\",\"width\":1937,\"height\":1490,\"caption\":\"Salesianos M\u00e1laga\"},\"image\":{\"@id\":\"https:\\\/\\\/malaga.salesianos.edu\\\/colegio\\\/#\\\/schema\\\/logo\\\/image\\\/\"}},{\"@type\":\"Person\",\"@id\":\"\"}]}<\/script>\n<!-- \/ Yoast SEO plugin. -->","yoast_head_json":{"title":"Comienza la Formaci\u00f3n en Centros de Trabajo - Colegio Concertado San Bartolom\u00e9 | Salesianos M\u00e1laga","robots":{"index":"index","follow":"follow","max-snippet":"max-snippet:-1","max-image-preview":"max-image-preview:large","max-video-preview":"max-video-preview:-1"},"canonical":"https:\/\/malaga.salesianos.edu\/colegio\/blog\/comienza-la-formacion-en-centros-de-trabajo\/","og_locale":"es_ES","og_type":"article","og_title":"Comienza la Formaci\u00f3n en Centros de Trabajo - Colegio Concertado San Bartolom\u00e9 | Salesianos M\u00e1laga","og_description":"La Formaci\u00f3n en Centros de Trabajo (FCT) es un m\u00f3dulo profesional presente en todos los ciclos formativos de formaci\u00f3n profesional. Los alumnos deben cursarlo obligatoriamente para obtener la titulaci\u00f3n. La FCT se desarrolla tras finalizar el resto de m\u00f3dulos que componen el ciclo formativo y tiene un claro objetivo: practicar todas las capacidades adquiridas en [&hellip;]","og_url":"https:\/\/malaga.salesianos.edu\/colegio\/blog\/comienza-la-formacion-en-centros-de-trabajo\/","og_site_name":"Colegio Concertado San Bartolom\u00e9 | Salesianos M\u00e1laga","article_published_time":"2021-03-14T08:20:56+00:00","article_modified_time":"2021-03-14T08:25:21+00:00","og_image":[{"width":1599,"height":1200,"url":"https:\/\/malaga.salesianos.edu\/colegio\/wp-content\/uploads\/sites\/2\/2021\/03\/Ciclos-Formativos-inician-FCT_1.jpeg","type":"image\/jpeg"}],"twitter_card":"summary_large_image","twitter_misc":{"Escrito por":"","Tiempo de lectura":"2 minutos"},"schema":{"@context":"https:\/\/schema.org","@graph":[{"@type":"Article","@id":"https:\/\/malaga.salesianos.edu\/colegio\/blog\/comienza-la-formacion-en-centros-de-trabajo\/#article","isPartOf":{"@id":"https:\/\/malaga.salesianos.edu\/colegio\/blog\/comienza-la-formacion-en-centros-de-trabajo\/"},"author":{"name":"","@id":""},"headline":"Comienza la Formaci\u00f3n en Centros de Trabajo","datePublished":"2021-03-14T08:20:56+00:00","dateModified":"2021-03-14T08:25:21+00:00","mainEntityOfPage":{"@id":"https:\/\/malaga.salesianos.edu\/colegio\/blog\/comienza-la-formacion-en-centros-de-trabajo\/"},"wordCount":382,"commentCount":0,"publisher":{"@id":"https:\/\/malaga.salesianos.edu\/colegio\/#organization"},"image":{"@id":"https:\/\/malaga.salesianos.edu\/colegio\/blog\/comienza-la-formacion-en-centros-de-trabajo\/#primaryimage"},"thumbnailUrl":"https:\/\/malaga.salesianos.edu\/colegio\/wp-content\/uploads\/sites\/2\/2021\/03\/Ciclos-Formativos-inician-FCT_1.jpeg","articleSection":["Ciclos Formativos","Colegio"],"inLanguage":"es","potentialAction":[{"@type":"CommentAction","name":"Comment","target":["https:\/\/malaga.salesianos.edu\/colegio\/blog\/comienza-la-formacion-en-centros-de-trabajo\/#respond"]}]},{"@type":"WebPage","@id":"https:\/\/malaga.salesianos.edu\/colegio\/blog\/comienza-la-formacion-en-centros-de-trabajo\/","url":"https:\/\/malaga.salesianos.edu\/colegio\/blog\/comienza-la-formacion-en-centros-de-trabajo\/","name":"Comienza la Formaci\u00f3n en Centros de Trabajo - Colegio Concertado San Bartolom\u00e9 | Salesianos M\u00e1laga","isPartOf":{"@id":"https:\/\/malaga.salesianos.edu\/colegio\/#website"},"primaryImageOfPage":{"@id":"https:\/\/malaga.salesianos.edu\/colegio\/blog\/comienza-la-formacion-en-centros-de-trabajo\/#primaryimage"},"image":{"@id":"https:\/\/malaga.salesianos.edu\/colegio\/blog\/comienza-la-formacion-en-centros-de-trabajo\/#primaryimage"},"thumbnailUrl":"https:\/\/malaga.salesianos.edu\/colegio\/wp-content\/uploads\/sites\/2\/2021\/03\/Ciclos-Formativos-inician-FCT_1.jpeg","datePublished":"2021-03-14T08:20:56+00:00","dateModified":"2021-03-14T08:25:21+00:00","breadcrumb":{"@id":"https:\/\/malaga.salesianos.edu\/colegio\/blog\/comienza-la-formacion-en-centros-de-trabajo\/#breadcrumb"},"inLanguage":"es","potentialAction":[{"@type":"ReadAction","target":["https:\/\/malaga.salesianos.edu\/colegio\/blog\/comienza-la-formacion-en-centros-de-trabajo\/"]}]},{"@type":"ImageObject","inLanguage":"es","@id":"https:\/\/malaga.salesianos.edu\/colegio\/blog\/comienza-la-formacion-en-centros-de-trabajo\/#primaryimage","url":"https:\/\/malaga.salesianos.edu\/colegio\/wp-content\/uploads\/sites\/2\/2021\/03\/Ciclos-Formativos-inician-FCT_1.jpeg","contentUrl":"https:\/\/malaga.salesianos.edu\/colegio\/wp-content\/uploads\/sites\/2\/2021\/03\/Ciclos-Formativos-inician-FCT_1.jpeg","width":1599,"height":1200,"caption":"Los alumnos de ciclos formativos inician la Formaci\u00f3n en Centros de Trabajo (FCT)"},{"@type":"BreadcrumbList","@id":"https:\/\/malaga.salesianos.edu\/colegio\/blog\/comienza-la-formacion-en-centros-de-trabajo\/#breadcrumb","itemListElement":[{"@type":"ListItem","position":1,"name":"Portada","item":"https:\/\/malaga.salesianos.edu\/colegio\/"},{"@type":"ListItem","position":2,"name":"Comienza la Formaci\u00f3n en Centros de Trabajo"}]},{"@type":"WebSite","@id":"https:\/\/malaga.salesianos.edu\/colegio\/#website","url":"https:\/\/malaga.salesianos.edu\/colegio\/","name":"Colegio Concertado San Bartolom\u00e9 | Salesianos M\u00e1laga","description":"Centro concertado. Infantil, Primaria, ESO, Bachillerato, Formaci\u00f3n Profesional, Formaci\u00f3n Profesional B\u00e1sica (FPB) y Ciclos Formativos de Grado Medio y Superior.","publisher":{"@id":"https:\/\/malaga.salesianos.edu\/colegio\/#organization"},"potentialAction":[{"@type":"SearchAction","target":{"@type":"EntryPoint","urlTemplate":"https:\/\/malaga.salesianos.edu\/colegio\/?s={search_term_string}"},"query-input":{"@type":"PropertyValueSpecification","valueRequired":true,"valueName":"search_term_string"}}],"inLanguage":"es"},{"@type":"Organization","@id":"https:\/\/malaga.salesianos.edu\/colegio\/#organization","name":"Salesianos M\u00e1laga","url":"https:\/\/malaga.salesianos.edu\/colegio\/","logo":{"@type":"ImageObject","inLanguage":"es","@id":"https:\/\/malaga.salesianos.edu\/colegio\/#\/schema\/logo\/image\/","url":"https:\/\/malaga.salesianos.edu\/colegio\/wp-content\/uploads\/sites\/2\/2018\/04\/MALAGAobraVN2.jpg","contentUrl":"https:\/\/malaga.salesianos.edu\/colegio\/wp-content\/uploads\/sites\/2\/2018\/04\/MALAGAobraVN2.jpg","width":1937,"height":1490,"caption":"Salesianos M\u00e1laga"},"image":{"@id":"https:\/\/malaga.salesianos.edu\/colegio\/#\/schema\/logo\/image\/"}},{"@type":"Person","@id":""}]}},"_links":{"self":[{"href":"https:\/\/malaga.salesianos.edu\/colegio\/wp-json\/wp\/v2\/posts\/21974","targetHints":{"allow":["GET"]}}],"collection":[{"href":"https:\/\/malaga.salesianos.edu\/colegio\/wp-json\/wp\/v2\/posts"}],"about":[{"href":"https:\/\/malaga.salesianos.edu\/colegio\/wp-json\/wp\/v2\/types\/post"}],"author":[{"embeddable":true,"href":"https:\/\/malaga.salesianos.edu\/colegio\/wp-json\/wp\/v2\/users\/7"}],"replies":[{"embeddable":true,"href":"https:\/\/malaga.salesianos.edu\/colegio\/wp-json\/wp\/v2\/comments?post=21974"}],"version-history":[{"count":9,"href":"https:\/\/malaga.salesianos.edu\/colegio\/wp-json\/wp\/v2\/posts\/21974\/revisions"}],"predecessor-version":[{"id":21985,"href":"https:\/\/malaga.salesianos.edu\/colegio\/wp-json\/wp\/v2\/posts\/21974\/revisions\/21985"}],"wp:featuredmedia":[{"embeddable":true,"href":"https:\/\/malaga.salesianos.edu\/colegio\/wp-json\/wp\/v2\/media\/21977"}],"wp:attachment":[{"href":"https:\/\/malaga.salesianos.edu\/colegio\/wp-json\/wp\/v2\/media?parent=21974"}],"wp:term":[{"taxonomy":"category","embeddable":true,"href":"https:\/\/malaga.salesianos.edu\/colegio\/wp-json\/wp\/v2\/categories?post=21974"},{"taxonomy":"post_tag","embeddable":true,"href":"https:\/\/malaga.salesianos.edu\/colegio\/wp-json\/wp\/v2\/tags?post=21974"}],"curies":[{"name":"wp","href":"https:\/\/api.w.org\/{rel}","templated":true}]}}