{"id":21789,"date":"2020-12-30T18:14:20","date_gmt":"2020-12-30T17:14:20","guid":{"rendered":"https:\/\/malaga.salesianos.edu\/colegio\/blog\/la-operacion-potito-una-experiencia-de-voluntariado-juvenil\/"},"modified":"2021-02-03T08:15:03","modified_gmt":"2021-02-03T07:15:03","slug":"la-operacion-potito-una-experiencia-de-voluntariado-juvenil","status":"publish","type":"post","link":"https:\/\/malaga.salesianos.edu\/colegio\/blog\/la-operacion-potito-una-experiencia-de-voluntariado-juvenil\/","title":{"rendered":"La Operaci\u00f3n Potito: una experiencia de voluntariado juvenil"},"content":{"rendered":"<p>[et_pb_section fb_built=\u00bb1&#8243; admin_label=\u00bbsection\u00bb _builder_version=\u00bb3.22.3&#8243; custom_padding=\u00bb2px|0px|54px|0px\u00bb][et_pb_row admin_label=\u00bbrow\u00bb _builder_version=\u00bb3.25&#8243; background_size=\u00bbinitial\u00bb background_position=\u00bbtop_left\u00bb background_repeat=\u00bbrepeat\u00bb][et_pb_column type=\u00bb4_4&#8243; _builder_version=\u00bb3.25&#8243; custom_padding=\u00bb|||\u00bb custom_padding__hover=\u00bb|||\u00bb][et_pb_text admin_label=\u00bbDesarrollo\u00bb _builder_version=\u00bb4.4.7&#8243; text_orientation=\u00bbjustified\u00bb custom_padding=\u00bb0px|||||\u00bb z_index_tablet=\u00bb500&#8243; use_border_color=\u00bboff\u00bb border_color=\u00bb#ffffff\u00bb border_style=\u00bbsolid\u00bb]<\/p>\n<p><em><strong>\u200bCon un total de 5295 potitos y una recaudaci\u00f3n de unos 1000\u20ac, la campa\u00f1a ha sido todo un \u00e9xito, en un a\u00f1o en el que la ayuda a los m\u00e1s necesitados es una urgencia.<\/strong><\/em><\/p>\n<p><em><strong><img loading=\"lazy\" decoding=\"async\" class=\"wp-image-20927  alignleft\" src=\"https:\/\/malaga.salesianos.edu\/colegio\/wp-content\/uploads\/sites\/2\/2021\/02\/Potito2020_14-225x300.jpg\" alt=\"\" width=\"146\" height=\"195\" \/><\/strong><\/em>Del <strong>14 al 17 de diciembre<\/strong> ha tenido lugar la <strong>XVI Operaci\u00f3n Potito<\/strong>, una campa\u00f1a organizada cada a\u00f1o por el <a href=\"https:\/\/malaga.salesianos.edu\/centrojuvenil\/\">Centro Juvenil Francisco M\u00edguez<\/a> y cuyo objetivo es recoger alimentos infantiles (potitos, leche, cereales, etc.), as\u00ed como dinero en met\u00e1lico que se invierte tambi\u00e9n en la compra de estos alimentos. Lo recogido se destina a entidades de nuestra ciudad que trabajan menores y familias vulnerables, como Hijas de la Caridad, <a href=\"https:\/\/www.redmadre.es\/\" target=\"_blank\" rel=\"noopener noreferrer\">RedMadre<\/a>, <a href=\"https:\/\/fundaciondonbosco.es\/\" target=\"_blank\" rel=\"noopener noreferrer\">Fundaci\u00f3n Don Bosco<\/a> (actualmente integrada en <a href=\"https:\/\/donboscosalesianos.social\/\" target=\"_blank\" rel=\"noopener noreferrer\">Don Bosco Salesianos Social<\/a>),\u00a0\u00a0<a href=\"http:\/\/www.biberodromo.com\/\" target=\"_blank\" rel=\"noopener noreferrer\">Biber\u00f3dromo<\/a>, <a href=\"https:\/\/www.caritasmalaga.es\/index.php\/conoce-caritas\/caritasenladiocesis\" target=\"_blank\" rel=\"noopener noreferrer\">C\u00e1ritas Parroquia Divina Pastora<\/a> y <a href=\"https:\/\/bancosol.info\/\" target=\"_blank\" rel=\"noopener noreferrer\">Bancosol<\/a>.<\/p>\n<p>Esta campa\u00f1a se lleva a cabo con la colaboraci\u00f3n de un grupo de farmacias de la zona centro, y de los barrios de Capuchinos y de la Victoria, con la que se trabaja desde hace a\u00f1os. Los encargados de la recogida de alimentos han sido un grupo de <strong>m\u00e1s de 100 chicos y chicas<\/strong>, mayores de 14 a\u00f1os. El objetivo de esta actividad es tambi\u00e9n <strong>ofrecer a los participantes una experiencia de voluntariado y acercarlos a la realidad que nos rodea<\/strong>.<\/p>\n<p><img loading=\"lazy\" decoding=\"async\" class=\"wp-image-20929  alignright\" src=\"https:\/\/malaga.salesianos.edu\/colegio\/wp-content\/uploads\/sites\/2\/2021\/02\/Potito2020_13-300x148.jpg\" alt=\"\" width=\"418\" height=\"206\" \/>Aunque la campa\u00f1a se desarrolla durante 4 d\u00edas, son muchas las semanas de preparaci\u00f3n: recogida de autorizaciones, reuniones informativas con grupos y voluntarios, coordinaci\u00f3n con las farmacias y entidades beneficiarias,\u2026 Este a\u00f1o, adem\u00e1s, se ha realizado un concurso previo en el que se ha seleccionado el cartel que ha representado la XVI Operaci\u00f3n Potito, y que ha resultado ser el dise\u00f1ado por Omar Guill\u00e9n, alumno de 4\u00ba de ESO.<\/p>\n<p>Con posteridad a los d\u00edas de recogida, algunos de los voluntarios han ayudado a distribuir los alimentos entre las entidades beneficiarias.<\/p>\n<p>Llevar a cabo la campa\u00f1a este a\u00f1o ha supuesto todo un reto: han tenido que modificarse horarios, modo de confeccionar los grupos y otros muchos detalles para llevarla a cabo cumpliendo las medidas de seguridad que exige la actual situaci\u00f3n sanitaria.<\/p>\n<p><img loading=\"lazy\" decoding=\"async\" class=\"wp-image-20935  aligncenter\" src=\"https:\/\/malaga.salesianos.edu\/colegio\/wp-content\/uploads\/sites\/2\/2021\/02\/Potito2020_22-300x150.jpg\" alt=\"\" width=\"494\" height=\"247\" \/><\/p>\n<p>Los resultados alcanzados y los testimonios de los voluntarios hacen que todos estos esfuerzos se vean recompensados con creces. Los chicos coinciden en que tomar parte en la campa\u00f1a es muy satisfactorio, todos sienten que su labor es \u00fatil y pueden ayudar a personas que lo necesitan. Tambi\u00e9n les llama la atenci\u00f3n la solidaridad que muchas personas han demostrado.<\/p>\n<p><img loading=\"lazy\" decoding=\"async\" class=\"wp-image-20950  alignright\" src=\"https:\/\/malaga.salesianos.edu\/wp-content\/uploads\/2021\/01\/RecogidaCofrade_Hermandad_1-300x225.jpeg\" alt=\"\" width=\"196\" height=\"147\" \/>La Operaci\u00f3n Potito se suma a otras campa\u00f1as de recogida de alimentos que se llevan a cabo a trav\u00e9s de los distintos grupos de la casa salesiana de M\u00e1laga. Entre ellas, est\u00e1 la <strong>Operaci\u00f3n Kilo<\/strong>, coordinada desde la Pastoral Escolar, la <strong>Gran Recogida Cofrade<\/strong>, llevada a cabo por la Hermandad Salesiana junto con otras cofrad\u00edas de nuestra ciudad, o la participaci\u00f3n de varios de los grupos de la casa en la <strong>Gran Recogida de Alimentos de Bancosol<\/strong>.<\/p>\n<p>&nbsp;<\/p>\n<p>&nbsp;<\/p>\n<p>[\/et_pb_text][et_pb_gallery gallery_ids=\u00bb21663,21651,21658,21652,21653,21670,21669,21654,21655,21656,21657,21659,21660,21661,21662,21665,21666,21667,21671,21675,21676,21672,21674,21673&#8243; posts_number=\u00bb8&#8243; show_title_and_caption=\u00bboff\u00bb _builder_version=\u00bb4.4.7&#8243; z_index_tablet=\u00bb500&#8243;][\/et_pb_gallery][\/et_pb_column][\/et_pb_row][\/et_pb_section]<\/p>\n","protected":false},"excerpt":{"rendered":"<p>\u200bCon un total de 5295 potitos y una recaudaci\u00f3n de unos 1000\u20ac, la campa\u00f1a ha sido todo un \u00e9xito, en un a\u00f1o en el que la ayuda a los m\u00e1s necesitados es una urgencia. Del 14 al 17 de diciembre ha tenido lugar la XVI Operaci\u00f3n Potito, una campa\u00f1a organizada cada a\u00f1o por el Centro [&hellip;]<\/p>\n","protected":false},"author":2,"featured_media":20924,"comment_status":"open","ping_status":"open","sticky":false,"template":"","format":"standard","meta":{"_et_pb_use_builder":"on","_et_pb_old_content":"","_et_gb_content_width":"","footnotes":""},"categories":[126,122,229,128,91],"tags":[],"class_list":["post-21789","post","type-post","status-publish","format-standard","has-post-thumbnail","hentry","category-casa","category-centro-juvenil","category-cofradia","category-familia-salesiana","category-pastoral-escolar"],"yoast_head":"<!-- This site is optimized with the Yoast SEO plugin v27.4 - https:\/\/yoast.com\/product\/yoast-seo-wordpress\/ -->\n<title>La Operaci\u00f3n Potito: una experiencia de voluntariado juvenil - Colegio Concertado San Bartolom\u00e9 | Salesianos M\u00e1laga<\/title>\n<meta name=\"robots\" content=\"index, follow, max-snippet:-1, max-image-preview:large, max-video-preview:-1\" \/>\n<link rel=\"canonical\" href=\"https:\/\/malaga.salesianos.edu\/colegio\/blog\/la-operacion-potito-una-experiencia-de-voluntariado-juvenil\/\" \/>\n<meta property=\"og:locale\" content=\"es_ES\" \/>\n<meta property=\"og:type\" content=\"article\" \/>\n<meta property=\"og:title\" content=\"La Operaci\u00f3n Potito: una experiencia de voluntariado juvenil - Colegio Concertado San Bartolom\u00e9 | Salesianos M\u00e1laga\" \/>\n<meta property=\"og:description\" content=\"\u200bCon un total de 5295 potitos y una recaudaci\u00f3n de unos 1000\u20ac, la campa\u00f1a ha sido todo un \u00e9xito, en un a\u00f1o en el que la ayuda a los m\u00e1s necesitados es una urgencia. Del 14 al 17 de diciembre ha tenido lugar la XVI Operaci\u00f3n Potito, una campa\u00f1a organizada cada a\u00f1o por el Centro [&hellip;]\" \/>\n<meta property=\"og:url\" content=\"https:\/\/malaga.salesianos.edu\/colegio\/blog\/la-operacion-potito-una-experiencia-de-voluntariado-juvenil\/\" \/>\n<meta property=\"og:site_name\" content=\"Colegio Concertado San Bartolom\u00e9 | Salesianos M\u00e1laga\" \/>\n<meta property=\"article:published_time\" content=\"2020-12-30T17:14:20+00:00\" \/>\n<meta property=\"article:modified_time\" content=\"2021-02-03T07:15:03+00:00\" \/>\n<meta property=\"og:image\" content=\"https:\/\/malaga.salesianos.edu\/colegio\/wp-content\/uploads\/sites\/2\/2021\/01\/Potito2020_19.jpg\" \/>\n\t<meta property=\"og:image:width\" content=\"1\" \/>\n\t<meta property=\"og:image:height\" content=\"1\" \/>\n\t<meta property=\"og:image:type\" content=\"image\/jpeg\" \/>\n<meta name=\"author\" content=\"Comunicaci\u00f3n MLG\" \/>\n<meta name=\"twitter:card\" content=\"summary_large_image\" \/>\n<meta name=\"twitter:label1\" content=\"Escrito por\" \/>\n\t<meta name=\"twitter:data1\" content=\"Comunicaci\u00f3n MLG\" \/>\n\t<meta name=\"twitter:label2\" content=\"Tiempo de lectura\" \/>\n\t<meta name=\"twitter:data2\" content=\"3 minutos\" \/>\n<script type=\"application\/ld+json\" class=\"yoast-schema-graph\">{\"@context\":\"https:\\\/\\\/schema.org\",\"@graph\":[{\"@type\":\"Article\",\"@id\":\"https:\\\/\\\/malaga.salesianos.edu\\\/colegio\\\/blog\\\/la-operacion-potito-una-experiencia-de-voluntariado-juvenil\\\/#article\",\"isPartOf\":{\"@id\":\"https:\\\/\\\/malaga.salesianos.edu\\\/colegio\\\/blog\\\/la-operacion-potito-una-experiencia-de-voluntariado-juvenil\\\/\"},\"author\":{\"name\":\"Comunicaci\u00f3n MLG\",\"@id\":\"https:\\\/\\\/malaga.salesianos.edu\\\/colegio\\\/#\\\/schema\\\/person\\\/fd7e7b338b40e1c817a659fe5fce718b\"},\"headline\":\"La Operaci\u00f3n Potito: una experiencia de voluntariado juvenil\",\"datePublished\":\"2020-12-30T17:14:20+00:00\",\"dateModified\":\"2021-02-03T07:15:03+00:00\",\"mainEntityOfPage\":{\"@id\":\"https:\\\/\\\/malaga.salesianos.edu\\\/colegio\\\/blog\\\/la-operacion-potito-una-experiencia-de-voluntariado-juvenil\\\/\"},\"wordCount\":619,\"commentCount\":0,\"publisher\":{\"@id\":\"https:\\\/\\\/malaga.salesianos.edu\\\/colegio\\\/#organization\"},\"image\":{\"@id\":\"https:\\\/\\\/malaga.salesianos.edu\\\/colegio\\\/blog\\\/la-operacion-potito-una-experiencia-de-voluntariado-juvenil\\\/#primaryimage\"},\"thumbnailUrl\":\"https:\\\/\\\/malaga.salesianos.edu\\\/colegio\\\/wp-content\\\/uploads\\\/sites\\\/2\\\/2021\\\/01\\\/Potito2020_19.jpg\",\"articleSection\":[\"Casa\",\"Centro Juvenil\",\"Cofrad\u00eda\",\"Familia Salesiana\",\"Pastoral Escolar\"],\"inLanguage\":\"es\",\"potentialAction\":[{\"@type\":\"CommentAction\",\"name\":\"Comment\",\"target\":[\"https:\\\/\\\/malaga.salesianos.edu\\\/colegio\\\/blog\\\/la-operacion-potito-una-experiencia-de-voluntariado-juvenil\\\/#respond\"]}]},{\"@type\":\"WebPage\",\"@id\":\"https:\\\/\\\/malaga.salesianos.edu\\\/colegio\\\/blog\\\/la-operacion-potito-una-experiencia-de-voluntariado-juvenil\\\/\",\"url\":\"https:\\\/\\\/malaga.salesianos.edu\\\/colegio\\\/blog\\\/la-operacion-potito-una-experiencia-de-voluntariado-juvenil\\\/\",\"name\":\"La Operaci\u00f3n Potito: una experiencia de voluntariado juvenil - Colegio Concertado San Bartolom\u00e9 | Salesianos M\u00e1laga\",\"isPartOf\":{\"@id\":\"https:\\\/\\\/malaga.salesianos.edu\\\/colegio\\\/#website\"},\"primaryImageOfPage\":{\"@id\":\"https:\\\/\\\/malaga.salesianos.edu\\\/colegio\\\/blog\\\/la-operacion-potito-una-experiencia-de-voluntariado-juvenil\\\/#primaryimage\"},\"image\":{\"@id\":\"https:\\\/\\\/malaga.salesianos.edu\\\/colegio\\\/blog\\\/la-operacion-potito-una-experiencia-de-voluntariado-juvenil\\\/#primaryimage\"},\"thumbnailUrl\":\"https:\\\/\\\/malaga.salesianos.edu\\\/colegio\\\/wp-content\\\/uploads\\\/sites\\\/2\\\/2021\\\/01\\\/Potito2020_19.jpg\",\"datePublished\":\"2020-12-30T17:14:20+00:00\",\"dateModified\":\"2021-02-03T07:15:03+00:00\",\"breadcrumb\":{\"@id\":\"https:\\\/\\\/malaga.salesianos.edu\\\/colegio\\\/blog\\\/la-operacion-potito-una-experiencia-de-voluntariado-juvenil\\\/#breadcrumb\"},\"inLanguage\":\"es\",\"potentialAction\":[{\"@type\":\"ReadAction\",\"target\":[\"https:\\\/\\\/malaga.salesianos.edu\\\/colegio\\\/blog\\\/la-operacion-potito-una-experiencia-de-voluntariado-juvenil\\\/\"]}]},{\"@type\":\"ImageObject\",\"inLanguage\":\"es\",\"@id\":\"https:\\\/\\\/malaga.salesianos.edu\\\/colegio\\\/blog\\\/la-operacion-potito-una-experiencia-de-voluntariado-juvenil\\\/#primaryimage\",\"url\":\"https:\\\/\\\/malaga.salesianos.edu\\\/colegio\\\/wp-content\\\/uploads\\\/sites\\\/2\\\/2021\\\/01\\\/Potito2020_19.jpg\",\"contentUrl\":\"https:\\\/\\\/malaga.salesianos.edu\\\/colegio\\\/wp-content\\\/uploads\\\/sites\\\/2\\\/2021\\\/01\\\/Potito2020_19.jpg\"},{\"@type\":\"BreadcrumbList\",\"@id\":\"https:\\\/\\\/malaga.salesianos.edu\\\/colegio\\\/blog\\\/la-operacion-potito-una-experiencia-de-voluntariado-juvenil\\\/#breadcrumb\",\"itemListElement\":[{\"@type\":\"ListItem\",\"position\":1,\"name\":\"Portada\",\"item\":\"https:\\\/\\\/malaga.salesianos.edu\\\/colegio\\\/\"},{\"@type\":\"ListItem\",\"position\":2,\"name\":\"La Operaci\u00f3n Potito: una experiencia de voluntariado juvenil\"}]},{\"@type\":\"WebSite\",\"@id\":\"https:\\\/\\\/malaga.salesianos.edu\\\/colegio\\\/#website\",\"url\":\"https:\\\/\\\/malaga.salesianos.edu\\\/colegio\\\/\",\"name\":\"Colegio Concertado San Bartolom\u00e9 | Salesianos M\u00e1laga\",\"description\":\"Centro concertado. Infantil, Primaria, ESO, Bachillerato, Formaci\u00f3n Profesional, Formaci\u00f3n Profesional B\u00e1sica (FPB) y Ciclos Formativos de Grado Medio y Superior.\",\"publisher\":{\"@id\":\"https:\\\/\\\/malaga.salesianos.edu\\\/colegio\\\/#organization\"},\"potentialAction\":[{\"@type\":\"SearchAction\",\"target\":{\"@type\":\"EntryPoint\",\"urlTemplate\":\"https:\\\/\\\/malaga.salesianos.edu\\\/colegio\\\/?s={search_term_string}\"},\"query-input\":{\"@type\":\"PropertyValueSpecification\",\"valueRequired\":true,\"valueName\":\"search_term_string\"}}],\"inLanguage\":\"es\"},{\"@type\":\"Organization\",\"@id\":\"https:\\\/\\\/malaga.salesianos.edu\\\/colegio\\\/#organization\",\"name\":\"Salesianos M\u00e1laga\",\"url\":\"https:\\\/\\\/malaga.salesianos.edu\\\/colegio\\\/\",\"logo\":{\"@type\":\"ImageObject\",\"inLanguage\":\"es\",\"@id\":\"https:\\\/\\\/malaga.salesianos.edu\\\/colegio\\\/#\\\/schema\\\/logo\\\/image\\\/\",\"url\":\"https:\\\/\\\/malaga.salesianos.edu\\\/colegio\\\/wp-content\\\/uploads\\\/sites\\\/2\\\/2018\\\/04\\\/MALAGAobraVN2.jpg\",\"contentUrl\":\"https:\\\/\\\/malaga.salesianos.edu\\\/colegio\\\/wp-content\\\/uploads\\\/sites\\\/2\\\/2018\\\/04\\\/MALAGAobraVN2.jpg\",\"width\":1937,\"height\":1490,\"caption\":\"Salesianos M\u00e1laga\"},\"image\":{\"@id\":\"https:\\\/\\\/malaga.salesianos.edu\\\/colegio\\\/#\\\/schema\\\/logo\\\/image\\\/\"}},{\"@type\":\"Person\",\"@id\":\"https:\\\/\\\/malaga.salesianos.edu\\\/colegio\\\/#\\\/schema\\\/person\\\/fd7e7b338b40e1c817a659fe5fce718b\",\"name\":\"Comunicaci\u00f3n MLG\",\"image\":{\"@type\":\"ImageObject\",\"inLanguage\":\"es\",\"@id\":\"https:\\\/\\\/secure.gravatar.com\\\/avatar\\\/2ce5c66be6c7ab6b098b2ac29099a68d1cdb824afbb8aadf744614ce719778ff?s=96&d=mm&r=g\",\"url\":\"https:\\\/\\\/secure.gravatar.com\\\/avatar\\\/2ce5c66be6c7ab6b098b2ac29099a68d1cdb824afbb8aadf744614ce719778ff?s=96&d=mm&r=g\",\"contentUrl\":\"https:\\\/\\\/secure.gravatar.com\\\/avatar\\\/2ce5c66be6c7ab6b098b2ac29099a68d1cdb824afbb8aadf744614ce719778ff?s=96&d=mm&r=g\",\"caption\":\"Comunicaci\u00f3n MLG\"}}]}<\/script>\n<!-- \/ Yoast SEO plugin. -->","yoast_head_json":{"title":"La Operaci\u00f3n Potito: una experiencia de voluntariado juvenil - Colegio Concertado San Bartolom\u00e9 | Salesianos M\u00e1laga","robots":{"index":"index","follow":"follow","max-snippet":"max-snippet:-1","max-image-preview":"max-image-preview:large","max-video-preview":"max-video-preview:-1"},"canonical":"https:\/\/malaga.salesianos.edu\/colegio\/blog\/la-operacion-potito-una-experiencia-de-voluntariado-juvenil\/","og_locale":"es_ES","og_type":"article","og_title":"La Operaci\u00f3n Potito: una experiencia de voluntariado juvenil - Colegio Concertado San Bartolom\u00e9 | Salesianos M\u00e1laga","og_description":"\u200bCon un total de 5295 potitos y una recaudaci\u00f3n de unos 1000\u20ac, la campa\u00f1a ha sido todo un \u00e9xito, en un a\u00f1o en el que la ayuda a los m\u00e1s necesitados es una urgencia. Del 14 al 17 de diciembre ha tenido lugar la XVI Operaci\u00f3n Potito, una campa\u00f1a organizada cada a\u00f1o por el Centro [&hellip;]","og_url":"https:\/\/malaga.salesianos.edu\/colegio\/blog\/la-operacion-potito-una-experiencia-de-voluntariado-juvenil\/","og_site_name":"Colegio Concertado San Bartolom\u00e9 | Salesianos M\u00e1laga","article_published_time":"2020-12-30T17:14:20+00:00","article_modified_time":"2021-02-03T07:15:03+00:00","og_image":[{"url":"https:\/\/malaga.salesianos.edu\/colegio\/wp-content\/uploads\/sites\/2\/2021\/01\/Potito2020_19.jpg","width":1,"height":1,"type":"image\/jpeg"}],"author":"Comunicaci\u00f3n MLG","twitter_card":"summary_large_image","twitter_misc":{"Escrito por":"Comunicaci\u00f3n MLG","Tiempo de lectura":"3 minutos"},"schema":{"@context":"https:\/\/schema.org","@graph":[{"@type":"Article","@id":"https:\/\/malaga.salesianos.edu\/colegio\/blog\/la-operacion-potito-una-experiencia-de-voluntariado-juvenil\/#article","isPartOf":{"@id":"https:\/\/malaga.salesianos.edu\/colegio\/blog\/la-operacion-potito-una-experiencia-de-voluntariado-juvenil\/"},"author":{"name":"Comunicaci\u00f3n MLG","@id":"https:\/\/malaga.salesianos.edu\/colegio\/#\/schema\/person\/fd7e7b338b40e1c817a659fe5fce718b"},"headline":"La Operaci\u00f3n Potito: una experiencia de voluntariado juvenil","datePublished":"2020-12-30T17:14:20+00:00","dateModified":"2021-02-03T07:15:03+00:00","mainEntityOfPage":{"@id":"https:\/\/malaga.salesianos.edu\/colegio\/blog\/la-operacion-potito-una-experiencia-de-voluntariado-juvenil\/"},"wordCount":619,"commentCount":0,"publisher":{"@id":"https:\/\/malaga.salesianos.edu\/colegio\/#organization"},"image":{"@id":"https:\/\/malaga.salesianos.edu\/colegio\/blog\/la-operacion-potito-una-experiencia-de-voluntariado-juvenil\/#primaryimage"},"thumbnailUrl":"https:\/\/malaga.salesianos.edu\/colegio\/wp-content\/uploads\/sites\/2\/2021\/01\/Potito2020_19.jpg","articleSection":["Casa","Centro Juvenil","Cofrad\u00eda","Familia Salesiana","Pastoral Escolar"],"inLanguage":"es","potentialAction":[{"@type":"CommentAction","name":"Comment","target":["https:\/\/malaga.salesianos.edu\/colegio\/blog\/la-operacion-potito-una-experiencia-de-voluntariado-juvenil\/#respond"]}]},{"@type":"WebPage","@id":"https:\/\/malaga.salesianos.edu\/colegio\/blog\/la-operacion-potito-una-experiencia-de-voluntariado-juvenil\/","url":"https:\/\/malaga.salesianos.edu\/colegio\/blog\/la-operacion-potito-una-experiencia-de-voluntariado-juvenil\/","name":"La Operaci\u00f3n Potito: una experiencia de voluntariado juvenil - Colegio Concertado San Bartolom\u00e9 | Salesianos M\u00e1laga","isPartOf":{"@id":"https:\/\/malaga.salesianos.edu\/colegio\/#website"},"primaryImageOfPage":{"@id":"https:\/\/malaga.salesianos.edu\/colegio\/blog\/la-operacion-potito-una-experiencia-de-voluntariado-juvenil\/#primaryimage"},"image":{"@id":"https:\/\/malaga.salesianos.edu\/colegio\/blog\/la-operacion-potito-una-experiencia-de-voluntariado-juvenil\/#primaryimage"},"thumbnailUrl":"https:\/\/malaga.salesianos.edu\/colegio\/wp-content\/uploads\/sites\/2\/2021\/01\/Potito2020_19.jpg","datePublished":"2020-12-30T17:14:20+00:00","dateModified":"2021-02-03T07:15:03+00:00","breadcrumb":{"@id":"https:\/\/malaga.salesianos.edu\/colegio\/blog\/la-operacion-potito-una-experiencia-de-voluntariado-juvenil\/#breadcrumb"},"inLanguage":"es","potentialAction":[{"@type":"ReadAction","target":["https:\/\/malaga.salesianos.edu\/colegio\/blog\/la-operacion-potito-una-experiencia-de-voluntariado-juvenil\/"]}]},{"@type":"ImageObject","inLanguage":"es","@id":"https:\/\/malaga.salesianos.edu\/colegio\/blog\/la-operacion-potito-una-experiencia-de-voluntariado-juvenil\/#primaryimage","url":"https:\/\/malaga.salesianos.edu\/colegio\/wp-content\/uploads\/sites\/2\/2021\/01\/Potito2020_19.jpg","contentUrl":"https:\/\/malaga.salesianos.edu\/colegio\/wp-content\/uploads\/sites\/2\/2021\/01\/Potito2020_19.jpg"},{"@type":"BreadcrumbList","@id":"https:\/\/malaga.salesianos.edu\/colegio\/blog\/la-operacion-potito-una-experiencia-de-voluntariado-juvenil\/#breadcrumb","itemListElement":[{"@type":"ListItem","position":1,"name":"Portada","item":"https:\/\/malaga.salesianos.edu\/colegio\/"},{"@type":"ListItem","position":2,"name":"La Operaci\u00f3n Potito: una experiencia de voluntariado juvenil"}]},{"@type":"WebSite","@id":"https:\/\/malaga.salesianos.edu\/colegio\/#website","url":"https:\/\/malaga.salesianos.edu\/colegio\/","name":"Colegio Concertado San Bartolom\u00e9 | Salesianos M\u00e1laga","description":"Centro concertado. Infantil, Primaria, ESO, Bachillerato, Formaci\u00f3n Profesional, Formaci\u00f3n Profesional B\u00e1sica (FPB) y Ciclos Formativos de Grado Medio y Superior.","publisher":{"@id":"https:\/\/malaga.salesianos.edu\/colegio\/#organization"},"potentialAction":[{"@type":"SearchAction","target":{"@type":"EntryPoint","urlTemplate":"https:\/\/malaga.salesianos.edu\/colegio\/?s={search_term_string}"},"query-input":{"@type":"PropertyValueSpecification","valueRequired":true,"valueName":"search_term_string"}}],"inLanguage":"es"},{"@type":"Organization","@id":"https:\/\/malaga.salesianos.edu\/colegio\/#organization","name":"Salesianos M\u00e1laga","url":"https:\/\/malaga.salesianos.edu\/colegio\/","logo":{"@type":"ImageObject","inLanguage":"es","@id":"https:\/\/malaga.salesianos.edu\/colegio\/#\/schema\/logo\/image\/","url":"https:\/\/malaga.salesianos.edu\/colegio\/wp-content\/uploads\/sites\/2\/2018\/04\/MALAGAobraVN2.jpg","contentUrl":"https:\/\/malaga.salesianos.edu\/colegio\/wp-content\/uploads\/sites\/2\/2018\/04\/MALAGAobraVN2.jpg","width":1937,"height":1490,"caption":"Salesianos M\u00e1laga"},"image":{"@id":"https:\/\/malaga.salesianos.edu\/colegio\/#\/schema\/logo\/image\/"}},{"@type":"Person","@id":"https:\/\/malaga.salesianos.edu\/colegio\/#\/schema\/person\/fd7e7b338b40e1c817a659fe5fce718b","name":"Comunicaci\u00f3n MLG","image":{"@type":"ImageObject","inLanguage":"es","@id":"https:\/\/secure.gravatar.com\/avatar\/2ce5c66be6c7ab6b098b2ac29099a68d1cdb824afbb8aadf744614ce719778ff?s=96&d=mm&r=g","url":"https:\/\/secure.gravatar.com\/avatar\/2ce5c66be6c7ab6b098b2ac29099a68d1cdb824afbb8aadf744614ce719778ff?s=96&d=mm&r=g","contentUrl":"https:\/\/secure.gravatar.com\/avatar\/2ce5c66be6c7ab6b098b2ac29099a68d1cdb824afbb8aadf744614ce719778ff?s=96&d=mm&r=g","caption":"Comunicaci\u00f3n MLG"}}]}},"_links":{"self":[{"href":"https:\/\/malaga.salesianos.edu\/colegio\/wp-json\/wp\/v2\/posts\/21789","targetHints":{"allow":["GET"]}}],"collection":[{"href":"https:\/\/malaga.salesianos.edu\/colegio\/wp-json\/wp\/v2\/posts"}],"about":[{"href":"https:\/\/malaga.salesianos.edu\/colegio\/wp-json\/wp\/v2\/types\/post"}],"author":[{"embeddable":true,"href":"https:\/\/malaga.salesianos.edu\/colegio\/wp-json\/wp\/v2\/users\/2"}],"replies":[{"embeddable":true,"href":"https:\/\/malaga.salesianos.edu\/colegio\/wp-json\/wp\/v2\/comments?post=21789"}],"version-history":[{"count":4,"href":"https:\/\/malaga.salesianos.edu\/colegio\/wp-json\/wp\/v2\/posts\/21789\/revisions"}],"predecessor-version":[{"id":21793,"href":"https:\/\/malaga.salesianos.edu\/colegio\/wp-json\/wp\/v2\/posts\/21789\/revisions\/21793"}],"wp:featuredmedia":[{"embeddable":true,"href":"https:\/\/malaga.salesianos.edu\/colegio\/wp-json\/wp\/v2\/media\/20924"}],"wp:attachment":[{"href":"https:\/\/malaga.salesianos.edu\/colegio\/wp-json\/wp\/v2\/media?parent=21789"}],"wp:term":[{"taxonomy":"category","embeddable":true,"href":"https:\/\/malaga.salesianos.edu\/colegio\/wp-json\/wp\/v2\/categories?post=21789"},{"taxonomy":"post_tag","embeddable":true,"href":"https:\/\/malaga.salesianos.edu\/colegio\/wp-json\/wp\/v2\/tags?post=21789"}],"curies":[{"name":"wp","href":"https:\/\/api.w.org\/{rel}","templated":true}]}}