{"id":20717,"date":"2021-01-08T18:38:58","date_gmt":"2020-09-28T16:38:58","guid":{"rendered":"https:\/\/malaga.salesianos.edu\/colegio\/blog\/15x15-la-radio-de-salesianos-malaga\/"},"modified":"2021-02-22T14:26:37","modified_gmt":"2021-02-22T13:26:37","slug":"15x15-la-radio-de-salesianos-malaga","status":"publish","type":"post","link":"https:\/\/malaga.salesianos.edu\/colegio\/blog\/15x15-la-radio-de-salesianos-malaga\/","title":{"rendered":"15&#215;15, la radio de Salesianos M\u00e1laga"},"content":{"rendered":"<p>[et_pb_section fb_built=\u00bb1&#8243; admin_label=\u00bbsection\u00bb _builder_version=\u00bb3.22.3&#8243; custom_padding=\u00bb2px|0px|54px|0px\u00bb][et_pb_row admin_label=\u00bbrow\u00bb _builder_version=\u00bb3.25&#8243; background_size=\u00bbinitial\u00bb background_position=\u00bbtop_left\u00bb background_repeat=\u00bbrepeat\u00bb][et_pb_column type=\u00bb4_4&#8243; _builder_version=\u00bb3.25&#8243; custom_padding=\u00bb|||\u00bb custom_padding__hover=\u00bb|||\u00bb][et_pb_text admin_label=\u00bbDesarrollo\u00bb _builder_version=\u00bb4.9.0&#8243; text_orientation=\u00bbjustified\u00bb custom_padding=\u00bb0px|||||\u00bb z_index_tablet=\u00bb500&#8243; use_border_color=\u00bboff\u00bb border_color=\u00bb#ffffff\u00bb border_style=\u00bbsolid\u00bb]<\/p>\n<p>Iniciamos, con enorme ilusi\u00f3n, un nuevo proyecto, impulsado desde la direcci\u00f3n del centro y coordinado desde el equipo de comunicaci\u00f3n. Se trata de un canal de <strong>radio<\/strong>, en formato <strong>podcast<\/strong> en el que tendr\u00e1n cabida todos los ambientes, proyectos y colectivos que forman parte de la <strong>Familia Salesiana de M\u00e1laga<\/strong>.<\/p>\n<p>Ser\u00e1n unos 15 programas cada curso, de unos 15-20 minutos de duraci\u00f3n y una periodicidad quincenal. Por si faltaban pocos quinces, os recordamos que Don Bosco, fundador de los salesianos, naci\u00f3 en 1815. Con todo ello, el programa se llamar\u00e1 <strong>\u00ab15&#215;15, la radio de Salesianos M\u00e1laga\u00bb<\/strong>.<\/p>\n<p>En este nuevo espacio, estamos muy interesados en contar tu historia as\u00ed que<span class=\"JsGRdQ\">, si eres alumno o alumna de nuestro centro, padre o madre de alumnos, catequista, animador, entrenador, profesor, salesiano cooperador o miembro de cualquier grupo de esta gran familia, te invitamos a participar en los distintos programas que se emitir\u00e1n a lo largo de el curso. En ellos, q<\/span>ueremos que los j\u00f3venes sean protagonistas por lo que, desde el pr\u00f3ximo programa, estar\u00e1n presentes contando sus impresiones, experiencias, etc.\u00a0<\/p>\n<p>Podr\u00e9is escuchar cada programa desde <a href=\"https:\/\/play.google.com\/store\/apps\/details?id=com.ivoox.app&amp;hl=es\"><strong>Ivoox<\/strong> <\/a>,\u00a0<strong><a href=\"https:\/\/play.google.com\/store\/apps\/details?id=com.spotify.music&amp;hl=es\">Spotify<\/a>\u00a0<\/strong>o<strong> <a href=\"t.ly\/FIdD\" target=\"_blank\" rel=\"noopener noreferrer\">Google Podcast<\/a><\/strong>. Te invitamos a descargar una de estas aplicaciones en tu m\u00f3vil y a suscribirte al programa. As\u00ed podr\u00e1s escucharlos en cuanto se publiquen. Por lo pronto, y desde el viernes 25 de septiembre, ya est\u00e1 disponible el primer programa.<\/p>\n<p>Si aun no te has descargado ninguna de las aplicaciones, puedes escuchar cualquiera de los programas desde los enlaces que encontrar\u00e1s justo debajo de estas l\u00edneas o bien desde la <a href=\"malaga.salesianos.edu\">p\u00e1gina principal de nuestra web<\/a>.<\/p>\n<p>Te esperamos en \u00ab15&#215;15, la radio de Salesianos M\u00e1laga\u00bb<\/p>\n<p>[\/et_pb_text][et_pb_code _builder_version=\u00bb4.9.0&#8243; _module_preset=\u00bbdefault\u00bb]<iframe loading=\"lazy\" style=\"border: 1px solid #D7D7D7;\" src=\"https:\/\/www.ivoox.com\/player_es_podcast_1056264_1.html\" width=\"100%\" height=\"440\" frameborder=\"0\" scrolling=\"no\" allowfullscreen=\"allowfullscreen\"><\/iframe>[\/et_pb_code][\/et_pb_column][\/et_pb_row][\/et_pb_section]<\/p>\n","protected":false},"excerpt":{"rendered":"<p>Iniciamos, con enorme ilusi\u00f3n, un nuevo proyecto, impulsado desde la direcci\u00f3n del centro y coordinado desde el equipo de comunicaci\u00f3n. Se trata de un canal de radio, en formato podcast en el que tendr\u00e1n cabida todos los ambientes, proyectos y colectivos que forman parte de la Familia Salesiana de M\u00e1laga. Ser\u00e1n unos 15 programas cada [&hellip;]<\/p>\n","protected":false},"author":2,"featured_media":21883,"comment_status":"open","ping_status":"open","sticky":false,"template":"","format":"standard","meta":{"_et_pb_use_builder":"on","_et_pb_old_content":"","_et_gb_content_width":"","footnotes":""},"categories":[126],"tags":[],"class_list":["post-20717","post","type-post","status-publish","format-standard","has-post-thumbnail","hentry","category-casa"],"yoast_head":"<!-- This site is optimized with the Yoast SEO plugin v28.4 - https:\/\/yoast.com\/product\/yoast-seo-wordpress\/ -->\n<title>15&#215;15, la radio de Salesianos M\u00e1laga - Colegio Concertado San Bartolom\u00e9 | Salesianos M\u00e1laga<\/title>\n<meta name=\"description\" content=\"15x15 es el proyecto de radio podcast de Salesianos M\u00e1laga. En este art\u00edculo, te presentamos el proyecto y te invitamos a participar en \u00e9l.\" \/>\n<meta name=\"robots\" content=\"index, follow, max-snippet:-1, max-image-preview:large, max-video-preview:-1\" \/>\n<link rel=\"canonical\" href=\"https:\/\/malaga.salesianos.edu\/colegio\/blog\/15x15-la-radio-de-salesianos-malaga\/\" \/>\n<meta property=\"og:locale\" content=\"es_ES\" \/>\n<meta property=\"og:type\" content=\"article\" \/>\n<meta property=\"og:title\" content=\"15&#215;15, la radio de Salesianos M\u00e1laga - Colegio Concertado San Bartolom\u00e9 | Salesianos M\u00e1laga\" \/>\n<meta property=\"og:description\" content=\"15x15 es el proyecto de radio podcast de Salesianos M\u00e1laga. En este art\u00edculo, te presentamos el proyecto y te invitamos a participar en \u00e9l.\" \/>\n<meta property=\"og:url\" content=\"https:\/\/malaga.salesianos.edu\/colegio\/blog\/15x15-la-radio-de-salesianos-malaga\/\" \/>\n<meta property=\"og:site_name\" content=\"Colegio Concertado San Bartolom\u00e9 | Salesianos M\u00e1laga\" \/>\n<meta property=\"article:published_time\" content=\"2020-09-28T16:38:58+00:00\" \/>\n<meta property=\"article:modified_time\" content=\"2021-02-22T13:26:37+00:00\" \/>\n<meta property=\"og:image\" content=\"https:\/\/malaga.salesianos.edu\/colegio\/wp-content\/uploads\/sites\/2\/2021\/02\/microphone-2469295_1280.jpg\" \/>\n\t<meta property=\"og:image:width\" content=\"1280\" \/>\n\t<meta property=\"og:image:height\" content=\"718\" \/>\n\t<meta property=\"og:image:type\" content=\"image\/jpeg\" \/>\n<meta name=\"author\" content=\"Comunicaci\u00f3n MLG\" \/>\n<meta name=\"twitter:card\" content=\"summary_large_image\" \/>\n<meta name=\"twitter:label1\" content=\"Escrito por\" \/>\n\t<meta name=\"twitter:data1\" content=\"Comunicaci\u00f3n MLG\" \/>\n\t<meta name=\"twitter:label2\" content=\"Tiempo de lectura\" \/>\n\t<meta name=\"twitter:data2\" content=\"2 minutos\" \/>\n<script type=\"application\/ld+json\" class=\"yoast-schema-graph\">{\"@context\":\"https:\\\/\\\/schema.org\",\"@graph\":[{\"@type\":\"Article\",\"@id\":\"https:\\\/\\\/malaga.salesianos.edu\\\/colegio\\\/blog\\\/15x15-la-radio-de-salesianos-malaga\\\/#article\",\"isPartOf\":{\"@id\":\"https:\\\/\\\/malaga.salesianos.edu\\\/colegio\\\/blog\\\/15x15-la-radio-de-salesianos-malaga\\\/\"},\"author\":{\"name\":\"Comunicaci\u00f3n MLG\",\"@id\":\"https:\\\/\\\/malaga.salesianos.edu\\\/colegio\\\/#\\\/schema\\\/person\\\/fd7e7b338b40e1c817a659fe5fce718b\"},\"headline\":\"15&#215;15, la radio de Salesianos M\u00e1laga\",\"datePublished\":\"2020-09-28T16:38:58+00:00\",\"dateModified\":\"2021-02-22T13:26:37+00:00\",\"mainEntityOfPage\":{\"@id\":\"https:\\\/\\\/malaga.salesianos.edu\\\/colegio\\\/blog\\\/15x15-la-radio-de-salesianos-malaga\\\/\"},\"wordCount\":386,\"commentCount\":0,\"publisher\":{\"@id\":\"https:\\\/\\\/malaga.salesianos.edu\\\/colegio\\\/#organization\"},\"image\":{\"@id\":\"https:\\\/\\\/malaga.salesianos.edu\\\/colegio\\\/blog\\\/15x15-la-radio-de-salesianos-malaga\\\/#primaryimage\"},\"thumbnailUrl\":\"https:\\\/\\\/malaga.salesianos.edu\\\/colegio\\\/wp-content\\\/uploads\\\/sites\\\/2\\\/2021\\\/02\\\/microphone-2469295_1280.jpg\",\"articleSection\":[\"Casa\"],\"inLanguage\":\"es\",\"potentialAction\":[{\"@type\":\"CommentAction\",\"name\":\"Comment\",\"target\":[\"https:\\\/\\\/malaga.salesianos.edu\\\/colegio\\\/blog\\\/15x15-la-radio-de-salesianos-malaga\\\/#respond\"]}]},{\"@type\":\"WebPage\",\"@id\":\"https:\\\/\\\/malaga.salesianos.edu\\\/colegio\\\/blog\\\/15x15-la-radio-de-salesianos-malaga\\\/\",\"url\":\"https:\\\/\\\/malaga.salesianos.edu\\\/colegio\\\/blog\\\/15x15-la-radio-de-salesianos-malaga\\\/\",\"name\":\"15&#215;15, la radio de Salesianos M\u00e1laga - Colegio Concertado San Bartolom\u00e9 | Salesianos M\u00e1laga\",\"isPartOf\":{\"@id\":\"https:\\\/\\\/malaga.salesianos.edu\\\/colegio\\\/#website\"},\"primaryImageOfPage\":{\"@id\":\"https:\\\/\\\/malaga.salesianos.edu\\\/colegio\\\/blog\\\/15x15-la-radio-de-salesianos-malaga\\\/#primaryimage\"},\"image\":{\"@id\":\"https:\\\/\\\/malaga.salesianos.edu\\\/colegio\\\/blog\\\/15x15-la-radio-de-salesianos-malaga\\\/#primaryimage\"},\"thumbnailUrl\":\"https:\\\/\\\/malaga.salesianos.edu\\\/colegio\\\/wp-content\\\/uploads\\\/sites\\\/2\\\/2021\\\/02\\\/microphone-2469295_1280.jpg\",\"datePublished\":\"2020-09-28T16:38:58+00:00\",\"dateModified\":\"2021-02-22T13:26:37+00:00\",\"description\":\"15x15 es el proyecto de radio podcast de Salesianos M\u00e1laga. En este art\u00edculo, te presentamos el proyecto y te invitamos a participar en \u00e9l.\",\"breadcrumb\":{\"@id\":\"https:\\\/\\\/malaga.salesianos.edu\\\/colegio\\\/blog\\\/15x15-la-radio-de-salesianos-malaga\\\/#breadcrumb\"},\"inLanguage\":\"es\",\"potentialAction\":[{\"@type\":\"ReadAction\",\"target\":[\"https:\\\/\\\/malaga.salesianos.edu\\\/colegio\\\/blog\\\/15x15-la-radio-de-salesianos-malaga\\\/\"]}]},{\"@type\":\"ImageObject\",\"inLanguage\":\"es\",\"@id\":\"https:\\\/\\\/malaga.salesianos.edu\\\/colegio\\\/blog\\\/15x15-la-radio-de-salesianos-malaga\\\/#primaryimage\",\"url\":\"https:\\\/\\\/malaga.salesianos.edu\\\/colegio\\\/wp-content\\\/uploads\\\/sites\\\/2\\\/2021\\\/02\\\/microphone-2469295_1280.jpg\",\"contentUrl\":\"https:\\\/\\\/malaga.salesianos.edu\\\/colegio\\\/wp-content\\\/uploads\\\/sites\\\/2\\\/2021\\\/02\\\/microphone-2469295_1280.jpg\",\"width\":1280,\"height\":718,\"caption\":\"Salesianos M\u00e1laga. Radio. 15x15\"},{\"@type\":\"BreadcrumbList\",\"@id\":\"https:\\\/\\\/malaga.salesianos.edu\\\/colegio\\\/blog\\\/15x15-la-radio-de-salesianos-malaga\\\/#breadcrumb\",\"itemListElement\":[{\"@type\":\"ListItem\",\"position\":1,\"name\":\"Portada\",\"item\":\"https:\\\/\\\/malaga.salesianos.edu\\\/colegio\\\/\"},{\"@type\":\"ListItem\",\"position\":2,\"name\":\"15&#215;15, la radio de Salesianos M\u00e1laga\"}]},{\"@type\":\"WebSite\",\"@id\":\"https:\\\/\\\/malaga.salesianos.edu\\\/colegio\\\/#website\",\"url\":\"https:\\\/\\\/malaga.salesianos.edu\\\/colegio\\\/\",\"name\":\"Colegio Concertado San Bartolom\u00e9 | Salesianos M\u00e1laga\",\"description\":\"Centro concertado. Infantil, Primaria, ESO, Bachillerato, Formaci\u00f3n Profesional, Formaci\u00f3n Profesional B\u00e1sica (FPB) y Ciclos Formativos de Grado Medio y Superior.\",\"publisher\":{\"@id\":\"https:\\\/\\\/malaga.salesianos.edu\\\/colegio\\\/#organization\"},\"potentialAction\":[{\"@type\":\"SearchAction\",\"target\":{\"@type\":\"EntryPoint\",\"urlTemplate\":\"https:\\\/\\\/malaga.salesianos.edu\\\/colegio\\\/?s={search_term_string}\"},\"query-input\":{\"@type\":\"PropertyValueSpecification\",\"valueRequired\":true,\"valueName\":\"search_term_string\"}}],\"inLanguage\":\"es\"},{\"@type\":\"Organization\",\"@id\":\"https:\\\/\\\/malaga.salesianos.edu\\\/colegio\\\/#organization\",\"name\":\"Salesianos M\u00e1laga\",\"url\":\"https:\\\/\\\/malaga.salesianos.edu\\\/colegio\\\/\",\"logo\":{\"@type\":\"ImageObject\",\"inLanguage\":\"es\",\"@id\":\"https:\\\/\\\/malaga.salesianos.edu\\\/colegio\\\/#\\\/schema\\\/logo\\\/image\\\/\",\"url\":\"https:\\\/\\\/malaga.salesianos.edu\\\/colegio\\\/wp-content\\\/uploads\\\/sites\\\/2\\\/2018\\\/04\\\/MALAGAobraVN2.jpg\",\"contentUrl\":\"https:\\\/\\\/malaga.salesianos.edu\\\/colegio\\\/wp-content\\\/uploads\\\/sites\\\/2\\\/2018\\\/04\\\/MALAGAobraVN2.jpg\",\"width\":1937,\"height\":1490,\"caption\":\"Salesianos M\u00e1laga\"},\"image\":{\"@id\":\"https:\\\/\\\/malaga.salesianos.edu\\\/colegio\\\/#\\\/schema\\\/logo\\\/image\\\/\"}},{\"@type\":\"Person\",\"@id\":\"https:\\\/\\\/malaga.salesianos.edu\\\/colegio\\\/#\\\/schema\\\/person\\\/fd7e7b338b40e1c817a659fe5fce718b\",\"name\":\"Comunicaci\u00f3n MLG\",\"image\":{\"@type\":\"ImageObject\",\"inLanguage\":\"es\",\"@id\":\"https:\\\/\\\/secure.gravatar.com\\\/avatar\\\/2ce5c66be6c7ab6b098b2ac29099a68d1cdb824afbb8aadf744614ce719778ff?s=96&d=mm&r=g\",\"url\":\"https:\\\/\\\/secure.gravatar.com\\\/avatar\\\/2ce5c66be6c7ab6b098b2ac29099a68d1cdb824afbb8aadf744614ce719778ff?s=96&d=mm&r=g\",\"contentUrl\":\"https:\\\/\\\/secure.gravatar.com\\\/avatar\\\/2ce5c66be6c7ab6b098b2ac29099a68d1cdb824afbb8aadf744614ce719778ff?s=96&d=mm&r=g\",\"caption\":\"Comunicaci\u00f3n MLG\"}}]}<\/script>\n<!-- \/ Yoast SEO plugin. -->","yoast_head_json":{"title":"15&#215;15, la radio de Salesianos M\u00e1laga - Colegio Concertado San Bartolom\u00e9 | Salesianos M\u00e1laga","description":"15x15 es el proyecto de radio podcast de Salesianos M\u00e1laga. En este art\u00edculo, te presentamos el proyecto y te invitamos a participar en \u00e9l.","robots":{"index":"index","follow":"follow","max-snippet":"max-snippet:-1","max-image-preview":"max-image-preview:large","max-video-preview":"max-video-preview:-1"},"canonical":"https:\/\/malaga.salesianos.edu\/colegio\/blog\/15x15-la-radio-de-salesianos-malaga\/","og_locale":"es_ES","og_type":"article","og_title":"15&#215;15, la radio de Salesianos M\u00e1laga - Colegio Concertado San Bartolom\u00e9 | Salesianos M\u00e1laga","og_description":"15x15 es el proyecto de radio podcast de Salesianos M\u00e1laga. En este art\u00edculo, te presentamos el proyecto y te invitamos a participar en \u00e9l.","og_url":"https:\/\/malaga.salesianos.edu\/colegio\/blog\/15x15-la-radio-de-salesianos-malaga\/","og_site_name":"Colegio Concertado San Bartolom\u00e9 | Salesianos M\u00e1laga","article_published_time":"2020-09-28T16:38:58+00:00","article_modified_time":"2021-02-22T13:26:37+00:00","og_image":[{"width":1280,"height":718,"url":"https:\/\/malaga.salesianos.edu\/colegio\/wp-content\/uploads\/sites\/2\/2021\/02\/microphone-2469295_1280.jpg","type":"image\/jpeg"}],"author":"Comunicaci\u00f3n MLG","twitter_card":"summary_large_image","twitter_misc":{"Escrito por":"Comunicaci\u00f3n MLG","Tiempo de lectura":"2 minutos"},"schema":{"@context":"https:\/\/schema.org","@graph":[{"@type":"Article","@id":"https:\/\/malaga.salesianos.edu\/colegio\/blog\/15x15-la-radio-de-salesianos-malaga\/#article","isPartOf":{"@id":"https:\/\/malaga.salesianos.edu\/colegio\/blog\/15x15-la-radio-de-salesianos-malaga\/"},"author":{"name":"Comunicaci\u00f3n MLG","@id":"https:\/\/malaga.salesianos.edu\/colegio\/#\/schema\/person\/fd7e7b338b40e1c817a659fe5fce718b"},"headline":"15&#215;15, la radio de Salesianos M\u00e1laga","datePublished":"2020-09-28T16:38:58+00:00","dateModified":"2021-02-22T13:26:37+00:00","mainEntityOfPage":{"@id":"https:\/\/malaga.salesianos.edu\/colegio\/blog\/15x15-la-radio-de-salesianos-malaga\/"},"wordCount":386,"commentCount":0,"publisher":{"@id":"https:\/\/malaga.salesianos.edu\/colegio\/#organization"},"image":{"@id":"https:\/\/malaga.salesianos.edu\/colegio\/blog\/15x15-la-radio-de-salesianos-malaga\/#primaryimage"},"thumbnailUrl":"https:\/\/malaga.salesianos.edu\/colegio\/wp-content\/uploads\/sites\/2\/2021\/02\/microphone-2469295_1280.jpg","articleSection":["Casa"],"inLanguage":"es","potentialAction":[{"@type":"CommentAction","name":"Comment","target":["https:\/\/malaga.salesianos.edu\/colegio\/blog\/15x15-la-radio-de-salesianos-malaga\/#respond"]}]},{"@type":"WebPage","@id":"https:\/\/malaga.salesianos.edu\/colegio\/blog\/15x15-la-radio-de-salesianos-malaga\/","url":"https:\/\/malaga.salesianos.edu\/colegio\/blog\/15x15-la-radio-de-salesianos-malaga\/","name":"15&#215;15, la radio de Salesianos M\u00e1laga - Colegio Concertado San Bartolom\u00e9 | Salesianos M\u00e1laga","isPartOf":{"@id":"https:\/\/malaga.salesianos.edu\/colegio\/#website"},"primaryImageOfPage":{"@id":"https:\/\/malaga.salesianos.edu\/colegio\/blog\/15x15-la-radio-de-salesianos-malaga\/#primaryimage"},"image":{"@id":"https:\/\/malaga.salesianos.edu\/colegio\/blog\/15x15-la-radio-de-salesianos-malaga\/#primaryimage"},"thumbnailUrl":"https:\/\/malaga.salesianos.edu\/colegio\/wp-content\/uploads\/sites\/2\/2021\/02\/microphone-2469295_1280.jpg","datePublished":"2020-09-28T16:38:58+00:00","dateModified":"2021-02-22T13:26:37+00:00","description":"15x15 es el proyecto de radio podcast de Salesianos M\u00e1laga. En este art\u00edculo, te presentamos el proyecto y te invitamos a participar en \u00e9l.","breadcrumb":{"@id":"https:\/\/malaga.salesianos.edu\/colegio\/blog\/15x15-la-radio-de-salesianos-malaga\/#breadcrumb"},"inLanguage":"es","potentialAction":[{"@type":"ReadAction","target":["https:\/\/malaga.salesianos.edu\/colegio\/blog\/15x15-la-radio-de-salesianos-malaga\/"]}]},{"@type":"ImageObject","inLanguage":"es","@id":"https:\/\/malaga.salesianos.edu\/colegio\/blog\/15x15-la-radio-de-salesianos-malaga\/#primaryimage","url":"https:\/\/malaga.salesianos.edu\/colegio\/wp-content\/uploads\/sites\/2\/2021\/02\/microphone-2469295_1280.jpg","contentUrl":"https:\/\/malaga.salesianos.edu\/colegio\/wp-content\/uploads\/sites\/2\/2021\/02\/microphone-2469295_1280.jpg","width":1280,"height":718,"caption":"Salesianos M\u00e1laga. Radio. 15x15"},{"@type":"BreadcrumbList","@id":"https:\/\/malaga.salesianos.edu\/colegio\/blog\/15x15-la-radio-de-salesianos-malaga\/#breadcrumb","itemListElement":[{"@type":"ListItem","position":1,"name":"Portada","item":"https:\/\/malaga.salesianos.edu\/colegio\/"},{"@type":"ListItem","position":2,"name":"15&#215;15, la radio de Salesianos M\u00e1laga"}]},{"@type":"WebSite","@id":"https:\/\/malaga.salesianos.edu\/colegio\/#website","url":"https:\/\/malaga.salesianos.edu\/colegio\/","name":"Colegio Concertado San Bartolom\u00e9 | Salesianos M\u00e1laga","description":"Centro concertado. Infantil, Primaria, ESO, Bachillerato, Formaci\u00f3n Profesional, Formaci\u00f3n Profesional B\u00e1sica (FPB) y Ciclos Formativos de Grado Medio y Superior.","publisher":{"@id":"https:\/\/malaga.salesianos.edu\/colegio\/#organization"},"potentialAction":[{"@type":"SearchAction","target":{"@type":"EntryPoint","urlTemplate":"https:\/\/malaga.salesianos.edu\/colegio\/?s={search_term_string}"},"query-input":{"@type":"PropertyValueSpecification","valueRequired":true,"valueName":"search_term_string"}}],"inLanguage":"es"},{"@type":"Organization","@id":"https:\/\/malaga.salesianos.edu\/colegio\/#organization","name":"Salesianos M\u00e1laga","url":"https:\/\/malaga.salesianos.edu\/colegio\/","logo":{"@type":"ImageObject","inLanguage":"es","@id":"https:\/\/malaga.salesianos.edu\/colegio\/#\/schema\/logo\/image\/","url":"https:\/\/malaga.salesianos.edu\/colegio\/wp-content\/uploads\/sites\/2\/2018\/04\/MALAGAobraVN2.jpg","contentUrl":"https:\/\/malaga.salesianos.edu\/colegio\/wp-content\/uploads\/sites\/2\/2018\/04\/MALAGAobraVN2.jpg","width":1937,"height":1490,"caption":"Salesianos M\u00e1laga"},"image":{"@id":"https:\/\/malaga.salesianos.edu\/colegio\/#\/schema\/logo\/image\/"}},{"@type":"Person","@id":"https:\/\/malaga.salesianos.edu\/colegio\/#\/schema\/person\/fd7e7b338b40e1c817a659fe5fce718b","name":"Comunicaci\u00f3n MLG","image":{"@type":"ImageObject","inLanguage":"es","@id":"https:\/\/secure.gravatar.com\/avatar\/2ce5c66be6c7ab6b098b2ac29099a68d1cdb824afbb8aadf744614ce719778ff?s=96&d=mm&r=g","url":"https:\/\/secure.gravatar.com\/avatar\/2ce5c66be6c7ab6b098b2ac29099a68d1cdb824afbb8aadf744614ce719778ff?s=96&d=mm&r=g","contentUrl":"https:\/\/secure.gravatar.com\/avatar\/2ce5c66be6c7ab6b098b2ac29099a68d1cdb824afbb8aadf744614ce719778ff?s=96&d=mm&r=g","caption":"Comunicaci\u00f3n MLG"}}]}},"_links":{"self":[{"href":"https:\/\/malaga.salesianos.edu\/colegio\/wp-json\/wp\/v2\/posts\/20717","targetHints":{"allow":["GET"]}}],"collection":[{"href":"https:\/\/malaga.salesianos.edu\/colegio\/wp-json\/wp\/v2\/posts"}],"about":[{"href":"https:\/\/malaga.salesianos.edu\/colegio\/wp-json\/wp\/v2\/types\/post"}],"author":[{"embeddable":true,"href":"https:\/\/malaga.salesianos.edu\/colegio\/wp-json\/wp\/v2\/users\/2"}],"replies":[{"embeddable":true,"href":"https:\/\/malaga.salesianos.edu\/colegio\/wp-json\/wp\/v2\/comments?post=20717"}],"version-history":[{"count":10,"href":"https:\/\/malaga.salesianos.edu\/colegio\/wp-json\/wp\/v2\/posts\/20717\/revisions"}],"predecessor-version":[{"id":21881,"href":"https:\/\/malaga.salesianos.edu\/colegio\/wp-json\/wp\/v2\/posts\/20717\/revisions\/21881"}],"wp:featuredmedia":[{"embeddable":true,"href":"https:\/\/malaga.salesianos.edu\/colegio\/wp-json\/wp\/v2\/media\/21883"}],"wp:attachment":[{"href":"https:\/\/malaga.salesianos.edu\/colegio\/wp-json\/wp\/v2\/media?parent=20717"}],"wp:term":[{"taxonomy":"category","embeddable":true,"href":"https:\/\/malaga.salesianos.edu\/colegio\/wp-json\/wp\/v2\/categories?post=20717"},{"taxonomy":"post_tag","embeddable":true,"href":"https:\/\/malaga.salesianos.edu\/colegio\/wp-json\/wp\/v2\/tags?post=20717"}],"curies":[{"name":"wp","href":"https:\/\/api.w.org\/{rel}","templated":true}]}}